{"id":10670,"date":"2022-08-10T16:42:19","date_gmt":"2022-08-10T21:42:19","guid":{"rendered":"https:\/\/contrastes.com.co\/digital\/?p=10670"},"modified":"2022-08-10T16:42:19","modified_gmt":"2022-08-10T21:42:19","slug":"este-11-12-y-13-de-agosto-la-ruta-nacional-de-la-seguridad-vial-llegara-a-soledad","status":"publish","type":"post","link":"https:\/\/contrastes.com.co\/web\/2022\/08\/10\/este-11-12-y-13-de-agosto-la-ruta-nacional-de-la-seguridad-vial-llegara-a-soledad\/","title":{"rendered":"Este 11, 12 y 13 de agosto la &#8216;Ruta Nacional de la Seguridad Vial&#8217; llegar\u00e1 a Soledad"},"content":{"rendered":"<p><strong>*Este 11, 12 y 13 de agosto la &#8216;Ruta Nacional de la Seguridad Vial&#8217; llegar\u00e1 a Soledad<\/strong><\/p>\n<blockquote><p><strong>El Instituto de Tr\u00e1nsito de Soledad acompa\u00f1ar\u00e1 las jornadas que se desarrollar\u00e1n los d\u00edas 11, 12 y 13 del presente mes en el sector de El Manantial, contiguo al Centro Comercial Nuestro Atl\u00e1ntico desde las 8:00 de la ma\u00f1ana.<\/strong><\/p><\/blockquote>\n<p><img decoding=\"async\" class=\"alignleft  wp-image-8518\" src=\"https:\/\/contrastes.com.co\/digital\/wp-content\/uploads\/2022\/03\/c-capitular.png\" alt=\"c capitular\" width=\"72\" height=\"72\" \/>on el objetivo de salvaguardar la vida de los diferentes actores viales, en especial, a los conductores de motocicletas, el <strong>Ministerio de Transporte, a trav\u00e9s de la Agencia Nacional de Seguridad Vial,<\/strong> llega al <strong>municipio de Soledad<\/strong> con esta estrategia pedag\u00f3gica en la que se tratar\u00e1n temas como revisi\u00f3n preoperacional de una motocicleta, la importancia de usar elementos de protecci\u00f3n personal con \u00e9nfasis en el casco y su uso correctamente, el uso de elementos reflectivos y de luces para hacerse visible, el conocimiento de los puntos ciegos, vulnerabilidad, el autocuidado y la protecci\u00f3n de actores viales vulnerables, incluyendo el alcohol como factor de riesgo.<\/p>\n<p>\u201cNos satisface que se lleven a cabo este tipo de actividades pedag\u00f3gicas en nuestro municipio a fin de crear conciencia sobre la corresponsabilidad vial que tenemos. Ser\u00e1n d\u00edas muy provechosos en la que los participantes podr\u00e1n recibir las charlas y tener interacci\u00f3n con los veh\u00edculos y simuladores con la que cuenta esta estrategia de la Agencia Nacional de Seguridad Vial\u201d, explic\u00f3 <strong>Jes\u00fas Montenegro, director del Instituto de Tr\u00e1nsito de Soledad.<\/strong><\/p>\n<p>El Instituto de Tr\u00e1nsito de Soledad acompa\u00f1ar\u00e1 las jornadas que se desarrollar\u00e1n los d\u00edas 11, 12 y 13 del presente mes en el sector de El Manantial, contiguo al Centro Comercial Nuestro Atl\u00e1ntico desde las 8:00 de la ma\u00f1ana.<\/p>\n<p>\u201cInvitamos a los solede\u00f1os y usuarios de nuestras v\u00edas a que participen masivamente de estas capacitaciones pedag\u00f3gicas en aras de disminuir los \u00edndices de siniestralidad en la poblaci\u00f3n\u201d, concluy\u00f3 el funcionario.<\/p>\n","protected":false},"excerpt":{"rendered":"<p>Con el objetivo de salvaguardar la vida de los diferentes actores viales, en especial, a los conductores de motocicletas, el Ministerio de Transporte, a trav\u00e9s de la Agencia Nacional de Seguridad Vial, llega al municipio de Soledad con esta estrategia pedag\u00f3gica en la que se tratar\u00e1n temas como revisi\u00f3n preoperacional de una motocicleta, la importancia de usar elementos de protecci\u00f3n personal con \u00e9nfasis en el casco y su uso correctamente, el uso de elementos reflectivos y de luces para hacerse visible, el conocimiento de los puntos ciegos, vulnerabilidad, el autocuidado y la protecci\u00f3n de actores viales vulnerables, incluyendo el alcohol como factor de riesgo<\/p>\n","protected":false},"author":1,"featured_media":10671,"comment_status":"open","ping_status":"open","sticky":false,"template":"","format":"standard","meta":{"footnotes":""},"categories":[23,101,24,1395],"tags":[6476,6477,660,6478,51],"class_list":["post-10670","post","type-post","status-publish","format-standard","has-post-thumbnail","hentry","category-locales","category-pais","category-region","category-vias-y-movilidad","tag-ruta-nacional-de-la-seguridad-vial","tag-director-del-instituto-de-transito-de-soledad","tag-imttrasol","tag-jesus-montenegro","tag-municipio-de-soledad"],"yoast_head":"<!-- This site is optimized with the Yoast SEO plugin v27.7 - https:\/\/yoast.com\/product\/yoast-seo-wordpress\/ -->\n<title>Este 11, 12 y 13 de agosto la &#039;Ruta Nacional de la Seguridad Vial&#039; llegar\u00e1 a Soledad - Constrastes<\/title>\n<meta name=\"description\" content=\"Con el objetivo de salvaguardar la vida de los diferentes actores viales, en especial, a los conductores de motocicletas, el Ministerio de Transporte, a trav\u00e9s de la Agencia Nacional de Seguridad Vial, llega al municipio de Soledad con esta estrategia pedag\u00f3gica en la que se tratar\u00e1n temas como revisi\u00f3n preoperacional de una motocicleta, la importancia de usar elementos de protecci\u00f3n personal con \u00e9nfasis en el casco y su uso correctamente, el uso de elementos reflectivos y de luces para hacerse visible, el conocimiento de los puntos ciegos, vulnerabilidad, el autocuidado y la protecci\u00f3n de actores viales vulnerables, incluyendo el alcohol como factor de riesgo\" \/>\n<meta name=\"robots\" content=\"index, follow, max-snippet:-1, max-image-preview:large, max-video-preview:-1\" \/>\n<link rel=\"canonical\" href=\"https:\/\/contrastes.com.co\/web\/2022\/08\/10\/este-11-12-y-13-de-agosto-la-ruta-nacional-de-la-seguridad-vial-llegara-a-soledad\/\" \/>\n<meta property=\"og:locale\" content=\"es_ES\" \/>\n<meta property=\"og:type\" content=\"article\" \/>\n<meta property=\"og:title\" content=\"Este 11, 12 y 13 de agosto la &#039;Ruta Nacional de la Seguridad Vial&#039; llegar\u00e1 a Soledad - Constrastes\" \/>\n<meta property=\"og:description\" content=\"Con el objetivo de salvaguardar la vida de los diferentes actores viales, en especial, a los conductores de motocicletas, el Ministerio de Transporte, a trav\u00e9s de la Agencia Nacional de Seguridad Vial, llega al municipio de Soledad con esta estrategia pedag\u00f3gica en la que se tratar\u00e1n temas como revisi\u00f3n preoperacional de una motocicleta, la importancia de usar elementos de protecci\u00f3n personal con \u00e9nfasis en el casco y su uso correctamente, el uso de elementos reflectivos y de luces para hacerse visible, el conocimiento de los puntos ciegos, vulnerabilidad, el autocuidado y la protecci\u00f3n de actores viales vulnerables, incluyendo el alcohol como factor de riesgo\" \/>\n<meta property=\"og:url\" content=\"https:\/\/contrastes.com.co\/web\/2022\/08\/10\/este-11-12-y-13-de-agosto-la-ruta-nacional-de-la-seguridad-vial-llegara-a-soledad\/\" \/>\n<meta property=\"og:site_name\" content=\"Constrastes\" \/>\n<meta property=\"article:publisher\" content=\"https:\/\/www.facebook.com\/guillo.pantoja.1\" \/>\n<meta property=\"article:published_time\" content=\"2022-08-10T21:42:19+00:00\" \/>\n<meta name=\"author\" content=\"Editor\" \/>\n<meta name=\"twitter:card\" content=\"summary_large_image\" \/>\n<meta name=\"twitter:label1\" content=\"Escrito por\" \/>\n\t<meta name=\"twitter:data1\" content=\"Editor\" \/>\n\t<meta name=\"twitter:label2\" content=\"Tiempo de lectura\" \/>\n\t<meta name=\"twitter:data2\" content=\"2 minutos\" \/>\n<script type=\"application\/ld+json\" class=\"yoast-schema-graph\">{\"@context\":\"https:\\\/\\\/schema.org\",\"@graph\":[{\"@type\":\"Article\",\"@id\":\"https:\\\/\\\/contrastes.com.co\\\/web\\\/2022\\\/08\\\/10\\\/este-11-12-y-13-de-agosto-la-ruta-nacional-de-la-seguridad-vial-llegara-a-soledad\\\/#article\",\"isPartOf\":{\"@id\":\"https:\\\/\\\/contrastes.com.co\\\/web\\\/2022\\\/08\\\/10\\\/este-11-12-y-13-de-agosto-la-ruta-nacional-de-la-seguridad-vial-llegara-a-soledad\\\/\"},\"author\":{\"name\":\"Editor\",\"@id\":\"https:\\\/\\\/contrastes.com.co\\\/web\\\/#\\\/schema\\\/person\\\/62ef7a62dc4da6de450c71fc2e95ed02\"},\"headline\":\"Este 11, 12 y 13 de agosto la &#8216;Ruta Nacional de la Seguridad Vial&#8217; llegar\u00e1 a Soledad\",\"datePublished\":\"2022-08-10T21:42:19+00:00\",\"mainEntityOfPage\":{\"@id\":\"https:\\\/\\\/contrastes.com.co\\\/web\\\/2022\\\/08\\\/10\\\/este-11-12-y-13-de-agosto-la-ruta-nacional-de-la-seguridad-vial-llegara-a-soledad\\\/\"},\"wordCount\":333,\"commentCount\":0,\"publisher\":{\"@id\":\"https:\\\/\\\/contrastes.com.co\\\/web\\\/#organization\"},\"image\":{\"@id\":\"https:\\\/\\\/contrastes.com.co\\\/web\\\/2022\\\/08\\\/10\\\/este-11-12-y-13-de-agosto-la-ruta-nacional-de-la-seguridad-vial-llegara-a-soledad\\\/#primaryimage\"},\"thumbnailUrl\":\"\",\"keywords\":[\"'Ruta Nacional de la Seguridad Vial'\",\"director del Instituto de Tr\u00e1nsito de Soledad.\",\"IMTTRASOL\",\"Jes\u00fas Montenegro\",\"municipio de soledad\"],\"articleSection\":[\"Locales\",\"Pa\u00eds\",\"Regi\u00f3n\",\"V\u00edas y Movilidad\"],\"inLanguage\":\"es\",\"potentialAction\":[{\"@type\":\"CommentAction\",\"name\":\"Comment\",\"target\":[\"https:\\\/\\\/contrastes.com.co\\\/web\\\/2022\\\/08\\\/10\\\/este-11-12-y-13-de-agosto-la-ruta-nacional-de-la-seguridad-vial-llegara-a-soledad\\\/#respond\"]}]},{\"@type\":\"WebPage\",\"@id\":\"https:\\\/\\\/contrastes.com.co\\\/web\\\/2022\\\/08\\\/10\\\/este-11-12-y-13-de-agosto-la-ruta-nacional-de-la-seguridad-vial-llegara-a-soledad\\\/\",\"url\":\"https:\\\/\\\/contrastes.com.co\\\/web\\\/2022\\\/08\\\/10\\\/este-11-12-y-13-de-agosto-la-ruta-nacional-de-la-seguridad-vial-llegara-a-soledad\\\/\",\"name\":\"Este 11, 12 y 13 de agosto la 'Ruta Nacional de la Seguridad Vial' llegar\u00e1 a Soledad - Constrastes\",\"isPartOf\":{\"@id\":\"https:\\\/\\\/contrastes.com.co\\\/web\\\/#website\"},\"primaryImageOfPage\":{\"@id\":\"https:\\\/\\\/contrastes.com.co\\\/web\\\/2022\\\/08\\\/10\\\/este-11-12-y-13-de-agosto-la-ruta-nacional-de-la-seguridad-vial-llegara-a-soledad\\\/#primaryimage\"},\"image\":{\"@id\":\"https:\\\/\\\/contrastes.com.co\\\/web\\\/2022\\\/08\\\/10\\\/este-11-12-y-13-de-agosto-la-ruta-nacional-de-la-seguridad-vial-llegara-a-soledad\\\/#primaryimage\"},\"thumbnailUrl\":\"\",\"datePublished\":\"2022-08-10T21:42:19+00:00\",\"description\":\"Con el objetivo de salvaguardar la vida de los diferentes actores viales, en especial, a los conductores de motocicletas, el Ministerio de Transporte, a trav\u00e9s de la Agencia Nacional de Seguridad Vial, llega al municipio de Soledad con esta estrategia pedag\u00f3gica en la que se tratar\u00e1n temas como revisi\u00f3n preoperacional de una motocicleta, la importancia de usar elementos de protecci\u00f3n personal con \u00e9nfasis en el casco y su uso correctamente, el uso de elementos reflectivos y de luces para hacerse visible, el conocimiento de los puntos ciegos, vulnerabilidad, el autocuidado y la protecci\u00f3n de actores viales vulnerables, incluyendo el alcohol como factor de riesgo\",\"breadcrumb\":{\"@id\":\"https:\\\/\\\/contrastes.com.co\\\/web\\\/2022\\\/08\\\/10\\\/este-11-12-y-13-de-agosto-la-ruta-nacional-de-la-seguridad-vial-llegara-a-soledad\\\/#breadcrumb\"},\"inLanguage\":\"es\",\"potentialAction\":[{\"@type\":\"ReadAction\",\"target\":[\"https:\\\/\\\/contrastes.com.co\\\/web\\\/2022\\\/08\\\/10\\\/este-11-12-y-13-de-agosto-la-ruta-nacional-de-la-seguridad-vial-llegara-a-soledad\\\/\"]}]},{\"@type\":\"ImageObject\",\"inLanguage\":\"es\",\"@id\":\"https:\\\/\\\/contrastes.com.co\\\/web\\\/2022\\\/08\\\/10\\\/este-11-12-y-13-de-agosto-la-ruta-nacional-de-la-seguridad-vial-llegara-a-soledad\\\/#primaryimage\",\"url\":\"\",\"contentUrl\":\"\"},{\"@type\":\"BreadcrumbList\",\"@id\":\"https:\\\/\\\/contrastes.com.co\\\/web\\\/2022\\\/08\\\/10\\\/este-11-12-y-13-de-agosto-la-ruta-nacional-de-la-seguridad-vial-llegara-a-soledad\\\/#breadcrumb\",\"itemListElement\":[{\"@type\":\"ListItem\",\"position\":1,\"name\":\"Portada\",\"item\":\"https:\\\/\\\/contrastes.com.co\\\/web\\\/\"},{\"@type\":\"ListItem\",\"position\":2,\"name\":\"Este 11, 12 y 13 de agosto la &#8216;Ruta Nacional de la Seguridad Vial&#8217; llegar\u00e1 a Soledad\"}]},{\"@type\":\"WebSite\",\"@id\":\"https:\\\/\\\/contrastes.com.co\\\/web\\\/#website\",\"url\":\"https:\\\/\\\/contrastes.com.co\\\/web\\\/\",\"name\":\"Contrastes\",\"description\":\"Periodismo de Conciencia\",\"publisher\":{\"@id\":\"https:\\\/\\\/contrastes.com.co\\\/web\\\/#organization\"},\"potentialAction\":[{\"@type\":\"SearchAction\",\"target\":{\"@type\":\"EntryPoint\",\"urlTemplate\":\"https:\\\/\\\/contrastes.com.co\\\/web\\\/?s={search_term_string}\"},\"query-input\":{\"@type\":\"PropertyValueSpecification\",\"valueRequired\":true,\"valueName\":\"search_term_string\"}}],\"inLanguage\":\"es\"},{\"@type\":\"Organization\",\"@id\":\"https:\\\/\\\/contrastes.com.co\\\/web\\\/#organization\",\"name\":\"Contrastes\",\"url\":\"https:\\\/\\\/contrastes.com.co\\\/web\\\/\",\"logo\":{\"@type\":\"ImageObject\",\"inLanguage\":\"es\",\"@id\":\"https:\\\/\\\/contrastes.com.co\\\/web\\\/#\\\/schema\\\/logo\\\/image\\\/\",\"url\":\"https:\\\/\\\/contrastes.com.co\\\/web\\\/wp-content\\\/uploads\\\/2025\\\/04\\\/15CONTRASTES3.png\",\"contentUrl\":\"https:\\\/\\\/contrastes.com.co\\\/web\\\/wp-content\\\/uploads\\\/2025\\\/04\\\/15CONTRASTES3.png\",\"width\":1536,\"height\":231,\"caption\":\"Contrastes\"},\"image\":{\"@id\":\"https:\\\/\\\/contrastes.com.co\\\/web\\\/#\\\/schema\\\/logo\\\/image\\\/\"},\"sameAs\":[\"https:\\\/\\\/www.facebook.com\\\/guillo.pantoja.1\"]},{\"@type\":\"Person\",\"@id\":\"https:\\\/\\\/contrastes.com.co\\\/web\\\/#\\\/schema\\\/person\\\/62ef7a62dc4da6de450c71fc2e95ed02\",\"name\":\"Editor\",\"image\":{\"@type\":\"ImageObject\",\"inLanguage\":\"es\",\"@id\":\"https:\\\/\\\/secure.gravatar.com\\\/avatar\\\/7bbb4f718d74bbf600dc556253bb04fd7ac8593751d6e2e3b85432d98aefae80?s=96&d=mm&r=g\",\"url\":\"https:\\\/\\\/secure.gravatar.com\\\/avatar\\\/7bbb4f718d74bbf600dc556253bb04fd7ac8593751d6e2e3b85432d98aefae80?s=96&d=mm&r=g\",\"contentUrl\":\"https:\\\/\\\/secure.gravatar.com\\\/avatar\\\/7bbb4f718d74bbf600dc556253bb04fd7ac8593751d6e2e3b85432d98aefae80?s=96&d=mm&r=g\",\"caption\":\"Editor\"},\"sameAs\":[\"https:\\\/\\\/contrastes.com.co\\\/web\"],\"url\":\"https:\\\/\\\/contrastes.com.co\\\/web\\\/author\\\/jdbobadilla\\\/\"}]}<\/script>\n<!-- \/ Yoast SEO plugin. -->","yoast_head_json":{"title":"Este 11, 12 y 13 de agosto la 'Ruta Nacional de la Seguridad Vial' llegar\u00e1 a Soledad - Constrastes","description":"Con el objetivo de salvaguardar la vida de los diferentes actores viales, en especial, a los conductores de motocicletas, el Ministerio de Transporte, a trav\u00e9s de la Agencia Nacional de Seguridad Vial, llega al municipio de Soledad con esta estrategia pedag\u00f3gica en la que se tratar\u00e1n temas como revisi\u00f3n preoperacional de una motocicleta, la importancia de usar elementos de protecci\u00f3n personal con \u00e9nfasis en el casco y su uso correctamente, el uso de elementos reflectivos y de luces para hacerse visible, el conocimiento de los puntos ciegos, vulnerabilidad, el autocuidado y la protecci\u00f3n de actores viales vulnerables, incluyendo el alcohol como factor de riesgo","robots":{"index":"index","follow":"follow","max-snippet":"max-snippet:-1","max-image-preview":"max-image-preview:large","max-video-preview":"max-video-preview:-1"},"canonical":"https:\/\/contrastes.com.co\/web\/2022\/08\/10\/este-11-12-y-13-de-agosto-la-ruta-nacional-de-la-seguridad-vial-llegara-a-soledad\/","og_locale":"es_ES","og_type":"article","og_title":"Este 11, 12 y 13 de agosto la 'Ruta Nacional de la Seguridad Vial' llegar\u00e1 a Soledad - Constrastes","og_description":"Con el objetivo de salvaguardar la vida de los diferentes actores viales, en especial, a los conductores de motocicletas, el Ministerio de Transporte, a trav\u00e9s de la Agencia Nacional de Seguridad Vial, llega al municipio de Soledad con esta estrategia pedag\u00f3gica en la que se tratar\u00e1n temas como revisi\u00f3n preoperacional de una motocicleta, la importancia de usar elementos de protecci\u00f3n personal con \u00e9nfasis en el casco y su uso correctamente, el uso de elementos reflectivos y de luces para hacerse visible, el conocimiento de los puntos ciegos, vulnerabilidad, el autocuidado y la protecci\u00f3n de actores viales vulnerables, incluyendo el alcohol como factor de riesgo","og_url":"https:\/\/contrastes.com.co\/web\/2022\/08\/10\/este-11-12-y-13-de-agosto-la-ruta-nacional-de-la-seguridad-vial-llegara-a-soledad\/","og_site_name":"Constrastes","article_publisher":"https:\/\/www.facebook.com\/guillo.pantoja.1","article_published_time":"2022-08-10T21:42:19+00:00","author":"Editor","twitter_card":"summary_large_image","twitter_misc":{"Escrito por":"Editor","Tiempo de lectura":"2 minutos"},"schema":{"@context":"https:\/\/schema.org","@graph":[{"@type":"Article","@id":"https:\/\/contrastes.com.co\/web\/2022\/08\/10\/este-11-12-y-13-de-agosto-la-ruta-nacional-de-la-seguridad-vial-llegara-a-soledad\/#article","isPartOf":{"@id":"https:\/\/contrastes.com.co\/web\/2022\/08\/10\/este-11-12-y-13-de-agosto-la-ruta-nacional-de-la-seguridad-vial-llegara-a-soledad\/"},"author":{"name":"Editor","@id":"https:\/\/contrastes.com.co\/web\/#\/schema\/person\/62ef7a62dc4da6de450c71fc2e95ed02"},"headline":"Este 11, 12 y 13 de agosto la &#8216;Ruta Nacional de la Seguridad Vial&#8217; llegar\u00e1 a Soledad","datePublished":"2022-08-10T21:42:19+00:00","mainEntityOfPage":{"@id":"https:\/\/contrastes.com.co\/web\/2022\/08\/10\/este-11-12-y-13-de-agosto-la-ruta-nacional-de-la-seguridad-vial-llegara-a-soledad\/"},"wordCount":333,"commentCount":0,"publisher":{"@id":"https:\/\/contrastes.com.co\/web\/#organization"},"image":{"@id":"https:\/\/contrastes.com.co\/web\/2022\/08\/10\/este-11-12-y-13-de-agosto-la-ruta-nacional-de-la-seguridad-vial-llegara-a-soledad\/#primaryimage"},"thumbnailUrl":"","keywords":["'Ruta Nacional de la Seguridad Vial'","director del Instituto de Tr\u00e1nsito de Soledad.","IMTTRASOL","Jes\u00fas Montenegro","municipio de soledad"],"articleSection":["Locales","Pa\u00eds","Regi\u00f3n","V\u00edas y Movilidad"],"inLanguage":"es","potentialAction":[{"@type":"CommentAction","name":"Comment","target":["https:\/\/contrastes.com.co\/web\/2022\/08\/10\/este-11-12-y-13-de-agosto-la-ruta-nacional-de-la-seguridad-vial-llegara-a-soledad\/#respond"]}]},{"@type":"WebPage","@id":"https:\/\/contrastes.com.co\/web\/2022\/08\/10\/este-11-12-y-13-de-agosto-la-ruta-nacional-de-la-seguridad-vial-llegara-a-soledad\/","url":"https:\/\/contrastes.com.co\/web\/2022\/08\/10\/este-11-12-y-13-de-agosto-la-ruta-nacional-de-la-seguridad-vial-llegara-a-soledad\/","name":"Este 11, 12 y 13 de agosto la 'Ruta Nacional de la Seguridad Vial' llegar\u00e1 a Soledad - Constrastes","isPartOf":{"@id":"https:\/\/contrastes.com.co\/web\/#website"},"primaryImageOfPage":{"@id":"https:\/\/contrastes.com.co\/web\/2022\/08\/10\/este-11-12-y-13-de-agosto-la-ruta-nacional-de-la-seguridad-vial-llegara-a-soledad\/#primaryimage"},"image":{"@id":"https:\/\/contrastes.com.co\/web\/2022\/08\/10\/este-11-12-y-13-de-agosto-la-ruta-nacional-de-la-seguridad-vial-llegara-a-soledad\/#primaryimage"},"thumbnailUrl":"","datePublished":"2022-08-10T21:42:19+00:00","description":"Con el objetivo de salvaguardar la vida de los diferentes actores viales, en especial, a los conductores de motocicletas, el Ministerio de Transporte, a trav\u00e9s de la Agencia Nacional de Seguridad Vial, llega al municipio de Soledad con esta estrategia pedag\u00f3gica en la que se tratar\u00e1n temas como revisi\u00f3n preoperacional de una motocicleta, la importancia de usar elementos de protecci\u00f3n personal con \u00e9nfasis en el casco y su uso correctamente, el uso de elementos reflectivos y de luces para hacerse visible, el conocimiento de los puntos ciegos, vulnerabilidad, el autocuidado y la protecci\u00f3n de actores viales vulnerables, incluyendo el alcohol como factor de riesgo","breadcrumb":{"@id":"https:\/\/contrastes.com.co\/web\/2022\/08\/10\/este-11-12-y-13-de-agosto-la-ruta-nacional-de-la-seguridad-vial-llegara-a-soledad\/#breadcrumb"},"inLanguage":"es","potentialAction":[{"@type":"ReadAction","target":["https:\/\/contrastes.com.co\/web\/2022\/08\/10\/este-11-12-y-13-de-agosto-la-ruta-nacional-de-la-seguridad-vial-llegara-a-soledad\/"]}]},{"@type":"ImageObject","inLanguage":"es","@id":"https:\/\/contrastes.com.co\/web\/2022\/08\/10\/este-11-12-y-13-de-agosto-la-ruta-nacional-de-la-seguridad-vial-llegara-a-soledad\/#primaryimage","url":"","contentUrl":""},{"@type":"BreadcrumbList","@id":"https:\/\/contrastes.com.co\/web\/2022\/08\/10\/este-11-12-y-13-de-agosto-la-ruta-nacional-de-la-seguridad-vial-llegara-a-soledad\/#breadcrumb","itemListElement":[{"@type":"ListItem","position":1,"name":"Portada","item":"https:\/\/contrastes.com.co\/web\/"},{"@type":"ListItem","position":2,"name":"Este 11, 12 y 13 de agosto la &#8216;Ruta Nacional de la Seguridad Vial&#8217; llegar\u00e1 a Soledad"}]},{"@type":"WebSite","@id":"https:\/\/contrastes.com.co\/web\/#website","url":"https:\/\/contrastes.com.co\/web\/","name":"Contrastes","description":"Periodismo de Conciencia","publisher":{"@id":"https:\/\/contrastes.com.co\/web\/#organization"},"potentialAction":[{"@type":"SearchAction","target":{"@type":"EntryPoint","urlTemplate":"https:\/\/contrastes.com.co\/web\/?s={search_term_string}"},"query-input":{"@type":"PropertyValueSpecification","valueRequired":true,"valueName":"search_term_string"}}],"inLanguage":"es"},{"@type":"Organization","@id":"https:\/\/contrastes.com.co\/web\/#organization","name":"Contrastes","url":"https:\/\/contrastes.com.co\/web\/","logo":{"@type":"ImageObject","inLanguage":"es","@id":"https:\/\/contrastes.com.co\/web\/#\/schema\/logo\/image\/","url":"https:\/\/contrastes.com.co\/web\/wp-content\/uploads\/2025\/04\/15CONTRASTES3.png","contentUrl":"https:\/\/contrastes.com.co\/web\/wp-content\/uploads\/2025\/04\/15CONTRASTES3.png","width":1536,"height":231,"caption":"Contrastes"},"image":{"@id":"https:\/\/contrastes.com.co\/web\/#\/schema\/logo\/image\/"},"sameAs":["https:\/\/www.facebook.com\/guillo.pantoja.1"]},{"@type":"Person","@id":"https:\/\/contrastes.com.co\/web\/#\/schema\/person\/62ef7a62dc4da6de450c71fc2e95ed02","name":"Editor","image":{"@type":"ImageObject","inLanguage":"es","@id":"https:\/\/secure.gravatar.com\/avatar\/7bbb4f718d74bbf600dc556253bb04fd7ac8593751d6e2e3b85432d98aefae80?s=96&d=mm&r=g","url":"https:\/\/secure.gravatar.com\/avatar\/7bbb4f718d74bbf600dc556253bb04fd7ac8593751d6e2e3b85432d98aefae80?s=96&d=mm&r=g","contentUrl":"https:\/\/secure.gravatar.com\/avatar\/7bbb4f718d74bbf600dc556253bb04fd7ac8593751d6e2e3b85432d98aefae80?s=96&d=mm&r=g","caption":"Editor"},"sameAs":["https:\/\/contrastes.com.co\/web"],"url":"https:\/\/contrastes.com.co\/web\/author\/jdbobadilla\/"}]}},"blog_post_layout_featured_media_urls":{"thumbnail":"","full":""},"categories_names":{"23":{"name":"Locales","link":"https:\/\/contrastes.com.co\/web\/category\/locales\/"},"101":{"name":"Pa\u00eds","link":"https:\/\/contrastes.com.co\/web\/category\/pais\/"},"24":{"name":"Regi\u00f3n","link":"https:\/\/contrastes.com.co\/web\/category\/region\/"},"1395":{"name":"V\u00edas y Movilidad","link":"https:\/\/contrastes.com.co\/web\/category\/vias-y-movilidad\/"}},"tags_names":{"6476":{"name":"'Ruta Nacional de la Seguridad Vial'","link":"https:\/\/contrastes.com.co\/web\/tag\/ruta-nacional-de-la-seguridad-vial\/"},"6477":{"name":"director del Instituto de Tr\u00e1nsito de Soledad.","link":"https:\/\/contrastes.com.co\/web\/tag\/director-del-instituto-de-transito-de-soledad\/"},"660":{"name":"IMTTRASOL","link":"https:\/\/contrastes.com.co\/web\/tag\/imttrasol\/"},"6478":{"name":"Jes\u00fas Montenegro","link":"https:\/\/contrastes.com.co\/web\/tag\/jesus-montenegro\/"},"51":{"name":"municipio de soledad","link":"https:\/\/contrastes.com.co\/web\/tag\/municipio-de-soledad\/"}},"comments_number":"0","wpmagazine_modules_lite_featured_media_urls":{"thumbnail":"","cvmm-medium":"","cvmm-medium-plus":"","cvmm-portrait":"","cvmm-medium-square":"","cvmm-large":"","cvmm-small":"","full":""},"_links":{"self":[{"href":"https:\/\/contrastes.com.co\/web\/wp-json\/wp\/v2\/posts\/10670","targetHints":{"allow":["GET"]}}],"collection":[{"href":"https:\/\/contrastes.com.co\/web\/wp-json\/wp\/v2\/posts"}],"about":[{"href":"https:\/\/contrastes.com.co\/web\/wp-json\/wp\/v2\/types\/post"}],"author":[{"embeddable":true,"href":"https:\/\/contrastes.com.co\/web\/wp-json\/wp\/v2\/users\/1"}],"replies":[{"embeddable":true,"href":"https:\/\/contrastes.com.co\/web\/wp-json\/wp\/v2\/comments?post=10670"}],"version-history":[{"count":0,"href":"https:\/\/contrastes.com.co\/web\/wp-json\/wp\/v2\/posts\/10670\/revisions"}],"wp:attachment":[{"href":"https:\/\/contrastes.com.co\/web\/wp-json\/wp\/v2\/media?parent=10670"}],"wp:term":[{"taxonomy":"category","embeddable":true,"href":"https:\/\/contrastes.com.co\/web\/wp-json\/wp\/v2\/categories?post=10670"},{"taxonomy":"post_tag","embeddable":true,"href":"https:\/\/contrastes.com.co\/web\/wp-json\/wp\/v2\/tags?post=10670"}],"curies":[{"name":"wp","href":"https:\/\/api.w.org\/{rel}","templated":true}]}}