{"id":11091,"date":"2022-08-31T16:48:15","date_gmt":"2022-08-31T21:48:15","guid":{"rendered":"https:\/\/contrastes.com.co\/digital\/?p=11091"},"modified":"2022-08-31T16:48:15","modified_gmt":"2022-08-31T21:48:15","slug":"no-nos-vamos-a-dejar-amedrentar-por-la-criminalidad-alcalde-pumarejo","status":"publish","type":"post","link":"https:\/\/contrastes.com.co\/web\/2022\/08\/31\/no-nos-vamos-a-dejar-amedrentar-por-la-criminalidad-alcalde-pumarejo\/","title":{"rendered":"\u201cNo nos vamos a dejar amedrentar por la criminalidad\u201d: alcalde Pumarejo"},"content":{"rendered":"<blockquote><p><strong>*\u201cNo nos vamos a dejar amedrentar por la criminalidad\u201d: alcalde Pumarejo<\/strong><\/p>\n<p><strong>\u201cSeguiremos trabajando de la mano de la Polic\u00eda, de la Fiscal\u00eda, del Consejo Superior de la Judicatura, para asegurarnos de que los entes nacionales que convergen en la seguridad ciudadana puedan llegar a Barranquilla para derrotar la inseguridad y para devolverle la tranquilidad a los barranquilleros. En esta tarea diaria no desfallecemos\u201d<\/strong><\/p><\/blockquote>\n<p><img decoding=\"async\" class=\"alignleft  wp-image-8524\" src=\"https:\/\/contrastes.com.co\/digital\/wp-content\/uploads\/2022\/03\/l-capitular.png\" alt=\"l capitular\" width=\"60\" height=\"60\" \/>a lucha contra la criminalidad no se detendr\u00e1 en Barranquilla, para lo cual se continuar\u00e1 con el sistema de entrega de recompensas, el trabajo en equipo con el Gobierno nacional y operaciones diarias desde la prevenci\u00f3n e inteligencia local.<\/p>\n<p>Con ese mensaje el alcalde Jaime Pumarejo se refiri\u00f3 a los recientes hechos de criminalidad ocurridos en la ciudad.<\/p>\n<p>\u201cNo nos va a temblar la mano, no nos vamos a dejar amedrentar. Seguiremos llamando a los bandidos por su nombre, seguiremos ofreciendo recompensas, porque es la informaci\u00f3n otorgada por fuentes humanas la que nos ha permitido hacer m\u00e1s de 30 allanamientos y capturas durante los \u00faltimos meses. Barranquilla no est\u00e1 sola. Le estamos pidiendo el acompa\u00f1amiento al Gobierno nacional y este ha manifestado que nos lo otorgar\u00e1\u201d, expres\u00f3 el mandatario.<\/p>\n<p>La semana pasada, durante la<strong> sesi\u00f3n descentralizada de la Comisi\u00f3n Segunda de la C\u00e1mara de Representantes, llevada a cabo en Barranquilla,<\/strong> el alcalde le pidi\u00f3 al ministro de Justicia y a los parlamentarios un mayor n\u00famero de jueces penales, que son clave en la labor de judicializar a los criminales.<\/p>\n<p>\u201cHablamos y trabajamos con el general del INPEC para que se asegurara de que los cabecillas que ya hemos capturado y han recibido m\u00e1s de 60 a\u00f1os de c\u00e1rcel sigan en celdas de aislamiento para que no puedan seguir delinquiendo. Y lo mismo le vamos a pedir con Digno Palomino a las autoridades, que lo separen y que lo a\u00edslen para que no pueda seguir delinquiendo\u201d, anot\u00f3 el mandatario sobre la deportaci\u00f3n de uno de los cabecillas de las bandas, recientemente trasladado a una celda en Colombia.<\/p>\n<p>En los \u00faltimos d\u00edas la lucha contra la criminalidad ha dado golpes contundentes, como la captura de m\u00e1s de 10 personas que hacen parte de la estructura de Los Rastrojos-Coste\u00f1os, que se dedicaban a la parte financiera de esta banda criminal.<\/p>\n<p>\u201cSeguiremos trabajando de la mano de la Polic\u00eda, de la Fiscal\u00eda, del Consejo Superior de la Judicatura, para asegurarnos de que los entes nacionales que convergen en la seguridad ciudadana puedan llegar a Barranquilla para derrotar la inseguridad y para devolverle la tranquilidad a los barranquilleros. En esta tarea diaria no desfallecemos\u201d, expres\u00f3.<\/p>\n<p>Meses atr\u00e1s, la Polic\u00eda, el Ej\u00e9rcito y la rama judicial, bajo el liderazgo del alcalde Pumarejo, se articularon para hacer frente a la amenaza extorsiva de estas bandas criminales contra las empresas de transporte p\u00fablico, lo cual deriv\u00f3 en el desmantelamiento de las c\u00e9lulas que perpetraron los atentados.<\/p>\n","protected":false},"excerpt":{"rendered":"<p>La lucha contra la criminalidad no se detendr\u00e1 en Barranquilla, para lo cual se continuar\u00e1 con el sistema de entrega de recompensas, el trabajo en equipo con el Gobierno nacional y operaciones diarias desde la prevenci\u00f3n e inteligencia local.<\/p>\n","protected":false},"author":1,"featured_media":11092,"comment_status":"open","ping_status":"open","sticky":false,"template":"","format":"standard","meta":{"footnotes":""},"categories":[6799,1490,172,24,53],"tags":[12,311,267,1152,6811,6812,6813,6814],"class_list":["post-11091","post","type-post","status-publish","format-standard","has-post-thumbnail","hentry","category-bandas-criminales","category-inseguridad","category-judicial","category-region","category-seguridad-ciudadana","tag-alcaldia-de-barranquilla","tag-barranquilla","tag-distrito-de-barranquilla","tag-jaime-pumarejo","tag-lucha-contra-criminalidad","tag-operaciones-diarias-de-prevencion-e-inteligencia","tag-sistema-de-entrega-de-recompensas","tag-trabajo-en-equipo-con-el-gobierno-nacional"],"yoast_head":"<!-- This site is optimized with the Yoast SEO plugin v27.7 - https:\/\/yoast.com\/product\/yoast-seo-wordpress\/ -->\n<title>\u201cNo nos vamos a dejar amedrentar por la criminalidad\u201d: alcalde Pumarejo - Constrastes<\/title>\n<meta name=\"description\" content=\"La lucha contra la criminalidad no se detendr\u00e1 en Barranquilla, para lo cual se continuar\u00e1 con el sistema de entrega de recompensas, el trabajo en equipo con el Gobierno nacional y operaciones diarias desde la prevenci\u00f3n e inteligencia local.\" \/>\n<meta name=\"robots\" content=\"index, follow, max-snippet:-1, max-image-preview:large, max-video-preview:-1\" \/>\n<link rel=\"canonical\" href=\"https:\/\/contrastes.com.co\/web\/2022\/08\/31\/no-nos-vamos-a-dejar-amedrentar-por-la-criminalidad-alcalde-pumarejo\/\" \/>\n<meta property=\"og:locale\" content=\"es_ES\" \/>\n<meta property=\"og:type\" content=\"article\" \/>\n<meta property=\"og:title\" content=\"\u201cNo nos vamos a dejar amedrentar por la criminalidad\u201d: alcalde Pumarejo - Constrastes\" \/>\n<meta property=\"og:description\" content=\"La lucha contra la criminalidad no se detendr\u00e1 en Barranquilla, para lo cual se continuar\u00e1 con el sistema de entrega de recompensas, el trabajo en equipo con el Gobierno nacional y operaciones diarias desde la prevenci\u00f3n e inteligencia local.\" \/>\n<meta property=\"og:url\" content=\"https:\/\/contrastes.com.co\/web\/2022\/08\/31\/no-nos-vamos-a-dejar-amedrentar-por-la-criminalidad-alcalde-pumarejo\/\" \/>\n<meta property=\"og:site_name\" content=\"Constrastes\" \/>\n<meta property=\"article:publisher\" content=\"https:\/\/www.facebook.com\/guillo.pantoja.1\" \/>\n<meta property=\"article:published_time\" content=\"2022-08-31T21:48:15+00:00\" \/>\n<meta name=\"author\" content=\"Editor\" \/>\n<meta name=\"twitter:card\" content=\"summary_large_image\" \/>\n<meta name=\"twitter:label1\" content=\"Escrito por\" \/>\n\t<meta name=\"twitter:data1\" content=\"Editor\" \/>\n\t<meta name=\"twitter:label2\" content=\"Tiempo de lectura\" \/>\n\t<meta name=\"twitter:data2\" content=\"2 minutos\" \/>\n<script type=\"application\/ld+json\" class=\"yoast-schema-graph\">{\"@context\":\"https:\\\/\\\/schema.org\",\"@graph\":[{\"@type\":\"Article\",\"@id\":\"https:\\\/\\\/contrastes.com.co\\\/web\\\/2022\\\/08\\\/31\\\/no-nos-vamos-a-dejar-amedrentar-por-la-criminalidad-alcalde-pumarejo\\\/#article\",\"isPartOf\":{\"@id\":\"https:\\\/\\\/contrastes.com.co\\\/web\\\/2022\\\/08\\\/31\\\/no-nos-vamos-a-dejar-amedrentar-por-la-criminalidad-alcalde-pumarejo\\\/\"},\"author\":{\"name\":\"Editor\",\"@id\":\"https:\\\/\\\/contrastes.com.co\\\/web\\\/#\\\/schema\\\/person\\\/62ef7a62dc4da6de450c71fc2e95ed02\"},\"headline\":\"\u201cNo nos vamos a dejar amedrentar por la criminalidad\u201d: alcalde Pumarejo\",\"datePublished\":\"2022-08-31T21:48:15+00:00\",\"mainEntityOfPage\":{\"@id\":\"https:\\\/\\\/contrastes.com.co\\\/web\\\/2022\\\/08\\\/31\\\/no-nos-vamos-a-dejar-amedrentar-por-la-criminalidad-alcalde-pumarejo\\\/\"},\"wordCount\":504,\"commentCount\":0,\"publisher\":{\"@id\":\"https:\\\/\\\/contrastes.com.co\\\/web\\\/#organization\"},\"image\":{\"@id\":\"https:\\\/\\\/contrastes.com.co\\\/web\\\/2022\\\/08\\\/31\\\/no-nos-vamos-a-dejar-amedrentar-por-la-criminalidad-alcalde-pumarejo\\\/#primaryimage\"},\"thumbnailUrl\":\"\",\"keywords\":[\"alcald\u00eda de Barranquilla\",\"Barranquilla\",\"distrito de barranquilla\",\"Jaime pumarejo\",\"lucha contra criminalidad\",\"operaciones diarias de prevenci\u00f3n e inteligencia\",\"sistema de entrega de recompensas\",\"trabajo en equipo con el Gobierno nacional\"],\"articleSection\":[\"Bandas Criminales\",\"Inseguridad\",\"Judicial\",\"Regi\u00f3n\",\"Seguridad Ciudadana\"],\"inLanguage\":\"es\",\"potentialAction\":[{\"@type\":\"CommentAction\",\"name\":\"Comment\",\"target\":[\"https:\\\/\\\/contrastes.com.co\\\/web\\\/2022\\\/08\\\/31\\\/no-nos-vamos-a-dejar-amedrentar-por-la-criminalidad-alcalde-pumarejo\\\/#respond\"]}]},{\"@type\":\"WebPage\",\"@id\":\"https:\\\/\\\/contrastes.com.co\\\/web\\\/2022\\\/08\\\/31\\\/no-nos-vamos-a-dejar-amedrentar-por-la-criminalidad-alcalde-pumarejo\\\/\",\"url\":\"https:\\\/\\\/contrastes.com.co\\\/web\\\/2022\\\/08\\\/31\\\/no-nos-vamos-a-dejar-amedrentar-por-la-criminalidad-alcalde-pumarejo\\\/\",\"name\":\"\u201cNo nos vamos a dejar amedrentar por la criminalidad\u201d: alcalde Pumarejo - Constrastes\",\"isPartOf\":{\"@id\":\"https:\\\/\\\/contrastes.com.co\\\/web\\\/#website\"},\"primaryImageOfPage\":{\"@id\":\"https:\\\/\\\/contrastes.com.co\\\/web\\\/2022\\\/08\\\/31\\\/no-nos-vamos-a-dejar-amedrentar-por-la-criminalidad-alcalde-pumarejo\\\/#primaryimage\"},\"image\":{\"@id\":\"https:\\\/\\\/contrastes.com.co\\\/web\\\/2022\\\/08\\\/31\\\/no-nos-vamos-a-dejar-amedrentar-por-la-criminalidad-alcalde-pumarejo\\\/#primaryimage\"},\"thumbnailUrl\":\"\",\"datePublished\":\"2022-08-31T21:48:15+00:00\",\"description\":\"La lucha contra la criminalidad no se detendr\u00e1 en Barranquilla, para lo cual se continuar\u00e1 con el sistema de entrega de recompensas, el trabajo en equipo con el Gobierno nacional y operaciones diarias desde la prevenci\u00f3n e inteligencia local.\",\"breadcrumb\":{\"@id\":\"https:\\\/\\\/contrastes.com.co\\\/web\\\/2022\\\/08\\\/31\\\/no-nos-vamos-a-dejar-amedrentar-por-la-criminalidad-alcalde-pumarejo\\\/#breadcrumb\"},\"inLanguage\":\"es\",\"potentialAction\":[{\"@type\":\"ReadAction\",\"target\":[\"https:\\\/\\\/contrastes.com.co\\\/web\\\/2022\\\/08\\\/31\\\/no-nos-vamos-a-dejar-amedrentar-por-la-criminalidad-alcalde-pumarejo\\\/\"]}]},{\"@type\":\"ImageObject\",\"inLanguage\":\"es\",\"@id\":\"https:\\\/\\\/contrastes.com.co\\\/web\\\/2022\\\/08\\\/31\\\/no-nos-vamos-a-dejar-amedrentar-por-la-criminalidad-alcalde-pumarejo\\\/#primaryimage\",\"url\":\"\",\"contentUrl\":\"\"},{\"@type\":\"BreadcrumbList\",\"@id\":\"https:\\\/\\\/contrastes.com.co\\\/web\\\/2022\\\/08\\\/31\\\/no-nos-vamos-a-dejar-amedrentar-por-la-criminalidad-alcalde-pumarejo\\\/#breadcrumb\",\"itemListElement\":[{\"@type\":\"ListItem\",\"position\":1,\"name\":\"Portada\",\"item\":\"https:\\\/\\\/contrastes.com.co\\\/web\\\/\"},{\"@type\":\"ListItem\",\"position\":2,\"name\":\"\u201cNo nos vamos a dejar amedrentar por la criminalidad\u201d: alcalde Pumarejo\"}]},{\"@type\":\"WebSite\",\"@id\":\"https:\\\/\\\/contrastes.com.co\\\/web\\\/#website\",\"url\":\"https:\\\/\\\/contrastes.com.co\\\/web\\\/\",\"name\":\"Contrastes\",\"description\":\"Periodismo de Conciencia\",\"publisher\":{\"@id\":\"https:\\\/\\\/contrastes.com.co\\\/web\\\/#organization\"},\"potentialAction\":[{\"@type\":\"SearchAction\",\"target\":{\"@type\":\"EntryPoint\",\"urlTemplate\":\"https:\\\/\\\/contrastes.com.co\\\/web\\\/?s={search_term_string}\"},\"query-input\":{\"@type\":\"PropertyValueSpecification\",\"valueRequired\":true,\"valueName\":\"search_term_string\"}}],\"inLanguage\":\"es\"},{\"@type\":\"Organization\",\"@id\":\"https:\\\/\\\/contrastes.com.co\\\/web\\\/#organization\",\"name\":\"Contrastes\",\"url\":\"https:\\\/\\\/contrastes.com.co\\\/web\\\/\",\"logo\":{\"@type\":\"ImageObject\",\"inLanguage\":\"es\",\"@id\":\"https:\\\/\\\/contrastes.com.co\\\/web\\\/#\\\/schema\\\/logo\\\/image\\\/\",\"url\":\"https:\\\/\\\/contrastes.com.co\\\/web\\\/wp-content\\\/uploads\\\/2025\\\/04\\\/15CONTRASTES3.png\",\"contentUrl\":\"https:\\\/\\\/contrastes.com.co\\\/web\\\/wp-content\\\/uploads\\\/2025\\\/04\\\/15CONTRASTES3.png\",\"width\":1536,\"height\":231,\"caption\":\"Contrastes\"},\"image\":{\"@id\":\"https:\\\/\\\/contrastes.com.co\\\/web\\\/#\\\/schema\\\/logo\\\/image\\\/\"},\"sameAs\":[\"https:\\\/\\\/www.facebook.com\\\/guillo.pantoja.1\"]},{\"@type\":\"Person\",\"@id\":\"https:\\\/\\\/contrastes.com.co\\\/web\\\/#\\\/schema\\\/person\\\/62ef7a62dc4da6de450c71fc2e95ed02\",\"name\":\"Editor\",\"image\":{\"@type\":\"ImageObject\",\"inLanguage\":\"es\",\"@id\":\"https:\\\/\\\/secure.gravatar.com\\\/avatar\\\/7bbb4f718d74bbf600dc556253bb04fd7ac8593751d6e2e3b85432d98aefae80?s=96&d=mm&r=g\",\"url\":\"https:\\\/\\\/secure.gravatar.com\\\/avatar\\\/7bbb4f718d74bbf600dc556253bb04fd7ac8593751d6e2e3b85432d98aefae80?s=96&d=mm&r=g\",\"contentUrl\":\"https:\\\/\\\/secure.gravatar.com\\\/avatar\\\/7bbb4f718d74bbf600dc556253bb04fd7ac8593751d6e2e3b85432d98aefae80?s=96&d=mm&r=g\",\"caption\":\"Editor\"},\"sameAs\":[\"https:\\\/\\\/contrastes.com.co\\\/web\"],\"url\":\"https:\\\/\\\/contrastes.com.co\\\/web\\\/author\\\/jdbobadilla\\\/\"}]}<\/script>\n<!-- \/ Yoast SEO plugin. -->","yoast_head_json":{"title":"\u201cNo nos vamos a dejar amedrentar por la criminalidad\u201d: alcalde Pumarejo - Constrastes","description":"La lucha contra la criminalidad no se detendr\u00e1 en Barranquilla, para lo cual se continuar\u00e1 con el sistema de entrega de recompensas, el trabajo en equipo con el Gobierno nacional y operaciones diarias desde la prevenci\u00f3n e inteligencia local.","robots":{"index":"index","follow":"follow","max-snippet":"max-snippet:-1","max-image-preview":"max-image-preview:large","max-video-preview":"max-video-preview:-1"},"canonical":"https:\/\/contrastes.com.co\/web\/2022\/08\/31\/no-nos-vamos-a-dejar-amedrentar-por-la-criminalidad-alcalde-pumarejo\/","og_locale":"es_ES","og_type":"article","og_title":"\u201cNo nos vamos a dejar amedrentar por la criminalidad\u201d: alcalde Pumarejo - Constrastes","og_description":"La lucha contra la criminalidad no se detendr\u00e1 en Barranquilla, para lo cual se continuar\u00e1 con el sistema de entrega de recompensas, el trabajo en equipo con el Gobierno nacional y operaciones diarias desde la prevenci\u00f3n e inteligencia local.","og_url":"https:\/\/contrastes.com.co\/web\/2022\/08\/31\/no-nos-vamos-a-dejar-amedrentar-por-la-criminalidad-alcalde-pumarejo\/","og_site_name":"Constrastes","article_publisher":"https:\/\/www.facebook.com\/guillo.pantoja.1","article_published_time":"2022-08-31T21:48:15+00:00","author":"Editor","twitter_card":"summary_large_image","twitter_misc":{"Escrito por":"Editor","Tiempo de lectura":"2 minutos"},"schema":{"@context":"https:\/\/schema.org","@graph":[{"@type":"Article","@id":"https:\/\/contrastes.com.co\/web\/2022\/08\/31\/no-nos-vamos-a-dejar-amedrentar-por-la-criminalidad-alcalde-pumarejo\/#article","isPartOf":{"@id":"https:\/\/contrastes.com.co\/web\/2022\/08\/31\/no-nos-vamos-a-dejar-amedrentar-por-la-criminalidad-alcalde-pumarejo\/"},"author":{"name":"Editor","@id":"https:\/\/contrastes.com.co\/web\/#\/schema\/person\/62ef7a62dc4da6de450c71fc2e95ed02"},"headline":"\u201cNo nos vamos a dejar amedrentar por la criminalidad\u201d: alcalde Pumarejo","datePublished":"2022-08-31T21:48:15+00:00","mainEntityOfPage":{"@id":"https:\/\/contrastes.com.co\/web\/2022\/08\/31\/no-nos-vamos-a-dejar-amedrentar-por-la-criminalidad-alcalde-pumarejo\/"},"wordCount":504,"commentCount":0,"publisher":{"@id":"https:\/\/contrastes.com.co\/web\/#organization"},"image":{"@id":"https:\/\/contrastes.com.co\/web\/2022\/08\/31\/no-nos-vamos-a-dejar-amedrentar-por-la-criminalidad-alcalde-pumarejo\/#primaryimage"},"thumbnailUrl":"","keywords":["alcald\u00eda de Barranquilla","Barranquilla","distrito de barranquilla","Jaime pumarejo","lucha contra criminalidad","operaciones diarias de prevenci\u00f3n e inteligencia","sistema de entrega de recompensas","trabajo en equipo con el Gobierno nacional"],"articleSection":["Bandas Criminales","Inseguridad","Judicial","Regi\u00f3n","Seguridad Ciudadana"],"inLanguage":"es","potentialAction":[{"@type":"CommentAction","name":"Comment","target":["https:\/\/contrastes.com.co\/web\/2022\/08\/31\/no-nos-vamos-a-dejar-amedrentar-por-la-criminalidad-alcalde-pumarejo\/#respond"]}]},{"@type":"WebPage","@id":"https:\/\/contrastes.com.co\/web\/2022\/08\/31\/no-nos-vamos-a-dejar-amedrentar-por-la-criminalidad-alcalde-pumarejo\/","url":"https:\/\/contrastes.com.co\/web\/2022\/08\/31\/no-nos-vamos-a-dejar-amedrentar-por-la-criminalidad-alcalde-pumarejo\/","name":"\u201cNo nos vamos a dejar amedrentar por la criminalidad\u201d: alcalde Pumarejo - Constrastes","isPartOf":{"@id":"https:\/\/contrastes.com.co\/web\/#website"},"primaryImageOfPage":{"@id":"https:\/\/contrastes.com.co\/web\/2022\/08\/31\/no-nos-vamos-a-dejar-amedrentar-por-la-criminalidad-alcalde-pumarejo\/#primaryimage"},"image":{"@id":"https:\/\/contrastes.com.co\/web\/2022\/08\/31\/no-nos-vamos-a-dejar-amedrentar-por-la-criminalidad-alcalde-pumarejo\/#primaryimage"},"thumbnailUrl":"","datePublished":"2022-08-31T21:48:15+00:00","description":"La lucha contra la criminalidad no se detendr\u00e1 en Barranquilla, para lo cual se continuar\u00e1 con el sistema de entrega de recompensas, el trabajo en equipo con el Gobierno nacional y operaciones diarias desde la prevenci\u00f3n e inteligencia local.","breadcrumb":{"@id":"https:\/\/contrastes.com.co\/web\/2022\/08\/31\/no-nos-vamos-a-dejar-amedrentar-por-la-criminalidad-alcalde-pumarejo\/#breadcrumb"},"inLanguage":"es","potentialAction":[{"@type":"ReadAction","target":["https:\/\/contrastes.com.co\/web\/2022\/08\/31\/no-nos-vamos-a-dejar-amedrentar-por-la-criminalidad-alcalde-pumarejo\/"]}]},{"@type":"ImageObject","inLanguage":"es","@id":"https:\/\/contrastes.com.co\/web\/2022\/08\/31\/no-nos-vamos-a-dejar-amedrentar-por-la-criminalidad-alcalde-pumarejo\/#primaryimage","url":"","contentUrl":""},{"@type":"BreadcrumbList","@id":"https:\/\/contrastes.com.co\/web\/2022\/08\/31\/no-nos-vamos-a-dejar-amedrentar-por-la-criminalidad-alcalde-pumarejo\/#breadcrumb","itemListElement":[{"@type":"ListItem","position":1,"name":"Portada","item":"https:\/\/contrastes.com.co\/web\/"},{"@type":"ListItem","position":2,"name":"\u201cNo nos vamos a dejar amedrentar por la criminalidad\u201d: alcalde Pumarejo"}]},{"@type":"WebSite","@id":"https:\/\/contrastes.com.co\/web\/#website","url":"https:\/\/contrastes.com.co\/web\/","name":"Contrastes","description":"Periodismo de Conciencia","publisher":{"@id":"https:\/\/contrastes.com.co\/web\/#organization"},"potentialAction":[{"@type":"SearchAction","target":{"@type":"EntryPoint","urlTemplate":"https:\/\/contrastes.com.co\/web\/?s={search_term_string}"},"query-input":{"@type":"PropertyValueSpecification","valueRequired":true,"valueName":"search_term_string"}}],"inLanguage":"es"},{"@type":"Organization","@id":"https:\/\/contrastes.com.co\/web\/#organization","name":"Contrastes","url":"https:\/\/contrastes.com.co\/web\/","logo":{"@type":"ImageObject","inLanguage":"es","@id":"https:\/\/contrastes.com.co\/web\/#\/schema\/logo\/image\/","url":"https:\/\/contrastes.com.co\/web\/wp-content\/uploads\/2025\/04\/15CONTRASTES3.png","contentUrl":"https:\/\/contrastes.com.co\/web\/wp-content\/uploads\/2025\/04\/15CONTRASTES3.png","width":1536,"height":231,"caption":"Contrastes"},"image":{"@id":"https:\/\/contrastes.com.co\/web\/#\/schema\/logo\/image\/"},"sameAs":["https:\/\/www.facebook.com\/guillo.pantoja.1"]},{"@type":"Person","@id":"https:\/\/contrastes.com.co\/web\/#\/schema\/person\/62ef7a62dc4da6de450c71fc2e95ed02","name":"Editor","image":{"@type":"ImageObject","inLanguage":"es","@id":"https:\/\/secure.gravatar.com\/avatar\/7bbb4f718d74bbf600dc556253bb04fd7ac8593751d6e2e3b85432d98aefae80?s=96&d=mm&r=g","url":"https:\/\/secure.gravatar.com\/avatar\/7bbb4f718d74bbf600dc556253bb04fd7ac8593751d6e2e3b85432d98aefae80?s=96&d=mm&r=g","contentUrl":"https:\/\/secure.gravatar.com\/avatar\/7bbb4f718d74bbf600dc556253bb04fd7ac8593751d6e2e3b85432d98aefae80?s=96&d=mm&r=g","caption":"Editor"},"sameAs":["https:\/\/contrastes.com.co\/web"],"url":"https:\/\/contrastes.com.co\/web\/author\/jdbobadilla\/"}]}},"blog_post_layout_featured_media_urls":{"thumbnail":"","full":""},"categories_names":{"6799":{"name":"Bandas Criminales","link":"https:\/\/contrastes.com.co\/web\/category\/bandas-criminales\/"},"1490":{"name":"Inseguridad","link":"https:\/\/contrastes.com.co\/web\/category\/inseguridad\/"},"172":{"name":"Judicial","link":"https:\/\/contrastes.com.co\/web\/category\/judicial\/"},"24":{"name":"Regi\u00f3n","link":"https:\/\/contrastes.com.co\/web\/category\/region\/"},"53":{"name":"Seguridad Ciudadana","link":"https:\/\/contrastes.com.co\/web\/category\/seguridad-ciudadana\/"}},"tags_names":{"12":{"name":"alcald\u00eda de Barranquilla","link":"https:\/\/contrastes.com.co\/web\/tag\/alcaldia-de-barranquilla\/"},"311":{"name":"Barranquilla","link":"https:\/\/contrastes.com.co\/web\/tag\/barranquilla\/"},"267":{"name":"distrito de barranquilla","link":"https:\/\/contrastes.com.co\/web\/tag\/distrito-de-barranquilla\/"},"1152":{"name":"Jaime pumarejo","link":"https:\/\/contrastes.com.co\/web\/tag\/jaime-pumarejo\/"},"6811":{"name":"lucha contra criminalidad","link":"https:\/\/contrastes.com.co\/web\/tag\/lucha-contra-criminalidad\/"},"6812":{"name":"operaciones diarias de prevenci\u00f3n e inteligencia","link":"https:\/\/contrastes.com.co\/web\/tag\/operaciones-diarias-de-prevencion-e-inteligencia\/"},"6813":{"name":"sistema de entrega de recompensas","link":"https:\/\/contrastes.com.co\/web\/tag\/sistema-de-entrega-de-recompensas\/"},"6814":{"name":"trabajo en equipo con el Gobierno nacional","link":"https:\/\/contrastes.com.co\/web\/tag\/trabajo-en-equipo-con-el-gobierno-nacional\/"}},"comments_number":"0","wpmagazine_modules_lite_featured_media_urls":{"thumbnail":"","cvmm-medium":"","cvmm-medium-plus":"","cvmm-portrait":"","cvmm-medium-square":"","cvmm-large":"","cvmm-small":"","full":""},"_links":{"self":[{"href":"https:\/\/contrastes.com.co\/web\/wp-json\/wp\/v2\/posts\/11091","targetHints":{"allow":["GET"]}}],"collection":[{"href":"https:\/\/contrastes.com.co\/web\/wp-json\/wp\/v2\/posts"}],"about":[{"href":"https:\/\/contrastes.com.co\/web\/wp-json\/wp\/v2\/types\/post"}],"author":[{"embeddable":true,"href":"https:\/\/contrastes.com.co\/web\/wp-json\/wp\/v2\/users\/1"}],"replies":[{"embeddable":true,"href":"https:\/\/contrastes.com.co\/web\/wp-json\/wp\/v2\/comments?post=11091"}],"version-history":[{"count":0,"href":"https:\/\/contrastes.com.co\/web\/wp-json\/wp\/v2\/posts\/11091\/revisions"}],"wp:attachment":[{"href":"https:\/\/contrastes.com.co\/web\/wp-json\/wp\/v2\/media?parent=11091"}],"wp:term":[{"taxonomy":"category","embeddable":true,"href":"https:\/\/contrastes.com.co\/web\/wp-json\/wp\/v2\/categories?post=11091"},{"taxonomy":"post_tag","embeddable":true,"href":"https:\/\/contrastes.com.co\/web\/wp-json\/wp\/v2\/tags?post=11091"}],"curies":[{"name":"wp","href":"https:\/\/api.w.org\/{rel}","templated":true}]}}