{"id":11127,"date":"2022-09-01T17:05:08","date_gmt":"2022-09-01T22:05:08","guid":{"rendered":"https:\/\/contrastes.com.co\/digital\/?p=11127"},"modified":"2022-09-01T17:05:08","modified_gmt":"2022-09-01T22:05:08","slug":"cedula-no-sera-solo-digital-a-usted-le-entregaran-tambien-una-fisica-aclara-la-registraduria","status":"publish","type":"post","link":"https:\/\/contrastes.com.co\/web\/2022\/09\/01\/cedula-no-sera-solo-digital-a-usted-le-entregaran-tambien-una-fisica-aclara-la-registraduria\/","title":{"rendered":"C\u00e9dula no ser\u00e1 solo digital; a usted le entregar\u00e1n tambi\u00e9n una f\u00edsica, aclara la Registradur\u00eda"},"content":{"rendered":"<p><strong>*C\u00e9dula no ser\u00e1 solo digital; a usted le entregar\u00e1n tambi\u00e9n una f\u00edsica, aclara la Registradur\u00eda<\/strong><\/p>\n<blockquote><p><strong>\u201cNo es una fotograf\u00eda digital, se entrega un documento f\u00edsico y se activa a trav\u00e9s del celular. Por ley, se obliga a darle a todo colombiano una c\u00e9dula f\u00edsica para identificarse; en realidad son dos identificaciones, pero son lo mismo\u201d, detall\u00f3.<\/strong><\/p><\/blockquote>\n<p><img decoding=\"async\" class=\"alignleft  wp-image-8683\" src=\"https:\/\/contrastes.com.co\/digital\/wp-content\/uploads\/2022\/03\/a-capitular.png\" alt=\"a capitular\" width=\"71\" height=\"71\" \/>\u00a0partir de este primero de septiembre se dejara de expedir la c\u00e9dula de hologramas que actualmente tienen los colombianos, ahora, su dise\u00f1o cambia y ser\u00e1 digital, pero se mantiene su portabilidad f\u00edsica, es decir, se seguir\u00e1 entregando un documento en f\u00edsico. As\u00ed lo aclar\u00f3 el <strong>registrador general, Alexander Vega,<\/strong> quien explic\u00f3 en Ma\u00f1anas Blu que, por ley, la c\u00e9dula f\u00edsica se mantiene, pero ahora se podr\u00e1 \u201cactivar\u201d desde el celular.<\/p>\n<p>\u201cNo es una fotograf\u00eda digital, se entrega un documento f\u00edsico y se activa a trav\u00e9s del celular. Por ley, se obliga a darle a todo colombiano una c\u00e9dula f\u00edsica para identificarse; en realidad son dos identificaciones, pero son lo mismo\u201d, detall\u00f3.<\/p>\n<p>Seg\u00fan dijo, las personas que quieran cambiar su c\u00e9dula de ciudadan\u00eda actual, podr\u00e1n hacerlo con un duplicado, lo cual no es obligatorio. Para aquellos que la saquen por primera vez, ser\u00e1 gratuito.<\/p>\n<p>Asimismo, el registrador Vega recalc\u00f3 que el documento de hologramas amarillo \u201cno pierde vigencia\u201d y, ahora, lo que se plantea la Registradur\u00eda es hacer ese cambio a completamente digital, pero se\u00f1al\u00f3 que es un proceso que requiere de mucho tiempo.<\/p>\n<blockquote><p><strong>En ese sentido, mencion\u00f3 que, aunque sea obligatorio seguir entregando el documento en f\u00edsico, los ciudadanos podr\u00e1n mostrar el digital sin tener a la mano el de policarbonato, pues ambos son igualmente v\u00e1lidos en t\u00e9rminos de seguridad.<\/strong><\/p><\/blockquote>\n<p>\u201cDespu\u00e9s de 22 a\u00f1os deja de fabricarse, producirse y expedirse la c\u00e9dula de hologramas, pero, claridad, la c\u00e9dula se mantiene vigente, la de hologramas amarilla no pierde vigencia\u201d, mencion\u00f3.<\/p>\n","protected":false},"excerpt":{"rendered":"<p>A partir de este primero de septiembre se dejara de expedir la c\u00e9dula de hologramas que actualmente tienen los colombianos, ahora, su dise\u00f1o cambia y ser\u00e1 digital, pero se mantiene su portabilidad f\u00edsica, es decir, se seguir\u00e1 entregando un documento en f\u00edsico. As\u00ed lo aclar\u00f3 el registrador general, Alexander Vega, quien explic\u00f3 en Ma\u00f1anas Blu que, por ley, la c\u00e9dula f\u00edsica se mantiene, pero ahora se podr\u00e1 \u201cactivar\u201d desde el celular.<\/p>\n","protected":false},"author":1,"featured_media":11128,"comment_status":"open","ping_status":"open","sticky":false,"template":"","format":"standard","meta":{"footnotes":""},"categories":[23,101,24,4908],"tags":[6849,6850,6851,6852,5498],"class_list":["post-11127","post","type-post","status-publish","format-standard","has-post-thumbnail","hentry","category-locales","category-pais","category-region","category-tramites","tag-alexander-vega","tag-cedula-digital","tag-cedula-fisica","tag-registrador-general","tag-registraduria-nacional-del-estado-civil"],"yoast_head":"<!-- This site is optimized with the Yoast SEO plugin v27.7 - https:\/\/yoast.com\/product\/yoast-seo-wordpress\/ -->\n<title>C\u00e9dula no ser\u00e1 solo digital; a usted le entregar\u00e1n tambi\u00e9n una f\u00edsica, aclara la Registradur\u00eda - Constrastes<\/title>\n<meta name=\"description\" content=\"A partir de este primero de septiembre se dejara de expedir la c\u00e9dula de hologramas que actualmente tienen los colombianos, ahora, su dise\u00f1o cambia y ser\u00e1 digital, pero se mantiene su portabilidad f\u00edsica, es decir, se seguir\u00e1 entregando un documento en f\u00edsico. As\u00ed lo aclar\u00f3 el registrador general, Alexander Vega, quien explic\u00f3 en Ma\u00f1anas Blu que, por ley, la c\u00e9dula f\u00edsica se mantiene, pero ahora se podr\u00e1 \u201cactivar\u201d desde el celular.\" \/>\n<meta name=\"robots\" content=\"index, follow, max-snippet:-1, max-image-preview:large, max-video-preview:-1\" \/>\n<link rel=\"canonical\" href=\"https:\/\/contrastes.com.co\/web\/2022\/09\/01\/cedula-no-sera-solo-digital-a-usted-le-entregaran-tambien-una-fisica-aclara-la-registraduria\/\" \/>\n<meta property=\"og:locale\" content=\"es_ES\" \/>\n<meta property=\"og:type\" content=\"article\" \/>\n<meta property=\"og:title\" content=\"C\u00e9dula no ser\u00e1 solo digital; a usted le entregar\u00e1n tambi\u00e9n una f\u00edsica, aclara la Registradur\u00eda - Constrastes\" \/>\n<meta property=\"og:description\" content=\"A partir de este primero de septiembre se dejara de expedir la c\u00e9dula de hologramas que actualmente tienen los colombianos, ahora, su dise\u00f1o cambia y ser\u00e1 digital, pero se mantiene su portabilidad f\u00edsica, es decir, se seguir\u00e1 entregando un documento en f\u00edsico. As\u00ed lo aclar\u00f3 el registrador general, Alexander Vega, quien explic\u00f3 en Ma\u00f1anas Blu que, por ley, la c\u00e9dula f\u00edsica se mantiene, pero ahora se podr\u00e1 \u201cactivar\u201d desde el celular.\" \/>\n<meta property=\"og:url\" content=\"https:\/\/contrastes.com.co\/web\/2022\/09\/01\/cedula-no-sera-solo-digital-a-usted-le-entregaran-tambien-una-fisica-aclara-la-registraduria\/\" \/>\n<meta property=\"og:site_name\" content=\"Constrastes\" \/>\n<meta property=\"article:publisher\" content=\"https:\/\/www.facebook.com\/guillo.pantoja.1\" \/>\n<meta property=\"article:published_time\" content=\"2022-09-01T22:05:08+00:00\" \/>\n<meta name=\"author\" content=\"Editor\" \/>\n<meta name=\"twitter:card\" content=\"summary_large_image\" \/>\n<meta name=\"twitter:label1\" content=\"Escrito por\" \/>\n\t<meta name=\"twitter:data1\" content=\"Editor\" \/>\n\t<meta name=\"twitter:label2\" content=\"Tiempo de lectura\" \/>\n\t<meta name=\"twitter:data2\" content=\"2 minutos\" \/>\n<script type=\"application\/ld+json\" class=\"yoast-schema-graph\">{\"@context\":\"https:\\\/\\\/schema.org\",\"@graph\":[{\"@type\":\"Article\",\"@id\":\"https:\\\/\\\/contrastes.com.co\\\/web\\\/2022\\\/09\\\/01\\\/cedula-no-sera-solo-digital-a-usted-le-entregaran-tambien-una-fisica-aclara-la-registraduria\\\/#article\",\"isPartOf\":{\"@id\":\"https:\\\/\\\/contrastes.com.co\\\/web\\\/2022\\\/09\\\/01\\\/cedula-no-sera-solo-digital-a-usted-le-entregaran-tambien-una-fisica-aclara-la-registraduria\\\/\"},\"author\":{\"name\":\"Editor\",\"@id\":\"https:\\\/\\\/contrastes.com.co\\\/web\\\/#\\\/schema\\\/person\\\/62ef7a62dc4da6de450c71fc2e95ed02\"},\"headline\":\"C\u00e9dula no ser\u00e1 solo digital; a usted le entregar\u00e1n tambi\u00e9n una f\u00edsica, aclara la Registradur\u00eda\",\"datePublished\":\"2022-09-01T22:05:08+00:00\",\"mainEntityOfPage\":{\"@id\":\"https:\\\/\\\/contrastes.com.co\\\/web\\\/2022\\\/09\\\/01\\\/cedula-no-sera-solo-digital-a-usted-le-entregaran-tambien-una-fisica-aclara-la-registraduria\\\/\"},\"wordCount\":360,\"commentCount\":0,\"publisher\":{\"@id\":\"https:\\\/\\\/contrastes.com.co\\\/web\\\/#organization\"},\"image\":{\"@id\":\"https:\\\/\\\/contrastes.com.co\\\/web\\\/2022\\\/09\\\/01\\\/cedula-no-sera-solo-digital-a-usted-le-entregaran-tambien-una-fisica-aclara-la-registraduria\\\/#primaryimage\"},\"thumbnailUrl\":\"\",\"keywords\":[\"Alexander Vega\",\"C\u00e9dula Digital\",\"c\u00e9dula f\u00edsica\",\"Registrador General\",\"Registradur\u00eda Nacional del Estado Civil\"],\"articleSection\":[\"Locales\",\"Pa\u00eds\",\"Regi\u00f3n\",\"Tr\u00e1mites\"],\"inLanguage\":\"es\",\"potentialAction\":[{\"@type\":\"CommentAction\",\"name\":\"Comment\",\"target\":[\"https:\\\/\\\/contrastes.com.co\\\/web\\\/2022\\\/09\\\/01\\\/cedula-no-sera-solo-digital-a-usted-le-entregaran-tambien-una-fisica-aclara-la-registraduria\\\/#respond\"]}]},{\"@type\":\"WebPage\",\"@id\":\"https:\\\/\\\/contrastes.com.co\\\/web\\\/2022\\\/09\\\/01\\\/cedula-no-sera-solo-digital-a-usted-le-entregaran-tambien-una-fisica-aclara-la-registraduria\\\/\",\"url\":\"https:\\\/\\\/contrastes.com.co\\\/web\\\/2022\\\/09\\\/01\\\/cedula-no-sera-solo-digital-a-usted-le-entregaran-tambien-una-fisica-aclara-la-registraduria\\\/\",\"name\":\"C\u00e9dula no ser\u00e1 solo digital; a usted le entregar\u00e1n tambi\u00e9n una f\u00edsica, aclara la Registradur\u00eda - Constrastes\",\"isPartOf\":{\"@id\":\"https:\\\/\\\/contrastes.com.co\\\/web\\\/#website\"},\"primaryImageOfPage\":{\"@id\":\"https:\\\/\\\/contrastes.com.co\\\/web\\\/2022\\\/09\\\/01\\\/cedula-no-sera-solo-digital-a-usted-le-entregaran-tambien-una-fisica-aclara-la-registraduria\\\/#primaryimage\"},\"image\":{\"@id\":\"https:\\\/\\\/contrastes.com.co\\\/web\\\/2022\\\/09\\\/01\\\/cedula-no-sera-solo-digital-a-usted-le-entregaran-tambien-una-fisica-aclara-la-registraduria\\\/#primaryimage\"},\"thumbnailUrl\":\"\",\"datePublished\":\"2022-09-01T22:05:08+00:00\",\"description\":\"A partir de este primero de septiembre se dejara de expedir la c\u00e9dula de hologramas que actualmente tienen los colombianos, ahora, su dise\u00f1o cambia y ser\u00e1 digital, pero se mantiene su portabilidad f\u00edsica, es decir, se seguir\u00e1 entregando un documento en f\u00edsico. As\u00ed lo aclar\u00f3 el registrador general, Alexander Vega, quien explic\u00f3 en Ma\u00f1anas Blu que, por ley, la c\u00e9dula f\u00edsica se mantiene, pero ahora se podr\u00e1 \u201cactivar\u201d desde el celular.\",\"breadcrumb\":{\"@id\":\"https:\\\/\\\/contrastes.com.co\\\/web\\\/2022\\\/09\\\/01\\\/cedula-no-sera-solo-digital-a-usted-le-entregaran-tambien-una-fisica-aclara-la-registraduria\\\/#breadcrumb\"},\"inLanguage\":\"es\",\"potentialAction\":[{\"@type\":\"ReadAction\",\"target\":[\"https:\\\/\\\/contrastes.com.co\\\/web\\\/2022\\\/09\\\/01\\\/cedula-no-sera-solo-digital-a-usted-le-entregaran-tambien-una-fisica-aclara-la-registraduria\\\/\"]}]},{\"@type\":\"ImageObject\",\"inLanguage\":\"es\",\"@id\":\"https:\\\/\\\/contrastes.com.co\\\/web\\\/2022\\\/09\\\/01\\\/cedula-no-sera-solo-digital-a-usted-le-entregaran-tambien-una-fisica-aclara-la-registraduria\\\/#primaryimage\",\"url\":\"\",\"contentUrl\":\"\"},{\"@type\":\"BreadcrumbList\",\"@id\":\"https:\\\/\\\/contrastes.com.co\\\/web\\\/2022\\\/09\\\/01\\\/cedula-no-sera-solo-digital-a-usted-le-entregaran-tambien-una-fisica-aclara-la-registraduria\\\/#breadcrumb\",\"itemListElement\":[{\"@type\":\"ListItem\",\"position\":1,\"name\":\"Portada\",\"item\":\"https:\\\/\\\/contrastes.com.co\\\/web\\\/\"},{\"@type\":\"ListItem\",\"position\":2,\"name\":\"C\u00e9dula no ser\u00e1 solo digital; a usted le entregar\u00e1n tambi\u00e9n una f\u00edsica, aclara la Registradur\u00eda\"}]},{\"@type\":\"WebSite\",\"@id\":\"https:\\\/\\\/contrastes.com.co\\\/web\\\/#website\",\"url\":\"https:\\\/\\\/contrastes.com.co\\\/web\\\/\",\"name\":\"Contrastes\",\"description\":\"Periodismo de Conciencia\",\"publisher\":{\"@id\":\"https:\\\/\\\/contrastes.com.co\\\/web\\\/#organization\"},\"potentialAction\":[{\"@type\":\"SearchAction\",\"target\":{\"@type\":\"EntryPoint\",\"urlTemplate\":\"https:\\\/\\\/contrastes.com.co\\\/web\\\/?s={search_term_string}\"},\"query-input\":{\"@type\":\"PropertyValueSpecification\",\"valueRequired\":true,\"valueName\":\"search_term_string\"}}],\"inLanguage\":\"es\"},{\"@type\":\"Organization\",\"@id\":\"https:\\\/\\\/contrastes.com.co\\\/web\\\/#organization\",\"name\":\"Contrastes\",\"url\":\"https:\\\/\\\/contrastes.com.co\\\/web\\\/\",\"logo\":{\"@type\":\"ImageObject\",\"inLanguage\":\"es\",\"@id\":\"https:\\\/\\\/contrastes.com.co\\\/web\\\/#\\\/schema\\\/logo\\\/image\\\/\",\"url\":\"https:\\\/\\\/contrastes.com.co\\\/web\\\/wp-content\\\/uploads\\\/2025\\\/04\\\/15CONTRASTES3.png\",\"contentUrl\":\"https:\\\/\\\/contrastes.com.co\\\/web\\\/wp-content\\\/uploads\\\/2025\\\/04\\\/15CONTRASTES3.png\",\"width\":1536,\"height\":231,\"caption\":\"Contrastes\"},\"image\":{\"@id\":\"https:\\\/\\\/contrastes.com.co\\\/web\\\/#\\\/schema\\\/logo\\\/image\\\/\"},\"sameAs\":[\"https:\\\/\\\/www.facebook.com\\\/guillo.pantoja.1\"]},{\"@type\":\"Person\",\"@id\":\"https:\\\/\\\/contrastes.com.co\\\/web\\\/#\\\/schema\\\/person\\\/62ef7a62dc4da6de450c71fc2e95ed02\",\"name\":\"Editor\",\"image\":{\"@type\":\"ImageObject\",\"inLanguage\":\"es\",\"@id\":\"https:\\\/\\\/secure.gravatar.com\\\/avatar\\\/7bbb4f718d74bbf600dc556253bb04fd7ac8593751d6e2e3b85432d98aefae80?s=96&d=mm&r=g\",\"url\":\"https:\\\/\\\/secure.gravatar.com\\\/avatar\\\/7bbb4f718d74bbf600dc556253bb04fd7ac8593751d6e2e3b85432d98aefae80?s=96&d=mm&r=g\",\"contentUrl\":\"https:\\\/\\\/secure.gravatar.com\\\/avatar\\\/7bbb4f718d74bbf600dc556253bb04fd7ac8593751d6e2e3b85432d98aefae80?s=96&d=mm&r=g\",\"caption\":\"Editor\"},\"sameAs\":[\"https:\\\/\\\/contrastes.com.co\\\/web\"],\"url\":\"https:\\\/\\\/contrastes.com.co\\\/web\\\/author\\\/jdbobadilla\\\/\"}]}<\/script>\n<!-- \/ Yoast SEO plugin. -->","yoast_head_json":{"title":"C\u00e9dula no ser\u00e1 solo digital; a usted le entregar\u00e1n tambi\u00e9n una f\u00edsica, aclara la Registradur\u00eda - Constrastes","description":"A partir de este primero de septiembre se dejara de expedir la c\u00e9dula de hologramas que actualmente tienen los colombianos, ahora, su dise\u00f1o cambia y ser\u00e1 digital, pero se mantiene su portabilidad f\u00edsica, es decir, se seguir\u00e1 entregando un documento en f\u00edsico. As\u00ed lo aclar\u00f3 el registrador general, Alexander Vega, quien explic\u00f3 en Ma\u00f1anas Blu que, por ley, la c\u00e9dula f\u00edsica se mantiene, pero ahora se podr\u00e1 \u201cactivar\u201d desde el celular.","robots":{"index":"index","follow":"follow","max-snippet":"max-snippet:-1","max-image-preview":"max-image-preview:large","max-video-preview":"max-video-preview:-1"},"canonical":"https:\/\/contrastes.com.co\/web\/2022\/09\/01\/cedula-no-sera-solo-digital-a-usted-le-entregaran-tambien-una-fisica-aclara-la-registraduria\/","og_locale":"es_ES","og_type":"article","og_title":"C\u00e9dula no ser\u00e1 solo digital; a usted le entregar\u00e1n tambi\u00e9n una f\u00edsica, aclara la Registradur\u00eda - Constrastes","og_description":"A partir de este primero de septiembre se dejara de expedir la c\u00e9dula de hologramas que actualmente tienen los colombianos, ahora, su dise\u00f1o cambia y ser\u00e1 digital, pero se mantiene su portabilidad f\u00edsica, es decir, se seguir\u00e1 entregando un documento en f\u00edsico. As\u00ed lo aclar\u00f3 el registrador general, Alexander Vega, quien explic\u00f3 en Ma\u00f1anas Blu que, por ley, la c\u00e9dula f\u00edsica se mantiene, pero ahora se podr\u00e1 \u201cactivar\u201d desde el celular.","og_url":"https:\/\/contrastes.com.co\/web\/2022\/09\/01\/cedula-no-sera-solo-digital-a-usted-le-entregaran-tambien-una-fisica-aclara-la-registraduria\/","og_site_name":"Constrastes","article_publisher":"https:\/\/www.facebook.com\/guillo.pantoja.1","article_published_time":"2022-09-01T22:05:08+00:00","author":"Editor","twitter_card":"summary_large_image","twitter_misc":{"Escrito por":"Editor","Tiempo de lectura":"2 minutos"},"schema":{"@context":"https:\/\/schema.org","@graph":[{"@type":"Article","@id":"https:\/\/contrastes.com.co\/web\/2022\/09\/01\/cedula-no-sera-solo-digital-a-usted-le-entregaran-tambien-una-fisica-aclara-la-registraduria\/#article","isPartOf":{"@id":"https:\/\/contrastes.com.co\/web\/2022\/09\/01\/cedula-no-sera-solo-digital-a-usted-le-entregaran-tambien-una-fisica-aclara-la-registraduria\/"},"author":{"name":"Editor","@id":"https:\/\/contrastes.com.co\/web\/#\/schema\/person\/62ef7a62dc4da6de450c71fc2e95ed02"},"headline":"C\u00e9dula no ser\u00e1 solo digital; a usted le entregar\u00e1n tambi\u00e9n una f\u00edsica, aclara la Registradur\u00eda","datePublished":"2022-09-01T22:05:08+00:00","mainEntityOfPage":{"@id":"https:\/\/contrastes.com.co\/web\/2022\/09\/01\/cedula-no-sera-solo-digital-a-usted-le-entregaran-tambien-una-fisica-aclara-la-registraduria\/"},"wordCount":360,"commentCount":0,"publisher":{"@id":"https:\/\/contrastes.com.co\/web\/#organization"},"image":{"@id":"https:\/\/contrastes.com.co\/web\/2022\/09\/01\/cedula-no-sera-solo-digital-a-usted-le-entregaran-tambien-una-fisica-aclara-la-registraduria\/#primaryimage"},"thumbnailUrl":"","keywords":["Alexander Vega","C\u00e9dula Digital","c\u00e9dula f\u00edsica","Registrador General","Registradur\u00eda Nacional del Estado Civil"],"articleSection":["Locales","Pa\u00eds","Regi\u00f3n","Tr\u00e1mites"],"inLanguage":"es","potentialAction":[{"@type":"CommentAction","name":"Comment","target":["https:\/\/contrastes.com.co\/web\/2022\/09\/01\/cedula-no-sera-solo-digital-a-usted-le-entregaran-tambien-una-fisica-aclara-la-registraduria\/#respond"]}]},{"@type":"WebPage","@id":"https:\/\/contrastes.com.co\/web\/2022\/09\/01\/cedula-no-sera-solo-digital-a-usted-le-entregaran-tambien-una-fisica-aclara-la-registraduria\/","url":"https:\/\/contrastes.com.co\/web\/2022\/09\/01\/cedula-no-sera-solo-digital-a-usted-le-entregaran-tambien-una-fisica-aclara-la-registraduria\/","name":"C\u00e9dula no ser\u00e1 solo digital; a usted le entregar\u00e1n tambi\u00e9n una f\u00edsica, aclara la Registradur\u00eda - Constrastes","isPartOf":{"@id":"https:\/\/contrastes.com.co\/web\/#website"},"primaryImageOfPage":{"@id":"https:\/\/contrastes.com.co\/web\/2022\/09\/01\/cedula-no-sera-solo-digital-a-usted-le-entregaran-tambien-una-fisica-aclara-la-registraduria\/#primaryimage"},"image":{"@id":"https:\/\/contrastes.com.co\/web\/2022\/09\/01\/cedula-no-sera-solo-digital-a-usted-le-entregaran-tambien-una-fisica-aclara-la-registraduria\/#primaryimage"},"thumbnailUrl":"","datePublished":"2022-09-01T22:05:08+00:00","description":"A partir de este primero de septiembre se dejara de expedir la c\u00e9dula de hologramas que actualmente tienen los colombianos, ahora, su dise\u00f1o cambia y ser\u00e1 digital, pero se mantiene su portabilidad f\u00edsica, es decir, se seguir\u00e1 entregando un documento en f\u00edsico. As\u00ed lo aclar\u00f3 el registrador general, Alexander Vega, quien explic\u00f3 en Ma\u00f1anas Blu que, por ley, la c\u00e9dula f\u00edsica se mantiene, pero ahora se podr\u00e1 \u201cactivar\u201d desde el celular.","breadcrumb":{"@id":"https:\/\/contrastes.com.co\/web\/2022\/09\/01\/cedula-no-sera-solo-digital-a-usted-le-entregaran-tambien-una-fisica-aclara-la-registraduria\/#breadcrumb"},"inLanguage":"es","potentialAction":[{"@type":"ReadAction","target":["https:\/\/contrastes.com.co\/web\/2022\/09\/01\/cedula-no-sera-solo-digital-a-usted-le-entregaran-tambien-una-fisica-aclara-la-registraduria\/"]}]},{"@type":"ImageObject","inLanguage":"es","@id":"https:\/\/contrastes.com.co\/web\/2022\/09\/01\/cedula-no-sera-solo-digital-a-usted-le-entregaran-tambien-una-fisica-aclara-la-registraduria\/#primaryimage","url":"","contentUrl":""},{"@type":"BreadcrumbList","@id":"https:\/\/contrastes.com.co\/web\/2022\/09\/01\/cedula-no-sera-solo-digital-a-usted-le-entregaran-tambien-una-fisica-aclara-la-registraduria\/#breadcrumb","itemListElement":[{"@type":"ListItem","position":1,"name":"Portada","item":"https:\/\/contrastes.com.co\/web\/"},{"@type":"ListItem","position":2,"name":"C\u00e9dula no ser\u00e1 solo digital; a usted le entregar\u00e1n tambi\u00e9n una f\u00edsica, aclara la Registradur\u00eda"}]},{"@type":"WebSite","@id":"https:\/\/contrastes.com.co\/web\/#website","url":"https:\/\/contrastes.com.co\/web\/","name":"Contrastes","description":"Periodismo de Conciencia","publisher":{"@id":"https:\/\/contrastes.com.co\/web\/#organization"},"potentialAction":[{"@type":"SearchAction","target":{"@type":"EntryPoint","urlTemplate":"https:\/\/contrastes.com.co\/web\/?s={search_term_string}"},"query-input":{"@type":"PropertyValueSpecification","valueRequired":true,"valueName":"search_term_string"}}],"inLanguage":"es"},{"@type":"Organization","@id":"https:\/\/contrastes.com.co\/web\/#organization","name":"Contrastes","url":"https:\/\/contrastes.com.co\/web\/","logo":{"@type":"ImageObject","inLanguage":"es","@id":"https:\/\/contrastes.com.co\/web\/#\/schema\/logo\/image\/","url":"https:\/\/contrastes.com.co\/web\/wp-content\/uploads\/2025\/04\/15CONTRASTES3.png","contentUrl":"https:\/\/contrastes.com.co\/web\/wp-content\/uploads\/2025\/04\/15CONTRASTES3.png","width":1536,"height":231,"caption":"Contrastes"},"image":{"@id":"https:\/\/contrastes.com.co\/web\/#\/schema\/logo\/image\/"},"sameAs":["https:\/\/www.facebook.com\/guillo.pantoja.1"]},{"@type":"Person","@id":"https:\/\/contrastes.com.co\/web\/#\/schema\/person\/62ef7a62dc4da6de450c71fc2e95ed02","name":"Editor","image":{"@type":"ImageObject","inLanguage":"es","@id":"https:\/\/secure.gravatar.com\/avatar\/7bbb4f718d74bbf600dc556253bb04fd7ac8593751d6e2e3b85432d98aefae80?s=96&d=mm&r=g","url":"https:\/\/secure.gravatar.com\/avatar\/7bbb4f718d74bbf600dc556253bb04fd7ac8593751d6e2e3b85432d98aefae80?s=96&d=mm&r=g","contentUrl":"https:\/\/secure.gravatar.com\/avatar\/7bbb4f718d74bbf600dc556253bb04fd7ac8593751d6e2e3b85432d98aefae80?s=96&d=mm&r=g","caption":"Editor"},"sameAs":["https:\/\/contrastes.com.co\/web"],"url":"https:\/\/contrastes.com.co\/web\/author\/jdbobadilla\/"}]}},"blog_post_layout_featured_media_urls":{"thumbnail":"","full":""},"categories_names":{"23":{"name":"Locales","link":"https:\/\/contrastes.com.co\/web\/category\/locales\/"},"101":{"name":"Pa\u00eds","link":"https:\/\/contrastes.com.co\/web\/category\/pais\/"},"24":{"name":"Regi\u00f3n","link":"https:\/\/contrastes.com.co\/web\/category\/region\/"},"4908":{"name":"Tr\u00e1mites","link":"https:\/\/contrastes.com.co\/web\/category\/tramites\/"}},"tags_names":{"6849":{"name":"Alexander Vega","link":"https:\/\/contrastes.com.co\/web\/tag\/alexander-vega\/"},"6850":{"name":"C\u00e9dula Digital","link":"https:\/\/contrastes.com.co\/web\/tag\/cedula-digital\/"},"6851":{"name":"c\u00e9dula f\u00edsica","link":"https:\/\/contrastes.com.co\/web\/tag\/cedula-fisica\/"},"6852":{"name":"Registrador General","link":"https:\/\/contrastes.com.co\/web\/tag\/registrador-general\/"},"5498":{"name":"Registradur\u00eda Nacional del Estado Civil","link":"https:\/\/contrastes.com.co\/web\/tag\/registraduria-nacional-del-estado-civil\/"}},"comments_number":"0","wpmagazine_modules_lite_featured_media_urls":{"thumbnail":"","cvmm-medium":"","cvmm-medium-plus":"","cvmm-portrait":"","cvmm-medium-square":"","cvmm-large":"","cvmm-small":"","full":""},"_links":{"self":[{"href":"https:\/\/contrastes.com.co\/web\/wp-json\/wp\/v2\/posts\/11127","targetHints":{"allow":["GET"]}}],"collection":[{"href":"https:\/\/contrastes.com.co\/web\/wp-json\/wp\/v2\/posts"}],"about":[{"href":"https:\/\/contrastes.com.co\/web\/wp-json\/wp\/v2\/types\/post"}],"author":[{"embeddable":true,"href":"https:\/\/contrastes.com.co\/web\/wp-json\/wp\/v2\/users\/1"}],"replies":[{"embeddable":true,"href":"https:\/\/contrastes.com.co\/web\/wp-json\/wp\/v2\/comments?post=11127"}],"version-history":[{"count":0,"href":"https:\/\/contrastes.com.co\/web\/wp-json\/wp\/v2\/posts\/11127\/revisions"}],"wp:attachment":[{"href":"https:\/\/contrastes.com.co\/web\/wp-json\/wp\/v2\/media?parent=11127"}],"wp:term":[{"taxonomy":"category","embeddable":true,"href":"https:\/\/contrastes.com.co\/web\/wp-json\/wp\/v2\/categories?post=11127"},{"taxonomy":"post_tag","embeddable":true,"href":"https:\/\/contrastes.com.co\/web\/wp-json\/wp\/v2\/tags?post=11127"}],"curies":[{"name":"wp","href":"https:\/\/api.w.org\/{rel}","templated":true}]}}