{"id":11133,"date":"2022-09-02T15:36:01","date_gmt":"2022-09-02T20:36:01","guid":{"rendered":"https:\/\/contrastes.com.co\/digital\/?p=11133"},"modified":"2022-09-02T15:36:01","modified_gmt":"2022-09-02T20:36:01","slug":"capturan-a-alias-salchichon-presunto-cabecilla-del-clan-del-golfo-en-puerto","status":"publish","type":"post","link":"https:\/\/contrastes.com.co\/web\/2022\/09\/02\/capturan-a-alias-salchichon-presunto-cabecilla-del-clan-del-golfo-en-puerto\/","title":{"rendered":"Capturan a alias &#8216;Salchich\u00f3n&#8217;, presunto cabecilla del &#8216;Clan del Golfo&#8217; en Puerto"},"content":{"rendered":"<p><strong>*Capturan a alias &#8216;Salchich\u00f3n&#8217;, presunto cabecilla del &#8216;Clan del Golfo&#8217; en Puerto<\/strong><\/p>\n<blockquote><p><strong>La Polic\u00eda Metropolitana report\u00f3 este viernes la captura de Brayan Daniel Carrillo Mieles, apodado como &#8216;Salchich\u00f3n&#8217; \u00f3 &#8216;Soldadito&#8217;, quien ser\u00eda presunto integrante del &#8216;Clan del Golfo&#8217;.<\/strong><\/p><\/blockquote>\n<p><img decoding=\"async\" class=\"alignleft  wp-image-8927\" src=\"https:\/\/contrastes.com.co\/digital\/wp-content\/uploads\/2022\/04\/comillas-capitular-2.png\" alt=\"comillas capitular 2\" width=\"56\" height=\"56\" \/>En las \u00faltimas horas, la <strong>Polic\u00eda Metropolitana de Barranquilla<\/strong> captura a alias &#8216;Salchich\u00f3n&#8217; o &#8216;Soldadito&#8217;, quien presuntamente ser\u00eda integrante del &#8216;Clan del Golfo&#8217;, con injerencia en el <strong>municipio de Puerto Colombia<\/strong>\u00ab, dijo el coronel Marco Ospina, subcomandante de la Polic\u00eda Metropolitana de Barranquilla a\u00f1adiendo que el capturado fue conducido a la URI de la Fiscal\u00eda.<\/p>\n<p>\u00abLa captura de este hombre se dio en el corregimiento de Salgar cuando se movilizaba en un veh\u00edculo con otra persona. Se le hall\u00f3 un arma de fuego tipo rev\u00f3lver\u00bb, precis\u00f3 el uniformado indicando, adem\u00e1s, que alias &#8216;Salchich\u00f3n&#8217; habr\u00eda quedado a cargo de los hechos delictivos en el municipio, seg\u00fan la Polic\u00eda.<\/p>\n<p>\u00abEsta persona, al parecer, hab\u00eda quedado encargado de la coordinaci\u00f3n de los hechos delictivos luego de la captura de alias &#8216;Vargas&#8217; en julio del 2022\u00bb, puntualiz\u00f3 el alto oficial.<\/p>\n","protected":false},"excerpt":{"rendered":"<p>\u00abEn las \u00faltimas horas, la Polic\u00eda Metropolitana de Barranquilla captura a alias &#8216;Salchich\u00f3n&#8217; o &#8216;Soldadito&#8217;, quien presuntamente ser\u00eda integrante del &#8216;Clan del Golfo&#8217;, con injerencia en el municipio de Puerto Colombia\u00bb, dijo el coronel Marco Ospina, subcomandante de la Polic\u00eda Metropolitana de Barranquilla a\u00f1adiendo que el capturado fue conducido a la URI de la Fiscal\u00eda.<\/p>\n","protected":false},"author":1,"featured_media":11134,"comment_status":"open","ping_status":"open","sticky":false,"template":"","format":"standard","meta":{"footnotes":""},"categories":[6799,172,24],"tags":[5448,592,20],"class_list":["post-11133","post","type-post","status-publish","format-standard","has-post-thumbnail","hentry","category-bandas-criminales","category-judicial","category-region","tag-clan-del-golfo","tag-municipio-de-puerto-colombia","tag-policia-metropolitana-de-barranquilla"],"yoast_head":"<!-- This site is optimized with the Yoast SEO plugin v27.7 - https:\/\/yoast.com\/product\/yoast-seo-wordpress\/ -->\n<title>Capturan a alias &#039;Salchich\u00f3n&#039;, presunto cabecilla del &#039;Clan del Golfo&#039; en Puerto - Constrastes<\/title>\n<meta name=\"description\" content=\"&quot;En las \u00faltimas horas, la Polic\u00eda Metropolitana de Barranquilla captura a alias &#039;Salchich\u00f3n&#039; o &#039;Soldadito&#039;, quien presuntamente ser\u00eda integrante del &#039;Clan del Golfo&#039;, con injerencia en el municipio de Puerto Colombia&quot;, dijo el coronel Marco Ospina, subcomandante de la Polic\u00eda Metropolitana de Barranquilla a\u00f1adiendo que el capturado fue conducido a la URI de la Fiscal\u00eda.\" \/>\n<meta name=\"robots\" content=\"index, follow, max-snippet:-1, max-image-preview:large, max-video-preview:-1\" \/>\n<link rel=\"canonical\" href=\"https:\/\/contrastes.com.co\/web\/2022\/09\/02\/capturan-a-alias-salchichon-presunto-cabecilla-del-clan-del-golfo-en-puerto\/\" \/>\n<meta property=\"og:locale\" content=\"es_ES\" \/>\n<meta property=\"og:type\" content=\"article\" \/>\n<meta property=\"og:title\" content=\"Capturan a alias &#039;Salchich\u00f3n&#039;, presunto cabecilla del &#039;Clan del Golfo&#039; en Puerto - Constrastes\" \/>\n<meta property=\"og:description\" content=\"&quot;En las \u00faltimas horas, la Polic\u00eda Metropolitana de Barranquilla captura a alias &#039;Salchich\u00f3n&#039; o &#039;Soldadito&#039;, quien presuntamente ser\u00eda integrante del &#039;Clan del Golfo&#039;, con injerencia en el municipio de Puerto Colombia&quot;, dijo el coronel Marco Ospina, subcomandante de la Polic\u00eda Metropolitana de Barranquilla a\u00f1adiendo que el capturado fue conducido a la URI de la Fiscal\u00eda.\" \/>\n<meta property=\"og:url\" content=\"https:\/\/contrastes.com.co\/web\/2022\/09\/02\/capturan-a-alias-salchichon-presunto-cabecilla-del-clan-del-golfo-en-puerto\/\" \/>\n<meta property=\"og:site_name\" content=\"Constrastes\" \/>\n<meta property=\"article:publisher\" content=\"https:\/\/www.facebook.com\/guillo.pantoja.1\" \/>\n<meta property=\"article:published_time\" content=\"2022-09-02T20:36:01+00:00\" \/>\n<meta name=\"author\" content=\"Editor\" \/>\n<meta name=\"twitter:card\" content=\"summary_large_image\" \/>\n<meta name=\"twitter:label1\" content=\"Escrito por\" \/>\n\t<meta name=\"twitter:data1\" content=\"Editor\" \/>\n\t<meta name=\"twitter:label2\" content=\"Tiempo de lectura\" \/>\n\t<meta name=\"twitter:data2\" content=\"1 minuto\" \/>\n<script type=\"application\/ld+json\" class=\"yoast-schema-graph\">{\"@context\":\"https:\\\/\\\/schema.org\",\"@graph\":[{\"@type\":\"Article\",\"@id\":\"https:\\\/\\\/contrastes.com.co\\\/web\\\/2022\\\/09\\\/02\\\/capturan-a-alias-salchichon-presunto-cabecilla-del-clan-del-golfo-en-puerto\\\/#article\",\"isPartOf\":{\"@id\":\"https:\\\/\\\/contrastes.com.co\\\/web\\\/2022\\\/09\\\/02\\\/capturan-a-alias-salchichon-presunto-cabecilla-del-clan-del-golfo-en-puerto\\\/\"},\"author\":{\"name\":\"Editor\",\"@id\":\"https:\\\/\\\/contrastes.com.co\\\/web\\\/#\\\/schema\\\/person\\\/62ef7a62dc4da6de450c71fc2e95ed02\"},\"headline\":\"Capturan a alias &#8216;Salchich\u00f3n&#8217;, presunto cabecilla del &#8216;Clan del Golfo&#8217; en Puerto\",\"datePublished\":\"2022-09-02T20:36:01+00:00\",\"mainEntityOfPage\":{\"@id\":\"https:\\\/\\\/contrastes.com.co\\\/web\\\/2022\\\/09\\\/02\\\/capturan-a-alias-salchichon-presunto-cabecilla-del-clan-del-golfo-en-puerto\\\/\"},\"wordCount\":204,\"commentCount\":0,\"publisher\":{\"@id\":\"https:\\\/\\\/contrastes.com.co\\\/web\\\/#organization\"},\"image\":{\"@id\":\"https:\\\/\\\/contrastes.com.co\\\/web\\\/2022\\\/09\\\/02\\\/capturan-a-alias-salchichon-presunto-cabecilla-del-clan-del-golfo-en-puerto\\\/#primaryimage\"},\"thumbnailUrl\":\"\",\"keywords\":[\"Clan del Golfo\",\"municipio de Puerto Colombia\",\"Polic\u00eda Metropolitana de Barranquilla\"],\"articleSection\":[\"Bandas Criminales\",\"Judicial\",\"Regi\u00f3n\"],\"inLanguage\":\"es\",\"potentialAction\":[{\"@type\":\"CommentAction\",\"name\":\"Comment\",\"target\":[\"https:\\\/\\\/contrastes.com.co\\\/web\\\/2022\\\/09\\\/02\\\/capturan-a-alias-salchichon-presunto-cabecilla-del-clan-del-golfo-en-puerto\\\/#respond\"]}]},{\"@type\":\"WebPage\",\"@id\":\"https:\\\/\\\/contrastes.com.co\\\/web\\\/2022\\\/09\\\/02\\\/capturan-a-alias-salchichon-presunto-cabecilla-del-clan-del-golfo-en-puerto\\\/\",\"url\":\"https:\\\/\\\/contrastes.com.co\\\/web\\\/2022\\\/09\\\/02\\\/capturan-a-alias-salchichon-presunto-cabecilla-del-clan-del-golfo-en-puerto\\\/\",\"name\":\"Capturan a alias 'Salchich\u00f3n', presunto cabecilla del 'Clan del Golfo' en Puerto - Constrastes\",\"isPartOf\":{\"@id\":\"https:\\\/\\\/contrastes.com.co\\\/web\\\/#website\"},\"primaryImageOfPage\":{\"@id\":\"https:\\\/\\\/contrastes.com.co\\\/web\\\/2022\\\/09\\\/02\\\/capturan-a-alias-salchichon-presunto-cabecilla-del-clan-del-golfo-en-puerto\\\/#primaryimage\"},\"image\":{\"@id\":\"https:\\\/\\\/contrastes.com.co\\\/web\\\/2022\\\/09\\\/02\\\/capturan-a-alias-salchichon-presunto-cabecilla-del-clan-del-golfo-en-puerto\\\/#primaryimage\"},\"thumbnailUrl\":\"\",\"datePublished\":\"2022-09-02T20:36:01+00:00\",\"description\":\"\\\"En las \u00faltimas horas, la Polic\u00eda Metropolitana de Barranquilla captura a alias 'Salchich\u00f3n' o 'Soldadito', quien presuntamente ser\u00eda integrante del 'Clan del Golfo', con injerencia en el municipio de Puerto Colombia\\\", dijo el coronel Marco Ospina, subcomandante de la Polic\u00eda Metropolitana de Barranquilla a\u00f1adiendo que el capturado fue conducido a la URI de la Fiscal\u00eda.\",\"breadcrumb\":{\"@id\":\"https:\\\/\\\/contrastes.com.co\\\/web\\\/2022\\\/09\\\/02\\\/capturan-a-alias-salchichon-presunto-cabecilla-del-clan-del-golfo-en-puerto\\\/#breadcrumb\"},\"inLanguage\":\"es\",\"potentialAction\":[{\"@type\":\"ReadAction\",\"target\":[\"https:\\\/\\\/contrastes.com.co\\\/web\\\/2022\\\/09\\\/02\\\/capturan-a-alias-salchichon-presunto-cabecilla-del-clan-del-golfo-en-puerto\\\/\"]}]},{\"@type\":\"ImageObject\",\"inLanguage\":\"es\",\"@id\":\"https:\\\/\\\/contrastes.com.co\\\/web\\\/2022\\\/09\\\/02\\\/capturan-a-alias-salchichon-presunto-cabecilla-del-clan-del-golfo-en-puerto\\\/#primaryimage\",\"url\":\"\",\"contentUrl\":\"\"},{\"@type\":\"BreadcrumbList\",\"@id\":\"https:\\\/\\\/contrastes.com.co\\\/web\\\/2022\\\/09\\\/02\\\/capturan-a-alias-salchichon-presunto-cabecilla-del-clan-del-golfo-en-puerto\\\/#breadcrumb\",\"itemListElement\":[{\"@type\":\"ListItem\",\"position\":1,\"name\":\"Portada\",\"item\":\"https:\\\/\\\/contrastes.com.co\\\/web\\\/\"},{\"@type\":\"ListItem\",\"position\":2,\"name\":\"Capturan a alias &#8216;Salchich\u00f3n&#8217;, presunto cabecilla del &#8216;Clan del Golfo&#8217; en Puerto\"}]},{\"@type\":\"WebSite\",\"@id\":\"https:\\\/\\\/contrastes.com.co\\\/web\\\/#website\",\"url\":\"https:\\\/\\\/contrastes.com.co\\\/web\\\/\",\"name\":\"Contrastes\",\"description\":\"Periodismo de Conciencia\",\"publisher\":{\"@id\":\"https:\\\/\\\/contrastes.com.co\\\/web\\\/#organization\"},\"potentialAction\":[{\"@type\":\"SearchAction\",\"target\":{\"@type\":\"EntryPoint\",\"urlTemplate\":\"https:\\\/\\\/contrastes.com.co\\\/web\\\/?s={search_term_string}\"},\"query-input\":{\"@type\":\"PropertyValueSpecification\",\"valueRequired\":true,\"valueName\":\"search_term_string\"}}],\"inLanguage\":\"es\"},{\"@type\":\"Organization\",\"@id\":\"https:\\\/\\\/contrastes.com.co\\\/web\\\/#organization\",\"name\":\"Contrastes\",\"url\":\"https:\\\/\\\/contrastes.com.co\\\/web\\\/\",\"logo\":{\"@type\":\"ImageObject\",\"inLanguage\":\"es\",\"@id\":\"https:\\\/\\\/contrastes.com.co\\\/web\\\/#\\\/schema\\\/logo\\\/image\\\/\",\"url\":\"https:\\\/\\\/contrastes.com.co\\\/web\\\/wp-content\\\/uploads\\\/2025\\\/04\\\/15CONTRASTES3.png\",\"contentUrl\":\"https:\\\/\\\/contrastes.com.co\\\/web\\\/wp-content\\\/uploads\\\/2025\\\/04\\\/15CONTRASTES3.png\",\"width\":1536,\"height\":231,\"caption\":\"Contrastes\"},\"image\":{\"@id\":\"https:\\\/\\\/contrastes.com.co\\\/web\\\/#\\\/schema\\\/logo\\\/image\\\/\"},\"sameAs\":[\"https:\\\/\\\/www.facebook.com\\\/guillo.pantoja.1\"]},{\"@type\":\"Person\",\"@id\":\"https:\\\/\\\/contrastes.com.co\\\/web\\\/#\\\/schema\\\/person\\\/62ef7a62dc4da6de450c71fc2e95ed02\",\"name\":\"Editor\",\"image\":{\"@type\":\"ImageObject\",\"inLanguage\":\"es\",\"@id\":\"https:\\\/\\\/secure.gravatar.com\\\/avatar\\\/7bbb4f718d74bbf600dc556253bb04fd7ac8593751d6e2e3b85432d98aefae80?s=96&d=mm&r=g\",\"url\":\"https:\\\/\\\/secure.gravatar.com\\\/avatar\\\/7bbb4f718d74bbf600dc556253bb04fd7ac8593751d6e2e3b85432d98aefae80?s=96&d=mm&r=g\",\"contentUrl\":\"https:\\\/\\\/secure.gravatar.com\\\/avatar\\\/7bbb4f718d74bbf600dc556253bb04fd7ac8593751d6e2e3b85432d98aefae80?s=96&d=mm&r=g\",\"caption\":\"Editor\"},\"sameAs\":[\"https:\\\/\\\/contrastes.com.co\\\/web\"],\"url\":\"https:\\\/\\\/contrastes.com.co\\\/web\\\/author\\\/jdbobadilla\\\/\"}]}<\/script>\n<!-- \/ Yoast SEO plugin. -->","yoast_head_json":{"title":"Capturan a alias 'Salchich\u00f3n', presunto cabecilla del 'Clan del Golfo' en Puerto - Constrastes","description":"\"En las \u00faltimas horas, la Polic\u00eda Metropolitana de Barranquilla captura a alias 'Salchich\u00f3n' o 'Soldadito', quien presuntamente ser\u00eda integrante del 'Clan del Golfo', con injerencia en el municipio de Puerto Colombia\", dijo el coronel Marco Ospina, subcomandante de la Polic\u00eda Metropolitana de Barranquilla a\u00f1adiendo que el capturado fue conducido a la URI de la Fiscal\u00eda.","robots":{"index":"index","follow":"follow","max-snippet":"max-snippet:-1","max-image-preview":"max-image-preview:large","max-video-preview":"max-video-preview:-1"},"canonical":"https:\/\/contrastes.com.co\/web\/2022\/09\/02\/capturan-a-alias-salchichon-presunto-cabecilla-del-clan-del-golfo-en-puerto\/","og_locale":"es_ES","og_type":"article","og_title":"Capturan a alias 'Salchich\u00f3n', presunto cabecilla del 'Clan del Golfo' en Puerto - Constrastes","og_description":"\"En las \u00faltimas horas, la Polic\u00eda Metropolitana de Barranquilla captura a alias 'Salchich\u00f3n' o 'Soldadito', quien presuntamente ser\u00eda integrante del 'Clan del Golfo', con injerencia en el municipio de Puerto Colombia\", dijo el coronel Marco Ospina, subcomandante de la Polic\u00eda Metropolitana de Barranquilla a\u00f1adiendo que el capturado fue conducido a la URI de la Fiscal\u00eda.","og_url":"https:\/\/contrastes.com.co\/web\/2022\/09\/02\/capturan-a-alias-salchichon-presunto-cabecilla-del-clan-del-golfo-en-puerto\/","og_site_name":"Constrastes","article_publisher":"https:\/\/www.facebook.com\/guillo.pantoja.1","article_published_time":"2022-09-02T20:36:01+00:00","author":"Editor","twitter_card":"summary_large_image","twitter_misc":{"Escrito por":"Editor","Tiempo de lectura":"1 minuto"},"schema":{"@context":"https:\/\/schema.org","@graph":[{"@type":"Article","@id":"https:\/\/contrastes.com.co\/web\/2022\/09\/02\/capturan-a-alias-salchichon-presunto-cabecilla-del-clan-del-golfo-en-puerto\/#article","isPartOf":{"@id":"https:\/\/contrastes.com.co\/web\/2022\/09\/02\/capturan-a-alias-salchichon-presunto-cabecilla-del-clan-del-golfo-en-puerto\/"},"author":{"name":"Editor","@id":"https:\/\/contrastes.com.co\/web\/#\/schema\/person\/62ef7a62dc4da6de450c71fc2e95ed02"},"headline":"Capturan a alias &#8216;Salchich\u00f3n&#8217;, presunto cabecilla del &#8216;Clan del Golfo&#8217; en Puerto","datePublished":"2022-09-02T20:36:01+00:00","mainEntityOfPage":{"@id":"https:\/\/contrastes.com.co\/web\/2022\/09\/02\/capturan-a-alias-salchichon-presunto-cabecilla-del-clan-del-golfo-en-puerto\/"},"wordCount":204,"commentCount":0,"publisher":{"@id":"https:\/\/contrastes.com.co\/web\/#organization"},"image":{"@id":"https:\/\/contrastes.com.co\/web\/2022\/09\/02\/capturan-a-alias-salchichon-presunto-cabecilla-del-clan-del-golfo-en-puerto\/#primaryimage"},"thumbnailUrl":"","keywords":["Clan del Golfo","municipio de Puerto Colombia","Polic\u00eda Metropolitana de Barranquilla"],"articleSection":["Bandas Criminales","Judicial","Regi\u00f3n"],"inLanguage":"es","potentialAction":[{"@type":"CommentAction","name":"Comment","target":["https:\/\/contrastes.com.co\/web\/2022\/09\/02\/capturan-a-alias-salchichon-presunto-cabecilla-del-clan-del-golfo-en-puerto\/#respond"]}]},{"@type":"WebPage","@id":"https:\/\/contrastes.com.co\/web\/2022\/09\/02\/capturan-a-alias-salchichon-presunto-cabecilla-del-clan-del-golfo-en-puerto\/","url":"https:\/\/contrastes.com.co\/web\/2022\/09\/02\/capturan-a-alias-salchichon-presunto-cabecilla-del-clan-del-golfo-en-puerto\/","name":"Capturan a alias 'Salchich\u00f3n', presunto cabecilla del 'Clan del Golfo' en Puerto - Constrastes","isPartOf":{"@id":"https:\/\/contrastes.com.co\/web\/#website"},"primaryImageOfPage":{"@id":"https:\/\/contrastes.com.co\/web\/2022\/09\/02\/capturan-a-alias-salchichon-presunto-cabecilla-del-clan-del-golfo-en-puerto\/#primaryimage"},"image":{"@id":"https:\/\/contrastes.com.co\/web\/2022\/09\/02\/capturan-a-alias-salchichon-presunto-cabecilla-del-clan-del-golfo-en-puerto\/#primaryimage"},"thumbnailUrl":"","datePublished":"2022-09-02T20:36:01+00:00","description":"\"En las \u00faltimas horas, la Polic\u00eda Metropolitana de Barranquilla captura a alias 'Salchich\u00f3n' o 'Soldadito', quien presuntamente ser\u00eda integrante del 'Clan del Golfo', con injerencia en el municipio de Puerto Colombia\", dijo el coronel Marco Ospina, subcomandante de la Polic\u00eda Metropolitana de Barranquilla a\u00f1adiendo que el capturado fue conducido a la URI de la Fiscal\u00eda.","breadcrumb":{"@id":"https:\/\/contrastes.com.co\/web\/2022\/09\/02\/capturan-a-alias-salchichon-presunto-cabecilla-del-clan-del-golfo-en-puerto\/#breadcrumb"},"inLanguage":"es","potentialAction":[{"@type":"ReadAction","target":["https:\/\/contrastes.com.co\/web\/2022\/09\/02\/capturan-a-alias-salchichon-presunto-cabecilla-del-clan-del-golfo-en-puerto\/"]}]},{"@type":"ImageObject","inLanguage":"es","@id":"https:\/\/contrastes.com.co\/web\/2022\/09\/02\/capturan-a-alias-salchichon-presunto-cabecilla-del-clan-del-golfo-en-puerto\/#primaryimage","url":"","contentUrl":""},{"@type":"BreadcrumbList","@id":"https:\/\/contrastes.com.co\/web\/2022\/09\/02\/capturan-a-alias-salchichon-presunto-cabecilla-del-clan-del-golfo-en-puerto\/#breadcrumb","itemListElement":[{"@type":"ListItem","position":1,"name":"Portada","item":"https:\/\/contrastes.com.co\/web\/"},{"@type":"ListItem","position":2,"name":"Capturan a alias &#8216;Salchich\u00f3n&#8217;, presunto cabecilla del &#8216;Clan del Golfo&#8217; en Puerto"}]},{"@type":"WebSite","@id":"https:\/\/contrastes.com.co\/web\/#website","url":"https:\/\/contrastes.com.co\/web\/","name":"Contrastes","description":"Periodismo de Conciencia","publisher":{"@id":"https:\/\/contrastes.com.co\/web\/#organization"},"potentialAction":[{"@type":"SearchAction","target":{"@type":"EntryPoint","urlTemplate":"https:\/\/contrastes.com.co\/web\/?s={search_term_string}"},"query-input":{"@type":"PropertyValueSpecification","valueRequired":true,"valueName":"search_term_string"}}],"inLanguage":"es"},{"@type":"Organization","@id":"https:\/\/contrastes.com.co\/web\/#organization","name":"Contrastes","url":"https:\/\/contrastes.com.co\/web\/","logo":{"@type":"ImageObject","inLanguage":"es","@id":"https:\/\/contrastes.com.co\/web\/#\/schema\/logo\/image\/","url":"https:\/\/contrastes.com.co\/web\/wp-content\/uploads\/2025\/04\/15CONTRASTES3.png","contentUrl":"https:\/\/contrastes.com.co\/web\/wp-content\/uploads\/2025\/04\/15CONTRASTES3.png","width":1536,"height":231,"caption":"Contrastes"},"image":{"@id":"https:\/\/contrastes.com.co\/web\/#\/schema\/logo\/image\/"},"sameAs":["https:\/\/www.facebook.com\/guillo.pantoja.1"]},{"@type":"Person","@id":"https:\/\/contrastes.com.co\/web\/#\/schema\/person\/62ef7a62dc4da6de450c71fc2e95ed02","name":"Editor","image":{"@type":"ImageObject","inLanguage":"es","@id":"https:\/\/secure.gravatar.com\/avatar\/7bbb4f718d74bbf600dc556253bb04fd7ac8593751d6e2e3b85432d98aefae80?s=96&d=mm&r=g","url":"https:\/\/secure.gravatar.com\/avatar\/7bbb4f718d74bbf600dc556253bb04fd7ac8593751d6e2e3b85432d98aefae80?s=96&d=mm&r=g","contentUrl":"https:\/\/secure.gravatar.com\/avatar\/7bbb4f718d74bbf600dc556253bb04fd7ac8593751d6e2e3b85432d98aefae80?s=96&d=mm&r=g","caption":"Editor"},"sameAs":["https:\/\/contrastes.com.co\/web"],"url":"https:\/\/contrastes.com.co\/web\/author\/jdbobadilla\/"}]}},"blog_post_layout_featured_media_urls":{"thumbnail":"","full":""},"categories_names":{"6799":{"name":"Bandas Criminales","link":"https:\/\/contrastes.com.co\/web\/category\/bandas-criminales\/"},"172":{"name":"Judicial","link":"https:\/\/contrastes.com.co\/web\/category\/judicial\/"},"24":{"name":"Regi\u00f3n","link":"https:\/\/contrastes.com.co\/web\/category\/region\/"}},"tags_names":{"5448":{"name":"Clan del Golfo","link":"https:\/\/contrastes.com.co\/web\/tag\/clan-del-golfo\/"},"592":{"name":"municipio de Puerto Colombia","link":"https:\/\/contrastes.com.co\/web\/tag\/municipio-de-puerto-colombia\/"},"20":{"name":"Polic\u00eda Metropolitana de Barranquilla","link":"https:\/\/contrastes.com.co\/web\/tag\/policia-metropolitana-de-barranquilla\/"}},"comments_number":"0","wpmagazine_modules_lite_featured_media_urls":{"thumbnail":"","cvmm-medium":"","cvmm-medium-plus":"","cvmm-portrait":"","cvmm-medium-square":"","cvmm-large":"","cvmm-small":"","full":""},"_links":{"self":[{"href":"https:\/\/contrastes.com.co\/web\/wp-json\/wp\/v2\/posts\/11133","targetHints":{"allow":["GET"]}}],"collection":[{"href":"https:\/\/contrastes.com.co\/web\/wp-json\/wp\/v2\/posts"}],"about":[{"href":"https:\/\/contrastes.com.co\/web\/wp-json\/wp\/v2\/types\/post"}],"author":[{"embeddable":true,"href":"https:\/\/contrastes.com.co\/web\/wp-json\/wp\/v2\/users\/1"}],"replies":[{"embeddable":true,"href":"https:\/\/contrastes.com.co\/web\/wp-json\/wp\/v2\/comments?post=11133"}],"version-history":[{"count":0,"href":"https:\/\/contrastes.com.co\/web\/wp-json\/wp\/v2\/posts\/11133\/revisions"}],"wp:attachment":[{"href":"https:\/\/contrastes.com.co\/web\/wp-json\/wp\/v2\/media?parent=11133"}],"wp:term":[{"taxonomy":"category","embeddable":true,"href":"https:\/\/contrastes.com.co\/web\/wp-json\/wp\/v2\/categories?post=11133"},{"taxonomy":"post_tag","embeddable":true,"href":"https:\/\/contrastes.com.co\/web\/wp-json\/wp\/v2\/tags?post=11133"}],"curies":[{"name":"wp","href":"https:\/\/api.w.org\/{rel}","templated":true}]}}