{"id":11195,"date":"2022-09-06T15:07:40","date_gmt":"2022-09-06T20:07:40","guid":{"rendered":"https:\/\/contrastes.com.co\/digital\/?p=11195"},"modified":"2022-09-06T15:07:40","modified_gmt":"2022-09-06T20:07:40","slug":"carcel-para-12-senalados-de-alterar-alimentos-en-mal-estado-destinados-al-pae","status":"publish","type":"post","link":"https:\/\/contrastes.com.co\/web\/2022\/09\/06\/carcel-para-12-senalados-de-alterar-alimentos-en-mal-estado-destinados-al-pae\/","title":{"rendered":"C\u00e1rcel para 12 se\u00f1alados de alterar alimentos en mal estado destinados al PAE"},"content":{"rendered":"<p><strong>*C\u00e1rcel para 12 se\u00f1alados de alterar alimentos en mal estado destinados al PAE<\/strong><\/p>\n<blockquote><p><strong>Autoridades incautaron aproximadamente 70 toneladas de insumos contaminados. Tambi\u00e9n son se\u00f1alados de distribuir productos de aseo y medicamentos vencidos en tiendas y droguer\u00edas.<\/strong><\/p><\/blockquote>\n<p><img decoding=\"async\" class=\"alignleft  wp-image-8657\" src=\"https:\/\/contrastes.com.co\/digital\/wp-content\/uploads\/2022\/03\/u-capitular.png\" alt=\"u capitular\" width=\"59\" height=\"59\" \/>n trabajo investigativo y articulado de la Fiscal\u00eda General de la Naci\u00f3n, el Ej\u00e9rcito Nacional, INVIMA, Secretar\u00edas de Salud y peritos especializados, permiti\u00f3\u0301 impactar una red que ser\u00eda responsable de alterar y comercializar alimentos de la canasta familiar, productos de aseo y medicamentos vencidos, a proveedores que contratan y licitan con el Programa de Alimentaci\u00f3n Escolar (PAE) y el Instituto Colombiano de Bienestar Familiar (ICBF).<\/p>\n<p>Fueron capturadas <strong>12 personas en diligencias realizadas en Medell\u00edn (Antioquia), Barranquilla (Atl\u00e1ntico) y Bucaramanga (Santander)<\/strong> donde adem\u00e1s se incautaron aproximadamente 70 toneladas productos manipulados y en malas condiciones sanitarias.<\/p>\n<p><strong>Los procesados son: Robinson Varo\u0301n Cano, Yoni Alexander Naranjo Parra, Lisdley Herrera Montoya, Gloria Teresa Reyes Lozano, Jairo Quintero Felizzola, Jes\u00fas Arnulfo Giraldo Aristizabal, Jhon Fredy Sierra Ospina, Jos\u00e9\u0301 William Giraldo G\u00f3mez, Farley Alberto Jim\u00e9nez Maci\u0301as, Javier D\u00edaz Plata, Doris Cardozo Duarte, y \u00c1lvaro Quintero Guti\u00e9rrez<\/strong>.<\/p>\n<p>Los presentaron ante jueces de control de garant\u00edas a los sen\u0303alados responsables de estas actividades ilegales, y les fueron imputados, de acuerdo con su participaci\u00f3n y posible responsabilidad, los delitos de: corrupci\u00f3n de alimentos, productos m\u00e9dicos y material profil\u00e1ctico; imitaci\u00f3n o simulaci\u00f3n de alimentos, productos o sustancias; usurpaci\u00f3n de derechos de propiedad industrial; y concierto para delinquir.<\/p>\n<p>Estas personas recibieron medidas privativas de la libertad.<\/p>\n","protected":false},"excerpt":{"rendered":"<p>Un trabajo investigativo y articulado de la Fiscal\u00eda General de la Naci\u00f3n, el Ej\u00e9rcito Nacional, INVIMA, Secretar\u00edas de Salud y peritos especializados, permiti\u00f3\u0301 impactar una red que ser\u00eda responsable de alterar y comercializar alimentos de la canasta familiar, productos de aseo y medicamentos vencidos, a proveedores que contratan y licitan con el Programa de Alimentaci\u00f3n Escolar (PAE) y el Instituto Colombiano de Bienestar Familiar (ICBF).<\/p>\n","protected":false},"author":1,"featured_media":11196,"comment_status":"open","ping_status":"open","sticky":false,"template":"","format":"standard","meta":{"footnotes":""},"categories":[172,101,24],"tags":[6896,6897,6898],"class_list":["post-11195","post","type-post","status-publish","format-standard","has-post-thumbnail","hentry","category-judicial","category-pais","category-region","tag-12-capturados","tag-alteraban-alimentos","tag-plan-de-alimentacion-escolar-pae"],"yoast_head":"<!-- This site is optimized with the Yoast SEO plugin v27.7 - https:\/\/yoast.com\/product\/yoast-seo-wordpress\/ -->\n<title>C\u00e1rcel para 12 se\u00f1alados de alterar alimentos en mal estado destinados al PAE - Constrastes<\/title>\n<meta name=\"description\" content=\"Un trabajo investigativo y articulado de la Fiscal\u00eda General de la Naci\u00f3n, el Ej\u00e9rcito Nacional, INVIMA, Secretar\u00edas de Salud y peritos especializados, permiti\u00f3\u0301 impactar una red que ser\u00eda responsable de alterar y comercializar alimentos de la canasta familiar, productos de aseo y medicamentos vencidos, a proveedores que contratan y licitan con el Programa de Alimentaci\u00f3n Escolar (PAE) y el Instituto Colombiano de Bienestar Familiar (ICBF).\" \/>\n<meta name=\"robots\" content=\"index, follow, max-snippet:-1, max-image-preview:large, max-video-preview:-1\" \/>\n<link rel=\"canonical\" href=\"https:\/\/contrastes.com.co\/web\/2022\/09\/06\/carcel-para-12-senalados-de-alterar-alimentos-en-mal-estado-destinados-al-pae\/\" \/>\n<meta property=\"og:locale\" content=\"es_ES\" \/>\n<meta property=\"og:type\" content=\"article\" \/>\n<meta property=\"og:title\" content=\"C\u00e1rcel para 12 se\u00f1alados de alterar alimentos en mal estado destinados al PAE - Constrastes\" \/>\n<meta property=\"og:description\" content=\"Un trabajo investigativo y articulado de la Fiscal\u00eda General de la Naci\u00f3n, el Ej\u00e9rcito Nacional, INVIMA, Secretar\u00edas de Salud y peritos especializados, permiti\u00f3\u0301 impactar una red que ser\u00eda responsable de alterar y comercializar alimentos de la canasta familiar, productos de aseo y medicamentos vencidos, a proveedores que contratan y licitan con el Programa de Alimentaci\u00f3n Escolar (PAE) y el Instituto Colombiano de Bienestar Familiar (ICBF).\" \/>\n<meta property=\"og:url\" content=\"https:\/\/contrastes.com.co\/web\/2022\/09\/06\/carcel-para-12-senalados-de-alterar-alimentos-en-mal-estado-destinados-al-pae\/\" \/>\n<meta property=\"og:site_name\" content=\"Constrastes\" \/>\n<meta property=\"article:publisher\" content=\"https:\/\/www.facebook.com\/guillo.pantoja.1\" \/>\n<meta property=\"article:published_time\" content=\"2022-09-06T20:07:40+00:00\" \/>\n<meta name=\"author\" content=\"Editor\" \/>\n<meta name=\"twitter:card\" content=\"summary_large_image\" \/>\n<meta name=\"twitter:label1\" content=\"Escrito por\" \/>\n\t<meta name=\"twitter:data1\" content=\"Editor\" \/>\n\t<meta name=\"twitter:label2\" content=\"Tiempo de lectura\" \/>\n\t<meta name=\"twitter:data2\" content=\"1 minuto\" \/>\n<script type=\"application\/ld+json\" class=\"yoast-schema-graph\">{\"@context\":\"https:\\\/\\\/schema.org\",\"@graph\":[{\"@type\":\"Article\",\"@id\":\"https:\\\/\\\/contrastes.com.co\\\/web\\\/2022\\\/09\\\/06\\\/carcel-para-12-senalados-de-alterar-alimentos-en-mal-estado-destinados-al-pae\\\/#article\",\"isPartOf\":{\"@id\":\"https:\\\/\\\/contrastes.com.co\\\/web\\\/2022\\\/09\\\/06\\\/carcel-para-12-senalados-de-alterar-alimentos-en-mal-estado-destinados-al-pae\\\/\"},\"author\":{\"name\":\"Editor\",\"@id\":\"https:\\\/\\\/contrastes.com.co\\\/web\\\/#\\\/schema\\\/person\\\/62ef7a62dc4da6de450c71fc2e95ed02\"},\"headline\":\"C\u00e1rcel para 12 se\u00f1alados de alterar alimentos en mal estado destinados al PAE\",\"datePublished\":\"2022-09-06T20:07:40+00:00\",\"mainEntityOfPage\":{\"@id\":\"https:\\\/\\\/contrastes.com.co\\\/web\\\/2022\\\/09\\\/06\\\/carcel-para-12-senalados-de-alterar-alimentos-en-mal-estado-destinados-al-pae\\\/\"},\"wordCount\":281,\"commentCount\":0,\"publisher\":{\"@id\":\"https:\\\/\\\/contrastes.com.co\\\/web\\\/#organization\"},\"image\":{\"@id\":\"https:\\\/\\\/contrastes.com.co\\\/web\\\/2022\\\/09\\\/06\\\/carcel-para-12-senalados-de-alterar-alimentos-en-mal-estado-destinados-al-pae\\\/#primaryimage\"},\"thumbnailUrl\":\"\",\"keywords\":[\"12 capturados\",\"alteraban alimentos\",\"Plan de Alimentaci\u00f3n Escolar PAE\"],\"articleSection\":[\"Judicial\",\"Pa\u00eds\",\"Regi\u00f3n\"],\"inLanguage\":\"es\",\"potentialAction\":[{\"@type\":\"CommentAction\",\"name\":\"Comment\",\"target\":[\"https:\\\/\\\/contrastes.com.co\\\/web\\\/2022\\\/09\\\/06\\\/carcel-para-12-senalados-de-alterar-alimentos-en-mal-estado-destinados-al-pae\\\/#respond\"]}]},{\"@type\":\"WebPage\",\"@id\":\"https:\\\/\\\/contrastes.com.co\\\/web\\\/2022\\\/09\\\/06\\\/carcel-para-12-senalados-de-alterar-alimentos-en-mal-estado-destinados-al-pae\\\/\",\"url\":\"https:\\\/\\\/contrastes.com.co\\\/web\\\/2022\\\/09\\\/06\\\/carcel-para-12-senalados-de-alterar-alimentos-en-mal-estado-destinados-al-pae\\\/\",\"name\":\"C\u00e1rcel para 12 se\u00f1alados de alterar alimentos en mal estado destinados al PAE - Constrastes\",\"isPartOf\":{\"@id\":\"https:\\\/\\\/contrastes.com.co\\\/web\\\/#website\"},\"primaryImageOfPage\":{\"@id\":\"https:\\\/\\\/contrastes.com.co\\\/web\\\/2022\\\/09\\\/06\\\/carcel-para-12-senalados-de-alterar-alimentos-en-mal-estado-destinados-al-pae\\\/#primaryimage\"},\"image\":{\"@id\":\"https:\\\/\\\/contrastes.com.co\\\/web\\\/2022\\\/09\\\/06\\\/carcel-para-12-senalados-de-alterar-alimentos-en-mal-estado-destinados-al-pae\\\/#primaryimage\"},\"thumbnailUrl\":\"\",\"datePublished\":\"2022-09-06T20:07:40+00:00\",\"description\":\"Un trabajo investigativo y articulado de la Fiscal\u00eda General de la Naci\u00f3n, el Ej\u00e9rcito Nacional, INVIMA, Secretar\u00edas de Salud y peritos especializados, permiti\u00f3\u0301 impactar una red que ser\u00eda responsable de alterar y comercializar alimentos de la canasta familiar, productos de aseo y medicamentos vencidos, a proveedores que contratan y licitan con el Programa de Alimentaci\u00f3n Escolar (PAE) y el Instituto Colombiano de Bienestar Familiar (ICBF).\",\"breadcrumb\":{\"@id\":\"https:\\\/\\\/contrastes.com.co\\\/web\\\/2022\\\/09\\\/06\\\/carcel-para-12-senalados-de-alterar-alimentos-en-mal-estado-destinados-al-pae\\\/#breadcrumb\"},\"inLanguage\":\"es\",\"potentialAction\":[{\"@type\":\"ReadAction\",\"target\":[\"https:\\\/\\\/contrastes.com.co\\\/web\\\/2022\\\/09\\\/06\\\/carcel-para-12-senalados-de-alterar-alimentos-en-mal-estado-destinados-al-pae\\\/\"]}]},{\"@type\":\"ImageObject\",\"inLanguage\":\"es\",\"@id\":\"https:\\\/\\\/contrastes.com.co\\\/web\\\/2022\\\/09\\\/06\\\/carcel-para-12-senalados-de-alterar-alimentos-en-mal-estado-destinados-al-pae\\\/#primaryimage\",\"url\":\"\",\"contentUrl\":\"\"},{\"@type\":\"BreadcrumbList\",\"@id\":\"https:\\\/\\\/contrastes.com.co\\\/web\\\/2022\\\/09\\\/06\\\/carcel-para-12-senalados-de-alterar-alimentos-en-mal-estado-destinados-al-pae\\\/#breadcrumb\",\"itemListElement\":[{\"@type\":\"ListItem\",\"position\":1,\"name\":\"Portada\",\"item\":\"https:\\\/\\\/contrastes.com.co\\\/web\\\/\"},{\"@type\":\"ListItem\",\"position\":2,\"name\":\"C\u00e1rcel para 12 se\u00f1alados de alterar alimentos en mal estado destinados al PAE\"}]},{\"@type\":\"WebSite\",\"@id\":\"https:\\\/\\\/contrastes.com.co\\\/web\\\/#website\",\"url\":\"https:\\\/\\\/contrastes.com.co\\\/web\\\/\",\"name\":\"Contrastes\",\"description\":\"Periodismo de Conciencia\",\"publisher\":{\"@id\":\"https:\\\/\\\/contrastes.com.co\\\/web\\\/#organization\"},\"potentialAction\":[{\"@type\":\"SearchAction\",\"target\":{\"@type\":\"EntryPoint\",\"urlTemplate\":\"https:\\\/\\\/contrastes.com.co\\\/web\\\/?s={search_term_string}\"},\"query-input\":{\"@type\":\"PropertyValueSpecification\",\"valueRequired\":true,\"valueName\":\"search_term_string\"}}],\"inLanguage\":\"es\"},{\"@type\":\"Organization\",\"@id\":\"https:\\\/\\\/contrastes.com.co\\\/web\\\/#organization\",\"name\":\"Contrastes\",\"url\":\"https:\\\/\\\/contrastes.com.co\\\/web\\\/\",\"logo\":{\"@type\":\"ImageObject\",\"inLanguage\":\"es\",\"@id\":\"https:\\\/\\\/contrastes.com.co\\\/web\\\/#\\\/schema\\\/logo\\\/image\\\/\",\"url\":\"https:\\\/\\\/contrastes.com.co\\\/web\\\/wp-content\\\/uploads\\\/2025\\\/04\\\/15CONTRASTES3.png\",\"contentUrl\":\"https:\\\/\\\/contrastes.com.co\\\/web\\\/wp-content\\\/uploads\\\/2025\\\/04\\\/15CONTRASTES3.png\",\"width\":1536,\"height\":231,\"caption\":\"Contrastes\"},\"image\":{\"@id\":\"https:\\\/\\\/contrastes.com.co\\\/web\\\/#\\\/schema\\\/logo\\\/image\\\/\"},\"sameAs\":[\"https:\\\/\\\/www.facebook.com\\\/guillo.pantoja.1\"]},{\"@type\":\"Person\",\"@id\":\"https:\\\/\\\/contrastes.com.co\\\/web\\\/#\\\/schema\\\/person\\\/62ef7a62dc4da6de450c71fc2e95ed02\",\"name\":\"Editor\",\"image\":{\"@type\":\"ImageObject\",\"inLanguage\":\"es\",\"@id\":\"https:\\\/\\\/secure.gravatar.com\\\/avatar\\\/7bbb4f718d74bbf600dc556253bb04fd7ac8593751d6e2e3b85432d98aefae80?s=96&d=mm&r=g\",\"url\":\"https:\\\/\\\/secure.gravatar.com\\\/avatar\\\/7bbb4f718d74bbf600dc556253bb04fd7ac8593751d6e2e3b85432d98aefae80?s=96&d=mm&r=g\",\"contentUrl\":\"https:\\\/\\\/secure.gravatar.com\\\/avatar\\\/7bbb4f718d74bbf600dc556253bb04fd7ac8593751d6e2e3b85432d98aefae80?s=96&d=mm&r=g\",\"caption\":\"Editor\"},\"sameAs\":[\"https:\\\/\\\/contrastes.com.co\\\/web\"],\"url\":\"https:\\\/\\\/contrastes.com.co\\\/web\\\/author\\\/jdbobadilla\\\/\"}]}<\/script>\n<!-- \/ Yoast SEO plugin. -->","yoast_head_json":{"title":"C\u00e1rcel para 12 se\u00f1alados de alterar alimentos en mal estado destinados al PAE - Constrastes","description":"Un trabajo investigativo y articulado de la Fiscal\u00eda General de la Naci\u00f3n, el Ej\u00e9rcito Nacional, INVIMA, Secretar\u00edas de Salud y peritos especializados, permiti\u00f3\u0301 impactar una red que ser\u00eda responsable de alterar y comercializar alimentos de la canasta familiar, productos de aseo y medicamentos vencidos, a proveedores que contratan y licitan con el Programa de Alimentaci\u00f3n Escolar (PAE) y el Instituto Colombiano de Bienestar Familiar (ICBF).","robots":{"index":"index","follow":"follow","max-snippet":"max-snippet:-1","max-image-preview":"max-image-preview:large","max-video-preview":"max-video-preview:-1"},"canonical":"https:\/\/contrastes.com.co\/web\/2022\/09\/06\/carcel-para-12-senalados-de-alterar-alimentos-en-mal-estado-destinados-al-pae\/","og_locale":"es_ES","og_type":"article","og_title":"C\u00e1rcel para 12 se\u00f1alados de alterar alimentos en mal estado destinados al PAE - Constrastes","og_description":"Un trabajo investigativo y articulado de la Fiscal\u00eda General de la Naci\u00f3n, el Ej\u00e9rcito Nacional, INVIMA, Secretar\u00edas de Salud y peritos especializados, permiti\u00f3\u0301 impactar una red que ser\u00eda responsable de alterar y comercializar alimentos de la canasta familiar, productos de aseo y medicamentos vencidos, a proveedores que contratan y licitan con el Programa de Alimentaci\u00f3n Escolar (PAE) y el Instituto Colombiano de Bienestar Familiar (ICBF).","og_url":"https:\/\/contrastes.com.co\/web\/2022\/09\/06\/carcel-para-12-senalados-de-alterar-alimentos-en-mal-estado-destinados-al-pae\/","og_site_name":"Constrastes","article_publisher":"https:\/\/www.facebook.com\/guillo.pantoja.1","article_published_time":"2022-09-06T20:07:40+00:00","author":"Editor","twitter_card":"summary_large_image","twitter_misc":{"Escrito por":"Editor","Tiempo de lectura":"1 minuto"},"schema":{"@context":"https:\/\/schema.org","@graph":[{"@type":"Article","@id":"https:\/\/contrastes.com.co\/web\/2022\/09\/06\/carcel-para-12-senalados-de-alterar-alimentos-en-mal-estado-destinados-al-pae\/#article","isPartOf":{"@id":"https:\/\/contrastes.com.co\/web\/2022\/09\/06\/carcel-para-12-senalados-de-alterar-alimentos-en-mal-estado-destinados-al-pae\/"},"author":{"name":"Editor","@id":"https:\/\/contrastes.com.co\/web\/#\/schema\/person\/62ef7a62dc4da6de450c71fc2e95ed02"},"headline":"C\u00e1rcel para 12 se\u00f1alados de alterar alimentos en mal estado destinados al PAE","datePublished":"2022-09-06T20:07:40+00:00","mainEntityOfPage":{"@id":"https:\/\/contrastes.com.co\/web\/2022\/09\/06\/carcel-para-12-senalados-de-alterar-alimentos-en-mal-estado-destinados-al-pae\/"},"wordCount":281,"commentCount":0,"publisher":{"@id":"https:\/\/contrastes.com.co\/web\/#organization"},"image":{"@id":"https:\/\/contrastes.com.co\/web\/2022\/09\/06\/carcel-para-12-senalados-de-alterar-alimentos-en-mal-estado-destinados-al-pae\/#primaryimage"},"thumbnailUrl":"","keywords":["12 capturados","alteraban alimentos","Plan de Alimentaci\u00f3n Escolar PAE"],"articleSection":["Judicial","Pa\u00eds","Regi\u00f3n"],"inLanguage":"es","potentialAction":[{"@type":"CommentAction","name":"Comment","target":["https:\/\/contrastes.com.co\/web\/2022\/09\/06\/carcel-para-12-senalados-de-alterar-alimentos-en-mal-estado-destinados-al-pae\/#respond"]}]},{"@type":"WebPage","@id":"https:\/\/contrastes.com.co\/web\/2022\/09\/06\/carcel-para-12-senalados-de-alterar-alimentos-en-mal-estado-destinados-al-pae\/","url":"https:\/\/contrastes.com.co\/web\/2022\/09\/06\/carcel-para-12-senalados-de-alterar-alimentos-en-mal-estado-destinados-al-pae\/","name":"C\u00e1rcel para 12 se\u00f1alados de alterar alimentos en mal estado destinados al PAE - Constrastes","isPartOf":{"@id":"https:\/\/contrastes.com.co\/web\/#website"},"primaryImageOfPage":{"@id":"https:\/\/contrastes.com.co\/web\/2022\/09\/06\/carcel-para-12-senalados-de-alterar-alimentos-en-mal-estado-destinados-al-pae\/#primaryimage"},"image":{"@id":"https:\/\/contrastes.com.co\/web\/2022\/09\/06\/carcel-para-12-senalados-de-alterar-alimentos-en-mal-estado-destinados-al-pae\/#primaryimage"},"thumbnailUrl":"","datePublished":"2022-09-06T20:07:40+00:00","description":"Un trabajo investigativo y articulado de la Fiscal\u00eda General de la Naci\u00f3n, el Ej\u00e9rcito Nacional, INVIMA, Secretar\u00edas de Salud y peritos especializados, permiti\u00f3\u0301 impactar una red que ser\u00eda responsable de alterar y comercializar alimentos de la canasta familiar, productos de aseo y medicamentos vencidos, a proveedores que contratan y licitan con el Programa de Alimentaci\u00f3n Escolar (PAE) y el Instituto Colombiano de Bienestar Familiar (ICBF).","breadcrumb":{"@id":"https:\/\/contrastes.com.co\/web\/2022\/09\/06\/carcel-para-12-senalados-de-alterar-alimentos-en-mal-estado-destinados-al-pae\/#breadcrumb"},"inLanguage":"es","potentialAction":[{"@type":"ReadAction","target":["https:\/\/contrastes.com.co\/web\/2022\/09\/06\/carcel-para-12-senalados-de-alterar-alimentos-en-mal-estado-destinados-al-pae\/"]}]},{"@type":"ImageObject","inLanguage":"es","@id":"https:\/\/contrastes.com.co\/web\/2022\/09\/06\/carcel-para-12-senalados-de-alterar-alimentos-en-mal-estado-destinados-al-pae\/#primaryimage","url":"","contentUrl":""},{"@type":"BreadcrumbList","@id":"https:\/\/contrastes.com.co\/web\/2022\/09\/06\/carcel-para-12-senalados-de-alterar-alimentos-en-mal-estado-destinados-al-pae\/#breadcrumb","itemListElement":[{"@type":"ListItem","position":1,"name":"Portada","item":"https:\/\/contrastes.com.co\/web\/"},{"@type":"ListItem","position":2,"name":"C\u00e1rcel para 12 se\u00f1alados de alterar alimentos en mal estado destinados al PAE"}]},{"@type":"WebSite","@id":"https:\/\/contrastes.com.co\/web\/#website","url":"https:\/\/contrastes.com.co\/web\/","name":"Contrastes","description":"Periodismo de Conciencia","publisher":{"@id":"https:\/\/contrastes.com.co\/web\/#organization"},"potentialAction":[{"@type":"SearchAction","target":{"@type":"EntryPoint","urlTemplate":"https:\/\/contrastes.com.co\/web\/?s={search_term_string}"},"query-input":{"@type":"PropertyValueSpecification","valueRequired":true,"valueName":"search_term_string"}}],"inLanguage":"es"},{"@type":"Organization","@id":"https:\/\/contrastes.com.co\/web\/#organization","name":"Contrastes","url":"https:\/\/contrastes.com.co\/web\/","logo":{"@type":"ImageObject","inLanguage":"es","@id":"https:\/\/contrastes.com.co\/web\/#\/schema\/logo\/image\/","url":"https:\/\/contrastes.com.co\/web\/wp-content\/uploads\/2025\/04\/15CONTRASTES3.png","contentUrl":"https:\/\/contrastes.com.co\/web\/wp-content\/uploads\/2025\/04\/15CONTRASTES3.png","width":1536,"height":231,"caption":"Contrastes"},"image":{"@id":"https:\/\/contrastes.com.co\/web\/#\/schema\/logo\/image\/"},"sameAs":["https:\/\/www.facebook.com\/guillo.pantoja.1"]},{"@type":"Person","@id":"https:\/\/contrastes.com.co\/web\/#\/schema\/person\/62ef7a62dc4da6de450c71fc2e95ed02","name":"Editor","image":{"@type":"ImageObject","inLanguage":"es","@id":"https:\/\/secure.gravatar.com\/avatar\/7bbb4f718d74bbf600dc556253bb04fd7ac8593751d6e2e3b85432d98aefae80?s=96&d=mm&r=g","url":"https:\/\/secure.gravatar.com\/avatar\/7bbb4f718d74bbf600dc556253bb04fd7ac8593751d6e2e3b85432d98aefae80?s=96&d=mm&r=g","contentUrl":"https:\/\/secure.gravatar.com\/avatar\/7bbb4f718d74bbf600dc556253bb04fd7ac8593751d6e2e3b85432d98aefae80?s=96&d=mm&r=g","caption":"Editor"},"sameAs":["https:\/\/contrastes.com.co\/web"],"url":"https:\/\/contrastes.com.co\/web\/author\/jdbobadilla\/"}]}},"blog_post_layout_featured_media_urls":{"thumbnail":"","full":""},"categories_names":{"172":{"name":"Judicial","link":"https:\/\/contrastes.com.co\/web\/category\/judicial\/"},"101":{"name":"Pa\u00eds","link":"https:\/\/contrastes.com.co\/web\/category\/pais\/"},"24":{"name":"Regi\u00f3n","link":"https:\/\/contrastes.com.co\/web\/category\/region\/"}},"tags_names":{"6896":{"name":"12 capturados","link":"https:\/\/contrastes.com.co\/web\/tag\/12-capturados\/"},"6897":{"name":"alteraban alimentos","link":"https:\/\/contrastes.com.co\/web\/tag\/alteraban-alimentos\/"},"6898":{"name":"Plan de Alimentaci\u00f3n Escolar PAE","link":"https:\/\/contrastes.com.co\/web\/tag\/plan-de-alimentacion-escolar-pae\/"}},"comments_number":"0","wpmagazine_modules_lite_featured_media_urls":{"thumbnail":"","cvmm-medium":"","cvmm-medium-plus":"","cvmm-portrait":"","cvmm-medium-square":"","cvmm-large":"","cvmm-small":"","full":""},"_links":{"self":[{"href":"https:\/\/contrastes.com.co\/web\/wp-json\/wp\/v2\/posts\/11195","targetHints":{"allow":["GET"]}}],"collection":[{"href":"https:\/\/contrastes.com.co\/web\/wp-json\/wp\/v2\/posts"}],"about":[{"href":"https:\/\/contrastes.com.co\/web\/wp-json\/wp\/v2\/types\/post"}],"author":[{"embeddable":true,"href":"https:\/\/contrastes.com.co\/web\/wp-json\/wp\/v2\/users\/1"}],"replies":[{"embeddable":true,"href":"https:\/\/contrastes.com.co\/web\/wp-json\/wp\/v2\/comments?post=11195"}],"version-history":[{"count":0,"href":"https:\/\/contrastes.com.co\/web\/wp-json\/wp\/v2\/posts\/11195\/revisions"}],"wp:attachment":[{"href":"https:\/\/contrastes.com.co\/web\/wp-json\/wp\/v2\/media?parent=11195"}],"wp:term":[{"taxonomy":"category","embeddable":true,"href":"https:\/\/contrastes.com.co\/web\/wp-json\/wp\/v2\/categories?post=11195"},{"taxonomy":"post_tag","embeddable":true,"href":"https:\/\/contrastes.com.co\/web\/wp-json\/wp\/v2\/tags?post=11195"}],"curies":[{"name":"wp","href":"https:\/\/api.w.org\/{rel}","templated":true}]}}