{"id":11429,"date":"2022-09-16T18:59:18","date_gmt":"2022-09-16T23:59:18","guid":{"rendered":"https:\/\/contrastes.com.co\/digital\/?p=11429"},"modified":"2022-09-16T18:59:18","modified_gmt":"2022-09-16T23:59:18","slug":"nuevo-superintendente-revela-detalles-de-la-reforma-a-la-salud-se-acabarian-las-eps","status":"publish","type":"post","link":"https:\/\/contrastes.com.co\/web\/2022\/09\/16\/nuevo-superintendente-revela-detalles-de-la-reforma-a-la-salud-se-acabarian-las-eps\/","title":{"rendered":"Nuevo superintendente revela detalles de la reforma a la salud: se acabar\u00edan las EPS"},"content":{"rendered":"<p><strong>*Nuevo superintendente revela detalles de la reforma a la salud: se acabar\u00edan las EPS<\/strong><\/p>\n<blockquote><p><strong>Beltr\u00e1n dijo que el proyecto de reforma de salud ser\u00e1 presentado por el Gobierno del presidente Gustavo Petro al Congreso en el primer semestre de 2023 y que estar\u00e1 orientado a concretar un sistema sin intermediarios financieros.<\/strong><\/p><\/blockquote>\n<p><img decoding=\"async\" class=\"alignleft  wp-image-8529\" src=\"https:\/\/contrastes.com.co\/digital\/wp-content\/uploads\/2022\/03\/e-capitular.png\" alt=\"e capitular\" width=\"59\" height=\"59\" \/>l m\u00e9dico cirujano barranquillero y hoy superintendente de Salud, Ulahy Beltr\u00e1n, habl\u00f3 sobre la propuesta de reforma a la salud del Gobierno de Gustavo Petro y la forma en que se acabar\u00edan gradualmente las Entidades Promotoras de Salud (EPS).<\/p>\n<p>\u201cEn este momento hay 30 EPS, cinco de ellas se denominan EPS ind\u00edgenas y el resto se dedican a pacientes del r\u00e9gimen subsidiado y contributivo. Se quiere un sistema de salud que no tenga m\u00e1s pacientes que fallezcan sin raz\u00f3n, porque no los atendieron\u201d, sostuvo el jefe del ente supervisor.<\/p>\n<p>Beltr\u00e1n dijo que el proyecto de reforma de salud ser\u00e1 presentado por el Gobierno del presidente Gustavo Petro al Congreso en el primer semestre de 2023 y que estar\u00e1 orientado a concretar un sistema sin intermediarios financieros.<\/p>\n<p>\u201cEs un modelo de salud sin intermediaci\u00f3n financiera, que debe generar el reconocimiento de una atenci\u00f3n primaria a partir de la llegada al territorio con enfoque de medicina preventiva y predictiva\u201d, declar\u00f3 el superintendente.<\/p>\n<p>De acuerdo con Beltr\u00e1n, el modelo contempla la cadena de atenci\u00f3n a trav\u00e9s de redes integrales e integradas en el servicio de salud, a trav\u00e9s de una mixtura de lo p\u00fablico y lo privado en la prestaci\u00f3n de servicios para garantizar, desde la prevenci\u00f3n y promoci\u00f3n, el derecho a la salud.<\/p>\n<p>\u201cHoy una persona que est\u00e1 afiliada, no necesariamente tiene garantizado el servicio. Ubiqu\u00e9monos en el proceso de la reforma: una persona al estar afiliada al Estado permitir\u00e1, a trav\u00e9s de la estructura de prestaci\u00f3n de servicios, continuar la atenci\u00f3n de la infraestructura de prestaci\u00f3n de servicios de las redes integrales e integradas de atenci\u00f3n en salud\u201d, complement\u00f3 Beltr\u00e1n.<\/p>\n","protected":false},"excerpt":{"rendered":"<p>El m\u00e9dico cirujano barranquillero y hoy superintendente de Salud, Ulahy Beltr\u00e1n, habl\u00f3 sobre la propuesta de reforma a la salud del Gobierno de Gustavo Petro y la forma en que se acabar\u00edan gradualmente las Entidades Promotoras de Salud (EPS).<\/p>\n","protected":false},"author":1,"featured_media":11430,"comment_status":"open","ping_status":"open","sticky":false,"template":"","format":"standard","meta":{"footnotes":""},"categories":[101,33,25],"tags":[7128,7129,2490,7130,7131,6448],"class_list":["post-11429","post","type-post","status-publish","format-standard","has-post-thumbnail","hentry","category-pais","category-politicas-publicas","category-salud","tag-empresas-promotoras-de-salud","tag-entidades-promotoras-de-salud-eps","tag-eps","tag-gobierno-de-gustavo-petro","tag-superintendente-de-salud","tag-ulahy-beltran"],"yoast_head":"<!-- This site is optimized with the Yoast SEO plugin v27.7 - https:\/\/yoast.com\/product\/yoast-seo-wordpress\/ -->\n<title>Nuevo superintendente revela detalles de la reforma a la salud: se acabar\u00edan las EPS - Constrastes<\/title>\n<meta name=\"description\" content=\"El m\u00e9dico cirujano barranquillero y hoy superintendente de Salud, Ulahy Beltr\u00e1n, habl\u00f3 sobre la propuesta de reforma a la salud del Gobierno de Gustavo Petro y la forma en que se acabar\u00edan gradualmente las Entidades Promotoras de Salud (EPS).\" \/>\n<meta name=\"robots\" content=\"index, follow, max-snippet:-1, max-image-preview:large, max-video-preview:-1\" \/>\n<link rel=\"canonical\" href=\"https:\/\/contrastes.com.co\/web\/2022\/09\/16\/nuevo-superintendente-revela-detalles-de-la-reforma-a-la-salud-se-acabarian-las-eps\/\" \/>\n<meta property=\"og:locale\" content=\"es_ES\" \/>\n<meta property=\"og:type\" content=\"article\" \/>\n<meta property=\"og:title\" content=\"Nuevo superintendente revela detalles de la reforma a la salud: se acabar\u00edan las EPS - Constrastes\" \/>\n<meta property=\"og:description\" content=\"El m\u00e9dico cirujano barranquillero y hoy superintendente de Salud, Ulahy Beltr\u00e1n, habl\u00f3 sobre la propuesta de reforma a la salud del Gobierno de Gustavo Petro y la forma en que se acabar\u00edan gradualmente las Entidades Promotoras de Salud (EPS).\" \/>\n<meta property=\"og:url\" content=\"https:\/\/contrastes.com.co\/web\/2022\/09\/16\/nuevo-superintendente-revela-detalles-de-la-reforma-a-la-salud-se-acabarian-las-eps\/\" \/>\n<meta property=\"og:site_name\" content=\"Constrastes\" \/>\n<meta property=\"article:publisher\" content=\"https:\/\/www.facebook.com\/guillo.pantoja.1\" \/>\n<meta property=\"article:published_time\" content=\"2022-09-16T23:59:18+00:00\" \/>\n<meta name=\"author\" content=\"Editor\" \/>\n<meta name=\"twitter:card\" content=\"summary_large_image\" \/>\n<meta name=\"twitter:label1\" content=\"Escrito por\" \/>\n\t<meta name=\"twitter:data1\" content=\"Editor\" \/>\n\t<meta name=\"twitter:label2\" content=\"Tiempo de lectura\" \/>\n\t<meta name=\"twitter:data2\" content=\"2 minutos\" \/>\n<script type=\"application\/ld+json\" class=\"yoast-schema-graph\">{\"@context\":\"https:\\\/\\\/schema.org\",\"@graph\":[{\"@type\":\"Article\",\"@id\":\"https:\\\/\\\/contrastes.com.co\\\/web\\\/2022\\\/09\\\/16\\\/nuevo-superintendente-revela-detalles-de-la-reforma-a-la-salud-se-acabarian-las-eps\\\/#article\",\"isPartOf\":{\"@id\":\"https:\\\/\\\/contrastes.com.co\\\/web\\\/2022\\\/09\\\/16\\\/nuevo-superintendente-revela-detalles-de-la-reforma-a-la-salud-se-acabarian-las-eps\\\/\"},\"author\":{\"name\":\"Editor\",\"@id\":\"https:\\\/\\\/contrastes.com.co\\\/web\\\/#\\\/schema\\\/person\\\/62ef7a62dc4da6de450c71fc2e95ed02\"},\"headline\":\"Nuevo superintendente revela detalles de la reforma a la salud: se acabar\u00edan las EPS\",\"datePublished\":\"2022-09-16T23:59:18+00:00\",\"mainEntityOfPage\":{\"@id\":\"https:\\\/\\\/contrastes.com.co\\\/web\\\/2022\\\/09\\\/16\\\/nuevo-superintendente-revela-detalles-de-la-reforma-a-la-salud-se-acabarian-las-eps\\\/\"},\"wordCount\":359,\"commentCount\":0,\"publisher\":{\"@id\":\"https:\\\/\\\/contrastes.com.co\\\/web\\\/#organization\"},\"image\":{\"@id\":\"https:\\\/\\\/contrastes.com.co\\\/web\\\/2022\\\/09\\\/16\\\/nuevo-superintendente-revela-detalles-de-la-reforma-a-la-salud-se-acabarian-las-eps\\\/#primaryimage\"},\"thumbnailUrl\":\"\",\"keywords\":[\"Empresas Promotoras de Salud\",\"Entidades Promotoras de Salud (EPS)\",\"EPS\",\"Gobierno de Gustavo Petro\",\"superintendente de Salud\",\"Ulahy Beltr\u00e1n\"],\"articleSection\":[\"Pa\u00eds\",\"Pol\u00edticas P\u00fablicas\",\"Salud\"],\"inLanguage\":\"es\",\"potentialAction\":[{\"@type\":\"CommentAction\",\"name\":\"Comment\",\"target\":[\"https:\\\/\\\/contrastes.com.co\\\/web\\\/2022\\\/09\\\/16\\\/nuevo-superintendente-revela-detalles-de-la-reforma-a-la-salud-se-acabarian-las-eps\\\/#respond\"]}]},{\"@type\":\"WebPage\",\"@id\":\"https:\\\/\\\/contrastes.com.co\\\/web\\\/2022\\\/09\\\/16\\\/nuevo-superintendente-revela-detalles-de-la-reforma-a-la-salud-se-acabarian-las-eps\\\/\",\"url\":\"https:\\\/\\\/contrastes.com.co\\\/web\\\/2022\\\/09\\\/16\\\/nuevo-superintendente-revela-detalles-de-la-reforma-a-la-salud-se-acabarian-las-eps\\\/\",\"name\":\"Nuevo superintendente revela detalles de la reforma a la salud: se acabar\u00edan las EPS - Constrastes\",\"isPartOf\":{\"@id\":\"https:\\\/\\\/contrastes.com.co\\\/web\\\/#website\"},\"primaryImageOfPage\":{\"@id\":\"https:\\\/\\\/contrastes.com.co\\\/web\\\/2022\\\/09\\\/16\\\/nuevo-superintendente-revela-detalles-de-la-reforma-a-la-salud-se-acabarian-las-eps\\\/#primaryimage\"},\"image\":{\"@id\":\"https:\\\/\\\/contrastes.com.co\\\/web\\\/2022\\\/09\\\/16\\\/nuevo-superintendente-revela-detalles-de-la-reforma-a-la-salud-se-acabarian-las-eps\\\/#primaryimage\"},\"thumbnailUrl\":\"\",\"datePublished\":\"2022-09-16T23:59:18+00:00\",\"description\":\"El m\u00e9dico cirujano barranquillero y hoy superintendente de Salud, Ulahy Beltr\u00e1n, habl\u00f3 sobre la propuesta de reforma a la salud del Gobierno de Gustavo Petro y la forma en que se acabar\u00edan gradualmente las Entidades Promotoras de Salud (EPS).\",\"breadcrumb\":{\"@id\":\"https:\\\/\\\/contrastes.com.co\\\/web\\\/2022\\\/09\\\/16\\\/nuevo-superintendente-revela-detalles-de-la-reforma-a-la-salud-se-acabarian-las-eps\\\/#breadcrumb\"},\"inLanguage\":\"es\",\"potentialAction\":[{\"@type\":\"ReadAction\",\"target\":[\"https:\\\/\\\/contrastes.com.co\\\/web\\\/2022\\\/09\\\/16\\\/nuevo-superintendente-revela-detalles-de-la-reforma-a-la-salud-se-acabarian-las-eps\\\/\"]}]},{\"@type\":\"ImageObject\",\"inLanguage\":\"es\",\"@id\":\"https:\\\/\\\/contrastes.com.co\\\/web\\\/2022\\\/09\\\/16\\\/nuevo-superintendente-revela-detalles-de-la-reforma-a-la-salud-se-acabarian-las-eps\\\/#primaryimage\",\"url\":\"\",\"contentUrl\":\"\"},{\"@type\":\"BreadcrumbList\",\"@id\":\"https:\\\/\\\/contrastes.com.co\\\/web\\\/2022\\\/09\\\/16\\\/nuevo-superintendente-revela-detalles-de-la-reforma-a-la-salud-se-acabarian-las-eps\\\/#breadcrumb\",\"itemListElement\":[{\"@type\":\"ListItem\",\"position\":1,\"name\":\"Portada\",\"item\":\"https:\\\/\\\/contrastes.com.co\\\/web\\\/\"},{\"@type\":\"ListItem\",\"position\":2,\"name\":\"Nuevo superintendente revela detalles de la reforma a la salud: se acabar\u00edan las EPS\"}]},{\"@type\":\"WebSite\",\"@id\":\"https:\\\/\\\/contrastes.com.co\\\/web\\\/#website\",\"url\":\"https:\\\/\\\/contrastes.com.co\\\/web\\\/\",\"name\":\"Contrastes\",\"description\":\"Periodismo de Conciencia\",\"publisher\":{\"@id\":\"https:\\\/\\\/contrastes.com.co\\\/web\\\/#organization\"},\"potentialAction\":[{\"@type\":\"SearchAction\",\"target\":{\"@type\":\"EntryPoint\",\"urlTemplate\":\"https:\\\/\\\/contrastes.com.co\\\/web\\\/?s={search_term_string}\"},\"query-input\":{\"@type\":\"PropertyValueSpecification\",\"valueRequired\":true,\"valueName\":\"search_term_string\"}}],\"inLanguage\":\"es\"},{\"@type\":\"Organization\",\"@id\":\"https:\\\/\\\/contrastes.com.co\\\/web\\\/#organization\",\"name\":\"Contrastes\",\"url\":\"https:\\\/\\\/contrastes.com.co\\\/web\\\/\",\"logo\":{\"@type\":\"ImageObject\",\"inLanguage\":\"es\",\"@id\":\"https:\\\/\\\/contrastes.com.co\\\/web\\\/#\\\/schema\\\/logo\\\/image\\\/\",\"url\":\"https:\\\/\\\/contrastes.com.co\\\/web\\\/wp-content\\\/uploads\\\/2025\\\/04\\\/15CONTRASTES3.png\",\"contentUrl\":\"https:\\\/\\\/contrastes.com.co\\\/web\\\/wp-content\\\/uploads\\\/2025\\\/04\\\/15CONTRASTES3.png\",\"width\":1536,\"height\":231,\"caption\":\"Contrastes\"},\"image\":{\"@id\":\"https:\\\/\\\/contrastes.com.co\\\/web\\\/#\\\/schema\\\/logo\\\/image\\\/\"},\"sameAs\":[\"https:\\\/\\\/www.facebook.com\\\/guillo.pantoja.1\"]},{\"@type\":\"Person\",\"@id\":\"https:\\\/\\\/contrastes.com.co\\\/web\\\/#\\\/schema\\\/person\\\/62ef7a62dc4da6de450c71fc2e95ed02\",\"name\":\"Editor\",\"image\":{\"@type\":\"ImageObject\",\"inLanguage\":\"es\",\"@id\":\"https:\\\/\\\/secure.gravatar.com\\\/avatar\\\/7bbb4f718d74bbf600dc556253bb04fd7ac8593751d6e2e3b85432d98aefae80?s=96&d=mm&r=g\",\"url\":\"https:\\\/\\\/secure.gravatar.com\\\/avatar\\\/7bbb4f718d74bbf600dc556253bb04fd7ac8593751d6e2e3b85432d98aefae80?s=96&d=mm&r=g\",\"contentUrl\":\"https:\\\/\\\/secure.gravatar.com\\\/avatar\\\/7bbb4f718d74bbf600dc556253bb04fd7ac8593751d6e2e3b85432d98aefae80?s=96&d=mm&r=g\",\"caption\":\"Editor\"},\"sameAs\":[\"https:\\\/\\\/contrastes.com.co\\\/web\"],\"url\":\"https:\\\/\\\/contrastes.com.co\\\/web\\\/author\\\/jdbobadilla\\\/\"}]}<\/script>\n<!-- \/ Yoast SEO plugin. -->","yoast_head_json":{"title":"Nuevo superintendente revela detalles de la reforma a la salud: se acabar\u00edan las EPS - Constrastes","description":"El m\u00e9dico cirujano barranquillero y hoy superintendente de Salud, Ulahy Beltr\u00e1n, habl\u00f3 sobre la propuesta de reforma a la salud del Gobierno de Gustavo Petro y la forma en que se acabar\u00edan gradualmente las Entidades Promotoras de Salud (EPS).","robots":{"index":"index","follow":"follow","max-snippet":"max-snippet:-1","max-image-preview":"max-image-preview:large","max-video-preview":"max-video-preview:-1"},"canonical":"https:\/\/contrastes.com.co\/web\/2022\/09\/16\/nuevo-superintendente-revela-detalles-de-la-reforma-a-la-salud-se-acabarian-las-eps\/","og_locale":"es_ES","og_type":"article","og_title":"Nuevo superintendente revela detalles de la reforma a la salud: se acabar\u00edan las EPS - Constrastes","og_description":"El m\u00e9dico cirujano barranquillero y hoy superintendente de Salud, Ulahy Beltr\u00e1n, habl\u00f3 sobre la propuesta de reforma a la salud del Gobierno de Gustavo Petro y la forma en que se acabar\u00edan gradualmente las Entidades Promotoras de Salud (EPS).","og_url":"https:\/\/contrastes.com.co\/web\/2022\/09\/16\/nuevo-superintendente-revela-detalles-de-la-reforma-a-la-salud-se-acabarian-las-eps\/","og_site_name":"Constrastes","article_publisher":"https:\/\/www.facebook.com\/guillo.pantoja.1","article_published_time":"2022-09-16T23:59:18+00:00","author":"Editor","twitter_card":"summary_large_image","twitter_misc":{"Escrito por":"Editor","Tiempo de lectura":"2 minutos"},"schema":{"@context":"https:\/\/schema.org","@graph":[{"@type":"Article","@id":"https:\/\/contrastes.com.co\/web\/2022\/09\/16\/nuevo-superintendente-revela-detalles-de-la-reforma-a-la-salud-se-acabarian-las-eps\/#article","isPartOf":{"@id":"https:\/\/contrastes.com.co\/web\/2022\/09\/16\/nuevo-superintendente-revela-detalles-de-la-reforma-a-la-salud-se-acabarian-las-eps\/"},"author":{"name":"Editor","@id":"https:\/\/contrastes.com.co\/web\/#\/schema\/person\/62ef7a62dc4da6de450c71fc2e95ed02"},"headline":"Nuevo superintendente revela detalles de la reforma a la salud: se acabar\u00edan las EPS","datePublished":"2022-09-16T23:59:18+00:00","mainEntityOfPage":{"@id":"https:\/\/contrastes.com.co\/web\/2022\/09\/16\/nuevo-superintendente-revela-detalles-de-la-reforma-a-la-salud-se-acabarian-las-eps\/"},"wordCount":359,"commentCount":0,"publisher":{"@id":"https:\/\/contrastes.com.co\/web\/#organization"},"image":{"@id":"https:\/\/contrastes.com.co\/web\/2022\/09\/16\/nuevo-superintendente-revela-detalles-de-la-reforma-a-la-salud-se-acabarian-las-eps\/#primaryimage"},"thumbnailUrl":"","keywords":["Empresas Promotoras de Salud","Entidades Promotoras de Salud (EPS)","EPS","Gobierno de Gustavo Petro","superintendente de Salud","Ulahy Beltr\u00e1n"],"articleSection":["Pa\u00eds","Pol\u00edticas P\u00fablicas","Salud"],"inLanguage":"es","potentialAction":[{"@type":"CommentAction","name":"Comment","target":["https:\/\/contrastes.com.co\/web\/2022\/09\/16\/nuevo-superintendente-revela-detalles-de-la-reforma-a-la-salud-se-acabarian-las-eps\/#respond"]}]},{"@type":"WebPage","@id":"https:\/\/contrastes.com.co\/web\/2022\/09\/16\/nuevo-superintendente-revela-detalles-de-la-reforma-a-la-salud-se-acabarian-las-eps\/","url":"https:\/\/contrastes.com.co\/web\/2022\/09\/16\/nuevo-superintendente-revela-detalles-de-la-reforma-a-la-salud-se-acabarian-las-eps\/","name":"Nuevo superintendente revela detalles de la reforma a la salud: se acabar\u00edan las EPS - Constrastes","isPartOf":{"@id":"https:\/\/contrastes.com.co\/web\/#website"},"primaryImageOfPage":{"@id":"https:\/\/contrastes.com.co\/web\/2022\/09\/16\/nuevo-superintendente-revela-detalles-de-la-reforma-a-la-salud-se-acabarian-las-eps\/#primaryimage"},"image":{"@id":"https:\/\/contrastes.com.co\/web\/2022\/09\/16\/nuevo-superintendente-revela-detalles-de-la-reforma-a-la-salud-se-acabarian-las-eps\/#primaryimage"},"thumbnailUrl":"","datePublished":"2022-09-16T23:59:18+00:00","description":"El m\u00e9dico cirujano barranquillero y hoy superintendente de Salud, Ulahy Beltr\u00e1n, habl\u00f3 sobre la propuesta de reforma a la salud del Gobierno de Gustavo Petro y la forma en que se acabar\u00edan gradualmente las Entidades Promotoras de Salud (EPS).","breadcrumb":{"@id":"https:\/\/contrastes.com.co\/web\/2022\/09\/16\/nuevo-superintendente-revela-detalles-de-la-reforma-a-la-salud-se-acabarian-las-eps\/#breadcrumb"},"inLanguage":"es","potentialAction":[{"@type":"ReadAction","target":["https:\/\/contrastes.com.co\/web\/2022\/09\/16\/nuevo-superintendente-revela-detalles-de-la-reforma-a-la-salud-se-acabarian-las-eps\/"]}]},{"@type":"ImageObject","inLanguage":"es","@id":"https:\/\/contrastes.com.co\/web\/2022\/09\/16\/nuevo-superintendente-revela-detalles-de-la-reforma-a-la-salud-se-acabarian-las-eps\/#primaryimage","url":"","contentUrl":""},{"@type":"BreadcrumbList","@id":"https:\/\/contrastes.com.co\/web\/2022\/09\/16\/nuevo-superintendente-revela-detalles-de-la-reforma-a-la-salud-se-acabarian-las-eps\/#breadcrumb","itemListElement":[{"@type":"ListItem","position":1,"name":"Portada","item":"https:\/\/contrastes.com.co\/web\/"},{"@type":"ListItem","position":2,"name":"Nuevo superintendente revela detalles de la reforma a la salud: se acabar\u00edan las EPS"}]},{"@type":"WebSite","@id":"https:\/\/contrastes.com.co\/web\/#website","url":"https:\/\/contrastes.com.co\/web\/","name":"Contrastes","description":"Periodismo de Conciencia","publisher":{"@id":"https:\/\/contrastes.com.co\/web\/#organization"},"potentialAction":[{"@type":"SearchAction","target":{"@type":"EntryPoint","urlTemplate":"https:\/\/contrastes.com.co\/web\/?s={search_term_string}"},"query-input":{"@type":"PropertyValueSpecification","valueRequired":true,"valueName":"search_term_string"}}],"inLanguage":"es"},{"@type":"Organization","@id":"https:\/\/contrastes.com.co\/web\/#organization","name":"Contrastes","url":"https:\/\/contrastes.com.co\/web\/","logo":{"@type":"ImageObject","inLanguage":"es","@id":"https:\/\/contrastes.com.co\/web\/#\/schema\/logo\/image\/","url":"https:\/\/contrastes.com.co\/web\/wp-content\/uploads\/2025\/04\/15CONTRASTES3.png","contentUrl":"https:\/\/contrastes.com.co\/web\/wp-content\/uploads\/2025\/04\/15CONTRASTES3.png","width":1536,"height":231,"caption":"Contrastes"},"image":{"@id":"https:\/\/contrastes.com.co\/web\/#\/schema\/logo\/image\/"},"sameAs":["https:\/\/www.facebook.com\/guillo.pantoja.1"]},{"@type":"Person","@id":"https:\/\/contrastes.com.co\/web\/#\/schema\/person\/62ef7a62dc4da6de450c71fc2e95ed02","name":"Editor","image":{"@type":"ImageObject","inLanguage":"es","@id":"https:\/\/secure.gravatar.com\/avatar\/7bbb4f718d74bbf600dc556253bb04fd7ac8593751d6e2e3b85432d98aefae80?s=96&d=mm&r=g","url":"https:\/\/secure.gravatar.com\/avatar\/7bbb4f718d74bbf600dc556253bb04fd7ac8593751d6e2e3b85432d98aefae80?s=96&d=mm&r=g","contentUrl":"https:\/\/secure.gravatar.com\/avatar\/7bbb4f718d74bbf600dc556253bb04fd7ac8593751d6e2e3b85432d98aefae80?s=96&d=mm&r=g","caption":"Editor"},"sameAs":["https:\/\/contrastes.com.co\/web"],"url":"https:\/\/contrastes.com.co\/web\/author\/jdbobadilla\/"}]}},"blog_post_layout_featured_media_urls":{"thumbnail":"","full":""},"categories_names":{"101":{"name":"Pa\u00eds","link":"https:\/\/contrastes.com.co\/web\/category\/pais\/"},"33":{"name":"Pol\u00edticas P\u00fablicas","link":"https:\/\/contrastes.com.co\/web\/category\/politicas-publicas\/"},"25":{"name":"Salud","link":"https:\/\/contrastes.com.co\/web\/category\/salud\/"}},"tags_names":{"7128":{"name":"Empresas Promotoras de Salud","link":"https:\/\/contrastes.com.co\/web\/tag\/empresas-promotoras-de-salud\/"},"7129":{"name":"Entidades Promotoras de Salud (EPS)","link":"https:\/\/contrastes.com.co\/web\/tag\/entidades-promotoras-de-salud-eps\/"},"2490":{"name":"EPS","link":"https:\/\/contrastes.com.co\/web\/tag\/eps\/"},"7130":{"name":"Gobierno de Gustavo Petro","link":"https:\/\/contrastes.com.co\/web\/tag\/gobierno-de-gustavo-petro\/"},"7131":{"name":"superintendente de Salud","link":"https:\/\/contrastes.com.co\/web\/tag\/superintendente-de-salud\/"},"6448":{"name":"Ulahy Beltr\u00e1n","link":"https:\/\/contrastes.com.co\/web\/tag\/ulahy-beltran\/"}},"comments_number":"0","wpmagazine_modules_lite_featured_media_urls":{"thumbnail":"","cvmm-medium":"","cvmm-medium-plus":"","cvmm-portrait":"","cvmm-medium-square":"","cvmm-large":"","cvmm-small":"","full":""},"_links":{"self":[{"href":"https:\/\/contrastes.com.co\/web\/wp-json\/wp\/v2\/posts\/11429","targetHints":{"allow":["GET"]}}],"collection":[{"href":"https:\/\/contrastes.com.co\/web\/wp-json\/wp\/v2\/posts"}],"about":[{"href":"https:\/\/contrastes.com.co\/web\/wp-json\/wp\/v2\/types\/post"}],"author":[{"embeddable":true,"href":"https:\/\/contrastes.com.co\/web\/wp-json\/wp\/v2\/users\/1"}],"replies":[{"embeddable":true,"href":"https:\/\/contrastes.com.co\/web\/wp-json\/wp\/v2\/comments?post=11429"}],"version-history":[{"count":0,"href":"https:\/\/contrastes.com.co\/web\/wp-json\/wp\/v2\/posts\/11429\/revisions"}],"wp:attachment":[{"href":"https:\/\/contrastes.com.co\/web\/wp-json\/wp\/v2\/media?parent=11429"}],"wp:term":[{"taxonomy":"category","embeddable":true,"href":"https:\/\/contrastes.com.co\/web\/wp-json\/wp\/v2\/categories?post=11429"},{"taxonomy":"post_tag","embeddable":true,"href":"https:\/\/contrastes.com.co\/web\/wp-json\/wp\/v2\/tags?post=11429"}],"curies":[{"name":"wp","href":"https:\/\/api.w.org\/{rel}","templated":true}]}}