{"id":11579,"date":"2022-09-26T15:13:25","date_gmt":"2022-09-26T20:13:25","guid":{"rendered":"https:\/\/contrastes.com.co\/digital\/?p=11579"},"modified":"2022-09-26T15:13:25","modified_gmt":"2022-09-26T20:13:25","slug":"asi-avanzan-las-obras-en-la-localidad-metropolitana-de-barranquilla","status":"publish","type":"post","link":"https:\/\/contrastes.com.co\/web\/2022\/09\/26\/asi-avanzan-las-obras-en-la-localidad-metropolitana-de-barranquilla\/","title":{"rendered":"As\u00ed avanzan las obras en la Localidad Metropolitana de Barranquilla"},"content":{"rendered":"<p><strong>*As\u00ed avanzan las obras en la Localidad Metropolitana de Barranquilla<\/strong><\/p>\n<blockquote><p><strong>En la localidad Metropolitana son varios los frentes de trabajo que actualmente tienen en marcha obras como parques, v\u00edas, mejoramientos de vivienda, entre otros. <\/strong><\/p><\/blockquote>\n<p><img decoding=\"async\" class=\"alignleft  wp-image-8529\" src=\"https:\/\/contrastes.com.co\/digital\/wp-content\/uploads\/2022\/03\/e-capitular.png\" alt=\"e capitular\" width=\"78\" height=\"78\" \/>l avance de grandes obras en la Localidad Metropolitana, por parte de la alcald\u00eda Distrital de Barranquilla, es sustancial; mientras en el parque Conidec se recupera la concha ac\u00fastica, que tendr\u00e1 capacidad para 250 personas, avanza la construcci\u00f3n de los Parques Peque\u00f1os Gigantes y Conidec que impactar\u00e1n a m\u00e1s de 54.000 habitantes. De igual manera en el barrio 7 de Abril, el alcalde entreg\u00f3 114 mejoramientos de vivienda e inspeccion\u00f3 836 metros de v\u00edas pavimentadas.<\/p>\n<p>Con grandes obras de impacto social y proyectos de infraestructura que mejoran la calidad de vida de los ciudadanos, la Administraci\u00f3n distrital sigue transformando los barrios de Barranquilla. El compromiso es claro: llegar a todos los sectores con la oferta institucional, logrando que los habitantes tengan acceso a los distintos programas para mejorar la calidad de vida de las familias barranquilleras.<\/p>\n<p>En la localidad Metropolitana son varios los frentes de trabajo que actualmente tienen en marcha obras como parques, v\u00edas, mejoramientos de vivienda, entre otros. En ellos estuvo <strong>el alcalde Jaime Pumarejo Heins<\/strong> con su equipo de gobierno inspeccionando y entregando proyectos hasta la puerta de sus hogares.<\/p>\n<p>En <strong>el barrio 7 de Abril,<\/strong> el mandatario entreg\u00f3 114 mejoramientos de vivienda. Tras llevar v\u00edas, ahora la Alcald\u00eda distrital ingres\u00f3 hasta las casas y remodel\u00f3 el piso de la sala o pasillos, cocina y ba\u00f1os.\u00a0 Este esfuerzo, indic\u00f3 el alcalde, es \u201cun peque\u00f1o empuj\u00f3n que hacemos todos los que pagamos impuestos canalizados en obras que cambian vidas\u201d.<\/p>\n<p>Adicionalmente, en otro sector del mismo 7 de Abril realiz\u00f3 una inspecci\u00f3n a la pavimentaci\u00f3n de 836 metros lineales que representan el empalme de la Circunvalar con esa zona, as\u00ed como calles internas. \u201cEs casi un kil\u00f3metro de v\u00edas en 7 de Abril. Uno de los barrios m\u00e1s amplios de Barranquilla y que estamos muy pr\u00f3ximos a decir que quedar\u00e1 100% pavimentado\u201d, por lo que asegur\u00f3 que dentro de poco llegar\u00e1 a la inauguraci\u00f3n para ponerlas al servicio de la comunidad.<\/p>\n<p>Sobre el impacto de las obras, el<strong> secretario de Obras P\u00fablicas, Rafael Lafont<\/strong>, indic\u00f3 que las personas est\u00e1n contentas y eso brinda gran satisfacci\u00f3n por el alcance de este programa que tiene alto inter\u00e9s social.<\/p>\n<p>En total, con <strong>Barrios a la Obra<\/strong>, se pavimentar\u00e1n en esta s\u00e9ptima etapa 29 tramos viales con una longitud de 5.466 metros. Con las etapas anteriores en 7 de Abril se han ejecutado 57 tramos viales, que representan 8.993 metros. Una vez finalice la intervenci\u00f3n, los habitantes tendr\u00e1n un total de 14.459 metros de v\u00edas recuperadas.<\/p>\n","protected":false},"excerpt":{"rendered":"<p>El avance de grandes obras en la Localidad Metropolitana, por parte de la alcald\u00eda Distrital de Barranquilla, es sustancial; mientras en el parque Conidec se recupera la concha ac\u00fastica, que tendr\u00e1 capacidad para 250 personas, avanza la construcci\u00f3n de los Parques Peque\u00f1os Gigantes y Conidec que impactar\u00e1n a m\u00e1s de 54.000 habitantes. De igual manera en el barrio 7 de Abril, el alcalde entreg\u00f3 114 mejoramientos de vivienda e inspeccion\u00f3 836 metros de v\u00edas pavimentadas.<\/p>\n","protected":false},"author":1,"featured_media":11580,"comment_status":"open","ping_status":"open","sticky":false,"template":"","format":"standard","meta":{"footnotes":""},"categories":[59,3542,3160,24,1395,514],"tags":[1584,1229,7265,267,18,7266,6410,431,7267,7268,3043,461,5397,462,624],"class_list":["post-11579","post","type-post","status-publish","format-standard","has-post-thumbnail","hentry","category-medio-ambiente","category-obras-publicas","category-parques-y-escenarios-deportivos","category-region","category-vias-y-movilidad","category-vivienda","tag-alcalde-de-barranquilla","tag-barrio-7-de-abril","tag-barrios-a-la-obra","tag-distrito-de-barranquilla","tag-jaime-pumarejo-heins","tag-localidad-mtropolitana","tag-mejoramientos-de-vivienda","tag-obras-de-construccion","tag-parque-conidec","tag-parque-pequenos-gigantes","tag-parques","tag-pavimentacion","tag-rafael-lafont","tag-secretario-de-obras-publicas","tag-vias"],"yoast_head":"<!-- This site is optimized with the Yoast SEO plugin v27.7 - https:\/\/yoast.com\/product\/yoast-seo-wordpress\/ -->\n<title>As\u00ed avanzan las obras en la Localidad Metropolitana de Barranquilla - Constrastes<\/title>\n<meta name=\"description\" content=\"El avance de grandes obras en la Localidad Metropolitana, por parte de la alcald\u00eda Distrital de Barranquilla, es sustancial; mientras en el parque Conidec se recupera la concha ac\u00fastica, que tendr\u00e1 capacidad para 250 personas, avanza la construcci\u00f3n de los Parques Peque\u00f1os Gigantes y Conidec que impactar\u00e1n a m\u00e1s de 54.000 habitantes. De igual manera en el barrio 7 de Abril, el alcalde entreg\u00f3 114 mejoramientos de vivienda e inspeccion\u00f3 836 metros de v\u00edas pavimentadas.\" \/>\n<meta name=\"robots\" content=\"index, follow, max-snippet:-1, max-image-preview:large, max-video-preview:-1\" \/>\n<link rel=\"canonical\" href=\"https:\/\/contrastes.com.co\/web\/2022\/09\/26\/asi-avanzan-las-obras-en-la-localidad-metropolitana-de-barranquilla\/\" \/>\n<meta property=\"og:locale\" content=\"es_ES\" \/>\n<meta property=\"og:type\" content=\"article\" \/>\n<meta property=\"og:title\" content=\"As\u00ed avanzan las obras en la Localidad Metropolitana de Barranquilla - Constrastes\" \/>\n<meta property=\"og:description\" content=\"El avance de grandes obras en la Localidad Metropolitana, por parte de la alcald\u00eda Distrital de Barranquilla, es sustancial; mientras en el parque Conidec se recupera la concha ac\u00fastica, que tendr\u00e1 capacidad para 250 personas, avanza la construcci\u00f3n de los Parques Peque\u00f1os Gigantes y Conidec que impactar\u00e1n a m\u00e1s de 54.000 habitantes. De igual manera en el barrio 7 de Abril, el alcalde entreg\u00f3 114 mejoramientos de vivienda e inspeccion\u00f3 836 metros de v\u00edas pavimentadas.\" \/>\n<meta property=\"og:url\" content=\"https:\/\/contrastes.com.co\/web\/2022\/09\/26\/asi-avanzan-las-obras-en-la-localidad-metropolitana-de-barranquilla\/\" \/>\n<meta property=\"og:site_name\" content=\"Constrastes\" \/>\n<meta property=\"article:publisher\" content=\"https:\/\/www.facebook.com\/guillo.pantoja.1\" \/>\n<meta property=\"article:published_time\" content=\"2022-09-26T20:13:25+00:00\" \/>\n<meta name=\"author\" content=\"Editor\" \/>\n<meta name=\"twitter:card\" content=\"summary_large_image\" \/>\n<meta name=\"twitter:label1\" content=\"Escrito por\" \/>\n\t<meta name=\"twitter:data1\" content=\"Editor\" \/>\n\t<meta name=\"twitter:label2\" content=\"Tiempo de lectura\" \/>\n\t<meta name=\"twitter:data2\" content=\"2 minutos\" \/>\n<script type=\"application\/ld+json\" class=\"yoast-schema-graph\">{\"@context\":\"https:\\\/\\\/schema.org\",\"@graph\":[{\"@type\":\"Article\",\"@id\":\"https:\\\/\\\/contrastes.com.co\\\/web\\\/2022\\\/09\\\/26\\\/asi-avanzan-las-obras-en-la-localidad-metropolitana-de-barranquilla\\\/#article\",\"isPartOf\":{\"@id\":\"https:\\\/\\\/contrastes.com.co\\\/web\\\/2022\\\/09\\\/26\\\/asi-avanzan-las-obras-en-la-localidad-metropolitana-de-barranquilla\\\/\"},\"author\":{\"name\":\"Editor\",\"@id\":\"https:\\\/\\\/contrastes.com.co\\\/web\\\/#\\\/schema\\\/person\\\/62ef7a62dc4da6de450c71fc2e95ed02\"},\"headline\":\"As\u00ed avanzan las obras en la Localidad Metropolitana de Barranquilla\",\"datePublished\":\"2022-09-26T20:13:25+00:00\",\"mainEntityOfPage\":{\"@id\":\"https:\\\/\\\/contrastes.com.co\\\/web\\\/2022\\\/09\\\/26\\\/asi-avanzan-las-obras-en-la-localidad-metropolitana-de-barranquilla\\\/\"},\"wordCount\":471,\"commentCount\":0,\"publisher\":{\"@id\":\"https:\\\/\\\/contrastes.com.co\\\/web\\\/#organization\"},\"image\":{\"@id\":\"https:\\\/\\\/contrastes.com.co\\\/web\\\/2022\\\/09\\\/26\\\/asi-avanzan-las-obras-en-la-localidad-metropolitana-de-barranquilla\\\/#primaryimage\"},\"thumbnailUrl\":\"\",\"keywords\":[\"alcalde de Barranquilla\",\"barrio 7 de Abril\",\"Barrios a la Obra\",\"distrito de barranquilla\",\"Jaime Pumarejo Heins\",\"Localidad Mtropolitana\",\"mejoramientos de vivienda\",\"obras de construcci\u00f3n\",\"parque Conidec\",\"Parque Peque\u00f1os Gigantes\",\"Parques\",\"pavimentaci\u00f3n\",\"Rafael Lafont\",\"Secretario de Obras P\u00fablicas\",\"v\u00edas\"],\"articleSection\":[\"Medio Ambiente\",\"Obras P\u00fablicas\",\"Parques y escenarios deportivos\",\"Regi\u00f3n\",\"V\u00edas y Movilidad\",\"Vivienda\"],\"inLanguage\":\"es\",\"potentialAction\":[{\"@type\":\"CommentAction\",\"name\":\"Comment\",\"target\":[\"https:\\\/\\\/contrastes.com.co\\\/web\\\/2022\\\/09\\\/26\\\/asi-avanzan-las-obras-en-la-localidad-metropolitana-de-barranquilla\\\/#respond\"]}]},{\"@type\":\"WebPage\",\"@id\":\"https:\\\/\\\/contrastes.com.co\\\/web\\\/2022\\\/09\\\/26\\\/asi-avanzan-las-obras-en-la-localidad-metropolitana-de-barranquilla\\\/\",\"url\":\"https:\\\/\\\/contrastes.com.co\\\/web\\\/2022\\\/09\\\/26\\\/asi-avanzan-las-obras-en-la-localidad-metropolitana-de-barranquilla\\\/\",\"name\":\"As\u00ed avanzan las obras en la Localidad Metropolitana de Barranquilla - Constrastes\",\"isPartOf\":{\"@id\":\"https:\\\/\\\/contrastes.com.co\\\/web\\\/#website\"},\"primaryImageOfPage\":{\"@id\":\"https:\\\/\\\/contrastes.com.co\\\/web\\\/2022\\\/09\\\/26\\\/asi-avanzan-las-obras-en-la-localidad-metropolitana-de-barranquilla\\\/#primaryimage\"},\"image\":{\"@id\":\"https:\\\/\\\/contrastes.com.co\\\/web\\\/2022\\\/09\\\/26\\\/asi-avanzan-las-obras-en-la-localidad-metropolitana-de-barranquilla\\\/#primaryimage\"},\"thumbnailUrl\":\"\",\"datePublished\":\"2022-09-26T20:13:25+00:00\",\"description\":\"El avance de grandes obras en la Localidad Metropolitana, por parte de la alcald\u00eda Distrital de Barranquilla, es sustancial; mientras en el parque Conidec se recupera la concha ac\u00fastica, que tendr\u00e1 capacidad para 250 personas, avanza la construcci\u00f3n de los Parques Peque\u00f1os Gigantes y Conidec que impactar\u00e1n a m\u00e1s de 54.000 habitantes. De igual manera en el barrio 7 de Abril, el alcalde entreg\u00f3 114 mejoramientos de vivienda e inspeccion\u00f3 836 metros de v\u00edas pavimentadas.\",\"breadcrumb\":{\"@id\":\"https:\\\/\\\/contrastes.com.co\\\/web\\\/2022\\\/09\\\/26\\\/asi-avanzan-las-obras-en-la-localidad-metropolitana-de-barranquilla\\\/#breadcrumb\"},\"inLanguage\":\"es\",\"potentialAction\":[{\"@type\":\"ReadAction\",\"target\":[\"https:\\\/\\\/contrastes.com.co\\\/web\\\/2022\\\/09\\\/26\\\/asi-avanzan-las-obras-en-la-localidad-metropolitana-de-barranquilla\\\/\"]}]},{\"@type\":\"ImageObject\",\"inLanguage\":\"es\",\"@id\":\"https:\\\/\\\/contrastes.com.co\\\/web\\\/2022\\\/09\\\/26\\\/asi-avanzan-las-obras-en-la-localidad-metropolitana-de-barranquilla\\\/#primaryimage\",\"url\":\"\",\"contentUrl\":\"\"},{\"@type\":\"BreadcrumbList\",\"@id\":\"https:\\\/\\\/contrastes.com.co\\\/web\\\/2022\\\/09\\\/26\\\/asi-avanzan-las-obras-en-la-localidad-metropolitana-de-barranquilla\\\/#breadcrumb\",\"itemListElement\":[{\"@type\":\"ListItem\",\"position\":1,\"name\":\"Portada\",\"item\":\"https:\\\/\\\/contrastes.com.co\\\/web\\\/\"},{\"@type\":\"ListItem\",\"position\":2,\"name\":\"As\u00ed avanzan las obras en la Localidad Metropolitana de Barranquilla\"}]},{\"@type\":\"WebSite\",\"@id\":\"https:\\\/\\\/contrastes.com.co\\\/web\\\/#website\",\"url\":\"https:\\\/\\\/contrastes.com.co\\\/web\\\/\",\"name\":\"Contrastes\",\"description\":\"Periodismo de Conciencia\",\"publisher\":{\"@id\":\"https:\\\/\\\/contrastes.com.co\\\/web\\\/#organization\"},\"potentialAction\":[{\"@type\":\"SearchAction\",\"target\":{\"@type\":\"EntryPoint\",\"urlTemplate\":\"https:\\\/\\\/contrastes.com.co\\\/web\\\/?s={search_term_string}\"},\"query-input\":{\"@type\":\"PropertyValueSpecification\",\"valueRequired\":true,\"valueName\":\"search_term_string\"}}],\"inLanguage\":\"es\"},{\"@type\":\"Organization\",\"@id\":\"https:\\\/\\\/contrastes.com.co\\\/web\\\/#organization\",\"name\":\"Contrastes\",\"url\":\"https:\\\/\\\/contrastes.com.co\\\/web\\\/\",\"logo\":{\"@type\":\"ImageObject\",\"inLanguage\":\"es\",\"@id\":\"https:\\\/\\\/contrastes.com.co\\\/web\\\/#\\\/schema\\\/logo\\\/image\\\/\",\"url\":\"https:\\\/\\\/contrastes.com.co\\\/web\\\/wp-content\\\/uploads\\\/2025\\\/04\\\/15CONTRASTES3.png\",\"contentUrl\":\"https:\\\/\\\/contrastes.com.co\\\/web\\\/wp-content\\\/uploads\\\/2025\\\/04\\\/15CONTRASTES3.png\",\"width\":1536,\"height\":231,\"caption\":\"Contrastes\"},\"image\":{\"@id\":\"https:\\\/\\\/contrastes.com.co\\\/web\\\/#\\\/schema\\\/logo\\\/image\\\/\"},\"sameAs\":[\"https:\\\/\\\/www.facebook.com\\\/guillo.pantoja.1\"]},{\"@type\":\"Person\",\"@id\":\"https:\\\/\\\/contrastes.com.co\\\/web\\\/#\\\/schema\\\/person\\\/62ef7a62dc4da6de450c71fc2e95ed02\",\"name\":\"Editor\",\"image\":{\"@type\":\"ImageObject\",\"inLanguage\":\"es\",\"@id\":\"https:\\\/\\\/secure.gravatar.com\\\/avatar\\\/7bbb4f718d74bbf600dc556253bb04fd7ac8593751d6e2e3b85432d98aefae80?s=96&d=mm&r=g\",\"url\":\"https:\\\/\\\/secure.gravatar.com\\\/avatar\\\/7bbb4f718d74bbf600dc556253bb04fd7ac8593751d6e2e3b85432d98aefae80?s=96&d=mm&r=g\",\"contentUrl\":\"https:\\\/\\\/secure.gravatar.com\\\/avatar\\\/7bbb4f718d74bbf600dc556253bb04fd7ac8593751d6e2e3b85432d98aefae80?s=96&d=mm&r=g\",\"caption\":\"Editor\"},\"sameAs\":[\"https:\\\/\\\/contrastes.com.co\\\/web\"],\"url\":\"https:\\\/\\\/contrastes.com.co\\\/web\\\/author\\\/jdbobadilla\\\/\"}]}<\/script>\n<!-- \/ Yoast SEO plugin. -->","yoast_head_json":{"title":"As\u00ed avanzan las obras en la Localidad Metropolitana de Barranquilla - Constrastes","description":"El avance de grandes obras en la Localidad Metropolitana, por parte de la alcald\u00eda Distrital de Barranquilla, es sustancial; mientras en el parque Conidec se recupera la concha ac\u00fastica, que tendr\u00e1 capacidad para 250 personas, avanza la construcci\u00f3n de los Parques Peque\u00f1os Gigantes y Conidec que impactar\u00e1n a m\u00e1s de 54.000 habitantes. De igual manera en el barrio 7 de Abril, el alcalde entreg\u00f3 114 mejoramientos de vivienda e inspeccion\u00f3 836 metros de v\u00edas pavimentadas.","robots":{"index":"index","follow":"follow","max-snippet":"max-snippet:-1","max-image-preview":"max-image-preview:large","max-video-preview":"max-video-preview:-1"},"canonical":"https:\/\/contrastes.com.co\/web\/2022\/09\/26\/asi-avanzan-las-obras-en-la-localidad-metropolitana-de-barranquilla\/","og_locale":"es_ES","og_type":"article","og_title":"As\u00ed avanzan las obras en la Localidad Metropolitana de Barranquilla - Constrastes","og_description":"El avance de grandes obras en la Localidad Metropolitana, por parte de la alcald\u00eda Distrital de Barranquilla, es sustancial; mientras en el parque Conidec se recupera la concha ac\u00fastica, que tendr\u00e1 capacidad para 250 personas, avanza la construcci\u00f3n de los Parques Peque\u00f1os Gigantes y Conidec que impactar\u00e1n a m\u00e1s de 54.000 habitantes. De igual manera en el barrio 7 de Abril, el alcalde entreg\u00f3 114 mejoramientos de vivienda e inspeccion\u00f3 836 metros de v\u00edas pavimentadas.","og_url":"https:\/\/contrastes.com.co\/web\/2022\/09\/26\/asi-avanzan-las-obras-en-la-localidad-metropolitana-de-barranquilla\/","og_site_name":"Constrastes","article_publisher":"https:\/\/www.facebook.com\/guillo.pantoja.1","article_published_time":"2022-09-26T20:13:25+00:00","author":"Editor","twitter_card":"summary_large_image","twitter_misc":{"Escrito por":"Editor","Tiempo de lectura":"2 minutos"},"schema":{"@context":"https:\/\/schema.org","@graph":[{"@type":"Article","@id":"https:\/\/contrastes.com.co\/web\/2022\/09\/26\/asi-avanzan-las-obras-en-la-localidad-metropolitana-de-barranquilla\/#article","isPartOf":{"@id":"https:\/\/contrastes.com.co\/web\/2022\/09\/26\/asi-avanzan-las-obras-en-la-localidad-metropolitana-de-barranquilla\/"},"author":{"name":"Editor","@id":"https:\/\/contrastes.com.co\/web\/#\/schema\/person\/62ef7a62dc4da6de450c71fc2e95ed02"},"headline":"As\u00ed avanzan las obras en la Localidad Metropolitana de Barranquilla","datePublished":"2022-09-26T20:13:25+00:00","mainEntityOfPage":{"@id":"https:\/\/contrastes.com.co\/web\/2022\/09\/26\/asi-avanzan-las-obras-en-la-localidad-metropolitana-de-barranquilla\/"},"wordCount":471,"commentCount":0,"publisher":{"@id":"https:\/\/contrastes.com.co\/web\/#organization"},"image":{"@id":"https:\/\/contrastes.com.co\/web\/2022\/09\/26\/asi-avanzan-las-obras-en-la-localidad-metropolitana-de-barranquilla\/#primaryimage"},"thumbnailUrl":"","keywords":["alcalde de Barranquilla","barrio 7 de Abril","Barrios a la Obra","distrito de barranquilla","Jaime Pumarejo Heins","Localidad Mtropolitana","mejoramientos de vivienda","obras de construcci\u00f3n","parque Conidec","Parque Peque\u00f1os Gigantes","Parques","pavimentaci\u00f3n","Rafael Lafont","Secretario de Obras P\u00fablicas","v\u00edas"],"articleSection":["Medio Ambiente","Obras P\u00fablicas","Parques y escenarios deportivos","Regi\u00f3n","V\u00edas y Movilidad","Vivienda"],"inLanguage":"es","potentialAction":[{"@type":"CommentAction","name":"Comment","target":["https:\/\/contrastes.com.co\/web\/2022\/09\/26\/asi-avanzan-las-obras-en-la-localidad-metropolitana-de-barranquilla\/#respond"]}]},{"@type":"WebPage","@id":"https:\/\/contrastes.com.co\/web\/2022\/09\/26\/asi-avanzan-las-obras-en-la-localidad-metropolitana-de-barranquilla\/","url":"https:\/\/contrastes.com.co\/web\/2022\/09\/26\/asi-avanzan-las-obras-en-la-localidad-metropolitana-de-barranquilla\/","name":"As\u00ed avanzan las obras en la Localidad Metropolitana de Barranquilla - Constrastes","isPartOf":{"@id":"https:\/\/contrastes.com.co\/web\/#website"},"primaryImageOfPage":{"@id":"https:\/\/contrastes.com.co\/web\/2022\/09\/26\/asi-avanzan-las-obras-en-la-localidad-metropolitana-de-barranquilla\/#primaryimage"},"image":{"@id":"https:\/\/contrastes.com.co\/web\/2022\/09\/26\/asi-avanzan-las-obras-en-la-localidad-metropolitana-de-barranquilla\/#primaryimage"},"thumbnailUrl":"","datePublished":"2022-09-26T20:13:25+00:00","description":"El avance de grandes obras en la Localidad Metropolitana, por parte de la alcald\u00eda Distrital de Barranquilla, es sustancial; mientras en el parque Conidec se recupera la concha ac\u00fastica, que tendr\u00e1 capacidad para 250 personas, avanza la construcci\u00f3n de los Parques Peque\u00f1os Gigantes y Conidec que impactar\u00e1n a m\u00e1s de 54.000 habitantes. De igual manera en el barrio 7 de Abril, el alcalde entreg\u00f3 114 mejoramientos de vivienda e inspeccion\u00f3 836 metros de v\u00edas pavimentadas.","breadcrumb":{"@id":"https:\/\/contrastes.com.co\/web\/2022\/09\/26\/asi-avanzan-las-obras-en-la-localidad-metropolitana-de-barranquilla\/#breadcrumb"},"inLanguage":"es","potentialAction":[{"@type":"ReadAction","target":["https:\/\/contrastes.com.co\/web\/2022\/09\/26\/asi-avanzan-las-obras-en-la-localidad-metropolitana-de-barranquilla\/"]}]},{"@type":"ImageObject","inLanguage":"es","@id":"https:\/\/contrastes.com.co\/web\/2022\/09\/26\/asi-avanzan-las-obras-en-la-localidad-metropolitana-de-barranquilla\/#primaryimage","url":"","contentUrl":""},{"@type":"BreadcrumbList","@id":"https:\/\/contrastes.com.co\/web\/2022\/09\/26\/asi-avanzan-las-obras-en-la-localidad-metropolitana-de-barranquilla\/#breadcrumb","itemListElement":[{"@type":"ListItem","position":1,"name":"Portada","item":"https:\/\/contrastes.com.co\/web\/"},{"@type":"ListItem","position":2,"name":"As\u00ed avanzan las obras en la Localidad Metropolitana de Barranquilla"}]},{"@type":"WebSite","@id":"https:\/\/contrastes.com.co\/web\/#website","url":"https:\/\/contrastes.com.co\/web\/","name":"Contrastes","description":"Periodismo de Conciencia","publisher":{"@id":"https:\/\/contrastes.com.co\/web\/#organization"},"potentialAction":[{"@type":"SearchAction","target":{"@type":"EntryPoint","urlTemplate":"https:\/\/contrastes.com.co\/web\/?s={search_term_string}"},"query-input":{"@type":"PropertyValueSpecification","valueRequired":true,"valueName":"search_term_string"}}],"inLanguage":"es"},{"@type":"Organization","@id":"https:\/\/contrastes.com.co\/web\/#organization","name":"Contrastes","url":"https:\/\/contrastes.com.co\/web\/","logo":{"@type":"ImageObject","inLanguage":"es","@id":"https:\/\/contrastes.com.co\/web\/#\/schema\/logo\/image\/","url":"https:\/\/contrastes.com.co\/web\/wp-content\/uploads\/2025\/04\/15CONTRASTES3.png","contentUrl":"https:\/\/contrastes.com.co\/web\/wp-content\/uploads\/2025\/04\/15CONTRASTES3.png","width":1536,"height":231,"caption":"Contrastes"},"image":{"@id":"https:\/\/contrastes.com.co\/web\/#\/schema\/logo\/image\/"},"sameAs":["https:\/\/www.facebook.com\/guillo.pantoja.1"]},{"@type":"Person","@id":"https:\/\/contrastes.com.co\/web\/#\/schema\/person\/62ef7a62dc4da6de450c71fc2e95ed02","name":"Editor","image":{"@type":"ImageObject","inLanguage":"es","@id":"https:\/\/secure.gravatar.com\/avatar\/7bbb4f718d74bbf600dc556253bb04fd7ac8593751d6e2e3b85432d98aefae80?s=96&d=mm&r=g","url":"https:\/\/secure.gravatar.com\/avatar\/7bbb4f718d74bbf600dc556253bb04fd7ac8593751d6e2e3b85432d98aefae80?s=96&d=mm&r=g","contentUrl":"https:\/\/secure.gravatar.com\/avatar\/7bbb4f718d74bbf600dc556253bb04fd7ac8593751d6e2e3b85432d98aefae80?s=96&d=mm&r=g","caption":"Editor"},"sameAs":["https:\/\/contrastes.com.co\/web"],"url":"https:\/\/contrastes.com.co\/web\/author\/jdbobadilla\/"}]}},"blog_post_layout_featured_media_urls":{"thumbnail":"","full":""},"categories_names":{"59":{"name":"Medio Ambiente","link":"https:\/\/contrastes.com.co\/web\/category\/medio-ambiente\/"},"3542":{"name":"Obras P\u00fablicas","link":"https:\/\/contrastes.com.co\/web\/category\/obras-publicas\/"},"3160":{"name":"Parques y escenarios deportivos","link":"https:\/\/contrastes.com.co\/web\/category\/parques-y-escenarios-deportivos\/"},"24":{"name":"Regi\u00f3n","link":"https:\/\/contrastes.com.co\/web\/category\/region\/"},"1395":{"name":"V\u00edas y Movilidad","link":"https:\/\/contrastes.com.co\/web\/category\/vias-y-movilidad\/"},"514":{"name":"Vivienda","link":"https:\/\/contrastes.com.co\/web\/category\/vivienda\/"}},"tags_names":{"1584":{"name":"alcalde de Barranquilla","link":"https:\/\/contrastes.com.co\/web\/tag\/alcalde-de-barranquilla\/"},"1229":{"name":"barrio 7 de Abril","link":"https:\/\/contrastes.com.co\/web\/tag\/barrio-7-de-abril\/"},"7265":{"name":"Barrios a la Obra","link":"https:\/\/contrastes.com.co\/web\/tag\/barrios-a-la-obra\/"},"267":{"name":"distrito de barranquilla","link":"https:\/\/contrastes.com.co\/web\/tag\/distrito-de-barranquilla\/"},"18":{"name":"Jaime Pumarejo Heins","link":"https:\/\/contrastes.com.co\/web\/tag\/jaime-pumarejo-heins\/"},"7266":{"name":"Localidad Mtropolitana","link":"https:\/\/contrastes.com.co\/web\/tag\/localidad-mtropolitana\/"},"6410":{"name":"mejoramientos de vivienda","link":"https:\/\/contrastes.com.co\/web\/tag\/mejoramientos-de-vivienda\/"},"431":{"name":"obras de construcci\u00f3n","link":"https:\/\/contrastes.com.co\/web\/tag\/obras-de-construccion\/"},"7267":{"name":"parque Conidec","link":"https:\/\/contrastes.com.co\/web\/tag\/parque-conidec\/"},"7268":{"name":"Parque Peque\u00f1os Gigantes","link":"https:\/\/contrastes.com.co\/web\/tag\/parque-pequenos-gigantes\/"},"3043":{"name":"Parques","link":"https:\/\/contrastes.com.co\/web\/tag\/parques\/"},"461":{"name":"pavimentaci\u00f3n","link":"https:\/\/contrastes.com.co\/web\/tag\/pavimentacion\/"},"5397":{"name":"Rafael Lafont","link":"https:\/\/contrastes.com.co\/web\/tag\/rafael-lafont\/"},"462":{"name":"Secretario de Obras P\u00fablicas","link":"https:\/\/contrastes.com.co\/web\/tag\/secretario-de-obras-publicas\/"},"624":{"name":"v\u00edas","link":"https:\/\/contrastes.com.co\/web\/tag\/vias\/"}},"comments_number":"0","wpmagazine_modules_lite_featured_media_urls":{"thumbnail":"","cvmm-medium":"","cvmm-medium-plus":"","cvmm-portrait":"","cvmm-medium-square":"","cvmm-large":"","cvmm-small":"","full":""},"_links":{"self":[{"href":"https:\/\/contrastes.com.co\/web\/wp-json\/wp\/v2\/posts\/11579","targetHints":{"allow":["GET"]}}],"collection":[{"href":"https:\/\/contrastes.com.co\/web\/wp-json\/wp\/v2\/posts"}],"about":[{"href":"https:\/\/contrastes.com.co\/web\/wp-json\/wp\/v2\/types\/post"}],"author":[{"embeddable":true,"href":"https:\/\/contrastes.com.co\/web\/wp-json\/wp\/v2\/users\/1"}],"replies":[{"embeddable":true,"href":"https:\/\/contrastes.com.co\/web\/wp-json\/wp\/v2\/comments?post=11579"}],"version-history":[{"count":0,"href":"https:\/\/contrastes.com.co\/web\/wp-json\/wp\/v2\/posts\/11579\/revisions"}],"wp:attachment":[{"href":"https:\/\/contrastes.com.co\/web\/wp-json\/wp\/v2\/media?parent=11579"}],"wp:term":[{"taxonomy":"category","embeddable":true,"href":"https:\/\/contrastes.com.co\/web\/wp-json\/wp\/v2\/categories?post=11579"},{"taxonomy":"post_tag","embeddable":true,"href":"https:\/\/contrastes.com.co\/web\/wp-json\/wp\/v2\/tags?post=11579"}],"curies":[{"name":"wp","href":"https:\/\/api.w.org\/{rel}","templated":true}]}}