{"id":11647,"date":"2022-09-29T15:13:18","date_gmt":"2022-09-29T20:13:18","guid":{"rendered":"https:\/\/contrastes.com.co\/digital\/?p=11647"},"modified":"2022-09-29T15:13:18","modified_gmt":"2022-09-29T20:13:18","slug":"hospital-metropolitano-de-barranquilla-sigue-cerrado-por-perdidas-de-mas-de-80-000-millones","status":"publish","type":"post","link":"https:\/\/contrastes.com.co\/web\/2022\/09\/29\/hospital-metropolitano-de-barranquilla-sigue-cerrado-por-perdidas-de-mas-de-80-000-millones\/","title":{"rendered":"Hospital Metropolitano de Barranquilla sigue cerrado por p\u00e9rdidas de m\u00e1s de $80.000 millones"},"content":{"rendered":"<p><strong>*Hospital Metropolitano de Barranquilla sigue cerrado por p\u00e9rdidas de m\u00e1s de $80.000 millones<\/strong><\/p>\n<blockquote><p><strong>La gerencia dice que los equipos biom\u00e9dicos est\u00e1n sin funcionar y hasta las paredes se est\u00e1n cayendo, como consecuencia de malos manejos anteriores.<\/strong><\/p><\/blockquote>\n<p><img decoding=\"async\" class=\"alignleft  wp-image-8529\" src=\"https:\/\/contrastes.com.co\/digital\/wp-content\/uploads\/2022\/03\/e-capitular.png\" alt=\"e capitular\" width=\"71\" height=\"71\" \/>n palabras de su<strong> actual gerente, Jos\u00e9 Luis Castro<\/strong>, el <strong>Hospital Metropolitano de Barranquilla<\/strong> est\u00e1 \u00aben cuidados intensivos\u00bb, debido a las \u00abp\u00e9rdidas por m\u00e1s de 80.000 millones de pesos\u00bb que obligaron su cierre en octubre de 2020 y afectaron la prestaci\u00f3n de los servicios de salud de unos 30.000 pacientes de la regi\u00f3n Caribe que eran atendidos cada a\u00f1o en este centro asistencial.<\/p>\n<p>Basado en la investigaci\u00f3n que adelant\u00f3 un grupo de peritos, el gerente Jos\u00e9 Luis Castro detall\u00f3 que entre agosto de 2019 y marzo de 2021 el hospital acumul\u00f3 deudas por 45.000 millones de pesos por concepto de salarios y prestaciones sociales pendientes a m\u00e1s de 500 trabajadores.<\/p>\n<blockquote><p><strong>Adem\u00e1s, Castro indic\u00f3 que el hospital tiene sanciones tributarias por el orden de los 21.000 millones de pesos y sufri\u00f3 da\u00f1os de equipos biom\u00e9dicos que se contabilizan en 5.000 millones de pesos.<\/strong><\/p><\/blockquote>\n<p>\u00abHay un reporte de 13.000 millones de pesos, dineros sagrados del Adres, de los cuales m\u00e1s de 8.000 millones no ten\u00edan contabilidad, o sea eso lo manejaban como si fuese una tienda de barrio\u00bb, agreg\u00f3.<\/p>\n","protected":false},"excerpt":{"rendered":"<p>En palabras de su actual gerente, Jos\u00e9 Luis Castro, el Hospital Metropolitano de Barranquilla est\u00e1 \u00aben cuidados intensivos\u00bb, debido a las \u00abp\u00e9rdidas por m\u00e1s de 80.000 millones de pesos\u00bb que obligaron su cierre en octubre de 2020 y afectaron la prestaci\u00f3n de los servicios de salud de unos 30.000 pacientes de la regi\u00f3n Caribe que eran atendidos cada a\u00f1o en este centro asistencial.<\/p>\n","protected":false},"author":1,"featured_media":11648,"comment_status":"open","ping_status":"open","sticky":false,"template":"","format":"standard","meta":{"footnotes":""},"categories":[11,24,25],"tags":[7312,7313,7314,7315],"class_list":["post-11647","post","type-post","status-publish","format-standard","has-post-thumbnail","hentry","category-infraestructura","category-region","category-salud","tag-gerente-del-hospital-metropolitano-de-barranquilla","tag-hospital-metropolitano-de-barranquilla","tag-jose-luis-castro","tag-perdidas-millonarias"],"yoast_head":"<!-- This site is optimized with the Yoast SEO plugin v27.7 - https:\/\/yoast.com\/product\/yoast-seo-wordpress\/ -->\n<title>Hospital Metropolitano de Barranquilla sigue cerrado por p\u00e9rdidas de m\u00e1s de $80.000 millones - Constrastes<\/title>\n<meta name=\"description\" content=\"En palabras de su actual gerente, Jos\u00e9 Luis Castro, el Hospital Metropolitano de Barranquilla est\u00e1 &quot;en cuidados intensivos&quot;, debido a las &quot;p\u00e9rdidas por m\u00e1s de 80.000 millones de pesos&quot; que obligaron su cierre en octubre de 2020 y afectaron la prestaci\u00f3n de los servicios de salud de unos 30.000 pacientes de la regi\u00f3n Caribe que eran atendidos cada a\u00f1o en este centro asistencial.\" \/>\n<meta name=\"robots\" content=\"index, follow, max-snippet:-1, max-image-preview:large, max-video-preview:-1\" \/>\n<link rel=\"canonical\" href=\"https:\/\/contrastes.com.co\/web\/2022\/09\/29\/hospital-metropolitano-de-barranquilla-sigue-cerrado-por-perdidas-de-mas-de-80-000-millones\/\" \/>\n<meta property=\"og:locale\" content=\"es_ES\" \/>\n<meta property=\"og:type\" content=\"article\" \/>\n<meta property=\"og:title\" content=\"Hospital Metropolitano de Barranquilla sigue cerrado por p\u00e9rdidas de m\u00e1s de $80.000 millones - Constrastes\" \/>\n<meta property=\"og:description\" content=\"En palabras de su actual gerente, Jos\u00e9 Luis Castro, el Hospital Metropolitano de Barranquilla est\u00e1 &quot;en cuidados intensivos&quot;, debido a las &quot;p\u00e9rdidas por m\u00e1s de 80.000 millones de pesos&quot; que obligaron su cierre en octubre de 2020 y afectaron la prestaci\u00f3n de los servicios de salud de unos 30.000 pacientes de la regi\u00f3n Caribe que eran atendidos cada a\u00f1o en este centro asistencial.\" \/>\n<meta property=\"og:url\" content=\"https:\/\/contrastes.com.co\/web\/2022\/09\/29\/hospital-metropolitano-de-barranquilla-sigue-cerrado-por-perdidas-de-mas-de-80-000-millones\/\" \/>\n<meta property=\"og:site_name\" content=\"Constrastes\" \/>\n<meta property=\"article:publisher\" content=\"https:\/\/www.facebook.com\/guillo.pantoja.1\" \/>\n<meta property=\"article:published_time\" content=\"2022-09-29T20:13:18+00:00\" \/>\n<meta name=\"author\" content=\"Editor\" \/>\n<meta name=\"twitter:card\" content=\"summary_large_image\" \/>\n<meta name=\"twitter:label1\" content=\"Escrito por\" \/>\n\t<meta name=\"twitter:data1\" content=\"Editor\" \/>\n\t<meta name=\"twitter:label2\" content=\"Tiempo de lectura\" \/>\n\t<meta name=\"twitter:data2\" content=\"1 minuto\" \/>\n<script type=\"application\/ld+json\" class=\"yoast-schema-graph\">{\"@context\":\"https:\\\/\\\/schema.org\",\"@graph\":[{\"@type\":\"Article\",\"@id\":\"https:\\\/\\\/contrastes.com.co\\\/web\\\/2022\\\/09\\\/29\\\/hospital-metropolitano-de-barranquilla-sigue-cerrado-por-perdidas-de-mas-de-80-000-millones\\\/#article\",\"isPartOf\":{\"@id\":\"https:\\\/\\\/contrastes.com.co\\\/web\\\/2022\\\/09\\\/29\\\/hospital-metropolitano-de-barranquilla-sigue-cerrado-por-perdidas-de-mas-de-80-000-millones\\\/\"},\"author\":{\"name\":\"Editor\",\"@id\":\"https:\\\/\\\/contrastes.com.co\\\/web\\\/#\\\/schema\\\/person\\\/62ef7a62dc4da6de450c71fc2e95ed02\"},\"headline\":\"Hospital Metropolitano de Barranquilla sigue cerrado por p\u00e9rdidas de m\u00e1s de $80.000 millones\",\"datePublished\":\"2022-09-29T20:13:18+00:00\",\"mainEntityOfPage\":{\"@id\":\"https:\\\/\\\/contrastes.com.co\\\/web\\\/2022\\\/09\\\/29\\\/hospital-metropolitano-de-barranquilla-sigue-cerrado-por-perdidas-de-mas-de-80-000-millones\\\/\"},\"wordCount\":232,\"commentCount\":0,\"publisher\":{\"@id\":\"https:\\\/\\\/contrastes.com.co\\\/web\\\/#organization\"},\"image\":{\"@id\":\"https:\\\/\\\/contrastes.com.co\\\/web\\\/2022\\\/09\\\/29\\\/hospital-metropolitano-de-barranquilla-sigue-cerrado-por-perdidas-de-mas-de-80-000-millones\\\/#primaryimage\"},\"thumbnailUrl\":\"\",\"keywords\":[\"gerente del Hospital Metropolitano de Barranquilla\",\"Hospital Metropolitano de Barranquilla\",\"Jos\u00e9 Luis Castro\",\"p\u00e9rdidas millonarias\"],\"articleSection\":[\"Infraestructura\",\"Regi\u00f3n\",\"Salud\"],\"inLanguage\":\"es\",\"potentialAction\":[{\"@type\":\"CommentAction\",\"name\":\"Comment\",\"target\":[\"https:\\\/\\\/contrastes.com.co\\\/web\\\/2022\\\/09\\\/29\\\/hospital-metropolitano-de-barranquilla-sigue-cerrado-por-perdidas-de-mas-de-80-000-millones\\\/#respond\"]}]},{\"@type\":\"WebPage\",\"@id\":\"https:\\\/\\\/contrastes.com.co\\\/web\\\/2022\\\/09\\\/29\\\/hospital-metropolitano-de-barranquilla-sigue-cerrado-por-perdidas-de-mas-de-80-000-millones\\\/\",\"url\":\"https:\\\/\\\/contrastes.com.co\\\/web\\\/2022\\\/09\\\/29\\\/hospital-metropolitano-de-barranquilla-sigue-cerrado-por-perdidas-de-mas-de-80-000-millones\\\/\",\"name\":\"Hospital Metropolitano de Barranquilla sigue cerrado por p\u00e9rdidas de m\u00e1s de $80.000 millones - Constrastes\",\"isPartOf\":{\"@id\":\"https:\\\/\\\/contrastes.com.co\\\/web\\\/#website\"},\"primaryImageOfPage\":{\"@id\":\"https:\\\/\\\/contrastes.com.co\\\/web\\\/2022\\\/09\\\/29\\\/hospital-metropolitano-de-barranquilla-sigue-cerrado-por-perdidas-de-mas-de-80-000-millones\\\/#primaryimage\"},\"image\":{\"@id\":\"https:\\\/\\\/contrastes.com.co\\\/web\\\/2022\\\/09\\\/29\\\/hospital-metropolitano-de-barranquilla-sigue-cerrado-por-perdidas-de-mas-de-80-000-millones\\\/#primaryimage\"},\"thumbnailUrl\":\"\",\"datePublished\":\"2022-09-29T20:13:18+00:00\",\"description\":\"En palabras de su actual gerente, Jos\u00e9 Luis Castro, el Hospital Metropolitano de Barranquilla est\u00e1 \\\"en cuidados intensivos\\\", debido a las \\\"p\u00e9rdidas por m\u00e1s de 80.000 millones de pesos\\\" que obligaron su cierre en octubre de 2020 y afectaron la prestaci\u00f3n de los servicios de salud de unos 30.000 pacientes de la regi\u00f3n Caribe que eran atendidos cada a\u00f1o en este centro asistencial.\",\"breadcrumb\":{\"@id\":\"https:\\\/\\\/contrastes.com.co\\\/web\\\/2022\\\/09\\\/29\\\/hospital-metropolitano-de-barranquilla-sigue-cerrado-por-perdidas-de-mas-de-80-000-millones\\\/#breadcrumb\"},\"inLanguage\":\"es\",\"potentialAction\":[{\"@type\":\"ReadAction\",\"target\":[\"https:\\\/\\\/contrastes.com.co\\\/web\\\/2022\\\/09\\\/29\\\/hospital-metropolitano-de-barranquilla-sigue-cerrado-por-perdidas-de-mas-de-80-000-millones\\\/\"]}]},{\"@type\":\"ImageObject\",\"inLanguage\":\"es\",\"@id\":\"https:\\\/\\\/contrastes.com.co\\\/web\\\/2022\\\/09\\\/29\\\/hospital-metropolitano-de-barranquilla-sigue-cerrado-por-perdidas-de-mas-de-80-000-millones\\\/#primaryimage\",\"url\":\"\",\"contentUrl\":\"\"},{\"@type\":\"BreadcrumbList\",\"@id\":\"https:\\\/\\\/contrastes.com.co\\\/web\\\/2022\\\/09\\\/29\\\/hospital-metropolitano-de-barranquilla-sigue-cerrado-por-perdidas-de-mas-de-80-000-millones\\\/#breadcrumb\",\"itemListElement\":[{\"@type\":\"ListItem\",\"position\":1,\"name\":\"Portada\",\"item\":\"https:\\\/\\\/contrastes.com.co\\\/web\\\/\"},{\"@type\":\"ListItem\",\"position\":2,\"name\":\"Hospital Metropolitano de Barranquilla sigue cerrado por p\u00e9rdidas de m\u00e1s de $80.000 millones\"}]},{\"@type\":\"WebSite\",\"@id\":\"https:\\\/\\\/contrastes.com.co\\\/web\\\/#website\",\"url\":\"https:\\\/\\\/contrastes.com.co\\\/web\\\/\",\"name\":\"Contrastes\",\"description\":\"Periodismo de Conciencia\",\"publisher\":{\"@id\":\"https:\\\/\\\/contrastes.com.co\\\/web\\\/#organization\"},\"potentialAction\":[{\"@type\":\"SearchAction\",\"target\":{\"@type\":\"EntryPoint\",\"urlTemplate\":\"https:\\\/\\\/contrastes.com.co\\\/web\\\/?s={search_term_string}\"},\"query-input\":{\"@type\":\"PropertyValueSpecification\",\"valueRequired\":true,\"valueName\":\"search_term_string\"}}],\"inLanguage\":\"es\"},{\"@type\":\"Organization\",\"@id\":\"https:\\\/\\\/contrastes.com.co\\\/web\\\/#organization\",\"name\":\"Contrastes\",\"url\":\"https:\\\/\\\/contrastes.com.co\\\/web\\\/\",\"logo\":{\"@type\":\"ImageObject\",\"inLanguage\":\"es\",\"@id\":\"https:\\\/\\\/contrastes.com.co\\\/web\\\/#\\\/schema\\\/logo\\\/image\\\/\",\"url\":\"https:\\\/\\\/contrastes.com.co\\\/web\\\/wp-content\\\/uploads\\\/2025\\\/04\\\/15CONTRASTES3.png\",\"contentUrl\":\"https:\\\/\\\/contrastes.com.co\\\/web\\\/wp-content\\\/uploads\\\/2025\\\/04\\\/15CONTRASTES3.png\",\"width\":1536,\"height\":231,\"caption\":\"Contrastes\"},\"image\":{\"@id\":\"https:\\\/\\\/contrastes.com.co\\\/web\\\/#\\\/schema\\\/logo\\\/image\\\/\"},\"sameAs\":[\"https:\\\/\\\/www.facebook.com\\\/guillo.pantoja.1\"]},{\"@type\":\"Person\",\"@id\":\"https:\\\/\\\/contrastes.com.co\\\/web\\\/#\\\/schema\\\/person\\\/62ef7a62dc4da6de450c71fc2e95ed02\",\"name\":\"Editor\",\"image\":{\"@type\":\"ImageObject\",\"inLanguage\":\"es\",\"@id\":\"https:\\\/\\\/secure.gravatar.com\\\/avatar\\\/7bbb4f718d74bbf600dc556253bb04fd7ac8593751d6e2e3b85432d98aefae80?s=96&d=mm&r=g\",\"url\":\"https:\\\/\\\/secure.gravatar.com\\\/avatar\\\/7bbb4f718d74bbf600dc556253bb04fd7ac8593751d6e2e3b85432d98aefae80?s=96&d=mm&r=g\",\"contentUrl\":\"https:\\\/\\\/secure.gravatar.com\\\/avatar\\\/7bbb4f718d74bbf600dc556253bb04fd7ac8593751d6e2e3b85432d98aefae80?s=96&d=mm&r=g\",\"caption\":\"Editor\"},\"sameAs\":[\"https:\\\/\\\/contrastes.com.co\\\/web\"],\"url\":\"https:\\\/\\\/contrastes.com.co\\\/web\\\/author\\\/jdbobadilla\\\/\"}]}<\/script>\n<!-- \/ Yoast SEO plugin. -->","yoast_head_json":{"title":"Hospital Metropolitano de Barranquilla sigue cerrado por p\u00e9rdidas de m\u00e1s de $80.000 millones - Constrastes","description":"En palabras de su actual gerente, Jos\u00e9 Luis Castro, el Hospital Metropolitano de Barranquilla est\u00e1 \"en cuidados intensivos\", debido a las \"p\u00e9rdidas por m\u00e1s de 80.000 millones de pesos\" que obligaron su cierre en octubre de 2020 y afectaron la prestaci\u00f3n de los servicios de salud de unos 30.000 pacientes de la regi\u00f3n Caribe que eran atendidos cada a\u00f1o en este centro asistencial.","robots":{"index":"index","follow":"follow","max-snippet":"max-snippet:-1","max-image-preview":"max-image-preview:large","max-video-preview":"max-video-preview:-1"},"canonical":"https:\/\/contrastes.com.co\/web\/2022\/09\/29\/hospital-metropolitano-de-barranquilla-sigue-cerrado-por-perdidas-de-mas-de-80-000-millones\/","og_locale":"es_ES","og_type":"article","og_title":"Hospital Metropolitano de Barranquilla sigue cerrado por p\u00e9rdidas de m\u00e1s de $80.000 millones - Constrastes","og_description":"En palabras de su actual gerente, Jos\u00e9 Luis Castro, el Hospital Metropolitano de Barranquilla est\u00e1 \"en cuidados intensivos\", debido a las \"p\u00e9rdidas por m\u00e1s de 80.000 millones de pesos\" que obligaron su cierre en octubre de 2020 y afectaron la prestaci\u00f3n de los servicios de salud de unos 30.000 pacientes de la regi\u00f3n Caribe que eran atendidos cada a\u00f1o en este centro asistencial.","og_url":"https:\/\/contrastes.com.co\/web\/2022\/09\/29\/hospital-metropolitano-de-barranquilla-sigue-cerrado-por-perdidas-de-mas-de-80-000-millones\/","og_site_name":"Constrastes","article_publisher":"https:\/\/www.facebook.com\/guillo.pantoja.1","article_published_time":"2022-09-29T20:13:18+00:00","author":"Editor","twitter_card":"summary_large_image","twitter_misc":{"Escrito por":"Editor","Tiempo de lectura":"1 minuto"},"schema":{"@context":"https:\/\/schema.org","@graph":[{"@type":"Article","@id":"https:\/\/contrastes.com.co\/web\/2022\/09\/29\/hospital-metropolitano-de-barranquilla-sigue-cerrado-por-perdidas-de-mas-de-80-000-millones\/#article","isPartOf":{"@id":"https:\/\/contrastes.com.co\/web\/2022\/09\/29\/hospital-metropolitano-de-barranquilla-sigue-cerrado-por-perdidas-de-mas-de-80-000-millones\/"},"author":{"name":"Editor","@id":"https:\/\/contrastes.com.co\/web\/#\/schema\/person\/62ef7a62dc4da6de450c71fc2e95ed02"},"headline":"Hospital Metropolitano de Barranquilla sigue cerrado por p\u00e9rdidas de m\u00e1s de $80.000 millones","datePublished":"2022-09-29T20:13:18+00:00","mainEntityOfPage":{"@id":"https:\/\/contrastes.com.co\/web\/2022\/09\/29\/hospital-metropolitano-de-barranquilla-sigue-cerrado-por-perdidas-de-mas-de-80-000-millones\/"},"wordCount":232,"commentCount":0,"publisher":{"@id":"https:\/\/contrastes.com.co\/web\/#organization"},"image":{"@id":"https:\/\/contrastes.com.co\/web\/2022\/09\/29\/hospital-metropolitano-de-barranquilla-sigue-cerrado-por-perdidas-de-mas-de-80-000-millones\/#primaryimage"},"thumbnailUrl":"","keywords":["gerente del Hospital Metropolitano de Barranquilla","Hospital Metropolitano de Barranquilla","Jos\u00e9 Luis Castro","p\u00e9rdidas millonarias"],"articleSection":["Infraestructura","Regi\u00f3n","Salud"],"inLanguage":"es","potentialAction":[{"@type":"CommentAction","name":"Comment","target":["https:\/\/contrastes.com.co\/web\/2022\/09\/29\/hospital-metropolitano-de-barranquilla-sigue-cerrado-por-perdidas-de-mas-de-80-000-millones\/#respond"]}]},{"@type":"WebPage","@id":"https:\/\/contrastes.com.co\/web\/2022\/09\/29\/hospital-metropolitano-de-barranquilla-sigue-cerrado-por-perdidas-de-mas-de-80-000-millones\/","url":"https:\/\/contrastes.com.co\/web\/2022\/09\/29\/hospital-metropolitano-de-barranquilla-sigue-cerrado-por-perdidas-de-mas-de-80-000-millones\/","name":"Hospital Metropolitano de Barranquilla sigue cerrado por p\u00e9rdidas de m\u00e1s de $80.000 millones - Constrastes","isPartOf":{"@id":"https:\/\/contrastes.com.co\/web\/#website"},"primaryImageOfPage":{"@id":"https:\/\/contrastes.com.co\/web\/2022\/09\/29\/hospital-metropolitano-de-barranquilla-sigue-cerrado-por-perdidas-de-mas-de-80-000-millones\/#primaryimage"},"image":{"@id":"https:\/\/contrastes.com.co\/web\/2022\/09\/29\/hospital-metropolitano-de-barranquilla-sigue-cerrado-por-perdidas-de-mas-de-80-000-millones\/#primaryimage"},"thumbnailUrl":"","datePublished":"2022-09-29T20:13:18+00:00","description":"En palabras de su actual gerente, Jos\u00e9 Luis Castro, el Hospital Metropolitano de Barranquilla est\u00e1 \"en cuidados intensivos\", debido a las \"p\u00e9rdidas por m\u00e1s de 80.000 millones de pesos\" que obligaron su cierre en octubre de 2020 y afectaron la prestaci\u00f3n de los servicios de salud de unos 30.000 pacientes de la regi\u00f3n Caribe que eran atendidos cada a\u00f1o en este centro asistencial.","breadcrumb":{"@id":"https:\/\/contrastes.com.co\/web\/2022\/09\/29\/hospital-metropolitano-de-barranquilla-sigue-cerrado-por-perdidas-de-mas-de-80-000-millones\/#breadcrumb"},"inLanguage":"es","potentialAction":[{"@type":"ReadAction","target":["https:\/\/contrastes.com.co\/web\/2022\/09\/29\/hospital-metropolitano-de-barranquilla-sigue-cerrado-por-perdidas-de-mas-de-80-000-millones\/"]}]},{"@type":"ImageObject","inLanguage":"es","@id":"https:\/\/contrastes.com.co\/web\/2022\/09\/29\/hospital-metropolitano-de-barranquilla-sigue-cerrado-por-perdidas-de-mas-de-80-000-millones\/#primaryimage","url":"","contentUrl":""},{"@type":"BreadcrumbList","@id":"https:\/\/contrastes.com.co\/web\/2022\/09\/29\/hospital-metropolitano-de-barranquilla-sigue-cerrado-por-perdidas-de-mas-de-80-000-millones\/#breadcrumb","itemListElement":[{"@type":"ListItem","position":1,"name":"Portada","item":"https:\/\/contrastes.com.co\/web\/"},{"@type":"ListItem","position":2,"name":"Hospital Metropolitano de Barranquilla sigue cerrado por p\u00e9rdidas de m\u00e1s de $80.000 millones"}]},{"@type":"WebSite","@id":"https:\/\/contrastes.com.co\/web\/#website","url":"https:\/\/contrastes.com.co\/web\/","name":"Contrastes","description":"Periodismo de Conciencia","publisher":{"@id":"https:\/\/contrastes.com.co\/web\/#organization"},"potentialAction":[{"@type":"SearchAction","target":{"@type":"EntryPoint","urlTemplate":"https:\/\/contrastes.com.co\/web\/?s={search_term_string}"},"query-input":{"@type":"PropertyValueSpecification","valueRequired":true,"valueName":"search_term_string"}}],"inLanguage":"es"},{"@type":"Organization","@id":"https:\/\/contrastes.com.co\/web\/#organization","name":"Contrastes","url":"https:\/\/contrastes.com.co\/web\/","logo":{"@type":"ImageObject","inLanguage":"es","@id":"https:\/\/contrastes.com.co\/web\/#\/schema\/logo\/image\/","url":"https:\/\/contrastes.com.co\/web\/wp-content\/uploads\/2025\/04\/15CONTRASTES3.png","contentUrl":"https:\/\/contrastes.com.co\/web\/wp-content\/uploads\/2025\/04\/15CONTRASTES3.png","width":1536,"height":231,"caption":"Contrastes"},"image":{"@id":"https:\/\/contrastes.com.co\/web\/#\/schema\/logo\/image\/"},"sameAs":["https:\/\/www.facebook.com\/guillo.pantoja.1"]},{"@type":"Person","@id":"https:\/\/contrastes.com.co\/web\/#\/schema\/person\/62ef7a62dc4da6de450c71fc2e95ed02","name":"Editor","image":{"@type":"ImageObject","inLanguage":"es","@id":"https:\/\/secure.gravatar.com\/avatar\/7bbb4f718d74bbf600dc556253bb04fd7ac8593751d6e2e3b85432d98aefae80?s=96&d=mm&r=g","url":"https:\/\/secure.gravatar.com\/avatar\/7bbb4f718d74bbf600dc556253bb04fd7ac8593751d6e2e3b85432d98aefae80?s=96&d=mm&r=g","contentUrl":"https:\/\/secure.gravatar.com\/avatar\/7bbb4f718d74bbf600dc556253bb04fd7ac8593751d6e2e3b85432d98aefae80?s=96&d=mm&r=g","caption":"Editor"},"sameAs":["https:\/\/contrastes.com.co\/web"],"url":"https:\/\/contrastes.com.co\/web\/author\/jdbobadilla\/"}]}},"blog_post_layout_featured_media_urls":{"thumbnail":"","full":""},"categories_names":{"11":{"name":"Infraestructura","link":"https:\/\/contrastes.com.co\/web\/category\/infraestructura\/"},"24":{"name":"Regi\u00f3n","link":"https:\/\/contrastes.com.co\/web\/category\/region\/"},"25":{"name":"Salud","link":"https:\/\/contrastes.com.co\/web\/category\/salud\/"}},"tags_names":{"7312":{"name":"gerente del Hospital Metropolitano de Barranquilla","link":"https:\/\/contrastes.com.co\/web\/tag\/gerente-del-hospital-metropolitano-de-barranquilla\/"},"7313":{"name":"Hospital Metropolitano de Barranquilla","link":"https:\/\/contrastes.com.co\/web\/tag\/hospital-metropolitano-de-barranquilla\/"},"7314":{"name":"Jos\u00e9 Luis Castro","link":"https:\/\/contrastes.com.co\/web\/tag\/jose-luis-castro\/"},"7315":{"name":"p\u00e9rdidas millonarias","link":"https:\/\/contrastes.com.co\/web\/tag\/perdidas-millonarias\/"}},"comments_number":"0","wpmagazine_modules_lite_featured_media_urls":{"thumbnail":"","cvmm-medium":"","cvmm-medium-plus":"","cvmm-portrait":"","cvmm-medium-square":"","cvmm-large":"","cvmm-small":"","full":""},"_links":{"self":[{"href":"https:\/\/contrastes.com.co\/web\/wp-json\/wp\/v2\/posts\/11647","targetHints":{"allow":["GET"]}}],"collection":[{"href":"https:\/\/contrastes.com.co\/web\/wp-json\/wp\/v2\/posts"}],"about":[{"href":"https:\/\/contrastes.com.co\/web\/wp-json\/wp\/v2\/types\/post"}],"author":[{"embeddable":true,"href":"https:\/\/contrastes.com.co\/web\/wp-json\/wp\/v2\/users\/1"}],"replies":[{"embeddable":true,"href":"https:\/\/contrastes.com.co\/web\/wp-json\/wp\/v2\/comments?post=11647"}],"version-history":[{"count":0,"href":"https:\/\/contrastes.com.co\/web\/wp-json\/wp\/v2\/posts\/11647\/revisions"}],"wp:attachment":[{"href":"https:\/\/contrastes.com.co\/web\/wp-json\/wp\/v2\/media?parent=11647"}],"wp:term":[{"taxonomy":"category","embeddable":true,"href":"https:\/\/contrastes.com.co\/web\/wp-json\/wp\/v2\/categories?post=11647"},{"taxonomy":"post_tag","embeddable":true,"href":"https:\/\/contrastes.com.co\/web\/wp-json\/wp\/v2\/tags?post=11647"}],"curies":[{"name":"wp","href":"https:\/\/api.w.org\/{rel}","templated":true}]}}