{"id":11656,"date":"2022-09-30T14:49:59","date_gmt":"2022-09-30T19:49:59","guid":{"rendered":"https:\/\/contrastes.com.co\/digital\/?p=11656"},"modified":"2022-09-30T14:49:59","modified_gmt":"2022-09-30T19:49:59","slug":"el-compositor-soledeno-rafael-campo-miranda-recibe-el-premio-vida-y-obra-2022-del-ministerio-de-cultura","status":"publish","type":"post","link":"https:\/\/contrastes.com.co\/web\/2022\/09\/30\/el-compositor-soledeno-rafael-campo-miranda-recibe-el-premio-vida-y-obra-2022-del-ministerio-de-cultura\/","title":{"rendered":"El compositor solede\u00f1o Rafael Campo Miranda recibe el premio Vida y Obra 2022 del Ministerio de Cultura"},"content":{"rendered":"<p><strong>*El compositor solede\u00f1o Rafael Campo Miranda recibe el premio Vida y Obra 2022 del Ministerio de Cultura<\/strong><\/p>\n<blockquote><p><strong>Campo Miranda, folclorista, autor de grandes cl\u00e1sicos de la canci\u00f3n colombiana como Entre palmeras, Lamento n\u00e1ufrago y El p\u00e1jaro amarillo, naci\u00f3 en Soledad (Atl\u00e1ntico, en 1918) y le ha dedicado su vida, como profesor y m\u00fasico a la promoci\u00f3n de la cultura musical del pa\u00eds.<\/strong><\/p><\/blockquote>\n<p><img decoding=\"async\" class=\"alignleft  wp-image-8529\" src=\"https:\/\/contrastes.com.co\/digital\/wp-content\/uploads\/2022\/03\/e-capitular.png\" alt=\"e capitular\" width=\"51\" height=\"51\" \/>l compositor solede\u00f1o Rafael Campo Miranda, de 104 a\u00f1os de edad, fue anunciado como el ganador del Premio Nacional Vida y Obra a las artes y a la cultura 2022, otorgado por el Ministerio de Cultura. A la par, le fue otorgado el Premio Nacional Vida y Obra aportadores del patrimonio y la memoria cultural a Marcial Antonio Montalvo.<\/p>\n<p>Cabe destacar que estos premios son la m\u00e1s alta distinci\u00f3n otorgada por el Ministerio de Cultura y representa un merecido homenaje en vida a este baluarte de la m\u00fasica y la cultura atlanticense y particularmente del municipio de Soledad.<\/p>\n<p>Campo Miranda, folclorista, autor de grandes cl\u00e1sicos de la canci\u00f3n colombiana como Entre palmeras, Lamento n\u00e1ufrago y El p\u00e1jaro amarillo, naci\u00f3 en Soledad (Atl\u00e1ntico, en 1918) y le ha dedicado su vida, como profesor y m\u00fasico a la promoci\u00f3n de la cultura musical del pa\u00eds.<\/p>\n<p><iframe title=\"Lamento N\u00e1ufrago\" width=\"640\" height=\"480\" src=\"https:\/\/www.youtube.com\/embed\/2AxC5KkXF6o?feature=oembed\" frameborder=\"0\" allow=\"accelerometer; autoplay; clipboard-write; encrypted-media; gyroscope; picture-in-picture; web-share\" referrerpolicy=\"strict-origin-when-cross-origin\" allowfullscreen><\/iframe><\/p>\n<p>Al otorgarle el premio, el jurado del mismo afirm\u00f3 que \u00absu obra musical es de innegable y evidente incidencia en la cultura colombiana y constituye un patrimonio inmaterial muy valioso, no solo por el volumen, sino por el aporte a la percepci\u00f3n del amor, el cuerpo y el cortejo. Indudablemente su obra y dedicaci\u00f3n de toda una vida a la composici\u00f3n y formaci\u00f3n de m\u00fasicos, incide notablemente en la consolidaci\u00f3n de la memoria viva y acervo musical en Colombia que se proyecta a varias generaciones. La trascendencia de su obra como creador, maestro y escritor de textos sobre m\u00fasica colombiana deja un invaluable legado de sus conocimientos y saberes\u201d.<\/p>\n<p><iframe title=\"Rafael Campo Miranda,  leyenda viva de la m\u00fasica\" width=\"640\" height=\"360\" src=\"https:\/\/www.youtube.com\/embed\/8bwUuypdYbg?feature=oembed\" frameborder=\"0\" allow=\"accelerometer; autoplay; clipboard-write; encrypted-media; gyroscope; picture-in-picture; web-share\" referrerpolicy=\"strict-origin-when-cross-origin\" allowfullscreen><\/iframe><\/p>\n<p>El jurado tambi\u00e9n consider\u00f3 que la obra de Campo Miranda se arraig\u00f3 en el gusto de la poblaci\u00f3n y su memoria y trascendi\u00f3 \u00e9pocas y fronteras. \u00abNos enorgullece la vida y obra del maestro Rafael Campo Miranda como patrimonio vivo de la naci\u00f3n\u00bb.<\/p>\n","protected":false},"excerpt":{"rendered":"<p>El compositor solede\u00f1o Rafael Campo Miranda, de 104 a\u00f1os de edad, fue anunciado como el ganador del Premio Nacional Vida y Obra a las artes y a la cultura 2022, otorgado por el Ministerio de Cultura. A la par, le fue otorgado el Premio Nacional Vida y Obra aportadores del patrimonio y la memoria cultural a Marcial Antonio Montalvo.<\/p>\n","protected":false},"author":1,"featured_media":11657,"comment_status":"open","ping_status":"open","sticky":false,"template":"","format":"standard","meta":{"footnotes":""},"categories":[6778,104,23,88,2076,101,158,24],"tags":[7318,2749,51,7319,7320],"class_list":["post-11656","post","type-post","status-publish","format-standard","has-post-thumbnail","hentry","category-arte","category-cultura","category-locales","category-mundo","category-musica","category-pais","category-personajes","category-region","tag-compositor-soledeno","tag-ministerio-de-cultura","tag-municipio-de-soledad","tag-premio-nacional-vida-y-obra-a-las-artes-y-a-la-cultura-2022","tag-rafael-campo-miranda"],"yoast_head":"<!-- This site is optimized with the Yoast SEO plugin v27.7 - https:\/\/yoast.com\/product\/yoast-seo-wordpress\/ -->\n<title>El compositor solede\u00f1o Rafael Campo Miranda recibe el premio Vida y Obra 2022 del Ministerio de Cultura - Constrastes<\/title>\n<meta name=\"description\" content=\"El compositor solede\u00f1o Rafael Campo Miranda, de 104 a\u00f1os de edad, fue anunciado como el ganador del Premio Nacional Vida y Obra a las artes y a la cultura 2022, otorgado por el Ministerio de Cultura. A la par, le fue otorgado el Premio Nacional Vida y Obra aportadores del patrimonio y la memoria cultural a Marcial Antonio Montalvo.\" \/>\n<meta name=\"robots\" content=\"index, follow, max-snippet:-1, max-image-preview:large, max-video-preview:-1\" \/>\n<link rel=\"canonical\" href=\"https:\/\/contrastes.com.co\/web\/2022\/09\/30\/el-compositor-soledeno-rafael-campo-miranda-recibe-el-premio-vida-y-obra-2022-del-ministerio-de-cultura\/\" \/>\n<meta property=\"og:locale\" content=\"es_ES\" \/>\n<meta property=\"og:type\" content=\"article\" \/>\n<meta property=\"og:title\" content=\"El compositor solede\u00f1o Rafael Campo Miranda recibe el premio Vida y Obra 2022 del Ministerio de Cultura - Constrastes\" \/>\n<meta property=\"og:description\" content=\"El compositor solede\u00f1o Rafael Campo Miranda, de 104 a\u00f1os de edad, fue anunciado como el ganador del Premio Nacional Vida y Obra a las artes y a la cultura 2022, otorgado por el Ministerio de Cultura. A la par, le fue otorgado el Premio Nacional Vida y Obra aportadores del patrimonio y la memoria cultural a Marcial Antonio Montalvo.\" \/>\n<meta property=\"og:url\" content=\"https:\/\/contrastes.com.co\/web\/2022\/09\/30\/el-compositor-soledeno-rafael-campo-miranda-recibe-el-premio-vida-y-obra-2022-del-ministerio-de-cultura\/\" \/>\n<meta property=\"og:site_name\" content=\"Constrastes\" \/>\n<meta property=\"article:publisher\" content=\"https:\/\/www.facebook.com\/guillo.pantoja.1\" \/>\n<meta property=\"article:published_time\" content=\"2022-09-30T19:49:59+00:00\" \/>\n<meta name=\"author\" content=\"Editor\" \/>\n<meta name=\"twitter:card\" content=\"summary_large_image\" \/>\n<meta name=\"twitter:label1\" content=\"Escrito por\" \/>\n\t<meta name=\"twitter:data1\" content=\"Editor\" \/>\n\t<meta name=\"twitter:label2\" content=\"Tiempo de lectura\" \/>\n\t<meta name=\"twitter:data2\" content=\"2 minutos\" \/>\n<script type=\"application\/ld+json\" class=\"yoast-schema-graph\">{\"@context\":\"https:\\\/\\\/schema.org\",\"@graph\":[{\"@type\":\"Article\",\"@id\":\"https:\\\/\\\/contrastes.com.co\\\/web\\\/2022\\\/09\\\/30\\\/el-compositor-soledeno-rafael-campo-miranda-recibe-el-premio-vida-y-obra-2022-del-ministerio-de-cultura\\\/#article\",\"isPartOf\":{\"@id\":\"https:\\\/\\\/contrastes.com.co\\\/web\\\/2022\\\/09\\\/30\\\/el-compositor-soledeno-rafael-campo-miranda-recibe-el-premio-vida-y-obra-2022-del-ministerio-de-cultura\\\/\"},\"author\":{\"name\":\"Editor\",\"@id\":\"https:\\\/\\\/contrastes.com.co\\\/web\\\/#\\\/schema\\\/person\\\/62ef7a62dc4da6de450c71fc2e95ed02\"},\"headline\":\"El compositor solede\u00f1o Rafael Campo Miranda recibe el premio Vida y Obra 2022 del Ministerio de Cultura\",\"datePublished\":\"2022-09-30T19:49:59+00:00\",\"mainEntityOfPage\":{\"@id\":\"https:\\\/\\\/contrastes.com.co\\\/web\\\/2022\\\/09\\\/30\\\/el-compositor-soledeno-rafael-campo-miranda-recibe-el-premio-vida-y-obra-2022-del-ministerio-de-cultura\\\/\"},\"wordCount\":421,\"commentCount\":0,\"publisher\":{\"@id\":\"https:\\\/\\\/contrastes.com.co\\\/web\\\/#organization\"},\"image\":{\"@id\":\"https:\\\/\\\/contrastes.com.co\\\/web\\\/2022\\\/09\\\/30\\\/el-compositor-soledeno-rafael-campo-miranda-recibe-el-premio-vida-y-obra-2022-del-ministerio-de-cultura\\\/#primaryimage\"},\"thumbnailUrl\":\"\",\"keywords\":[\"compositor solede\u00f1o\",\"Ministerio de Cultura\",\"municipio de soledad\",\"Premio Nacional Vida y Obra a las artes y a la cultura 2022\",\"Rafael Campo Miranda\"],\"articleSection\":[\"Arte\",\"Cultura\",\"Locales\",\"Mundo\",\"M\u00fasica\",\"Pa\u00eds\",\"Personajes\",\"Regi\u00f3n\"],\"inLanguage\":\"es\",\"potentialAction\":[{\"@type\":\"CommentAction\",\"name\":\"Comment\",\"target\":[\"https:\\\/\\\/contrastes.com.co\\\/web\\\/2022\\\/09\\\/30\\\/el-compositor-soledeno-rafael-campo-miranda-recibe-el-premio-vida-y-obra-2022-del-ministerio-de-cultura\\\/#respond\"]}]},{\"@type\":\"WebPage\",\"@id\":\"https:\\\/\\\/contrastes.com.co\\\/web\\\/2022\\\/09\\\/30\\\/el-compositor-soledeno-rafael-campo-miranda-recibe-el-premio-vida-y-obra-2022-del-ministerio-de-cultura\\\/\",\"url\":\"https:\\\/\\\/contrastes.com.co\\\/web\\\/2022\\\/09\\\/30\\\/el-compositor-soledeno-rafael-campo-miranda-recibe-el-premio-vida-y-obra-2022-del-ministerio-de-cultura\\\/\",\"name\":\"El compositor solede\u00f1o Rafael Campo Miranda recibe el premio Vida y Obra 2022 del Ministerio de Cultura - Constrastes\",\"isPartOf\":{\"@id\":\"https:\\\/\\\/contrastes.com.co\\\/web\\\/#website\"},\"primaryImageOfPage\":{\"@id\":\"https:\\\/\\\/contrastes.com.co\\\/web\\\/2022\\\/09\\\/30\\\/el-compositor-soledeno-rafael-campo-miranda-recibe-el-premio-vida-y-obra-2022-del-ministerio-de-cultura\\\/#primaryimage\"},\"image\":{\"@id\":\"https:\\\/\\\/contrastes.com.co\\\/web\\\/2022\\\/09\\\/30\\\/el-compositor-soledeno-rafael-campo-miranda-recibe-el-premio-vida-y-obra-2022-del-ministerio-de-cultura\\\/#primaryimage\"},\"thumbnailUrl\":\"\",\"datePublished\":\"2022-09-30T19:49:59+00:00\",\"description\":\"El compositor solede\u00f1o Rafael Campo Miranda, de 104 a\u00f1os de edad, fue anunciado como el ganador del Premio Nacional Vida y Obra a las artes y a la cultura 2022, otorgado por el Ministerio de Cultura. A la par, le fue otorgado el Premio Nacional Vida y Obra aportadores del patrimonio y la memoria cultural a Marcial Antonio Montalvo.\",\"breadcrumb\":{\"@id\":\"https:\\\/\\\/contrastes.com.co\\\/web\\\/2022\\\/09\\\/30\\\/el-compositor-soledeno-rafael-campo-miranda-recibe-el-premio-vida-y-obra-2022-del-ministerio-de-cultura\\\/#breadcrumb\"},\"inLanguage\":\"es\",\"potentialAction\":[{\"@type\":\"ReadAction\",\"target\":[\"https:\\\/\\\/contrastes.com.co\\\/web\\\/2022\\\/09\\\/30\\\/el-compositor-soledeno-rafael-campo-miranda-recibe-el-premio-vida-y-obra-2022-del-ministerio-de-cultura\\\/\"]}]},{\"@type\":\"ImageObject\",\"inLanguage\":\"es\",\"@id\":\"https:\\\/\\\/contrastes.com.co\\\/web\\\/2022\\\/09\\\/30\\\/el-compositor-soledeno-rafael-campo-miranda-recibe-el-premio-vida-y-obra-2022-del-ministerio-de-cultura\\\/#primaryimage\",\"url\":\"\",\"contentUrl\":\"\"},{\"@type\":\"BreadcrumbList\",\"@id\":\"https:\\\/\\\/contrastes.com.co\\\/web\\\/2022\\\/09\\\/30\\\/el-compositor-soledeno-rafael-campo-miranda-recibe-el-premio-vida-y-obra-2022-del-ministerio-de-cultura\\\/#breadcrumb\",\"itemListElement\":[{\"@type\":\"ListItem\",\"position\":1,\"name\":\"Portada\",\"item\":\"https:\\\/\\\/contrastes.com.co\\\/web\\\/\"},{\"@type\":\"ListItem\",\"position\":2,\"name\":\"El compositor solede\u00f1o Rafael Campo Miranda recibe el premio Vida y Obra 2022 del Ministerio de Cultura\"}]},{\"@type\":\"WebSite\",\"@id\":\"https:\\\/\\\/contrastes.com.co\\\/web\\\/#website\",\"url\":\"https:\\\/\\\/contrastes.com.co\\\/web\\\/\",\"name\":\"Contrastes\",\"description\":\"Periodismo de Conciencia\",\"publisher\":{\"@id\":\"https:\\\/\\\/contrastes.com.co\\\/web\\\/#organization\"},\"potentialAction\":[{\"@type\":\"SearchAction\",\"target\":{\"@type\":\"EntryPoint\",\"urlTemplate\":\"https:\\\/\\\/contrastes.com.co\\\/web\\\/?s={search_term_string}\"},\"query-input\":{\"@type\":\"PropertyValueSpecification\",\"valueRequired\":true,\"valueName\":\"search_term_string\"}}],\"inLanguage\":\"es\"},{\"@type\":\"Organization\",\"@id\":\"https:\\\/\\\/contrastes.com.co\\\/web\\\/#organization\",\"name\":\"Contrastes\",\"url\":\"https:\\\/\\\/contrastes.com.co\\\/web\\\/\",\"logo\":{\"@type\":\"ImageObject\",\"inLanguage\":\"es\",\"@id\":\"https:\\\/\\\/contrastes.com.co\\\/web\\\/#\\\/schema\\\/logo\\\/image\\\/\",\"url\":\"https:\\\/\\\/contrastes.com.co\\\/web\\\/wp-content\\\/uploads\\\/2025\\\/04\\\/15CONTRASTES3.png\",\"contentUrl\":\"https:\\\/\\\/contrastes.com.co\\\/web\\\/wp-content\\\/uploads\\\/2025\\\/04\\\/15CONTRASTES3.png\",\"width\":1536,\"height\":231,\"caption\":\"Contrastes\"},\"image\":{\"@id\":\"https:\\\/\\\/contrastes.com.co\\\/web\\\/#\\\/schema\\\/logo\\\/image\\\/\"},\"sameAs\":[\"https:\\\/\\\/www.facebook.com\\\/guillo.pantoja.1\"]},{\"@type\":\"Person\",\"@id\":\"https:\\\/\\\/contrastes.com.co\\\/web\\\/#\\\/schema\\\/person\\\/62ef7a62dc4da6de450c71fc2e95ed02\",\"name\":\"Editor\",\"image\":{\"@type\":\"ImageObject\",\"inLanguage\":\"es\",\"@id\":\"https:\\\/\\\/secure.gravatar.com\\\/avatar\\\/7bbb4f718d74bbf600dc556253bb04fd7ac8593751d6e2e3b85432d98aefae80?s=96&d=mm&r=g\",\"url\":\"https:\\\/\\\/secure.gravatar.com\\\/avatar\\\/7bbb4f718d74bbf600dc556253bb04fd7ac8593751d6e2e3b85432d98aefae80?s=96&d=mm&r=g\",\"contentUrl\":\"https:\\\/\\\/secure.gravatar.com\\\/avatar\\\/7bbb4f718d74bbf600dc556253bb04fd7ac8593751d6e2e3b85432d98aefae80?s=96&d=mm&r=g\",\"caption\":\"Editor\"},\"sameAs\":[\"https:\\\/\\\/contrastes.com.co\\\/web\"],\"url\":\"https:\\\/\\\/contrastes.com.co\\\/web\\\/author\\\/jdbobadilla\\\/\"}]}<\/script>\n<!-- \/ Yoast SEO plugin. -->","yoast_head_json":{"title":"El compositor solede\u00f1o Rafael Campo Miranda recibe el premio Vida y Obra 2022 del Ministerio de Cultura - Constrastes","description":"El compositor solede\u00f1o Rafael Campo Miranda, de 104 a\u00f1os de edad, fue anunciado como el ganador del Premio Nacional Vida y Obra a las artes y a la cultura 2022, otorgado por el Ministerio de Cultura. A la par, le fue otorgado el Premio Nacional Vida y Obra aportadores del patrimonio y la memoria cultural a Marcial Antonio Montalvo.","robots":{"index":"index","follow":"follow","max-snippet":"max-snippet:-1","max-image-preview":"max-image-preview:large","max-video-preview":"max-video-preview:-1"},"canonical":"https:\/\/contrastes.com.co\/web\/2022\/09\/30\/el-compositor-soledeno-rafael-campo-miranda-recibe-el-premio-vida-y-obra-2022-del-ministerio-de-cultura\/","og_locale":"es_ES","og_type":"article","og_title":"El compositor solede\u00f1o Rafael Campo Miranda recibe el premio Vida y Obra 2022 del Ministerio de Cultura - Constrastes","og_description":"El compositor solede\u00f1o Rafael Campo Miranda, de 104 a\u00f1os de edad, fue anunciado como el ganador del Premio Nacional Vida y Obra a las artes y a la cultura 2022, otorgado por el Ministerio de Cultura. A la par, le fue otorgado el Premio Nacional Vida y Obra aportadores del patrimonio y la memoria cultural a Marcial Antonio Montalvo.","og_url":"https:\/\/contrastes.com.co\/web\/2022\/09\/30\/el-compositor-soledeno-rafael-campo-miranda-recibe-el-premio-vida-y-obra-2022-del-ministerio-de-cultura\/","og_site_name":"Constrastes","article_publisher":"https:\/\/www.facebook.com\/guillo.pantoja.1","article_published_time":"2022-09-30T19:49:59+00:00","author":"Editor","twitter_card":"summary_large_image","twitter_misc":{"Escrito por":"Editor","Tiempo de lectura":"2 minutos"},"schema":{"@context":"https:\/\/schema.org","@graph":[{"@type":"Article","@id":"https:\/\/contrastes.com.co\/web\/2022\/09\/30\/el-compositor-soledeno-rafael-campo-miranda-recibe-el-premio-vida-y-obra-2022-del-ministerio-de-cultura\/#article","isPartOf":{"@id":"https:\/\/contrastes.com.co\/web\/2022\/09\/30\/el-compositor-soledeno-rafael-campo-miranda-recibe-el-premio-vida-y-obra-2022-del-ministerio-de-cultura\/"},"author":{"name":"Editor","@id":"https:\/\/contrastes.com.co\/web\/#\/schema\/person\/62ef7a62dc4da6de450c71fc2e95ed02"},"headline":"El compositor solede\u00f1o Rafael Campo Miranda recibe el premio Vida y Obra 2022 del Ministerio de Cultura","datePublished":"2022-09-30T19:49:59+00:00","mainEntityOfPage":{"@id":"https:\/\/contrastes.com.co\/web\/2022\/09\/30\/el-compositor-soledeno-rafael-campo-miranda-recibe-el-premio-vida-y-obra-2022-del-ministerio-de-cultura\/"},"wordCount":421,"commentCount":0,"publisher":{"@id":"https:\/\/contrastes.com.co\/web\/#organization"},"image":{"@id":"https:\/\/contrastes.com.co\/web\/2022\/09\/30\/el-compositor-soledeno-rafael-campo-miranda-recibe-el-premio-vida-y-obra-2022-del-ministerio-de-cultura\/#primaryimage"},"thumbnailUrl":"","keywords":["compositor solede\u00f1o","Ministerio de Cultura","municipio de soledad","Premio Nacional Vida y Obra a las artes y a la cultura 2022","Rafael Campo Miranda"],"articleSection":["Arte","Cultura","Locales","Mundo","M\u00fasica","Pa\u00eds","Personajes","Regi\u00f3n"],"inLanguage":"es","potentialAction":[{"@type":"CommentAction","name":"Comment","target":["https:\/\/contrastes.com.co\/web\/2022\/09\/30\/el-compositor-soledeno-rafael-campo-miranda-recibe-el-premio-vida-y-obra-2022-del-ministerio-de-cultura\/#respond"]}]},{"@type":"WebPage","@id":"https:\/\/contrastes.com.co\/web\/2022\/09\/30\/el-compositor-soledeno-rafael-campo-miranda-recibe-el-premio-vida-y-obra-2022-del-ministerio-de-cultura\/","url":"https:\/\/contrastes.com.co\/web\/2022\/09\/30\/el-compositor-soledeno-rafael-campo-miranda-recibe-el-premio-vida-y-obra-2022-del-ministerio-de-cultura\/","name":"El compositor solede\u00f1o Rafael Campo Miranda recibe el premio Vida y Obra 2022 del Ministerio de Cultura - Constrastes","isPartOf":{"@id":"https:\/\/contrastes.com.co\/web\/#website"},"primaryImageOfPage":{"@id":"https:\/\/contrastes.com.co\/web\/2022\/09\/30\/el-compositor-soledeno-rafael-campo-miranda-recibe-el-premio-vida-y-obra-2022-del-ministerio-de-cultura\/#primaryimage"},"image":{"@id":"https:\/\/contrastes.com.co\/web\/2022\/09\/30\/el-compositor-soledeno-rafael-campo-miranda-recibe-el-premio-vida-y-obra-2022-del-ministerio-de-cultura\/#primaryimage"},"thumbnailUrl":"","datePublished":"2022-09-30T19:49:59+00:00","description":"El compositor solede\u00f1o Rafael Campo Miranda, de 104 a\u00f1os de edad, fue anunciado como el ganador del Premio Nacional Vida y Obra a las artes y a la cultura 2022, otorgado por el Ministerio de Cultura. A la par, le fue otorgado el Premio Nacional Vida y Obra aportadores del patrimonio y la memoria cultural a Marcial Antonio Montalvo.","breadcrumb":{"@id":"https:\/\/contrastes.com.co\/web\/2022\/09\/30\/el-compositor-soledeno-rafael-campo-miranda-recibe-el-premio-vida-y-obra-2022-del-ministerio-de-cultura\/#breadcrumb"},"inLanguage":"es","potentialAction":[{"@type":"ReadAction","target":["https:\/\/contrastes.com.co\/web\/2022\/09\/30\/el-compositor-soledeno-rafael-campo-miranda-recibe-el-premio-vida-y-obra-2022-del-ministerio-de-cultura\/"]}]},{"@type":"ImageObject","inLanguage":"es","@id":"https:\/\/contrastes.com.co\/web\/2022\/09\/30\/el-compositor-soledeno-rafael-campo-miranda-recibe-el-premio-vida-y-obra-2022-del-ministerio-de-cultura\/#primaryimage","url":"","contentUrl":""},{"@type":"BreadcrumbList","@id":"https:\/\/contrastes.com.co\/web\/2022\/09\/30\/el-compositor-soledeno-rafael-campo-miranda-recibe-el-premio-vida-y-obra-2022-del-ministerio-de-cultura\/#breadcrumb","itemListElement":[{"@type":"ListItem","position":1,"name":"Portada","item":"https:\/\/contrastes.com.co\/web\/"},{"@type":"ListItem","position":2,"name":"El compositor solede\u00f1o Rafael Campo Miranda recibe el premio Vida y Obra 2022 del Ministerio de Cultura"}]},{"@type":"WebSite","@id":"https:\/\/contrastes.com.co\/web\/#website","url":"https:\/\/contrastes.com.co\/web\/","name":"Contrastes","description":"Periodismo de Conciencia","publisher":{"@id":"https:\/\/contrastes.com.co\/web\/#organization"},"potentialAction":[{"@type":"SearchAction","target":{"@type":"EntryPoint","urlTemplate":"https:\/\/contrastes.com.co\/web\/?s={search_term_string}"},"query-input":{"@type":"PropertyValueSpecification","valueRequired":true,"valueName":"search_term_string"}}],"inLanguage":"es"},{"@type":"Organization","@id":"https:\/\/contrastes.com.co\/web\/#organization","name":"Contrastes","url":"https:\/\/contrastes.com.co\/web\/","logo":{"@type":"ImageObject","inLanguage":"es","@id":"https:\/\/contrastes.com.co\/web\/#\/schema\/logo\/image\/","url":"https:\/\/contrastes.com.co\/web\/wp-content\/uploads\/2025\/04\/15CONTRASTES3.png","contentUrl":"https:\/\/contrastes.com.co\/web\/wp-content\/uploads\/2025\/04\/15CONTRASTES3.png","width":1536,"height":231,"caption":"Contrastes"},"image":{"@id":"https:\/\/contrastes.com.co\/web\/#\/schema\/logo\/image\/"},"sameAs":["https:\/\/www.facebook.com\/guillo.pantoja.1"]},{"@type":"Person","@id":"https:\/\/contrastes.com.co\/web\/#\/schema\/person\/62ef7a62dc4da6de450c71fc2e95ed02","name":"Editor","image":{"@type":"ImageObject","inLanguage":"es","@id":"https:\/\/secure.gravatar.com\/avatar\/7bbb4f718d74bbf600dc556253bb04fd7ac8593751d6e2e3b85432d98aefae80?s=96&d=mm&r=g","url":"https:\/\/secure.gravatar.com\/avatar\/7bbb4f718d74bbf600dc556253bb04fd7ac8593751d6e2e3b85432d98aefae80?s=96&d=mm&r=g","contentUrl":"https:\/\/secure.gravatar.com\/avatar\/7bbb4f718d74bbf600dc556253bb04fd7ac8593751d6e2e3b85432d98aefae80?s=96&d=mm&r=g","caption":"Editor"},"sameAs":["https:\/\/contrastes.com.co\/web"],"url":"https:\/\/contrastes.com.co\/web\/author\/jdbobadilla\/"}]}},"blog_post_layout_featured_media_urls":{"thumbnail":"","full":""},"categories_names":{"6778":{"name":"Arte","link":"https:\/\/contrastes.com.co\/web\/category\/arte\/"},"104":{"name":"Cultura","link":"https:\/\/contrastes.com.co\/web\/category\/cultura\/"},"23":{"name":"Locales","link":"https:\/\/contrastes.com.co\/web\/category\/locales\/"},"88":{"name":"Mundo","link":"https:\/\/contrastes.com.co\/web\/category\/mundo\/"},"2076":{"name":"M\u00fasica","link":"https:\/\/contrastes.com.co\/web\/category\/musica\/"},"101":{"name":"Pa\u00eds","link":"https:\/\/contrastes.com.co\/web\/category\/pais\/"},"158":{"name":"Personajes","link":"https:\/\/contrastes.com.co\/web\/category\/personajes\/"},"24":{"name":"Regi\u00f3n","link":"https:\/\/contrastes.com.co\/web\/category\/region\/"}},"tags_names":{"7318":{"name":"compositor solede\u00f1o","link":"https:\/\/contrastes.com.co\/web\/tag\/compositor-soledeno\/"},"2749":{"name":"Ministerio de Cultura","link":"https:\/\/contrastes.com.co\/web\/tag\/ministerio-de-cultura\/"},"51":{"name":"municipio de soledad","link":"https:\/\/contrastes.com.co\/web\/tag\/municipio-de-soledad\/"},"7319":{"name":"Premio Nacional Vida y Obra a las artes y a la cultura 2022","link":"https:\/\/contrastes.com.co\/web\/tag\/premio-nacional-vida-y-obra-a-las-artes-y-a-la-cultura-2022\/"},"7320":{"name":"Rafael Campo Miranda","link":"https:\/\/contrastes.com.co\/web\/tag\/rafael-campo-miranda\/"}},"comments_number":"0","wpmagazine_modules_lite_featured_media_urls":{"thumbnail":"","cvmm-medium":"","cvmm-medium-plus":"","cvmm-portrait":"","cvmm-medium-square":"","cvmm-large":"","cvmm-small":"","full":""},"_links":{"self":[{"href":"https:\/\/contrastes.com.co\/web\/wp-json\/wp\/v2\/posts\/11656","targetHints":{"allow":["GET"]}}],"collection":[{"href":"https:\/\/contrastes.com.co\/web\/wp-json\/wp\/v2\/posts"}],"about":[{"href":"https:\/\/contrastes.com.co\/web\/wp-json\/wp\/v2\/types\/post"}],"author":[{"embeddable":true,"href":"https:\/\/contrastes.com.co\/web\/wp-json\/wp\/v2\/users\/1"}],"replies":[{"embeddable":true,"href":"https:\/\/contrastes.com.co\/web\/wp-json\/wp\/v2\/comments?post=11656"}],"version-history":[{"count":0,"href":"https:\/\/contrastes.com.co\/web\/wp-json\/wp\/v2\/posts\/11656\/revisions"}],"wp:attachment":[{"href":"https:\/\/contrastes.com.co\/web\/wp-json\/wp\/v2\/media?parent=11656"}],"wp:term":[{"taxonomy":"category","embeddable":true,"href":"https:\/\/contrastes.com.co\/web\/wp-json\/wp\/v2\/categories?post=11656"},{"taxonomy":"post_tag","embeddable":true,"href":"https:\/\/contrastes.com.co\/web\/wp-json\/wp\/v2\/tags?post=11656"}],"curies":[{"name":"wp","href":"https:\/\/api.w.org\/{rel}","templated":true}]}}