{"id":11659,"date":"2022-09-30T14:55:27","date_gmt":"2022-09-30T19:55:27","guid":{"rendered":"https:\/\/contrastes.com.co\/digital\/?p=11659"},"modified":"2022-09-30T14:55:27","modified_gmt":"2022-09-30T19:55:27","slug":"estudiantes-de-barranquilla-celebraron-el-english-day","status":"publish","type":"post","link":"https:\/\/contrastes.com.co\/web\/2022\/09\/30\/estudiantes-de-barranquilla-celebraron-el-english-day\/","title":{"rendered":"Estudiantes de Barranquilla celebraron el \u2018English day\u2019"},"content":{"rendered":"<p><strong>*Estudiantes de Barranquilla celebraron el \u2018English day\u2019<\/strong><\/p>\n<blockquote><p><strong>\u201cDe toda Latinoam\u00e9rica, Barranquilla va a ser la primera ciudad en ser 100% biling\u00fce en sus colegios p\u00fablicos oficiales. Ustedes son la primera generaci\u00f3n que ser\u00e1 100% biling\u00fce. Ese regalo se lo da Barranquilla; aprovechen esta oportunidad. Nosotros seguiremos trabajando para que ustedes puedan cumplir sus sue\u00f1os\u201d: Jaime Pumarejo.<\/strong><\/p><\/blockquote>\n<p><img decoding=\"async\" class=\"alignleft  wp-image-8683\" src=\"https:\/\/contrastes.com.co\/digital\/wp-content\/uploads\/2022\/03\/a-capitular.png\" alt=\"a capitular\" width=\"54\" height=\"54\" \/>\u00a0trav\u00e9s del baile, el canto y la actuaci\u00f3n, las estudiantes de la<strong> Instituci\u00f3n Educativa Distrital Nuestra Se\u00f1ora de Las Nieves<\/strong> le mostraron al <strong>alcalde Jaime Pumarejo Heins, a su Secretaria de Educaci\u00f3n Bibiana Rinc\u00f3n<\/strong> y a la comunidad educativa las habilidades adquiridas en el proceso de aprendizaje del ingl\u00e9s como lengua extranjera.<\/p>\n<p>Lo anterior, es una apuesta del Distrito de revolucionar con el biling\u00fcismo todos los colegios oficiales de Barranquilla.<\/p>\n<p>Para el mandatario distrital, la celebraci\u00f3n del \u2018English day\u2019 en esta IED refleja los frutos de una gran oportunidad para la ni\u00f1ez y juventud de la ciudad.<\/p>\n<p>\u201cUstedes \u2014las estudiantes\u2014 hoy tienen una herramienta que no las abandonar\u00e1 nunca, y es un segundo idioma. Ustedes van a ser la primera generaci\u00f3n de Barranquilla y Colombia en poder decir que ser\u00e1n biling\u00fces y tendr\u00e1n una herramienta que les permitir\u00e1 tener m\u00e1s cerca sus sue\u00f1os\u201d, expres\u00f3 el alcalde Pumarejo tras compartir en la jornada c\u00edvica estudiantil.<\/p>\n<p>Agreg\u00f3 que esta apuesta de la Administraci\u00f3n representa la oportunidad de acercarse a sus sue\u00f1os.<\/p>\n<p>\u201cDe toda Latinoam\u00e9rica, Barranquilla va a ser la primera ciudad en ser 100% biling\u00fce en sus colegios p\u00fablicos oficiales. Ustedes son la primera generaci\u00f3n que ser\u00e1 100% biling\u00fce. Ese regalo se lo da Barranquilla; aprovechen esta oportunidad. Nosotros seguiremos trabajando para que ustedes puedan cumplir sus sue\u00f1os\u201d, dijo.<\/p>\n<p>Desde el a\u00f1o 2021 el programa \u2018Soy biling\u00fce\u2019 ha estado presente en la instituci\u00f3n, beneficiando a la comunidad educativa mediante la formaci\u00f3n dirigida a estudiantes y docentes, el acompa\u00f1amiento de mentores de biling\u00fcismo y la entrega de recursos did\u00e1cticos de la Biblioteca B\u00e1sica Biling\u00fce.<\/p>\n<p>En Nuestra Se\u00f1ora de las Nieves, las ni\u00f1as aprenden ingl\u00e9s desde transici\u00f3n y primaria, gracias a Unstoppable Kids; tambi\u00e9n las j\u00f3venes de media acad\u00e9mica han sido beneficiadas por las 800 becas para desarrollar la capacidad de comunicarse en ingl\u00e9s, y las estudiantes de und\u00e9cimo grado fortalecieron las competencias en el componente de ingl\u00e9s para las pruebas Saber 11.<\/p>\n<p>Los maestros de primaria tambi\u00e9n han sido pieza fundamental en la construcci\u00f3n de la Barranquilla biling\u00fce, pues han participado en la <strong>formaci\u00f3n \u2018English for teachers\u2019<\/strong> dirigida a docentes integrales no especializados en la lengua para que desarrollen facultades en ingl\u00e9s.<\/p>\n<p>Para la secretaria de Educaci\u00f3n, Bibiana Rinc\u00f3n, los \u2018English day\u2019 en los colegios distritales son una oportunidad de mostrar todo el talento de los estudiantes y la promesa de la educaci\u00f3n.<\/p>\n<p>\u201cNuestros ni\u00f1os y ni\u00f1as son el gran motor de &#8216;Soy biling\u00fce&#8217; y si involucramos a las familias lograremos mucho m\u00e1s de los objetivos trazados. Para nuestro alcalde, los protagonistas de esta revoluci\u00f3n educativa son y siempre ser\u00e1n las familias y la comunidad educativa\u201d, asegur\u00f3.<\/p>\n","protected":false},"excerpt":{"rendered":"<p>A trav\u00e9s del baile, el canto y la actuaci\u00f3n, las estudiantes de la Instituci\u00f3n Educativa Distrital Nuestra Se\u00f1ora de Las Nieves le mostraron al alcalde Jaime Pumarejo Heins, a su Secretaria de Educaci\u00f3n Bibiana Rinc\u00f3n y a la comunidad educativa las habilidades adquiridas en el proceso de aprendizaje del ingl\u00e9s como lengua extranjera.<\/p>\n","protected":false},"author":1,"featured_media":11660,"comment_status":"open","ping_status":"open","sticky":false,"template":"","format":"standard","meta":{"footnotes":""},"categories":[207,24],"tags":[5570,267,7321,7322,7323,18,7324],"class_list":["post-11659","post","type-post","status-publish","format-standard","has-post-thumbnail","hentry","category-educacion","category-region","tag-alcaldia-distrital-de-barranquilla","tag-distrito-de-barranquilla","tag-english-day","tag-formacion-english-for-teachers","tag-institucion-educativa-distrital-nuestra-senora-de-las-nieves","tag-jaime-pumarejo-heins","tag-secretaria-distrital-de-educacion-bibiana-rincon"],"yoast_head":"<!-- This site is optimized with the Yoast SEO plugin v27.7 - https:\/\/yoast.com\/product\/yoast-seo-wordpress\/ -->\n<title>Estudiantes de Barranquilla celebraron el \u2018English day\u2019 - Constrastes<\/title>\n<meta name=\"description\" content=\"A trav\u00e9s del baile, el canto y la actuaci\u00f3n, las estudiantes de la Instituci\u00f3n Educativa Distrital Nuestra Se\u00f1ora de Las Nieves le mostraron al alcalde Jaime Pumarejo Heins, a su Secretaria de Educaci\u00f3n Bibiana Rinc\u00f3n y a la comunidad educativa las habilidades adquiridas en el proceso de aprendizaje del ingl\u00e9s como lengua extranjera.\" \/>\n<meta name=\"robots\" content=\"index, follow, max-snippet:-1, max-image-preview:large, max-video-preview:-1\" \/>\n<link rel=\"canonical\" href=\"https:\/\/contrastes.com.co\/web\/2022\/09\/30\/estudiantes-de-barranquilla-celebraron-el-english-day\/\" \/>\n<meta property=\"og:locale\" content=\"es_ES\" \/>\n<meta property=\"og:type\" content=\"article\" \/>\n<meta property=\"og:title\" content=\"Estudiantes de Barranquilla celebraron el \u2018English day\u2019 - Constrastes\" \/>\n<meta property=\"og:description\" content=\"A trav\u00e9s del baile, el canto y la actuaci\u00f3n, las estudiantes de la Instituci\u00f3n Educativa Distrital Nuestra Se\u00f1ora de Las Nieves le mostraron al alcalde Jaime Pumarejo Heins, a su Secretaria de Educaci\u00f3n Bibiana Rinc\u00f3n y a la comunidad educativa las habilidades adquiridas en el proceso de aprendizaje del ingl\u00e9s como lengua extranjera.\" \/>\n<meta property=\"og:url\" content=\"https:\/\/contrastes.com.co\/web\/2022\/09\/30\/estudiantes-de-barranquilla-celebraron-el-english-day\/\" \/>\n<meta property=\"og:site_name\" content=\"Constrastes\" \/>\n<meta property=\"article:publisher\" content=\"https:\/\/www.facebook.com\/guillo.pantoja.1\" \/>\n<meta property=\"article:published_time\" content=\"2022-09-30T19:55:27+00:00\" \/>\n<meta name=\"author\" content=\"Editor\" \/>\n<meta name=\"twitter:card\" content=\"summary_large_image\" \/>\n<meta name=\"twitter:label1\" content=\"Escrito por\" \/>\n\t<meta name=\"twitter:data1\" content=\"Editor\" \/>\n\t<meta name=\"twitter:label2\" content=\"Tiempo de lectura\" \/>\n\t<meta name=\"twitter:data2\" content=\"3 minutos\" \/>\n<script type=\"application\/ld+json\" class=\"yoast-schema-graph\">{\"@context\":\"https:\\\/\\\/schema.org\",\"@graph\":[{\"@type\":\"Article\",\"@id\":\"https:\\\/\\\/contrastes.com.co\\\/web\\\/2022\\\/09\\\/30\\\/estudiantes-de-barranquilla-celebraron-el-english-day\\\/#article\",\"isPartOf\":{\"@id\":\"https:\\\/\\\/contrastes.com.co\\\/web\\\/2022\\\/09\\\/30\\\/estudiantes-de-barranquilla-celebraron-el-english-day\\\/\"},\"author\":{\"name\":\"Editor\",\"@id\":\"https:\\\/\\\/contrastes.com.co\\\/web\\\/#\\\/schema\\\/person\\\/62ef7a62dc4da6de450c71fc2e95ed02\"},\"headline\":\"Estudiantes de Barranquilla celebraron el \u2018English day\u2019\",\"datePublished\":\"2022-09-30T19:55:27+00:00\",\"mainEntityOfPage\":{\"@id\":\"https:\\\/\\\/contrastes.com.co\\\/web\\\/2022\\\/09\\\/30\\\/estudiantes-de-barranquilla-celebraron-el-english-day\\\/\"},\"wordCount\":554,\"commentCount\":0,\"publisher\":{\"@id\":\"https:\\\/\\\/contrastes.com.co\\\/web\\\/#organization\"},\"image\":{\"@id\":\"https:\\\/\\\/contrastes.com.co\\\/web\\\/2022\\\/09\\\/30\\\/estudiantes-de-barranquilla-celebraron-el-english-day\\\/#primaryimage\"},\"thumbnailUrl\":\"\",\"keywords\":[\"Alcald\u00eda Distrital de Barranquilla\",\"distrito de barranquilla\",\"English day\",\"formaci\u00f3n \u2018English for teachers\u2019\",\"Instituci\u00f3n Educativa Distrital Nuestra Se\u00f1ora de Las Nieves\",\"Jaime Pumarejo Heins\",\"Secretaria Distrital de Educaci\u00f3n Bibiana Rinc\u00f3n\"],\"articleSection\":[\"Educaci\u00f3n\",\"Regi\u00f3n\"],\"inLanguage\":\"es\",\"potentialAction\":[{\"@type\":\"CommentAction\",\"name\":\"Comment\",\"target\":[\"https:\\\/\\\/contrastes.com.co\\\/web\\\/2022\\\/09\\\/30\\\/estudiantes-de-barranquilla-celebraron-el-english-day\\\/#respond\"]}]},{\"@type\":\"WebPage\",\"@id\":\"https:\\\/\\\/contrastes.com.co\\\/web\\\/2022\\\/09\\\/30\\\/estudiantes-de-barranquilla-celebraron-el-english-day\\\/\",\"url\":\"https:\\\/\\\/contrastes.com.co\\\/web\\\/2022\\\/09\\\/30\\\/estudiantes-de-barranquilla-celebraron-el-english-day\\\/\",\"name\":\"Estudiantes de Barranquilla celebraron el \u2018English day\u2019 - Constrastes\",\"isPartOf\":{\"@id\":\"https:\\\/\\\/contrastes.com.co\\\/web\\\/#website\"},\"primaryImageOfPage\":{\"@id\":\"https:\\\/\\\/contrastes.com.co\\\/web\\\/2022\\\/09\\\/30\\\/estudiantes-de-barranquilla-celebraron-el-english-day\\\/#primaryimage\"},\"image\":{\"@id\":\"https:\\\/\\\/contrastes.com.co\\\/web\\\/2022\\\/09\\\/30\\\/estudiantes-de-barranquilla-celebraron-el-english-day\\\/#primaryimage\"},\"thumbnailUrl\":\"\",\"datePublished\":\"2022-09-30T19:55:27+00:00\",\"description\":\"A trav\u00e9s del baile, el canto y la actuaci\u00f3n, las estudiantes de la Instituci\u00f3n Educativa Distrital Nuestra Se\u00f1ora de Las Nieves le mostraron al alcalde Jaime Pumarejo Heins, a su Secretaria de Educaci\u00f3n Bibiana Rinc\u00f3n y a la comunidad educativa las habilidades adquiridas en el proceso de aprendizaje del ingl\u00e9s como lengua extranjera.\",\"breadcrumb\":{\"@id\":\"https:\\\/\\\/contrastes.com.co\\\/web\\\/2022\\\/09\\\/30\\\/estudiantes-de-barranquilla-celebraron-el-english-day\\\/#breadcrumb\"},\"inLanguage\":\"es\",\"potentialAction\":[{\"@type\":\"ReadAction\",\"target\":[\"https:\\\/\\\/contrastes.com.co\\\/web\\\/2022\\\/09\\\/30\\\/estudiantes-de-barranquilla-celebraron-el-english-day\\\/\"]}]},{\"@type\":\"ImageObject\",\"inLanguage\":\"es\",\"@id\":\"https:\\\/\\\/contrastes.com.co\\\/web\\\/2022\\\/09\\\/30\\\/estudiantes-de-barranquilla-celebraron-el-english-day\\\/#primaryimage\",\"url\":\"\",\"contentUrl\":\"\"},{\"@type\":\"BreadcrumbList\",\"@id\":\"https:\\\/\\\/contrastes.com.co\\\/web\\\/2022\\\/09\\\/30\\\/estudiantes-de-barranquilla-celebraron-el-english-day\\\/#breadcrumb\",\"itemListElement\":[{\"@type\":\"ListItem\",\"position\":1,\"name\":\"Portada\",\"item\":\"https:\\\/\\\/contrastes.com.co\\\/web\\\/\"},{\"@type\":\"ListItem\",\"position\":2,\"name\":\"Estudiantes de Barranquilla celebraron el \u2018English day\u2019\"}]},{\"@type\":\"WebSite\",\"@id\":\"https:\\\/\\\/contrastes.com.co\\\/web\\\/#website\",\"url\":\"https:\\\/\\\/contrastes.com.co\\\/web\\\/\",\"name\":\"Contrastes\",\"description\":\"Periodismo de Conciencia\",\"publisher\":{\"@id\":\"https:\\\/\\\/contrastes.com.co\\\/web\\\/#organization\"},\"potentialAction\":[{\"@type\":\"SearchAction\",\"target\":{\"@type\":\"EntryPoint\",\"urlTemplate\":\"https:\\\/\\\/contrastes.com.co\\\/web\\\/?s={search_term_string}\"},\"query-input\":{\"@type\":\"PropertyValueSpecification\",\"valueRequired\":true,\"valueName\":\"search_term_string\"}}],\"inLanguage\":\"es\"},{\"@type\":\"Organization\",\"@id\":\"https:\\\/\\\/contrastes.com.co\\\/web\\\/#organization\",\"name\":\"Contrastes\",\"url\":\"https:\\\/\\\/contrastes.com.co\\\/web\\\/\",\"logo\":{\"@type\":\"ImageObject\",\"inLanguage\":\"es\",\"@id\":\"https:\\\/\\\/contrastes.com.co\\\/web\\\/#\\\/schema\\\/logo\\\/image\\\/\",\"url\":\"https:\\\/\\\/contrastes.com.co\\\/web\\\/wp-content\\\/uploads\\\/2025\\\/04\\\/15CONTRASTES3.png\",\"contentUrl\":\"https:\\\/\\\/contrastes.com.co\\\/web\\\/wp-content\\\/uploads\\\/2025\\\/04\\\/15CONTRASTES3.png\",\"width\":1536,\"height\":231,\"caption\":\"Contrastes\"},\"image\":{\"@id\":\"https:\\\/\\\/contrastes.com.co\\\/web\\\/#\\\/schema\\\/logo\\\/image\\\/\"},\"sameAs\":[\"https:\\\/\\\/www.facebook.com\\\/guillo.pantoja.1\"]},{\"@type\":\"Person\",\"@id\":\"https:\\\/\\\/contrastes.com.co\\\/web\\\/#\\\/schema\\\/person\\\/62ef7a62dc4da6de450c71fc2e95ed02\",\"name\":\"Editor\",\"image\":{\"@type\":\"ImageObject\",\"inLanguage\":\"es\",\"@id\":\"https:\\\/\\\/secure.gravatar.com\\\/avatar\\\/7bbb4f718d74bbf600dc556253bb04fd7ac8593751d6e2e3b85432d98aefae80?s=96&d=mm&r=g\",\"url\":\"https:\\\/\\\/secure.gravatar.com\\\/avatar\\\/7bbb4f718d74bbf600dc556253bb04fd7ac8593751d6e2e3b85432d98aefae80?s=96&d=mm&r=g\",\"contentUrl\":\"https:\\\/\\\/secure.gravatar.com\\\/avatar\\\/7bbb4f718d74bbf600dc556253bb04fd7ac8593751d6e2e3b85432d98aefae80?s=96&d=mm&r=g\",\"caption\":\"Editor\"},\"sameAs\":[\"https:\\\/\\\/contrastes.com.co\\\/web\"],\"url\":\"https:\\\/\\\/contrastes.com.co\\\/web\\\/author\\\/jdbobadilla\\\/\"}]}<\/script>\n<!-- \/ Yoast SEO plugin. -->","yoast_head_json":{"title":"Estudiantes de Barranquilla celebraron el \u2018English day\u2019 - Constrastes","description":"A trav\u00e9s del baile, el canto y la actuaci\u00f3n, las estudiantes de la Instituci\u00f3n Educativa Distrital Nuestra Se\u00f1ora de Las Nieves le mostraron al alcalde Jaime Pumarejo Heins, a su Secretaria de Educaci\u00f3n Bibiana Rinc\u00f3n y a la comunidad educativa las habilidades adquiridas en el proceso de aprendizaje del ingl\u00e9s como lengua extranjera.","robots":{"index":"index","follow":"follow","max-snippet":"max-snippet:-1","max-image-preview":"max-image-preview:large","max-video-preview":"max-video-preview:-1"},"canonical":"https:\/\/contrastes.com.co\/web\/2022\/09\/30\/estudiantes-de-barranquilla-celebraron-el-english-day\/","og_locale":"es_ES","og_type":"article","og_title":"Estudiantes de Barranquilla celebraron el \u2018English day\u2019 - Constrastes","og_description":"A trav\u00e9s del baile, el canto y la actuaci\u00f3n, las estudiantes de la Instituci\u00f3n Educativa Distrital Nuestra Se\u00f1ora de Las Nieves le mostraron al alcalde Jaime Pumarejo Heins, a su Secretaria de Educaci\u00f3n Bibiana Rinc\u00f3n y a la comunidad educativa las habilidades adquiridas en el proceso de aprendizaje del ingl\u00e9s como lengua extranjera.","og_url":"https:\/\/contrastes.com.co\/web\/2022\/09\/30\/estudiantes-de-barranquilla-celebraron-el-english-day\/","og_site_name":"Constrastes","article_publisher":"https:\/\/www.facebook.com\/guillo.pantoja.1","article_published_time":"2022-09-30T19:55:27+00:00","author":"Editor","twitter_card":"summary_large_image","twitter_misc":{"Escrito por":"Editor","Tiempo de lectura":"3 minutos"},"schema":{"@context":"https:\/\/schema.org","@graph":[{"@type":"Article","@id":"https:\/\/contrastes.com.co\/web\/2022\/09\/30\/estudiantes-de-barranquilla-celebraron-el-english-day\/#article","isPartOf":{"@id":"https:\/\/contrastes.com.co\/web\/2022\/09\/30\/estudiantes-de-barranquilla-celebraron-el-english-day\/"},"author":{"name":"Editor","@id":"https:\/\/contrastes.com.co\/web\/#\/schema\/person\/62ef7a62dc4da6de450c71fc2e95ed02"},"headline":"Estudiantes de Barranquilla celebraron el \u2018English day\u2019","datePublished":"2022-09-30T19:55:27+00:00","mainEntityOfPage":{"@id":"https:\/\/contrastes.com.co\/web\/2022\/09\/30\/estudiantes-de-barranquilla-celebraron-el-english-day\/"},"wordCount":554,"commentCount":0,"publisher":{"@id":"https:\/\/contrastes.com.co\/web\/#organization"},"image":{"@id":"https:\/\/contrastes.com.co\/web\/2022\/09\/30\/estudiantes-de-barranquilla-celebraron-el-english-day\/#primaryimage"},"thumbnailUrl":"","keywords":["Alcald\u00eda Distrital de Barranquilla","distrito de barranquilla","English day","formaci\u00f3n \u2018English for teachers\u2019","Instituci\u00f3n Educativa Distrital Nuestra Se\u00f1ora de Las Nieves","Jaime Pumarejo Heins","Secretaria Distrital de Educaci\u00f3n Bibiana Rinc\u00f3n"],"articleSection":["Educaci\u00f3n","Regi\u00f3n"],"inLanguage":"es","potentialAction":[{"@type":"CommentAction","name":"Comment","target":["https:\/\/contrastes.com.co\/web\/2022\/09\/30\/estudiantes-de-barranquilla-celebraron-el-english-day\/#respond"]}]},{"@type":"WebPage","@id":"https:\/\/contrastes.com.co\/web\/2022\/09\/30\/estudiantes-de-barranquilla-celebraron-el-english-day\/","url":"https:\/\/contrastes.com.co\/web\/2022\/09\/30\/estudiantes-de-barranquilla-celebraron-el-english-day\/","name":"Estudiantes de Barranquilla celebraron el \u2018English day\u2019 - Constrastes","isPartOf":{"@id":"https:\/\/contrastes.com.co\/web\/#website"},"primaryImageOfPage":{"@id":"https:\/\/contrastes.com.co\/web\/2022\/09\/30\/estudiantes-de-barranquilla-celebraron-el-english-day\/#primaryimage"},"image":{"@id":"https:\/\/contrastes.com.co\/web\/2022\/09\/30\/estudiantes-de-barranquilla-celebraron-el-english-day\/#primaryimage"},"thumbnailUrl":"","datePublished":"2022-09-30T19:55:27+00:00","description":"A trav\u00e9s del baile, el canto y la actuaci\u00f3n, las estudiantes de la Instituci\u00f3n Educativa Distrital Nuestra Se\u00f1ora de Las Nieves le mostraron al alcalde Jaime Pumarejo Heins, a su Secretaria de Educaci\u00f3n Bibiana Rinc\u00f3n y a la comunidad educativa las habilidades adquiridas en el proceso de aprendizaje del ingl\u00e9s como lengua extranjera.","breadcrumb":{"@id":"https:\/\/contrastes.com.co\/web\/2022\/09\/30\/estudiantes-de-barranquilla-celebraron-el-english-day\/#breadcrumb"},"inLanguage":"es","potentialAction":[{"@type":"ReadAction","target":["https:\/\/contrastes.com.co\/web\/2022\/09\/30\/estudiantes-de-barranquilla-celebraron-el-english-day\/"]}]},{"@type":"ImageObject","inLanguage":"es","@id":"https:\/\/contrastes.com.co\/web\/2022\/09\/30\/estudiantes-de-barranquilla-celebraron-el-english-day\/#primaryimage","url":"","contentUrl":""},{"@type":"BreadcrumbList","@id":"https:\/\/contrastes.com.co\/web\/2022\/09\/30\/estudiantes-de-barranquilla-celebraron-el-english-day\/#breadcrumb","itemListElement":[{"@type":"ListItem","position":1,"name":"Portada","item":"https:\/\/contrastes.com.co\/web\/"},{"@type":"ListItem","position":2,"name":"Estudiantes de Barranquilla celebraron el \u2018English day\u2019"}]},{"@type":"WebSite","@id":"https:\/\/contrastes.com.co\/web\/#website","url":"https:\/\/contrastes.com.co\/web\/","name":"Contrastes","description":"Periodismo de Conciencia","publisher":{"@id":"https:\/\/contrastes.com.co\/web\/#organization"},"potentialAction":[{"@type":"SearchAction","target":{"@type":"EntryPoint","urlTemplate":"https:\/\/contrastes.com.co\/web\/?s={search_term_string}"},"query-input":{"@type":"PropertyValueSpecification","valueRequired":true,"valueName":"search_term_string"}}],"inLanguage":"es"},{"@type":"Organization","@id":"https:\/\/contrastes.com.co\/web\/#organization","name":"Contrastes","url":"https:\/\/contrastes.com.co\/web\/","logo":{"@type":"ImageObject","inLanguage":"es","@id":"https:\/\/contrastes.com.co\/web\/#\/schema\/logo\/image\/","url":"https:\/\/contrastes.com.co\/web\/wp-content\/uploads\/2025\/04\/15CONTRASTES3.png","contentUrl":"https:\/\/contrastes.com.co\/web\/wp-content\/uploads\/2025\/04\/15CONTRASTES3.png","width":1536,"height":231,"caption":"Contrastes"},"image":{"@id":"https:\/\/contrastes.com.co\/web\/#\/schema\/logo\/image\/"},"sameAs":["https:\/\/www.facebook.com\/guillo.pantoja.1"]},{"@type":"Person","@id":"https:\/\/contrastes.com.co\/web\/#\/schema\/person\/62ef7a62dc4da6de450c71fc2e95ed02","name":"Editor","image":{"@type":"ImageObject","inLanguage":"es","@id":"https:\/\/secure.gravatar.com\/avatar\/7bbb4f718d74bbf600dc556253bb04fd7ac8593751d6e2e3b85432d98aefae80?s=96&d=mm&r=g","url":"https:\/\/secure.gravatar.com\/avatar\/7bbb4f718d74bbf600dc556253bb04fd7ac8593751d6e2e3b85432d98aefae80?s=96&d=mm&r=g","contentUrl":"https:\/\/secure.gravatar.com\/avatar\/7bbb4f718d74bbf600dc556253bb04fd7ac8593751d6e2e3b85432d98aefae80?s=96&d=mm&r=g","caption":"Editor"},"sameAs":["https:\/\/contrastes.com.co\/web"],"url":"https:\/\/contrastes.com.co\/web\/author\/jdbobadilla\/"}]}},"blog_post_layout_featured_media_urls":{"thumbnail":"","full":""},"categories_names":{"207":{"name":"Educaci\u00f3n","link":"https:\/\/contrastes.com.co\/web\/category\/educacion\/"},"24":{"name":"Regi\u00f3n","link":"https:\/\/contrastes.com.co\/web\/category\/region\/"}},"tags_names":{"5570":{"name":"Alcald\u00eda Distrital de Barranquilla","link":"https:\/\/contrastes.com.co\/web\/tag\/alcaldia-distrital-de-barranquilla\/"},"267":{"name":"distrito de barranquilla","link":"https:\/\/contrastes.com.co\/web\/tag\/distrito-de-barranquilla\/"},"7321":{"name":"English day","link":"https:\/\/contrastes.com.co\/web\/tag\/english-day\/"},"7322":{"name":"formaci\u00f3n \u2018English for teachers\u2019","link":"https:\/\/contrastes.com.co\/web\/tag\/formacion-english-for-teachers\/"},"7323":{"name":"Instituci\u00f3n Educativa Distrital Nuestra Se\u00f1ora de Las Nieves","link":"https:\/\/contrastes.com.co\/web\/tag\/institucion-educativa-distrital-nuestra-senora-de-las-nieves\/"},"18":{"name":"Jaime Pumarejo Heins","link":"https:\/\/contrastes.com.co\/web\/tag\/jaime-pumarejo-heins\/"},"7324":{"name":"Secretaria Distrital de Educaci\u00f3n Bibiana Rinc\u00f3n","link":"https:\/\/contrastes.com.co\/web\/tag\/secretaria-distrital-de-educacion-bibiana-rincon\/"}},"comments_number":"0","wpmagazine_modules_lite_featured_media_urls":{"thumbnail":"","cvmm-medium":"","cvmm-medium-plus":"","cvmm-portrait":"","cvmm-medium-square":"","cvmm-large":"","cvmm-small":"","full":""},"_links":{"self":[{"href":"https:\/\/contrastes.com.co\/web\/wp-json\/wp\/v2\/posts\/11659","targetHints":{"allow":["GET"]}}],"collection":[{"href":"https:\/\/contrastes.com.co\/web\/wp-json\/wp\/v2\/posts"}],"about":[{"href":"https:\/\/contrastes.com.co\/web\/wp-json\/wp\/v2\/types\/post"}],"author":[{"embeddable":true,"href":"https:\/\/contrastes.com.co\/web\/wp-json\/wp\/v2\/users\/1"}],"replies":[{"embeddable":true,"href":"https:\/\/contrastes.com.co\/web\/wp-json\/wp\/v2\/comments?post=11659"}],"version-history":[{"count":0,"href":"https:\/\/contrastes.com.co\/web\/wp-json\/wp\/v2\/posts\/11659\/revisions"}],"wp:attachment":[{"href":"https:\/\/contrastes.com.co\/web\/wp-json\/wp\/v2\/media?parent=11659"}],"wp:term":[{"taxonomy":"category","embeddable":true,"href":"https:\/\/contrastes.com.co\/web\/wp-json\/wp\/v2\/categories?post=11659"},{"taxonomy":"post_tag","embeddable":true,"href":"https:\/\/contrastes.com.co\/web\/wp-json\/wp\/v2\/tags?post=11659"}],"curies":[{"name":"wp","href":"https:\/\/api.w.org\/{rel}","templated":true}]}}