{"id":11681,"date":"2022-10-03T19:24:10","date_gmt":"2022-10-04T00:24:10","guid":{"rendered":"https:\/\/contrastes.com.co\/digital\/?p=11681"},"modified":"2022-10-03T19:24:10","modified_gmt":"2022-10-04T00:24:10","slug":"a-tiros-asesinan-a-un-conductor-de-indriver-dentro-su-vehiculo-en-el-barrio-santo-domingo","status":"publish","type":"post","link":"https:\/\/contrastes.com.co\/web\/2022\/10\/03\/a-tiros-asesinan-a-un-conductor-de-indriver-dentro-su-vehiculo-en-el-barrio-santo-domingo\/","title":{"rendered":"A tiros asesinan a un conductor de Indriver dentro su veh\u00edculo en el barrio Santo Domingo"},"content":{"rendered":"<p><strong>*A tiros asesinan a un conductor de Indriver dentro su veh\u00edculo en el barrio Santo Domingo<\/strong><\/p>\n<blockquote><p><strong>Un conductor de Indriver, identificado como Wilmer Villa Navas, de 31 a\u00f1os de edad fue asesinado a bala en la carrera 5C con calle 89, barrio Santo Domingo, en el suroccidente de Barranquilla.<\/strong><\/p><\/blockquote>\n<p><img decoding=\"async\" class=\"alignleft  wp-image-8683\" src=\"https:\/\/contrastes.com.co\/digital\/wp-content\/uploads\/2022\/03\/a-capitular.png\" alt=\"a capitular\" width=\"62\" height=\"62\" \/>lrededor de la 1 de la madrugada de este lunes un conductor de Indriver, identificado como Wilmer Villa Navas, de 31 a\u00f1os de edad fue asesinado a bala en la carrera 5C con calle 89, barrio Santo Domingo, en el suroccidente de Barranquilla.<\/p>\n<p>Testigos aseguraron que a esa hora escucharon dos detonaciones y cuando los vecinos salieron de sus casas observaron un veh\u00edculo color gris y al acercarse vieron al conductor muerto con impactos de bala.<\/p>\n<p>\u00ab\u00c9l viv\u00eda conmigo en el barrio Villa Blanca. No sabemos c\u00f3mo fueron los hechos\u00bb, dijo Wilfrido Villa, pap\u00e1 del hombre muerto quien asegur\u00f3 que la v\u00edctima labor\u00f3 mucho tiempo como taxista y ten\u00eda cerca de 3 a\u00f1os laborando como conductor de Indriver. \u00abEra un pelao trabajador. No s\u00e9 met\u00eda con nadie\u00bb, dijo otro familiar.<\/p>\n<p>Hasta el momento se desconoce qui\u00e9n fue la persona que le dispar\u00f3, pero informes preliminares de las autoridades precisan que el homicida pudo haber estado como pasajero dentro del automotor y all\u00ed mat\u00f3 al conductor.<\/p>\n<p>El asesino emprendi\u00f3 la huida y las autoridades investigan este nuevo asesinato en la ciudad de Barranquilla. Wilmer era natural de Barranquilla y dej\u00f3 un hijo menor de edad.<\/p>\n","protected":false},"excerpt":{"rendered":"<p>Alrededor de la 1 de la madrugada de este lunes un conductor de Indriver, identificado como Wilmer Villa Navas, de 31 a\u00f1os de edad fue asesinado a bala en la carrera 5C con calle 89, barrio Santo Domingo, en el suroccidente de Barranquilla.<\/p>\n","protected":false},"author":1,"featured_media":11682,"comment_status":"open","ping_status":"open","sticky":false,"template":"","format":"standard","meta":{"footnotes":""},"categories":[172,24],"tags":[6266,6704,7341,1715,1867],"class_list":["post-11681","post","type-post","status-publish","format-standard","has-post-thumbnail","hentry","category-judicial","category-region","tag-arma-de-fuego","tag-barrio-santo-domingo","tag-conductor-de-indriver","tag-homicidio","tag-suroccidente-de-barranquilla"],"yoast_head":"<!-- This site is optimized with the Yoast SEO plugin v27.7 - https:\/\/yoast.com\/product\/yoast-seo-wordpress\/ -->\n<title>A tiros asesinan a un conductor de Indriver dentro su veh\u00edculo en el barrio Santo Domingo - Constrastes<\/title>\n<meta name=\"description\" content=\"Alrededor de la 1 de la madrugada de este lunes un conductor de Indriver, identificado como Wilmer Villa Navas, de 31 a\u00f1os de edad fue asesinado a bala en la carrera 5C con calle 89, barrio Santo Domingo, en el suroccidente de Barranquilla.\" \/>\n<meta name=\"robots\" content=\"index, follow, max-snippet:-1, max-image-preview:large, max-video-preview:-1\" \/>\n<link rel=\"canonical\" href=\"https:\/\/contrastes.com.co\/web\/2022\/10\/03\/a-tiros-asesinan-a-un-conductor-de-indriver-dentro-su-vehiculo-en-el-barrio-santo-domingo\/\" \/>\n<meta property=\"og:locale\" content=\"es_ES\" \/>\n<meta property=\"og:type\" content=\"article\" \/>\n<meta property=\"og:title\" content=\"A tiros asesinan a un conductor de Indriver dentro su veh\u00edculo en el barrio Santo Domingo - Constrastes\" \/>\n<meta property=\"og:description\" content=\"Alrededor de la 1 de la madrugada de este lunes un conductor de Indriver, identificado como Wilmer Villa Navas, de 31 a\u00f1os de edad fue asesinado a bala en la carrera 5C con calle 89, barrio Santo Domingo, en el suroccidente de Barranquilla.\" \/>\n<meta property=\"og:url\" content=\"https:\/\/contrastes.com.co\/web\/2022\/10\/03\/a-tiros-asesinan-a-un-conductor-de-indriver-dentro-su-vehiculo-en-el-barrio-santo-domingo\/\" \/>\n<meta property=\"og:site_name\" content=\"Constrastes\" \/>\n<meta property=\"article:publisher\" content=\"https:\/\/www.facebook.com\/guillo.pantoja.1\" \/>\n<meta property=\"article:published_time\" content=\"2022-10-04T00:24:10+00:00\" \/>\n<meta name=\"author\" content=\"Editor\" \/>\n<meta name=\"twitter:card\" content=\"summary_large_image\" \/>\n<meta name=\"twitter:label1\" content=\"Escrito por\" \/>\n\t<meta name=\"twitter:data1\" content=\"Editor\" \/>\n\t<meta name=\"twitter:label2\" content=\"Tiempo de lectura\" \/>\n\t<meta name=\"twitter:data2\" content=\"1 minuto\" \/>\n<script type=\"application\/ld+json\" class=\"yoast-schema-graph\">{\"@context\":\"https:\\\/\\\/schema.org\",\"@graph\":[{\"@type\":\"Article\",\"@id\":\"https:\\\/\\\/contrastes.com.co\\\/web\\\/2022\\\/10\\\/03\\\/a-tiros-asesinan-a-un-conductor-de-indriver-dentro-su-vehiculo-en-el-barrio-santo-domingo\\\/#article\",\"isPartOf\":{\"@id\":\"https:\\\/\\\/contrastes.com.co\\\/web\\\/2022\\\/10\\\/03\\\/a-tiros-asesinan-a-un-conductor-de-indriver-dentro-su-vehiculo-en-el-barrio-santo-domingo\\\/\"},\"author\":{\"name\":\"Editor\",\"@id\":\"https:\\\/\\\/contrastes.com.co\\\/web\\\/#\\\/schema\\\/person\\\/62ef7a62dc4da6de450c71fc2e95ed02\"},\"headline\":\"A tiros asesinan a un conductor de Indriver dentro su veh\u00edculo en el barrio Santo Domingo\",\"datePublished\":\"2022-10-04T00:24:10+00:00\",\"mainEntityOfPage\":{\"@id\":\"https:\\\/\\\/contrastes.com.co\\\/web\\\/2022\\\/10\\\/03\\\/a-tiros-asesinan-a-un-conductor-de-indriver-dentro-su-vehiculo-en-el-barrio-santo-domingo\\\/\"},\"wordCount\":265,\"commentCount\":0,\"publisher\":{\"@id\":\"https:\\\/\\\/contrastes.com.co\\\/web\\\/#organization\"},\"image\":{\"@id\":\"https:\\\/\\\/contrastes.com.co\\\/web\\\/2022\\\/10\\\/03\\\/a-tiros-asesinan-a-un-conductor-de-indriver-dentro-su-vehiculo-en-el-barrio-santo-domingo\\\/#primaryimage\"},\"thumbnailUrl\":\"\",\"keywords\":[\"arma de fuego\",\"barrio Santo Domingo\",\"conductor de InDriver\",\"homicidio\",\"Suroccidente de Barranquilla\"],\"articleSection\":[\"Judicial\",\"Regi\u00f3n\"],\"inLanguage\":\"es\",\"potentialAction\":[{\"@type\":\"CommentAction\",\"name\":\"Comment\",\"target\":[\"https:\\\/\\\/contrastes.com.co\\\/web\\\/2022\\\/10\\\/03\\\/a-tiros-asesinan-a-un-conductor-de-indriver-dentro-su-vehiculo-en-el-barrio-santo-domingo\\\/#respond\"]}]},{\"@type\":\"WebPage\",\"@id\":\"https:\\\/\\\/contrastes.com.co\\\/web\\\/2022\\\/10\\\/03\\\/a-tiros-asesinan-a-un-conductor-de-indriver-dentro-su-vehiculo-en-el-barrio-santo-domingo\\\/\",\"url\":\"https:\\\/\\\/contrastes.com.co\\\/web\\\/2022\\\/10\\\/03\\\/a-tiros-asesinan-a-un-conductor-de-indriver-dentro-su-vehiculo-en-el-barrio-santo-domingo\\\/\",\"name\":\"A tiros asesinan a un conductor de Indriver dentro su veh\u00edculo en el barrio Santo Domingo - Constrastes\",\"isPartOf\":{\"@id\":\"https:\\\/\\\/contrastes.com.co\\\/web\\\/#website\"},\"primaryImageOfPage\":{\"@id\":\"https:\\\/\\\/contrastes.com.co\\\/web\\\/2022\\\/10\\\/03\\\/a-tiros-asesinan-a-un-conductor-de-indriver-dentro-su-vehiculo-en-el-barrio-santo-domingo\\\/#primaryimage\"},\"image\":{\"@id\":\"https:\\\/\\\/contrastes.com.co\\\/web\\\/2022\\\/10\\\/03\\\/a-tiros-asesinan-a-un-conductor-de-indriver-dentro-su-vehiculo-en-el-barrio-santo-domingo\\\/#primaryimage\"},\"thumbnailUrl\":\"\",\"datePublished\":\"2022-10-04T00:24:10+00:00\",\"description\":\"Alrededor de la 1 de la madrugada de este lunes un conductor de Indriver, identificado como Wilmer Villa Navas, de 31 a\u00f1os de edad fue asesinado a bala en la carrera 5C con calle 89, barrio Santo Domingo, en el suroccidente de Barranquilla.\",\"breadcrumb\":{\"@id\":\"https:\\\/\\\/contrastes.com.co\\\/web\\\/2022\\\/10\\\/03\\\/a-tiros-asesinan-a-un-conductor-de-indriver-dentro-su-vehiculo-en-el-barrio-santo-domingo\\\/#breadcrumb\"},\"inLanguage\":\"es\",\"potentialAction\":[{\"@type\":\"ReadAction\",\"target\":[\"https:\\\/\\\/contrastes.com.co\\\/web\\\/2022\\\/10\\\/03\\\/a-tiros-asesinan-a-un-conductor-de-indriver-dentro-su-vehiculo-en-el-barrio-santo-domingo\\\/\"]}]},{\"@type\":\"ImageObject\",\"inLanguage\":\"es\",\"@id\":\"https:\\\/\\\/contrastes.com.co\\\/web\\\/2022\\\/10\\\/03\\\/a-tiros-asesinan-a-un-conductor-de-indriver-dentro-su-vehiculo-en-el-barrio-santo-domingo\\\/#primaryimage\",\"url\":\"\",\"contentUrl\":\"\"},{\"@type\":\"BreadcrumbList\",\"@id\":\"https:\\\/\\\/contrastes.com.co\\\/web\\\/2022\\\/10\\\/03\\\/a-tiros-asesinan-a-un-conductor-de-indriver-dentro-su-vehiculo-en-el-barrio-santo-domingo\\\/#breadcrumb\",\"itemListElement\":[{\"@type\":\"ListItem\",\"position\":1,\"name\":\"Portada\",\"item\":\"https:\\\/\\\/contrastes.com.co\\\/web\\\/\"},{\"@type\":\"ListItem\",\"position\":2,\"name\":\"A tiros asesinan a un conductor de Indriver dentro su veh\u00edculo en el barrio Santo Domingo\"}]},{\"@type\":\"WebSite\",\"@id\":\"https:\\\/\\\/contrastes.com.co\\\/web\\\/#website\",\"url\":\"https:\\\/\\\/contrastes.com.co\\\/web\\\/\",\"name\":\"Contrastes\",\"description\":\"Periodismo de Conciencia\",\"publisher\":{\"@id\":\"https:\\\/\\\/contrastes.com.co\\\/web\\\/#organization\"},\"potentialAction\":[{\"@type\":\"SearchAction\",\"target\":{\"@type\":\"EntryPoint\",\"urlTemplate\":\"https:\\\/\\\/contrastes.com.co\\\/web\\\/?s={search_term_string}\"},\"query-input\":{\"@type\":\"PropertyValueSpecification\",\"valueRequired\":true,\"valueName\":\"search_term_string\"}}],\"inLanguage\":\"es\"},{\"@type\":\"Organization\",\"@id\":\"https:\\\/\\\/contrastes.com.co\\\/web\\\/#organization\",\"name\":\"Contrastes\",\"url\":\"https:\\\/\\\/contrastes.com.co\\\/web\\\/\",\"logo\":{\"@type\":\"ImageObject\",\"inLanguage\":\"es\",\"@id\":\"https:\\\/\\\/contrastes.com.co\\\/web\\\/#\\\/schema\\\/logo\\\/image\\\/\",\"url\":\"https:\\\/\\\/contrastes.com.co\\\/web\\\/wp-content\\\/uploads\\\/2025\\\/04\\\/15CONTRASTES3.png\",\"contentUrl\":\"https:\\\/\\\/contrastes.com.co\\\/web\\\/wp-content\\\/uploads\\\/2025\\\/04\\\/15CONTRASTES3.png\",\"width\":1536,\"height\":231,\"caption\":\"Contrastes\"},\"image\":{\"@id\":\"https:\\\/\\\/contrastes.com.co\\\/web\\\/#\\\/schema\\\/logo\\\/image\\\/\"},\"sameAs\":[\"https:\\\/\\\/www.facebook.com\\\/guillo.pantoja.1\"]},{\"@type\":\"Person\",\"@id\":\"https:\\\/\\\/contrastes.com.co\\\/web\\\/#\\\/schema\\\/person\\\/62ef7a62dc4da6de450c71fc2e95ed02\",\"name\":\"Editor\",\"image\":{\"@type\":\"ImageObject\",\"inLanguage\":\"es\",\"@id\":\"https:\\\/\\\/secure.gravatar.com\\\/avatar\\\/7bbb4f718d74bbf600dc556253bb04fd7ac8593751d6e2e3b85432d98aefae80?s=96&d=mm&r=g\",\"url\":\"https:\\\/\\\/secure.gravatar.com\\\/avatar\\\/7bbb4f718d74bbf600dc556253bb04fd7ac8593751d6e2e3b85432d98aefae80?s=96&d=mm&r=g\",\"contentUrl\":\"https:\\\/\\\/secure.gravatar.com\\\/avatar\\\/7bbb4f718d74bbf600dc556253bb04fd7ac8593751d6e2e3b85432d98aefae80?s=96&d=mm&r=g\",\"caption\":\"Editor\"},\"sameAs\":[\"https:\\\/\\\/contrastes.com.co\\\/web\"],\"url\":\"https:\\\/\\\/contrastes.com.co\\\/web\\\/author\\\/jdbobadilla\\\/\"}]}<\/script>\n<!-- \/ Yoast SEO plugin. -->","yoast_head_json":{"title":"A tiros asesinan a un conductor de Indriver dentro su veh\u00edculo en el barrio Santo Domingo - Constrastes","description":"Alrededor de la 1 de la madrugada de este lunes un conductor de Indriver, identificado como Wilmer Villa Navas, de 31 a\u00f1os de edad fue asesinado a bala en la carrera 5C con calle 89, barrio Santo Domingo, en el suroccidente de Barranquilla.","robots":{"index":"index","follow":"follow","max-snippet":"max-snippet:-1","max-image-preview":"max-image-preview:large","max-video-preview":"max-video-preview:-1"},"canonical":"https:\/\/contrastes.com.co\/web\/2022\/10\/03\/a-tiros-asesinan-a-un-conductor-de-indriver-dentro-su-vehiculo-en-el-barrio-santo-domingo\/","og_locale":"es_ES","og_type":"article","og_title":"A tiros asesinan a un conductor de Indriver dentro su veh\u00edculo en el barrio Santo Domingo - Constrastes","og_description":"Alrededor de la 1 de la madrugada de este lunes un conductor de Indriver, identificado como Wilmer Villa Navas, de 31 a\u00f1os de edad fue asesinado a bala en la carrera 5C con calle 89, barrio Santo Domingo, en el suroccidente de Barranquilla.","og_url":"https:\/\/contrastes.com.co\/web\/2022\/10\/03\/a-tiros-asesinan-a-un-conductor-de-indriver-dentro-su-vehiculo-en-el-barrio-santo-domingo\/","og_site_name":"Constrastes","article_publisher":"https:\/\/www.facebook.com\/guillo.pantoja.1","article_published_time":"2022-10-04T00:24:10+00:00","author":"Editor","twitter_card":"summary_large_image","twitter_misc":{"Escrito por":"Editor","Tiempo de lectura":"1 minuto"},"schema":{"@context":"https:\/\/schema.org","@graph":[{"@type":"Article","@id":"https:\/\/contrastes.com.co\/web\/2022\/10\/03\/a-tiros-asesinan-a-un-conductor-de-indriver-dentro-su-vehiculo-en-el-barrio-santo-domingo\/#article","isPartOf":{"@id":"https:\/\/contrastes.com.co\/web\/2022\/10\/03\/a-tiros-asesinan-a-un-conductor-de-indriver-dentro-su-vehiculo-en-el-barrio-santo-domingo\/"},"author":{"name":"Editor","@id":"https:\/\/contrastes.com.co\/web\/#\/schema\/person\/62ef7a62dc4da6de450c71fc2e95ed02"},"headline":"A tiros asesinan a un conductor de Indriver dentro su veh\u00edculo en el barrio Santo Domingo","datePublished":"2022-10-04T00:24:10+00:00","mainEntityOfPage":{"@id":"https:\/\/contrastes.com.co\/web\/2022\/10\/03\/a-tiros-asesinan-a-un-conductor-de-indriver-dentro-su-vehiculo-en-el-barrio-santo-domingo\/"},"wordCount":265,"commentCount":0,"publisher":{"@id":"https:\/\/contrastes.com.co\/web\/#organization"},"image":{"@id":"https:\/\/contrastes.com.co\/web\/2022\/10\/03\/a-tiros-asesinan-a-un-conductor-de-indriver-dentro-su-vehiculo-en-el-barrio-santo-domingo\/#primaryimage"},"thumbnailUrl":"","keywords":["arma de fuego","barrio Santo Domingo","conductor de InDriver","homicidio","Suroccidente de Barranquilla"],"articleSection":["Judicial","Regi\u00f3n"],"inLanguage":"es","potentialAction":[{"@type":"CommentAction","name":"Comment","target":["https:\/\/contrastes.com.co\/web\/2022\/10\/03\/a-tiros-asesinan-a-un-conductor-de-indriver-dentro-su-vehiculo-en-el-barrio-santo-domingo\/#respond"]}]},{"@type":"WebPage","@id":"https:\/\/contrastes.com.co\/web\/2022\/10\/03\/a-tiros-asesinan-a-un-conductor-de-indriver-dentro-su-vehiculo-en-el-barrio-santo-domingo\/","url":"https:\/\/contrastes.com.co\/web\/2022\/10\/03\/a-tiros-asesinan-a-un-conductor-de-indriver-dentro-su-vehiculo-en-el-barrio-santo-domingo\/","name":"A tiros asesinan a un conductor de Indriver dentro su veh\u00edculo en el barrio Santo Domingo - Constrastes","isPartOf":{"@id":"https:\/\/contrastes.com.co\/web\/#website"},"primaryImageOfPage":{"@id":"https:\/\/contrastes.com.co\/web\/2022\/10\/03\/a-tiros-asesinan-a-un-conductor-de-indriver-dentro-su-vehiculo-en-el-barrio-santo-domingo\/#primaryimage"},"image":{"@id":"https:\/\/contrastes.com.co\/web\/2022\/10\/03\/a-tiros-asesinan-a-un-conductor-de-indriver-dentro-su-vehiculo-en-el-barrio-santo-domingo\/#primaryimage"},"thumbnailUrl":"","datePublished":"2022-10-04T00:24:10+00:00","description":"Alrededor de la 1 de la madrugada de este lunes un conductor de Indriver, identificado como Wilmer Villa Navas, de 31 a\u00f1os de edad fue asesinado a bala en la carrera 5C con calle 89, barrio Santo Domingo, en el suroccidente de Barranquilla.","breadcrumb":{"@id":"https:\/\/contrastes.com.co\/web\/2022\/10\/03\/a-tiros-asesinan-a-un-conductor-de-indriver-dentro-su-vehiculo-en-el-barrio-santo-domingo\/#breadcrumb"},"inLanguage":"es","potentialAction":[{"@type":"ReadAction","target":["https:\/\/contrastes.com.co\/web\/2022\/10\/03\/a-tiros-asesinan-a-un-conductor-de-indriver-dentro-su-vehiculo-en-el-barrio-santo-domingo\/"]}]},{"@type":"ImageObject","inLanguage":"es","@id":"https:\/\/contrastes.com.co\/web\/2022\/10\/03\/a-tiros-asesinan-a-un-conductor-de-indriver-dentro-su-vehiculo-en-el-barrio-santo-domingo\/#primaryimage","url":"","contentUrl":""},{"@type":"BreadcrumbList","@id":"https:\/\/contrastes.com.co\/web\/2022\/10\/03\/a-tiros-asesinan-a-un-conductor-de-indriver-dentro-su-vehiculo-en-el-barrio-santo-domingo\/#breadcrumb","itemListElement":[{"@type":"ListItem","position":1,"name":"Portada","item":"https:\/\/contrastes.com.co\/web\/"},{"@type":"ListItem","position":2,"name":"A tiros asesinan a un conductor de Indriver dentro su veh\u00edculo en el barrio Santo Domingo"}]},{"@type":"WebSite","@id":"https:\/\/contrastes.com.co\/web\/#website","url":"https:\/\/contrastes.com.co\/web\/","name":"Contrastes","description":"Periodismo de Conciencia","publisher":{"@id":"https:\/\/contrastes.com.co\/web\/#organization"},"potentialAction":[{"@type":"SearchAction","target":{"@type":"EntryPoint","urlTemplate":"https:\/\/contrastes.com.co\/web\/?s={search_term_string}"},"query-input":{"@type":"PropertyValueSpecification","valueRequired":true,"valueName":"search_term_string"}}],"inLanguage":"es"},{"@type":"Organization","@id":"https:\/\/contrastes.com.co\/web\/#organization","name":"Contrastes","url":"https:\/\/contrastes.com.co\/web\/","logo":{"@type":"ImageObject","inLanguage":"es","@id":"https:\/\/contrastes.com.co\/web\/#\/schema\/logo\/image\/","url":"https:\/\/contrastes.com.co\/web\/wp-content\/uploads\/2025\/04\/15CONTRASTES3.png","contentUrl":"https:\/\/contrastes.com.co\/web\/wp-content\/uploads\/2025\/04\/15CONTRASTES3.png","width":1536,"height":231,"caption":"Contrastes"},"image":{"@id":"https:\/\/contrastes.com.co\/web\/#\/schema\/logo\/image\/"},"sameAs":["https:\/\/www.facebook.com\/guillo.pantoja.1"]},{"@type":"Person","@id":"https:\/\/contrastes.com.co\/web\/#\/schema\/person\/62ef7a62dc4da6de450c71fc2e95ed02","name":"Editor","image":{"@type":"ImageObject","inLanguage":"es","@id":"https:\/\/secure.gravatar.com\/avatar\/7bbb4f718d74bbf600dc556253bb04fd7ac8593751d6e2e3b85432d98aefae80?s=96&d=mm&r=g","url":"https:\/\/secure.gravatar.com\/avatar\/7bbb4f718d74bbf600dc556253bb04fd7ac8593751d6e2e3b85432d98aefae80?s=96&d=mm&r=g","contentUrl":"https:\/\/secure.gravatar.com\/avatar\/7bbb4f718d74bbf600dc556253bb04fd7ac8593751d6e2e3b85432d98aefae80?s=96&d=mm&r=g","caption":"Editor"},"sameAs":["https:\/\/contrastes.com.co\/web"],"url":"https:\/\/contrastes.com.co\/web\/author\/jdbobadilla\/"}]}},"blog_post_layout_featured_media_urls":{"thumbnail":"","full":""},"categories_names":{"172":{"name":"Judicial","link":"https:\/\/contrastes.com.co\/web\/category\/judicial\/"},"24":{"name":"Regi\u00f3n","link":"https:\/\/contrastes.com.co\/web\/category\/region\/"}},"tags_names":{"6266":{"name":"arma de fuego","link":"https:\/\/contrastes.com.co\/web\/tag\/arma-de-fuego\/"},"6704":{"name":"barrio Santo Domingo","link":"https:\/\/contrastes.com.co\/web\/tag\/barrio-santo-domingo\/"},"7341":{"name":"conductor de InDriver","link":"https:\/\/contrastes.com.co\/web\/tag\/conductor-de-indriver\/"},"1715":{"name":"homicidio","link":"https:\/\/contrastes.com.co\/web\/tag\/homicidio\/"},"1867":{"name":"Suroccidente de Barranquilla","link":"https:\/\/contrastes.com.co\/web\/tag\/suroccidente-de-barranquilla\/"}},"comments_number":"0","wpmagazine_modules_lite_featured_media_urls":{"thumbnail":"","cvmm-medium":"","cvmm-medium-plus":"","cvmm-portrait":"","cvmm-medium-square":"","cvmm-large":"","cvmm-small":"","full":""},"_links":{"self":[{"href":"https:\/\/contrastes.com.co\/web\/wp-json\/wp\/v2\/posts\/11681","targetHints":{"allow":["GET"]}}],"collection":[{"href":"https:\/\/contrastes.com.co\/web\/wp-json\/wp\/v2\/posts"}],"about":[{"href":"https:\/\/contrastes.com.co\/web\/wp-json\/wp\/v2\/types\/post"}],"author":[{"embeddable":true,"href":"https:\/\/contrastes.com.co\/web\/wp-json\/wp\/v2\/users\/1"}],"replies":[{"embeddable":true,"href":"https:\/\/contrastes.com.co\/web\/wp-json\/wp\/v2\/comments?post=11681"}],"version-history":[{"count":0,"href":"https:\/\/contrastes.com.co\/web\/wp-json\/wp\/v2\/posts\/11681\/revisions"}],"wp:attachment":[{"href":"https:\/\/contrastes.com.co\/web\/wp-json\/wp\/v2\/media?parent=11681"}],"wp:term":[{"taxonomy":"category","embeddable":true,"href":"https:\/\/contrastes.com.co\/web\/wp-json\/wp\/v2\/categories?post=11681"},{"taxonomy":"post_tag","embeddable":true,"href":"https:\/\/contrastes.com.co\/web\/wp-json\/wp\/v2\/tags?post=11681"}],"curies":[{"name":"wp","href":"https:\/\/api.w.org\/{rel}","templated":true}]}}