{"id":1184,"date":"2020-05-31T17:53:18","date_gmt":"2020-05-31T22:53:18","guid":{"rendered":"https:\/\/contrastes.com.co\/digital\/?p=1184"},"modified":"2020-05-31T17:53:18","modified_gmt":"2020-05-31T22:53:18","slug":"tenga-en-cuenta-estas-recomendaciones-para-la-temporada-de-lluvias-en-soledad","status":"publish","type":"post","link":"https:\/\/contrastes.com.co\/web\/2020\/05\/31\/tenga-en-cuenta-estas-recomendaciones-para-la-temporada-de-lluvias-en-soledad\/","title":{"rendered":"Tenga en cuenta estas recomendaciones para la temporada de lluvias"},"content":{"rendered":"<blockquote><p><strong> \u201cEs importante que se tomen las medidas de precauci\u00f3n a fin de evitar emergencias ocasionadas por estos fen\u00f3menos naturales como lluvia y huracanes, que vemos con cierta regularidad en \u00e9pocas del a\u00f1o\u201d: Rosmell Hern\u00e1ndez.<\/strong><\/p><\/blockquote>\n<p><img decoding=\"async\" class=\"alignleft  wp-image-929\" src=\"https:\/\/contrastes.com.co\/digital\/wp-content\/uploads\/2020\/05\/a-capitular.png\" alt=\"a capitular\" width=\"74\" height=\"67\" \/>l iniciarse la primera temporada de lluvias, la Secretar\u00eda Municipal de Gobierno y el Comit\u00e9 de Prevenci\u00f3n y Atenci\u00f3n de Desastres hacen un llamado a la comunidad para que atiendan varias recomendaciones y evitar inconvenientes con la temporada invernal.<\/p>\n<p>Simult\u00e1neamente se acerca la temporada de huracanes prevista para los meses de junio y julio, lo cual afecta notablemente por los llamados coletazos debido a la ubicaci\u00f3n del Departamento del Atl\u00e1ntico, por su cercan\u00eda al r\u00edo y a la desembocadura con el mar Caribe.<\/p>\n<p><img fetchpriority=\"high\" decoding=\"async\" class=\"size-full wp-image-1186 aligncenter\" src=\"https:\/\/contrastes.com.co\/digital\/wp-content\/uploads\/2020\/05\/lluvias-soledad-1.jpg\" alt=\"lluvias soledad\" width=\"975\" height=\"548\" \/><\/p>\n<p>Por tal raz\u00f3n, en coordinaci\u00f3n con la Secretar\u00eda de Obras P\u00fablicas del municipio y EDUMAS, y con el fin de salvaguardar la vida de las personas, se considera necesario informar a la comunidad acerca de las recomendaciones a tener en cuenta durante el periodo invernal:<\/p>\n<p><strong>1. Evitar arrojar basuras en los arroyos ya que esto causa represamientos e inundaciones.<\/strong><\/p>\n<p><strong>2. Realizar limpieza y mantenimiento de las rejillas, alcantarillado, canales y bajantes de las casas. Esto evitar\u00e1 taponamientos y obstrucciones dentro de las viviendas. <\/strong><\/p>\n<p><strong>3. Verificar que los tejados y cubiertas de las viviendas est\u00e9n en buen estado, para soportar los efectos del viento y las lluvias. Revisar los amarres y realizar los respectivos ajustes en los techos. <\/strong><\/p>\n<p><strong>4. En caso de tormentas el\u00e9ctricas, protegerse en lugares seguros. Desconectar los equipos el\u00e9ctricos para evitar da\u00f1os. <\/strong><\/p>\n<p><strong>5. No comprar ni alquilar lotes o viviendas en zonas de laderas o rondas h\u00eddricas que presenten amenazas altas por el fen\u00f3meno natural de remoci\u00f3n en masa. <\/strong><\/p>\n<p><strong>6. Si se presentan fuertes vientos, alejarse de \u00e1rboles y cables que transporten energ\u00eda. <\/strong><\/p>\n<p><strong>7. Durante la lluvia, se debe suspender la ejecuci\u00f3n de obras, especialmente en alturas. <\/strong><\/p>\n<p><strong>8. No construir viviendas en zonas de riesgo.<\/strong><\/p>\n<p>El alcalde de Soledad, Rodolfo Ucr\u00f3s Rosales, hizo un llamado a los habitantes del municipio para que tengan en cuenta las anteriores recomendaciones y manifest\u00f3 que: \u201cdesde la administraci\u00f3n municipal estamos atentos y trabajando coordinados con todos los entes de atenci\u00f3n de desastres, a fin de evitar cualquier situaci\u00f3n que ponga en riesgo a la comunidad en esta temporada de invierno\u201d.<\/p>\n<p>Por su parte, el secretario de Gobierno, Rosmell Hern\u00e1ndez indic\u00f3 que \u201ces importante que se tomen las medidas de precauci\u00f3n a fin de evitar emergencias ocasionadas por estos fen\u00f3menos naturales como lluvia y huracanes, que vemos con cierta regularidad en \u00e9pocas del a\u00f1o\u201d.<\/p>\n<p>El Cuerpo Voluntariado de Bomberos, la Defensa Civil y la Polic\u00eda Nacional, tienen un incremento en sus labores cotidianas cuando estos fen\u00f3menos naturales se toman la ciudad.<\/p>\n<p>Por medio de volantes y visita a los sectores, estas entidades brindan recomendaciones a los ciudadanos, con el fin de que no se presenten hechos que lamentar en este sector del pa\u00eds durante las lluvias y huracanes.<\/p>\n<blockquote><p><strong>Ellos est\u00e1n disponibles las 24 horas del d\u00eda para atender las posibles emergencias, que deben ser reportadas a las l\u00edneas de emergencia del cuerpo voluntariado de Bomberos: (+5) 3421530 &#8211; (+5) 3282040 &#8211; 3017540148 y la Polic\u00eda Nacional: (+5) 3678262 \u2013 3145410393.<\/strong><\/p><\/blockquote>\n","protected":false},"excerpt":{"rendered":"<p>\u201cEs importante que se tomen las medidas de precauci\u00f3n a fin de evitar emergencias ocasionadas por estos fen\u00f3menos naturales como lluvia y huracanes, que vemos con cierta regularidad en \u00e9pocas del a\u00f1o\u201d: Rosmell Hern\u00e1ndez. l iniciarse la primera temporada de lluvias, la Secretar\u00eda Municipal de Gobierno y el Comit\u00e9 de Prevenci\u00f3n y Atenci\u00f3n de Desastres [&hellip;]<\/p>\n","protected":false},"author":1,"featured_media":1185,"comment_status":"open","ping_status":"open","sticky":false,"template":"","format":"standard","meta":{"footnotes":""},"categories":[23,59],"tags":[28,357,455,456,84,358,359],"class_list":["post-1184","post","type-post","status-publish","format-standard","has-post-thumbnail","hentry","category-locales","category-medio-ambiente","tag-alcaldia-de-soledad","tag-lluvias","tag-prevencion-de-desastres","tag-recomendaciones","tag-rodolfo-ucros","tag-rosmel-hernandez-bresneider","tag-temporada-invernal"],"yoast_head":"<!-- This site is optimized with the Yoast SEO plugin v27.7 - https:\/\/yoast.com\/product\/yoast-seo-wordpress\/ -->\n<title>Tenga en cuenta estas recomendaciones para la temporada de lluvias - Constrastes<\/title>\n<meta name=\"robots\" content=\"index, follow, max-snippet:-1, max-image-preview:large, max-video-preview:-1\" \/>\n<link rel=\"canonical\" href=\"https:\/\/contrastes.com.co\/web\/2020\/05\/31\/tenga-en-cuenta-estas-recomendaciones-para-la-temporada-de-lluvias-en-soledad\/\" \/>\n<meta property=\"og:locale\" content=\"es_ES\" \/>\n<meta property=\"og:type\" content=\"article\" \/>\n<meta property=\"og:title\" content=\"Tenga en cuenta estas recomendaciones para la temporada de lluvias - Constrastes\" \/>\n<meta property=\"og:description\" content=\"\u201cEs importante que se tomen las medidas de precauci\u00f3n a fin de evitar emergencias ocasionadas por estos fen\u00f3menos naturales como lluvia y huracanes, que vemos con cierta regularidad en \u00e9pocas del a\u00f1o\u201d: Rosmell Hern\u00e1ndez. l iniciarse la primera temporada de lluvias, la Secretar\u00eda Municipal de Gobierno y el Comit\u00e9 de Prevenci\u00f3n y Atenci\u00f3n de Desastres [&hellip;]\" \/>\n<meta property=\"og:url\" content=\"https:\/\/contrastes.com.co\/web\/2020\/05\/31\/tenga-en-cuenta-estas-recomendaciones-para-la-temporada-de-lluvias-en-soledad\/\" \/>\n<meta property=\"og:site_name\" content=\"Constrastes\" \/>\n<meta property=\"article:publisher\" content=\"https:\/\/www.facebook.com\/guillo.pantoja.1\" \/>\n<meta property=\"article:published_time\" content=\"2020-05-31T22:53:18+00:00\" \/>\n<meta name=\"author\" content=\"Editor\" \/>\n<meta name=\"twitter:card\" content=\"summary_large_image\" \/>\n<meta name=\"twitter:label1\" content=\"Escrito por\" \/>\n\t<meta name=\"twitter:data1\" content=\"Editor\" \/>\n\t<meta name=\"twitter:label2\" content=\"Tiempo de lectura\" \/>\n\t<meta name=\"twitter:data2\" content=\"3 minutos\" \/>\n<script type=\"application\/ld+json\" class=\"yoast-schema-graph\">{\"@context\":\"https:\\\/\\\/schema.org\",\"@graph\":[{\"@type\":\"Article\",\"@id\":\"https:\\\/\\\/contrastes.com.co\\\/web\\\/2020\\\/05\\\/31\\\/tenga-en-cuenta-estas-recomendaciones-para-la-temporada-de-lluvias-en-soledad\\\/#article\",\"isPartOf\":{\"@id\":\"https:\\\/\\\/contrastes.com.co\\\/web\\\/2020\\\/05\\\/31\\\/tenga-en-cuenta-estas-recomendaciones-para-la-temporada-de-lluvias-en-soledad\\\/\"},\"author\":{\"name\":\"Editor\",\"@id\":\"https:\\\/\\\/contrastes.com.co\\\/web\\\/#\\\/schema\\\/person\\\/62ef7a62dc4da6de450c71fc2e95ed02\"},\"headline\":\"Tenga en cuenta estas recomendaciones para la temporada de lluvias\",\"datePublished\":\"2020-05-31T22:53:18+00:00\",\"mainEntityOfPage\":{\"@id\":\"https:\\\/\\\/contrastes.com.co\\\/web\\\/2020\\\/05\\\/31\\\/tenga-en-cuenta-estas-recomendaciones-para-la-temporada-de-lluvias-en-soledad\\\/\"},\"wordCount\":556,\"commentCount\":0,\"publisher\":{\"@id\":\"https:\\\/\\\/contrastes.com.co\\\/web\\\/#organization\"},\"image\":{\"@id\":\"https:\\\/\\\/contrastes.com.co\\\/web\\\/2020\\\/05\\\/31\\\/tenga-en-cuenta-estas-recomendaciones-para-la-temporada-de-lluvias-en-soledad\\\/#primaryimage\"},\"thumbnailUrl\":\"\",\"keywords\":[\"alcaldia de Soledad\",\"lluvias\",\"prevenci\u00f3n de desastres\",\"recomendaciones\",\"Rodolfo Ucr\u00f3s\",\"Rosmel Hern\u00e1ndez Bresneider\",\"temporada invernal\"],\"articleSection\":[\"Locales\",\"Medio Ambiente\"],\"inLanguage\":\"es\",\"potentialAction\":[{\"@type\":\"CommentAction\",\"name\":\"Comment\",\"target\":[\"https:\\\/\\\/contrastes.com.co\\\/web\\\/2020\\\/05\\\/31\\\/tenga-en-cuenta-estas-recomendaciones-para-la-temporada-de-lluvias-en-soledad\\\/#respond\"]}]},{\"@type\":\"WebPage\",\"@id\":\"https:\\\/\\\/contrastes.com.co\\\/web\\\/2020\\\/05\\\/31\\\/tenga-en-cuenta-estas-recomendaciones-para-la-temporada-de-lluvias-en-soledad\\\/\",\"url\":\"https:\\\/\\\/contrastes.com.co\\\/web\\\/2020\\\/05\\\/31\\\/tenga-en-cuenta-estas-recomendaciones-para-la-temporada-de-lluvias-en-soledad\\\/\",\"name\":\"Tenga en cuenta estas recomendaciones para la temporada de lluvias - Constrastes\",\"isPartOf\":{\"@id\":\"https:\\\/\\\/contrastes.com.co\\\/web\\\/#website\"},\"primaryImageOfPage\":{\"@id\":\"https:\\\/\\\/contrastes.com.co\\\/web\\\/2020\\\/05\\\/31\\\/tenga-en-cuenta-estas-recomendaciones-para-la-temporada-de-lluvias-en-soledad\\\/#primaryimage\"},\"image\":{\"@id\":\"https:\\\/\\\/contrastes.com.co\\\/web\\\/2020\\\/05\\\/31\\\/tenga-en-cuenta-estas-recomendaciones-para-la-temporada-de-lluvias-en-soledad\\\/#primaryimage\"},\"thumbnailUrl\":\"\",\"datePublished\":\"2020-05-31T22:53:18+00:00\",\"breadcrumb\":{\"@id\":\"https:\\\/\\\/contrastes.com.co\\\/web\\\/2020\\\/05\\\/31\\\/tenga-en-cuenta-estas-recomendaciones-para-la-temporada-de-lluvias-en-soledad\\\/#breadcrumb\"},\"inLanguage\":\"es\",\"potentialAction\":[{\"@type\":\"ReadAction\",\"target\":[\"https:\\\/\\\/contrastes.com.co\\\/web\\\/2020\\\/05\\\/31\\\/tenga-en-cuenta-estas-recomendaciones-para-la-temporada-de-lluvias-en-soledad\\\/\"]}]},{\"@type\":\"ImageObject\",\"inLanguage\":\"es\",\"@id\":\"https:\\\/\\\/contrastes.com.co\\\/web\\\/2020\\\/05\\\/31\\\/tenga-en-cuenta-estas-recomendaciones-para-la-temporada-de-lluvias-en-soledad\\\/#primaryimage\",\"url\":\"\",\"contentUrl\":\"\"},{\"@type\":\"BreadcrumbList\",\"@id\":\"https:\\\/\\\/contrastes.com.co\\\/web\\\/2020\\\/05\\\/31\\\/tenga-en-cuenta-estas-recomendaciones-para-la-temporada-de-lluvias-en-soledad\\\/#breadcrumb\",\"itemListElement\":[{\"@type\":\"ListItem\",\"position\":1,\"name\":\"Portada\",\"item\":\"https:\\\/\\\/contrastes.com.co\\\/web\\\/\"},{\"@type\":\"ListItem\",\"position\":2,\"name\":\"Tenga en cuenta estas recomendaciones para la temporada de lluvias\"}]},{\"@type\":\"WebSite\",\"@id\":\"https:\\\/\\\/contrastes.com.co\\\/web\\\/#website\",\"url\":\"https:\\\/\\\/contrastes.com.co\\\/web\\\/\",\"name\":\"Contrastes\",\"description\":\"Periodismo de Conciencia\",\"publisher\":{\"@id\":\"https:\\\/\\\/contrastes.com.co\\\/web\\\/#organization\"},\"potentialAction\":[{\"@type\":\"SearchAction\",\"target\":{\"@type\":\"EntryPoint\",\"urlTemplate\":\"https:\\\/\\\/contrastes.com.co\\\/web\\\/?s={search_term_string}\"},\"query-input\":{\"@type\":\"PropertyValueSpecification\",\"valueRequired\":true,\"valueName\":\"search_term_string\"}}],\"inLanguage\":\"es\"},{\"@type\":\"Organization\",\"@id\":\"https:\\\/\\\/contrastes.com.co\\\/web\\\/#organization\",\"name\":\"Contrastes\",\"url\":\"https:\\\/\\\/contrastes.com.co\\\/web\\\/\",\"logo\":{\"@type\":\"ImageObject\",\"inLanguage\":\"es\",\"@id\":\"https:\\\/\\\/contrastes.com.co\\\/web\\\/#\\\/schema\\\/logo\\\/image\\\/\",\"url\":\"https:\\\/\\\/contrastes.com.co\\\/web\\\/wp-content\\\/uploads\\\/2025\\\/04\\\/15CONTRASTES3.png\",\"contentUrl\":\"https:\\\/\\\/contrastes.com.co\\\/web\\\/wp-content\\\/uploads\\\/2025\\\/04\\\/15CONTRASTES3.png\",\"width\":1536,\"height\":231,\"caption\":\"Contrastes\"},\"image\":{\"@id\":\"https:\\\/\\\/contrastes.com.co\\\/web\\\/#\\\/schema\\\/logo\\\/image\\\/\"},\"sameAs\":[\"https:\\\/\\\/www.facebook.com\\\/guillo.pantoja.1\"]},{\"@type\":\"Person\",\"@id\":\"https:\\\/\\\/contrastes.com.co\\\/web\\\/#\\\/schema\\\/person\\\/62ef7a62dc4da6de450c71fc2e95ed02\",\"name\":\"Editor\",\"image\":{\"@type\":\"ImageObject\",\"inLanguage\":\"es\",\"@id\":\"https:\\\/\\\/secure.gravatar.com\\\/avatar\\\/7bbb4f718d74bbf600dc556253bb04fd7ac8593751d6e2e3b85432d98aefae80?s=96&d=mm&r=g\",\"url\":\"https:\\\/\\\/secure.gravatar.com\\\/avatar\\\/7bbb4f718d74bbf600dc556253bb04fd7ac8593751d6e2e3b85432d98aefae80?s=96&d=mm&r=g\",\"contentUrl\":\"https:\\\/\\\/secure.gravatar.com\\\/avatar\\\/7bbb4f718d74bbf600dc556253bb04fd7ac8593751d6e2e3b85432d98aefae80?s=96&d=mm&r=g\",\"caption\":\"Editor\"},\"sameAs\":[\"https:\\\/\\\/contrastes.com.co\\\/web\"],\"url\":\"https:\\\/\\\/contrastes.com.co\\\/web\\\/author\\\/jdbobadilla\\\/\"}]}<\/script>\n<!-- \/ Yoast SEO plugin. -->","yoast_head_json":{"title":"Tenga en cuenta estas recomendaciones para la temporada de lluvias - Constrastes","robots":{"index":"index","follow":"follow","max-snippet":"max-snippet:-1","max-image-preview":"max-image-preview:large","max-video-preview":"max-video-preview:-1"},"canonical":"https:\/\/contrastes.com.co\/web\/2020\/05\/31\/tenga-en-cuenta-estas-recomendaciones-para-la-temporada-de-lluvias-en-soledad\/","og_locale":"es_ES","og_type":"article","og_title":"Tenga en cuenta estas recomendaciones para la temporada de lluvias - Constrastes","og_description":"\u201cEs importante que se tomen las medidas de precauci\u00f3n a fin de evitar emergencias ocasionadas por estos fen\u00f3menos naturales como lluvia y huracanes, que vemos con cierta regularidad en \u00e9pocas del a\u00f1o\u201d: Rosmell Hern\u00e1ndez. l iniciarse la primera temporada de lluvias, la Secretar\u00eda Municipal de Gobierno y el Comit\u00e9 de Prevenci\u00f3n y Atenci\u00f3n de Desastres [&hellip;]","og_url":"https:\/\/contrastes.com.co\/web\/2020\/05\/31\/tenga-en-cuenta-estas-recomendaciones-para-la-temporada-de-lluvias-en-soledad\/","og_site_name":"Constrastes","article_publisher":"https:\/\/www.facebook.com\/guillo.pantoja.1","article_published_time":"2020-05-31T22:53:18+00:00","author":"Editor","twitter_card":"summary_large_image","twitter_misc":{"Escrito por":"Editor","Tiempo de lectura":"3 minutos"},"schema":{"@context":"https:\/\/schema.org","@graph":[{"@type":"Article","@id":"https:\/\/contrastes.com.co\/web\/2020\/05\/31\/tenga-en-cuenta-estas-recomendaciones-para-la-temporada-de-lluvias-en-soledad\/#article","isPartOf":{"@id":"https:\/\/contrastes.com.co\/web\/2020\/05\/31\/tenga-en-cuenta-estas-recomendaciones-para-la-temporada-de-lluvias-en-soledad\/"},"author":{"name":"Editor","@id":"https:\/\/contrastes.com.co\/web\/#\/schema\/person\/62ef7a62dc4da6de450c71fc2e95ed02"},"headline":"Tenga en cuenta estas recomendaciones para la temporada de lluvias","datePublished":"2020-05-31T22:53:18+00:00","mainEntityOfPage":{"@id":"https:\/\/contrastes.com.co\/web\/2020\/05\/31\/tenga-en-cuenta-estas-recomendaciones-para-la-temporada-de-lluvias-en-soledad\/"},"wordCount":556,"commentCount":0,"publisher":{"@id":"https:\/\/contrastes.com.co\/web\/#organization"},"image":{"@id":"https:\/\/contrastes.com.co\/web\/2020\/05\/31\/tenga-en-cuenta-estas-recomendaciones-para-la-temporada-de-lluvias-en-soledad\/#primaryimage"},"thumbnailUrl":"","keywords":["alcaldia de Soledad","lluvias","prevenci\u00f3n de desastres","recomendaciones","Rodolfo Ucr\u00f3s","Rosmel Hern\u00e1ndez Bresneider","temporada invernal"],"articleSection":["Locales","Medio Ambiente"],"inLanguage":"es","potentialAction":[{"@type":"CommentAction","name":"Comment","target":["https:\/\/contrastes.com.co\/web\/2020\/05\/31\/tenga-en-cuenta-estas-recomendaciones-para-la-temporada-de-lluvias-en-soledad\/#respond"]}]},{"@type":"WebPage","@id":"https:\/\/contrastes.com.co\/web\/2020\/05\/31\/tenga-en-cuenta-estas-recomendaciones-para-la-temporada-de-lluvias-en-soledad\/","url":"https:\/\/contrastes.com.co\/web\/2020\/05\/31\/tenga-en-cuenta-estas-recomendaciones-para-la-temporada-de-lluvias-en-soledad\/","name":"Tenga en cuenta estas recomendaciones para la temporada de lluvias - Constrastes","isPartOf":{"@id":"https:\/\/contrastes.com.co\/web\/#website"},"primaryImageOfPage":{"@id":"https:\/\/contrastes.com.co\/web\/2020\/05\/31\/tenga-en-cuenta-estas-recomendaciones-para-la-temporada-de-lluvias-en-soledad\/#primaryimage"},"image":{"@id":"https:\/\/contrastes.com.co\/web\/2020\/05\/31\/tenga-en-cuenta-estas-recomendaciones-para-la-temporada-de-lluvias-en-soledad\/#primaryimage"},"thumbnailUrl":"","datePublished":"2020-05-31T22:53:18+00:00","breadcrumb":{"@id":"https:\/\/contrastes.com.co\/web\/2020\/05\/31\/tenga-en-cuenta-estas-recomendaciones-para-la-temporada-de-lluvias-en-soledad\/#breadcrumb"},"inLanguage":"es","potentialAction":[{"@type":"ReadAction","target":["https:\/\/contrastes.com.co\/web\/2020\/05\/31\/tenga-en-cuenta-estas-recomendaciones-para-la-temporada-de-lluvias-en-soledad\/"]}]},{"@type":"ImageObject","inLanguage":"es","@id":"https:\/\/contrastes.com.co\/web\/2020\/05\/31\/tenga-en-cuenta-estas-recomendaciones-para-la-temporada-de-lluvias-en-soledad\/#primaryimage","url":"","contentUrl":""},{"@type":"BreadcrumbList","@id":"https:\/\/contrastes.com.co\/web\/2020\/05\/31\/tenga-en-cuenta-estas-recomendaciones-para-la-temporada-de-lluvias-en-soledad\/#breadcrumb","itemListElement":[{"@type":"ListItem","position":1,"name":"Portada","item":"https:\/\/contrastes.com.co\/web\/"},{"@type":"ListItem","position":2,"name":"Tenga en cuenta estas recomendaciones para la temporada de lluvias"}]},{"@type":"WebSite","@id":"https:\/\/contrastes.com.co\/web\/#website","url":"https:\/\/contrastes.com.co\/web\/","name":"Contrastes","description":"Periodismo de Conciencia","publisher":{"@id":"https:\/\/contrastes.com.co\/web\/#organization"},"potentialAction":[{"@type":"SearchAction","target":{"@type":"EntryPoint","urlTemplate":"https:\/\/contrastes.com.co\/web\/?s={search_term_string}"},"query-input":{"@type":"PropertyValueSpecification","valueRequired":true,"valueName":"search_term_string"}}],"inLanguage":"es"},{"@type":"Organization","@id":"https:\/\/contrastes.com.co\/web\/#organization","name":"Contrastes","url":"https:\/\/contrastes.com.co\/web\/","logo":{"@type":"ImageObject","inLanguage":"es","@id":"https:\/\/contrastes.com.co\/web\/#\/schema\/logo\/image\/","url":"https:\/\/contrastes.com.co\/web\/wp-content\/uploads\/2025\/04\/15CONTRASTES3.png","contentUrl":"https:\/\/contrastes.com.co\/web\/wp-content\/uploads\/2025\/04\/15CONTRASTES3.png","width":1536,"height":231,"caption":"Contrastes"},"image":{"@id":"https:\/\/contrastes.com.co\/web\/#\/schema\/logo\/image\/"},"sameAs":["https:\/\/www.facebook.com\/guillo.pantoja.1"]},{"@type":"Person","@id":"https:\/\/contrastes.com.co\/web\/#\/schema\/person\/62ef7a62dc4da6de450c71fc2e95ed02","name":"Editor","image":{"@type":"ImageObject","inLanguage":"es","@id":"https:\/\/secure.gravatar.com\/avatar\/7bbb4f718d74bbf600dc556253bb04fd7ac8593751d6e2e3b85432d98aefae80?s=96&d=mm&r=g","url":"https:\/\/secure.gravatar.com\/avatar\/7bbb4f718d74bbf600dc556253bb04fd7ac8593751d6e2e3b85432d98aefae80?s=96&d=mm&r=g","contentUrl":"https:\/\/secure.gravatar.com\/avatar\/7bbb4f718d74bbf600dc556253bb04fd7ac8593751d6e2e3b85432d98aefae80?s=96&d=mm&r=g","caption":"Editor"},"sameAs":["https:\/\/contrastes.com.co\/web"],"url":"https:\/\/contrastes.com.co\/web\/author\/jdbobadilla\/"}]}},"blog_post_layout_featured_media_urls":{"thumbnail":"","full":""},"categories_names":{"23":{"name":"Locales","link":"https:\/\/contrastes.com.co\/web\/category\/locales\/"},"59":{"name":"Medio Ambiente","link":"https:\/\/contrastes.com.co\/web\/category\/medio-ambiente\/"}},"tags_names":{"28":{"name":"alcaldia de Soledad","link":"https:\/\/contrastes.com.co\/web\/tag\/alcaldia-de-soledad\/"},"357":{"name":"lluvias","link":"https:\/\/contrastes.com.co\/web\/tag\/lluvias\/"},"455":{"name":"prevenci\u00f3n de desastres","link":"https:\/\/contrastes.com.co\/web\/tag\/prevencion-de-desastres\/"},"456":{"name":"recomendaciones","link":"https:\/\/contrastes.com.co\/web\/tag\/recomendaciones\/"},"84":{"name":"Rodolfo Ucr\u00f3s","link":"https:\/\/contrastes.com.co\/web\/tag\/rodolfo-ucros\/"},"358":{"name":"Rosmel Hern\u00e1ndez Bresneider","link":"https:\/\/contrastes.com.co\/web\/tag\/rosmel-hernandez-bresneider\/"},"359":{"name":"temporada invernal","link":"https:\/\/contrastes.com.co\/web\/tag\/temporada-invernal\/"}},"comments_number":"0","wpmagazine_modules_lite_featured_media_urls":{"thumbnail":"","cvmm-medium":"","cvmm-medium-plus":"","cvmm-portrait":"","cvmm-medium-square":"","cvmm-large":"","cvmm-small":"","full":""},"_links":{"self":[{"href":"https:\/\/contrastes.com.co\/web\/wp-json\/wp\/v2\/posts\/1184","targetHints":{"allow":["GET"]}}],"collection":[{"href":"https:\/\/contrastes.com.co\/web\/wp-json\/wp\/v2\/posts"}],"about":[{"href":"https:\/\/contrastes.com.co\/web\/wp-json\/wp\/v2\/types\/post"}],"author":[{"embeddable":true,"href":"https:\/\/contrastes.com.co\/web\/wp-json\/wp\/v2\/users\/1"}],"replies":[{"embeddable":true,"href":"https:\/\/contrastes.com.co\/web\/wp-json\/wp\/v2\/comments?post=1184"}],"version-history":[{"count":0,"href":"https:\/\/contrastes.com.co\/web\/wp-json\/wp\/v2\/posts\/1184\/revisions"}],"wp:attachment":[{"href":"https:\/\/contrastes.com.co\/web\/wp-json\/wp\/v2\/media?parent=1184"}],"wp:term":[{"taxonomy":"category","embeddable":true,"href":"https:\/\/contrastes.com.co\/web\/wp-json\/wp\/v2\/categories?post=1184"},{"taxonomy":"post_tag","embeddable":true,"href":"https:\/\/contrastes.com.co\/web\/wp-json\/wp\/v2\/tags?post=1184"}],"curies":[{"name":"wp","href":"https:\/\/api.w.org\/{rel}","templated":true}]}}