{"id":11908,"date":"2022-10-12T09:13:26","date_gmt":"2022-10-12T14:13:26","guid":{"rendered":"https:\/\/contrastes.com.co\/digital\/?p=11908"},"modified":"2022-10-12T09:13:26","modified_gmt":"2022-10-12T14:13:26","slug":"con-capacitaciones-a-sus-trabajadores-hospital-materno-infantil-de-soledad-conmemora-semana-de-la-salud-mental","status":"publish","type":"post","link":"https:\/\/contrastes.com.co\/web\/2022\/10\/12\/con-capacitaciones-a-sus-trabajadores-hospital-materno-infantil-de-soledad-conmemora-semana-de-la-salud-mental\/","title":{"rendered":"Con capacitaciones a sus trabajadores Hospital Materno Infantil de Soledad conmemora Semana de la Salud Mental"},"content":{"rendered":"<p><strong>*Con capacitaciones a sus trabajadores Hospital Materno Infantil de Soledad conmemora Semana de la Salud Mental<\/strong><\/p>\n<blockquote><p><strong>\u00abEl objetivo de estas capacitaciones a nuestro personal es la de brindar estrategias y herramientas, para que tengan un mayor grado de control sobre su salud mental, sus emociones, resoluci\u00f3n de conflictos y bienestar, a su vez fomentar una cultura preventiva de los trastornos mentales, fortaleciendo el apoyo psicosocial en la empresa\u00bb: Juan S\u00e1nchez P\u00e1ez, gerente del Hospital Materno Infantil.<\/strong><\/p><\/blockquote>\n<p><img decoding=\"async\" class=\"alignleft  wp-image-8683\" src=\"https:\/\/contrastes.com.co\/digital\/wp-content\/uploads\/2022\/03\/a-capitular.png\" alt=\"a capitular\" width=\"57\" height=\"57\" \/>\u00a0trav\u00e9s de diversas capacitaciones dirigidas a sus trabajadores, el <strong>Hospital Materno infantil de Soledad<\/strong>, conmemora la <strong>Semana Mundial de la Salud Mental<\/strong>, enfatizando sobre la importancia que esta representa para la condici\u00f3n humana y el desarrollo estable de la sociedad.<\/p>\n<p>\u00abEl objetivo de estas capacitaciones a nuestro personal es la de brindar estrategias y herramientas, para que tengan un mayor grado de control sobre su salud mental, sus emociones, resoluci\u00f3n de conflictos y bienestar, a su vez fomentar una cultura preventiva de los trastornos mentales, fortaleciendo el apoyo psicosocial en la empresa, expres\u00f3<strong> Juan S\u00e1nchez P\u00e1ez, gerente del Hospital Materno Infantil.<\/strong><\/p>\n<p>Durante toda la semana el personal que hace parte del <strong>Sistema de Garant\u00eda y Seguridad en el Trabajo<\/strong> de la instituci\u00f3n, desarrollar\u00e1 diversas actividades encaminadas al manejo de las emociones, autocontrol y autoestima del individuo, para un mejor rendimiento laboral y \u00f3ptimo nivel de interacci\u00f3n social.<\/p>\n<p>De la misma manera los diversos programas y actividades que maneja la instituci\u00f3n, a trav\u00e9s de la promoci\u00f3n y mantenimiento de la salud y del<strong> Plan de Intervenciones Colectivas PIC<\/strong>, contin\u00faan brindando acompa\u00f1amiento en los temas de salud mental para los usuarios con permanente\u00a0 orientaci\u00f3n y la oportuna activaci\u00f3n de la ruta de atenci\u00f3n.<\/p>\n","protected":false},"excerpt":{"rendered":"<p>A trav\u00e9s de diversas capacitaciones dirigidas a sus trabajadores, el Hospital Materno infantil de Soledad, conmemora la Semana Mundial de la Salud Mental, enfatizando sobre la importancia que esta representa para la condici\u00f3n humana y el desarrollo estable de la sociedad.<\/p>\n","protected":false},"author":1,"featured_media":11917,"comment_status":"open","ping_status":"open","sticky":false,"template":"","format":"standard","meta":{"footnotes":""},"categories":[3840,23,25],"tags":[1338,3116,2041,4744,7475,7476],"class_list":["post-11908","post","type-post","status-publish","format-standard","has-post-thumbnail","hentry","category-cursos-y-capacitaciones","category-locales","category-salud","tag-ese-hospital-materno-infantil-de-soledad","tag-gerente-del-hospital-materno-infantil","tag-juan-sanchez-paez","tag-plan-de-intervenciones-colectivas-pic","tag-semana-mundial-de-la-salud-mental","tag-sistema-de-garantia-y-seguridad-en-el-trabajo"],"yoast_head":"<!-- This site is optimized with the Yoast SEO plugin v27.7 - https:\/\/yoast.com\/product\/yoast-seo-wordpress\/ -->\n<title>Con capacitaciones a sus trabajadores Hospital Materno Infantil de Soledad conmemora Semana de la Salud Mental - Constrastes<\/title>\n<meta name=\"description\" content=\"A trav\u00e9s de diversas capacitaciones dirigidas a sus trabajadores, el Hospital Materno infantil de Soledad, conmemora la Semana Mundial de la Salud Mental, enfatizando sobre la importancia que esta representa para la condici\u00f3n humana y el desarrollo estable de la sociedad.\" \/>\n<meta name=\"robots\" content=\"index, follow, max-snippet:-1, max-image-preview:large, max-video-preview:-1\" \/>\n<link rel=\"canonical\" href=\"https:\/\/contrastes.com.co\/web\/2022\/10\/12\/con-capacitaciones-a-sus-trabajadores-hospital-materno-infantil-de-soledad-conmemora-semana-de-la-salud-mental\/\" \/>\n<meta property=\"og:locale\" content=\"es_ES\" \/>\n<meta property=\"og:type\" content=\"article\" \/>\n<meta property=\"og:title\" content=\"Con capacitaciones a sus trabajadores Hospital Materno Infantil de Soledad conmemora Semana de la Salud Mental - Constrastes\" \/>\n<meta property=\"og:description\" content=\"A trav\u00e9s de diversas capacitaciones dirigidas a sus trabajadores, el Hospital Materno infantil de Soledad, conmemora la Semana Mundial de la Salud Mental, enfatizando sobre la importancia que esta representa para la condici\u00f3n humana y el desarrollo estable de la sociedad.\" \/>\n<meta property=\"og:url\" content=\"https:\/\/contrastes.com.co\/web\/2022\/10\/12\/con-capacitaciones-a-sus-trabajadores-hospital-materno-infantil-de-soledad-conmemora-semana-de-la-salud-mental\/\" \/>\n<meta property=\"og:site_name\" content=\"Constrastes\" \/>\n<meta property=\"article:publisher\" content=\"https:\/\/www.facebook.com\/guillo.pantoja.1\" \/>\n<meta property=\"article:published_time\" content=\"2022-10-12T14:13:26+00:00\" \/>\n<meta name=\"author\" content=\"Editor\" \/>\n<meta name=\"twitter:card\" content=\"summary_large_image\" \/>\n<meta name=\"twitter:label1\" content=\"Escrito por\" \/>\n\t<meta name=\"twitter:data1\" content=\"Editor\" \/>\n\t<meta name=\"twitter:label2\" content=\"Tiempo de lectura\" \/>\n\t<meta name=\"twitter:data2\" content=\"1 minuto\" \/>\n<script type=\"application\/ld+json\" class=\"yoast-schema-graph\">{\"@context\":\"https:\\\/\\\/schema.org\",\"@graph\":[{\"@type\":\"Article\",\"@id\":\"https:\\\/\\\/contrastes.com.co\\\/web\\\/2022\\\/10\\\/12\\\/con-capacitaciones-a-sus-trabajadores-hospital-materno-infantil-de-soledad-conmemora-semana-de-la-salud-mental\\\/#article\",\"isPartOf\":{\"@id\":\"https:\\\/\\\/contrastes.com.co\\\/web\\\/2022\\\/10\\\/12\\\/con-capacitaciones-a-sus-trabajadores-hospital-materno-infantil-de-soledad-conmemora-semana-de-la-salud-mental\\\/\"},\"author\":{\"name\":\"Editor\",\"@id\":\"https:\\\/\\\/contrastes.com.co\\\/web\\\/#\\\/schema\\\/person\\\/62ef7a62dc4da6de450c71fc2e95ed02\"},\"headline\":\"Con capacitaciones a sus trabajadores Hospital Materno Infantil de Soledad conmemora Semana de la Salud Mental\",\"datePublished\":\"2022-10-12T14:13:26+00:00\",\"mainEntityOfPage\":{\"@id\":\"https:\\\/\\\/contrastes.com.co\\\/web\\\/2022\\\/10\\\/12\\\/con-capacitaciones-a-sus-trabajadores-hospital-materno-infantil-de-soledad-conmemora-semana-de-la-salud-mental\\\/\"},\"wordCount\":312,\"commentCount\":0,\"publisher\":{\"@id\":\"https:\\\/\\\/contrastes.com.co\\\/web\\\/#organization\"},\"image\":{\"@id\":\"https:\\\/\\\/contrastes.com.co\\\/web\\\/2022\\\/10\\\/12\\\/con-capacitaciones-a-sus-trabajadores-hospital-materno-infantil-de-soledad-conmemora-semana-de-la-salud-mental\\\/#primaryimage\"},\"thumbnailUrl\":\"\",\"keywords\":[\"ESE Hospital Materno Infantil de Soledad\",\"gerente del Hospital Materno Infantil\",\"Juan S\u00e1nchez P\u00e1ez\",\"Plan de Intervenciones Colectivas PIC\",\"Semana Mundial de la Salud Mental\",\"Sistema de Garant\u00eda y Seguridad en el Trabajo\"],\"articleSection\":[\"Cursos y capacitaciones\",\"Locales\",\"Salud\"],\"inLanguage\":\"es\",\"potentialAction\":[{\"@type\":\"CommentAction\",\"name\":\"Comment\",\"target\":[\"https:\\\/\\\/contrastes.com.co\\\/web\\\/2022\\\/10\\\/12\\\/con-capacitaciones-a-sus-trabajadores-hospital-materno-infantil-de-soledad-conmemora-semana-de-la-salud-mental\\\/#respond\"]}]},{\"@type\":\"WebPage\",\"@id\":\"https:\\\/\\\/contrastes.com.co\\\/web\\\/2022\\\/10\\\/12\\\/con-capacitaciones-a-sus-trabajadores-hospital-materno-infantil-de-soledad-conmemora-semana-de-la-salud-mental\\\/\",\"url\":\"https:\\\/\\\/contrastes.com.co\\\/web\\\/2022\\\/10\\\/12\\\/con-capacitaciones-a-sus-trabajadores-hospital-materno-infantil-de-soledad-conmemora-semana-de-la-salud-mental\\\/\",\"name\":\"Con capacitaciones a sus trabajadores Hospital Materno Infantil de Soledad conmemora Semana de la Salud Mental - Constrastes\",\"isPartOf\":{\"@id\":\"https:\\\/\\\/contrastes.com.co\\\/web\\\/#website\"},\"primaryImageOfPage\":{\"@id\":\"https:\\\/\\\/contrastes.com.co\\\/web\\\/2022\\\/10\\\/12\\\/con-capacitaciones-a-sus-trabajadores-hospital-materno-infantil-de-soledad-conmemora-semana-de-la-salud-mental\\\/#primaryimage\"},\"image\":{\"@id\":\"https:\\\/\\\/contrastes.com.co\\\/web\\\/2022\\\/10\\\/12\\\/con-capacitaciones-a-sus-trabajadores-hospital-materno-infantil-de-soledad-conmemora-semana-de-la-salud-mental\\\/#primaryimage\"},\"thumbnailUrl\":\"\",\"datePublished\":\"2022-10-12T14:13:26+00:00\",\"description\":\"A trav\u00e9s de diversas capacitaciones dirigidas a sus trabajadores, el Hospital Materno infantil de Soledad, conmemora la Semana Mundial de la Salud Mental, enfatizando sobre la importancia que esta representa para la condici\u00f3n humana y el desarrollo estable de la sociedad.\",\"breadcrumb\":{\"@id\":\"https:\\\/\\\/contrastes.com.co\\\/web\\\/2022\\\/10\\\/12\\\/con-capacitaciones-a-sus-trabajadores-hospital-materno-infantil-de-soledad-conmemora-semana-de-la-salud-mental\\\/#breadcrumb\"},\"inLanguage\":\"es\",\"potentialAction\":[{\"@type\":\"ReadAction\",\"target\":[\"https:\\\/\\\/contrastes.com.co\\\/web\\\/2022\\\/10\\\/12\\\/con-capacitaciones-a-sus-trabajadores-hospital-materno-infantil-de-soledad-conmemora-semana-de-la-salud-mental\\\/\"]}]},{\"@type\":\"ImageObject\",\"inLanguage\":\"es\",\"@id\":\"https:\\\/\\\/contrastes.com.co\\\/web\\\/2022\\\/10\\\/12\\\/con-capacitaciones-a-sus-trabajadores-hospital-materno-infantil-de-soledad-conmemora-semana-de-la-salud-mental\\\/#primaryimage\",\"url\":\"\",\"contentUrl\":\"\"},{\"@type\":\"BreadcrumbList\",\"@id\":\"https:\\\/\\\/contrastes.com.co\\\/web\\\/2022\\\/10\\\/12\\\/con-capacitaciones-a-sus-trabajadores-hospital-materno-infantil-de-soledad-conmemora-semana-de-la-salud-mental\\\/#breadcrumb\",\"itemListElement\":[{\"@type\":\"ListItem\",\"position\":1,\"name\":\"Portada\",\"item\":\"https:\\\/\\\/contrastes.com.co\\\/web\\\/\"},{\"@type\":\"ListItem\",\"position\":2,\"name\":\"Con capacitaciones a sus trabajadores Hospital Materno Infantil de Soledad conmemora Semana de la Salud Mental\"}]},{\"@type\":\"WebSite\",\"@id\":\"https:\\\/\\\/contrastes.com.co\\\/web\\\/#website\",\"url\":\"https:\\\/\\\/contrastes.com.co\\\/web\\\/\",\"name\":\"Contrastes\",\"description\":\"Periodismo de Conciencia\",\"publisher\":{\"@id\":\"https:\\\/\\\/contrastes.com.co\\\/web\\\/#organization\"},\"potentialAction\":[{\"@type\":\"SearchAction\",\"target\":{\"@type\":\"EntryPoint\",\"urlTemplate\":\"https:\\\/\\\/contrastes.com.co\\\/web\\\/?s={search_term_string}\"},\"query-input\":{\"@type\":\"PropertyValueSpecification\",\"valueRequired\":true,\"valueName\":\"search_term_string\"}}],\"inLanguage\":\"es\"},{\"@type\":\"Organization\",\"@id\":\"https:\\\/\\\/contrastes.com.co\\\/web\\\/#organization\",\"name\":\"Contrastes\",\"url\":\"https:\\\/\\\/contrastes.com.co\\\/web\\\/\",\"logo\":{\"@type\":\"ImageObject\",\"inLanguage\":\"es\",\"@id\":\"https:\\\/\\\/contrastes.com.co\\\/web\\\/#\\\/schema\\\/logo\\\/image\\\/\",\"url\":\"https:\\\/\\\/contrastes.com.co\\\/web\\\/wp-content\\\/uploads\\\/2025\\\/04\\\/15CONTRASTES3.png\",\"contentUrl\":\"https:\\\/\\\/contrastes.com.co\\\/web\\\/wp-content\\\/uploads\\\/2025\\\/04\\\/15CONTRASTES3.png\",\"width\":1536,\"height\":231,\"caption\":\"Contrastes\"},\"image\":{\"@id\":\"https:\\\/\\\/contrastes.com.co\\\/web\\\/#\\\/schema\\\/logo\\\/image\\\/\"},\"sameAs\":[\"https:\\\/\\\/www.facebook.com\\\/guillo.pantoja.1\"]},{\"@type\":\"Person\",\"@id\":\"https:\\\/\\\/contrastes.com.co\\\/web\\\/#\\\/schema\\\/person\\\/62ef7a62dc4da6de450c71fc2e95ed02\",\"name\":\"Editor\",\"image\":{\"@type\":\"ImageObject\",\"inLanguage\":\"es\",\"@id\":\"https:\\\/\\\/secure.gravatar.com\\\/avatar\\\/7bbb4f718d74bbf600dc556253bb04fd7ac8593751d6e2e3b85432d98aefae80?s=96&d=mm&r=g\",\"url\":\"https:\\\/\\\/secure.gravatar.com\\\/avatar\\\/7bbb4f718d74bbf600dc556253bb04fd7ac8593751d6e2e3b85432d98aefae80?s=96&d=mm&r=g\",\"contentUrl\":\"https:\\\/\\\/secure.gravatar.com\\\/avatar\\\/7bbb4f718d74bbf600dc556253bb04fd7ac8593751d6e2e3b85432d98aefae80?s=96&d=mm&r=g\",\"caption\":\"Editor\"},\"sameAs\":[\"https:\\\/\\\/contrastes.com.co\\\/web\"],\"url\":\"https:\\\/\\\/contrastes.com.co\\\/web\\\/author\\\/jdbobadilla\\\/\"}]}<\/script>\n<!-- \/ Yoast SEO plugin. -->","yoast_head_json":{"title":"Con capacitaciones a sus trabajadores Hospital Materno Infantil de Soledad conmemora Semana de la Salud Mental - Constrastes","description":"A trav\u00e9s de diversas capacitaciones dirigidas a sus trabajadores, el Hospital Materno infantil de Soledad, conmemora la Semana Mundial de la Salud Mental, enfatizando sobre la importancia que esta representa para la condici\u00f3n humana y el desarrollo estable de la sociedad.","robots":{"index":"index","follow":"follow","max-snippet":"max-snippet:-1","max-image-preview":"max-image-preview:large","max-video-preview":"max-video-preview:-1"},"canonical":"https:\/\/contrastes.com.co\/web\/2022\/10\/12\/con-capacitaciones-a-sus-trabajadores-hospital-materno-infantil-de-soledad-conmemora-semana-de-la-salud-mental\/","og_locale":"es_ES","og_type":"article","og_title":"Con capacitaciones a sus trabajadores Hospital Materno Infantil de Soledad conmemora Semana de la Salud Mental - Constrastes","og_description":"A trav\u00e9s de diversas capacitaciones dirigidas a sus trabajadores, el Hospital Materno infantil de Soledad, conmemora la Semana Mundial de la Salud Mental, enfatizando sobre la importancia que esta representa para la condici\u00f3n humana y el desarrollo estable de la sociedad.","og_url":"https:\/\/contrastes.com.co\/web\/2022\/10\/12\/con-capacitaciones-a-sus-trabajadores-hospital-materno-infantil-de-soledad-conmemora-semana-de-la-salud-mental\/","og_site_name":"Constrastes","article_publisher":"https:\/\/www.facebook.com\/guillo.pantoja.1","article_published_time":"2022-10-12T14:13:26+00:00","author":"Editor","twitter_card":"summary_large_image","twitter_misc":{"Escrito por":"Editor","Tiempo de lectura":"1 minuto"},"schema":{"@context":"https:\/\/schema.org","@graph":[{"@type":"Article","@id":"https:\/\/contrastes.com.co\/web\/2022\/10\/12\/con-capacitaciones-a-sus-trabajadores-hospital-materno-infantil-de-soledad-conmemora-semana-de-la-salud-mental\/#article","isPartOf":{"@id":"https:\/\/contrastes.com.co\/web\/2022\/10\/12\/con-capacitaciones-a-sus-trabajadores-hospital-materno-infantil-de-soledad-conmemora-semana-de-la-salud-mental\/"},"author":{"name":"Editor","@id":"https:\/\/contrastes.com.co\/web\/#\/schema\/person\/62ef7a62dc4da6de450c71fc2e95ed02"},"headline":"Con capacitaciones a sus trabajadores Hospital Materno Infantil de Soledad conmemora Semana de la Salud Mental","datePublished":"2022-10-12T14:13:26+00:00","mainEntityOfPage":{"@id":"https:\/\/contrastes.com.co\/web\/2022\/10\/12\/con-capacitaciones-a-sus-trabajadores-hospital-materno-infantil-de-soledad-conmemora-semana-de-la-salud-mental\/"},"wordCount":312,"commentCount":0,"publisher":{"@id":"https:\/\/contrastes.com.co\/web\/#organization"},"image":{"@id":"https:\/\/contrastes.com.co\/web\/2022\/10\/12\/con-capacitaciones-a-sus-trabajadores-hospital-materno-infantil-de-soledad-conmemora-semana-de-la-salud-mental\/#primaryimage"},"thumbnailUrl":"","keywords":["ESE Hospital Materno Infantil de Soledad","gerente del Hospital Materno Infantil","Juan S\u00e1nchez P\u00e1ez","Plan de Intervenciones Colectivas PIC","Semana Mundial de la Salud Mental","Sistema de Garant\u00eda y Seguridad en el Trabajo"],"articleSection":["Cursos y capacitaciones","Locales","Salud"],"inLanguage":"es","potentialAction":[{"@type":"CommentAction","name":"Comment","target":["https:\/\/contrastes.com.co\/web\/2022\/10\/12\/con-capacitaciones-a-sus-trabajadores-hospital-materno-infantil-de-soledad-conmemora-semana-de-la-salud-mental\/#respond"]}]},{"@type":"WebPage","@id":"https:\/\/contrastes.com.co\/web\/2022\/10\/12\/con-capacitaciones-a-sus-trabajadores-hospital-materno-infantil-de-soledad-conmemora-semana-de-la-salud-mental\/","url":"https:\/\/contrastes.com.co\/web\/2022\/10\/12\/con-capacitaciones-a-sus-trabajadores-hospital-materno-infantil-de-soledad-conmemora-semana-de-la-salud-mental\/","name":"Con capacitaciones a sus trabajadores Hospital Materno Infantil de Soledad conmemora Semana de la Salud Mental - Constrastes","isPartOf":{"@id":"https:\/\/contrastes.com.co\/web\/#website"},"primaryImageOfPage":{"@id":"https:\/\/contrastes.com.co\/web\/2022\/10\/12\/con-capacitaciones-a-sus-trabajadores-hospital-materno-infantil-de-soledad-conmemora-semana-de-la-salud-mental\/#primaryimage"},"image":{"@id":"https:\/\/contrastes.com.co\/web\/2022\/10\/12\/con-capacitaciones-a-sus-trabajadores-hospital-materno-infantil-de-soledad-conmemora-semana-de-la-salud-mental\/#primaryimage"},"thumbnailUrl":"","datePublished":"2022-10-12T14:13:26+00:00","description":"A trav\u00e9s de diversas capacitaciones dirigidas a sus trabajadores, el Hospital Materno infantil de Soledad, conmemora la Semana Mundial de la Salud Mental, enfatizando sobre la importancia que esta representa para la condici\u00f3n humana y el desarrollo estable de la sociedad.","breadcrumb":{"@id":"https:\/\/contrastes.com.co\/web\/2022\/10\/12\/con-capacitaciones-a-sus-trabajadores-hospital-materno-infantil-de-soledad-conmemora-semana-de-la-salud-mental\/#breadcrumb"},"inLanguage":"es","potentialAction":[{"@type":"ReadAction","target":["https:\/\/contrastes.com.co\/web\/2022\/10\/12\/con-capacitaciones-a-sus-trabajadores-hospital-materno-infantil-de-soledad-conmemora-semana-de-la-salud-mental\/"]}]},{"@type":"ImageObject","inLanguage":"es","@id":"https:\/\/contrastes.com.co\/web\/2022\/10\/12\/con-capacitaciones-a-sus-trabajadores-hospital-materno-infantil-de-soledad-conmemora-semana-de-la-salud-mental\/#primaryimage","url":"","contentUrl":""},{"@type":"BreadcrumbList","@id":"https:\/\/contrastes.com.co\/web\/2022\/10\/12\/con-capacitaciones-a-sus-trabajadores-hospital-materno-infantil-de-soledad-conmemora-semana-de-la-salud-mental\/#breadcrumb","itemListElement":[{"@type":"ListItem","position":1,"name":"Portada","item":"https:\/\/contrastes.com.co\/web\/"},{"@type":"ListItem","position":2,"name":"Con capacitaciones a sus trabajadores Hospital Materno Infantil de Soledad conmemora Semana de la Salud Mental"}]},{"@type":"WebSite","@id":"https:\/\/contrastes.com.co\/web\/#website","url":"https:\/\/contrastes.com.co\/web\/","name":"Contrastes","description":"Periodismo de Conciencia","publisher":{"@id":"https:\/\/contrastes.com.co\/web\/#organization"},"potentialAction":[{"@type":"SearchAction","target":{"@type":"EntryPoint","urlTemplate":"https:\/\/contrastes.com.co\/web\/?s={search_term_string}"},"query-input":{"@type":"PropertyValueSpecification","valueRequired":true,"valueName":"search_term_string"}}],"inLanguage":"es"},{"@type":"Organization","@id":"https:\/\/contrastes.com.co\/web\/#organization","name":"Contrastes","url":"https:\/\/contrastes.com.co\/web\/","logo":{"@type":"ImageObject","inLanguage":"es","@id":"https:\/\/contrastes.com.co\/web\/#\/schema\/logo\/image\/","url":"https:\/\/contrastes.com.co\/web\/wp-content\/uploads\/2025\/04\/15CONTRASTES3.png","contentUrl":"https:\/\/contrastes.com.co\/web\/wp-content\/uploads\/2025\/04\/15CONTRASTES3.png","width":1536,"height":231,"caption":"Contrastes"},"image":{"@id":"https:\/\/contrastes.com.co\/web\/#\/schema\/logo\/image\/"},"sameAs":["https:\/\/www.facebook.com\/guillo.pantoja.1"]},{"@type":"Person","@id":"https:\/\/contrastes.com.co\/web\/#\/schema\/person\/62ef7a62dc4da6de450c71fc2e95ed02","name":"Editor","image":{"@type":"ImageObject","inLanguage":"es","@id":"https:\/\/secure.gravatar.com\/avatar\/7bbb4f718d74bbf600dc556253bb04fd7ac8593751d6e2e3b85432d98aefae80?s=96&d=mm&r=g","url":"https:\/\/secure.gravatar.com\/avatar\/7bbb4f718d74bbf600dc556253bb04fd7ac8593751d6e2e3b85432d98aefae80?s=96&d=mm&r=g","contentUrl":"https:\/\/secure.gravatar.com\/avatar\/7bbb4f718d74bbf600dc556253bb04fd7ac8593751d6e2e3b85432d98aefae80?s=96&d=mm&r=g","caption":"Editor"},"sameAs":["https:\/\/contrastes.com.co\/web"],"url":"https:\/\/contrastes.com.co\/web\/author\/jdbobadilla\/"}]}},"blog_post_layout_featured_media_urls":{"thumbnail":"","full":""},"categories_names":{"3840":{"name":"Cursos y capacitaciones","link":"https:\/\/contrastes.com.co\/web\/category\/cursos-y-capacitaciones\/"},"23":{"name":"Locales","link":"https:\/\/contrastes.com.co\/web\/category\/locales\/"},"25":{"name":"Salud","link":"https:\/\/contrastes.com.co\/web\/category\/salud\/"}},"tags_names":{"1338":{"name":"ESE Hospital Materno Infantil de Soledad","link":"https:\/\/contrastes.com.co\/web\/tag\/ese-hospital-materno-infantil-de-soledad\/"},"3116":{"name":"gerente del Hospital Materno Infantil","link":"https:\/\/contrastes.com.co\/web\/tag\/gerente-del-hospital-materno-infantil\/"},"2041":{"name":"Juan S\u00e1nchez P\u00e1ez","link":"https:\/\/contrastes.com.co\/web\/tag\/juan-sanchez-paez\/"},"4744":{"name":"Plan de Intervenciones Colectivas PIC","link":"https:\/\/contrastes.com.co\/web\/tag\/plan-de-intervenciones-colectivas-pic\/"},"7475":{"name":"Semana Mundial de la Salud Mental","link":"https:\/\/contrastes.com.co\/web\/tag\/semana-mundial-de-la-salud-mental\/"},"7476":{"name":"Sistema de Garant\u00eda y Seguridad en el Trabajo","link":"https:\/\/contrastes.com.co\/web\/tag\/sistema-de-garantia-y-seguridad-en-el-trabajo\/"}},"comments_number":"0","wpmagazine_modules_lite_featured_media_urls":{"thumbnail":"","cvmm-medium":"","cvmm-medium-plus":"","cvmm-portrait":"","cvmm-medium-square":"","cvmm-large":"","cvmm-small":"","full":""},"_links":{"self":[{"href":"https:\/\/contrastes.com.co\/web\/wp-json\/wp\/v2\/posts\/11908","targetHints":{"allow":["GET"]}}],"collection":[{"href":"https:\/\/contrastes.com.co\/web\/wp-json\/wp\/v2\/posts"}],"about":[{"href":"https:\/\/contrastes.com.co\/web\/wp-json\/wp\/v2\/types\/post"}],"author":[{"embeddable":true,"href":"https:\/\/contrastes.com.co\/web\/wp-json\/wp\/v2\/users\/1"}],"replies":[{"embeddable":true,"href":"https:\/\/contrastes.com.co\/web\/wp-json\/wp\/v2\/comments?post=11908"}],"version-history":[{"count":0,"href":"https:\/\/contrastes.com.co\/web\/wp-json\/wp\/v2\/posts\/11908\/revisions"}],"wp:attachment":[{"href":"https:\/\/contrastes.com.co\/web\/wp-json\/wp\/v2\/media?parent=11908"}],"wp:term":[{"taxonomy":"category","embeddable":true,"href":"https:\/\/contrastes.com.co\/web\/wp-json\/wp\/v2\/categories?post=11908"},{"taxonomy":"post_tag","embeddable":true,"href":"https:\/\/contrastes.com.co\/web\/wp-json\/wp\/v2\/tags?post=11908"}],"curies":[{"name":"wp","href":"https:\/\/api.w.org\/{rel}","templated":true}]}}