{"id":1203,"date":"2020-05-31T20:59:53","date_gmt":"2020-06-01T01:59:53","guid":{"rendered":"https:\/\/contrastes.com.co\/digital\/?p=1203"},"modified":"2020-05-31T20:59:53","modified_gmt":"2020-06-01T01:59:53","slug":"una-ley-para-proteger-a-los-menores-del-tabaquismo-opinion","status":"publish","type":"post","link":"https:\/\/contrastes.com.co\/web\/2020\/05\/31\/una-ley-para-proteger-a-los-menores-del-tabaquismo-opinion\/","title":{"rendered":"Una ley para proteger a los menores del tabaquismo (Opini\u00f3n)"},"content":{"rendered":"<blockquote><p><strong>Aunque no existen estudios que confirmen una relaci\u00f3n entre el uso de cigarrillos electr\u00f3nicos y la Covid-19, los reportes muestran que pacientes con Coronavirus, que fueron fumadores o que utilizaron vapeadores, han presentado s\u00edntomas m\u00e1s severos que personas no fumadoras. <\/strong><\/p><\/blockquote>\n<p><img decoding=\"async\" class=\"alignleft size-full wp-image-914\" src=\"https:\/\/contrastes.com.co\/digital\/wp-content\/uploads\/2020\/05\/name-cardozo.png\" alt=\"name cardozo\" width=\"200\" height=\"193\" \/><\/p>\n<p><strong>Por Jos\u00e9 David Name Cardozo (*)<\/strong><\/p>\n<p><img decoding=\"async\" class=\"alignleft  wp-image-641\" src=\"https:\/\/contrastes.com.co\/digital\/wp-content\/uploads\/2020\/04\/u-capitular.png\" alt=\"u capitular\" width=\"72\" height=\"72\" \/>na de las pr\u00e1cticas que m\u00e1s grandes riesgos puede generar en medio de esta pandemia es la de fumar o vapear, no solo por lo exponencialmente da\u00f1ina que pueda ser esta actividad para la salud debido al deterioro que ocasiona en la funci\u00f3n pulmonar, sino tambi\u00e9n por el movimiento repetitivo de la mano hac\u00eda la boca, que se realiza en el acto de fumar, lo que aumenta la posibilidad de contraer el virus.<\/p>\n<p>Aunque no existen estudios que confirmen una relaci\u00f3n entre el uso de cigarrillos electr\u00f3nicos y la Covid-19, los reportes muestran que pacientes con Coronavirus, que fueron fumadores o que utilizaron vapeadores, han presentado s\u00edntomas m\u00e1s severos que personas no fumadoras. Esta informaci\u00f3n la refuerza la Organizaci\u00f3n Mundial de la Salud (OMS) cuando dice que: \u201cLos datos de investigaci\u00f3n disponibles hasta la fecha parecen indicar que los fumadores tienen un mayor riesgo de desarrollar s\u00edntomas graves y de fallecer a causa de la Covid-19\u201d.<\/p>\n<p>Hoy en la celebraci\u00f3n del D\u00eda Mundial sin Tabaco es m\u00e1s que oportuno traer a contexto, el proyecto de ley 218\/2019 C\u00e1mara, que estamos promoviendo en el Congreso de la Rep\u00fablica para regular el uso y la comercializaci\u00f3n de cigarrillos electr\u00f3nicos y vapeadores en el pa\u00eds. Con esta iniciativa, buscamos proteger a los ni\u00f1os, ni\u00f1as y adolescentes, estableciendo la prohibici\u00f3n de venta directa o indirecta de productos de tabaco y sus derivados en cualquiera de sus presentaciones (SEAN\/SSSN) a menores de edad.<\/p>\n<p>Hace once a\u00f1os logramos realizar, despu\u00e9s de muchos obst\u00e1culos, un gran aporte a la calidad de vida de los colombianos, con la aprobaci\u00f3n de la Ley Antitabaco (1335 de 2009), en la que incorporamos entre otras cosas, los espacios libres de humo de cigarrillo en el pa\u00eds, ubic\u00e1ndonos dentro del 22% de la poblaci\u00f3n mundial que se encuentra protegida por leyes nacionales integrales sobre espacios sin humo. Con el proyecto de ley 218 que se encuentra cursando su tercer debate en la Comisi\u00f3n S\u00e9ptima de la C\u00e1mara de Representantes, proponemos realizar una actualizaci\u00f3n a la Ley Antitabaco para que se sintonice a las nuevas necesidades que han surgido desde su expedici\u00f3n.<\/p>\n<p>Qu\u00e9 mejor manera de sumarnos a la campa\u00f1a mundial de la OMS por una generaci\u00f3n libre de tabaco que entreg\u00e1ndole a los colombianos normas claras para la protecci\u00f3n de nuestros menores de edad y de la poblaci\u00f3n no fumadora. No solo queremos evitar el incremento de enfermedades y adicciones, sino tambi\u00e9n ponerle freno a las t\u00e1cticas perversas y los falsos mitos que utiliza la industria para manipular a los menores frente el uso de cigarrillos electr\u00f3nicos y vapeadores.<\/p>\n<p>Al ser el Coronavirus una enfermedad infecciosa que afecta principalmente los pulmones, existe una alta probabilidad que los fumadores sean m\u00e1s vulnerables al contraer el virus, que los no fumadores, por eso resulta urgente que logremos la pronta reglamentaci\u00f3n de los cigarrillos electr\u00f3nicos y vapeadores, para proteger a nuestros menores de edad, quienes debido a la falta de regulaci\u00f3n, tienen un f\u00e1cil acceso a los dispositivos, a trav\u00e9s de plataformas de comercio electr\u00f3nico como Rappi, Uber Eats, Domicilios.com, entre otras.<\/p>\n<p>Confiamos en que esta semana, nuestro proyecto de ley concluya con \u00e9xito su debate en la Comisi\u00f3n S\u00e9ptima de C\u00e1mara, que se encuentra realizando una juiciosa discusi\u00f3n de cada de uno de los art\u00edculos. Estaremos atentos a los nuevos aportes y contribuciones incluidos por los Representantes en esta iniciativa para que entre todos podamos entregarle al pa\u00eds una ley que proteja a esta nueva generaci\u00f3n del tabaquismo.<\/p>\n<p>&nbsp;<\/p>\n<p><em><strong>(*) Senador de la Rep\u00fablica<\/strong><\/em><br \/>\n<em><strong>\u00a0 \u00a0 \u00a0Codirector del Partido de la U<\/strong><\/em><\/p>\n<p>&nbsp;<\/p>\n","protected":false},"excerpt":{"rendered":"<p>Aunque no existen estudios que confirmen una relaci\u00f3n entre el uso de cigarrillos electr\u00f3nicos y la Covid-19, los reportes muestran que pacientes con Coronavirus, que fueron fumadores o que utilizaron vapeadores, han presentado s\u00edntomas m\u00e1s severos que personas no fumadoras. Por Jos\u00e9 David Name Cardozo (*) na de las pr\u00e1cticas que m\u00e1s grandes riesgos puede [&hellip;]<\/p>\n","protected":false},"author":1,"featured_media":1204,"comment_status":"open","ping_status":"open","sticky":false,"template":"","format":"standard","meta":{"footnotes":""},"categories":[124,277,203,25],"tags":[472,473,221,296,474],"class_list":["post-1203","post","type-post","status-publish","format-standard","has-post-thumbnail","hentry","category-analisis","category-opinion","category-politica","category-salud","tag-antitabaquismo","tag-dia-mundial-sin-tabaco","tag-jose-david-name","tag-senador-de-la-republica","tag-tabaquismo"],"yoast_head":"<!-- This site is optimized with the Yoast SEO plugin v27.7 - https:\/\/yoast.com\/product\/yoast-seo-wordpress\/ -->\n<title>Una ley para proteger a los menores del tabaquismo (Opini\u00f3n) - Constrastes<\/title>\n<meta name=\"robots\" content=\"index, follow, max-snippet:-1, max-image-preview:large, max-video-preview:-1\" \/>\n<link rel=\"canonical\" href=\"https:\/\/contrastes.com.co\/web\/2020\/05\/31\/una-ley-para-proteger-a-los-menores-del-tabaquismo-opinion\/\" \/>\n<meta property=\"og:locale\" content=\"es_ES\" \/>\n<meta property=\"og:type\" content=\"article\" \/>\n<meta property=\"og:title\" content=\"Una ley para proteger a los menores del tabaquismo (Opini\u00f3n) - Constrastes\" \/>\n<meta property=\"og:description\" content=\"Aunque no existen estudios que confirmen una relaci\u00f3n entre el uso de cigarrillos electr\u00f3nicos y la Covid-19, los reportes muestran que pacientes con Coronavirus, que fueron fumadores o que utilizaron vapeadores, han presentado s\u00edntomas m\u00e1s severos que personas no fumadoras. Por Jos\u00e9 David Name Cardozo (*) na de las pr\u00e1cticas que m\u00e1s grandes riesgos puede [&hellip;]\" \/>\n<meta property=\"og:url\" content=\"https:\/\/contrastes.com.co\/web\/2020\/05\/31\/una-ley-para-proteger-a-los-menores-del-tabaquismo-opinion\/\" \/>\n<meta property=\"og:site_name\" content=\"Constrastes\" \/>\n<meta property=\"article:publisher\" content=\"https:\/\/www.facebook.com\/guillo.pantoja.1\" \/>\n<meta property=\"article:published_time\" content=\"2020-06-01T01:59:53+00:00\" \/>\n<meta name=\"author\" content=\"Editor\" \/>\n<meta name=\"twitter:card\" content=\"summary_large_image\" \/>\n<meta name=\"twitter:label1\" content=\"Escrito por\" \/>\n\t<meta name=\"twitter:data1\" content=\"Editor\" \/>\n\t<meta name=\"twitter:label2\" content=\"Tiempo de lectura\" \/>\n\t<meta name=\"twitter:data2\" content=\"3 minutos\" \/>\n<script type=\"application\/ld+json\" class=\"yoast-schema-graph\">{\"@context\":\"https:\\\/\\\/schema.org\",\"@graph\":[{\"@type\":\"Article\",\"@id\":\"https:\\\/\\\/contrastes.com.co\\\/web\\\/2020\\\/05\\\/31\\\/una-ley-para-proteger-a-los-menores-del-tabaquismo-opinion\\\/#article\",\"isPartOf\":{\"@id\":\"https:\\\/\\\/contrastes.com.co\\\/web\\\/2020\\\/05\\\/31\\\/una-ley-para-proteger-a-los-menores-del-tabaquismo-opinion\\\/\"},\"author\":{\"name\":\"Editor\",\"@id\":\"https:\\\/\\\/contrastes.com.co\\\/web\\\/#\\\/schema\\\/person\\\/62ef7a62dc4da6de450c71fc2e95ed02\"},\"headline\":\"Una ley para proteger a los menores del tabaquismo (Opini\u00f3n)\",\"datePublished\":\"2020-06-01T01:59:53+00:00\",\"mainEntityOfPage\":{\"@id\":\"https:\\\/\\\/contrastes.com.co\\\/web\\\/2020\\\/05\\\/31\\\/una-ley-para-proteger-a-los-menores-del-tabaquismo-opinion\\\/\"},\"wordCount\":703,\"commentCount\":0,\"publisher\":{\"@id\":\"https:\\\/\\\/contrastes.com.co\\\/web\\\/#organization\"},\"image\":{\"@id\":\"https:\\\/\\\/contrastes.com.co\\\/web\\\/2020\\\/05\\\/31\\\/una-ley-para-proteger-a-los-menores-del-tabaquismo-opinion\\\/#primaryimage\"},\"thumbnailUrl\":\"\",\"keywords\":[\"antitabaquismo\",\"D\u00eda Mundial Sin Tabaco\",\"Jos\u00e9 David Name\",\"Senador de la Rep\u00fablica\",\"tabaquismo\"],\"articleSection\":[\"An\u00e1lisis\",\"Opini\u00f3n\",\"Pol\u00edtica\",\"Salud\"],\"inLanguage\":\"es\",\"potentialAction\":[{\"@type\":\"CommentAction\",\"name\":\"Comment\",\"target\":[\"https:\\\/\\\/contrastes.com.co\\\/web\\\/2020\\\/05\\\/31\\\/una-ley-para-proteger-a-los-menores-del-tabaquismo-opinion\\\/#respond\"]}]},{\"@type\":\"WebPage\",\"@id\":\"https:\\\/\\\/contrastes.com.co\\\/web\\\/2020\\\/05\\\/31\\\/una-ley-para-proteger-a-los-menores-del-tabaquismo-opinion\\\/\",\"url\":\"https:\\\/\\\/contrastes.com.co\\\/web\\\/2020\\\/05\\\/31\\\/una-ley-para-proteger-a-los-menores-del-tabaquismo-opinion\\\/\",\"name\":\"Una ley para proteger a los menores del tabaquismo (Opini\u00f3n) - Constrastes\",\"isPartOf\":{\"@id\":\"https:\\\/\\\/contrastes.com.co\\\/web\\\/#website\"},\"primaryImageOfPage\":{\"@id\":\"https:\\\/\\\/contrastes.com.co\\\/web\\\/2020\\\/05\\\/31\\\/una-ley-para-proteger-a-los-menores-del-tabaquismo-opinion\\\/#primaryimage\"},\"image\":{\"@id\":\"https:\\\/\\\/contrastes.com.co\\\/web\\\/2020\\\/05\\\/31\\\/una-ley-para-proteger-a-los-menores-del-tabaquismo-opinion\\\/#primaryimage\"},\"thumbnailUrl\":\"\",\"datePublished\":\"2020-06-01T01:59:53+00:00\",\"breadcrumb\":{\"@id\":\"https:\\\/\\\/contrastes.com.co\\\/web\\\/2020\\\/05\\\/31\\\/una-ley-para-proteger-a-los-menores-del-tabaquismo-opinion\\\/#breadcrumb\"},\"inLanguage\":\"es\",\"potentialAction\":[{\"@type\":\"ReadAction\",\"target\":[\"https:\\\/\\\/contrastes.com.co\\\/web\\\/2020\\\/05\\\/31\\\/una-ley-para-proteger-a-los-menores-del-tabaquismo-opinion\\\/\"]}]},{\"@type\":\"ImageObject\",\"inLanguage\":\"es\",\"@id\":\"https:\\\/\\\/contrastes.com.co\\\/web\\\/2020\\\/05\\\/31\\\/una-ley-para-proteger-a-los-menores-del-tabaquismo-opinion\\\/#primaryimage\",\"url\":\"\",\"contentUrl\":\"\"},{\"@type\":\"BreadcrumbList\",\"@id\":\"https:\\\/\\\/contrastes.com.co\\\/web\\\/2020\\\/05\\\/31\\\/una-ley-para-proteger-a-los-menores-del-tabaquismo-opinion\\\/#breadcrumb\",\"itemListElement\":[{\"@type\":\"ListItem\",\"position\":1,\"name\":\"Portada\",\"item\":\"https:\\\/\\\/contrastes.com.co\\\/web\\\/\"},{\"@type\":\"ListItem\",\"position\":2,\"name\":\"Una ley para proteger a los menores del tabaquismo (Opini\u00f3n)\"}]},{\"@type\":\"WebSite\",\"@id\":\"https:\\\/\\\/contrastes.com.co\\\/web\\\/#website\",\"url\":\"https:\\\/\\\/contrastes.com.co\\\/web\\\/\",\"name\":\"Contrastes\",\"description\":\"Periodismo de Conciencia\",\"publisher\":{\"@id\":\"https:\\\/\\\/contrastes.com.co\\\/web\\\/#organization\"},\"potentialAction\":[{\"@type\":\"SearchAction\",\"target\":{\"@type\":\"EntryPoint\",\"urlTemplate\":\"https:\\\/\\\/contrastes.com.co\\\/web\\\/?s={search_term_string}\"},\"query-input\":{\"@type\":\"PropertyValueSpecification\",\"valueRequired\":true,\"valueName\":\"search_term_string\"}}],\"inLanguage\":\"es\"},{\"@type\":\"Organization\",\"@id\":\"https:\\\/\\\/contrastes.com.co\\\/web\\\/#organization\",\"name\":\"Contrastes\",\"url\":\"https:\\\/\\\/contrastes.com.co\\\/web\\\/\",\"logo\":{\"@type\":\"ImageObject\",\"inLanguage\":\"es\",\"@id\":\"https:\\\/\\\/contrastes.com.co\\\/web\\\/#\\\/schema\\\/logo\\\/image\\\/\",\"url\":\"https:\\\/\\\/contrastes.com.co\\\/web\\\/wp-content\\\/uploads\\\/2025\\\/04\\\/15CONTRASTES3.png\",\"contentUrl\":\"https:\\\/\\\/contrastes.com.co\\\/web\\\/wp-content\\\/uploads\\\/2025\\\/04\\\/15CONTRASTES3.png\",\"width\":1536,\"height\":231,\"caption\":\"Contrastes\"},\"image\":{\"@id\":\"https:\\\/\\\/contrastes.com.co\\\/web\\\/#\\\/schema\\\/logo\\\/image\\\/\"},\"sameAs\":[\"https:\\\/\\\/www.facebook.com\\\/guillo.pantoja.1\"]},{\"@type\":\"Person\",\"@id\":\"https:\\\/\\\/contrastes.com.co\\\/web\\\/#\\\/schema\\\/person\\\/62ef7a62dc4da6de450c71fc2e95ed02\",\"name\":\"Editor\",\"image\":{\"@type\":\"ImageObject\",\"inLanguage\":\"es\",\"@id\":\"https:\\\/\\\/secure.gravatar.com\\\/avatar\\\/7bbb4f718d74bbf600dc556253bb04fd7ac8593751d6e2e3b85432d98aefae80?s=96&d=mm&r=g\",\"url\":\"https:\\\/\\\/secure.gravatar.com\\\/avatar\\\/7bbb4f718d74bbf600dc556253bb04fd7ac8593751d6e2e3b85432d98aefae80?s=96&d=mm&r=g\",\"contentUrl\":\"https:\\\/\\\/secure.gravatar.com\\\/avatar\\\/7bbb4f718d74bbf600dc556253bb04fd7ac8593751d6e2e3b85432d98aefae80?s=96&d=mm&r=g\",\"caption\":\"Editor\"},\"sameAs\":[\"https:\\\/\\\/contrastes.com.co\\\/web\"],\"url\":\"https:\\\/\\\/contrastes.com.co\\\/web\\\/author\\\/jdbobadilla\\\/\"}]}<\/script>\n<!-- \/ Yoast SEO plugin. -->","yoast_head_json":{"title":"Una ley para proteger a los menores del tabaquismo (Opini\u00f3n) - Constrastes","robots":{"index":"index","follow":"follow","max-snippet":"max-snippet:-1","max-image-preview":"max-image-preview:large","max-video-preview":"max-video-preview:-1"},"canonical":"https:\/\/contrastes.com.co\/web\/2020\/05\/31\/una-ley-para-proteger-a-los-menores-del-tabaquismo-opinion\/","og_locale":"es_ES","og_type":"article","og_title":"Una ley para proteger a los menores del tabaquismo (Opini\u00f3n) - Constrastes","og_description":"Aunque no existen estudios que confirmen una relaci\u00f3n entre el uso de cigarrillos electr\u00f3nicos y la Covid-19, los reportes muestran que pacientes con Coronavirus, que fueron fumadores o que utilizaron vapeadores, han presentado s\u00edntomas m\u00e1s severos que personas no fumadoras. Por Jos\u00e9 David Name Cardozo (*) na de las pr\u00e1cticas que m\u00e1s grandes riesgos puede [&hellip;]","og_url":"https:\/\/contrastes.com.co\/web\/2020\/05\/31\/una-ley-para-proteger-a-los-menores-del-tabaquismo-opinion\/","og_site_name":"Constrastes","article_publisher":"https:\/\/www.facebook.com\/guillo.pantoja.1","article_published_time":"2020-06-01T01:59:53+00:00","author":"Editor","twitter_card":"summary_large_image","twitter_misc":{"Escrito por":"Editor","Tiempo de lectura":"3 minutos"},"schema":{"@context":"https:\/\/schema.org","@graph":[{"@type":"Article","@id":"https:\/\/contrastes.com.co\/web\/2020\/05\/31\/una-ley-para-proteger-a-los-menores-del-tabaquismo-opinion\/#article","isPartOf":{"@id":"https:\/\/contrastes.com.co\/web\/2020\/05\/31\/una-ley-para-proteger-a-los-menores-del-tabaquismo-opinion\/"},"author":{"name":"Editor","@id":"https:\/\/contrastes.com.co\/web\/#\/schema\/person\/62ef7a62dc4da6de450c71fc2e95ed02"},"headline":"Una ley para proteger a los menores del tabaquismo (Opini\u00f3n)","datePublished":"2020-06-01T01:59:53+00:00","mainEntityOfPage":{"@id":"https:\/\/contrastes.com.co\/web\/2020\/05\/31\/una-ley-para-proteger-a-los-menores-del-tabaquismo-opinion\/"},"wordCount":703,"commentCount":0,"publisher":{"@id":"https:\/\/contrastes.com.co\/web\/#organization"},"image":{"@id":"https:\/\/contrastes.com.co\/web\/2020\/05\/31\/una-ley-para-proteger-a-los-menores-del-tabaquismo-opinion\/#primaryimage"},"thumbnailUrl":"","keywords":["antitabaquismo","D\u00eda Mundial Sin Tabaco","Jos\u00e9 David Name","Senador de la Rep\u00fablica","tabaquismo"],"articleSection":["An\u00e1lisis","Opini\u00f3n","Pol\u00edtica","Salud"],"inLanguage":"es","potentialAction":[{"@type":"CommentAction","name":"Comment","target":["https:\/\/contrastes.com.co\/web\/2020\/05\/31\/una-ley-para-proteger-a-los-menores-del-tabaquismo-opinion\/#respond"]}]},{"@type":"WebPage","@id":"https:\/\/contrastes.com.co\/web\/2020\/05\/31\/una-ley-para-proteger-a-los-menores-del-tabaquismo-opinion\/","url":"https:\/\/contrastes.com.co\/web\/2020\/05\/31\/una-ley-para-proteger-a-los-menores-del-tabaquismo-opinion\/","name":"Una ley para proteger a los menores del tabaquismo (Opini\u00f3n) - Constrastes","isPartOf":{"@id":"https:\/\/contrastes.com.co\/web\/#website"},"primaryImageOfPage":{"@id":"https:\/\/contrastes.com.co\/web\/2020\/05\/31\/una-ley-para-proteger-a-los-menores-del-tabaquismo-opinion\/#primaryimage"},"image":{"@id":"https:\/\/contrastes.com.co\/web\/2020\/05\/31\/una-ley-para-proteger-a-los-menores-del-tabaquismo-opinion\/#primaryimage"},"thumbnailUrl":"","datePublished":"2020-06-01T01:59:53+00:00","breadcrumb":{"@id":"https:\/\/contrastes.com.co\/web\/2020\/05\/31\/una-ley-para-proteger-a-los-menores-del-tabaquismo-opinion\/#breadcrumb"},"inLanguage":"es","potentialAction":[{"@type":"ReadAction","target":["https:\/\/contrastes.com.co\/web\/2020\/05\/31\/una-ley-para-proteger-a-los-menores-del-tabaquismo-opinion\/"]}]},{"@type":"ImageObject","inLanguage":"es","@id":"https:\/\/contrastes.com.co\/web\/2020\/05\/31\/una-ley-para-proteger-a-los-menores-del-tabaquismo-opinion\/#primaryimage","url":"","contentUrl":""},{"@type":"BreadcrumbList","@id":"https:\/\/contrastes.com.co\/web\/2020\/05\/31\/una-ley-para-proteger-a-los-menores-del-tabaquismo-opinion\/#breadcrumb","itemListElement":[{"@type":"ListItem","position":1,"name":"Portada","item":"https:\/\/contrastes.com.co\/web\/"},{"@type":"ListItem","position":2,"name":"Una ley para proteger a los menores del tabaquismo (Opini\u00f3n)"}]},{"@type":"WebSite","@id":"https:\/\/contrastes.com.co\/web\/#website","url":"https:\/\/contrastes.com.co\/web\/","name":"Contrastes","description":"Periodismo de Conciencia","publisher":{"@id":"https:\/\/contrastes.com.co\/web\/#organization"},"potentialAction":[{"@type":"SearchAction","target":{"@type":"EntryPoint","urlTemplate":"https:\/\/contrastes.com.co\/web\/?s={search_term_string}"},"query-input":{"@type":"PropertyValueSpecification","valueRequired":true,"valueName":"search_term_string"}}],"inLanguage":"es"},{"@type":"Organization","@id":"https:\/\/contrastes.com.co\/web\/#organization","name":"Contrastes","url":"https:\/\/contrastes.com.co\/web\/","logo":{"@type":"ImageObject","inLanguage":"es","@id":"https:\/\/contrastes.com.co\/web\/#\/schema\/logo\/image\/","url":"https:\/\/contrastes.com.co\/web\/wp-content\/uploads\/2025\/04\/15CONTRASTES3.png","contentUrl":"https:\/\/contrastes.com.co\/web\/wp-content\/uploads\/2025\/04\/15CONTRASTES3.png","width":1536,"height":231,"caption":"Contrastes"},"image":{"@id":"https:\/\/contrastes.com.co\/web\/#\/schema\/logo\/image\/"},"sameAs":["https:\/\/www.facebook.com\/guillo.pantoja.1"]},{"@type":"Person","@id":"https:\/\/contrastes.com.co\/web\/#\/schema\/person\/62ef7a62dc4da6de450c71fc2e95ed02","name":"Editor","image":{"@type":"ImageObject","inLanguage":"es","@id":"https:\/\/secure.gravatar.com\/avatar\/7bbb4f718d74bbf600dc556253bb04fd7ac8593751d6e2e3b85432d98aefae80?s=96&d=mm&r=g","url":"https:\/\/secure.gravatar.com\/avatar\/7bbb4f718d74bbf600dc556253bb04fd7ac8593751d6e2e3b85432d98aefae80?s=96&d=mm&r=g","contentUrl":"https:\/\/secure.gravatar.com\/avatar\/7bbb4f718d74bbf600dc556253bb04fd7ac8593751d6e2e3b85432d98aefae80?s=96&d=mm&r=g","caption":"Editor"},"sameAs":["https:\/\/contrastes.com.co\/web"],"url":"https:\/\/contrastes.com.co\/web\/author\/jdbobadilla\/"}]}},"blog_post_layout_featured_media_urls":{"thumbnail":"","full":""},"categories_names":{"124":{"name":"An\u00e1lisis","link":"https:\/\/contrastes.com.co\/web\/category\/analisis\/"},"277":{"name":"Opini\u00f3n","link":"https:\/\/contrastes.com.co\/web\/category\/opinion\/"},"203":{"name":"Pol\u00edtica","link":"https:\/\/contrastes.com.co\/web\/category\/politica\/"},"25":{"name":"Salud","link":"https:\/\/contrastes.com.co\/web\/category\/salud\/"}},"tags_names":{"472":{"name":"antitabaquismo","link":"https:\/\/contrastes.com.co\/web\/tag\/antitabaquismo\/"},"473":{"name":"D\u00eda Mundial Sin Tabaco","link":"https:\/\/contrastes.com.co\/web\/tag\/dia-mundial-sin-tabaco\/"},"221":{"name":"Jos\u00e9 David Name","link":"https:\/\/contrastes.com.co\/web\/tag\/jose-david-name\/"},"296":{"name":"Senador de la Rep\u00fablica","link":"https:\/\/contrastes.com.co\/web\/tag\/senador-de-la-republica\/"},"474":{"name":"tabaquismo","link":"https:\/\/contrastes.com.co\/web\/tag\/tabaquismo\/"}},"comments_number":"0","wpmagazine_modules_lite_featured_media_urls":{"thumbnail":"","cvmm-medium":"","cvmm-medium-plus":"","cvmm-portrait":"","cvmm-medium-square":"","cvmm-large":"","cvmm-small":"","full":""},"_links":{"self":[{"href":"https:\/\/contrastes.com.co\/web\/wp-json\/wp\/v2\/posts\/1203","targetHints":{"allow":["GET"]}}],"collection":[{"href":"https:\/\/contrastes.com.co\/web\/wp-json\/wp\/v2\/posts"}],"about":[{"href":"https:\/\/contrastes.com.co\/web\/wp-json\/wp\/v2\/types\/post"}],"author":[{"embeddable":true,"href":"https:\/\/contrastes.com.co\/web\/wp-json\/wp\/v2\/users\/1"}],"replies":[{"embeddable":true,"href":"https:\/\/contrastes.com.co\/web\/wp-json\/wp\/v2\/comments?post=1203"}],"version-history":[{"count":0,"href":"https:\/\/contrastes.com.co\/web\/wp-json\/wp\/v2\/posts\/1203\/revisions"}],"wp:attachment":[{"href":"https:\/\/contrastes.com.co\/web\/wp-json\/wp\/v2\/media?parent=1203"}],"wp:term":[{"taxonomy":"category","embeddable":true,"href":"https:\/\/contrastes.com.co\/web\/wp-json\/wp\/v2\/categories?post=1203"},{"taxonomy":"post_tag","embeddable":true,"href":"https:\/\/contrastes.com.co\/web\/wp-json\/wp\/v2\/tags?post=1203"}],"curies":[{"name":"wp","href":"https:\/\/api.w.org\/{rel}","templated":true}]}}