{"id":12228,"date":"2022-11-08T19:09:23","date_gmt":"2022-11-09T00:09:23","guid":{"rendered":"https:\/\/contrastes.com.co\/digital\/?p=12228"},"modified":"2022-11-08T19:09:23","modified_gmt":"2022-11-09T00:09:23","slug":"atraco-en-el-centro-comercial-plaza-del-sol-dos-capturados-y-panico-general-en-el-lugar","status":"publish","type":"post","link":"https:\/\/contrastes.com.co\/web\/2022\/11\/08\/atraco-en-el-centro-comercial-plaza-del-sol-dos-capturados-y-panico-general-en-el-lugar\/","title":{"rendered":"Atraco en el Centro Comercial Plaza del Sol: Dos capturados y p\u00e1nico general en el lugar (VIDEO COMPLETO)"},"content":{"rendered":"<p><strong>*Atraco en el Centro Comercial Plaza del Sol: Dos capturados y p\u00e1nico general en el lugar.<\/strong><\/p>\n<blockquote><p><strong>Los ladrones, blandiendo sus armas, salieron del local en el que cometieron el il\u00edcito y a toda prisa bajaron por unas escaleras para tratar de alcanzar la calle y huir en unas motos que los esperaban en la parte externa del centro comercial. El hecho caus\u00f3 p\u00e1nico entre visitantes y trabajadores de otros locales comerciales.<\/strong><\/p><\/blockquote>\n<p><img decoding=\"async\" class=\"alignleft wp-image-8683\" src=\"https:\/\/contrastes.com.co\/digital\/wp-content\/uploads\/2022\/03\/a-capitular.png\" alt=\"a capitular\" width=\"62\" height=\"62\" \/> mano armada, tres antisociales procedieron a atracar a un local en el que funciona una sede Paga F\u00e1cil, corresponsal bancario de Bancolombia, ubicado en el segundo piso del centro comercial Plaza del Sol, en el barrio La Arboleda del municipio de Soledad; lo que r\u00e1pidamente caus\u00f3 revuelo en todo el centro comercial usualmente muy concurrido.<\/p>\n<p><iframe title=\"Atraco en el Centro Comercial Plaza del Sol: 2 capturados\" width=\"640\" height=\"360\" src=\"https:\/\/www.youtube.com\/embed\/sm9E8RsPKkg?feature=oembed\" frameborder=\"0\" allow=\"accelerometer; autoplay; clipboard-write; encrypted-media; gyroscope; picture-in-picture; web-share\" referrerpolicy=\"strict-origin-when-cross-origin\" allowfullscreen><\/iframe><\/p>\n<p>La informaci\u00f3n recopilada por la Polic\u00eda indica que los tres antisociales ingresaron al local y con arma en mano intimidaron a la cajera que atend\u00eda en ese momento para arrebatarle una fuerte suma de dinero.<\/p>\n<p>Los ladrones, blandiendo sus armas, salieron del local en el que cometieron el il\u00edcito y a toda prisa bajaron por unas escaleras para tratar de alcanzar la calle y huir en unas motos que los esperaban en la parte externa del centro comercial. El hecho caus\u00f3 p\u00e1nico entre visitantes y trabajadores de otros locales comerciales.<\/p>\n<p>La Polic\u00eda del cuadrante, en una r\u00e1pida reacci\u00f3n, logr\u00f3 capturar a dos de los presuntos ladrones cuando se daban a la huida por la Circunvalar, a la altura de la Escuela de la Polic\u00eda. Hasta el momento las autoridades no han precisado si el dinero fue recuperado o si logr\u00f3 llev\u00e1rselo el otro antisocial que huy\u00f3 en otra moto.<\/p>\n","protected":false},"excerpt":{"rendered":"<p>A mano armada, tres antisociales procedieron a atracar a un local en el que funciona una sede Paga F\u00e1cil, corresponsal bancario de Bancolombia, ubicado en el segundo piso del centro comercial Plaza del Sol, en el barrio La Arboleda del municipio de Soledad; lo que r\u00e1pidamente caus\u00f3 revuelo en todo el centro comercial usualmente muy concurrido.<\/p>\n","protected":false},"author":1,"featured_media":12229,"comment_status":"open","ping_status":"open","sticky":false,"template":"","format":"standard","meta":{"footnotes":""},"categories":[172,23,4940],"tags":[1488,7787,1665,7248,7788,51],"class_list":["post-12228","post","type-post","status-publish","format-standard","has-post-thumbnail","hentry","category-judicial","category-locales","category-television-web","tag-atraco","tag-atraco-a-mano-armada","tag-capturados","tag-centro-comercial-plaza-del-sol","tag-corresponsal-bancario","tag-municipio-de-soledad"],"yoast_head":"<!-- This site is optimized with the Yoast SEO plugin v27.7 - https:\/\/yoast.com\/product\/yoast-seo-wordpress\/ -->\n<title>Atraco en el Centro Comercial Plaza del Sol: Dos capturados y p\u00e1nico general en el lugar (VIDEO COMPLETO) - Constrastes<\/title>\n<meta name=\"description\" content=\"A mano armada, tres antisociales procedieron a atracar a un local en el que funciona una sede Paga F\u00e1cil, corresponsal bancario de Bancolombia, ubicado en el segundo piso del centro comercial Plaza del Sol, en el barrio La Arboleda del municipio de Soledad; lo que r\u00e1pidamente caus\u00f3 revuelo en todo el centro comercial usualmente muy concurrido.\" \/>\n<meta name=\"robots\" content=\"index, follow, max-snippet:-1, max-image-preview:large, max-video-preview:-1\" \/>\n<link rel=\"canonical\" href=\"https:\/\/contrastes.com.co\/web\/2022\/11\/08\/atraco-en-el-centro-comercial-plaza-del-sol-dos-capturados-y-panico-general-en-el-lugar\/\" \/>\n<meta property=\"og:locale\" content=\"es_ES\" \/>\n<meta property=\"og:type\" content=\"article\" \/>\n<meta property=\"og:title\" content=\"Atraco en el Centro Comercial Plaza del Sol: Dos capturados y p\u00e1nico general en el lugar (VIDEO COMPLETO) - Constrastes\" \/>\n<meta property=\"og:description\" content=\"A mano armada, tres antisociales procedieron a atracar a un local en el que funciona una sede Paga F\u00e1cil, corresponsal bancario de Bancolombia, ubicado en el segundo piso del centro comercial Plaza del Sol, en el barrio La Arboleda del municipio de Soledad; lo que r\u00e1pidamente caus\u00f3 revuelo en todo el centro comercial usualmente muy concurrido.\" \/>\n<meta property=\"og:url\" content=\"https:\/\/contrastes.com.co\/web\/2022\/11\/08\/atraco-en-el-centro-comercial-plaza-del-sol-dos-capturados-y-panico-general-en-el-lugar\/\" \/>\n<meta property=\"og:site_name\" content=\"Constrastes\" \/>\n<meta property=\"article:publisher\" content=\"https:\/\/www.facebook.com\/guillo.pantoja.1\" \/>\n<meta property=\"article:published_time\" content=\"2022-11-09T00:09:23+00:00\" \/>\n<meta name=\"author\" content=\"Editor\" \/>\n<meta name=\"twitter:card\" content=\"summary_large_image\" \/>\n<meta name=\"twitter:label1\" content=\"Escrito por\" \/>\n\t<meta name=\"twitter:data1\" content=\"Editor\" \/>\n\t<meta name=\"twitter:label2\" content=\"Tiempo de lectura\" \/>\n\t<meta name=\"twitter:data2\" content=\"2 minutos\" \/>\n<script type=\"application\/ld+json\" class=\"yoast-schema-graph\">{\"@context\":\"https:\\\/\\\/schema.org\",\"@graph\":[{\"@type\":\"Article\",\"@id\":\"https:\\\/\\\/contrastes.com.co\\\/web\\\/2022\\\/11\\\/08\\\/atraco-en-el-centro-comercial-plaza-del-sol-dos-capturados-y-panico-general-en-el-lugar\\\/#article\",\"isPartOf\":{\"@id\":\"https:\\\/\\\/contrastes.com.co\\\/web\\\/2022\\\/11\\\/08\\\/atraco-en-el-centro-comercial-plaza-del-sol-dos-capturados-y-panico-general-en-el-lugar\\\/\"},\"author\":{\"name\":\"Editor\",\"@id\":\"https:\\\/\\\/contrastes.com.co\\\/web\\\/#\\\/schema\\\/person\\\/62ef7a62dc4da6de450c71fc2e95ed02\"},\"headline\":\"Atraco en el Centro Comercial Plaza del Sol: Dos capturados y p\u00e1nico general en el lugar (VIDEO COMPLETO)\",\"datePublished\":\"2022-11-09T00:09:23+00:00\",\"mainEntityOfPage\":{\"@id\":\"https:\\\/\\\/contrastes.com.co\\\/web\\\/2022\\\/11\\\/08\\\/atraco-en-el-centro-comercial-plaza-del-sol-dos-capturados-y-panico-general-en-el-lugar\\\/\"},\"wordCount\":320,\"commentCount\":0,\"publisher\":{\"@id\":\"https:\\\/\\\/contrastes.com.co\\\/web\\\/#organization\"},\"image\":{\"@id\":\"https:\\\/\\\/contrastes.com.co\\\/web\\\/2022\\\/11\\\/08\\\/atraco-en-el-centro-comercial-plaza-del-sol-dos-capturados-y-panico-general-en-el-lugar\\\/#primaryimage\"},\"thumbnailUrl\":\"\",\"keywords\":[\"atraco\",\"atraco a mano armada\",\"capturados\",\"Centro Comercial Plaza del Sol\",\"corresponsal bancario\",\"municipio de soledad\"],\"articleSection\":[\"Judicial\",\"Locales\",\"Televisi\u00f3n-Web\"],\"inLanguage\":\"es\",\"potentialAction\":[{\"@type\":\"CommentAction\",\"name\":\"Comment\",\"target\":[\"https:\\\/\\\/contrastes.com.co\\\/web\\\/2022\\\/11\\\/08\\\/atraco-en-el-centro-comercial-plaza-del-sol-dos-capturados-y-panico-general-en-el-lugar\\\/#respond\"]}]},{\"@type\":\"WebPage\",\"@id\":\"https:\\\/\\\/contrastes.com.co\\\/web\\\/2022\\\/11\\\/08\\\/atraco-en-el-centro-comercial-plaza-del-sol-dos-capturados-y-panico-general-en-el-lugar\\\/\",\"url\":\"https:\\\/\\\/contrastes.com.co\\\/web\\\/2022\\\/11\\\/08\\\/atraco-en-el-centro-comercial-plaza-del-sol-dos-capturados-y-panico-general-en-el-lugar\\\/\",\"name\":\"Atraco en el Centro Comercial Plaza del Sol: Dos capturados y p\u00e1nico general en el lugar (VIDEO COMPLETO) - Constrastes\",\"isPartOf\":{\"@id\":\"https:\\\/\\\/contrastes.com.co\\\/web\\\/#website\"},\"primaryImageOfPage\":{\"@id\":\"https:\\\/\\\/contrastes.com.co\\\/web\\\/2022\\\/11\\\/08\\\/atraco-en-el-centro-comercial-plaza-del-sol-dos-capturados-y-panico-general-en-el-lugar\\\/#primaryimage\"},\"image\":{\"@id\":\"https:\\\/\\\/contrastes.com.co\\\/web\\\/2022\\\/11\\\/08\\\/atraco-en-el-centro-comercial-plaza-del-sol-dos-capturados-y-panico-general-en-el-lugar\\\/#primaryimage\"},\"thumbnailUrl\":\"\",\"datePublished\":\"2022-11-09T00:09:23+00:00\",\"description\":\"A mano armada, tres antisociales procedieron a atracar a un local en el que funciona una sede Paga F\u00e1cil, corresponsal bancario de Bancolombia, ubicado en el segundo piso del centro comercial Plaza del Sol, en el barrio La Arboleda del municipio de Soledad; lo que r\u00e1pidamente caus\u00f3 revuelo en todo el centro comercial usualmente muy concurrido.\",\"breadcrumb\":{\"@id\":\"https:\\\/\\\/contrastes.com.co\\\/web\\\/2022\\\/11\\\/08\\\/atraco-en-el-centro-comercial-plaza-del-sol-dos-capturados-y-panico-general-en-el-lugar\\\/#breadcrumb\"},\"inLanguage\":\"es\",\"potentialAction\":[{\"@type\":\"ReadAction\",\"target\":[\"https:\\\/\\\/contrastes.com.co\\\/web\\\/2022\\\/11\\\/08\\\/atraco-en-el-centro-comercial-plaza-del-sol-dos-capturados-y-panico-general-en-el-lugar\\\/\"]}]},{\"@type\":\"ImageObject\",\"inLanguage\":\"es\",\"@id\":\"https:\\\/\\\/contrastes.com.co\\\/web\\\/2022\\\/11\\\/08\\\/atraco-en-el-centro-comercial-plaza-del-sol-dos-capturados-y-panico-general-en-el-lugar\\\/#primaryimage\",\"url\":\"\",\"contentUrl\":\"\"},{\"@type\":\"BreadcrumbList\",\"@id\":\"https:\\\/\\\/contrastes.com.co\\\/web\\\/2022\\\/11\\\/08\\\/atraco-en-el-centro-comercial-plaza-del-sol-dos-capturados-y-panico-general-en-el-lugar\\\/#breadcrumb\",\"itemListElement\":[{\"@type\":\"ListItem\",\"position\":1,\"name\":\"Portada\",\"item\":\"https:\\\/\\\/contrastes.com.co\\\/web\\\/\"},{\"@type\":\"ListItem\",\"position\":2,\"name\":\"Atraco en el Centro Comercial Plaza del Sol: Dos capturados y p\u00e1nico general en el lugar (VIDEO COMPLETO)\"}]},{\"@type\":\"WebSite\",\"@id\":\"https:\\\/\\\/contrastes.com.co\\\/web\\\/#website\",\"url\":\"https:\\\/\\\/contrastes.com.co\\\/web\\\/\",\"name\":\"Contrastes\",\"description\":\"Periodismo de Conciencia\",\"publisher\":{\"@id\":\"https:\\\/\\\/contrastes.com.co\\\/web\\\/#organization\"},\"potentialAction\":[{\"@type\":\"SearchAction\",\"target\":{\"@type\":\"EntryPoint\",\"urlTemplate\":\"https:\\\/\\\/contrastes.com.co\\\/web\\\/?s={search_term_string}\"},\"query-input\":{\"@type\":\"PropertyValueSpecification\",\"valueRequired\":true,\"valueName\":\"search_term_string\"}}],\"inLanguage\":\"es\"},{\"@type\":\"Organization\",\"@id\":\"https:\\\/\\\/contrastes.com.co\\\/web\\\/#organization\",\"name\":\"Contrastes\",\"url\":\"https:\\\/\\\/contrastes.com.co\\\/web\\\/\",\"logo\":{\"@type\":\"ImageObject\",\"inLanguage\":\"es\",\"@id\":\"https:\\\/\\\/contrastes.com.co\\\/web\\\/#\\\/schema\\\/logo\\\/image\\\/\",\"url\":\"https:\\\/\\\/contrastes.com.co\\\/web\\\/wp-content\\\/uploads\\\/2025\\\/04\\\/15CONTRASTES3.png\",\"contentUrl\":\"https:\\\/\\\/contrastes.com.co\\\/web\\\/wp-content\\\/uploads\\\/2025\\\/04\\\/15CONTRASTES3.png\",\"width\":1536,\"height\":231,\"caption\":\"Contrastes\"},\"image\":{\"@id\":\"https:\\\/\\\/contrastes.com.co\\\/web\\\/#\\\/schema\\\/logo\\\/image\\\/\"},\"sameAs\":[\"https:\\\/\\\/www.facebook.com\\\/guillo.pantoja.1\"]},{\"@type\":\"Person\",\"@id\":\"https:\\\/\\\/contrastes.com.co\\\/web\\\/#\\\/schema\\\/person\\\/62ef7a62dc4da6de450c71fc2e95ed02\",\"name\":\"Editor\",\"image\":{\"@type\":\"ImageObject\",\"inLanguage\":\"es\",\"@id\":\"https:\\\/\\\/secure.gravatar.com\\\/avatar\\\/7bbb4f718d74bbf600dc556253bb04fd7ac8593751d6e2e3b85432d98aefae80?s=96&d=mm&r=g\",\"url\":\"https:\\\/\\\/secure.gravatar.com\\\/avatar\\\/7bbb4f718d74bbf600dc556253bb04fd7ac8593751d6e2e3b85432d98aefae80?s=96&d=mm&r=g\",\"contentUrl\":\"https:\\\/\\\/secure.gravatar.com\\\/avatar\\\/7bbb4f718d74bbf600dc556253bb04fd7ac8593751d6e2e3b85432d98aefae80?s=96&d=mm&r=g\",\"caption\":\"Editor\"},\"sameAs\":[\"https:\\\/\\\/contrastes.com.co\\\/web\"],\"url\":\"https:\\\/\\\/contrastes.com.co\\\/web\\\/author\\\/jdbobadilla\\\/\"}]}<\/script>\n<!-- \/ Yoast SEO plugin. -->","yoast_head_json":{"title":"Atraco en el Centro Comercial Plaza del Sol: Dos capturados y p\u00e1nico general en el lugar (VIDEO COMPLETO) - Constrastes","description":"A mano armada, tres antisociales procedieron a atracar a un local en el que funciona una sede Paga F\u00e1cil, corresponsal bancario de Bancolombia, ubicado en el segundo piso del centro comercial Plaza del Sol, en el barrio La Arboleda del municipio de Soledad; lo que r\u00e1pidamente caus\u00f3 revuelo en todo el centro comercial usualmente muy concurrido.","robots":{"index":"index","follow":"follow","max-snippet":"max-snippet:-1","max-image-preview":"max-image-preview:large","max-video-preview":"max-video-preview:-1"},"canonical":"https:\/\/contrastes.com.co\/web\/2022\/11\/08\/atraco-en-el-centro-comercial-plaza-del-sol-dos-capturados-y-panico-general-en-el-lugar\/","og_locale":"es_ES","og_type":"article","og_title":"Atraco en el Centro Comercial Plaza del Sol: Dos capturados y p\u00e1nico general en el lugar (VIDEO COMPLETO) - Constrastes","og_description":"A mano armada, tres antisociales procedieron a atracar a un local en el que funciona una sede Paga F\u00e1cil, corresponsal bancario de Bancolombia, ubicado en el segundo piso del centro comercial Plaza del Sol, en el barrio La Arboleda del municipio de Soledad; lo que r\u00e1pidamente caus\u00f3 revuelo en todo el centro comercial usualmente muy concurrido.","og_url":"https:\/\/contrastes.com.co\/web\/2022\/11\/08\/atraco-en-el-centro-comercial-plaza-del-sol-dos-capturados-y-panico-general-en-el-lugar\/","og_site_name":"Constrastes","article_publisher":"https:\/\/www.facebook.com\/guillo.pantoja.1","article_published_time":"2022-11-09T00:09:23+00:00","author":"Editor","twitter_card":"summary_large_image","twitter_misc":{"Escrito por":"Editor","Tiempo de lectura":"2 minutos"},"schema":{"@context":"https:\/\/schema.org","@graph":[{"@type":"Article","@id":"https:\/\/contrastes.com.co\/web\/2022\/11\/08\/atraco-en-el-centro-comercial-plaza-del-sol-dos-capturados-y-panico-general-en-el-lugar\/#article","isPartOf":{"@id":"https:\/\/contrastes.com.co\/web\/2022\/11\/08\/atraco-en-el-centro-comercial-plaza-del-sol-dos-capturados-y-panico-general-en-el-lugar\/"},"author":{"name":"Editor","@id":"https:\/\/contrastes.com.co\/web\/#\/schema\/person\/62ef7a62dc4da6de450c71fc2e95ed02"},"headline":"Atraco en el Centro Comercial Plaza del Sol: Dos capturados y p\u00e1nico general en el lugar (VIDEO COMPLETO)","datePublished":"2022-11-09T00:09:23+00:00","mainEntityOfPage":{"@id":"https:\/\/contrastes.com.co\/web\/2022\/11\/08\/atraco-en-el-centro-comercial-plaza-del-sol-dos-capturados-y-panico-general-en-el-lugar\/"},"wordCount":320,"commentCount":0,"publisher":{"@id":"https:\/\/contrastes.com.co\/web\/#organization"},"image":{"@id":"https:\/\/contrastes.com.co\/web\/2022\/11\/08\/atraco-en-el-centro-comercial-plaza-del-sol-dos-capturados-y-panico-general-en-el-lugar\/#primaryimage"},"thumbnailUrl":"","keywords":["atraco","atraco a mano armada","capturados","Centro Comercial Plaza del Sol","corresponsal bancario","municipio de soledad"],"articleSection":["Judicial","Locales","Televisi\u00f3n-Web"],"inLanguage":"es","potentialAction":[{"@type":"CommentAction","name":"Comment","target":["https:\/\/contrastes.com.co\/web\/2022\/11\/08\/atraco-en-el-centro-comercial-plaza-del-sol-dos-capturados-y-panico-general-en-el-lugar\/#respond"]}]},{"@type":"WebPage","@id":"https:\/\/contrastes.com.co\/web\/2022\/11\/08\/atraco-en-el-centro-comercial-plaza-del-sol-dos-capturados-y-panico-general-en-el-lugar\/","url":"https:\/\/contrastes.com.co\/web\/2022\/11\/08\/atraco-en-el-centro-comercial-plaza-del-sol-dos-capturados-y-panico-general-en-el-lugar\/","name":"Atraco en el Centro Comercial Plaza del Sol: Dos capturados y p\u00e1nico general en el lugar (VIDEO COMPLETO) - Constrastes","isPartOf":{"@id":"https:\/\/contrastes.com.co\/web\/#website"},"primaryImageOfPage":{"@id":"https:\/\/contrastes.com.co\/web\/2022\/11\/08\/atraco-en-el-centro-comercial-plaza-del-sol-dos-capturados-y-panico-general-en-el-lugar\/#primaryimage"},"image":{"@id":"https:\/\/contrastes.com.co\/web\/2022\/11\/08\/atraco-en-el-centro-comercial-plaza-del-sol-dos-capturados-y-panico-general-en-el-lugar\/#primaryimage"},"thumbnailUrl":"","datePublished":"2022-11-09T00:09:23+00:00","description":"A mano armada, tres antisociales procedieron a atracar a un local en el que funciona una sede Paga F\u00e1cil, corresponsal bancario de Bancolombia, ubicado en el segundo piso del centro comercial Plaza del Sol, en el barrio La Arboleda del municipio de Soledad; lo que r\u00e1pidamente caus\u00f3 revuelo en todo el centro comercial usualmente muy concurrido.","breadcrumb":{"@id":"https:\/\/contrastes.com.co\/web\/2022\/11\/08\/atraco-en-el-centro-comercial-plaza-del-sol-dos-capturados-y-panico-general-en-el-lugar\/#breadcrumb"},"inLanguage":"es","potentialAction":[{"@type":"ReadAction","target":["https:\/\/contrastes.com.co\/web\/2022\/11\/08\/atraco-en-el-centro-comercial-plaza-del-sol-dos-capturados-y-panico-general-en-el-lugar\/"]}]},{"@type":"ImageObject","inLanguage":"es","@id":"https:\/\/contrastes.com.co\/web\/2022\/11\/08\/atraco-en-el-centro-comercial-plaza-del-sol-dos-capturados-y-panico-general-en-el-lugar\/#primaryimage","url":"","contentUrl":""},{"@type":"BreadcrumbList","@id":"https:\/\/contrastes.com.co\/web\/2022\/11\/08\/atraco-en-el-centro-comercial-plaza-del-sol-dos-capturados-y-panico-general-en-el-lugar\/#breadcrumb","itemListElement":[{"@type":"ListItem","position":1,"name":"Portada","item":"https:\/\/contrastes.com.co\/web\/"},{"@type":"ListItem","position":2,"name":"Atraco en el Centro Comercial Plaza del Sol: Dos capturados y p\u00e1nico general en el lugar (VIDEO COMPLETO)"}]},{"@type":"WebSite","@id":"https:\/\/contrastes.com.co\/web\/#website","url":"https:\/\/contrastes.com.co\/web\/","name":"Contrastes","description":"Periodismo de Conciencia","publisher":{"@id":"https:\/\/contrastes.com.co\/web\/#organization"},"potentialAction":[{"@type":"SearchAction","target":{"@type":"EntryPoint","urlTemplate":"https:\/\/contrastes.com.co\/web\/?s={search_term_string}"},"query-input":{"@type":"PropertyValueSpecification","valueRequired":true,"valueName":"search_term_string"}}],"inLanguage":"es"},{"@type":"Organization","@id":"https:\/\/contrastes.com.co\/web\/#organization","name":"Contrastes","url":"https:\/\/contrastes.com.co\/web\/","logo":{"@type":"ImageObject","inLanguage":"es","@id":"https:\/\/contrastes.com.co\/web\/#\/schema\/logo\/image\/","url":"https:\/\/contrastes.com.co\/web\/wp-content\/uploads\/2025\/04\/15CONTRASTES3.png","contentUrl":"https:\/\/contrastes.com.co\/web\/wp-content\/uploads\/2025\/04\/15CONTRASTES3.png","width":1536,"height":231,"caption":"Contrastes"},"image":{"@id":"https:\/\/contrastes.com.co\/web\/#\/schema\/logo\/image\/"},"sameAs":["https:\/\/www.facebook.com\/guillo.pantoja.1"]},{"@type":"Person","@id":"https:\/\/contrastes.com.co\/web\/#\/schema\/person\/62ef7a62dc4da6de450c71fc2e95ed02","name":"Editor","image":{"@type":"ImageObject","inLanguage":"es","@id":"https:\/\/secure.gravatar.com\/avatar\/7bbb4f718d74bbf600dc556253bb04fd7ac8593751d6e2e3b85432d98aefae80?s=96&d=mm&r=g","url":"https:\/\/secure.gravatar.com\/avatar\/7bbb4f718d74bbf600dc556253bb04fd7ac8593751d6e2e3b85432d98aefae80?s=96&d=mm&r=g","contentUrl":"https:\/\/secure.gravatar.com\/avatar\/7bbb4f718d74bbf600dc556253bb04fd7ac8593751d6e2e3b85432d98aefae80?s=96&d=mm&r=g","caption":"Editor"},"sameAs":["https:\/\/contrastes.com.co\/web"],"url":"https:\/\/contrastes.com.co\/web\/author\/jdbobadilla\/"}]}},"blog_post_layout_featured_media_urls":{"thumbnail":"","full":""},"categories_names":{"172":{"name":"Judicial","link":"https:\/\/contrastes.com.co\/web\/category\/judicial\/"},"23":{"name":"Locales","link":"https:\/\/contrastes.com.co\/web\/category\/locales\/"},"4940":{"name":"Televisi\u00f3n-Web","link":"https:\/\/contrastes.com.co\/web\/category\/television-web\/"}},"tags_names":{"1488":{"name":"atraco","link":"https:\/\/contrastes.com.co\/web\/tag\/atraco\/"},"7787":{"name":"atraco a mano armada","link":"https:\/\/contrastes.com.co\/web\/tag\/atraco-a-mano-armada\/"},"1665":{"name":"capturados","link":"https:\/\/contrastes.com.co\/web\/tag\/capturados\/"},"7248":{"name":"Centro Comercial Plaza del Sol","link":"https:\/\/contrastes.com.co\/web\/tag\/centro-comercial-plaza-del-sol\/"},"7788":{"name":"corresponsal bancario","link":"https:\/\/contrastes.com.co\/web\/tag\/corresponsal-bancario\/"},"51":{"name":"municipio de soledad","link":"https:\/\/contrastes.com.co\/web\/tag\/municipio-de-soledad\/"}},"comments_number":"0","wpmagazine_modules_lite_featured_media_urls":{"thumbnail":"","cvmm-medium":"","cvmm-medium-plus":"","cvmm-portrait":"","cvmm-medium-square":"","cvmm-large":"","cvmm-small":"","full":""},"_links":{"self":[{"href":"https:\/\/contrastes.com.co\/web\/wp-json\/wp\/v2\/posts\/12228","targetHints":{"allow":["GET"]}}],"collection":[{"href":"https:\/\/contrastes.com.co\/web\/wp-json\/wp\/v2\/posts"}],"about":[{"href":"https:\/\/contrastes.com.co\/web\/wp-json\/wp\/v2\/types\/post"}],"author":[{"embeddable":true,"href":"https:\/\/contrastes.com.co\/web\/wp-json\/wp\/v2\/users\/1"}],"replies":[{"embeddable":true,"href":"https:\/\/contrastes.com.co\/web\/wp-json\/wp\/v2\/comments?post=12228"}],"version-history":[{"count":0,"href":"https:\/\/contrastes.com.co\/web\/wp-json\/wp\/v2\/posts\/12228\/revisions"}],"wp:attachment":[{"href":"https:\/\/contrastes.com.co\/web\/wp-json\/wp\/v2\/media?parent=12228"}],"wp:term":[{"taxonomy":"category","embeddable":true,"href":"https:\/\/contrastes.com.co\/web\/wp-json\/wp\/v2\/categories?post=12228"},{"taxonomy":"post_tag","embeddable":true,"href":"https:\/\/contrastes.com.co\/web\/wp-json\/wp\/v2\/tags?post=12228"}],"curies":[{"name":"wp","href":"https:\/\/api.w.org\/{rel}","templated":true}]}}