{"id":12296,"date":"2022-11-15T17:01:50","date_gmt":"2022-11-15T22:01:50","guid":{"rendered":"https:\/\/contrastes.com.co\/digital\/?p=12296"},"modified":"2022-11-15T17:01:50","modified_gmt":"2022-11-15T22:01:50","slug":"en-el-bano-de-su-casa-y-con-un-disparo-en-la-cabeza-hallan-a-un-hombre-en-el-limon","status":"publish","type":"post","link":"https:\/\/contrastes.com.co\/web\/2022\/11\/15\/en-el-bano-de-su-casa-y-con-un-disparo-en-la-cabeza-hallan-a-un-hombre-en-el-limon\/","title":{"rendered":"En el ba\u00f1o de su casa y con un disparo en la cabeza hallan a un hombre en El Lim\u00f3n"},"content":{"rendered":"<p><strong>*En el ba\u00f1o de su casa y con un disparo en la cabeza hallan a un hombre en El Lim\u00f3n.<\/strong><\/p>\n<blockquote><p><strong>Seg\u00fan el reporte de la Polic\u00eda, un hijo del hombre sali\u00f3 en busca de ayuda y se encontr\u00f3 a una patrulla, a la cual le\u00a0 inform\u00f3 que su progenitor, al parecer, se hab\u00eda disparado.<\/strong><\/p><\/blockquote>\n<p><img decoding=\"async\" class=\"alignleft  wp-image-8657\" src=\"https:\/\/contrastes.com.co\/digital\/wp-content\/uploads\/2022\/03\/u-capitular.png\" alt=\"u capitular\" width=\"61\" height=\"61\" \/>n disparo alert\u00f3 a familiares y vecinos de Abel Antonio Trocha Anaya, de 72 a\u00f1os de edad. El hombre fue hallado tendido por familiares en el ba\u00f1o de su casa, en la carrera 7A con calle 31A, barrio El Lim\u00f3n de Barranquilla. El adulto mayor registra un impacto de bala en la cabeza.<\/p>\n<p>Seg\u00fan el reporte de la Polic\u00eda, un hijo del hombre sali\u00f3 en busca de ayuda y se encontr\u00f3 a una patrulla, a la cual le\u00a0 inform\u00f3 que su progenitor, al parecer, se hab\u00eda disparado.<\/p>\n<p>R\u00e1pidamente, el hombre fue auxiliado y llevado a la Cl\u00ednica Campbell de la carrera 14 con calle 30, donde se encuentra en delicado estado de salud. Las autoridades se encuentran al frente de las investigaciones del caso.<\/p>\n","protected":false},"excerpt":{"rendered":"<p>Un disparo alert\u00f3 a familiares y vecinos de Abel Antonio Trocha Anaya, de 72 a\u00f1os de edad. El hombre fue hallado tendido por familiares en el ba\u00f1o de su casa, en la carrera 7A con calle 31A, barrio El Lim\u00f3n de Barranquilla. El adulto mayor registra un impacto de bala en la cabeza.<\/p>\n","protected":false},"author":1,"featured_media":12297,"comment_status":"open","ping_status":"open","sticky":false,"template":"","format":"standard","meta":{"footnotes":""},"categories":[172,24],"tags":[6266,311,7814,5832,7815,4871],"class_list":["post-12296","post","type-post","status-publish","format-standard","has-post-thumbnail","hentry","category-judicial","category-region","tag-arma-de-fuego","tag-barranquilla","tag-barrio-el-limon","tag-disparo","tag-disparo-en-la-cabeza","tag-suicidio"],"yoast_head":"<!-- This site is optimized with the Yoast SEO plugin v27.7 - https:\/\/yoast.com\/product\/yoast-seo-wordpress\/ -->\n<title>En el ba\u00f1o de su casa y con un disparo en la cabeza hallan a un hombre en El Lim\u00f3n - Constrastes<\/title>\n<meta name=\"description\" content=\"Un disparo alert\u00f3 a familiares y vecinos de Abel Antonio Trocha Anaya, de 72 a\u00f1os de edad. El hombre fue hallado tendido por familiares en el ba\u00f1o de su casa, en la carrera 7A con calle 31A, barrio El Lim\u00f3n de Barranquilla. El adulto mayor registra un impacto de bala en la cabeza.\" \/>\n<meta name=\"robots\" content=\"index, follow, max-snippet:-1, max-image-preview:large, max-video-preview:-1\" \/>\n<link rel=\"canonical\" href=\"https:\/\/contrastes.com.co\/web\/2022\/11\/15\/en-el-bano-de-su-casa-y-con-un-disparo-en-la-cabeza-hallan-a-un-hombre-en-el-limon\/\" \/>\n<meta property=\"og:locale\" content=\"es_ES\" \/>\n<meta property=\"og:type\" content=\"article\" \/>\n<meta property=\"og:title\" content=\"En el ba\u00f1o de su casa y con un disparo en la cabeza hallan a un hombre en El Lim\u00f3n - Constrastes\" \/>\n<meta property=\"og:description\" content=\"Un disparo alert\u00f3 a familiares y vecinos de Abel Antonio Trocha Anaya, de 72 a\u00f1os de edad. El hombre fue hallado tendido por familiares en el ba\u00f1o de su casa, en la carrera 7A con calle 31A, barrio El Lim\u00f3n de Barranquilla. El adulto mayor registra un impacto de bala en la cabeza.\" \/>\n<meta property=\"og:url\" content=\"https:\/\/contrastes.com.co\/web\/2022\/11\/15\/en-el-bano-de-su-casa-y-con-un-disparo-en-la-cabeza-hallan-a-un-hombre-en-el-limon\/\" \/>\n<meta property=\"og:site_name\" content=\"Constrastes\" \/>\n<meta property=\"article:publisher\" content=\"https:\/\/www.facebook.com\/guillo.pantoja.1\" \/>\n<meta property=\"article:published_time\" content=\"2022-11-15T22:01:50+00:00\" \/>\n<meta name=\"author\" content=\"Editor\" \/>\n<meta name=\"twitter:card\" content=\"summary_large_image\" \/>\n<meta name=\"twitter:label1\" content=\"Escrito por\" \/>\n\t<meta name=\"twitter:data1\" content=\"Editor\" \/>\n\t<meta name=\"twitter:label2\" content=\"Tiempo de lectura\" \/>\n\t<meta name=\"twitter:data2\" content=\"1 minuto\" \/>\n<script type=\"application\/ld+json\" class=\"yoast-schema-graph\">{\"@context\":\"https:\\\/\\\/schema.org\",\"@graph\":[{\"@type\":\"Article\",\"@id\":\"https:\\\/\\\/contrastes.com.co\\\/web\\\/2022\\\/11\\\/15\\\/en-el-bano-de-su-casa-y-con-un-disparo-en-la-cabeza-hallan-a-un-hombre-en-el-limon\\\/#article\",\"isPartOf\":{\"@id\":\"https:\\\/\\\/contrastes.com.co\\\/web\\\/2022\\\/11\\\/15\\\/en-el-bano-de-su-casa-y-con-un-disparo-en-la-cabeza-hallan-a-un-hombre-en-el-limon\\\/\"},\"author\":{\"name\":\"Editor\",\"@id\":\"https:\\\/\\\/contrastes.com.co\\\/web\\\/#\\\/schema\\\/person\\\/62ef7a62dc4da6de450c71fc2e95ed02\"},\"headline\":\"En el ba\u00f1o de su casa y con un disparo en la cabeza hallan a un hombre en El Lim\u00f3n\",\"datePublished\":\"2022-11-15T22:01:50+00:00\",\"mainEntityOfPage\":{\"@id\":\"https:\\\/\\\/contrastes.com.co\\\/web\\\/2022\\\/11\\\/15\\\/en-el-bano-de-su-casa-y-con-un-disparo-en-la-cabeza-hallan-a-un-hombre-en-el-limon\\\/\"},\"wordCount\":210,\"commentCount\":0,\"publisher\":{\"@id\":\"https:\\\/\\\/contrastes.com.co\\\/web\\\/#organization\"},\"image\":{\"@id\":\"https:\\\/\\\/contrastes.com.co\\\/web\\\/2022\\\/11\\\/15\\\/en-el-bano-de-su-casa-y-con-un-disparo-en-la-cabeza-hallan-a-un-hombre-en-el-limon\\\/#primaryimage\"},\"thumbnailUrl\":\"\",\"keywords\":[\"arma de fuego\",\"Barranquilla\",\"barrio El Lim\u00f3n\",\"disparo\",\"disparo en la cabeza\",\"suicidio\"],\"articleSection\":[\"Judicial\",\"Regi\u00f3n\"],\"inLanguage\":\"es\",\"potentialAction\":[{\"@type\":\"CommentAction\",\"name\":\"Comment\",\"target\":[\"https:\\\/\\\/contrastes.com.co\\\/web\\\/2022\\\/11\\\/15\\\/en-el-bano-de-su-casa-y-con-un-disparo-en-la-cabeza-hallan-a-un-hombre-en-el-limon\\\/#respond\"]}]},{\"@type\":\"WebPage\",\"@id\":\"https:\\\/\\\/contrastes.com.co\\\/web\\\/2022\\\/11\\\/15\\\/en-el-bano-de-su-casa-y-con-un-disparo-en-la-cabeza-hallan-a-un-hombre-en-el-limon\\\/\",\"url\":\"https:\\\/\\\/contrastes.com.co\\\/web\\\/2022\\\/11\\\/15\\\/en-el-bano-de-su-casa-y-con-un-disparo-en-la-cabeza-hallan-a-un-hombre-en-el-limon\\\/\",\"name\":\"En el ba\u00f1o de su casa y con un disparo en la cabeza hallan a un hombre en El Lim\u00f3n - Constrastes\",\"isPartOf\":{\"@id\":\"https:\\\/\\\/contrastes.com.co\\\/web\\\/#website\"},\"primaryImageOfPage\":{\"@id\":\"https:\\\/\\\/contrastes.com.co\\\/web\\\/2022\\\/11\\\/15\\\/en-el-bano-de-su-casa-y-con-un-disparo-en-la-cabeza-hallan-a-un-hombre-en-el-limon\\\/#primaryimage\"},\"image\":{\"@id\":\"https:\\\/\\\/contrastes.com.co\\\/web\\\/2022\\\/11\\\/15\\\/en-el-bano-de-su-casa-y-con-un-disparo-en-la-cabeza-hallan-a-un-hombre-en-el-limon\\\/#primaryimage\"},\"thumbnailUrl\":\"\",\"datePublished\":\"2022-11-15T22:01:50+00:00\",\"description\":\"Un disparo alert\u00f3 a familiares y vecinos de Abel Antonio Trocha Anaya, de 72 a\u00f1os de edad. El hombre fue hallado tendido por familiares en el ba\u00f1o de su casa, en la carrera 7A con calle 31A, barrio El Lim\u00f3n de Barranquilla. El adulto mayor registra un impacto de bala en la cabeza.\",\"breadcrumb\":{\"@id\":\"https:\\\/\\\/contrastes.com.co\\\/web\\\/2022\\\/11\\\/15\\\/en-el-bano-de-su-casa-y-con-un-disparo-en-la-cabeza-hallan-a-un-hombre-en-el-limon\\\/#breadcrumb\"},\"inLanguage\":\"es\",\"potentialAction\":[{\"@type\":\"ReadAction\",\"target\":[\"https:\\\/\\\/contrastes.com.co\\\/web\\\/2022\\\/11\\\/15\\\/en-el-bano-de-su-casa-y-con-un-disparo-en-la-cabeza-hallan-a-un-hombre-en-el-limon\\\/\"]}]},{\"@type\":\"ImageObject\",\"inLanguage\":\"es\",\"@id\":\"https:\\\/\\\/contrastes.com.co\\\/web\\\/2022\\\/11\\\/15\\\/en-el-bano-de-su-casa-y-con-un-disparo-en-la-cabeza-hallan-a-un-hombre-en-el-limon\\\/#primaryimage\",\"url\":\"\",\"contentUrl\":\"\"},{\"@type\":\"BreadcrumbList\",\"@id\":\"https:\\\/\\\/contrastes.com.co\\\/web\\\/2022\\\/11\\\/15\\\/en-el-bano-de-su-casa-y-con-un-disparo-en-la-cabeza-hallan-a-un-hombre-en-el-limon\\\/#breadcrumb\",\"itemListElement\":[{\"@type\":\"ListItem\",\"position\":1,\"name\":\"Portada\",\"item\":\"https:\\\/\\\/contrastes.com.co\\\/web\\\/\"},{\"@type\":\"ListItem\",\"position\":2,\"name\":\"En el ba\u00f1o de su casa y con un disparo en la cabeza hallan a un hombre en El Lim\u00f3n\"}]},{\"@type\":\"WebSite\",\"@id\":\"https:\\\/\\\/contrastes.com.co\\\/web\\\/#website\",\"url\":\"https:\\\/\\\/contrastes.com.co\\\/web\\\/\",\"name\":\"Contrastes\",\"description\":\"Periodismo de Conciencia\",\"publisher\":{\"@id\":\"https:\\\/\\\/contrastes.com.co\\\/web\\\/#organization\"},\"potentialAction\":[{\"@type\":\"SearchAction\",\"target\":{\"@type\":\"EntryPoint\",\"urlTemplate\":\"https:\\\/\\\/contrastes.com.co\\\/web\\\/?s={search_term_string}\"},\"query-input\":{\"@type\":\"PropertyValueSpecification\",\"valueRequired\":true,\"valueName\":\"search_term_string\"}}],\"inLanguage\":\"es\"},{\"@type\":\"Organization\",\"@id\":\"https:\\\/\\\/contrastes.com.co\\\/web\\\/#organization\",\"name\":\"Contrastes\",\"url\":\"https:\\\/\\\/contrastes.com.co\\\/web\\\/\",\"logo\":{\"@type\":\"ImageObject\",\"inLanguage\":\"es\",\"@id\":\"https:\\\/\\\/contrastes.com.co\\\/web\\\/#\\\/schema\\\/logo\\\/image\\\/\",\"url\":\"https:\\\/\\\/contrastes.com.co\\\/web\\\/wp-content\\\/uploads\\\/2025\\\/04\\\/15CONTRASTES3.png\",\"contentUrl\":\"https:\\\/\\\/contrastes.com.co\\\/web\\\/wp-content\\\/uploads\\\/2025\\\/04\\\/15CONTRASTES3.png\",\"width\":1536,\"height\":231,\"caption\":\"Contrastes\"},\"image\":{\"@id\":\"https:\\\/\\\/contrastes.com.co\\\/web\\\/#\\\/schema\\\/logo\\\/image\\\/\"},\"sameAs\":[\"https:\\\/\\\/www.facebook.com\\\/guillo.pantoja.1\"]},{\"@type\":\"Person\",\"@id\":\"https:\\\/\\\/contrastes.com.co\\\/web\\\/#\\\/schema\\\/person\\\/62ef7a62dc4da6de450c71fc2e95ed02\",\"name\":\"Editor\",\"image\":{\"@type\":\"ImageObject\",\"inLanguage\":\"es\",\"@id\":\"https:\\\/\\\/secure.gravatar.com\\\/avatar\\\/7bbb4f718d74bbf600dc556253bb04fd7ac8593751d6e2e3b85432d98aefae80?s=96&d=mm&r=g\",\"url\":\"https:\\\/\\\/secure.gravatar.com\\\/avatar\\\/7bbb4f718d74bbf600dc556253bb04fd7ac8593751d6e2e3b85432d98aefae80?s=96&d=mm&r=g\",\"contentUrl\":\"https:\\\/\\\/secure.gravatar.com\\\/avatar\\\/7bbb4f718d74bbf600dc556253bb04fd7ac8593751d6e2e3b85432d98aefae80?s=96&d=mm&r=g\",\"caption\":\"Editor\"},\"sameAs\":[\"https:\\\/\\\/contrastes.com.co\\\/web\"],\"url\":\"https:\\\/\\\/contrastes.com.co\\\/web\\\/author\\\/jdbobadilla\\\/\"}]}<\/script>\n<!-- \/ Yoast SEO plugin. -->","yoast_head_json":{"title":"En el ba\u00f1o de su casa y con un disparo en la cabeza hallan a un hombre en El Lim\u00f3n - Constrastes","description":"Un disparo alert\u00f3 a familiares y vecinos de Abel Antonio Trocha Anaya, de 72 a\u00f1os de edad. El hombre fue hallado tendido por familiares en el ba\u00f1o de su casa, en la carrera 7A con calle 31A, barrio El Lim\u00f3n de Barranquilla. El adulto mayor registra un impacto de bala en la cabeza.","robots":{"index":"index","follow":"follow","max-snippet":"max-snippet:-1","max-image-preview":"max-image-preview:large","max-video-preview":"max-video-preview:-1"},"canonical":"https:\/\/contrastes.com.co\/web\/2022\/11\/15\/en-el-bano-de-su-casa-y-con-un-disparo-en-la-cabeza-hallan-a-un-hombre-en-el-limon\/","og_locale":"es_ES","og_type":"article","og_title":"En el ba\u00f1o de su casa y con un disparo en la cabeza hallan a un hombre en El Lim\u00f3n - Constrastes","og_description":"Un disparo alert\u00f3 a familiares y vecinos de Abel Antonio Trocha Anaya, de 72 a\u00f1os de edad. El hombre fue hallado tendido por familiares en el ba\u00f1o de su casa, en la carrera 7A con calle 31A, barrio El Lim\u00f3n de Barranquilla. El adulto mayor registra un impacto de bala en la cabeza.","og_url":"https:\/\/contrastes.com.co\/web\/2022\/11\/15\/en-el-bano-de-su-casa-y-con-un-disparo-en-la-cabeza-hallan-a-un-hombre-en-el-limon\/","og_site_name":"Constrastes","article_publisher":"https:\/\/www.facebook.com\/guillo.pantoja.1","article_published_time":"2022-11-15T22:01:50+00:00","author":"Editor","twitter_card":"summary_large_image","twitter_misc":{"Escrito por":"Editor","Tiempo de lectura":"1 minuto"},"schema":{"@context":"https:\/\/schema.org","@graph":[{"@type":"Article","@id":"https:\/\/contrastes.com.co\/web\/2022\/11\/15\/en-el-bano-de-su-casa-y-con-un-disparo-en-la-cabeza-hallan-a-un-hombre-en-el-limon\/#article","isPartOf":{"@id":"https:\/\/contrastes.com.co\/web\/2022\/11\/15\/en-el-bano-de-su-casa-y-con-un-disparo-en-la-cabeza-hallan-a-un-hombre-en-el-limon\/"},"author":{"name":"Editor","@id":"https:\/\/contrastes.com.co\/web\/#\/schema\/person\/62ef7a62dc4da6de450c71fc2e95ed02"},"headline":"En el ba\u00f1o de su casa y con un disparo en la cabeza hallan a un hombre en El Lim\u00f3n","datePublished":"2022-11-15T22:01:50+00:00","mainEntityOfPage":{"@id":"https:\/\/contrastes.com.co\/web\/2022\/11\/15\/en-el-bano-de-su-casa-y-con-un-disparo-en-la-cabeza-hallan-a-un-hombre-en-el-limon\/"},"wordCount":210,"commentCount":0,"publisher":{"@id":"https:\/\/contrastes.com.co\/web\/#organization"},"image":{"@id":"https:\/\/contrastes.com.co\/web\/2022\/11\/15\/en-el-bano-de-su-casa-y-con-un-disparo-en-la-cabeza-hallan-a-un-hombre-en-el-limon\/#primaryimage"},"thumbnailUrl":"","keywords":["arma de fuego","Barranquilla","barrio El Lim\u00f3n","disparo","disparo en la cabeza","suicidio"],"articleSection":["Judicial","Regi\u00f3n"],"inLanguage":"es","potentialAction":[{"@type":"CommentAction","name":"Comment","target":["https:\/\/contrastes.com.co\/web\/2022\/11\/15\/en-el-bano-de-su-casa-y-con-un-disparo-en-la-cabeza-hallan-a-un-hombre-en-el-limon\/#respond"]}]},{"@type":"WebPage","@id":"https:\/\/contrastes.com.co\/web\/2022\/11\/15\/en-el-bano-de-su-casa-y-con-un-disparo-en-la-cabeza-hallan-a-un-hombre-en-el-limon\/","url":"https:\/\/contrastes.com.co\/web\/2022\/11\/15\/en-el-bano-de-su-casa-y-con-un-disparo-en-la-cabeza-hallan-a-un-hombre-en-el-limon\/","name":"En el ba\u00f1o de su casa y con un disparo en la cabeza hallan a un hombre en El Lim\u00f3n - Constrastes","isPartOf":{"@id":"https:\/\/contrastes.com.co\/web\/#website"},"primaryImageOfPage":{"@id":"https:\/\/contrastes.com.co\/web\/2022\/11\/15\/en-el-bano-de-su-casa-y-con-un-disparo-en-la-cabeza-hallan-a-un-hombre-en-el-limon\/#primaryimage"},"image":{"@id":"https:\/\/contrastes.com.co\/web\/2022\/11\/15\/en-el-bano-de-su-casa-y-con-un-disparo-en-la-cabeza-hallan-a-un-hombre-en-el-limon\/#primaryimage"},"thumbnailUrl":"","datePublished":"2022-11-15T22:01:50+00:00","description":"Un disparo alert\u00f3 a familiares y vecinos de Abel Antonio Trocha Anaya, de 72 a\u00f1os de edad. El hombre fue hallado tendido por familiares en el ba\u00f1o de su casa, en la carrera 7A con calle 31A, barrio El Lim\u00f3n de Barranquilla. El adulto mayor registra un impacto de bala en la cabeza.","breadcrumb":{"@id":"https:\/\/contrastes.com.co\/web\/2022\/11\/15\/en-el-bano-de-su-casa-y-con-un-disparo-en-la-cabeza-hallan-a-un-hombre-en-el-limon\/#breadcrumb"},"inLanguage":"es","potentialAction":[{"@type":"ReadAction","target":["https:\/\/contrastes.com.co\/web\/2022\/11\/15\/en-el-bano-de-su-casa-y-con-un-disparo-en-la-cabeza-hallan-a-un-hombre-en-el-limon\/"]}]},{"@type":"ImageObject","inLanguage":"es","@id":"https:\/\/contrastes.com.co\/web\/2022\/11\/15\/en-el-bano-de-su-casa-y-con-un-disparo-en-la-cabeza-hallan-a-un-hombre-en-el-limon\/#primaryimage","url":"","contentUrl":""},{"@type":"BreadcrumbList","@id":"https:\/\/contrastes.com.co\/web\/2022\/11\/15\/en-el-bano-de-su-casa-y-con-un-disparo-en-la-cabeza-hallan-a-un-hombre-en-el-limon\/#breadcrumb","itemListElement":[{"@type":"ListItem","position":1,"name":"Portada","item":"https:\/\/contrastes.com.co\/web\/"},{"@type":"ListItem","position":2,"name":"En el ba\u00f1o de su casa y con un disparo en la cabeza hallan a un hombre en El Lim\u00f3n"}]},{"@type":"WebSite","@id":"https:\/\/contrastes.com.co\/web\/#website","url":"https:\/\/contrastes.com.co\/web\/","name":"Contrastes","description":"Periodismo de Conciencia","publisher":{"@id":"https:\/\/contrastes.com.co\/web\/#organization"},"potentialAction":[{"@type":"SearchAction","target":{"@type":"EntryPoint","urlTemplate":"https:\/\/contrastes.com.co\/web\/?s={search_term_string}"},"query-input":{"@type":"PropertyValueSpecification","valueRequired":true,"valueName":"search_term_string"}}],"inLanguage":"es"},{"@type":"Organization","@id":"https:\/\/contrastes.com.co\/web\/#organization","name":"Contrastes","url":"https:\/\/contrastes.com.co\/web\/","logo":{"@type":"ImageObject","inLanguage":"es","@id":"https:\/\/contrastes.com.co\/web\/#\/schema\/logo\/image\/","url":"https:\/\/contrastes.com.co\/web\/wp-content\/uploads\/2025\/04\/15CONTRASTES3.png","contentUrl":"https:\/\/contrastes.com.co\/web\/wp-content\/uploads\/2025\/04\/15CONTRASTES3.png","width":1536,"height":231,"caption":"Contrastes"},"image":{"@id":"https:\/\/contrastes.com.co\/web\/#\/schema\/logo\/image\/"},"sameAs":["https:\/\/www.facebook.com\/guillo.pantoja.1"]},{"@type":"Person","@id":"https:\/\/contrastes.com.co\/web\/#\/schema\/person\/62ef7a62dc4da6de450c71fc2e95ed02","name":"Editor","image":{"@type":"ImageObject","inLanguage":"es","@id":"https:\/\/secure.gravatar.com\/avatar\/7bbb4f718d74bbf600dc556253bb04fd7ac8593751d6e2e3b85432d98aefae80?s=96&d=mm&r=g","url":"https:\/\/secure.gravatar.com\/avatar\/7bbb4f718d74bbf600dc556253bb04fd7ac8593751d6e2e3b85432d98aefae80?s=96&d=mm&r=g","contentUrl":"https:\/\/secure.gravatar.com\/avatar\/7bbb4f718d74bbf600dc556253bb04fd7ac8593751d6e2e3b85432d98aefae80?s=96&d=mm&r=g","caption":"Editor"},"sameAs":["https:\/\/contrastes.com.co\/web"],"url":"https:\/\/contrastes.com.co\/web\/author\/jdbobadilla\/"}]}},"blog_post_layout_featured_media_urls":{"thumbnail":"","full":""},"categories_names":{"172":{"name":"Judicial","link":"https:\/\/contrastes.com.co\/web\/category\/judicial\/"},"24":{"name":"Regi\u00f3n","link":"https:\/\/contrastes.com.co\/web\/category\/region\/"}},"tags_names":{"6266":{"name":"arma de fuego","link":"https:\/\/contrastes.com.co\/web\/tag\/arma-de-fuego\/"},"311":{"name":"Barranquilla","link":"https:\/\/contrastes.com.co\/web\/tag\/barranquilla\/"},"7814":{"name":"barrio El Lim\u00f3n","link":"https:\/\/contrastes.com.co\/web\/tag\/barrio-el-limon\/"},"5832":{"name":"disparo","link":"https:\/\/contrastes.com.co\/web\/tag\/disparo\/"},"7815":{"name":"disparo en la cabeza","link":"https:\/\/contrastes.com.co\/web\/tag\/disparo-en-la-cabeza\/"},"4871":{"name":"suicidio","link":"https:\/\/contrastes.com.co\/web\/tag\/suicidio\/"}},"comments_number":"0","wpmagazine_modules_lite_featured_media_urls":{"thumbnail":"","cvmm-medium":"","cvmm-medium-plus":"","cvmm-portrait":"","cvmm-medium-square":"","cvmm-large":"","cvmm-small":"","full":""},"_links":{"self":[{"href":"https:\/\/contrastes.com.co\/web\/wp-json\/wp\/v2\/posts\/12296","targetHints":{"allow":["GET"]}}],"collection":[{"href":"https:\/\/contrastes.com.co\/web\/wp-json\/wp\/v2\/posts"}],"about":[{"href":"https:\/\/contrastes.com.co\/web\/wp-json\/wp\/v2\/types\/post"}],"author":[{"embeddable":true,"href":"https:\/\/contrastes.com.co\/web\/wp-json\/wp\/v2\/users\/1"}],"replies":[{"embeddable":true,"href":"https:\/\/contrastes.com.co\/web\/wp-json\/wp\/v2\/comments?post=12296"}],"version-history":[{"count":0,"href":"https:\/\/contrastes.com.co\/web\/wp-json\/wp\/v2\/posts\/12296\/revisions"}],"wp:attachment":[{"href":"https:\/\/contrastes.com.co\/web\/wp-json\/wp\/v2\/media?parent=12296"}],"wp:term":[{"taxonomy":"category","embeddable":true,"href":"https:\/\/contrastes.com.co\/web\/wp-json\/wp\/v2\/categories?post=12296"},{"taxonomy":"post_tag","embeddable":true,"href":"https:\/\/contrastes.com.co\/web\/wp-json\/wp\/v2\/tags?post=12296"}],"curies":[{"name":"wp","href":"https:\/\/api.w.org\/{rel}","templated":true}]}}