{"id":12345,"date":"2022-11-16T19:28:33","date_gmt":"2022-11-17T00:28:33","guid":{"rendered":"https:\/\/contrastes.com.co\/digital\/?p=12345"},"modified":"2022-11-16T19:28:33","modified_gmt":"2022-11-17T00:28:33","slug":"barranquilla-y-dinamarca-firman-convenio-para-promover-la-prevencion-de-la-diabetes","status":"publish","type":"post","link":"https:\/\/contrastes.com.co\/web\/2022\/11\/16\/barranquilla-y-dinamarca-firman-convenio-para-promover-la-prevencion-de-la-diabetes\/","title":{"rendered":"Barranquilla y Dinamarca firman convenio para promover la prevenci\u00f3n de la diabetes"},"content":{"rendered":"<p><strong>*Barranquilla y Dinamarca firman convenio para promover la prevenci\u00f3n de la diabetes<\/strong><\/p>\n<blockquote><p><strong>&#8211; El memorando de entendimiento, denominado \u2018Ciudades cambiando la diabetes\u2019, es un convenio educativo de prevenci\u00f3n de enfermedades con m\u00e1s frecuencia en la poblaci\u00f3n.<\/strong><br \/>\n<strong>&#8211; Barranquilla cumple 14 a\u00f1os trabajando a nivel local, regional y nacional en la prevenci\u00f3n, plan de acci\u00f3n, cuidado y atenci\u00f3n de base comunitaria de la diabetes.<\/strong><\/p><\/blockquote>\n<p><img decoding=\"async\" class=\"alignleft  wp-image-8518\" src=\"https:\/\/contrastes.com.co\/digital\/wp-content\/uploads\/2022\/03\/c-capitular.png\" alt=\"c capitular\" width=\"83\" height=\"83\" \/>on la firma del <strong>acuerdo \u2018Ciudades cambiando la diabetes\u2019,<\/strong> <strong>Barranquilla consolida alianza con Dinamarca<\/strong> para seguir cooperando en la prevenci\u00f3n de una de las enfermedades que m\u00e1s impacto tienen a nivel mundial. Con esto, la ciudad est\u00e1 dentro del grupo latinoamericano de territorios que integran el programa, al lado de Bogot\u00e1, M\u00e9xico y Buenos Aires, y a nivel mundial con Finlandia y B\u00e9lgica.<\/p>\n<p>El memorando de entendimiento, liderado por la <strong>University College London<\/strong> y el <strong>Centro de Diabetes de Steno, en Copenhague,<\/strong> se firm\u00f3 por 48 meses, a partir de la fecha, entre el <strong>alcalde Jaime Pumarejo Heins y el embajador de Dinamarca, Erik Hoeg<\/strong>, y permitir\u00e1 el fortalecimiento del sector salud y las alianzas estrat\u00e9gicas para continuar la proyecci\u00f3n de Barranquilla dentro de las grandes ciudades en el mundo que trabajan en la prevenci\u00f3n de enfermedades como la diabetes, dando respuesta al aumento de los casos a nivel global.<\/p>\n<p>\u201cBarranquilla inici\u00f3 hace 14 a\u00f1os un modelo basado en la promoci\u00f3n y prevenci\u00f3n de la salud, arrancamos con caminantes llegando casa a casa en los barrios, en la primera administraci\u00f3n de Alejandro Char, creamos los puestos de atenci\u00f3n primaria a menos de 1 kil\u00f3metro de los barranquilleros y esa red ha crecido a m\u00e1s de 43 puntos de atenci\u00f3n primaria, secundaria y de alta complejidad, un proceso que nos ha permitido un sistema sostenible financieramente, s\u00f3lido, que brind\u00f3 la mejor atenci\u00f3n en la pandemia y que logr\u00f3 convertirse en la red p\u00fablica m\u00e1s fuerte de Colombia, con el doble de la capacidad de UCI\u201d, afirm\u00f3 el alcalde Pumarejo.<\/p>\n<p>Desatac\u00f3 que \u201cesa red hoy suma un gran apoyo en esa promoci\u00f3n y prevenci\u00f3n firmando este acuerdo con la Embajada danesa para diagnosticar, tratar y acompa\u00f1ar a las personas con posibles afectaciones por diabetes, para mejorar la calidad de vida de los barranquilleros\u201d.<\/p>\n<p>El alcalde resalt\u00f3 los avances en el sector salud de Barranquilla, \u201cun equipo p\u00fablico y privado que ha trabajado para crear el sistema m\u00e1s incre\u00edble de salud de Colombia y uno de los m\u00e1s importantes de Latinoam\u00e9rica, porque tenemos limitaciones, pero trabajamos juntos y en equipo hemos podido desarrollar este modelo que se basa en la promoci\u00f3n, la prevenci\u00f3n y la atenci\u00f3n oportuna y de calidad a la poblaci\u00f3n\u201d.<\/p>\n<p>A su turno, el embajador Erik Hoeg sostuvo que \u201ccon este acuerdo estamos fortaleciendo nuestras relaciones con Barranquilla, que son excelentes, ahora en una cooperaci\u00f3n en el sector salud para hacer un plan de acci\u00f3n para combatir la diabetes, que es la enfermedad urbana del futuro, tendremos intercambio de experiencias y acciones concretas, y Barranquilla ser\u00e1 la ciudad n\u00famero 43 del mundo que se vincula a esta iniciativa\u201d.<\/p>\n<p>Barranquilla lleva 14 a\u00f1os trabajando y liderando a nivel local, regional y nacional la prevenci\u00f3n, plan de acci\u00f3n, cuidado y atenci\u00f3n de base comunitaria de la diabetes, lo que ha generado inter\u00e9s de otras regiones y pa\u00edses por conocer y adaptar la experiencia de la Administraci\u00f3n distrital.<\/p>\n<p>Lo anterior ha llevado a la obtenci\u00f3n de logros en la prevenci\u00f3n de la enfermedad. En ese sentido, la <strong>Secretar\u00eda Distrital de Salud, a trav\u00e9s de la Dimensi\u00f3n Vida Saludable y Condiciones No Transmisibles, y en alianza con la fundaci\u00f3n Vida Nueva<\/strong>, ha desarrollado una serie de acciones de sensibilizaci\u00f3n y educaci\u00f3n a la comunidad, dando a conocer los factores de riesgo de la diabetes tipo 2 o diabetes mellitus, que es la que afecta a la mayor parte de la poblaci\u00f3n y que est\u00e1 directamente relacionada con el sobrepeso, la obesidad y el sedentarismo.<\/p>\n<p>En las acciones concretas se destacan la sensibilizaci\u00f3n a m\u00e1s de 120.000 mujeres embarazadas sobre diabetes gestacional, 80.000 mujeres embarazadas tamizadas en 10 a\u00f1os para detecci\u00f3n y manejo de diabetes gestacional, se han diagnosticado e intervenido 5.500 mujeres con diabetes gestacional, m\u00e1s de 300.000 adultos ambos sexos han sido alcanzados por las campa\u00f1as de sensibilizaci\u00f3n, 30.000 adultos de ambos sexos tamizados para riesgo de diabetes tipo 2, 12.000 personas han sido detectadas con alto riesgo de diabetes, 30.000 ni\u00f1os de 28 instituciones educativas distritales han sido tamizados, 9.500 ni\u00f1os han sido detectados con sobrepeso u obesidad y han sido intervenidos, se han capacitado docentes de 21 instituciones educativas distritales y se promovieron 85 kioscos saludables.<\/p>\n<p>La diabetes es la sexta causa de muerte en el mundo. A nivel mundial, el n\u00famero de personas que viven con diabetes aument\u00f3 de 108 millones a 420 millones en los \u00faltimos 30 a\u00f1os y en solo 20 a\u00f1os la mortalidad por esta enfermedad aument\u00f3 70%.<\/p>\n<p><strong>La prevalencia de diabetes en Colombia es de 7% en hombres y 8% en mujeres.<\/strong> Actualmente, se estima que en Barranquilla existen entre 70.000 y 90.000 personas con diabetes, por lo menos el 40% no estar\u00edan diagnosticados. La diabetes gestacional afecta al 8% de las mujeres embarazadas de Barranquilla, cerca de 2.500. Las principales complicaciones en pacientes con diabetes tipo 2 (DM2) en Colombia son: oftalmol\u00f3gica el 31,9%, da\u00f1o renal el 25,9%, cardiovascular 23,1%, neurol\u00f3gico 16,9% y pie diab\u00e9tico el 6.0%.<\/p>\n<p>&nbsp;<\/p>\n","protected":false},"excerpt":{"rendered":"<p>Con la firma del acuerdo \u2018Ciudades cambiando la diabetes\u2019, Barranquilla consolida alianza con Dinamarca para seguir cooperando en la prevenci\u00f3n de una de las enfermedades que m\u00e1s impacto tienen a nivel mundial. Con esto, la ciudad est\u00e1 dentro del grupo latinoamericano de territorios que integran el programa, al lado de Bogot\u00e1, M\u00e9xico y Buenos Aires, y a nivel mundial con Finlandia y B\u00e9lgica.<\/p>\n","protected":false},"author":1,"featured_media":12346,"comment_status":"open","ping_status":"open","sticky":false,"template":"","format":"standard","meta":{"footnotes":""},"categories":[88,101,24,25],"tags":[7858,7859,7860,7861,7862,7863,267,7864,7865,7866,5353,7867],"class_list":["post-12345","post","type-post","status-publish","format-standard","has-post-thumbnail","hentry","category-mundo","category-pais","category-region","category-salud","tag-acuerdo-ciudades-cambiando-la-diabetes","tag-alcalde-jaime-pumarejo-heins","tag-barranquilla-consolida-alianza-con-dinamarca","tag-centro-de-diabetes-de-steno","tag-copenhague","tag-dimension-vida-saludable-y-condiciones-no-transmisibles","tag-distrito-de-barranquilla","tag-embajador-de-dinamarca","tag-erik-hoeg","tag-fundacion-vida-nueva","tag-secretaria-distrital-de-salud","tag-university-college-london"],"yoast_head":"<!-- This site is optimized with the Yoast SEO plugin v27.7 - https:\/\/yoast.com\/product\/yoast-seo-wordpress\/ -->\n<title>Barranquilla y Dinamarca firman convenio para promover la prevenci\u00f3n de la diabetes - Constrastes<\/title>\n<meta name=\"description\" content=\"Con la firma del acuerdo \u2018Ciudades cambiando la diabetes\u2019, Barranquilla consolida alianza con Dinamarca para seguir cooperando en la prevenci\u00f3n de una de las enfermedades que m\u00e1s impacto tienen a nivel mundial. Con esto, la ciudad est\u00e1 dentro del grupo latinoamericano de territorios que integran el programa, al lado de Bogot\u00e1, M\u00e9xico y Buenos Aires, y a nivel mundial con Finlandia y B\u00e9lgica.\" \/>\n<meta name=\"robots\" content=\"index, follow, max-snippet:-1, max-image-preview:large, max-video-preview:-1\" \/>\n<link rel=\"canonical\" href=\"https:\/\/contrastes.com.co\/web\/2022\/11\/16\/barranquilla-y-dinamarca-firman-convenio-para-promover-la-prevencion-de-la-diabetes\/\" \/>\n<meta property=\"og:locale\" content=\"es_ES\" \/>\n<meta property=\"og:type\" content=\"article\" \/>\n<meta property=\"og:title\" content=\"Barranquilla y Dinamarca firman convenio para promover la prevenci\u00f3n de la diabetes - Constrastes\" \/>\n<meta property=\"og:description\" content=\"Con la firma del acuerdo \u2018Ciudades cambiando la diabetes\u2019, Barranquilla consolida alianza con Dinamarca para seguir cooperando en la prevenci\u00f3n de una de las enfermedades que m\u00e1s impacto tienen a nivel mundial. Con esto, la ciudad est\u00e1 dentro del grupo latinoamericano de territorios que integran el programa, al lado de Bogot\u00e1, M\u00e9xico y Buenos Aires, y a nivel mundial con Finlandia y B\u00e9lgica.\" \/>\n<meta property=\"og:url\" content=\"https:\/\/contrastes.com.co\/web\/2022\/11\/16\/barranquilla-y-dinamarca-firman-convenio-para-promover-la-prevencion-de-la-diabetes\/\" \/>\n<meta property=\"og:site_name\" content=\"Constrastes\" \/>\n<meta property=\"article:publisher\" content=\"https:\/\/www.facebook.com\/guillo.pantoja.1\" \/>\n<meta property=\"article:published_time\" content=\"2022-11-17T00:28:33+00:00\" \/>\n<meta name=\"author\" content=\"Editor\" \/>\n<meta name=\"twitter:card\" content=\"summary_large_image\" \/>\n<meta name=\"twitter:label1\" content=\"Escrito por\" \/>\n\t<meta name=\"twitter:data1\" content=\"Editor\" \/>\n\t<meta name=\"twitter:label2\" content=\"Tiempo de lectura\" \/>\n\t<meta name=\"twitter:data2\" content=\"5 minutos\" \/>\n<script type=\"application\/ld+json\" class=\"yoast-schema-graph\">{\"@context\":\"https:\\\/\\\/schema.org\",\"@graph\":[{\"@type\":\"Article\",\"@id\":\"https:\\\/\\\/contrastes.com.co\\\/web\\\/2022\\\/11\\\/16\\\/barranquilla-y-dinamarca-firman-convenio-para-promover-la-prevencion-de-la-diabetes\\\/#article\",\"isPartOf\":{\"@id\":\"https:\\\/\\\/contrastes.com.co\\\/web\\\/2022\\\/11\\\/16\\\/barranquilla-y-dinamarca-firman-convenio-para-promover-la-prevencion-de-la-diabetes\\\/\"},\"author\":{\"name\":\"Editor\",\"@id\":\"https:\\\/\\\/contrastes.com.co\\\/web\\\/#\\\/schema\\\/person\\\/62ef7a62dc4da6de450c71fc2e95ed02\"},\"headline\":\"Barranquilla y Dinamarca firman convenio para promover la prevenci\u00f3n de la diabetes\",\"datePublished\":\"2022-11-17T00:28:33+00:00\",\"mainEntityOfPage\":{\"@id\":\"https:\\\/\\\/contrastes.com.co\\\/web\\\/2022\\\/11\\\/16\\\/barranquilla-y-dinamarca-firman-convenio-para-promover-la-prevencion-de-la-diabetes\\\/\"},\"wordCount\":935,\"commentCount\":0,\"publisher\":{\"@id\":\"https:\\\/\\\/contrastes.com.co\\\/web\\\/#organization\"},\"image\":{\"@id\":\"https:\\\/\\\/contrastes.com.co\\\/web\\\/2022\\\/11\\\/16\\\/barranquilla-y-dinamarca-firman-convenio-para-promover-la-prevencion-de-la-diabetes\\\/#primaryimage\"},\"thumbnailUrl\":\"\",\"keywords\":[\"acuerdo \u2018Ciudades cambiando la diabetes\u2019\",\"alcalde Jaime Pumarejo Heins\",\"Barranquilla consolida alianza con Dinamarca\",\"Centro de Diabetes de Steno\",\"Copenhague\",\"Dimensi\u00f3n Vida Saludable y Condiciones No Transmisibles\",\"distrito de barranquilla\",\"embajador de Dinamarca\",\"Erik Hoeg\",\"fundaci\u00f3n Vida Nueva\",\"Secretar\u00eda Distrital de Salud\",\"University College London\"],\"articleSection\":[\"Mundo\",\"Pa\u00eds\",\"Regi\u00f3n\",\"Salud\"],\"inLanguage\":\"es\",\"potentialAction\":[{\"@type\":\"CommentAction\",\"name\":\"Comment\",\"target\":[\"https:\\\/\\\/contrastes.com.co\\\/web\\\/2022\\\/11\\\/16\\\/barranquilla-y-dinamarca-firman-convenio-para-promover-la-prevencion-de-la-diabetes\\\/#respond\"]}]},{\"@type\":\"WebPage\",\"@id\":\"https:\\\/\\\/contrastes.com.co\\\/web\\\/2022\\\/11\\\/16\\\/barranquilla-y-dinamarca-firman-convenio-para-promover-la-prevencion-de-la-diabetes\\\/\",\"url\":\"https:\\\/\\\/contrastes.com.co\\\/web\\\/2022\\\/11\\\/16\\\/barranquilla-y-dinamarca-firman-convenio-para-promover-la-prevencion-de-la-diabetes\\\/\",\"name\":\"Barranquilla y Dinamarca firman convenio para promover la prevenci\u00f3n de la diabetes - Constrastes\",\"isPartOf\":{\"@id\":\"https:\\\/\\\/contrastes.com.co\\\/web\\\/#website\"},\"primaryImageOfPage\":{\"@id\":\"https:\\\/\\\/contrastes.com.co\\\/web\\\/2022\\\/11\\\/16\\\/barranquilla-y-dinamarca-firman-convenio-para-promover-la-prevencion-de-la-diabetes\\\/#primaryimage\"},\"image\":{\"@id\":\"https:\\\/\\\/contrastes.com.co\\\/web\\\/2022\\\/11\\\/16\\\/barranquilla-y-dinamarca-firman-convenio-para-promover-la-prevencion-de-la-diabetes\\\/#primaryimage\"},\"thumbnailUrl\":\"\",\"datePublished\":\"2022-11-17T00:28:33+00:00\",\"description\":\"Con la firma del acuerdo \u2018Ciudades cambiando la diabetes\u2019, Barranquilla consolida alianza con Dinamarca para seguir cooperando en la prevenci\u00f3n de una de las enfermedades que m\u00e1s impacto tienen a nivel mundial. Con esto, la ciudad est\u00e1 dentro del grupo latinoamericano de territorios que integran el programa, al lado de Bogot\u00e1, M\u00e9xico y Buenos Aires, y a nivel mundial con Finlandia y B\u00e9lgica.\",\"breadcrumb\":{\"@id\":\"https:\\\/\\\/contrastes.com.co\\\/web\\\/2022\\\/11\\\/16\\\/barranquilla-y-dinamarca-firman-convenio-para-promover-la-prevencion-de-la-diabetes\\\/#breadcrumb\"},\"inLanguage\":\"es\",\"potentialAction\":[{\"@type\":\"ReadAction\",\"target\":[\"https:\\\/\\\/contrastes.com.co\\\/web\\\/2022\\\/11\\\/16\\\/barranquilla-y-dinamarca-firman-convenio-para-promover-la-prevencion-de-la-diabetes\\\/\"]}]},{\"@type\":\"ImageObject\",\"inLanguage\":\"es\",\"@id\":\"https:\\\/\\\/contrastes.com.co\\\/web\\\/2022\\\/11\\\/16\\\/barranquilla-y-dinamarca-firman-convenio-para-promover-la-prevencion-de-la-diabetes\\\/#primaryimage\",\"url\":\"\",\"contentUrl\":\"\"},{\"@type\":\"BreadcrumbList\",\"@id\":\"https:\\\/\\\/contrastes.com.co\\\/web\\\/2022\\\/11\\\/16\\\/barranquilla-y-dinamarca-firman-convenio-para-promover-la-prevencion-de-la-diabetes\\\/#breadcrumb\",\"itemListElement\":[{\"@type\":\"ListItem\",\"position\":1,\"name\":\"Portada\",\"item\":\"https:\\\/\\\/contrastes.com.co\\\/web\\\/\"},{\"@type\":\"ListItem\",\"position\":2,\"name\":\"Barranquilla y Dinamarca firman convenio para promover la prevenci\u00f3n de la diabetes\"}]},{\"@type\":\"WebSite\",\"@id\":\"https:\\\/\\\/contrastes.com.co\\\/web\\\/#website\",\"url\":\"https:\\\/\\\/contrastes.com.co\\\/web\\\/\",\"name\":\"Contrastes\",\"description\":\"Periodismo de Conciencia\",\"publisher\":{\"@id\":\"https:\\\/\\\/contrastes.com.co\\\/web\\\/#organization\"},\"potentialAction\":[{\"@type\":\"SearchAction\",\"target\":{\"@type\":\"EntryPoint\",\"urlTemplate\":\"https:\\\/\\\/contrastes.com.co\\\/web\\\/?s={search_term_string}\"},\"query-input\":{\"@type\":\"PropertyValueSpecification\",\"valueRequired\":true,\"valueName\":\"search_term_string\"}}],\"inLanguage\":\"es\"},{\"@type\":\"Organization\",\"@id\":\"https:\\\/\\\/contrastes.com.co\\\/web\\\/#organization\",\"name\":\"Contrastes\",\"url\":\"https:\\\/\\\/contrastes.com.co\\\/web\\\/\",\"logo\":{\"@type\":\"ImageObject\",\"inLanguage\":\"es\",\"@id\":\"https:\\\/\\\/contrastes.com.co\\\/web\\\/#\\\/schema\\\/logo\\\/image\\\/\",\"url\":\"https:\\\/\\\/contrastes.com.co\\\/web\\\/wp-content\\\/uploads\\\/2025\\\/04\\\/15CONTRASTES3.png\",\"contentUrl\":\"https:\\\/\\\/contrastes.com.co\\\/web\\\/wp-content\\\/uploads\\\/2025\\\/04\\\/15CONTRASTES3.png\",\"width\":1536,\"height\":231,\"caption\":\"Contrastes\"},\"image\":{\"@id\":\"https:\\\/\\\/contrastes.com.co\\\/web\\\/#\\\/schema\\\/logo\\\/image\\\/\"},\"sameAs\":[\"https:\\\/\\\/www.facebook.com\\\/guillo.pantoja.1\"]},{\"@type\":\"Person\",\"@id\":\"https:\\\/\\\/contrastes.com.co\\\/web\\\/#\\\/schema\\\/person\\\/62ef7a62dc4da6de450c71fc2e95ed02\",\"name\":\"Editor\",\"image\":{\"@type\":\"ImageObject\",\"inLanguage\":\"es\",\"@id\":\"https:\\\/\\\/secure.gravatar.com\\\/avatar\\\/7bbb4f718d74bbf600dc556253bb04fd7ac8593751d6e2e3b85432d98aefae80?s=96&d=mm&r=g\",\"url\":\"https:\\\/\\\/secure.gravatar.com\\\/avatar\\\/7bbb4f718d74bbf600dc556253bb04fd7ac8593751d6e2e3b85432d98aefae80?s=96&d=mm&r=g\",\"contentUrl\":\"https:\\\/\\\/secure.gravatar.com\\\/avatar\\\/7bbb4f718d74bbf600dc556253bb04fd7ac8593751d6e2e3b85432d98aefae80?s=96&d=mm&r=g\",\"caption\":\"Editor\"},\"sameAs\":[\"https:\\\/\\\/contrastes.com.co\\\/web\"],\"url\":\"https:\\\/\\\/contrastes.com.co\\\/web\\\/author\\\/jdbobadilla\\\/\"}]}<\/script>\n<!-- \/ Yoast SEO plugin. -->","yoast_head_json":{"title":"Barranquilla y Dinamarca firman convenio para promover la prevenci\u00f3n de la diabetes - Constrastes","description":"Con la firma del acuerdo \u2018Ciudades cambiando la diabetes\u2019, Barranquilla consolida alianza con Dinamarca para seguir cooperando en la prevenci\u00f3n de una de las enfermedades que m\u00e1s impacto tienen a nivel mundial. Con esto, la ciudad est\u00e1 dentro del grupo latinoamericano de territorios que integran el programa, al lado de Bogot\u00e1, M\u00e9xico y Buenos Aires, y a nivel mundial con Finlandia y B\u00e9lgica.","robots":{"index":"index","follow":"follow","max-snippet":"max-snippet:-1","max-image-preview":"max-image-preview:large","max-video-preview":"max-video-preview:-1"},"canonical":"https:\/\/contrastes.com.co\/web\/2022\/11\/16\/barranquilla-y-dinamarca-firman-convenio-para-promover-la-prevencion-de-la-diabetes\/","og_locale":"es_ES","og_type":"article","og_title":"Barranquilla y Dinamarca firman convenio para promover la prevenci\u00f3n de la diabetes - Constrastes","og_description":"Con la firma del acuerdo \u2018Ciudades cambiando la diabetes\u2019, Barranquilla consolida alianza con Dinamarca para seguir cooperando en la prevenci\u00f3n de una de las enfermedades que m\u00e1s impacto tienen a nivel mundial. Con esto, la ciudad est\u00e1 dentro del grupo latinoamericano de territorios que integran el programa, al lado de Bogot\u00e1, M\u00e9xico y Buenos Aires, y a nivel mundial con Finlandia y B\u00e9lgica.","og_url":"https:\/\/contrastes.com.co\/web\/2022\/11\/16\/barranquilla-y-dinamarca-firman-convenio-para-promover-la-prevencion-de-la-diabetes\/","og_site_name":"Constrastes","article_publisher":"https:\/\/www.facebook.com\/guillo.pantoja.1","article_published_time":"2022-11-17T00:28:33+00:00","author":"Editor","twitter_card":"summary_large_image","twitter_misc":{"Escrito por":"Editor","Tiempo de lectura":"5 minutos"},"schema":{"@context":"https:\/\/schema.org","@graph":[{"@type":"Article","@id":"https:\/\/contrastes.com.co\/web\/2022\/11\/16\/barranquilla-y-dinamarca-firman-convenio-para-promover-la-prevencion-de-la-diabetes\/#article","isPartOf":{"@id":"https:\/\/contrastes.com.co\/web\/2022\/11\/16\/barranquilla-y-dinamarca-firman-convenio-para-promover-la-prevencion-de-la-diabetes\/"},"author":{"name":"Editor","@id":"https:\/\/contrastes.com.co\/web\/#\/schema\/person\/62ef7a62dc4da6de450c71fc2e95ed02"},"headline":"Barranquilla y Dinamarca firman convenio para promover la prevenci\u00f3n de la diabetes","datePublished":"2022-11-17T00:28:33+00:00","mainEntityOfPage":{"@id":"https:\/\/contrastes.com.co\/web\/2022\/11\/16\/barranquilla-y-dinamarca-firman-convenio-para-promover-la-prevencion-de-la-diabetes\/"},"wordCount":935,"commentCount":0,"publisher":{"@id":"https:\/\/contrastes.com.co\/web\/#organization"},"image":{"@id":"https:\/\/contrastes.com.co\/web\/2022\/11\/16\/barranquilla-y-dinamarca-firman-convenio-para-promover-la-prevencion-de-la-diabetes\/#primaryimage"},"thumbnailUrl":"","keywords":["acuerdo \u2018Ciudades cambiando la diabetes\u2019","alcalde Jaime Pumarejo Heins","Barranquilla consolida alianza con Dinamarca","Centro de Diabetes de Steno","Copenhague","Dimensi\u00f3n Vida Saludable y Condiciones No Transmisibles","distrito de barranquilla","embajador de Dinamarca","Erik Hoeg","fundaci\u00f3n Vida Nueva","Secretar\u00eda Distrital de Salud","University College London"],"articleSection":["Mundo","Pa\u00eds","Regi\u00f3n","Salud"],"inLanguage":"es","potentialAction":[{"@type":"CommentAction","name":"Comment","target":["https:\/\/contrastes.com.co\/web\/2022\/11\/16\/barranquilla-y-dinamarca-firman-convenio-para-promover-la-prevencion-de-la-diabetes\/#respond"]}]},{"@type":"WebPage","@id":"https:\/\/contrastes.com.co\/web\/2022\/11\/16\/barranquilla-y-dinamarca-firman-convenio-para-promover-la-prevencion-de-la-diabetes\/","url":"https:\/\/contrastes.com.co\/web\/2022\/11\/16\/barranquilla-y-dinamarca-firman-convenio-para-promover-la-prevencion-de-la-diabetes\/","name":"Barranquilla y Dinamarca firman convenio para promover la prevenci\u00f3n de la diabetes - Constrastes","isPartOf":{"@id":"https:\/\/contrastes.com.co\/web\/#website"},"primaryImageOfPage":{"@id":"https:\/\/contrastes.com.co\/web\/2022\/11\/16\/barranquilla-y-dinamarca-firman-convenio-para-promover-la-prevencion-de-la-diabetes\/#primaryimage"},"image":{"@id":"https:\/\/contrastes.com.co\/web\/2022\/11\/16\/barranquilla-y-dinamarca-firman-convenio-para-promover-la-prevencion-de-la-diabetes\/#primaryimage"},"thumbnailUrl":"","datePublished":"2022-11-17T00:28:33+00:00","description":"Con la firma del acuerdo \u2018Ciudades cambiando la diabetes\u2019, Barranquilla consolida alianza con Dinamarca para seguir cooperando en la prevenci\u00f3n de una de las enfermedades que m\u00e1s impacto tienen a nivel mundial. Con esto, la ciudad est\u00e1 dentro del grupo latinoamericano de territorios que integran el programa, al lado de Bogot\u00e1, M\u00e9xico y Buenos Aires, y a nivel mundial con Finlandia y B\u00e9lgica.","breadcrumb":{"@id":"https:\/\/contrastes.com.co\/web\/2022\/11\/16\/barranquilla-y-dinamarca-firman-convenio-para-promover-la-prevencion-de-la-diabetes\/#breadcrumb"},"inLanguage":"es","potentialAction":[{"@type":"ReadAction","target":["https:\/\/contrastes.com.co\/web\/2022\/11\/16\/barranquilla-y-dinamarca-firman-convenio-para-promover-la-prevencion-de-la-diabetes\/"]}]},{"@type":"ImageObject","inLanguage":"es","@id":"https:\/\/contrastes.com.co\/web\/2022\/11\/16\/barranquilla-y-dinamarca-firman-convenio-para-promover-la-prevencion-de-la-diabetes\/#primaryimage","url":"","contentUrl":""},{"@type":"BreadcrumbList","@id":"https:\/\/contrastes.com.co\/web\/2022\/11\/16\/barranquilla-y-dinamarca-firman-convenio-para-promover-la-prevencion-de-la-diabetes\/#breadcrumb","itemListElement":[{"@type":"ListItem","position":1,"name":"Portada","item":"https:\/\/contrastes.com.co\/web\/"},{"@type":"ListItem","position":2,"name":"Barranquilla y Dinamarca firman convenio para promover la prevenci\u00f3n de la diabetes"}]},{"@type":"WebSite","@id":"https:\/\/contrastes.com.co\/web\/#website","url":"https:\/\/contrastes.com.co\/web\/","name":"Contrastes","description":"Periodismo de Conciencia","publisher":{"@id":"https:\/\/contrastes.com.co\/web\/#organization"},"potentialAction":[{"@type":"SearchAction","target":{"@type":"EntryPoint","urlTemplate":"https:\/\/contrastes.com.co\/web\/?s={search_term_string}"},"query-input":{"@type":"PropertyValueSpecification","valueRequired":true,"valueName":"search_term_string"}}],"inLanguage":"es"},{"@type":"Organization","@id":"https:\/\/contrastes.com.co\/web\/#organization","name":"Contrastes","url":"https:\/\/contrastes.com.co\/web\/","logo":{"@type":"ImageObject","inLanguage":"es","@id":"https:\/\/contrastes.com.co\/web\/#\/schema\/logo\/image\/","url":"https:\/\/contrastes.com.co\/web\/wp-content\/uploads\/2025\/04\/15CONTRASTES3.png","contentUrl":"https:\/\/contrastes.com.co\/web\/wp-content\/uploads\/2025\/04\/15CONTRASTES3.png","width":1536,"height":231,"caption":"Contrastes"},"image":{"@id":"https:\/\/contrastes.com.co\/web\/#\/schema\/logo\/image\/"},"sameAs":["https:\/\/www.facebook.com\/guillo.pantoja.1"]},{"@type":"Person","@id":"https:\/\/contrastes.com.co\/web\/#\/schema\/person\/62ef7a62dc4da6de450c71fc2e95ed02","name":"Editor","image":{"@type":"ImageObject","inLanguage":"es","@id":"https:\/\/secure.gravatar.com\/avatar\/7bbb4f718d74bbf600dc556253bb04fd7ac8593751d6e2e3b85432d98aefae80?s=96&d=mm&r=g","url":"https:\/\/secure.gravatar.com\/avatar\/7bbb4f718d74bbf600dc556253bb04fd7ac8593751d6e2e3b85432d98aefae80?s=96&d=mm&r=g","contentUrl":"https:\/\/secure.gravatar.com\/avatar\/7bbb4f718d74bbf600dc556253bb04fd7ac8593751d6e2e3b85432d98aefae80?s=96&d=mm&r=g","caption":"Editor"},"sameAs":["https:\/\/contrastes.com.co\/web"],"url":"https:\/\/contrastes.com.co\/web\/author\/jdbobadilla\/"}]}},"blog_post_layout_featured_media_urls":{"thumbnail":"","full":""},"categories_names":{"88":{"name":"Mundo","link":"https:\/\/contrastes.com.co\/web\/category\/mundo\/"},"101":{"name":"Pa\u00eds","link":"https:\/\/contrastes.com.co\/web\/category\/pais\/"},"24":{"name":"Regi\u00f3n","link":"https:\/\/contrastes.com.co\/web\/category\/region\/"},"25":{"name":"Salud","link":"https:\/\/contrastes.com.co\/web\/category\/salud\/"}},"tags_names":{"7858":{"name":"acuerdo \u2018Ciudades cambiando la diabetes\u2019","link":"https:\/\/contrastes.com.co\/web\/tag\/acuerdo-ciudades-cambiando-la-diabetes\/"},"7859":{"name":"alcalde Jaime Pumarejo Heins","link":"https:\/\/contrastes.com.co\/web\/tag\/alcalde-jaime-pumarejo-heins\/"},"7860":{"name":"Barranquilla consolida alianza con Dinamarca","link":"https:\/\/contrastes.com.co\/web\/tag\/barranquilla-consolida-alianza-con-dinamarca\/"},"7861":{"name":"Centro de Diabetes de Steno","link":"https:\/\/contrastes.com.co\/web\/tag\/centro-de-diabetes-de-steno\/"},"7862":{"name":"Copenhague","link":"https:\/\/contrastes.com.co\/web\/tag\/copenhague\/"},"7863":{"name":"Dimensi\u00f3n Vida Saludable y Condiciones No Transmisibles","link":"https:\/\/contrastes.com.co\/web\/tag\/dimension-vida-saludable-y-condiciones-no-transmisibles\/"},"267":{"name":"distrito de barranquilla","link":"https:\/\/contrastes.com.co\/web\/tag\/distrito-de-barranquilla\/"},"7864":{"name":"embajador de Dinamarca","link":"https:\/\/contrastes.com.co\/web\/tag\/embajador-de-dinamarca\/"},"7865":{"name":"Erik Hoeg","link":"https:\/\/contrastes.com.co\/web\/tag\/erik-hoeg\/"},"7866":{"name":"fundaci\u00f3n Vida Nueva","link":"https:\/\/contrastes.com.co\/web\/tag\/fundacion-vida-nueva\/"},"5353":{"name":"Secretar\u00eda Distrital de Salud","link":"https:\/\/contrastes.com.co\/web\/tag\/secretaria-distrital-de-salud\/"},"7867":{"name":"University College London","link":"https:\/\/contrastes.com.co\/web\/tag\/university-college-london\/"}},"comments_number":"0","wpmagazine_modules_lite_featured_media_urls":{"thumbnail":"","cvmm-medium":"","cvmm-medium-plus":"","cvmm-portrait":"","cvmm-medium-square":"","cvmm-large":"","cvmm-small":"","full":""},"_links":{"self":[{"href":"https:\/\/contrastes.com.co\/web\/wp-json\/wp\/v2\/posts\/12345","targetHints":{"allow":["GET"]}}],"collection":[{"href":"https:\/\/contrastes.com.co\/web\/wp-json\/wp\/v2\/posts"}],"about":[{"href":"https:\/\/contrastes.com.co\/web\/wp-json\/wp\/v2\/types\/post"}],"author":[{"embeddable":true,"href":"https:\/\/contrastes.com.co\/web\/wp-json\/wp\/v2\/users\/1"}],"replies":[{"embeddable":true,"href":"https:\/\/contrastes.com.co\/web\/wp-json\/wp\/v2\/comments?post=12345"}],"version-history":[{"count":0,"href":"https:\/\/contrastes.com.co\/web\/wp-json\/wp\/v2\/posts\/12345\/revisions"}],"wp:attachment":[{"href":"https:\/\/contrastes.com.co\/web\/wp-json\/wp\/v2\/media?parent=12345"}],"wp:term":[{"taxonomy":"category","embeddable":true,"href":"https:\/\/contrastes.com.co\/web\/wp-json\/wp\/v2\/categories?post=12345"},{"taxonomy":"post_tag","embeddable":true,"href":"https:\/\/contrastes.com.co\/web\/wp-json\/wp\/v2\/tags?post=12345"}],"curies":[{"name":"wp","href":"https:\/\/api.w.org\/{rel}","templated":true}]}}