{"id":12496,"date":"2022-12-03T12:38:44","date_gmt":"2022-12-03T17:38:44","guid":{"rendered":"https:\/\/contrastes.com.co\/digital\/?p=12496"},"modified":"2022-12-03T12:38:44","modified_gmt":"2022-12-03T17:38:44","slug":"juan-sanchez-paez-gerente-del-hospital-materno-infantil-exalta-la-labor-de-los-medicos-en-su-dia","status":"publish","type":"post","link":"https:\/\/contrastes.com.co\/web\/2022\/12\/03\/juan-sanchez-paez-gerente-del-hospital-materno-infantil-exalta-la-labor-de-los-medicos-en-su-dia\/","title":{"rendered":"Juan S\u00e1nchez P\u00e1ez, gerente del Hospital Materno Infantil exalta la labor de los m\u00e9dicos en su d\u00eda"},"content":{"rendered":"<p><strong>*Juan S\u00e1nchez P\u00e1ez, gerente del Hospital Materno Infantil exalta la labor de los m\u00e9dicos en su d\u00eda<\/strong><\/p>\n<blockquote><p><strong>\u00abGracias a todos nuestros profesionales de la medicina, por su heroica labor, el gran esfuerzo y sacrificio que entregan d\u00eda a d\u00eda, por la constante lucha para salvar vidas y mantener una calidad de vida digna en toda la poblaci\u00f3n. Mil felicidades y muchas bendiciones\u00bb: Juan S\u00e1nchez P\u00e1ez- Gerente Hospital Materno Infantil de Soledad.<\/strong><\/p><\/blockquote>\n<p><img decoding=\"async\" class=\"alignleft wp-image-8918\" src=\"https:\/\/contrastes.com.co\/digital\/wp-content\/uploads\/2022\/04\/p-capitular.png\" alt=\"p\" width=\"69\" height=\"69\" \/>ara el gerente del Hospital materno Infantil de Soledad, la conmemoraci\u00f3n del <strong>D\u00eda Internacional del m\u00e9dico<\/strong> es de significativa importancia para la instituci\u00f3n, por lo que ellos representan en la misi\u00f3n y visi\u00f3n de la entidad, desde los valores y principios para desarrollar una labor digna que va encaminada a la buena salud de las personas, con atenci\u00f3n digna, de calidad, \u00e9tica y profesionalismo.<\/p>\n<p>\u00abGracias a todos nuestros profesionales de la medicina, por su heroica labor, el gran esfuerzo y sacrificio que entregan d\u00eda a d\u00eda, por la constante lucha para salvar vidas y mantener una calidad de vida digna en toda la poblaci\u00f3n. Mil felicidades y muchas bendiciones\u00bb: expres\u00f3<strong> Juan S\u00e1nchez P\u00e1ez- Gerente Hospital Materno Infantil de Soledad.<\/strong><\/p>\n<p>Para la conmemoraci\u00f3n de esta importante fecha el Hospital Materno Infantil tiene previsto realizar un reconocimiento a todos los profesionales de la salud, que ejercen este importante trabajo, salvar vidas y velar siempre por la salud de toda la poblaci\u00f3n.<\/p>\n<p>Durante la semana se desarrollar\u00e1n diversas actividades en los diferentes centros de Salud adscritos a la E.S.E.,donde se har\u00e1n agasajos y reconocimiento a quienes con su conocimiento y servicio, dan todo por los dem\u00e1s.<\/p>\n","protected":false},"excerpt":{"rendered":"<p>Para el gerente del Hospital materno Infantil de Soledad, la conmemoraci\u00f3n del Internacional del m\u00e9dico es de significativa importancia para la instituci\u00f3n, por lo que ellos representan en la misi\u00f3n y visi\u00f3n de la entidad, desde los valores y principios para desarrollar una labor digna que va encaminada a la buena salud de las personas, con atenci\u00f3n digna, de calidad, \u00e9tica y profesionalismo.<\/p>\n","protected":false},"author":1,"featured_media":12497,"comment_status":"open","ping_status":"open","sticky":false,"template":"","format":"standard","meta":{"footnotes":""},"categories":[23,88,101,25,1],"tags":[7993,3270,2041,51],"class_list":["post-12496","post","type-post","status-publish","format-standard","has-post-thumbnail","hentry","category-locales","category-mundo","category-pais","category-salud","category-uncategorized","tag-dia-internacional-del-medico","tag-gerente-hospital-materno-infantil-de-soledad","tag-juan-sanchez-paez","tag-municipio-de-soledad"],"yoast_head":"<!-- This site is optimized with the Yoast SEO plugin v27.7 - https:\/\/yoast.com\/product\/yoast-seo-wordpress\/ -->\n<title>Juan S\u00e1nchez P\u00e1ez, gerente del Hospital Materno Infantil exalta la labor de los m\u00e9dicos en su d\u00eda - Constrastes<\/title>\n<meta name=\"description\" content=\"Para el gerente del Hospital materno Infantil de Soledad, la conmemoraci\u00f3n del Internacional del m\u00e9dico es de significativa importancia para la instituci\u00f3n, por lo que ellos representan en la misi\u00f3n y visi\u00f3n de la entidad, desde los valores y principios para desarrollar una labor digna que va encaminada a la buena salud de las personas, con atenci\u00f3n digna, de calidad, \u00e9tica y profesionalismo.\" \/>\n<meta name=\"robots\" content=\"index, follow, max-snippet:-1, max-image-preview:large, max-video-preview:-1\" \/>\n<link rel=\"canonical\" href=\"https:\/\/contrastes.com.co\/web\/2022\/12\/03\/juan-sanchez-paez-gerente-del-hospital-materno-infantil-exalta-la-labor-de-los-medicos-en-su-dia\/\" \/>\n<meta property=\"og:locale\" content=\"es_ES\" \/>\n<meta property=\"og:type\" content=\"article\" \/>\n<meta property=\"og:title\" content=\"Juan S\u00e1nchez P\u00e1ez, gerente del Hospital Materno Infantil exalta la labor de los m\u00e9dicos en su d\u00eda - Constrastes\" \/>\n<meta property=\"og:description\" content=\"Para el gerente del Hospital materno Infantil de Soledad, la conmemoraci\u00f3n del Internacional del m\u00e9dico es de significativa importancia para la instituci\u00f3n, por lo que ellos representan en la misi\u00f3n y visi\u00f3n de la entidad, desde los valores y principios para desarrollar una labor digna que va encaminada a la buena salud de las personas, con atenci\u00f3n digna, de calidad, \u00e9tica y profesionalismo.\" \/>\n<meta property=\"og:url\" content=\"https:\/\/contrastes.com.co\/web\/2022\/12\/03\/juan-sanchez-paez-gerente-del-hospital-materno-infantil-exalta-la-labor-de-los-medicos-en-su-dia\/\" \/>\n<meta property=\"og:site_name\" content=\"Constrastes\" \/>\n<meta property=\"article:publisher\" content=\"https:\/\/www.facebook.com\/guillo.pantoja.1\" \/>\n<meta property=\"article:published_time\" content=\"2022-12-03T17:38:44+00:00\" \/>\n<meta name=\"author\" content=\"Editor\" \/>\n<meta name=\"twitter:card\" content=\"summary_large_image\" \/>\n<meta name=\"twitter:label1\" content=\"Escrito por\" \/>\n\t<meta name=\"twitter:data1\" content=\"Editor\" \/>\n\t<meta name=\"twitter:label2\" content=\"Tiempo de lectura\" \/>\n\t<meta name=\"twitter:data2\" content=\"1 minuto\" \/>\n<script type=\"application\/ld+json\" class=\"yoast-schema-graph\">{\"@context\":\"https:\\\/\\\/schema.org\",\"@graph\":[{\"@type\":\"Article\",\"@id\":\"https:\\\/\\\/contrastes.com.co\\\/web\\\/2022\\\/12\\\/03\\\/juan-sanchez-paez-gerente-del-hospital-materno-infantil-exalta-la-labor-de-los-medicos-en-su-dia\\\/#article\",\"isPartOf\":{\"@id\":\"https:\\\/\\\/contrastes.com.co\\\/web\\\/2022\\\/12\\\/03\\\/juan-sanchez-paez-gerente-del-hospital-materno-infantil-exalta-la-labor-de-los-medicos-en-su-dia\\\/\"},\"author\":{\"name\":\"Editor\",\"@id\":\"https:\\\/\\\/contrastes.com.co\\\/web\\\/#\\\/schema\\\/person\\\/62ef7a62dc4da6de450c71fc2e95ed02\"},\"headline\":\"Juan S\u00e1nchez P\u00e1ez, gerente del Hospital Materno Infantil exalta la labor de los m\u00e9dicos en su d\u00eda\",\"datePublished\":\"2022-12-03T17:38:44+00:00\",\"mainEntityOfPage\":{\"@id\":\"https:\\\/\\\/contrastes.com.co\\\/web\\\/2022\\\/12\\\/03\\\/juan-sanchez-paez-gerente-del-hospital-materno-infantil-exalta-la-labor-de-los-medicos-en-su-dia\\\/\"},\"wordCount\":314,\"commentCount\":0,\"publisher\":{\"@id\":\"https:\\\/\\\/contrastes.com.co\\\/web\\\/#organization\"},\"image\":{\"@id\":\"https:\\\/\\\/contrastes.com.co\\\/web\\\/2022\\\/12\\\/03\\\/juan-sanchez-paez-gerente-del-hospital-materno-infantil-exalta-la-labor-de-los-medicos-en-su-dia\\\/#primaryimage\"},\"thumbnailUrl\":\"\",\"keywords\":[\"D\u00eda Internacional del m\u00e9dico\",\"gerente hospital Materno Infantil de Soledad\",\"Juan S\u00e1nchez P\u00e1ez\",\"municipio de soledad\"],\"articleSection\":[\"Locales\",\"Mundo\",\"Pa\u00eds\",\"Salud\",\"Uncategorized\"],\"inLanguage\":\"es\",\"potentialAction\":[{\"@type\":\"CommentAction\",\"name\":\"Comment\",\"target\":[\"https:\\\/\\\/contrastes.com.co\\\/web\\\/2022\\\/12\\\/03\\\/juan-sanchez-paez-gerente-del-hospital-materno-infantil-exalta-la-labor-de-los-medicos-en-su-dia\\\/#respond\"]}]},{\"@type\":\"WebPage\",\"@id\":\"https:\\\/\\\/contrastes.com.co\\\/web\\\/2022\\\/12\\\/03\\\/juan-sanchez-paez-gerente-del-hospital-materno-infantil-exalta-la-labor-de-los-medicos-en-su-dia\\\/\",\"url\":\"https:\\\/\\\/contrastes.com.co\\\/web\\\/2022\\\/12\\\/03\\\/juan-sanchez-paez-gerente-del-hospital-materno-infantil-exalta-la-labor-de-los-medicos-en-su-dia\\\/\",\"name\":\"Juan S\u00e1nchez P\u00e1ez, gerente del Hospital Materno Infantil exalta la labor de los m\u00e9dicos en su d\u00eda - Constrastes\",\"isPartOf\":{\"@id\":\"https:\\\/\\\/contrastes.com.co\\\/web\\\/#website\"},\"primaryImageOfPage\":{\"@id\":\"https:\\\/\\\/contrastes.com.co\\\/web\\\/2022\\\/12\\\/03\\\/juan-sanchez-paez-gerente-del-hospital-materno-infantil-exalta-la-labor-de-los-medicos-en-su-dia\\\/#primaryimage\"},\"image\":{\"@id\":\"https:\\\/\\\/contrastes.com.co\\\/web\\\/2022\\\/12\\\/03\\\/juan-sanchez-paez-gerente-del-hospital-materno-infantil-exalta-la-labor-de-los-medicos-en-su-dia\\\/#primaryimage\"},\"thumbnailUrl\":\"\",\"datePublished\":\"2022-12-03T17:38:44+00:00\",\"description\":\"Para el gerente del Hospital materno Infantil de Soledad, la conmemoraci\u00f3n del Internacional del m\u00e9dico es de significativa importancia para la instituci\u00f3n, por lo que ellos representan en la misi\u00f3n y visi\u00f3n de la entidad, desde los valores y principios para desarrollar una labor digna que va encaminada a la buena salud de las personas, con atenci\u00f3n digna, de calidad, \u00e9tica y profesionalismo.\",\"breadcrumb\":{\"@id\":\"https:\\\/\\\/contrastes.com.co\\\/web\\\/2022\\\/12\\\/03\\\/juan-sanchez-paez-gerente-del-hospital-materno-infantil-exalta-la-labor-de-los-medicos-en-su-dia\\\/#breadcrumb\"},\"inLanguage\":\"es\",\"potentialAction\":[{\"@type\":\"ReadAction\",\"target\":[\"https:\\\/\\\/contrastes.com.co\\\/web\\\/2022\\\/12\\\/03\\\/juan-sanchez-paez-gerente-del-hospital-materno-infantil-exalta-la-labor-de-los-medicos-en-su-dia\\\/\"]}]},{\"@type\":\"ImageObject\",\"inLanguage\":\"es\",\"@id\":\"https:\\\/\\\/contrastes.com.co\\\/web\\\/2022\\\/12\\\/03\\\/juan-sanchez-paez-gerente-del-hospital-materno-infantil-exalta-la-labor-de-los-medicos-en-su-dia\\\/#primaryimage\",\"url\":\"\",\"contentUrl\":\"\"},{\"@type\":\"BreadcrumbList\",\"@id\":\"https:\\\/\\\/contrastes.com.co\\\/web\\\/2022\\\/12\\\/03\\\/juan-sanchez-paez-gerente-del-hospital-materno-infantil-exalta-la-labor-de-los-medicos-en-su-dia\\\/#breadcrumb\",\"itemListElement\":[{\"@type\":\"ListItem\",\"position\":1,\"name\":\"Portada\",\"item\":\"https:\\\/\\\/contrastes.com.co\\\/web\\\/\"},{\"@type\":\"ListItem\",\"position\":2,\"name\":\"Juan S\u00e1nchez P\u00e1ez, gerente del Hospital Materno Infantil exalta la labor de los m\u00e9dicos en su d\u00eda\"}]},{\"@type\":\"WebSite\",\"@id\":\"https:\\\/\\\/contrastes.com.co\\\/web\\\/#website\",\"url\":\"https:\\\/\\\/contrastes.com.co\\\/web\\\/\",\"name\":\"Contrastes\",\"description\":\"Periodismo de Conciencia\",\"publisher\":{\"@id\":\"https:\\\/\\\/contrastes.com.co\\\/web\\\/#organization\"},\"potentialAction\":[{\"@type\":\"SearchAction\",\"target\":{\"@type\":\"EntryPoint\",\"urlTemplate\":\"https:\\\/\\\/contrastes.com.co\\\/web\\\/?s={search_term_string}\"},\"query-input\":{\"@type\":\"PropertyValueSpecification\",\"valueRequired\":true,\"valueName\":\"search_term_string\"}}],\"inLanguage\":\"es\"},{\"@type\":\"Organization\",\"@id\":\"https:\\\/\\\/contrastes.com.co\\\/web\\\/#organization\",\"name\":\"Contrastes\",\"url\":\"https:\\\/\\\/contrastes.com.co\\\/web\\\/\",\"logo\":{\"@type\":\"ImageObject\",\"inLanguage\":\"es\",\"@id\":\"https:\\\/\\\/contrastes.com.co\\\/web\\\/#\\\/schema\\\/logo\\\/image\\\/\",\"url\":\"https:\\\/\\\/contrastes.com.co\\\/web\\\/wp-content\\\/uploads\\\/2025\\\/04\\\/15CONTRASTES3.png\",\"contentUrl\":\"https:\\\/\\\/contrastes.com.co\\\/web\\\/wp-content\\\/uploads\\\/2025\\\/04\\\/15CONTRASTES3.png\",\"width\":1536,\"height\":231,\"caption\":\"Contrastes\"},\"image\":{\"@id\":\"https:\\\/\\\/contrastes.com.co\\\/web\\\/#\\\/schema\\\/logo\\\/image\\\/\"},\"sameAs\":[\"https:\\\/\\\/www.facebook.com\\\/guillo.pantoja.1\"]},{\"@type\":\"Person\",\"@id\":\"https:\\\/\\\/contrastes.com.co\\\/web\\\/#\\\/schema\\\/person\\\/62ef7a62dc4da6de450c71fc2e95ed02\",\"name\":\"Editor\",\"image\":{\"@type\":\"ImageObject\",\"inLanguage\":\"es\",\"@id\":\"https:\\\/\\\/secure.gravatar.com\\\/avatar\\\/7bbb4f718d74bbf600dc556253bb04fd7ac8593751d6e2e3b85432d98aefae80?s=96&d=mm&r=g\",\"url\":\"https:\\\/\\\/secure.gravatar.com\\\/avatar\\\/7bbb4f718d74bbf600dc556253bb04fd7ac8593751d6e2e3b85432d98aefae80?s=96&d=mm&r=g\",\"contentUrl\":\"https:\\\/\\\/secure.gravatar.com\\\/avatar\\\/7bbb4f718d74bbf600dc556253bb04fd7ac8593751d6e2e3b85432d98aefae80?s=96&d=mm&r=g\",\"caption\":\"Editor\"},\"sameAs\":[\"https:\\\/\\\/contrastes.com.co\\\/web\"],\"url\":\"https:\\\/\\\/contrastes.com.co\\\/web\\\/author\\\/jdbobadilla\\\/\"}]}<\/script>\n<!-- \/ Yoast SEO plugin. -->","yoast_head_json":{"title":"Juan S\u00e1nchez P\u00e1ez, gerente del Hospital Materno Infantil exalta la labor de los m\u00e9dicos en su d\u00eda - Constrastes","description":"Para el gerente del Hospital materno Infantil de Soledad, la conmemoraci\u00f3n del Internacional del m\u00e9dico es de significativa importancia para la instituci\u00f3n, por lo que ellos representan en la misi\u00f3n y visi\u00f3n de la entidad, desde los valores y principios para desarrollar una labor digna que va encaminada a la buena salud de las personas, con atenci\u00f3n digna, de calidad, \u00e9tica y profesionalismo.","robots":{"index":"index","follow":"follow","max-snippet":"max-snippet:-1","max-image-preview":"max-image-preview:large","max-video-preview":"max-video-preview:-1"},"canonical":"https:\/\/contrastes.com.co\/web\/2022\/12\/03\/juan-sanchez-paez-gerente-del-hospital-materno-infantil-exalta-la-labor-de-los-medicos-en-su-dia\/","og_locale":"es_ES","og_type":"article","og_title":"Juan S\u00e1nchez P\u00e1ez, gerente del Hospital Materno Infantil exalta la labor de los m\u00e9dicos en su d\u00eda - Constrastes","og_description":"Para el gerente del Hospital materno Infantil de Soledad, la conmemoraci\u00f3n del Internacional del m\u00e9dico es de significativa importancia para la instituci\u00f3n, por lo que ellos representan en la misi\u00f3n y visi\u00f3n de la entidad, desde los valores y principios para desarrollar una labor digna que va encaminada a la buena salud de las personas, con atenci\u00f3n digna, de calidad, \u00e9tica y profesionalismo.","og_url":"https:\/\/contrastes.com.co\/web\/2022\/12\/03\/juan-sanchez-paez-gerente-del-hospital-materno-infantil-exalta-la-labor-de-los-medicos-en-su-dia\/","og_site_name":"Constrastes","article_publisher":"https:\/\/www.facebook.com\/guillo.pantoja.1","article_published_time":"2022-12-03T17:38:44+00:00","author":"Editor","twitter_card":"summary_large_image","twitter_misc":{"Escrito por":"Editor","Tiempo de lectura":"1 minuto"},"schema":{"@context":"https:\/\/schema.org","@graph":[{"@type":"Article","@id":"https:\/\/contrastes.com.co\/web\/2022\/12\/03\/juan-sanchez-paez-gerente-del-hospital-materno-infantil-exalta-la-labor-de-los-medicos-en-su-dia\/#article","isPartOf":{"@id":"https:\/\/contrastes.com.co\/web\/2022\/12\/03\/juan-sanchez-paez-gerente-del-hospital-materno-infantil-exalta-la-labor-de-los-medicos-en-su-dia\/"},"author":{"name":"Editor","@id":"https:\/\/contrastes.com.co\/web\/#\/schema\/person\/62ef7a62dc4da6de450c71fc2e95ed02"},"headline":"Juan S\u00e1nchez P\u00e1ez, gerente del Hospital Materno Infantil exalta la labor de los m\u00e9dicos en su d\u00eda","datePublished":"2022-12-03T17:38:44+00:00","mainEntityOfPage":{"@id":"https:\/\/contrastes.com.co\/web\/2022\/12\/03\/juan-sanchez-paez-gerente-del-hospital-materno-infantil-exalta-la-labor-de-los-medicos-en-su-dia\/"},"wordCount":314,"commentCount":0,"publisher":{"@id":"https:\/\/contrastes.com.co\/web\/#organization"},"image":{"@id":"https:\/\/contrastes.com.co\/web\/2022\/12\/03\/juan-sanchez-paez-gerente-del-hospital-materno-infantil-exalta-la-labor-de-los-medicos-en-su-dia\/#primaryimage"},"thumbnailUrl":"","keywords":["D\u00eda Internacional del m\u00e9dico","gerente hospital Materno Infantil de Soledad","Juan S\u00e1nchez P\u00e1ez","municipio de soledad"],"articleSection":["Locales","Mundo","Pa\u00eds","Salud","Uncategorized"],"inLanguage":"es","potentialAction":[{"@type":"CommentAction","name":"Comment","target":["https:\/\/contrastes.com.co\/web\/2022\/12\/03\/juan-sanchez-paez-gerente-del-hospital-materno-infantil-exalta-la-labor-de-los-medicos-en-su-dia\/#respond"]}]},{"@type":"WebPage","@id":"https:\/\/contrastes.com.co\/web\/2022\/12\/03\/juan-sanchez-paez-gerente-del-hospital-materno-infantil-exalta-la-labor-de-los-medicos-en-su-dia\/","url":"https:\/\/contrastes.com.co\/web\/2022\/12\/03\/juan-sanchez-paez-gerente-del-hospital-materno-infantil-exalta-la-labor-de-los-medicos-en-su-dia\/","name":"Juan S\u00e1nchez P\u00e1ez, gerente del Hospital Materno Infantil exalta la labor de los m\u00e9dicos en su d\u00eda - Constrastes","isPartOf":{"@id":"https:\/\/contrastes.com.co\/web\/#website"},"primaryImageOfPage":{"@id":"https:\/\/contrastes.com.co\/web\/2022\/12\/03\/juan-sanchez-paez-gerente-del-hospital-materno-infantil-exalta-la-labor-de-los-medicos-en-su-dia\/#primaryimage"},"image":{"@id":"https:\/\/contrastes.com.co\/web\/2022\/12\/03\/juan-sanchez-paez-gerente-del-hospital-materno-infantil-exalta-la-labor-de-los-medicos-en-su-dia\/#primaryimage"},"thumbnailUrl":"","datePublished":"2022-12-03T17:38:44+00:00","description":"Para el gerente del Hospital materno Infantil de Soledad, la conmemoraci\u00f3n del Internacional del m\u00e9dico es de significativa importancia para la instituci\u00f3n, por lo que ellos representan en la misi\u00f3n y visi\u00f3n de la entidad, desde los valores y principios para desarrollar una labor digna que va encaminada a la buena salud de las personas, con atenci\u00f3n digna, de calidad, \u00e9tica y profesionalismo.","breadcrumb":{"@id":"https:\/\/contrastes.com.co\/web\/2022\/12\/03\/juan-sanchez-paez-gerente-del-hospital-materno-infantil-exalta-la-labor-de-los-medicos-en-su-dia\/#breadcrumb"},"inLanguage":"es","potentialAction":[{"@type":"ReadAction","target":["https:\/\/contrastes.com.co\/web\/2022\/12\/03\/juan-sanchez-paez-gerente-del-hospital-materno-infantil-exalta-la-labor-de-los-medicos-en-su-dia\/"]}]},{"@type":"ImageObject","inLanguage":"es","@id":"https:\/\/contrastes.com.co\/web\/2022\/12\/03\/juan-sanchez-paez-gerente-del-hospital-materno-infantil-exalta-la-labor-de-los-medicos-en-su-dia\/#primaryimage","url":"","contentUrl":""},{"@type":"BreadcrumbList","@id":"https:\/\/contrastes.com.co\/web\/2022\/12\/03\/juan-sanchez-paez-gerente-del-hospital-materno-infantil-exalta-la-labor-de-los-medicos-en-su-dia\/#breadcrumb","itemListElement":[{"@type":"ListItem","position":1,"name":"Portada","item":"https:\/\/contrastes.com.co\/web\/"},{"@type":"ListItem","position":2,"name":"Juan S\u00e1nchez P\u00e1ez, gerente del Hospital Materno Infantil exalta la labor de los m\u00e9dicos en su d\u00eda"}]},{"@type":"WebSite","@id":"https:\/\/contrastes.com.co\/web\/#website","url":"https:\/\/contrastes.com.co\/web\/","name":"Contrastes","description":"Periodismo de Conciencia","publisher":{"@id":"https:\/\/contrastes.com.co\/web\/#organization"},"potentialAction":[{"@type":"SearchAction","target":{"@type":"EntryPoint","urlTemplate":"https:\/\/contrastes.com.co\/web\/?s={search_term_string}"},"query-input":{"@type":"PropertyValueSpecification","valueRequired":true,"valueName":"search_term_string"}}],"inLanguage":"es"},{"@type":"Organization","@id":"https:\/\/contrastes.com.co\/web\/#organization","name":"Contrastes","url":"https:\/\/contrastes.com.co\/web\/","logo":{"@type":"ImageObject","inLanguage":"es","@id":"https:\/\/contrastes.com.co\/web\/#\/schema\/logo\/image\/","url":"https:\/\/contrastes.com.co\/web\/wp-content\/uploads\/2025\/04\/15CONTRASTES3.png","contentUrl":"https:\/\/contrastes.com.co\/web\/wp-content\/uploads\/2025\/04\/15CONTRASTES3.png","width":1536,"height":231,"caption":"Contrastes"},"image":{"@id":"https:\/\/contrastes.com.co\/web\/#\/schema\/logo\/image\/"},"sameAs":["https:\/\/www.facebook.com\/guillo.pantoja.1"]},{"@type":"Person","@id":"https:\/\/contrastes.com.co\/web\/#\/schema\/person\/62ef7a62dc4da6de450c71fc2e95ed02","name":"Editor","image":{"@type":"ImageObject","inLanguage":"es","@id":"https:\/\/secure.gravatar.com\/avatar\/7bbb4f718d74bbf600dc556253bb04fd7ac8593751d6e2e3b85432d98aefae80?s=96&d=mm&r=g","url":"https:\/\/secure.gravatar.com\/avatar\/7bbb4f718d74bbf600dc556253bb04fd7ac8593751d6e2e3b85432d98aefae80?s=96&d=mm&r=g","contentUrl":"https:\/\/secure.gravatar.com\/avatar\/7bbb4f718d74bbf600dc556253bb04fd7ac8593751d6e2e3b85432d98aefae80?s=96&d=mm&r=g","caption":"Editor"},"sameAs":["https:\/\/contrastes.com.co\/web"],"url":"https:\/\/contrastes.com.co\/web\/author\/jdbobadilla\/"}]}},"blog_post_layout_featured_media_urls":{"thumbnail":"","full":""},"categories_names":{"23":{"name":"Locales","link":"https:\/\/contrastes.com.co\/web\/category\/locales\/"},"88":{"name":"Mundo","link":"https:\/\/contrastes.com.co\/web\/category\/mundo\/"},"101":{"name":"Pa\u00eds","link":"https:\/\/contrastes.com.co\/web\/category\/pais\/"},"25":{"name":"Salud","link":"https:\/\/contrastes.com.co\/web\/category\/salud\/"},"1":{"name":"Uncategorized","link":"https:\/\/contrastes.com.co\/web\/category\/uncategorized\/"}},"tags_names":{"7993":{"name":"D\u00eda Internacional del m\u00e9dico","link":"https:\/\/contrastes.com.co\/web\/tag\/dia-internacional-del-medico\/"},"3270":{"name":"gerente hospital Materno Infantil de Soledad","link":"https:\/\/contrastes.com.co\/web\/tag\/gerente-hospital-materno-infantil-de-soledad\/"},"2041":{"name":"Juan S\u00e1nchez P\u00e1ez","link":"https:\/\/contrastes.com.co\/web\/tag\/juan-sanchez-paez\/"},"51":{"name":"municipio de soledad","link":"https:\/\/contrastes.com.co\/web\/tag\/municipio-de-soledad\/"}},"comments_number":"0","wpmagazine_modules_lite_featured_media_urls":{"thumbnail":"","cvmm-medium":"","cvmm-medium-plus":"","cvmm-portrait":"","cvmm-medium-square":"","cvmm-large":"","cvmm-small":"","full":""},"_links":{"self":[{"href":"https:\/\/contrastes.com.co\/web\/wp-json\/wp\/v2\/posts\/12496","targetHints":{"allow":["GET"]}}],"collection":[{"href":"https:\/\/contrastes.com.co\/web\/wp-json\/wp\/v2\/posts"}],"about":[{"href":"https:\/\/contrastes.com.co\/web\/wp-json\/wp\/v2\/types\/post"}],"author":[{"embeddable":true,"href":"https:\/\/contrastes.com.co\/web\/wp-json\/wp\/v2\/users\/1"}],"replies":[{"embeddable":true,"href":"https:\/\/contrastes.com.co\/web\/wp-json\/wp\/v2\/comments?post=12496"}],"version-history":[{"count":0,"href":"https:\/\/contrastes.com.co\/web\/wp-json\/wp\/v2\/posts\/12496\/revisions"}],"wp:attachment":[{"href":"https:\/\/contrastes.com.co\/web\/wp-json\/wp\/v2\/media?parent=12496"}],"wp:term":[{"taxonomy":"category","embeddable":true,"href":"https:\/\/contrastes.com.co\/web\/wp-json\/wp\/v2\/categories?post=12496"},{"taxonomy":"post_tag","embeddable":true,"href":"https:\/\/contrastes.com.co\/web\/wp-json\/wp\/v2\/tags?post=12496"}],"curies":[{"name":"wp","href":"https:\/\/api.w.org\/{rel}","templated":true}]}}