{"id":12576,"date":"2023-01-10T08:18:52","date_gmt":"2023-01-10T13:18:52","guid":{"rendered":"https:\/\/contrastes.com.co\/digital\/?p=12576"},"modified":"2023-01-10T08:18:52","modified_gmt":"2023-01-10T13:18:52","slug":"asesinan-a-bala-a-un-hombre-en-el-barrio-la-central","status":"publish","type":"post","link":"https:\/\/contrastes.com.co\/web\/2023\/01\/10\/asesinan-a-bala-a-un-hombre-en-el-barrio-la-central\/","title":{"rendered":"Asesinan a bala a un hombre en el barrio La Central"},"content":{"rendered":"<p><strong>Asesinan a bala a un hombre en el barrio La Central, en el suroccidente de Soledad<\/strong><\/p>\n<blockquote><p><strong>Cabe recordar que el d\u00eda anterior, en horas de la tarde, en el barrio 12 de Octubre tambi\u00e9n se registr\u00f3 un crimen a bala. La v\u00edctima en este caso fue identificada como H\u00e9ctor Andr\u00e9s G\u00f3mez Mendoza, de 22 a\u00f1os de edad.<\/strong><\/p><\/blockquote>\n<p><img decoding=\"async\" class=\"alignleft  wp-image-8657\" src=\"https:\/\/contrastes.com.co\/digital\/wp-content\/uploads\/2022\/03\/u-capitular.png\" alt=\"u capitular\" width=\"66\" height=\"66\" \/>n homicidio se registr\u00f3 en la tarde de este lunes festivo en la carrera 4 con calle 68A, barrio La Central del municipio de Soledad. Seg\u00fan testigos, desconocidos en una moto abrieron fuego contra un hombre que vest\u00eda una camisa roja, pantaloneta del mismo color y calzaba unas chancletas de color gris.<\/p>\n<p>Hasta el momento la Polic\u00eda no ha revelado la identidad de la v\u00edctima, que qued\u00f3 tendida en el lugar de los hechos. Este es el segundo crimen en 24 horas en el municipio de Soledad.<\/p>\n<p>Cabe recordar que el d\u00eda anterior, en horas de la tarde, en el barrio 12 de Octubre tambi\u00e9n se registr\u00f3 un crimen a bala. La v\u00edctima en este caso fue identificada como H\u00e9ctor Andr\u00e9s G\u00f3mez Mendoza, de 22 a\u00f1os de edad.<\/p>\n","protected":false},"excerpt":{"rendered":"<p>Un homicidio se registr\u00f3 en la tarde de este lunes festivo en la carrera 4 con calle 68A, barrio La Central del municipio de Soledad. Seg\u00fan testigos, desconocidos en una moto abrieron fuego contra un hombre que vest\u00eda una camisa roja, pantaloneta del mismo color y calzaba unas chancletas de color gris.<\/p>\n","protected":false},"author":1,"featured_media":12577,"comment_status":"open","ping_status":"open","sticky":false,"template":"","format":"standard","meta":{"footnotes":""},"categories":[172,23],"tags":[1069,1715,51],"class_list":["post-12576","post","type-post","status-publish","format-standard","has-post-thumbnail","hentry","category-judicial","category-locales","tag-barrio-la-central","tag-homicidio","tag-municipio-de-soledad"],"yoast_head":"<!-- This site is optimized with the Yoast SEO plugin v27.7 - https:\/\/yoast.com\/product\/yoast-seo-wordpress\/ -->\n<title>Asesinan a bala a un hombre en el barrio La Central - Constrastes<\/title>\n<meta name=\"description\" content=\"Un homicidio se registr\u00f3 en la tarde de este lunes festivo en la carrera 4 con calle 68A, barrio La Central del municipio de Soledad. Seg\u00fan testigos, desconocidos en una moto abrieron fuego contra un hombre que vest\u00eda una camisa roja, pantaloneta del mismo color y calzaba unas chancletas de color gris.\" \/>\n<meta name=\"robots\" content=\"index, follow, max-snippet:-1, max-image-preview:large, max-video-preview:-1\" \/>\n<link rel=\"canonical\" href=\"https:\/\/contrastes.com.co\/web\/2023\/01\/10\/asesinan-a-bala-a-un-hombre-en-el-barrio-la-central\/\" \/>\n<meta property=\"og:locale\" content=\"es_ES\" \/>\n<meta property=\"og:type\" content=\"article\" \/>\n<meta property=\"og:title\" content=\"Asesinan a bala a un hombre en el barrio La Central - Constrastes\" \/>\n<meta property=\"og:description\" content=\"Un homicidio se registr\u00f3 en la tarde de este lunes festivo en la carrera 4 con calle 68A, barrio La Central del municipio de Soledad. Seg\u00fan testigos, desconocidos en una moto abrieron fuego contra un hombre que vest\u00eda una camisa roja, pantaloneta del mismo color y calzaba unas chancletas de color gris.\" \/>\n<meta property=\"og:url\" content=\"https:\/\/contrastes.com.co\/web\/2023\/01\/10\/asesinan-a-bala-a-un-hombre-en-el-barrio-la-central\/\" \/>\n<meta property=\"og:site_name\" content=\"Constrastes\" \/>\n<meta property=\"article:publisher\" content=\"https:\/\/www.facebook.com\/guillo.pantoja.1\" \/>\n<meta property=\"article:published_time\" content=\"2023-01-10T13:18:52+00:00\" \/>\n<meta name=\"author\" content=\"Editor\" \/>\n<meta name=\"twitter:card\" content=\"summary_large_image\" \/>\n<meta name=\"twitter:label1\" content=\"Escrito por\" \/>\n\t<meta name=\"twitter:data1\" content=\"Editor\" \/>\n\t<meta name=\"twitter:label2\" content=\"Tiempo de lectura\" \/>\n\t<meta name=\"twitter:data2\" content=\"1 minuto\" \/>\n<script type=\"application\/ld+json\" class=\"yoast-schema-graph\">{\"@context\":\"https:\\\/\\\/schema.org\",\"@graph\":[{\"@type\":\"Article\",\"@id\":\"https:\\\/\\\/contrastes.com.co\\\/web\\\/2023\\\/01\\\/10\\\/asesinan-a-bala-a-un-hombre-en-el-barrio-la-central\\\/#article\",\"isPartOf\":{\"@id\":\"https:\\\/\\\/contrastes.com.co\\\/web\\\/2023\\\/01\\\/10\\\/asesinan-a-bala-a-un-hombre-en-el-barrio-la-central\\\/\"},\"author\":{\"name\":\"Editor\",\"@id\":\"https:\\\/\\\/contrastes.com.co\\\/web\\\/#\\\/schema\\\/person\\\/62ef7a62dc4da6de450c71fc2e95ed02\"},\"headline\":\"Asesinan a bala a un hombre en el barrio La Central\",\"datePublished\":\"2023-01-10T13:18:52+00:00\",\"mainEntityOfPage\":{\"@id\":\"https:\\\/\\\/contrastes.com.co\\\/web\\\/2023\\\/01\\\/10\\\/asesinan-a-bala-a-un-hombre-en-el-barrio-la-central\\\/\"},\"wordCount\":208,\"commentCount\":0,\"publisher\":{\"@id\":\"https:\\\/\\\/contrastes.com.co\\\/web\\\/#organization\"},\"image\":{\"@id\":\"https:\\\/\\\/contrastes.com.co\\\/web\\\/2023\\\/01\\\/10\\\/asesinan-a-bala-a-un-hombre-en-el-barrio-la-central\\\/#primaryimage\"},\"thumbnailUrl\":\"\",\"keywords\":[\"Barrio La Central\",\"homicidio\",\"municipio de soledad\"],\"articleSection\":[\"Judicial\",\"Locales\"],\"inLanguage\":\"es\",\"potentialAction\":[{\"@type\":\"CommentAction\",\"name\":\"Comment\",\"target\":[\"https:\\\/\\\/contrastes.com.co\\\/web\\\/2023\\\/01\\\/10\\\/asesinan-a-bala-a-un-hombre-en-el-barrio-la-central\\\/#respond\"]}]},{\"@type\":\"WebPage\",\"@id\":\"https:\\\/\\\/contrastes.com.co\\\/web\\\/2023\\\/01\\\/10\\\/asesinan-a-bala-a-un-hombre-en-el-barrio-la-central\\\/\",\"url\":\"https:\\\/\\\/contrastes.com.co\\\/web\\\/2023\\\/01\\\/10\\\/asesinan-a-bala-a-un-hombre-en-el-barrio-la-central\\\/\",\"name\":\"Asesinan a bala a un hombre en el barrio La Central - Constrastes\",\"isPartOf\":{\"@id\":\"https:\\\/\\\/contrastes.com.co\\\/web\\\/#website\"},\"primaryImageOfPage\":{\"@id\":\"https:\\\/\\\/contrastes.com.co\\\/web\\\/2023\\\/01\\\/10\\\/asesinan-a-bala-a-un-hombre-en-el-barrio-la-central\\\/#primaryimage\"},\"image\":{\"@id\":\"https:\\\/\\\/contrastes.com.co\\\/web\\\/2023\\\/01\\\/10\\\/asesinan-a-bala-a-un-hombre-en-el-barrio-la-central\\\/#primaryimage\"},\"thumbnailUrl\":\"\",\"datePublished\":\"2023-01-10T13:18:52+00:00\",\"description\":\"Un homicidio se registr\u00f3 en la tarde de este lunes festivo en la carrera 4 con calle 68A, barrio La Central del municipio de Soledad. Seg\u00fan testigos, desconocidos en una moto abrieron fuego contra un hombre que vest\u00eda una camisa roja, pantaloneta del mismo color y calzaba unas chancletas de color gris.\",\"breadcrumb\":{\"@id\":\"https:\\\/\\\/contrastes.com.co\\\/web\\\/2023\\\/01\\\/10\\\/asesinan-a-bala-a-un-hombre-en-el-barrio-la-central\\\/#breadcrumb\"},\"inLanguage\":\"es\",\"potentialAction\":[{\"@type\":\"ReadAction\",\"target\":[\"https:\\\/\\\/contrastes.com.co\\\/web\\\/2023\\\/01\\\/10\\\/asesinan-a-bala-a-un-hombre-en-el-barrio-la-central\\\/\"]}]},{\"@type\":\"ImageObject\",\"inLanguage\":\"es\",\"@id\":\"https:\\\/\\\/contrastes.com.co\\\/web\\\/2023\\\/01\\\/10\\\/asesinan-a-bala-a-un-hombre-en-el-barrio-la-central\\\/#primaryimage\",\"url\":\"\",\"contentUrl\":\"\"},{\"@type\":\"BreadcrumbList\",\"@id\":\"https:\\\/\\\/contrastes.com.co\\\/web\\\/2023\\\/01\\\/10\\\/asesinan-a-bala-a-un-hombre-en-el-barrio-la-central\\\/#breadcrumb\",\"itemListElement\":[{\"@type\":\"ListItem\",\"position\":1,\"name\":\"Portada\",\"item\":\"https:\\\/\\\/contrastes.com.co\\\/web\\\/\"},{\"@type\":\"ListItem\",\"position\":2,\"name\":\"Asesinan a bala a un hombre en el barrio La Central\"}]},{\"@type\":\"WebSite\",\"@id\":\"https:\\\/\\\/contrastes.com.co\\\/web\\\/#website\",\"url\":\"https:\\\/\\\/contrastes.com.co\\\/web\\\/\",\"name\":\"Contrastes\",\"description\":\"Periodismo de Conciencia\",\"publisher\":{\"@id\":\"https:\\\/\\\/contrastes.com.co\\\/web\\\/#organization\"},\"potentialAction\":[{\"@type\":\"SearchAction\",\"target\":{\"@type\":\"EntryPoint\",\"urlTemplate\":\"https:\\\/\\\/contrastes.com.co\\\/web\\\/?s={search_term_string}\"},\"query-input\":{\"@type\":\"PropertyValueSpecification\",\"valueRequired\":true,\"valueName\":\"search_term_string\"}}],\"inLanguage\":\"es\"},{\"@type\":\"Organization\",\"@id\":\"https:\\\/\\\/contrastes.com.co\\\/web\\\/#organization\",\"name\":\"Contrastes\",\"url\":\"https:\\\/\\\/contrastes.com.co\\\/web\\\/\",\"logo\":{\"@type\":\"ImageObject\",\"inLanguage\":\"es\",\"@id\":\"https:\\\/\\\/contrastes.com.co\\\/web\\\/#\\\/schema\\\/logo\\\/image\\\/\",\"url\":\"https:\\\/\\\/contrastes.com.co\\\/web\\\/wp-content\\\/uploads\\\/2025\\\/04\\\/15CONTRASTES3.png\",\"contentUrl\":\"https:\\\/\\\/contrastes.com.co\\\/web\\\/wp-content\\\/uploads\\\/2025\\\/04\\\/15CONTRASTES3.png\",\"width\":1536,\"height\":231,\"caption\":\"Contrastes\"},\"image\":{\"@id\":\"https:\\\/\\\/contrastes.com.co\\\/web\\\/#\\\/schema\\\/logo\\\/image\\\/\"},\"sameAs\":[\"https:\\\/\\\/www.facebook.com\\\/guillo.pantoja.1\"]},{\"@type\":\"Person\",\"@id\":\"https:\\\/\\\/contrastes.com.co\\\/web\\\/#\\\/schema\\\/person\\\/62ef7a62dc4da6de450c71fc2e95ed02\",\"name\":\"Editor\",\"image\":{\"@type\":\"ImageObject\",\"inLanguage\":\"es\",\"@id\":\"https:\\\/\\\/secure.gravatar.com\\\/avatar\\\/7bbb4f718d74bbf600dc556253bb04fd7ac8593751d6e2e3b85432d98aefae80?s=96&d=mm&r=g\",\"url\":\"https:\\\/\\\/secure.gravatar.com\\\/avatar\\\/7bbb4f718d74bbf600dc556253bb04fd7ac8593751d6e2e3b85432d98aefae80?s=96&d=mm&r=g\",\"contentUrl\":\"https:\\\/\\\/secure.gravatar.com\\\/avatar\\\/7bbb4f718d74bbf600dc556253bb04fd7ac8593751d6e2e3b85432d98aefae80?s=96&d=mm&r=g\",\"caption\":\"Editor\"},\"sameAs\":[\"https:\\\/\\\/contrastes.com.co\\\/web\"],\"url\":\"https:\\\/\\\/contrastes.com.co\\\/web\\\/author\\\/jdbobadilla\\\/\"}]}<\/script>\n<!-- \/ Yoast SEO plugin. -->","yoast_head_json":{"title":"Asesinan a bala a un hombre en el barrio La Central - Constrastes","description":"Un homicidio se registr\u00f3 en la tarde de este lunes festivo en la carrera 4 con calle 68A, barrio La Central del municipio de Soledad. Seg\u00fan testigos, desconocidos en una moto abrieron fuego contra un hombre que vest\u00eda una camisa roja, pantaloneta del mismo color y calzaba unas chancletas de color gris.","robots":{"index":"index","follow":"follow","max-snippet":"max-snippet:-1","max-image-preview":"max-image-preview:large","max-video-preview":"max-video-preview:-1"},"canonical":"https:\/\/contrastes.com.co\/web\/2023\/01\/10\/asesinan-a-bala-a-un-hombre-en-el-barrio-la-central\/","og_locale":"es_ES","og_type":"article","og_title":"Asesinan a bala a un hombre en el barrio La Central - Constrastes","og_description":"Un homicidio se registr\u00f3 en la tarde de este lunes festivo en la carrera 4 con calle 68A, barrio La Central del municipio de Soledad. Seg\u00fan testigos, desconocidos en una moto abrieron fuego contra un hombre que vest\u00eda una camisa roja, pantaloneta del mismo color y calzaba unas chancletas de color gris.","og_url":"https:\/\/contrastes.com.co\/web\/2023\/01\/10\/asesinan-a-bala-a-un-hombre-en-el-barrio-la-central\/","og_site_name":"Constrastes","article_publisher":"https:\/\/www.facebook.com\/guillo.pantoja.1","article_published_time":"2023-01-10T13:18:52+00:00","author":"Editor","twitter_card":"summary_large_image","twitter_misc":{"Escrito por":"Editor","Tiempo de lectura":"1 minuto"},"schema":{"@context":"https:\/\/schema.org","@graph":[{"@type":"Article","@id":"https:\/\/contrastes.com.co\/web\/2023\/01\/10\/asesinan-a-bala-a-un-hombre-en-el-barrio-la-central\/#article","isPartOf":{"@id":"https:\/\/contrastes.com.co\/web\/2023\/01\/10\/asesinan-a-bala-a-un-hombre-en-el-barrio-la-central\/"},"author":{"name":"Editor","@id":"https:\/\/contrastes.com.co\/web\/#\/schema\/person\/62ef7a62dc4da6de450c71fc2e95ed02"},"headline":"Asesinan a bala a un hombre en el barrio La Central","datePublished":"2023-01-10T13:18:52+00:00","mainEntityOfPage":{"@id":"https:\/\/contrastes.com.co\/web\/2023\/01\/10\/asesinan-a-bala-a-un-hombre-en-el-barrio-la-central\/"},"wordCount":208,"commentCount":0,"publisher":{"@id":"https:\/\/contrastes.com.co\/web\/#organization"},"image":{"@id":"https:\/\/contrastes.com.co\/web\/2023\/01\/10\/asesinan-a-bala-a-un-hombre-en-el-barrio-la-central\/#primaryimage"},"thumbnailUrl":"","keywords":["Barrio La Central","homicidio","municipio de soledad"],"articleSection":["Judicial","Locales"],"inLanguage":"es","potentialAction":[{"@type":"CommentAction","name":"Comment","target":["https:\/\/contrastes.com.co\/web\/2023\/01\/10\/asesinan-a-bala-a-un-hombre-en-el-barrio-la-central\/#respond"]}]},{"@type":"WebPage","@id":"https:\/\/contrastes.com.co\/web\/2023\/01\/10\/asesinan-a-bala-a-un-hombre-en-el-barrio-la-central\/","url":"https:\/\/contrastes.com.co\/web\/2023\/01\/10\/asesinan-a-bala-a-un-hombre-en-el-barrio-la-central\/","name":"Asesinan a bala a un hombre en el barrio La Central - Constrastes","isPartOf":{"@id":"https:\/\/contrastes.com.co\/web\/#website"},"primaryImageOfPage":{"@id":"https:\/\/contrastes.com.co\/web\/2023\/01\/10\/asesinan-a-bala-a-un-hombre-en-el-barrio-la-central\/#primaryimage"},"image":{"@id":"https:\/\/contrastes.com.co\/web\/2023\/01\/10\/asesinan-a-bala-a-un-hombre-en-el-barrio-la-central\/#primaryimage"},"thumbnailUrl":"","datePublished":"2023-01-10T13:18:52+00:00","description":"Un homicidio se registr\u00f3 en la tarde de este lunes festivo en la carrera 4 con calle 68A, barrio La Central del municipio de Soledad. Seg\u00fan testigos, desconocidos en una moto abrieron fuego contra un hombre que vest\u00eda una camisa roja, pantaloneta del mismo color y calzaba unas chancletas de color gris.","breadcrumb":{"@id":"https:\/\/contrastes.com.co\/web\/2023\/01\/10\/asesinan-a-bala-a-un-hombre-en-el-barrio-la-central\/#breadcrumb"},"inLanguage":"es","potentialAction":[{"@type":"ReadAction","target":["https:\/\/contrastes.com.co\/web\/2023\/01\/10\/asesinan-a-bala-a-un-hombre-en-el-barrio-la-central\/"]}]},{"@type":"ImageObject","inLanguage":"es","@id":"https:\/\/contrastes.com.co\/web\/2023\/01\/10\/asesinan-a-bala-a-un-hombre-en-el-barrio-la-central\/#primaryimage","url":"","contentUrl":""},{"@type":"BreadcrumbList","@id":"https:\/\/contrastes.com.co\/web\/2023\/01\/10\/asesinan-a-bala-a-un-hombre-en-el-barrio-la-central\/#breadcrumb","itemListElement":[{"@type":"ListItem","position":1,"name":"Portada","item":"https:\/\/contrastes.com.co\/web\/"},{"@type":"ListItem","position":2,"name":"Asesinan a bala a un hombre en el barrio La Central"}]},{"@type":"WebSite","@id":"https:\/\/contrastes.com.co\/web\/#website","url":"https:\/\/contrastes.com.co\/web\/","name":"Contrastes","description":"Periodismo de Conciencia","publisher":{"@id":"https:\/\/contrastes.com.co\/web\/#organization"},"potentialAction":[{"@type":"SearchAction","target":{"@type":"EntryPoint","urlTemplate":"https:\/\/contrastes.com.co\/web\/?s={search_term_string}"},"query-input":{"@type":"PropertyValueSpecification","valueRequired":true,"valueName":"search_term_string"}}],"inLanguage":"es"},{"@type":"Organization","@id":"https:\/\/contrastes.com.co\/web\/#organization","name":"Contrastes","url":"https:\/\/contrastes.com.co\/web\/","logo":{"@type":"ImageObject","inLanguage":"es","@id":"https:\/\/contrastes.com.co\/web\/#\/schema\/logo\/image\/","url":"https:\/\/contrastes.com.co\/web\/wp-content\/uploads\/2025\/04\/15CONTRASTES3.png","contentUrl":"https:\/\/contrastes.com.co\/web\/wp-content\/uploads\/2025\/04\/15CONTRASTES3.png","width":1536,"height":231,"caption":"Contrastes"},"image":{"@id":"https:\/\/contrastes.com.co\/web\/#\/schema\/logo\/image\/"},"sameAs":["https:\/\/www.facebook.com\/guillo.pantoja.1"]},{"@type":"Person","@id":"https:\/\/contrastes.com.co\/web\/#\/schema\/person\/62ef7a62dc4da6de450c71fc2e95ed02","name":"Editor","image":{"@type":"ImageObject","inLanguage":"es","@id":"https:\/\/secure.gravatar.com\/avatar\/7bbb4f718d74bbf600dc556253bb04fd7ac8593751d6e2e3b85432d98aefae80?s=96&d=mm&r=g","url":"https:\/\/secure.gravatar.com\/avatar\/7bbb4f718d74bbf600dc556253bb04fd7ac8593751d6e2e3b85432d98aefae80?s=96&d=mm&r=g","contentUrl":"https:\/\/secure.gravatar.com\/avatar\/7bbb4f718d74bbf600dc556253bb04fd7ac8593751d6e2e3b85432d98aefae80?s=96&d=mm&r=g","caption":"Editor"},"sameAs":["https:\/\/contrastes.com.co\/web"],"url":"https:\/\/contrastes.com.co\/web\/author\/jdbobadilla\/"}]}},"blog_post_layout_featured_media_urls":{"thumbnail":"","full":""},"categories_names":{"172":{"name":"Judicial","link":"https:\/\/contrastes.com.co\/web\/category\/judicial\/"},"23":{"name":"Locales","link":"https:\/\/contrastes.com.co\/web\/category\/locales\/"}},"tags_names":{"1069":{"name":"Barrio La Central","link":"https:\/\/contrastes.com.co\/web\/tag\/barrio-la-central\/"},"1715":{"name":"homicidio","link":"https:\/\/contrastes.com.co\/web\/tag\/homicidio\/"},"51":{"name":"municipio de soledad","link":"https:\/\/contrastes.com.co\/web\/tag\/municipio-de-soledad\/"}},"comments_number":"0","wpmagazine_modules_lite_featured_media_urls":{"thumbnail":"","cvmm-medium":"","cvmm-medium-plus":"","cvmm-portrait":"","cvmm-medium-square":"","cvmm-large":"","cvmm-small":"","full":""},"_links":{"self":[{"href":"https:\/\/contrastes.com.co\/web\/wp-json\/wp\/v2\/posts\/12576","targetHints":{"allow":["GET"]}}],"collection":[{"href":"https:\/\/contrastes.com.co\/web\/wp-json\/wp\/v2\/posts"}],"about":[{"href":"https:\/\/contrastes.com.co\/web\/wp-json\/wp\/v2\/types\/post"}],"author":[{"embeddable":true,"href":"https:\/\/contrastes.com.co\/web\/wp-json\/wp\/v2\/users\/1"}],"replies":[{"embeddable":true,"href":"https:\/\/contrastes.com.co\/web\/wp-json\/wp\/v2\/comments?post=12576"}],"version-history":[{"count":0,"href":"https:\/\/contrastes.com.co\/web\/wp-json\/wp\/v2\/posts\/12576\/revisions"}],"wp:attachment":[{"href":"https:\/\/contrastes.com.co\/web\/wp-json\/wp\/v2\/media?parent=12576"}],"wp:term":[{"taxonomy":"category","embeddable":true,"href":"https:\/\/contrastes.com.co\/web\/wp-json\/wp\/v2\/categories?post=12576"},{"taxonomy":"post_tag","embeddable":true,"href":"https:\/\/contrastes.com.co\/web\/wp-json\/wp\/v2\/tags?post=12576"}],"curies":[{"name":"wp","href":"https:\/\/api.w.org\/{rel}","templated":true}]}}