{"id":12588,"date":"2023-01-10T08:59:38","date_gmt":"2023-01-10T13:59:38","guid":{"rendered":"https:\/\/contrastes.com.co\/digital\/?p=12588"},"modified":"2023-01-10T08:59:38","modified_gmt":"2023-01-10T13:59:38","slug":"juanfer-quintero-del-no-hay-nada-todavia-a-horas-de-ser-nuevo-jugador-del-junior","status":"publish","type":"post","link":"https:\/\/contrastes.com.co\/web\/2023\/01\/10\/juanfer-quintero-del-no-hay-nada-todavia-a-horas-de-ser-nuevo-jugador-del-junior\/","title":{"rendered":"&#8216;Juanfer&#8217; Quintero, del \u00abno hay nada todav\u00eda\u00bb a horas de ser nuevo jugador del Junior"},"content":{"rendered":"<p><strong>&#8216;Juanfer&#8217; Quintero, del \u00abno hay nada todav\u00eda\u00bb a horas de ser nuevo jugador del Junior<\/strong><\/p>\n<blockquote><p><strong>Todo apunta a que el mediocampista antioque\u00f1o se inclinar\u00e1 por la oferta que le hizo el equipo rojiblanco.<\/strong><\/p>\n<p><strong>Del \u201cno hay nada todav\u00eda\u201d, que manifest\u00f3 el viernes tras salir de la reuni\u00f3n con el exalcalde Alejandro Char, Juan Fernando Quintero est\u00e1 a horas de convertirse en nuevo jugador del Junior.<\/strong><\/p><\/blockquote>\n<p><img decoding=\"async\" class=\"alignleft size-full wp-image-8758\" src=\"https:\/\/contrastes.com.co\/digital\/wp-content\/uploads\/2022\/04\/d-capitular.png\" alt=\"\" width=\"100\" height=\"100\" \/>espu\u00e9s de su visita rel\u00e1mpago a Barranquilla, Quintero viaj\u00f3 a Medell\u00edn y durante el fin de semana mantuvo di\u00e1logos con la dirigencia del Flamengo de Brasil, club que tambi\u00e9n est\u00e1 interesado en su fichaje. Todo parece encaminado a que Quintero, de 29 a\u00f1os, se decidir\u00e1 por Junior, que le ofrece un jugoso contrato por tres a\u00f1os. El deseo del jugador es continuar con su carrera en Colombia y el equipo de Barranquilla le brinda esa posibilidad.<\/p>\n<p>\u201cNo es f\u00e1cil econ\u00f3micamente\u201d, dijo Alejandro Char antes de su encuentro con Quintero el viernes. Sin embargo, la diferencia entre lo que le ofrece Junior y la propuesta de Flamengo, seg\u00fan lo que se ha conocido, no es tan grande.<\/p>\n<p>El domingo, Quintero, en su cuenta de Twitter, public\u00f3 que durante esta semana esperaba tener noticias a sus seguidores sobre su futuro. Por la noche, public\u00f3 una secuencia de fotos realizando trabajos en un gimnasio y este lunes coloc\u00f3 un emoji de un reloj de arena.<\/p>\n<p>Desde Lima, el t\u00e9cnico del Junior, Arturo Reyes, habl\u00f3 por primera vez del tema Quintero y reconoci\u00f3 que la operaci\u00f3n va bien encaminada.<\/p>\n<p>\u201cEs un tema que surgi\u00f3 hace algunos d\u00edas y se viene tocando por los directivos, que est\u00e1n haciendo sus cuentas y esperamos que en las pr\u00f3ximas horas tomen su decisi\u00f3n para tranquilidad tanto de \u2018Juanfer\u2019 como de nosotros\u201d, asegur\u00f3 Reyes al programa radial \u2018El Vbar\u2019 de Caracol.<\/p>\n<p>Reyes admiti\u00f3 haber hablado varias veces con Quintero, jugador que dirigi\u00f3 como t\u00e9cnico encargado de la Selecci\u00f3n Colombia de mayores.<\/p>\n<p>\u201cHabl\u00e9 con \u00e9l y tiene muchas ganas (de venir al Junior). No se imagin\u00f3 nunca ese recibimiento y ese movimiento que hubo en la ciudad y en Colombia\u201d, manifest\u00f3.<\/p>\n<p>Mientras avanza la negociaci\u00f3n, y la afici\u00f3n del Junior se ilusiona cada vez m\u00e1s con la llegada de \u2018Juanfer\u2019, Reyes explica el plan que tiene en mente con el mediocampista antioque\u00f1o.<\/p>\n<p>\u201cEn el momento que eso se llegue a dar, tendr\u00e1 que ponerse a punto, que tiene que ver con el trabajo espec\u00edfico que se haga con \u00e9l. El tema no es la parte f\u00edsica, es c\u00f3mo se puede acomodar a nuestra idea de juego y creo que en ese aspecto los tiempos se van a reducir\u201d.<\/p>\n<p>Sobre las caracter\u00edsticas que Quintero pondr\u00eda al servicio del Junior. \u201c\u2019Juanfer\u2019 es un jugador que est\u00e1 acostumbrado a jugar por derecha para encarar hacia adentro, porque tiene mucho panorama, y se le abre el campo para encontrar jugadores que hagan rupturas o encontrar pases por dentro o generar paredes. Es un jugador muy vers\u00e1til, tiene pase corto, medio y largo\u201d.<\/p>\n<p>Tambi\u00e9n habl\u00f3 de qu\u00e9 manera insertar\u00eda a Quintero en su equipo. \u201cNormalmente nosotros estamos haciendo un 4-3-3, pero \u2018Juanfer\u2019 puede jugar en un 4-4 de extremo o en un 4-3-3 d\u00e1ndole m\u00e1s libertad con perfil cambiado y creo que hasta podr\u00eda jugar en el tres por izquierda\u201d.<\/p>\n<p>En las \u00faltimas horas se ha conocido que a \u2018Juanfer\u2019 le sali\u00f3 otro pretendiente adem\u00e1s de Junior y Flamengo: el Columbus Crew, de la MLS.<\/p>\n","protected":false},"excerpt":{"rendered":"<p>Despu\u00e9s de su visita rel\u00e1mpago a Barranquilla, Quintero viaj\u00f3 a Medell\u00edn y durante el fin de semana mantuvo di\u00e1logos con la dirigencia del Flamengo de Brasil, club que tambi\u00e9n est\u00e1 interesado en su fichaje. Todo parece encaminado a que Quintero, de 29 a\u00f1os, se decidir\u00e1 por Junior, que le ofrece un jugoso contrato por tres a\u00f1os. El deseo del jugador es continuar con su carrera en Colombia y el equipo de Barranquilla le brinda esa posibilidad.<\/p>\n","protected":false},"author":1,"featured_media":12589,"comment_status":"open","ping_status":"open","sticky":false,"template":"","format":"standard","meta":{"footnotes":""},"categories":[151,5048,101,24],"tags":[8037,1245,8038],"class_list":["post-12588","post","type-post","status-publish","format-standard","has-post-thumbnail","hentry","category-deportes","category-futbol","category-pais","category-region","tag-futbol-profesional-colombiano","tag-junior-de-barranquilla","tag-luis-fernando-quintero"],"yoast_head":"<!-- This site is optimized with the Yoast SEO plugin v27.7 - https:\/\/yoast.com\/product\/yoast-seo-wordpress\/ -->\n<title>&#039;Juanfer&#039; Quintero, del &quot;no hay nada todav\u00eda&quot; a horas de ser nuevo jugador del Junior - Constrastes<\/title>\n<meta name=\"description\" content=\"Despu\u00e9s de su visita rel\u00e1mpago a Barranquilla, Quintero viaj\u00f3 a Medell\u00edn y durante el fin de semana mantuvo di\u00e1logos con la dirigencia del Flamengo de Brasil, club que tambi\u00e9n est\u00e1 interesado en su fichaje. Todo parece encaminado a que Quintero, de 29 a\u00f1os, se decidir\u00e1 por Junior, que le ofrece un jugoso contrato por tres a\u00f1os. El deseo del jugador es continuar con su carrera en Colombia y el equipo de Barranquilla le brinda esa posibilidad.\" \/>\n<meta name=\"robots\" content=\"index, follow, max-snippet:-1, max-image-preview:large, max-video-preview:-1\" \/>\n<link rel=\"canonical\" href=\"https:\/\/contrastes.com.co\/web\/2023\/01\/10\/juanfer-quintero-del-no-hay-nada-todavia-a-horas-de-ser-nuevo-jugador-del-junior\/\" \/>\n<meta property=\"og:locale\" content=\"es_ES\" \/>\n<meta property=\"og:type\" content=\"article\" \/>\n<meta property=\"og:title\" content=\"&#039;Juanfer&#039; Quintero, del &quot;no hay nada todav\u00eda&quot; a horas de ser nuevo jugador del Junior - Constrastes\" \/>\n<meta property=\"og:description\" content=\"Despu\u00e9s de su visita rel\u00e1mpago a Barranquilla, Quintero viaj\u00f3 a Medell\u00edn y durante el fin de semana mantuvo di\u00e1logos con la dirigencia del Flamengo de Brasil, club que tambi\u00e9n est\u00e1 interesado en su fichaje. Todo parece encaminado a que Quintero, de 29 a\u00f1os, se decidir\u00e1 por Junior, que le ofrece un jugoso contrato por tres a\u00f1os. El deseo del jugador es continuar con su carrera en Colombia y el equipo de Barranquilla le brinda esa posibilidad.\" \/>\n<meta property=\"og:url\" content=\"https:\/\/contrastes.com.co\/web\/2023\/01\/10\/juanfer-quintero-del-no-hay-nada-todavia-a-horas-de-ser-nuevo-jugador-del-junior\/\" \/>\n<meta property=\"og:site_name\" content=\"Constrastes\" \/>\n<meta property=\"article:publisher\" content=\"https:\/\/www.facebook.com\/guillo.pantoja.1\" \/>\n<meta property=\"article:published_time\" content=\"2023-01-10T13:59:38+00:00\" \/>\n<meta name=\"author\" content=\"Editor\" \/>\n<meta name=\"twitter:card\" content=\"summary_large_image\" \/>\n<meta name=\"twitter:label1\" content=\"Escrito por\" \/>\n\t<meta name=\"twitter:data1\" content=\"Editor\" \/>\n\t<meta name=\"twitter:label2\" content=\"Tiempo de lectura\" \/>\n\t<meta name=\"twitter:data2\" content=\"3 minutos\" \/>\n<script type=\"application\/ld+json\" class=\"yoast-schema-graph\">{\"@context\":\"https:\\\/\\\/schema.org\",\"@graph\":[{\"@type\":\"Article\",\"@id\":\"https:\\\/\\\/contrastes.com.co\\\/web\\\/2023\\\/01\\\/10\\\/juanfer-quintero-del-no-hay-nada-todavia-a-horas-de-ser-nuevo-jugador-del-junior\\\/#article\",\"isPartOf\":{\"@id\":\"https:\\\/\\\/contrastes.com.co\\\/web\\\/2023\\\/01\\\/10\\\/juanfer-quintero-del-no-hay-nada-todavia-a-horas-de-ser-nuevo-jugador-del-junior\\\/\"},\"author\":{\"name\":\"Editor\",\"@id\":\"https:\\\/\\\/contrastes.com.co\\\/web\\\/#\\\/schema\\\/person\\\/62ef7a62dc4da6de450c71fc2e95ed02\"},\"headline\":\"&#8216;Juanfer&#8217; Quintero, del \u00abno hay nada todav\u00eda\u00bb a horas de ser nuevo jugador del Junior\",\"datePublished\":\"2023-01-10T13:59:38+00:00\",\"mainEntityOfPage\":{\"@id\":\"https:\\\/\\\/contrastes.com.co\\\/web\\\/2023\\\/01\\\/10\\\/juanfer-quintero-del-no-hay-nada-todavia-a-horas-de-ser-nuevo-jugador-del-junior\\\/\"},\"wordCount\":620,\"commentCount\":0,\"publisher\":{\"@id\":\"https:\\\/\\\/contrastes.com.co\\\/web\\\/#organization\"},\"image\":{\"@id\":\"https:\\\/\\\/contrastes.com.co\\\/web\\\/2023\\\/01\\\/10\\\/juanfer-quintero-del-no-hay-nada-todavia-a-horas-de-ser-nuevo-jugador-del-junior\\\/#primaryimage\"},\"thumbnailUrl\":\"\",\"keywords\":[\"Futbol Profesional Colombiano\",\"Junior de Barranquilla\",\"Luis Fernando Quintero\"],\"articleSection\":[\"Deportes\",\"F\u00fatbol\",\"Pa\u00eds\",\"Regi\u00f3n\"],\"inLanguage\":\"es\",\"potentialAction\":[{\"@type\":\"CommentAction\",\"name\":\"Comment\",\"target\":[\"https:\\\/\\\/contrastes.com.co\\\/web\\\/2023\\\/01\\\/10\\\/juanfer-quintero-del-no-hay-nada-todavia-a-horas-de-ser-nuevo-jugador-del-junior\\\/#respond\"]}]},{\"@type\":\"WebPage\",\"@id\":\"https:\\\/\\\/contrastes.com.co\\\/web\\\/2023\\\/01\\\/10\\\/juanfer-quintero-del-no-hay-nada-todavia-a-horas-de-ser-nuevo-jugador-del-junior\\\/\",\"url\":\"https:\\\/\\\/contrastes.com.co\\\/web\\\/2023\\\/01\\\/10\\\/juanfer-quintero-del-no-hay-nada-todavia-a-horas-de-ser-nuevo-jugador-del-junior\\\/\",\"name\":\"'Juanfer' Quintero, del \\\"no hay nada todav\u00eda\\\" a horas de ser nuevo jugador del Junior - Constrastes\",\"isPartOf\":{\"@id\":\"https:\\\/\\\/contrastes.com.co\\\/web\\\/#website\"},\"primaryImageOfPage\":{\"@id\":\"https:\\\/\\\/contrastes.com.co\\\/web\\\/2023\\\/01\\\/10\\\/juanfer-quintero-del-no-hay-nada-todavia-a-horas-de-ser-nuevo-jugador-del-junior\\\/#primaryimage\"},\"image\":{\"@id\":\"https:\\\/\\\/contrastes.com.co\\\/web\\\/2023\\\/01\\\/10\\\/juanfer-quintero-del-no-hay-nada-todavia-a-horas-de-ser-nuevo-jugador-del-junior\\\/#primaryimage\"},\"thumbnailUrl\":\"\",\"datePublished\":\"2023-01-10T13:59:38+00:00\",\"description\":\"Despu\u00e9s de su visita rel\u00e1mpago a Barranquilla, Quintero viaj\u00f3 a Medell\u00edn y durante el fin de semana mantuvo di\u00e1logos con la dirigencia del Flamengo de Brasil, club que tambi\u00e9n est\u00e1 interesado en su fichaje. Todo parece encaminado a que Quintero, de 29 a\u00f1os, se decidir\u00e1 por Junior, que le ofrece un jugoso contrato por tres a\u00f1os. El deseo del jugador es continuar con su carrera en Colombia y el equipo de Barranquilla le brinda esa posibilidad.\",\"breadcrumb\":{\"@id\":\"https:\\\/\\\/contrastes.com.co\\\/web\\\/2023\\\/01\\\/10\\\/juanfer-quintero-del-no-hay-nada-todavia-a-horas-de-ser-nuevo-jugador-del-junior\\\/#breadcrumb\"},\"inLanguage\":\"es\",\"potentialAction\":[{\"@type\":\"ReadAction\",\"target\":[\"https:\\\/\\\/contrastes.com.co\\\/web\\\/2023\\\/01\\\/10\\\/juanfer-quintero-del-no-hay-nada-todavia-a-horas-de-ser-nuevo-jugador-del-junior\\\/\"]}]},{\"@type\":\"ImageObject\",\"inLanguage\":\"es\",\"@id\":\"https:\\\/\\\/contrastes.com.co\\\/web\\\/2023\\\/01\\\/10\\\/juanfer-quintero-del-no-hay-nada-todavia-a-horas-de-ser-nuevo-jugador-del-junior\\\/#primaryimage\",\"url\":\"\",\"contentUrl\":\"\"},{\"@type\":\"BreadcrumbList\",\"@id\":\"https:\\\/\\\/contrastes.com.co\\\/web\\\/2023\\\/01\\\/10\\\/juanfer-quintero-del-no-hay-nada-todavia-a-horas-de-ser-nuevo-jugador-del-junior\\\/#breadcrumb\",\"itemListElement\":[{\"@type\":\"ListItem\",\"position\":1,\"name\":\"Portada\",\"item\":\"https:\\\/\\\/contrastes.com.co\\\/web\\\/\"},{\"@type\":\"ListItem\",\"position\":2,\"name\":\"&#8216;Juanfer&#8217; Quintero, del \u00abno hay nada todav\u00eda\u00bb a horas de ser nuevo jugador del Junior\"}]},{\"@type\":\"WebSite\",\"@id\":\"https:\\\/\\\/contrastes.com.co\\\/web\\\/#website\",\"url\":\"https:\\\/\\\/contrastes.com.co\\\/web\\\/\",\"name\":\"Contrastes\",\"description\":\"Periodismo de Conciencia\",\"publisher\":{\"@id\":\"https:\\\/\\\/contrastes.com.co\\\/web\\\/#organization\"},\"potentialAction\":[{\"@type\":\"SearchAction\",\"target\":{\"@type\":\"EntryPoint\",\"urlTemplate\":\"https:\\\/\\\/contrastes.com.co\\\/web\\\/?s={search_term_string}\"},\"query-input\":{\"@type\":\"PropertyValueSpecification\",\"valueRequired\":true,\"valueName\":\"search_term_string\"}}],\"inLanguage\":\"es\"},{\"@type\":\"Organization\",\"@id\":\"https:\\\/\\\/contrastes.com.co\\\/web\\\/#organization\",\"name\":\"Contrastes\",\"url\":\"https:\\\/\\\/contrastes.com.co\\\/web\\\/\",\"logo\":{\"@type\":\"ImageObject\",\"inLanguage\":\"es\",\"@id\":\"https:\\\/\\\/contrastes.com.co\\\/web\\\/#\\\/schema\\\/logo\\\/image\\\/\",\"url\":\"https:\\\/\\\/contrastes.com.co\\\/web\\\/wp-content\\\/uploads\\\/2025\\\/04\\\/15CONTRASTES3.png\",\"contentUrl\":\"https:\\\/\\\/contrastes.com.co\\\/web\\\/wp-content\\\/uploads\\\/2025\\\/04\\\/15CONTRASTES3.png\",\"width\":1536,\"height\":231,\"caption\":\"Contrastes\"},\"image\":{\"@id\":\"https:\\\/\\\/contrastes.com.co\\\/web\\\/#\\\/schema\\\/logo\\\/image\\\/\"},\"sameAs\":[\"https:\\\/\\\/www.facebook.com\\\/guillo.pantoja.1\"]},{\"@type\":\"Person\",\"@id\":\"https:\\\/\\\/contrastes.com.co\\\/web\\\/#\\\/schema\\\/person\\\/62ef7a62dc4da6de450c71fc2e95ed02\",\"name\":\"Editor\",\"image\":{\"@type\":\"ImageObject\",\"inLanguage\":\"es\",\"@id\":\"https:\\\/\\\/secure.gravatar.com\\\/avatar\\\/7bbb4f718d74bbf600dc556253bb04fd7ac8593751d6e2e3b85432d98aefae80?s=96&d=mm&r=g\",\"url\":\"https:\\\/\\\/secure.gravatar.com\\\/avatar\\\/7bbb4f718d74bbf600dc556253bb04fd7ac8593751d6e2e3b85432d98aefae80?s=96&d=mm&r=g\",\"contentUrl\":\"https:\\\/\\\/secure.gravatar.com\\\/avatar\\\/7bbb4f718d74bbf600dc556253bb04fd7ac8593751d6e2e3b85432d98aefae80?s=96&d=mm&r=g\",\"caption\":\"Editor\"},\"sameAs\":[\"https:\\\/\\\/contrastes.com.co\\\/web\"],\"url\":\"https:\\\/\\\/contrastes.com.co\\\/web\\\/author\\\/jdbobadilla\\\/\"}]}<\/script>\n<!-- \/ Yoast SEO plugin. -->","yoast_head_json":{"title":"'Juanfer' Quintero, del \"no hay nada todav\u00eda\" a horas de ser nuevo jugador del Junior - Constrastes","description":"Despu\u00e9s de su visita rel\u00e1mpago a Barranquilla, Quintero viaj\u00f3 a Medell\u00edn y durante el fin de semana mantuvo di\u00e1logos con la dirigencia del Flamengo de Brasil, club que tambi\u00e9n est\u00e1 interesado en su fichaje. Todo parece encaminado a que Quintero, de 29 a\u00f1os, se decidir\u00e1 por Junior, que le ofrece un jugoso contrato por tres a\u00f1os. El deseo del jugador es continuar con su carrera en Colombia y el equipo de Barranquilla le brinda esa posibilidad.","robots":{"index":"index","follow":"follow","max-snippet":"max-snippet:-1","max-image-preview":"max-image-preview:large","max-video-preview":"max-video-preview:-1"},"canonical":"https:\/\/contrastes.com.co\/web\/2023\/01\/10\/juanfer-quintero-del-no-hay-nada-todavia-a-horas-de-ser-nuevo-jugador-del-junior\/","og_locale":"es_ES","og_type":"article","og_title":"'Juanfer' Quintero, del \"no hay nada todav\u00eda\" a horas de ser nuevo jugador del Junior - Constrastes","og_description":"Despu\u00e9s de su visita rel\u00e1mpago a Barranquilla, Quintero viaj\u00f3 a Medell\u00edn y durante el fin de semana mantuvo di\u00e1logos con la dirigencia del Flamengo de Brasil, club que tambi\u00e9n est\u00e1 interesado en su fichaje. Todo parece encaminado a que Quintero, de 29 a\u00f1os, se decidir\u00e1 por Junior, que le ofrece un jugoso contrato por tres a\u00f1os. El deseo del jugador es continuar con su carrera en Colombia y el equipo de Barranquilla le brinda esa posibilidad.","og_url":"https:\/\/contrastes.com.co\/web\/2023\/01\/10\/juanfer-quintero-del-no-hay-nada-todavia-a-horas-de-ser-nuevo-jugador-del-junior\/","og_site_name":"Constrastes","article_publisher":"https:\/\/www.facebook.com\/guillo.pantoja.1","article_published_time":"2023-01-10T13:59:38+00:00","author":"Editor","twitter_card":"summary_large_image","twitter_misc":{"Escrito por":"Editor","Tiempo de lectura":"3 minutos"},"schema":{"@context":"https:\/\/schema.org","@graph":[{"@type":"Article","@id":"https:\/\/contrastes.com.co\/web\/2023\/01\/10\/juanfer-quintero-del-no-hay-nada-todavia-a-horas-de-ser-nuevo-jugador-del-junior\/#article","isPartOf":{"@id":"https:\/\/contrastes.com.co\/web\/2023\/01\/10\/juanfer-quintero-del-no-hay-nada-todavia-a-horas-de-ser-nuevo-jugador-del-junior\/"},"author":{"name":"Editor","@id":"https:\/\/contrastes.com.co\/web\/#\/schema\/person\/62ef7a62dc4da6de450c71fc2e95ed02"},"headline":"&#8216;Juanfer&#8217; Quintero, del \u00abno hay nada todav\u00eda\u00bb a horas de ser nuevo jugador del Junior","datePublished":"2023-01-10T13:59:38+00:00","mainEntityOfPage":{"@id":"https:\/\/contrastes.com.co\/web\/2023\/01\/10\/juanfer-quintero-del-no-hay-nada-todavia-a-horas-de-ser-nuevo-jugador-del-junior\/"},"wordCount":620,"commentCount":0,"publisher":{"@id":"https:\/\/contrastes.com.co\/web\/#organization"},"image":{"@id":"https:\/\/contrastes.com.co\/web\/2023\/01\/10\/juanfer-quintero-del-no-hay-nada-todavia-a-horas-de-ser-nuevo-jugador-del-junior\/#primaryimage"},"thumbnailUrl":"","keywords":["Futbol Profesional Colombiano","Junior de Barranquilla","Luis Fernando Quintero"],"articleSection":["Deportes","F\u00fatbol","Pa\u00eds","Regi\u00f3n"],"inLanguage":"es","potentialAction":[{"@type":"CommentAction","name":"Comment","target":["https:\/\/contrastes.com.co\/web\/2023\/01\/10\/juanfer-quintero-del-no-hay-nada-todavia-a-horas-de-ser-nuevo-jugador-del-junior\/#respond"]}]},{"@type":"WebPage","@id":"https:\/\/contrastes.com.co\/web\/2023\/01\/10\/juanfer-quintero-del-no-hay-nada-todavia-a-horas-de-ser-nuevo-jugador-del-junior\/","url":"https:\/\/contrastes.com.co\/web\/2023\/01\/10\/juanfer-quintero-del-no-hay-nada-todavia-a-horas-de-ser-nuevo-jugador-del-junior\/","name":"'Juanfer' Quintero, del \"no hay nada todav\u00eda\" a horas de ser nuevo jugador del Junior - Constrastes","isPartOf":{"@id":"https:\/\/contrastes.com.co\/web\/#website"},"primaryImageOfPage":{"@id":"https:\/\/contrastes.com.co\/web\/2023\/01\/10\/juanfer-quintero-del-no-hay-nada-todavia-a-horas-de-ser-nuevo-jugador-del-junior\/#primaryimage"},"image":{"@id":"https:\/\/contrastes.com.co\/web\/2023\/01\/10\/juanfer-quintero-del-no-hay-nada-todavia-a-horas-de-ser-nuevo-jugador-del-junior\/#primaryimage"},"thumbnailUrl":"","datePublished":"2023-01-10T13:59:38+00:00","description":"Despu\u00e9s de su visita rel\u00e1mpago a Barranquilla, Quintero viaj\u00f3 a Medell\u00edn y durante el fin de semana mantuvo di\u00e1logos con la dirigencia del Flamengo de Brasil, club que tambi\u00e9n est\u00e1 interesado en su fichaje. Todo parece encaminado a que Quintero, de 29 a\u00f1os, se decidir\u00e1 por Junior, que le ofrece un jugoso contrato por tres a\u00f1os. El deseo del jugador es continuar con su carrera en Colombia y el equipo de Barranquilla le brinda esa posibilidad.","breadcrumb":{"@id":"https:\/\/contrastes.com.co\/web\/2023\/01\/10\/juanfer-quintero-del-no-hay-nada-todavia-a-horas-de-ser-nuevo-jugador-del-junior\/#breadcrumb"},"inLanguage":"es","potentialAction":[{"@type":"ReadAction","target":["https:\/\/contrastes.com.co\/web\/2023\/01\/10\/juanfer-quintero-del-no-hay-nada-todavia-a-horas-de-ser-nuevo-jugador-del-junior\/"]}]},{"@type":"ImageObject","inLanguage":"es","@id":"https:\/\/contrastes.com.co\/web\/2023\/01\/10\/juanfer-quintero-del-no-hay-nada-todavia-a-horas-de-ser-nuevo-jugador-del-junior\/#primaryimage","url":"","contentUrl":""},{"@type":"BreadcrumbList","@id":"https:\/\/contrastes.com.co\/web\/2023\/01\/10\/juanfer-quintero-del-no-hay-nada-todavia-a-horas-de-ser-nuevo-jugador-del-junior\/#breadcrumb","itemListElement":[{"@type":"ListItem","position":1,"name":"Portada","item":"https:\/\/contrastes.com.co\/web\/"},{"@type":"ListItem","position":2,"name":"&#8216;Juanfer&#8217; Quintero, del \u00abno hay nada todav\u00eda\u00bb a horas de ser nuevo jugador del Junior"}]},{"@type":"WebSite","@id":"https:\/\/contrastes.com.co\/web\/#website","url":"https:\/\/contrastes.com.co\/web\/","name":"Contrastes","description":"Periodismo de Conciencia","publisher":{"@id":"https:\/\/contrastes.com.co\/web\/#organization"},"potentialAction":[{"@type":"SearchAction","target":{"@type":"EntryPoint","urlTemplate":"https:\/\/contrastes.com.co\/web\/?s={search_term_string}"},"query-input":{"@type":"PropertyValueSpecification","valueRequired":true,"valueName":"search_term_string"}}],"inLanguage":"es"},{"@type":"Organization","@id":"https:\/\/contrastes.com.co\/web\/#organization","name":"Contrastes","url":"https:\/\/contrastes.com.co\/web\/","logo":{"@type":"ImageObject","inLanguage":"es","@id":"https:\/\/contrastes.com.co\/web\/#\/schema\/logo\/image\/","url":"https:\/\/contrastes.com.co\/web\/wp-content\/uploads\/2025\/04\/15CONTRASTES3.png","contentUrl":"https:\/\/contrastes.com.co\/web\/wp-content\/uploads\/2025\/04\/15CONTRASTES3.png","width":1536,"height":231,"caption":"Contrastes"},"image":{"@id":"https:\/\/contrastes.com.co\/web\/#\/schema\/logo\/image\/"},"sameAs":["https:\/\/www.facebook.com\/guillo.pantoja.1"]},{"@type":"Person","@id":"https:\/\/contrastes.com.co\/web\/#\/schema\/person\/62ef7a62dc4da6de450c71fc2e95ed02","name":"Editor","image":{"@type":"ImageObject","inLanguage":"es","@id":"https:\/\/secure.gravatar.com\/avatar\/7bbb4f718d74bbf600dc556253bb04fd7ac8593751d6e2e3b85432d98aefae80?s=96&d=mm&r=g","url":"https:\/\/secure.gravatar.com\/avatar\/7bbb4f718d74bbf600dc556253bb04fd7ac8593751d6e2e3b85432d98aefae80?s=96&d=mm&r=g","contentUrl":"https:\/\/secure.gravatar.com\/avatar\/7bbb4f718d74bbf600dc556253bb04fd7ac8593751d6e2e3b85432d98aefae80?s=96&d=mm&r=g","caption":"Editor"},"sameAs":["https:\/\/contrastes.com.co\/web"],"url":"https:\/\/contrastes.com.co\/web\/author\/jdbobadilla\/"}]}},"blog_post_layout_featured_media_urls":{"thumbnail":"","full":""},"categories_names":{"151":{"name":"Deportes","link":"https:\/\/contrastes.com.co\/web\/category\/deportes\/"},"5048":{"name":"F\u00fatbol","link":"https:\/\/contrastes.com.co\/web\/category\/futbol\/"},"101":{"name":"Pa\u00eds","link":"https:\/\/contrastes.com.co\/web\/category\/pais\/"},"24":{"name":"Regi\u00f3n","link":"https:\/\/contrastes.com.co\/web\/category\/region\/"}},"tags_names":{"8037":{"name":"Futbol Profesional Colombiano","link":"https:\/\/contrastes.com.co\/web\/tag\/futbol-profesional-colombiano\/"},"1245":{"name":"Junior de Barranquilla","link":"https:\/\/contrastes.com.co\/web\/tag\/junior-de-barranquilla\/"},"8038":{"name":"Luis Fernando Quintero","link":"https:\/\/contrastes.com.co\/web\/tag\/luis-fernando-quintero\/"}},"comments_number":"0","wpmagazine_modules_lite_featured_media_urls":{"thumbnail":"","cvmm-medium":"","cvmm-medium-plus":"","cvmm-portrait":"","cvmm-medium-square":"","cvmm-large":"","cvmm-small":"","full":""},"_links":{"self":[{"href":"https:\/\/contrastes.com.co\/web\/wp-json\/wp\/v2\/posts\/12588","targetHints":{"allow":["GET"]}}],"collection":[{"href":"https:\/\/contrastes.com.co\/web\/wp-json\/wp\/v2\/posts"}],"about":[{"href":"https:\/\/contrastes.com.co\/web\/wp-json\/wp\/v2\/types\/post"}],"author":[{"embeddable":true,"href":"https:\/\/contrastes.com.co\/web\/wp-json\/wp\/v2\/users\/1"}],"replies":[{"embeddable":true,"href":"https:\/\/contrastes.com.co\/web\/wp-json\/wp\/v2\/comments?post=12588"}],"version-history":[{"count":0,"href":"https:\/\/contrastes.com.co\/web\/wp-json\/wp\/v2\/posts\/12588\/revisions"}],"wp:attachment":[{"href":"https:\/\/contrastes.com.co\/web\/wp-json\/wp\/v2\/media?parent=12588"}],"wp:term":[{"taxonomy":"category","embeddable":true,"href":"https:\/\/contrastes.com.co\/web\/wp-json\/wp\/v2\/categories?post=12588"},{"taxonomy":"post_tag","embeddable":true,"href":"https:\/\/contrastes.com.co\/web\/wp-json\/wp\/v2\/tags?post=12588"}],"curies":[{"name":"wp","href":"https:\/\/api.w.org\/{rel}","templated":true}]}}