{"id":12612,"date":"2023-01-06T10:48:46","date_gmt":"2023-01-06T15:48:46","guid":{"rendered":"https:\/\/contrastes.com.co\/digital\/?p=12612"},"modified":"2023-01-06T10:48:46","modified_gmt":"2023-01-06T15:48:46","slug":"alcaldia-de-soledad-promueve-emprendimientos-locales-la-clave-para-acceder-al-programa","status":"publish","type":"post","link":"https:\/\/contrastes.com.co\/web\/2023\/01\/06\/alcaldia-de-soledad-promueve-emprendimientos-locales-la-clave-para-acceder-al-programa\/","title":{"rendered":"Alcald\u00eda de Soledad promueve emprendimientos locales: la clave para acceder al programa\u00a0"},"content":{"rendered":"<p><strong>*Alcald\u00eda de Soledad promueve emprendimientos locales: la clave para acceder al programa\u00a0<\/strong><\/p>\n<blockquote><p><strong>El emprendimiento en el municipio de Soledad es una de las apuestas del alcalde Rodolfo Ucr\u00f3s Rosales; el a\u00f1o pasado 110 emprendedores se beneficiaron del programa y este a\u00f1o usted puede ser uno de ellos.<\/strong><\/p><\/blockquote>\n<p><img decoding=\"async\" class=\"alignleft  wp-image-8529\" src=\"https:\/\/contrastes.com.co\/digital\/wp-content\/uploads\/2022\/03\/e-capitular.png\" alt=\"e capitular\" width=\"62\" height=\"62\" \/>n el 2023 la <strong>Alcald\u00eda de Soledad<\/strong>, contin\u00faa promoviendo, a trav\u00e9s del<strong> Departamento Administrativo de la Competitividad<\/strong>, el direccionamiento a emprendedores quienes pueden acceder a la oferta institucional y -dependiendo su perfil- podr\u00e1n beneficiarse de capacitaciones, asistencia t\u00e9cnica, capital semilla y apoyo a la comercializaci\u00f3n de sus productos en ferias desarrolladas en espacios culturales y comerciales.<\/p>\n<p>Tras la caracterizaci\u00f3n, los emprendedores son vinculados a un proceso integral de capacitaciones t\u00e9cnicas y acad\u00e9micas en cursos de profesionalizaci\u00f3n en el producto que elaboran, costos y finanzas, competencias blandas, marketing digital, , apertura de negocios y educaci\u00f3n financiera, impartidos por el Sena, Competitividad, C\u00e1mara de Comercio y entidades bancarias.<\/p>\n<p>Durante el 2022, un total de 110 emprendedores dedicados a la gastronom\u00eda, reposter\u00eda, panader\u00eda, artesan\u00edas, manualidades, peluquer\u00eda, entre otras actividades, recibieron un capital semilla que incluy\u00f3, neveras, congeladores, carros de perro caliente, mesas de acero inoxidable, fileteadora, hornos para panader\u00eda, estufas industriales, sillas, lava cabeza y planchas para cabello en peluquer\u00edas.<\/p>\n<p>La entrega de las herramientas e insumos, por un valor total de 175 millones de pesos, se logr\u00f3 gracias al trabajo articulado entre el Departamento Administrativo de la Competitividad, el gobierno Suizo y las fundaciones, Panamericana para el Desarrollo y Acci\u00f3n contra el Hambre.<\/p>\n<p><strong>Click <a href=\"https:\/\/bit.ly\/3CtbPIi\">aqu\u00ed<\/a> para inscribirte<\/strong><\/p>\n","protected":false},"excerpt":{"rendered":"<p>En el 2023 la Alcald\u00eda de Soledad, contin\u00faa promoviendo, a trav\u00e9s del Departamento Administrativo de la Competitividad, el direccionamiento a emprendedores quienes pueden acceder a la oferta institucional y -dependiendo su perfil- podr\u00e1n beneficiarse de capacitaciones, asistencia t\u00e9cnica, capital semilla y apoyo a la comercializaci\u00f3n de sus productos en ferias desarrolladas en espacios culturales y comerciales.<\/p>\n","protected":false},"author":1,"featured_media":12614,"comment_status":"open","ping_status":"open","sticky":false,"template":"","format":"standard","meta":{"footnotes":""},"categories":[2832,4171,23],"tags":[28,6771,5459,51,1879],"class_list":["post-12612","post","type-post","status-publish","format-standard","has-post-thumbnail","hentry","category-convocatorias","category-emprendimiento-y-desarrollo-economico","category-locales","tag-alcaldia-de-soledad","tag-departamento-administrativo-de-la-competitividad","tag-emprendimiento","tag-municipio-de-soledad","tag-rodolfo-ucros-rosales"],"yoast_head":"<!-- This site is optimized with the Yoast SEO plugin v27.7 - https:\/\/yoast.com\/product\/yoast-seo-wordpress\/ -->\n<title>Alcald\u00eda de Soledad promueve emprendimientos locales: la clave para acceder al programa\u00a0 - Constrastes<\/title>\n<meta name=\"description\" content=\"En el 2023 la Alcald\u00eda de Soledad, contin\u00faa promoviendo, a trav\u00e9s del Departamento Administrativo de la Competitividad, el direccionamiento a emprendedores quienes pueden acceder a la oferta institucional y -dependiendo su perfil- podr\u00e1n beneficiarse de capacitaciones, asistencia t\u00e9cnica, capital semilla y apoyo a la comercializaci\u00f3n de sus productos en ferias desarrolladas en espacios culturales y comerciales.\" \/>\n<meta name=\"robots\" content=\"index, follow, max-snippet:-1, max-image-preview:large, max-video-preview:-1\" \/>\n<link rel=\"canonical\" href=\"https:\/\/contrastes.com.co\/web\/2023\/01\/06\/alcaldia-de-soledad-promueve-emprendimientos-locales-la-clave-para-acceder-al-programa\/\" \/>\n<meta property=\"og:locale\" content=\"es_ES\" \/>\n<meta property=\"og:type\" content=\"article\" \/>\n<meta property=\"og:title\" content=\"Alcald\u00eda de Soledad promueve emprendimientos locales: la clave para acceder al programa\u00a0 - Constrastes\" \/>\n<meta property=\"og:description\" content=\"En el 2023 la Alcald\u00eda de Soledad, contin\u00faa promoviendo, a trav\u00e9s del Departamento Administrativo de la Competitividad, el direccionamiento a emprendedores quienes pueden acceder a la oferta institucional y -dependiendo su perfil- podr\u00e1n beneficiarse de capacitaciones, asistencia t\u00e9cnica, capital semilla y apoyo a la comercializaci\u00f3n de sus productos en ferias desarrolladas en espacios culturales y comerciales.\" \/>\n<meta property=\"og:url\" content=\"https:\/\/contrastes.com.co\/web\/2023\/01\/06\/alcaldia-de-soledad-promueve-emprendimientos-locales-la-clave-para-acceder-al-programa\/\" \/>\n<meta property=\"og:site_name\" content=\"Constrastes\" \/>\n<meta property=\"article:publisher\" content=\"https:\/\/www.facebook.com\/guillo.pantoja.1\" \/>\n<meta property=\"article:published_time\" content=\"2023-01-06T15:48:46+00:00\" \/>\n<meta name=\"author\" content=\"Editor\" \/>\n<meta name=\"twitter:card\" content=\"summary_large_image\" \/>\n<meta name=\"twitter:label1\" content=\"Escrito por\" \/>\n\t<meta name=\"twitter:data1\" content=\"Editor\" \/>\n\t<meta name=\"twitter:label2\" content=\"Tiempo de lectura\" \/>\n\t<meta name=\"twitter:data2\" content=\"1 minuto\" \/>\n<script type=\"application\/ld+json\" class=\"yoast-schema-graph\">{\"@context\":\"https:\\\/\\\/schema.org\",\"@graph\":[{\"@type\":\"Article\",\"@id\":\"https:\\\/\\\/contrastes.com.co\\\/web\\\/2023\\\/01\\\/06\\\/alcaldia-de-soledad-promueve-emprendimientos-locales-la-clave-para-acceder-al-programa\\\/#article\",\"isPartOf\":{\"@id\":\"https:\\\/\\\/contrastes.com.co\\\/web\\\/2023\\\/01\\\/06\\\/alcaldia-de-soledad-promueve-emprendimientos-locales-la-clave-para-acceder-al-programa\\\/\"},\"author\":{\"name\":\"Editor\",\"@id\":\"https:\\\/\\\/contrastes.com.co\\\/web\\\/#\\\/schema\\\/person\\\/62ef7a62dc4da6de450c71fc2e95ed02\"},\"headline\":\"Alcald\u00eda de Soledad promueve emprendimientos locales: la clave para acceder al programa\u00a0\",\"datePublished\":\"2023-01-06T15:48:46+00:00\",\"mainEntityOfPage\":{\"@id\":\"https:\\\/\\\/contrastes.com.co\\\/web\\\/2023\\\/01\\\/06\\\/alcaldia-de-soledad-promueve-emprendimientos-locales-la-clave-para-acceder-al-programa\\\/\"},\"wordCount\":283,\"commentCount\":0,\"publisher\":{\"@id\":\"https:\\\/\\\/contrastes.com.co\\\/web\\\/#organization\"},\"image\":{\"@id\":\"https:\\\/\\\/contrastes.com.co\\\/web\\\/2023\\\/01\\\/06\\\/alcaldia-de-soledad-promueve-emprendimientos-locales-la-clave-para-acceder-al-programa\\\/#primaryimage\"},\"thumbnailUrl\":\"\",\"keywords\":[\"alcaldia de Soledad\",\"Departamento Administrativo de la Competitividad\",\"emprendimiento\",\"municipio de soledad\",\"Rodolfo Ucr\u00f3s Rosales\"],\"articleSection\":[\"Convocatorias\",\"Emprendimiento y desarrollo econ\u00f3mico\",\"Locales\"],\"inLanguage\":\"es\",\"potentialAction\":[{\"@type\":\"CommentAction\",\"name\":\"Comment\",\"target\":[\"https:\\\/\\\/contrastes.com.co\\\/web\\\/2023\\\/01\\\/06\\\/alcaldia-de-soledad-promueve-emprendimientos-locales-la-clave-para-acceder-al-programa\\\/#respond\"]}]},{\"@type\":\"WebPage\",\"@id\":\"https:\\\/\\\/contrastes.com.co\\\/web\\\/2023\\\/01\\\/06\\\/alcaldia-de-soledad-promueve-emprendimientos-locales-la-clave-para-acceder-al-programa\\\/\",\"url\":\"https:\\\/\\\/contrastes.com.co\\\/web\\\/2023\\\/01\\\/06\\\/alcaldia-de-soledad-promueve-emprendimientos-locales-la-clave-para-acceder-al-programa\\\/\",\"name\":\"Alcald\u00eda de Soledad promueve emprendimientos locales: la clave para acceder al programa\u00a0 - Constrastes\",\"isPartOf\":{\"@id\":\"https:\\\/\\\/contrastes.com.co\\\/web\\\/#website\"},\"primaryImageOfPage\":{\"@id\":\"https:\\\/\\\/contrastes.com.co\\\/web\\\/2023\\\/01\\\/06\\\/alcaldia-de-soledad-promueve-emprendimientos-locales-la-clave-para-acceder-al-programa\\\/#primaryimage\"},\"image\":{\"@id\":\"https:\\\/\\\/contrastes.com.co\\\/web\\\/2023\\\/01\\\/06\\\/alcaldia-de-soledad-promueve-emprendimientos-locales-la-clave-para-acceder-al-programa\\\/#primaryimage\"},\"thumbnailUrl\":\"\",\"datePublished\":\"2023-01-06T15:48:46+00:00\",\"description\":\"En el 2023 la Alcald\u00eda de Soledad, contin\u00faa promoviendo, a trav\u00e9s del Departamento Administrativo de la Competitividad, el direccionamiento a emprendedores quienes pueden acceder a la oferta institucional y -dependiendo su perfil- podr\u00e1n beneficiarse de capacitaciones, asistencia t\u00e9cnica, capital semilla y apoyo a la comercializaci\u00f3n de sus productos en ferias desarrolladas en espacios culturales y comerciales.\",\"breadcrumb\":{\"@id\":\"https:\\\/\\\/contrastes.com.co\\\/web\\\/2023\\\/01\\\/06\\\/alcaldia-de-soledad-promueve-emprendimientos-locales-la-clave-para-acceder-al-programa\\\/#breadcrumb\"},\"inLanguage\":\"es\",\"potentialAction\":[{\"@type\":\"ReadAction\",\"target\":[\"https:\\\/\\\/contrastes.com.co\\\/web\\\/2023\\\/01\\\/06\\\/alcaldia-de-soledad-promueve-emprendimientos-locales-la-clave-para-acceder-al-programa\\\/\"]}]},{\"@type\":\"ImageObject\",\"inLanguage\":\"es\",\"@id\":\"https:\\\/\\\/contrastes.com.co\\\/web\\\/2023\\\/01\\\/06\\\/alcaldia-de-soledad-promueve-emprendimientos-locales-la-clave-para-acceder-al-programa\\\/#primaryimage\",\"url\":\"\",\"contentUrl\":\"\"},{\"@type\":\"BreadcrumbList\",\"@id\":\"https:\\\/\\\/contrastes.com.co\\\/web\\\/2023\\\/01\\\/06\\\/alcaldia-de-soledad-promueve-emprendimientos-locales-la-clave-para-acceder-al-programa\\\/#breadcrumb\",\"itemListElement\":[{\"@type\":\"ListItem\",\"position\":1,\"name\":\"Portada\",\"item\":\"https:\\\/\\\/contrastes.com.co\\\/web\\\/\"},{\"@type\":\"ListItem\",\"position\":2,\"name\":\"Alcald\u00eda de Soledad promueve emprendimientos locales: la clave para acceder al programa\u00a0\"}]},{\"@type\":\"WebSite\",\"@id\":\"https:\\\/\\\/contrastes.com.co\\\/web\\\/#website\",\"url\":\"https:\\\/\\\/contrastes.com.co\\\/web\\\/\",\"name\":\"Contrastes\",\"description\":\"Periodismo de Conciencia\",\"publisher\":{\"@id\":\"https:\\\/\\\/contrastes.com.co\\\/web\\\/#organization\"},\"potentialAction\":[{\"@type\":\"SearchAction\",\"target\":{\"@type\":\"EntryPoint\",\"urlTemplate\":\"https:\\\/\\\/contrastes.com.co\\\/web\\\/?s={search_term_string}\"},\"query-input\":{\"@type\":\"PropertyValueSpecification\",\"valueRequired\":true,\"valueName\":\"search_term_string\"}}],\"inLanguage\":\"es\"},{\"@type\":\"Organization\",\"@id\":\"https:\\\/\\\/contrastes.com.co\\\/web\\\/#organization\",\"name\":\"Contrastes\",\"url\":\"https:\\\/\\\/contrastes.com.co\\\/web\\\/\",\"logo\":{\"@type\":\"ImageObject\",\"inLanguage\":\"es\",\"@id\":\"https:\\\/\\\/contrastes.com.co\\\/web\\\/#\\\/schema\\\/logo\\\/image\\\/\",\"url\":\"https:\\\/\\\/contrastes.com.co\\\/web\\\/wp-content\\\/uploads\\\/2025\\\/04\\\/15CONTRASTES3.png\",\"contentUrl\":\"https:\\\/\\\/contrastes.com.co\\\/web\\\/wp-content\\\/uploads\\\/2025\\\/04\\\/15CONTRASTES3.png\",\"width\":1536,\"height\":231,\"caption\":\"Contrastes\"},\"image\":{\"@id\":\"https:\\\/\\\/contrastes.com.co\\\/web\\\/#\\\/schema\\\/logo\\\/image\\\/\"},\"sameAs\":[\"https:\\\/\\\/www.facebook.com\\\/guillo.pantoja.1\"]},{\"@type\":\"Person\",\"@id\":\"https:\\\/\\\/contrastes.com.co\\\/web\\\/#\\\/schema\\\/person\\\/62ef7a62dc4da6de450c71fc2e95ed02\",\"name\":\"Editor\",\"image\":{\"@type\":\"ImageObject\",\"inLanguage\":\"es\",\"@id\":\"https:\\\/\\\/secure.gravatar.com\\\/avatar\\\/7bbb4f718d74bbf600dc556253bb04fd7ac8593751d6e2e3b85432d98aefae80?s=96&d=mm&r=g\",\"url\":\"https:\\\/\\\/secure.gravatar.com\\\/avatar\\\/7bbb4f718d74bbf600dc556253bb04fd7ac8593751d6e2e3b85432d98aefae80?s=96&d=mm&r=g\",\"contentUrl\":\"https:\\\/\\\/secure.gravatar.com\\\/avatar\\\/7bbb4f718d74bbf600dc556253bb04fd7ac8593751d6e2e3b85432d98aefae80?s=96&d=mm&r=g\",\"caption\":\"Editor\"},\"sameAs\":[\"https:\\\/\\\/contrastes.com.co\\\/web\"],\"url\":\"https:\\\/\\\/contrastes.com.co\\\/web\\\/author\\\/jdbobadilla\\\/\"}]}<\/script>\n<!-- \/ Yoast SEO plugin. -->","yoast_head_json":{"title":"Alcald\u00eda de Soledad promueve emprendimientos locales: la clave para acceder al programa\u00a0 - Constrastes","description":"En el 2023 la Alcald\u00eda de Soledad, contin\u00faa promoviendo, a trav\u00e9s del Departamento Administrativo de la Competitividad, el direccionamiento a emprendedores quienes pueden acceder a la oferta institucional y -dependiendo su perfil- podr\u00e1n beneficiarse de capacitaciones, asistencia t\u00e9cnica, capital semilla y apoyo a la comercializaci\u00f3n de sus productos en ferias desarrolladas en espacios culturales y comerciales.","robots":{"index":"index","follow":"follow","max-snippet":"max-snippet:-1","max-image-preview":"max-image-preview:large","max-video-preview":"max-video-preview:-1"},"canonical":"https:\/\/contrastes.com.co\/web\/2023\/01\/06\/alcaldia-de-soledad-promueve-emprendimientos-locales-la-clave-para-acceder-al-programa\/","og_locale":"es_ES","og_type":"article","og_title":"Alcald\u00eda de Soledad promueve emprendimientos locales: la clave para acceder al programa\u00a0 - Constrastes","og_description":"En el 2023 la Alcald\u00eda de Soledad, contin\u00faa promoviendo, a trav\u00e9s del Departamento Administrativo de la Competitividad, el direccionamiento a emprendedores quienes pueden acceder a la oferta institucional y -dependiendo su perfil- podr\u00e1n beneficiarse de capacitaciones, asistencia t\u00e9cnica, capital semilla y apoyo a la comercializaci\u00f3n de sus productos en ferias desarrolladas en espacios culturales y comerciales.","og_url":"https:\/\/contrastes.com.co\/web\/2023\/01\/06\/alcaldia-de-soledad-promueve-emprendimientos-locales-la-clave-para-acceder-al-programa\/","og_site_name":"Constrastes","article_publisher":"https:\/\/www.facebook.com\/guillo.pantoja.1","article_published_time":"2023-01-06T15:48:46+00:00","author":"Editor","twitter_card":"summary_large_image","twitter_misc":{"Escrito por":"Editor","Tiempo de lectura":"1 minuto"},"schema":{"@context":"https:\/\/schema.org","@graph":[{"@type":"Article","@id":"https:\/\/contrastes.com.co\/web\/2023\/01\/06\/alcaldia-de-soledad-promueve-emprendimientos-locales-la-clave-para-acceder-al-programa\/#article","isPartOf":{"@id":"https:\/\/contrastes.com.co\/web\/2023\/01\/06\/alcaldia-de-soledad-promueve-emprendimientos-locales-la-clave-para-acceder-al-programa\/"},"author":{"name":"Editor","@id":"https:\/\/contrastes.com.co\/web\/#\/schema\/person\/62ef7a62dc4da6de450c71fc2e95ed02"},"headline":"Alcald\u00eda de Soledad promueve emprendimientos locales: la clave para acceder al programa\u00a0","datePublished":"2023-01-06T15:48:46+00:00","mainEntityOfPage":{"@id":"https:\/\/contrastes.com.co\/web\/2023\/01\/06\/alcaldia-de-soledad-promueve-emprendimientos-locales-la-clave-para-acceder-al-programa\/"},"wordCount":283,"commentCount":0,"publisher":{"@id":"https:\/\/contrastes.com.co\/web\/#organization"},"image":{"@id":"https:\/\/contrastes.com.co\/web\/2023\/01\/06\/alcaldia-de-soledad-promueve-emprendimientos-locales-la-clave-para-acceder-al-programa\/#primaryimage"},"thumbnailUrl":"","keywords":["alcaldia de Soledad","Departamento Administrativo de la Competitividad","emprendimiento","municipio de soledad","Rodolfo Ucr\u00f3s Rosales"],"articleSection":["Convocatorias","Emprendimiento y desarrollo econ\u00f3mico","Locales"],"inLanguage":"es","potentialAction":[{"@type":"CommentAction","name":"Comment","target":["https:\/\/contrastes.com.co\/web\/2023\/01\/06\/alcaldia-de-soledad-promueve-emprendimientos-locales-la-clave-para-acceder-al-programa\/#respond"]}]},{"@type":"WebPage","@id":"https:\/\/contrastes.com.co\/web\/2023\/01\/06\/alcaldia-de-soledad-promueve-emprendimientos-locales-la-clave-para-acceder-al-programa\/","url":"https:\/\/contrastes.com.co\/web\/2023\/01\/06\/alcaldia-de-soledad-promueve-emprendimientos-locales-la-clave-para-acceder-al-programa\/","name":"Alcald\u00eda de Soledad promueve emprendimientos locales: la clave para acceder al programa\u00a0 - Constrastes","isPartOf":{"@id":"https:\/\/contrastes.com.co\/web\/#website"},"primaryImageOfPage":{"@id":"https:\/\/contrastes.com.co\/web\/2023\/01\/06\/alcaldia-de-soledad-promueve-emprendimientos-locales-la-clave-para-acceder-al-programa\/#primaryimage"},"image":{"@id":"https:\/\/contrastes.com.co\/web\/2023\/01\/06\/alcaldia-de-soledad-promueve-emprendimientos-locales-la-clave-para-acceder-al-programa\/#primaryimage"},"thumbnailUrl":"","datePublished":"2023-01-06T15:48:46+00:00","description":"En el 2023 la Alcald\u00eda de Soledad, contin\u00faa promoviendo, a trav\u00e9s del Departamento Administrativo de la Competitividad, el direccionamiento a emprendedores quienes pueden acceder a la oferta institucional y -dependiendo su perfil- podr\u00e1n beneficiarse de capacitaciones, asistencia t\u00e9cnica, capital semilla y apoyo a la comercializaci\u00f3n de sus productos en ferias desarrolladas en espacios culturales y comerciales.","breadcrumb":{"@id":"https:\/\/contrastes.com.co\/web\/2023\/01\/06\/alcaldia-de-soledad-promueve-emprendimientos-locales-la-clave-para-acceder-al-programa\/#breadcrumb"},"inLanguage":"es","potentialAction":[{"@type":"ReadAction","target":["https:\/\/contrastes.com.co\/web\/2023\/01\/06\/alcaldia-de-soledad-promueve-emprendimientos-locales-la-clave-para-acceder-al-programa\/"]}]},{"@type":"ImageObject","inLanguage":"es","@id":"https:\/\/contrastes.com.co\/web\/2023\/01\/06\/alcaldia-de-soledad-promueve-emprendimientos-locales-la-clave-para-acceder-al-programa\/#primaryimage","url":"","contentUrl":""},{"@type":"BreadcrumbList","@id":"https:\/\/contrastes.com.co\/web\/2023\/01\/06\/alcaldia-de-soledad-promueve-emprendimientos-locales-la-clave-para-acceder-al-programa\/#breadcrumb","itemListElement":[{"@type":"ListItem","position":1,"name":"Portada","item":"https:\/\/contrastes.com.co\/web\/"},{"@type":"ListItem","position":2,"name":"Alcald\u00eda de Soledad promueve emprendimientos locales: la clave para acceder al programa\u00a0"}]},{"@type":"WebSite","@id":"https:\/\/contrastes.com.co\/web\/#website","url":"https:\/\/contrastes.com.co\/web\/","name":"Contrastes","description":"Periodismo de Conciencia","publisher":{"@id":"https:\/\/contrastes.com.co\/web\/#organization"},"potentialAction":[{"@type":"SearchAction","target":{"@type":"EntryPoint","urlTemplate":"https:\/\/contrastes.com.co\/web\/?s={search_term_string}"},"query-input":{"@type":"PropertyValueSpecification","valueRequired":true,"valueName":"search_term_string"}}],"inLanguage":"es"},{"@type":"Organization","@id":"https:\/\/contrastes.com.co\/web\/#organization","name":"Contrastes","url":"https:\/\/contrastes.com.co\/web\/","logo":{"@type":"ImageObject","inLanguage":"es","@id":"https:\/\/contrastes.com.co\/web\/#\/schema\/logo\/image\/","url":"https:\/\/contrastes.com.co\/web\/wp-content\/uploads\/2025\/04\/15CONTRASTES3.png","contentUrl":"https:\/\/contrastes.com.co\/web\/wp-content\/uploads\/2025\/04\/15CONTRASTES3.png","width":1536,"height":231,"caption":"Contrastes"},"image":{"@id":"https:\/\/contrastes.com.co\/web\/#\/schema\/logo\/image\/"},"sameAs":["https:\/\/www.facebook.com\/guillo.pantoja.1"]},{"@type":"Person","@id":"https:\/\/contrastes.com.co\/web\/#\/schema\/person\/62ef7a62dc4da6de450c71fc2e95ed02","name":"Editor","image":{"@type":"ImageObject","inLanguage":"es","@id":"https:\/\/secure.gravatar.com\/avatar\/7bbb4f718d74bbf600dc556253bb04fd7ac8593751d6e2e3b85432d98aefae80?s=96&d=mm&r=g","url":"https:\/\/secure.gravatar.com\/avatar\/7bbb4f718d74bbf600dc556253bb04fd7ac8593751d6e2e3b85432d98aefae80?s=96&d=mm&r=g","contentUrl":"https:\/\/secure.gravatar.com\/avatar\/7bbb4f718d74bbf600dc556253bb04fd7ac8593751d6e2e3b85432d98aefae80?s=96&d=mm&r=g","caption":"Editor"},"sameAs":["https:\/\/contrastes.com.co\/web"],"url":"https:\/\/contrastes.com.co\/web\/author\/jdbobadilla\/"}]}},"blog_post_layout_featured_media_urls":{"thumbnail":"","full":""},"categories_names":{"2832":{"name":"Convocatorias","link":"https:\/\/contrastes.com.co\/web\/category\/convocatorias\/"},"4171":{"name":"Emprendimiento y desarrollo econ\u00f3mico","link":"https:\/\/contrastes.com.co\/web\/category\/emprendimiento-y-desarrollo-economico\/"},"23":{"name":"Locales","link":"https:\/\/contrastes.com.co\/web\/category\/locales\/"}},"tags_names":{"28":{"name":"alcaldia de Soledad","link":"https:\/\/contrastes.com.co\/web\/tag\/alcaldia-de-soledad\/"},"6771":{"name":"Departamento Administrativo de la Competitividad","link":"https:\/\/contrastes.com.co\/web\/tag\/departamento-administrativo-de-la-competitividad\/"},"5459":{"name":"emprendimiento","link":"https:\/\/contrastes.com.co\/web\/tag\/emprendimiento\/"},"51":{"name":"municipio de soledad","link":"https:\/\/contrastes.com.co\/web\/tag\/municipio-de-soledad\/"},"1879":{"name":"Rodolfo Ucr\u00f3s Rosales","link":"https:\/\/contrastes.com.co\/web\/tag\/rodolfo-ucros-rosales\/"}},"comments_number":"0","wpmagazine_modules_lite_featured_media_urls":{"thumbnail":"","cvmm-medium":"","cvmm-medium-plus":"","cvmm-portrait":"","cvmm-medium-square":"","cvmm-large":"","cvmm-small":"","full":""},"_links":{"self":[{"href":"https:\/\/contrastes.com.co\/web\/wp-json\/wp\/v2\/posts\/12612","targetHints":{"allow":["GET"]}}],"collection":[{"href":"https:\/\/contrastes.com.co\/web\/wp-json\/wp\/v2\/posts"}],"about":[{"href":"https:\/\/contrastes.com.co\/web\/wp-json\/wp\/v2\/types\/post"}],"author":[{"embeddable":true,"href":"https:\/\/contrastes.com.co\/web\/wp-json\/wp\/v2\/users\/1"}],"replies":[{"embeddable":true,"href":"https:\/\/contrastes.com.co\/web\/wp-json\/wp\/v2\/comments?post=12612"}],"version-history":[{"count":0,"href":"https:\/\/contrastes.com.co\/web\/wp-json\/wp\/v2\/posts\/12612\/revisions"}],"wp:attachment":[{"href":"https:\/\/contrastes.com.co\/web\/wp-json\/wp\/v2\/media?parent=12612"}],"wp:term":[{"taxonomy":"category","embeddable":true,"href":"https:\/\/contrastes.com.co\/web\/wp-json\/wp\/v2\/categories?post=12612"},{"taxonomy":"post_tag","embeddable":true,"href":"https:\/\/contrastes.com.co\/web\/wp-json\/wp\/v2\/tags?post=12612"}],"curies":[{"name":"wp","href":"https:\/\/api.w.org\/{rel}","templated":true}]}}