{"id":12732,"date":"2023-01-13T13:19:29","date_gmt":"2023-01-13T18:19:29","guid":{"rendered":"https:\/\/contrastes.com.co\/digital\/?p=12732"},"modified":"2023-01-13T13:19:29","modified_gmt":"2023-01-13T18:19:29","slug":"proyecto-de-ley-busca-prohibir-perros-de-vigilancia-y-seguridad","status":"publish","type":"post","link":"https:\/\/contrastes.com.co\/web\/2023\/01\/13\/proyecto-de-ley-busca-prohibir-perros-de-vigilancia-y-seguridad\/","title":{"rendered":"Proyecto de ley busca prohibir perros de vigilancia y seguridad"},"content":{"rendered":"<p><strong>*Proyecto de ley busca prohibir perros de vigilancia y seguridad<\/strong><\/p>\n<blockquote><p><strong>Una iniciativa liderada por la senadora animalista, Andrea Padilla, busca prohibir los perros de vigilancia y seguridad en las empresas privadas y p\u00fablicas de todo el pa\u00eds, a trav\u00e9s de un proyecto de ley que est\u00e1 estructurando.<\/strong><\/p><\/blockquote>\n<p><img decoding=\"async\" class=\"alignleft  wp-image-8524\" src=\"https:\/\/contrastes.com.co\/digital\/wp-content\/uploads\/2022\/03\/l-capitular.png\" alt=\"l capitular\" width=\"70\" height=\"70\" \/>a congresista <strong>Andrea Padilla, senadora por el Partido Alianza Verde<\/strong>, explic\u00f3 en que consiste el proyecto legislativo. \u201cActualmente, los perros se usan para labores de seguridad y vigilancia, tanto en empresas p\u00fablicas, como privadas, b\u00e1sicamente con dos prop\u00f3sitos, olfato y defensa controlada. Lo que estamos planteando es una prohibici\u00f3n a un tiempo que estamos estudiando, para que no sea arbitrario y empezar con defensa controlada\u201d.<\/p>\n<p>Para la senadora, a mediano y largo plazo se deber\u00e1n implementar soluciones tecnol\u00f3gicas que permitan remplazar las labores de los perros y aplicar nuevas estrategias de seguridad y vigilancia.<\/p>\n<h3>\u00bfQu\u00e9 dicen las empresas de seguridad privada?<\/h3>\n<p>Frente a este proyecto de ley, las empresas de vigilancia ven con bastante preocupaci\u00f3n la retirada de animales dentro de sus esquemas de seguridad.<\/p>\n<p><strong>Miguel \u00c1ngel D\u00edaz, presidente de Confevip<\/strong> y experto en temas de seguridad dice que este tipo de acciones son inconstitucionales y atentan contra la seguridad de la ciudadan\u00eda.<\/p>\n<p>\u201cCu\u00e1ntos atentados se han evitado gracias a la labor de los caninos. La senadora desconoce la realidad de ellos. Nosotros les ofrecemos todas las garant\u00edas para que trabajen con nosotros. Estamos abiertos al di\u00e1logo, ella nos ha escuchado y queremos construir a partir de estas conversaciones\u201d, se\u00f1al\u00f3 D\u00edaz.<\/p>\n","protected":false},"excerpt":{"rendered":"<p>La congresista Andrea Padilla, senadora por el Partido Alianza Verde, explic\u00f3 en que consiste el proyecto legislativo. \u201cActualmente, los perros se usan para labores de seguridad y vigilancia, tanto en empresas p\u00fablicas, como privadas, b\u00e1sicamente con dos prop\u00f3sitos, olfato y defensa controlada. Lo que estamos planteando es una prohibici\u00f3n a un tiempo que estamos estudiando, para que no sea arbitrario y empezar con defensa controlada\u201d.<\/p>\n","protected":false},"author":1,"featured_media":12733,"comment_status":"open","ping_status":"open","sticky":false,"template":"","format":"standard","meta":{"footnotes":""},"categories":[5616,4789,101,5148],"tags":[8130,4788,8131,8132,8133,8134,1263,8135],"class_list":["post-12732","post","type-post","status-publish","format-standard","has-post-thumbnail","hentry","category-animales","category-congreso-de-la-republica","category-pais","category-proteccion-y-bienestar-animal","tag-andrea-padilla","tag-congresista","tag-miguel-angel-diaz","tag-perros-de-vigilancia-y-seguridad","tag-presidente-de-confevip","tag-prohibir","tag-proyecto-de-ley","tag-senadora-por-el-partido-alianza-verde"],"yoast_head":"<!-- This site is optimized with the Yoast SEO plugin v27.7 - https:\/\/yoast.com\/product\/yoast-seo-wordpress\/ -->\n<title>Proyecto de ley busca prohibir perros de vigilancia y seguridad - Constrastes<\/title>\n<meta name=\"description\" content=\"La congresista Andrea Padilla, senadora por el Partido Alianza Verde, explic\u00f3 en que consiste el proyecto legislativo. \u201cActualmente, los perros se usan para labores de seguridad y vigilancia, tanto en empresas p\u00fablicas, como privadas, b\u00e1sicamente con dos prop\u00f3sitos, olfato y defensa controlada. Lo que estamos planteando es una prohibici\u00f3n a un tiempo que estamos estudiando, para que no sea arbitrario y empezar con defensa controlada\u201d.\" \/>\n<meta name=\"robots\" content=\"index, follow, max-snippet:-1, max-image-preview:large, max-video-preview:-1\" \/>\n<link rel=\"canonical\" href=\"https:\/\/contrastes.com.co\/web\/2023\/01\/13\/proyecto-de-ley-busca-prohibir-perros-de-vigilancia-y-seguridad\/\" \/>\n<meta property=\"og:locale\" content=\"es_ES\" \/>\n<meta property=\"og:type\" content=\"article\" \/>\n<meta property=\"og:title\" content=\"Proyecto de ley busca prohibir perros de vigilancia y seguridad - Constrastes\" \/>\n<meta property=\"og:description\" content=\"La congresista Andrea Padilla, senadora por el Partido Alianza Verde, explic\u00f3 en que consiste el proyecto legislativo. \u201cActualmente, los perros se usan para labores de seguridad y vigilancia, tanto en empresas p\u00fablicas, como privadas, b\u00e1sicamente con dos prop\u00f3sitos, olfato y defensa controlada. Lo que estamos planteando es una prohibici\u00f3n a un tiempo que estamos estudiando, para que no sea arbitrario y empezar con defensa controlada\u201d.\" \/>\n<meta property=\"og:url\" content=\"https:\/\/contrastes.com.co\/web\/2023\/01\/13\/proyecto-de-ley-busca-prohibir-perros-de-vigilancia-y-seguridad\/\" \/>\n<meta property=\"og:site_name\" content=\"Constrastes\" \/>\n<meta property=\"article:publisher\" content=\"https:\/\/www.facebook.com\/guillo.pantoja.1\" \/>\n<meta property=\"article:published_time\" content=\"2023-01-13T18:19:29+00:00\" \/>\n<meta name=\"author\" content=\"Editor\" \/>\n<meta name=\"twitter:card\" content=\"summary_large_image\" \/>\n<meta name=\"twitter:label1\" content=\"Escrito por\" \/>\n\t<meta name=\"twitter:data1\" content=\"Editor\" \/>\n\t<meta name=\"twitter:label2\" content=\"Tiempo de lectura\" \/>\n\t<meta name=\"twitter:data2\" content=\"1 minuto\" \/>\n<script type=\"application\/ld+json\" class=\"yoast-schema-graph\">{\"@context\":\"https:\\\/\\\/schema.org\",\"@graph\":[{\"@type\":\"Article\",\"@id\":\"https:\\\/\\\/contrastes.com.co\\\/web\\\/2023\\\/01\\\/13\\\/proyecto-de-ley-busca-prohibir-perros-de-vigilancia-y-seguridad\\\/#article\",\"isPartOf\":{\"@id\":\"https:\\\/\\\/contrastes.com.co\\\/web\\\/2023\\\/01\\\/13\\\/proyecto-de-ley-busca-prohibir-perros-de-vigilancia-y-seguridad\\\/\"},\"author\":{\"name\":\"Editor\",\"@id\":\"https:\\\/\\\/contrastes.com.co\\\/web\\\/#\\\/schema\\\/person\\\/62ef7a62dc4da6de450c71fc2e95ed02\"},\"headline\":\"Proyecto de ley busca prohibir perros de vigilancia y seguridad\",\"datePublished\":\"2023-01-13T18:19:29+00:00\",\"mainEntityOfPage\":{\"@id\":\"https:\\\/\\\/contrastes.com.co\\\/web\\\/2023\\\/01\\\/13\\\/proyecto-de-ley-busca-prohibir-perros-de-vigilancia-y-seguridad\\\/\"},\"wordCount\":275,\"commentCount\":0,\"publisher\":{\"@id\":\"https:\\\/\\\/contrastes.com.co\\\/web\\\/#organization\"},\"image\":{\"@id\":\"https:\\\/\\\/contrastes.com.co\\\/web\\\/2023\\\/01\\\/13\\\/proyecto-de-ley-busca-prohibir-perros-de-vigilancia-y-seguridad\\\/#primaryimage\"},\"thumbnailUrl\":\"\",\"keywords\":[\"Andrea Padilla\",\"congresista\",\"Miguel \u00c1ngel D\u00edaz\",\"perros de vigilancia y seguridad\",\"presidente de Confevip\",\"prohibir\",\"Proyecto de Ley\",\"senadora por el Partido Alianza Verde\"],\"articleSection\":[\"Animales\",\"Congreso de la Rep\u00fablica\",\"Pa\u00eds\",\"Protecci\u00f3n y bienestar animal\"],\"inLanguage\":\"es\",\"potentialAction\":[{\"@type\":\"CommentAction\",\"name\":\"Comment\",\"target\":[\"https:\\\/\\\/contrastes.com.co\\\/web\\\/2023\\\/01\\\/13\\\/proyecto-de-ley-busca-prohibir-perros-de-vigilancia-y-seguridad\\\/#respond\"]}]},{\"@type\":\"WebPage\",\"@id\":\"https:\\\/\\\/contrastes.com.co\\\/web\\\/2023\\\/01\\\/13\\\/proyecto-de-ley-busca-prohibir-perros-de-vigilancia-y-seguridad\\\/\",\"url\":\"https:\\\/\\\/contrastes.com.co\\\/web\\\/2023\\\/01\\\/13\\\/proyecto-de-ley-busca-prohibir-perros-de-vigilancia-y-seguridad\\\/\",\"name\":\"Proyecto de ley busca prohibir perros de vigilancia y seguridad - Constrastes\",\"isPartOf\":{\"@id\":\"https:\\\/\\\/contrastes.com.co\\\/web\\\/#website\"},\"primaryImageOfPage\":{\"@id\":\"https:\\\/\\\/contrastes.com.co\\\/web\\\/2023\\\/01\\\/13\\\/proyecto-de-ley-busca-prohibir-perros-de-vigilancia-y-seguridad\\\/#primaryimage\"},\"image\":{\"@id\":\"https:\\\/\\\/contrastes.com.co\\\/web\\\/2023\\\/01\\\/13\\\/proyecto-de-ley-busca-prohibir-perros-de-vigilancia-y-seguridad\\\/#primaryimage\"},\"thumbnailUrl\":\"\",\"datePublished\":\"2023-01-13T18:19:29+00:00\",\"description\":\"La congresista Andrea Padilla, senadora por el Partido Alianza Verde, explic\u00f3 en que consiste el proyecto legislativo. \u201cActualmente, los perros se usan para labores de seguridad y vigilancia, tanto en empresas p\u00fablicas, como privadas, b\u00e1sicamente con dos prop\u00f3sitos, olfato y defensa controlada. Lo que estamos planteando es una prohibici\u00f3n a un tiempo que estamos estudiando, para que no sea arbitrario y empezar con defensa controlada\u201d.\",\"breadcrumb\":{\"@id\":\"https:\\\/\\\/contrastes.com.co\\\/web\\\/2023\\\/01\\\/13\\\/proyecto-de-ley-busca-prohibir-perros-de-vigilancia-y-seguridad\\\/#breadcrumb\"},\"inLanguage\":\"es\",\"potentialAction\":[{\"@type\":\"ReadAction\",\"target\":[\"https:\\\/\\\/contrastes.com.co\\\/web\\\/2023\\\/01\\\/13\\\/proyecto-de-ley-busca-prohibir-perros-de-vigilancia-y-seguridad\\\/\"]}]},{\"@type\":\"ImageObject\",\"inLanguage\":\"es\",\"@id\":\"https:\\\/\\\/contrastes.com.co\\\/web\\\/2023\\\/01\\\/13\\\/proyecto-de-ley-busca-prohibir-perros-de-vigilancia-y-seguridad\\\/#primaryimage\",\"url\":\"\",\"contentUrl\":\"\"},{\"@type\":\"BreadcrumbList\",\"@id\":\"https:\\\/\\\/contrastes.com.co\\\/web\\\/2023\\\/01\\\/13\\\/proyecto-de-ley-busca-prohibir-perros-de-vigilancia-y-seguridad\\\/#breadcrumb\",\"itemListElement\":[{\"@type\":\"ListItem\",\"position\":1,\"name\":\"Portada\",\"item\":\"https:\\\/\\\/contrastes.com.co\\\/web\\\/\"},{\"@type\":\"ListItem\",\"position\":2,\"name\":\"Proyecto de ley busca prohibir perros de vigilancia y seguridad\"}]},{\"@type\":\"WebSite\",\"@id\":\"https:\\\/\\\/contrastes.com.co\\\/web\\\/#website\",\"url\":\"https:\\\/\\\/contrastes.com.co\\\/web\\\/\",\"name\":\"Contrastes\",\"description\":\"Periodismo de Conciencia\",\"publisher\":{\"@id\":\"https:\\\/\\\/contrastes.com.co\\\/web\\\/#organization\"},\"potentialAction\":[{\"@type\":\"SearchAction\",\"target\":{\"@type\":\"EntryPoint\",\"urlTemplate\":\"https:\\\/\\\/contrastes.com.co\\\/web\\\/?s={search_term_string}\"},\"query-input\":{\"@type\":\"PropertyValueSpecification\",\"valueRequired\":true,\"valueName\":\"search_term_string\"}}],\"inLanguage\":\"es\"},{\"@type\":\"Organization\",\"@id\":\"https:\\\/\\\/contrastes.com.co\\\/web\\\/#organization\",\"name\":\"Contrastes\",\"url\":\"https:\\\/\\\/contrastes.com.co\\\/web\\\/\",\"logo\":{\"@type\":\"ImageObject\",\"inLanguage\":\"es\",\"@id\":\"https:\\\/\\\/contrastes.com.co\\\/web\\\/#\\\/schema\\\/logo\\\/image\\\/\",\"url\":\"https:\\\/\\\/contrastes.com.co\\\/web\\\/wp-content\\\/uploads\\\/2025\\\/04\\\/15CONTRASTES3.png\",\"contentUrl\":\"https:\\\/\\\/contrastes.com.co\\\/web\\\/wp-content\\\/uploads\\\/2025\\\/04\\\/15CONTRASTES3.png\",\"width\":1536,\"height\":231,\"caption\":\"Contrastes\"},\"image\":{\"@id\":\"https:\\\/\\\/contrastes.com.co\\\/web\\\/#\\\/schema\\\/logo\\\/image\\\/\"},\"sameAs\":[\"https:\\\/\\\/www.facebook.com\\\/guillo.pantoja.1\"]},{\"@type\":\"Person\",\"@id\":\"https:\\\/\\\/contrastes.com.co\\\/web\\\/#\\\/schema\\\/person\\\/62ef7a62dc4da6de450c71fc2e95ed02\",\"name\":\"Editor\",\"image\":{\"@type\":\"ImageObject\",\"inLanguage\":\"es\",\"@id\":\"https:\\\/\\\/secure.gravatar.com\\\/avatar\\\/7bbb4f718d74bbf600dc556253bb04fd7ac8593751d6e2e3b85432d98aefae80?s=96&d=mm&r=g\",\"url\":\"https:\\\/\\\/secure.gravatar.com\\\/avatar\\\/7bbb4f718d74bbf600dc556253bb04fd7ac8593751d6e2e3b85432d98aefae80?s=96&d=mm&r=g\",\"contentUrl\":\"https:\\\/\\\/secure.gravatar.com\\\/avatar\\\/7bbb4f718d74bbf600dc556253bb04fd7ac8593751d6e2e3b85432d98aefae80?s=96&d=mm&r=g\",\"caption\":\"Editor\"},\"sameAs\":[\"https:\\\/\\\/contrastes.com.co\\\/web\"],\"url\":\"https:\\\/\\\/contrastes.com.co\\\/web\\\/author\\\/jdbobadilla\\\/\"}]}<\/script>\n<!-- \/ Yoast SEO plugin. -->","yoast_head_json":{"title":"Proyecto de ley busca prohibir perros de vigilancia y seguridad - Constrastes","description":"La congresista Andrea Padilla, senadora por el Partido Alianza Verde, explic\u00f3 en que consiste el proyecto legislativo. \u201cActualmente, los perros se usan para labores de seguridad y vigilancia, tanto en empresas p\u00fablicas, como privadas, b\u00e1sicamente con dos prop\u00f3sitos, olfato y defensa controlada. Lo que estamos planteando es una prohibici\u00f3n a un tiempo que estamos estudiando, para que no sea arbitrario y empezar con defensa controlada\u201d.","robots":{"index":"index","follow":"follow","max-snippet":"max-snippet:-1","max-image-preview":"max-image-preview:large","max-video-preview":"max-video-preview:-1"},"canonical":"https:\/\/contrastes.com.co\/web\/2023\/01\/13\/proyecto-de-ley-busca-prohibir-perros-de-vigilancia-y-seguridad\/","og_locale":"es_ES","og_type":"article","og_title":"Proyecto de ley busca prohibir perros de vigilancia y seguridad - Constrastes","og_description":"La congresista Andrea Padilla, senadora por el Partido Alianza Verde, explic\u00f3 en que consiste el proyecto legislativo. \u201cActualmente, los perros se usan para labores de seguridad y vigilancia, tanto en empresas p\u00fablicas, como privadas, b\u00e1sicamente con dos prop\u00f3sitos, olfato y defensa controlada. Lo que estamos planteando es una prohibici\u00f3n a un tiempo que estamos estudiando, para que no sea arbitrario y empezar con defensa controlada\u201d.","og_url":"https:\/\/contrastes.com.co\/web\/2023\/01\/13\/proyecto-de-ley-busca-prohibir-perros-de-vigilancia-y-seguridad\/","og_site_name":"Constrastes","article_publisher":"https:\/\/www.facebook.com\/guillo.pantoja.1","article_published_time":"2023-01-13T18:19:29+00:00","author":"Editor","twitter_card":"summary_large_image","twitter_misc":{"Escrito por":"Editor","Tiempo de lectura":"1 minuto"},"schema":{"@context":"https:\/\/schema.org","@graph":[{"@type":"Article","@id":"https:\/\/contrastes.com.co\/web\/2023\/01\/13\/proyecto-de-ley-busca-prohibir-perros-de-vigilancia-y-seguridad\/#article","isPartOf":{"@id":"https:\/\/contrastes.com.co\/web\/2023\/01\/13\/proyecto-de-ley-busca-prohibir-perros-de-vigilancia-y-seguridad\/"},"author":{"name":"Editor","@id":"https:\/\/contrastes.com.co\/web\/#\/schema\/person\/62ef7a62dc4da6de450c71fc2e95ed02"},"headline":"Proyecto de ley busca prohibir perros de vigilancia y seguridad","datePublished":"2023-01-13T18:19:29+00:00","mainEntityOfPage":{"@id":"https:\/\/contrastes.com.co\/web\/2023\/01\/13\/proyecto-de-ley-busca-prohibir-perros-de-vigilancia-y-seguridad\/"},"wordCount":275,"commentCount":0,"publisher":{"@id":"https:\/\/contrastes.com.co\/web\/#organization"},"image":{"@id":"https:\/\/contrastes.com.co\/web\/2023\/01\/13\/proyecto-de-ley-busca-prohibir-perros-de-vigilancia-y-seguridad\/#primaryimage"},"thumbnailUrl":"","keywords":["Andrea Padilla","congresista","Miguel \u00c1ngel D\u00edaz","perros de vigilancia y seguridad","presidente de Confevip","prohibir","Proyecto de Ley","senadora por el Partido Alianza Verde"],"articleSection":["Animales","Congreso de la Rep\u00fablica","Pa\u00eds","Protecci\u00f3n y bienestar animal"],"inLanguage":"es","potentialAction":[{"@type":"CommentAction","name":"Comment","target":["https:\/\/contrastes.com.co\/web\/2023\/01\/13\/proyecto-de-ley-busca-prohibir-perros-de-vigilancia-y-seguridad\/#respond"]}]},{"@type":"WebPage","@id":"https:\/\/contrastes.com.co\/web\/2023\/01\/13\/proyecto-de-ley-busca-prohibir-perros-de-vigilancia-y-seguridad\/","url":"https:\/\/contrastes.com.co\/web\/2023\/01\/13\/proyecto-de-ley-busca-prohibir-perros-de-vigilancia-y-seguridad\/","name":"Proyecto de ley busca prohibir perros de vigilancia y seguridad - Constrastes","isPartOf":{"@id":"https:\/\/contrastes.com.co\/web\/#website"},"primaryImageOfPage":{"@id":"https:\/\/contrastes.com.co\/web\/2023\/01\/13\/proyecto-de-ley-busca-prohibir-perros-de-vigilancia-y-seguridad\/#primaryimage"},"image":{"@id":"https:\/\/contrastes.com.co\/web\/2023\/01\/13\/proyecto-de-ley-busca-prohibir-perros-de-vigilancia-y-seguridad\/#primaryimage"},"thumbnailUrl":"","datePublished":"2023-01-13T18:19:29+00:00","description":"La congresista Andrea Padilla, senadora por el Partido Alianza Verde, explic\u00f3 en que consiste el proyecto legislativo. \u201cActualmente, los perros se usan para labores de seguridad y vigilancia, tanto en empresas p\u00fablicas, como privadas, b\u00e1sicamente con dos prop\u00f3sitos, olfato y defensa controlada. Lo que estamos planteando es una prohibici\u00f3n a un tiempo que estamos estudiando, para que no sea arbitrario y empezar con defensa controlada\u201d.","breadcrumb":{"@id":"https:\/\/contrastes.com.co\/web\/2023\/01\/13\/proyecto-de-ley-busca-prohibir-perros-de-vigilancia-y-seguridad\/#breadcrumb"},"inLanguage":"es","potentialAction":[{"@type":"ReadAction","target":["https:\/\/contrastes.com.co\/web\/2023\/01\/13\/proyecto-de-ley-busca-prohibir-perros-de-vigilancia-y-seguridad\/"]}]},{"@type":"ImageObject","inLanguage":"es","@id":"https:\/\/contrastes.com.co\/web\/2023\/01\/13\/proyecto-de-ley-busca-prohibir-perros-de-vigilancia-y-seguridad\/#primaryimage","url":"","contentUrl":""},{"@type":"BreadcrumbList","@id":"https:\/\/contrastes.com.co\/web\/2023\/01\/13\/proyecto-de-ley-busca-prohibir-perros-de-vigilancia-y-seguridad\/#breadcrumb","itemListElement":[{"@type":"ListItem","position":1,"name":"Portada","item":"https:\/\/contrastes.com.co\/web\/"},{"@type":"ListItem","position":2,"name":"Proyecto de ley busca prohibir perros de vigilancia y seguridad"}]},{"@type":"WebSite","@id":"https:\/\/contrastes.com.co\/web\/#website","url":"https:\/\/contrastes.com.co\/web\/","name":"Contrastes","description":"Periodismo de Conciencia","publisher":{"@id":"https:\/\/contrastes.com.co\/web\/#organization"},"potentialAction":[{"@type":"SearchAction","target":{"@type":"EntryPoint","urlTemplate":"https:\/\/contrastes.com.co\/web\/?s={search_term_string}"},"query-input":{"@type":"PropertyValueSpecification","valueRequired":true,"valueName":"search_term_string"}}],"inLanguage":"es"},{"@type":"Organization","@id":"https:\/\/contrastes.com.co\/web\/#organization","name":"Contrastes","url":"https:\/\/contrastes.com.co\/web\/","logo":{"@type":"ImageObject","inLanguage":"es","@id":"https:\/\/contrastes.com.co\/web\/#\/schema\/logo\/image\/","url":"https:\/\/contrastes.com.co\/web\/wp-content\/uploads\/2025\/04\/15CONTRASTES3.png","contentUrl":"https:\/\/contrastes.com.co\/web\/wp-content\/uploads\/2025\/04\/15CONTRASTES3.png","width":1536,"height":231,"caption":"Contrastes"},"image":{"@id":"https:\/\/contrastes.com.co\/web\/#\/schema\/logo\/image\/"},"sameAs":["https:\/\/www.facebook.com\/guillo.pantoja.1"]},{"@type":"Person","@id":"https:\/\/contrastes.com.co\/web\/#\/schema\/person\/62ef7a62dc4da6de450c71fc2e95ed02","name":"Editor","image":{"@type":"ImageObject","inLanguage":"es","@id":"https:\/\/secure.gravatar.com\/avatar\/7bbb4f718d74bbf600dc556253bb04fd7ac8593751d6e2e3b85432d98aefae80?s=96&d=mm&r=g","url":"https:\/\/secure.gravatar.com\/avatar\/7bbb4f718d74bbf600dc556253bb04fd7ac8593751d6e2e3b85432d98aefae80?s=96&d=mm&r=g","contentUrl":"https:\/\/secure.gravatar.com\/avatar\/7bbb4f718d74bbf600dc556253bb04fd7ac8593751d6e2e3b85432d98aefae80?s=96&d=mm&r=g","caption":"Editor"},"sameAs":["https:\/\/contrastes.com.co\/web"],"url":"https:\/\/contrastes.com.co\/web\/author\/jdbobadilla\/"}]}},"blog_post_layout_featured_media_urls":{"thumbnail":"","full":""},"categories_names":{"5616":{"name":"Animales","link":"https:\/\/contrastes.com.co\/web\/category\/animales\/"},"4789":{"name":"Congreso de la Rep\u00fablica","link":"https:\/\/contrastes.com.co\/web\/category\/congreso-de-la-republica\/"},"101":{"name":"Pa\u00eds","link":"https:\/\/contrastes.com.co\/web\/category\/pais\/"},"5148":{"name":"Protecci\u00f3n y bienestar animal","link":"https:\/\/contrastes.com.co\/web\/category\/proteccion-y-bienestar-animal\/"}},"tags_names":{"8130":{"name":"Andrea Padilla","link":"https:\/\/contrastes.com.co\/web\/tag\/andrea-padilla\/"},"4788":{"name":"congresista","link":"https:\/\/contrastes.com.co\/web\/tag\/congresista\/"},"8131":{"name":"Miguel \u00c1ngel D\u00edaz","link":"https:\/\/contrastes.com.co\/web\/tag\/miguel-angel-diaz\/"},"8132":{"name":"perros de vigilancia y seguridad","link":"https:\/\/contrastes.com.co\/web\/tag\/perros-de-vigilancia-y-seguridad\/"},"8133":{"name":"presidente de Confevip","link":"https:\/\/contrastes.com.co\/web\/tag\/presidente-de-confevip\/"},"8134":{"name":"prohibir","link":"https:\/\/contrastes.com.co\/web\/tag\/prohibir\/"},"1263":{"name":"Proyecto de Ley","link":"https:\/\/contrastes.com.co\/web\/tag\/proyecto-de-ley\/"},"8135":{"name":"senadora por el Partido Alianza Verde","link":"https:\/\/contrastes.com.co\/web\/tag\/senadora-por-el-partido-alianza-verde\/"}},"comments_number":"0","wpmagazine_modules_lite_featured_media_urls":{"thumbnail":"","cvmm-medium":"","cvmm-medium-plus":"","cvmm-portrait":"","cvmm-medium-square":"","cvmm-large":"","cvmm-small":"","full":""},"_links":{"self":[{"href":"https:\/\/contrastes.com.co\/web\/wp-json\/wp\/v2\/posts\/12732","targetHints":{"allow":["GET"]}}],"collection":[{"href":"https:\/\/contrastes.com.co\/web\/wp-json\/wp\/v2\/posts"}],"about":[{"href":"https:\/\/contrastes.com.co\/web\/wp-json\/wp\/v2\/types\/post"}],"author":[{"embeddable":true,"href":"https:\/\/contrastes.com.co\/web\/wp-json\/wp\/v2\/users\/1"}],"replies":[{"embeddable":true,"href":"https:\/\/contrastes.com.co\/web\/wp-json\/wp\/v2\/comments?post=12732"}],"version-history":[{"count":0,"href":"https:\/\/contrastes.com.co\/web\/wp-json\/wp\/v2\/posts\/12732\/revisions"}],"wp:attachment":[{"href":"https:\/\/contrastes.com.co\/web\/wp-json\/wp\/v2\/media?parent=12732"}],"wp:term":[{"taxonomy":"category","embeddable":true,"href":"https:\/\/contrastes.com.co\/web\/wp-json\/wp\/v2\/categories?post=12732"},{"taxonomy":"post_tag","embeddable":true,"href":"https:\/\/contrastes.com.co\/web\/wp-json\/wp\/v2\/tags?post=12732"}],"curies":[{"name":"wp","href":"https:\/\/api.w.org\/{rel}","templated":true}]}}