{"id":12927,"date":"2023-01-23T11:09:41","date_gmt":"2023-01-23T16:09:41","guid":{"rendered":"https:\/\/contrastes.com.co\/digital\/?p=12927"},"modified":"2023-01-23T11:09:41","modified_gmt":"2023-01-23T16:09:41","slug":"a-prision-hombre-que-habria-obligado-a-su-pareja-a-tatuarse-su-nombre","status":"publish","type":"post","link":"https:\/\/contrastes.com.co\/web\/2023\/01\/23\/a-prision-hombre-que-habria-obligado-a-su-pareja-a-tatuarse-su-nombre\/","title":{"rendered":"A prisi\u00f3n hombre que habr\u00eda obligado a su pareja a tatuarse su nombre"},"content":{"rendered":"<p><strong>*A prisi\u00f3n hombre que habr\u00eda obligado a su pareja a tatuarse su nombre<\/strong><\/p>\n<blockquote><p><strong>Seg\u00fan la Fiscal\u00eda, el judicializado habr\u00eda intentado asfixiar a la v\u00edctima y someterla en repetidas ocasiones con violencia f\u00edsica, verbal, sicol\u00f3gica y sexual.<\/strong><\/p><\/blockquote>\n<p><img decoding=\"async\" class=\"alignleft  wp-image-8524\" src=\"https:\/\/contrastes.com.co\/digital\/wp-content\/uploads\/2022\/03\/l-capitular.png\" alt=\"l capitular\" width=\"64\" height=\"64\" \/>a Fiscal\u00eda inform\u00f3 este domingo en un comunicado un juez de control de garant\u00edas impuso medida de aseguramiento privativa de la libertad en un centro carcelario a un hombre se\u00f1alado de ejercer violencia f\u00edsica, verbal, sicol\u00f3gica y sexual en contra de su compa\u00f1era sentimental.<\/p>\n<p>\u00ab<strong>Los hechos investigados ocurrieron en una vivienda del barrio Bel\u00e9n Rinc\u00f3n, en Medell\u00edn (Antioquia),<\/strong> entre el 20 de septiembre y el 7 de noviembre de 2022. El hoy procesado, al parecer, someti\u00f3 constantemente a su pareja; le control\u00f3 el celular, el dinero y la forma de vestir de la v\u00edctima; y la oblig\u00f3 a tatuarse su nombre en el cuerpo\u00bb, se lee.<\/p>\n<p>El ente acusador agreg\u00f3 que la mujer trat\u00f3 de poner fin a la relaci\u00f3n sentimental y abandon\u00f3 el inmueble en el que conviv\u00eda con el se\u00f1alado agresor, quien la habr\u00eda obligado a regresar y la habr\u00eda atacado sexualmente. En otras oportunidades, presuntamente, intent\u00f3 asfixiarla y amenaz\u00f3 de muerte con un cuchillo frente a su hijo de seis a\u00f1os.<\/p>\n<p>El sujeto, que no acept\u00f3 los cargos, fue imputado por los delitos de violencia intrafamiliar agravada y acceso carnal violento.<\/p>\n","protected":false},"excerpt":{"rendered":"<p>La Fiscal\u00eda inform\u00f3 este domingo en un comunicado un juez de control de garant\u00edas impuso medida de aseguramiento privativa de la libertad en un centro carcelario a un hombre se\u00f1alado de ejercer violencia f\u00edsica, verbal, sicol\u00f3gica y sexual en contra de su compa\u00f1era sentimental.<\/p>\n","protected":false},"author":1,"featured_media":12928,"comment_status":"open","ping_status":"open","sticky":false,"template":"","format":"standard","meta":{"footnotes":""},"categories":[172,101],"tags":[5565,8329,8330],"class_list":["post-12927","post","type-post","status-publish","format-standard","has-post-thumbnail","hentry","category-judicial","category-pais","tag-carcel","tag-obligada-a-tatuarse","tag-tatuaje"],"yoast_head":"<!-- This site is optimized with the Yoast SEO plugin v27.7 - https:\/\/yoast.com\/product\/yoast-seo-wordpress\/ -->\n<title>A prisi\u00f3n hombre que habr\u00eda obligado a su pareja a tatuarse su nombre - Constrastes<\/title>\n<meta name=\"description\" content=\"La Fiscal\u00eda inform\u00f3 este domingo en un comunicado un juez de control de garant\u00edas impuso medida de aseguramiento privativa de la libertad en un centro carcelario a un hombre se\u00f1alado de ejercer violencia f\u00edsica, verbal, sicol\u00f3gica y sexual en contra de su compa\u00f1era sentimental.\" \/>\n<meta name=\"robots\" content=\"index, follow, max-snippet:-1, max-image-preview:large, max-video-preview:-1\" \/>\n<link rel=\"canonical\" href=\"https:\/\/contrastes.com.co\/web\/2023\/01\/23\/a-prision-hombre-que-habria-obligado-a-su-pareja-a-tatuarse-su-nombre\/\" \/>\n<meta property=\"og:locale\" content=\"es_ES\" \/>\n<meta property=\"og:type\" content=\"article\" \/>\n<meta property=\"og:title\" content=\"A prisi\u00f3n hombre que habr\u00eda obligado a su pareja a tatuarse su nombre - Constrastes\" \/>\n<meta property=\"og:description\" content=\"La Fiscal\u00eda inform\u00f3 este domingo en un comunicado un juez de control de garant\u00edas impuso medida de aseguramiento privativa de la libertad en un centro carcelario a un hombre se\u00f1alado de ejercer violencia f\u00edsica, verbal, sicol\u00f3gica y sexual en contra de su compa\u00f1era sentimental.\" \/>\n<meta property=\"og:url\" content=\"https:\/\/contrastes.com.co\/web\/2023\/01\/23\/a-prision-hombre-que-habria-obligado-a-su-pareja-a-tatuarse-su-nombre\/\" \/>\n<meta property=\"og:site_name\" content=\"Constrastes\" \/>\n<meta property=\"article:publisher\" content=\"https:\/\/www.facebook.com\/guillo.pantoja.1\" \/>\n<meta property=\"article:published_time\" content=\"2023-01-23T16:09:41+00:00\" \/>\n<meta name=\"author\" content=\"Editor\" \/>\n<meta name=\"twitter:card\" content=\"summary_large_image\" \/>\n<meta name=\"twitter:label1\" content=\"Escrito por\" \/>\n\t<meta name=\"twitter:data1\" content=\"Editor\" \/>\n\t<meta name=\"twitter:label2\" content=\"Tiempo de lectura\" \/>\n\t<meta name=\"twitter:data2\" content=\"1 minuto\" \/>\n<script type=\"application\/ld+json\" class=\"yoast-schema-graph\">{\"@context\":\"https:\\\/\\\/schema.org\",\"@graph\":[{\"@type\":\"Article\",\"@id\":\"https:\\\/\\\/contrastes.com.co\\\/web\\\/2023\\\/01\\\/23\\\/a-prision-hombre-que-habria-obligado-a-su-pareja-a-tatuarse-su-nombre\\\/#article\",\"isPartOf\":{\"@id\":\"https:\\\/\\\/contrastes.com.co\\\/web\\\/2023\\\/01\\\/23\\\/a-prision-hombre-que-habria-obligado-a-su-pareja-a-tatuarse-su-nombre\\\/\"},\"author\":{\"name\":\"Editor\",\"@id\":\"https:\\\/\\\/contrastes.com.co\\\/web\\\/#\\\/schema\\\/person\\\/62ef7a62dc4da6de450c71fc2e95ed02\"},\"headline\":\"A prisi\u00f3n hombre que habr\u00eda obligado a su pareja a tatuarse su nombre\",\"datePublished\":\"2023-01-23T16:09:41+00:00\",\"mainEntityOfPage\":{\"@id\":\"https:\\\/\\\/contrastes.com.co\\\/web\\\/2023\\\/01\\\/23\\\/a-prision-hombre-que-habria-obligado-a-su-pareja-a-tatuarse-su-nombre\\\/\"},\"wordCount\":256,\"commentCount\":0,\"publisher\":{\"@id\":\"https:\\\/\\\/contrastes.com.co\\\/web\\\/#organization\"},\"image\":{\"@id\":\"https:\\\/\\\/contrastes.com.co\\\/web\\\/2023\\\/01\\\/23\\\/a-prision-hombre-que-habria-obligado-a-su-pareja-a-tatuarse-su-nombre\\\/#primaryimage\"},\"thumbnailUrl\":\"\",\"keywords\":[\"carcel\",\"obligada a tatuarse\",\"tatuaje\"],\"articleSection\":[\"Judicial\",\"Pa\u00eds\"],\"inLanguage\":\"es\",\"potentialAction\":[{\"@type\":\"CommentAction\",\"name\":\"Comment\",\"target\":[\"https:\\\/\\\/contrastes.com.co\\\/web\\\/2023\\\/01\\\/23\\\/a-prision-hombre-que-habria-obligado-a-su-pareja-a-tatuarse-su-nombre\\\/#respond\"]}]},{\"@type\":\"WebPage\",\"@id\":\"https:\\\/\\\/contrastes.com.co\\\/web\\\/2023\\\/01\\\/23\\\/a-prision-hombre-que-habria-obligado-a-su-pareja-a-tatuarse-su-nombre\\\/\",\"url\":\"https:\\\/\\\/contrastes.com.co\\\/web\\\/2023\\\/01\\\/23\\\/a-prision-hombre-que-habria-obligado-a-su-pareja-a-tatuarse-su-nombre\\\/\",\"name\":\"A prisi\u00f3n hombre que habr\u00eda obligado a su pareja a tatuarse su nombre - Constrastes\",\"isPartOf\":{\"@id\":\"https:\\\/\\\/contrastes.com.co\\\/web\\\/#website\"},\"primaryImageOfPage\":{\"@id\":\"https:\\\/\\\/contrastes.com.co\\\/web\\\/2023\\\/01\\\/23\\\/a-prision-hombre-que-habria-obligado-a-su-pareja-a-tatuarse-su-nombre\\\/#primaryimage\"},\"image\":{\"@id\":\"https:\\\/\\\/contrastes.com.co\\\/web\\\/2023\\\/01\\\/23\\\/a-prision-hombre-que-habria-obligado-a-su-pareja-a-tatuarse-su-nombre\\\/#primaryimage\"},\"thumbnailUrl\":\"\",\"datePublished\":\"2023-01-23T16:09:41+00:00\",\"description\":\"La Fiscal\u00eda inform\u00f3 este domingo en un comunicado un juez de control de garant\u00edas impuso medida de aseguramiento privativa de la libertad en un centro carcelario a un hombre se\u00f1alado de ejercer violencia f\u00edsica, verbal, sicol\u00f3gica y sexual en contra de su compa\u00f1era sentimental.\",\"breadcrumb\":{\"@id\":\"https:\\\/\\\/contrastes.com.co\\\/web\\\/2023\\\/01\\\/23\\\/a-prision-hombre-que-habria-obligado-a-su-pareja-a-tatuarse-su-nombre\\\/#breadcrumb\"},\"inLanguage\":\"es\",\"potentialAction\":[{\"@type\":\"ReadAction\",\"target\":[\"https:\\\/\\\/contrastes.com.co\\\/web\\\/2023\\\/01\\\/23\\\/a-prision-hombre-que-habria-obligado-a-su-pareja-a-tatuarse-su-nombre\\\/\"]}]},{\"@type\":\"ImageObject\",\"inLanguage\":\"es\",\"@id\":\"https:\\\/\\\/contrastes.com.co\\\/web\\\/2023\\\/01\\\/23\\\/a-prision-hombre-que-habria-obligado-a-su-pareja-a-tatuarse-su-nombre\\\/#primaryimage\",\"url\":\"\",\"contentUrl\":\"\"},{\"@type\":\"BreadcrumbList\",\"@id\":\"https:\\\/\\\/contrastes.com.co\\\/web\\\/2023\\\/01\\\/23\\\/a-prision-hombre-que-habria-obligado-a-su-pareja-a-tatuarse-su-nombre\\\/#breadcrumb\",\"itemListElement\":[{\"@type\":\"ListItem\",\"position\":1,\"name\":\"Portada\",\"item\":\"https:\\\/\\\/contrastes.com.co\\\/web\\\/\"},{\"@type\":\"ListItem\",\"position\":2,\"name\":\"A prisi\u00f3n hombre que habr\u00eda obligado a su pareja a tatuarse su nombre\"}]},{\"@type\":\"WebSite\",\"@id\":\"https:\\\/\\\/contrastes.com.co\\\/web\\\/#website\",\"url\":\"https:\\\/\\\/contrastes.com.co\\\/web\\\/\",\"name\":\"Contrastes\",\"description\":\"Periodismo de Conciencia\",\"publisher\":{\"@id\":\"https:\\\/\\\/contrastes.com.co\\\/web\\\/#organization\"},\"potentialAction\":[{\"@type\":\"SearchAction\",\"target\":{\"@type\":\"EntryPoint\",\"urlTemplate\":\"https:\\\/\\\/contrastes.com.co\\\/web\\\/?s={search_term_string}\"},\"query-input\":{\"@type\":\"PropertyValueSpecification\",\"valueRequired\":true,\"valueName\":\"search_term_string\"}}],\"inLanguage\":\"es\"},{\"@type\":\"Organization\",\"@id\":\"https:\\\/\\\/contrastes.com.co\\\/web\\\/#organization\",\"name\":\"Contrastes\",\"url\":\"https:\\\/\\\/contrastes.com.co\\\/web\\\/\",\"logo\":{\"@type\":\"ImageObject\",\"inLanguage\":\"es\",\"@id\":\"https:\\\/\\\/contrastes.com.co\\\/web\\\/#\\\/schema\\\/logo\\\/image\\\/\",\"url\":\"https:\\\/\\\/contrastes.com.co\\\/web\\\/wp-content\\\/uploads\\\/2025\\\/04\\\/15CONTRASTES3.png\",\"contentUrl\":\"https:\\\/\\\/contrastes.com.co\\\/web\\\/wp-content\\\/uploads\\\/2025\\\/04\\\/15CONTRASTES3.png\",\"width\":1536,\"height\":231,\"caption\":\"Contrastes\"},\"image\":{\"@id\":\"https:\\\/\\\/contrastes.com.co\\\/web\\\/#\\\/schema\\\/logo\\\/image\\\/\"},\"sameAs\":[\"https:\\\/\\\/www.facebook.com\\\/guillo.pantoja.1\"]},{\"@type\":\"Person\",\"@id\":\"https:\\\/\\\/contrastes.com.co\\\/web\\\/#\\\/schema\\\/person\\\/62ef7a62dc4da6de450c71fc2e95ed02\",\"name\":\"Editor\",\"image\":{\"@type\":\"ImageObject\",\"inLanguage\":\"es\",\"@id\":\"https:\\\/\\\/secure.gravatar.com\\\/avatar\\\/7bbb4f718d74bbf600dc556253bb04fd7ac8593751d6e2e3b85432d98aefae80?s=96&d=mm&r=g\",\"url\":\"https:\\\/\\\/secure.gravatar.com\\\/avatar\\\/7bbb4f718d74bbf600dc556253bb04fd7ac8593751d6e2e3b85432d98aefae80?s=96&d=mm&r=g\",\"contentUrl\":\"https:\\\/\\\/secure.gravatar.com\\\/avatar\\\/7bbb4f718d74bbf600dc556253bb04fd7ac8593751d6e2e3b85432d98aefae80?s=96&d=mm&r=g\",\"caption\":\"Editor\"},\"sameAs\":[\"https:\\\/\\\/contrastes.com.co\\\/web\"],\"url\":\"https:\\\/\\\/contrastes.com.co\\\/web\\\/author\\\/jdbobadilla\\\/\"}]}<\/script>\n<!-- \/ Yoast SEO plugin. -->","yoast_head_json":{"title":"A prisi\u00f3n hombre que habr\u00eda obligado a su pareja a tatuarse su nombre - Constrastes","description":"La Fiscal\u00eda inform\u00f3 este domingo en un comunicado un juez de control de garant\u00edas impuso medida de aseguramiento privativa de la libertad en un centro carcelario a un hombre se\u00f1alado de ejercer violencia f\u00edsica, verbal, sicol\u00f3gica y sexual en contra de su compa\u00f1era sentimental.","robots":{"index":"index","follow":"follow","max-snippet":"max-snippet:-1","max-image-preview":"max-image-preview:large","max-video-preview":"max-video-preview:-1"},"canonical":"https:\/\/contrastes.com.co\/web\/2023\/01\/23\/a-prision-hombre-que-habria-obligado-a-su-pareja-a-tatuarse-su-nombre\/","og_locale":"es_ES","og_type":"article","og_title":"A prisi\u00f3n hombre que habr\u00eda obligado a su pareja a tatuarse su nombre - Constrastes","og_description":"La Fiscal\u00eda inform\u00f3 este domingo en un comunicado un juez de control de garant\u00edas impuso medida de aseguramiento privativa de la libertad en un centro carcelario a un hombre se\u00f1alado de ejercer violencia f\u00edsica, verbal, sicol\u00f3gica y sexual en contra de su compa\u00f1era sentimental.","og_url":"https:\/\/contrastes.com.co\/web\/2023\/01\/23\/a-prision-hombre-que-habria-obligado-a-su-pareja-a-tatuarse-su-nombre\/","og_site_name":"Constrastes","article_publisher":"https:\/\/www.facebook.com\/guillo.pantoja.1","article_published_time":"2023-01-23T16:09:41+00:00","author":"Editor","twitter_card":"summary_large_image","twitter_misc":{"Escrito por":"Editor","Tiempo de lectura":"1 minuto"},"schema":{"@context":"https:\/\/schema.org","@graph":[{"@type":"Article","@id":"https:\/\/contrastes.com.co\/web\/2023\/01\/23\/a-prision-hombre-que-habria-obligado-a-su-pareja-a-tatuarse-su-nombre\/#article","isPartOf":{"@id":"https:\/\/contrastes.com.co\/web\/2023\/01\/23\/a-prision-hombre-que-habria-obligado-a-su-pareja-a-tatuarse-su-nombre\/"},"author":{"name":"Editor","@id":"https:\/\/contrastes.com.co\/web\/#\/schema\/person\/62ef7a62dc4da6de450c71fc2e95ed02"},"headline":"A prisi\u00f3n hombre que habr\u00eda obligado a su pareja a tatuarse su nombre","datePublished":"2023-01-23T16:09:41+00:00","mainEntityOfPage":{"@id":"https:\/\/contrastes.com.co\/web\/2023\/01\/23\/a-prision-hombre-que-habria-obligado-a-su-pareja-a-tatuarse-su-nombre\/"},"wordCount":256,"commentCount":0,"publisher":{"@id":"https:\/\/contrastes.com.co\/web\/#organization"},"image":{"@id":"https:\/\/contrastes.com.co\/web\/2023\/01\/23\/a-prision-hombre-que-habria-obligado-a-su-pareja-a-tatuarse-su-nombre\/#primaryimage"},"thumbnailUrl":"","keywords":["carcel","obligada a tatuarse","tatuaje"],"articleSection":["Judicial","Pa\u00eds"],"inLanguage":"es","potentialAction":[{"@type":"CommentAction","name":"Comment","target":["https:\/\/contrastes.com.co\/web\/2023\/01\/23\/a-prision-hombre-que-habria-obligado-a-su-pareja-a-tatuarse-su-nombre\/#respond"]}]},{"@type":"WebPage","@id":"https:\/\/contrastes.com.co\/web\/2023\/01\/23\/a-prision-hombre-que-habria-obligado-a-su-pareja-a-tatuarse-su-nombre\/","url":"https:\/\/contrastes.com.co\/web\/2023\/01\/23\/a-prision-hombre-que-habria-obligado-a-su-pareja-a-tatuarse-su-nombre\/","name":"A prisi\u00f3n hombre que habr\u00eda obligado a su pareja a tatuarse su nombre - Constrastes","isPartOf":{"@id":"https:\/\/contrastes.com.co\/web\/#website"},"primaryImageOfPage":{"@id":"https:\/\/contrastes.com.co\/web\/2023\/01\/23\/a-prision-hombre-que-habria-obligado-a-su-pareja-a-tatuarse-su-nombre\/#primaryimage"},"image":{"@id":"https:\/\/contrastes.com.co\/web\/2023\/01\/23\/a-prision-hombre-que-habria-obligado-a-su-pareja-a-tatuarse-su-nombre\/#primaryimage"},"thumbnailUrl":"","datePublished":"2023-01-23T16:09:41+00:00","description":"La Fiscal\u00eda inform\u00f3 este domingo en un comunicado un juez de control de garant\u00edas impuso medida de aseguramiento privativa de la libertad en un centro carcelario a un hombre se\u00f1alado de ejercer violencia f\u00edsica, verbal, sicol\u00f3gica y sexual en contra de su compa\u00f1era sentimental.","breadcrumb":{"@id":"https:\/\/contrastes.com.co\/web\/2023\/01\/23\/a-prision-hombre-que-habria-obligado-a-su-pareja-a-tatuarse-su-nombre\/#breadcrumb"},"inLanguage":"es","potentialAction":[{"@type":"ReadAction","target":["https:\/\/contrastes.com.co\/web\/2023\/01\/23\/a-prision-hombre-que-habria-obligado-a-su-pareja-a-tatuarse-su-nombre\/"]}]},{"@type":"ImageObject","inLanguage":"es","@id":"https:\/\/contrastes.com.co\/web\/2023\/01\/23\/a-prision-hombre-que-habria-obligado-a-su-pareja-a-tatuarse-su-nombre\/#primaryimage","url":"","contentUrl":""},{"@type":"BreadcrumbList","@id":"https:\/\/contrastes.com.co\/web\/2023\/01\/23\/a-prision-hombre-que-habria-obligado-a-su-pareja-a-tatuarse-su-nombre\/#breadcrumb","itemListElement":[{"@type":"ListItem","position":1,"name":"Portada","item":"https:\/\/contrastes.com.co\/web\/"},{"@type":"ListItem","position":2,"name":"A prisi\u00f3n hombre que habr\u00eda obligado a su pareja a tatuarse su nombre"}]},{"@type":"WebSite","@id":"https:\/\/contrastes.com.co\/web\/#website","url":"https:\/\/contrastes.com.co\/web\/","name":"Contrastes","description":"Periodismo de Conciencia","publisher":{"@id":"https:\/\/contrastes.com.co\/web\/#organization"},"potentialAction":[{"@type":"SearchAction","target":{"@type":"EntryPoint","urlTemplate":"https:\/\/contrastes.com.co\/web\/?s={search_term_string}"},"query-input":{"@type":"PropertyValueSpecification","valueRequired":true,"valueName":"search_term_string"}}],"inLanguage":"es"},{"@type":"Organization","@id":"https:\/\/contrastes.com.co\/web\/#organization","name":"Contrastes","url":"https:\/\/contrastes.com.co\/web\/","logo":{"@type":"ImageObject","inLanguage":"es","@id":"https:\/\/contrastes.com.co\/web\/#\/schema\/logo\/image\/","url":"https:\/\/contrastes.com.co\/web\/wp-content\/uploads\/2025\/04\/15CONTRASTES3.png","contentUrl":"https:\/\/contrastes.com.co\/web\/wp-content\/uploads\/2025\/04\/15CONTRASTES3.png","width":1536,"height":231,"caption":"Contrastes"},"image":{"@id":"https:\/\/contrastes.com.co\/web\/#\/schema\/logo\/image\/"},"sameAs":["https:\/\/www.facebook.com\/guillo.pantoja.1"]},{"@type":"Person","@id":"https:\/\/contrastes.com.co\/web\/#\/schema\/person\/62ef7a62dc4da6de450c71fc2e95ed02","name":"Editor","image":{"@type":"ImageObject","inLanguage":"es","@id":"https:\/\/secure.gravatar.com\/avatar\/7bbb4f718d74bbf600dc556253bb04fd7ac8593751d6e2e3b85432d98aefae80?s=96&d=mm&r=g","url":"https:\/\/secure.gravatar.com\/avatar\/7bbb4f718d74bbf600dc556253bb04fd7ac8593751d6e2e3b85432d98aefae80?s=96&d=mm&r=g","contentUrl":"https:\/\/secure.gravatar.com\/avatar\/7bbb4f718d74bbf600dc556253bb04fd7ac8593751d6e2e3b85432d98aefae80?s=96&d=mm&r=g","caption":"Editor"},"sameAs":["https:\/\/contrastes.com.co\/web"],"url":"https:\/\/contrastes.com.co\/web\/author\/jdbobadilla\/"}]}},"blog_post_layout_featured_media_urls":{"thumbnail":"","full":""},"categories_names":{"172":{"name":"Judicial","link":"https:\/\/contrastes.com.co\/web\/category\/judicial\/"},"101":{"name":"Pa\u00eds","link":"https:\/\/contrastes.com.co\/web\/category\/pais\/"}},"tags_names":{"5565":{"name":"carcel","link":"https:\/\/contrastes.com.co\/web\/tag\/carcel\/"},"8329":{"name":"obligada a tatuarse","link":"https:\/\/contrastes.com.co\/web\/tag\/obligada-a-tatuarse\/"},"8330":{"name":"tatuaje","link":"https:\/\/contrastes.com.co\/web\/tag\/tatuaje\/"}},"comments_number":"0","wpmagazine_modules_lite_featured_media_urls":{"thumbnail":"","cvmm-medium":"","cvmm-medium-plus":"","cvmm-portrait":"","cvmm-medium-square":"","cvmm-large":"","cvmm-small":"","full":""},"_links":{"self":[{"href":"https:\/\/contrastes.com.co\/web\/wp-json\/wp\/v2\/posts\/12927","targetHints":{"allow":["GET"]}}],"collection":[{"href":"https:\/\/contrastes.com.co\/web\/wp-json\/wp\/v2\/posts"}],"about":[{"href":"https:\/\/contrastes.com.co\/web\/wp-json\/wp\/v2\/types\/post"}],"author":[{"embeddable":true,"href":"https:\/\/contrastes.com.co\/web\/wp-json\/wp\/v2\/users\/1"}],"replies":[{"embeddable":true,"href":"https:\/\/contrastes.com.co\/web\/wp-json\/wp\/v2\/comments?post=12927"}],"version-history":[{"count":0,"href":"https:\/\/contrastes.com.co\/web\/wp-json\/wp\/v2\/posts\/12927\/revisions"}],"wp:attachment":[{"href":"https:\/\/contrastes.com.co\/web\/wp-json\/wp\/v2\/media?parent=12927"}],"wp:term":[{"taxonomy":"category","embeddable":true,"href":"https:\/\/contrastes.com.co\/web\/wp-json\/wp\/v2\/categories?post=12927"},{"taxonomy":"post_tag","embeddable":true,"href":"https:\/\/contrastes.com.co\/web\/wp-json\/wp\/v2\/tags?post=12927"}],"curies":[{"name":"wp","href":"https:\/\/api.w.org\/{rel}","templated":true}]}}