{"id":13262,"date":"2023-02-16T15:01:01","date_gmt":"2023-02-16T20:01:01","guid":{"rendered":"https:\/\/contrastes.com.co\/digital\/?p=13262"},"modified":"2023-02-16T15:01:01","modified_gmt":"2023-02-16T20:01:01","slug":"alcaldia-habilito-405-metros-lineales-en-la-carrera-14-entre-calles-11a-y-18-barrio-la-esperanza","status":"publish","type":"post","link":"https:\/\/contrastes.com.co\/web\/2023\/02\/16\/alcaldia-habilito-405-metros-lineales-en-la-carrera-14-entre-calles-11a-y-18-barrio-la-esperanza\/","title":{"rendered":"Alcald\u00eda habilit\u00f3 405 metros lineales en la carrera 14 entre calles 11A y 18, barrio La Esperanza"},"content":{"rendered":"<p><strong>*Alcald\u00eda habilit\u00f3 405 metros lineales en la carrera 14 entre calles 11A y 18, barrio La Esperanza.<\/strong><\/p>\n<blockquote><p><strong>El alcalde municipal, Rodolfo Ucr\u00f3s Rosales, reiter\u00f3 su compromiso con la entrega de las obras de pavimentaci\u00f3n que optimizar\u00e1n la movilidad en Soledad y que actualmente se encentran en ejecuci\u00f3n.<\/strong><\/p><\/blockquote>\n<p><img decoding=\"async\" class=\"alignleft  wp-image-8524\" src=\"https:\/\/contrastes.com.co\/digital\/wp-content\/uploads\/2022\/03\/l-capitular.png\" alt=\"l capitular\" width=\"80\" height=\"80\" \/>a administraci\u00f3n municipal de Soledad habilit\u00f3 en la fecha 405 metros lineales correspondientes al tramo comprendido entre las calles 11A y 18 de la carrera 14, una v\u00eda es muy importante para la localidad dado que se trata de una arteria de acceso al sector en menci\u00f3n y al <strong>\u00e1rea rural de Cabica<\/strong>. La misma hace parte de la Ruta 2, dentro de la primera fase del Plan de <strong>Pavimentaci\u00f3n Vial del Gran Pacto Social por Soledad<\/strong>.<\/p>\n<p>\u00abLos trabajos de adecuaci\u00f3n incluyeron el mejoramiento en saneamiento b\u00e1sico, as\u00ed como se\u00f1alizaci\u00f3n vertical y horizontal en la v\u00eda\u00bb, precis\u00f3 el <strong>secretario de Obras, Jaider Molina Daza<\/strong>, al tiempo que el <strong>alcalde municipal, Rodolfo Ucr\u00f3s Rosales,<\/strong> reiter\u00f3 su compromiso con la entrega de las obras de pavimentaci\u00f3n que optimizar\u00e1n la movilidad en Soledad y que actualmente se encentran en ejecuci\u00f3n.<\/p>\n","protected":false},"excerpt":{"rendered":"<p>La administraci\u00f3n municipal habilit\u00f3 en la fecha 405 metros lineales correspondientes al tramo comprendido entre las calles 11A y 18 de la carrera 14, una v\u00eda es muy importante para la localidad dado que se trata de una arteria de acceso al sector en menci\u00f3n y al \u00e1rea rural de Cabica. La misma hace parte de la Ruta 2, dentro de la primera fase del Plan de Pavimentaci\u00f3n Vial del Gran Pacto Social por Soledad.<\/p>\n","protected":false},"author":1,"featured_media":13263,"comment_status":"open","ping_status":"open","sticky":false,"template":"","format":"standard","meta":{"footnotes":""},"categories":[23,3542],"tags":[8552,28,6438,8553,2480,51,461,1879,8554],"class_list":["post-13262","post","type-post","status-publish","format-standard","has-post-thumbnail","hentry","category-locales","category-obras-publicas","tag-alcalde-municipal","tag-alcaldia-de-soledad","tag-barrio-la-esperanza","tag-carrera-14","tag-jaider-molina-daza","tag-municipio-de-soledad","tag-pavimentacion","tag-rodolfo-ucros-rosales","tag-secretario-de-obras-de-soledad"],"yoast_head":"<!-- This site is optimized with the Yoast SEO plugin v27.7 - https:\/\/yoast.com\/product\/yoast-seo-wordpress\/ -->\n<title>Alcald\u00eda habilit\u00f3 405 metros lineales en la carrera 14 entre calles 11A y 18, barrio La Esperanza - Constrastes<\/title>\n<meta name=\"description\" content=\"La administraci\u00f3n municipal habilit\u00f3 en la fecha 405 metros lineales correspondientes al tramo comprendido entre las calles 11A y 18 de la carrera 14, una v\u00eda es muy importante para la localidad dado que se trata de una arteria de acceso al sector en menci\u00f3n y al \u00e1rea rural de Cabica. La misma hace parte de la Ruta 2, dentro de la primera fase del Plan de Pavimentaci\u00f3n Vial del Gran Pacto Social por Soledad.\" \/>\n<meta name=\"robots\" content=\"index, follow, max-snippet:-1, max-image-preview:large, max-video-preview:-1\" \/>\n<link rel=\"canonical\" href=\"https:\/\/contrastes.com.co\/web\/2023\/02\/16\/alcaldia-habilito-405-metros-lineales-en-la-carrera-14-entre-calles-11a-y-18-barrio-la-esperanza\/\" \/>\n<meta property=\"og:locale\" content=\"es_ES\" \/>\n<meta property=\"og:type\" content=\"article\" \/>\n<meta property=\"og:title\" content=\"Alcald\u00eda habilit\u00f3 405 metros lineales en la carrera 14 entre calles 11A y 18, barrio La Esperanza - Constrastes\" \/>\n<meta property=\"og:description\" content=\"La administraci\u00f3n municipal habilit\u00f3 en la fecha 405 metros lineales correspondientes al tramo comprendido entre las calles 11A y 18 de la carrera 14, una v\u00eda es muy importante para la localidad dado que se trata de una arteria de acceso al sector en menci\u00f3n y al \u00e1rea rural de Cabica. La misma hace parte de la Ruta 2, dentro de la primera fase del Plan de Pavimentaci\u00f3n Vial del Gran Pacto Social por Soledad.\" \/>\n<meta property=\"og:url\" content=\"https:\/\/contrastes.com.co\/web\/2023\/02\/16\/alcaldia-habilito-405-metros-lineales-en-la-carrera-14-entre-calles-11a-y-18-barrio-la-esperanza\/\" \/>\n<meta property=\"og:site_name\" content=\"Constrastes\" \/>\n<meta property=\"article:publisher\" content=\"https:\/\/www.facebook.com\/guillo.pantoja.1\" \/>\n<meta property=\"article:published_time\" content=\"2023-02-16T20:01:01+00:00\" \/>\n<meta name=\"author\" content=\"Editor\" \/>\n<meta name=\"twitter:card\" content=\"summary_large_image\" \/>\n<meta name=\"twitter:label1\" content=\"Escrito por\" \/>\n\t<meta name=\"twitter:data1\" content=\"Editor\" \/>\n\t<meta name=\"twitter:label2\" content=\"Tiempo de lectura\" \/>\n\t<meta name=\"twitter:data2\" content=\"1 minuto\" \/>\n<script type=\"application\/ld+json\" class=\"yoast-schema-graph\">{\"@context\":\"https:\\\/\\\/schema.org\",\"@graph\":[{\"@type\":\"Article\",\"@id\":\"https:\\\/\\\/contrastes.com.co\\\/web\\\/2023\\\/02\\\/16\\\/alcaldia-habilito-405-metros-lineales-en-la-carrera-14-entre-calles-11a-y-18-barrio-la-esperanza\\\/#article\",\"isPartOf\":{\"@id\":\"https:\\\/\\\/contrastes.com.co\\\/web\\\/2023\\\/02\\\/16\\\/alcaldia-habilito-405-metros-lineales-en-la-carrera-14-entre-calles-11a-y-18-barrio-la-esperanza\\\/\"},\"author\":{\"name\":\"Editor\",\"@id\":\"https:\\\/\\\/contrastes.com.co\\\/web\\\/#\\\/schema\\\/person\\\/62ef7a62dc4da6de450c71fc2e95ed02\"},\"headline\":\"Alcald\u00eda habilit\u00f3 405 metros lineales en la carrera 14 entre calles 11A y 18, barrio La Esperanza\",\"datePublished\":\"2023-02-16T20:01:01+00:00\",\"mainEntityOfPage\":{\"@id\":\"https:\\\/\\\/contrastes.com.co\\\/web\\\/2023\\\/02\\\/16\\\/alcaldia-habilito-405-metros-lineales-en-la-carrera-14-entre-calles-11a-y-18-barrio-la-esperanza\\\/\"},\"wordCount\":210,\"commentCount\":0,\"publisher\":{\"@id\":\"https:\\\/\\\/contrastes.com.co\\\/web\\\/#organization\"},\"image\":{\"@id\":\"https:\\\/\\\/contrastes.com.co\\\/web\\\/2023\\\/02\\\/16\\\/alcaldia-habilito-405-metros-lineales-en-la-carrera-14-entre-calles-11a-y-18-barrio-la-esperanza\\\/#primaryimage\"},\"thumbnailUrl\":\"\",\"keywords\":[\"alcalde municipal\",\"alcaldia de Soledad\",\"barrio La Esperanza\",\"carrera 14\",\"Jaider Molina Daza\",\"municipio de soledad\",\"pavimentaci\u00f3n\",\"Rodolfo Ucr\u00f3s Rosales\",\"secretario de Obras de Soledad\"],\"articleSection\":[\"Locales\",\"Obras P\u00fablicas\"],\"inLanguage\":\"es\",\"potentialAction\":[{\"@type\":\"CommentAction\",\"name\":\"Comment\",\"target\":[\"https:\\\/\\\/contrastes.com.co\\\/web\\\/2023\\\/02\\\/16\\\/alcaldia-habilito-405-metros-lineales-en-la-carrera-14-entre-calles-11a-y-18-barrio-la-esperanza\\\/#respond\"]}]},{\"@type\":\"WebPage\",\"@id\":\"https:\\\/\\\/contrastes.com.co\\\/web\\\/2023\\\/02\\\/16\\\/alcaldia-habilito-405-metros-lineales-en-la-carrera-14-entre-calles-11a-y-18-barrio-la-esperanza\\\/\",\"url\":\"https:\\\/\\\/contrastes.com.co\\\/web\\\/2023\\\/02\\\/16\\\/alcaldia-habilito-405-metros-lineales-en-la-carrera-14-entre-calles-11a-y-18-barrio-la-esperanza\\\/\",\"name\":\"Alcald\u00eda habilit\u00f3 405 metros lineales en la carrera 14 entre calles 11A y 18, barrio La Esperanza - Constrastes\",\"isPartOf\":{\"@id\":\"https:\\\/\\\/contrastes.com.co\\\/web\\\/#website\"},\"primaryImageOfPage\":{\"@id\":\"https:\\\/\\\/contrastes.com.co\\\/web\\\/2023\\\/02\\\/16\\\/alcaldia-habilito-405-metros-lineales-en-la-carrera-14-entre-calles-11a-y-18-barrio-la-esperanza\\\/#primaryimage\"},\"image\":{\"@id\":\"https:\\\/\\\/contrastes.com.co\\\/web\\\/2023\\\/02\\\/16\\\/alcaldia-habilito-405-metros-lineales-en-la-carrera-14-entre-calles-11a-y-18-barrio-la-esperanza\\\/#primaryimage\"},\"thumbnailUrl\":\"\",\"datePublished\":\"2023-02-16T20:01:01+00:00\",\"description\":\"La administraci\u00f3n municipal habilit\u00f3 en la fecha 405 metros lineales correspondientes al tramo comprendido entre las calles 11A y 18 de la carrera 14, una v\u00eda es muy importante para la localidad dado que se trata de una arteria de acceso al sector en menci\u00f3n y al \u00e1rea rural de Cabica. La misma hace parte de la Ruta 2, dentro de la primera fase del Plan de Pavimentaci\u00f3n Vial del Gran Pacto Social por Soledad.\",\"breadcrumb\":{\"@id\":\"https:\\\/\\\/contrastes.com.co\\\/web\\\/2023\\\/02\\\/16\\\/alcaldia-habilito-405-metros-lineales-en-la-carrera-14-entre-calles-11a-y-18-barrio-la-esperanza\\\/#breadcrumb\"},\"inLanguage\":\"es\",\"potentialAction\":[{\"@type\":\"ReadAction\",\"target\":[\"https:\\\/\\\/contrastes.com.co\\\/web\\\/2023\\\/02\\\/16\\\/alcaldia-habilito-405-metros-lineales-en-la-carrera-14-entre-calles-11a-y-18-barrio-la-esperanza\\\/\"]}]},{\"@type\":\"ImageObject\",\"inLanguage\":\"es\",\"@id\":\"https:\\\/\\\/contrastes.com.co\\\/web\\\/2023\\\/02\\\/16\\\/alcaldia-habilito-405-metros-lineales-en-la-carrera-14-entre-calles-11a-y-18-barrio-la-esperanza\\\/#primaryimage\",\"url\":\"\",\"contentUrl\":\"\"},{\"@type\":\"BreadcrumbList\",\"@id\":\"https:\\\/\\\/contrastes.com.co\\\/web\\\/2023\\\/02\\\/16\\\/alcaldia-habilito-405-metros-lineales-en-la-carrera-14-entre-calles-11a-y-18-barrio-la-esperanza\\\/#breadcrumb\",\"itemListElement\":[{\"@type\":\"ListItem\",\"position\":1,\"name\":\"Portada\",\"item\":\"https:\\\/\\\/contrastes.com.co\\\/web\\\/\"},{\"@type\":\"ListItem\",\"position\":2,\"name\":\"Alcald\u00eda habilit\u00f3 405 metros lineales en la carrera 14 entre calles 11A y 18, barrio La Esperanza\"}]},{\"@type\":\"WebSite\",\"@id\":\"https:\\\/\\\/contrastes.com.co\\\/web\\\/#website\",\"url\":\"https:\\\/\\\/contrastes.com.co\\\/web\\\/\",\"name\":\"Contrastes\",\"description\":\"Periodismo de Conciencia\",\"publisher\":{\"@id\":\"https:\\\/\\\/contrastes.com.co\\\/web\\\/#organization\"},\"potentialAction\":[{\"@type\":\"SearchAction\",\"target\":{\"@type\":\"EntryPoint\",\"urlTemplate\":\"https:\\\/\\\/contrastes.com.co\\\/web\\\/?s={search_term_string}\"},\"query-input\":{\"@type\":\"PropertyValueSpecification\",\"valueRequired\":true,\"valueName\":\"search_term_string\"}}],\"inLanguage\":\"es\"},{\"@type\":\"Organization\",\"@id\":\"https:\\\/\\\/contrastes.com.co\\\/web\\\/#organization\",\"name\":\"Contrastes\",\"url\":\"https:\\\/\\\/contrastes.com.co\\\/web\\\/\",\"logo\":{\"@type\":\"ImageObject\",\"inLanguage\":\"es\",\"@id\":\"https:\\\/\\\/contrastes.com.co\\\/web\\\/#\\\/schema\\\/logo\\\/image\\\/\",\"url\":\"https:\\\/\\\/contrastes.com.co\\\/web\\\/wp-content\\\/uploads\\\/2025\\\/04\\\/15CONTRASTES3.png\",\"contentUrl\":\"https:\\\/\\\/contrastes.com.co\\\/web\\\/wp-content\\\/uploads\\\/2025\\\/04\\\/15CONTRASTES3.png\",\"width\":1536,\"height\":231,\"caption\":\"Contrastes\"},\"image\":{\"@id\":\"https:\\\/\\\/contrastes.com.co\\\/web\\\/#\\\/schema\\\/logo\\\/image\\\/\"},\"sameAs\":[\"https:\\\/\\\/www.facebook.com\\\/guillo.pantoja.1\"]},{\"@type\":\"Person\",\"@id\":\"https:\\\/\\\/contrastes.com.co\\\/web\\\/#\\\/schema\\\/person\\\/62ef7a62dc4da6de450c71fc2e95ed02\",\"name\":\"Editor\",\"image\":{\"@type\":\"ImageObject\",\"inLanguage\":\"es\",\"@id\":\"https:\\\/\\\/secure.gravatar.com\\\/avatar\\\/7bbb4f718d74bbf600dc556253bb04fd7ac8593751d6e2e3b85432d98aefae80?s=96&d=mm&r=g\",\"url\":\"https:\\\/\\\/secure.gravatar.com\\\/avatar\\\/7bbb4f718d74bbf600dc556253bb04fd7ac8593751d6e2e3b85432d98aefae80?s=96&d=mm&r=g\",\"contentUrl\":\"https:\\\/\\\/secure.gravatar.com\\\/avatar\\\/7bbb4f718d74bbf600dc556253bb04fd7ac8593751d6e2e3b85432d98aefae80?s=96&d=mm&r=g\",\"caption\":\"Editor\"},\"sameAs\":[\"https:\\\/\\\/contrastes.com.co\\\/web\"],\"url\":\"https:\\\/\\\/contrastes.com.co\\\/web\\\/author\\\/jdbobadilla\\\/\"}]}<\/script>\n<!-- \/ Yoast SEO plugin. -->","yoast_head_json":{"title":"Alcald\u00eda habilit\u00f3 405 metros lineales en la carrera 14 entre calles 11A y 18, barrio La Esperanza - Constrastes","description":"La administraci\u00f3n municipal habilit\u00f3 en la fecha 405 metros lineales correspondientes al tramo comprendido entre las calles 11A y 18 de la carrera 14, una v\u00eda es muy importante para la localidad dado que se trata de una arteria de acceso al sector en menci\u00f3n y al \u00e1rea rural de Cabica. La misma hace parte de la Ruta 2, dentro de la primera fase del Plan de Pavimentaci\u00f3n Vial del Gran Pacto Social por Soledad.","robots":{"index":"index","follow":"follow","max-snippet":"max-snippet:-1","max-image-preview":"max-image-preview:large","max-video-preview":"max-video-preview:-1"},"canonical":"https:\/\/contrastes.com.co\/web\/2023\/02\/16\/alcaldia-habilito-405-metros-lineales-en-la-carrera-14-entre-calles-11a-y-18-barrio-la-esperanza\/","og_locale":"es_ES","og_type":"article","og_title":"Alcald\u00eda habilit\u00f3 405 metros lineales en la carrera 14 entre calles 11A y 18, barrio La Esperanza - Constrastes","og_description":"La administraci\u00f3n municipal habilit\u00f3 en la fecha 405 metros lineales correspondientes al tramo comprendido entre las calles 11A y 18 de la carrera 14, una v\u00eda es muy importante para la localidad dado que se trata de una arteria de acceso al sector en menci\u00f3n y al \u00e1rea rural de Cabica. La misma hace parte de la Ruta 2, dentro de la primera fase del Plan de Pavimentaci\u00f3n Vial del Gran Pacto Social por Soledad.","og_url":"https:\/\/contrastes.com.co\/web\/2023\/02\/16\/alcaldia-habilito-405-metros-lineales-en-la-carrera-14-entre-calles-11a-y-18-barrio-la-esperanza\/","og_site_name":"Constrastes","article_publisher":"https:\/\/www.facebook.com\/guillo.pantoja.1","article_published_time":"2023-02-16T20:01:01+00:00","author":"Editor","twitter_card":"summary_large_image","twitter_misc":{"Escrito por":"Editor","Tiempo de lectura":"1 minuto"},"schema":{"@context":"https:\/\/schema.org","@graph":[{"@type":"Article","@id":"https:\/\/contrastes.com.co\/web\/2023\/02\/16\/alcaldia-habilito-405-metros-lineales-en-la-carrera-14-entre-calles-11a-y-18-barrio-la-esperanza\/#article","isPartOf":{"@id":"https:\/\/contrastes.com.co\/web\/2023\/02\/16\/alcaldia-habilito-405-metros-lineales-en-la-carrera-14-entre-calles-11a-y-18-barrio-la-esperanza\/"},"author":{"name":"Editor","@id":"https:\/\/contrastes.com.co\/web\/#\/schema\/person\/62ef7a62dc4da6de450c71fc2e95ed02"},"headline":"Alcald\u00eda habilit\u00f3 405 metros lineales en la carrera 14 entre calles 11A y 18, barrio La Esperanza","datePublished":"2023-02-16T20:01:01+00:00","mainEntityOfPage":{"@id":"https:\/\/contrastes.com.co\/web\/2023\/02\/16\/alcaldia-habilito-405-metros-lineales-en-la-carrera-14-entre-calles-11a-y-18-barrio-la-esperanza\/"},"wordCount":210,"commentCount":0,"publisher":{"@id":"https:\/\/contrastes.com.co\/web\/#organization"},"image":{"@id":"https:\/\/contrastes.com.co\/web\/2023\/02\/16\/alcaldia-habilito-405-metros-lineales-en-la-carrera-14-entre-calles-11a-y-18-barrio-la-esperanza\/#primaryimage"},"thumbnailUrl":"","keywords":["alcalde municipal","alcaldia de Soledad","barrio La Esperanza","carrera 14","Jaider Molina Daza","municipio de soledad","pavimentaci\u00f3n","Rodolfo Ucr\u00f3s Rosales","secretario de Obras de Soledad"],"articleSection":["Locales","Obras P\u00fablicas"],"inLanguage":"es","potentialAction":[{"@type":"CommentAction","name":"Comment","target":["https:\/\/contrastes.com.co\/web\/2023\/02\/16\/alcaldia-habilito-405-metros-lineales-en-la-carrera-14-entre-calles-11a-y-18-barrio-la-esperanza\/#respond"]}]},{"@type":"WebPage","@id":"https:\/\/contrastes.com.co\/web\/2023\/02\/16\/alcaldia-habilito-405-metros-lineales-en-la-carrera-14-entre-calles-11a-y-18-barrio-la-esperanza\/","url":"https:\/\/contrastes.com.co\/web\/2023\/02\/16\/alcaldia-habilito-405-metros-lineales-en-la-carrera-14-entre-calles-11a-y-18-barrio-la-esperanza\/","name":"Alcald\u00eda habilit\u00f3 405 metros lineales en la carrera 14 entre calles 11A y 18, barrio La Esperanza - Constrastes","isPartOf":{"@id":"https:\/\/contrastes.com.co\/web\/#website"},"primaryImageOfPage":{"@id":"https:\/\/contrastes.com.co\/web\/2023\/02\/16\/alcaldia-habilito-405-metros-lineales-en-la-carrera-14-entre-calles-11a-y-18-barrio-la-esperanza\/#primaryimage"},"image":{"@id":"https:\/\/contrastes.com.co\/web\/2023\/02\/16\/alcaldia-habilito-405-metros-lineales-en-la-carrera-14-entre-calles-11a-y-18-barrio-la-esperanza\/#primaryimage"},"thumbnailUrl":"","datePublished":"2023-02-16T20:01:01+00:00","description":"La administraci\u00f3n municipal habilit\u00f3 en la fecha 405 metros lineales correspondientes al tramo comprendido entre las calles 11A y 18 de la carrera 14, una v\u00eda es muy importante para la localidad dado que se trata de una arteria de acceso al sector en menci\u00f3n y al \u00e1rea rural de Cabica. La misma hace parte de la Ruta 2, dentro de la primera fase del Plan de Pavimentaci\u00f3n Vial del Gran Pacto Social por Soledad.","breadcrumb":{"@id":"https:\/\/contrastes.com.co\/web\/2023\/02\/16\/alcaldia-habilito-405-metros-lineales-en-la-carrera-14-entre-calles-11a-y-18-barrio-la-esperanza\/#breadcrumb"},"inLanguage":"es","potentialAction":[{"@type":"ReadAction","target":["https:\/\/contrastes.com.co\/web\/2023\/02\/16\/alcaldia-habilito-405-metros-lineales-en-la-carrera-14-entre-calles-11a-y-18-barrio-la-esperanza\/"]}]},{"@type":"ImageObject","inLanguage":"es","@id":"https:\/\/contrastes.com.co\/web\/2023\/02\/16\/alcaldia-habilito-405-metros-lineales-en-la-carrera-14-entre-calles-11a-y-18-barrio-la-esperanza\/#primaryimage","url":"","contentUrl":""},{"@type":"BreadcrumbList","@id":"https:\/\/contrastes.com.co\/web\/2023\/02\/16\/alcaldia-habilito-405-metros-lineales-en-la-carrera-14-entre-calles-11a-y-18-barrio-la-esperanza\/#breadcrumb","itemListElement":[{"@type":"ListItem","position":1,"name":"Portada","item":"https:\/\/contrastes.com.co\/web\/"},{"@type":"ListItem","position":2,"name":"Alcald\u00eda habilit\u00f3 405 metros lineales en la carrera 14 entre calles 11A y 18, barrio La Esperanza"}]},{"@type":"WebSite","@id":"https:\/\/contrastes.com.co\/web\/#website","url":"https:\/\/contrastes.com.co\/web\/","name":"Contrastes","description":"Periodismo de Conciencia","publisher":{"@id":"https:\/\/contrastes.com.co\/web\/#organization"},"potentialAction":[{"@type":"SearchAction","target":{"@type":"EntryPoint","urlTemplate":"https:\/\/contrastes.com.co\/web\/?s={search_term_string}"},"query-input":{"@type":"PropertyValueSpecification","valueRequired":true,"valueName":"search_term_string"}}],"inLanguage":"es"},{"@type":"Organization","@id":"https:\/\/contrastes.com.co\/web\/#organization","name":"Contrastes","url":"https:\/\/contrastes.com.co\/web\/","logo":{"@type":"ImageObject","inLanguage":"es","@id":"https:\/\/contrastes.com.co\/web\/#\/schema\/logo\/image\/","url":"https:\/\/contrastes.com.co\/web\/wp-content\/uploads\/2025\/04\/15CONTRASTES3.png","contentUrl":"https:\/\/contrastes.com.co\/web\/wp-content\/uploads\/2025\/04\/15CONTRASTES3.png","width":1536,"height":231,"caption":"Contrastes"},"image":{"@id":"https:\/\/contrastes.com.co\/web\/#\/schema\/logo\/image\/"},"sameAs":["https:\/\/www.facebook.com\/guillo.pantoja.1"]},{"@type":"Person","@id":"https:\/\/contrastes.com.co\/web\/#\/schema\/person\/62ef7a62dc4da6de450c71fc2e95ed02","name":"Editor","image":{"@type":"ImageObject","inLanguage":"es","@id":"https:\/\/secure.gravatar.com\/avatar\/7bbb4f718d74bbf600dc556253bb04fd7ac8593751d6e2e3b85432d98aefae80?s=96&d=mm&r=g","url":"https:\/\/secure.gravatar.com\/avatar\/7bbb4f718d74bbf600dc556253bb04fd7ac8593751d6e2e3b85432d98aefae80?s=96&d=mm&r=g","contentUrl":"https:\/\/secure.gravatar.com\/avatar\/7bbb4f718d74bbf600dc556253bb04fd7ac8593751d6e2e3b85432d98aefae80?s=96&d=mm&r=g","caption":"Editor"},"sameAs":["https:\/\/contrastes.com.co\/web"],"url":"https:\/\/contrastes.com.co\/web\/author\/jdbobadilla\/"}]}},"blog_post_layout_featured_media_urls":{"thumbnail":"","full":""},"categories_names":{"23":{"name":"Locales","link":"https:\/\/contrastes.com.co\/web\/category\/locales\/"},"3542":{"name":"Obras P\u00fablicas","link":"https:\/\/contrastes.com.co\/web\/category\/obras-publicas\/"}},"tags_names":{"8552":{"name":"alcalde municipal","link":"https:\/\/contrastes.com.co\/web\/tag\/alcalde-municipal\/"},"28":{"name":"alcaldia de Soledad","link":"https:\/\/contrastes.com.co\/web\/tag\/alcaldia-de-soledad\/"},"6438":{"name":"barrio La Esperanza","link":"https:\/\/contrastes.com.co\/web\/tag\/barrio-la-esperanza\/"},"8553":{"name":"carrera 14","link":"https:\/\/contrastes.com.co\/web\/tag\/carrera-14\/"},"2480":{"name":"Jaider Molina Daza","link":"https:\/\/contrastes.com.co\/web\/tag\/jaider-molina-daza\/"},"51":{"name":"municipio de soledad","link":"https:\/\/contrastes.com.co\/web\/tag\/municipio-de-soledad\/"},"461":{"name":"pavimentaci\u00f3n","link":"https:\/\/contrastes.com.co\/web\/tag\/pavimentacion\/"},"1879":{"name":"Rodolfo Ucr\u00f3s Rosales","link":"https:\/\/contrastes.com.co\/web\/tag\/rodolfo-ucros-rosales\/"},"8554":{"name":"secretario de Obras de Soledad","link":"https:\/\/contrastes.com.co\/web\/tag\/secretario-de-obras-de-soledad\/"}},"comments_number":"0","wpmagazine_modules_lite_featured_media_urls":{"thumbnail":"","cvmm-medium":"","cvmm-medium-plus":"","cvmm-portrait":"","cvmm-medium-square":"","cvmm-large":"","cvmm-small":"","full":""},"_links":{"self":[{"href":"https:\/\/contrastes.com.co\/web\/wp-json\/wp\/v2\/posts\/13262","targetHints":{"allow":["GET"]}}],"collection":[{"href":"https:\/\/contrastes.com.co\/web\/wp-json\/wp\/v2\/posts"}],"about":[{"href":"https:\/\/contrastes.com.co\/web\/wp-json\/wp\/v2\/types\/post"}],"author":[{"embeddable":true,"href":"https:\/\/contrastes.com.co\/web\/wp-json\/wp\/v2\/users\/1"}],"replies":[{"embeddable":true,"href":"https:\/\/contrastes.com.co\/web\/wp-json\/wp\/v2\/comments?post=13262"}],"version-history":[{"count":0,"href":"https:\/\/contrastes.com.co\/web\/wp-json\/wp\/v2\/posts\/13262\/revisions"}],"wp:attachment":[{"href":"https:\/\/contrastes.com.co\/web\/wp-json\/wp\/v2\/media?parent=13262"}],"wp:term":[{"taxonomy":"category","embeddable":true,"href":"https:\/\/contrastes.com.co\/web\/wp-json\/wp\/v2\/categories?post=13262"},{"taxonomy":"post_tag","embeddable":true,"href":"https:\/\/contrastes.com.co\/web\/wp-json\/wp\/v2\/tags?post=13262"}],"curies":[{"name":"wp","href":"https:\/\/api.w.org\/{rel}","templated":true}]}}