{"id":13381,"date":"2023-02-27T13:24:06","date_gmt":"2023-02-27T18:24:06","guid":{"rendered":"https:\/\/contrastes.com.co\/digital\/?p=13381"},"modified":"2023-02-27T13:24:06","modified_gmt":"2023-02-27T18:24:06","slug":"dia-mundial-del-trasplante-de-organos-y-tejidos-mas-de-3-000-pacientes-en-colombia-se-encuentran-en-espera","status":"publish","type":"post","link":"https:\/\/contrastes.com.co\/web\/2023\/02\/27\/dia-mundial-del-trasplante-de-organos-y-tejidos-mas-de-3-000-pacientes-en-colombia-se-encuentran-en-espera\/","title":{"rendered":"D\u00eda Mundial del Trasplante de \u00d3rganos y Tejidos: m\u00e1s de 3.000 pacientes en Colombia se encuentran en espera"},"content":{"rendered":"<p><strong>*D\u00eda Mundial del Trasplante de \u00d3rganos y Tejidos: m\u00e1s de 3.000 pacientes en Colombia se encuentran en espera<\/strong><\/p>\n<blockquote><p><strong>Seg\u00fan cifras del Instituto Nacional de Salud, 3.663 colombianos est\u00e1n en la lista de espera para recibir un \u00f3rgano. Del ese total, 3.328 necesitan un ri\u00f1\u00f3n<\/strong><\/p><\/blockquote>\n<p><img decoding=\"async\" class=\"alignleft  wp-image-8663\" src=\"https:\/\/contrastes.com.co\/digital\/wp-content\/uploads\/2022\/03\/h-capitular.png\" alt=\"h capitular\" width=\"67\" height=\"67\" \/>oy, 27 de febrero, se conmemora el <strong>D\u00eda Mundial del Trasplante de \u00d3rganos y Tejidos<\/strong>. En medio de esta coyuntura, autoridades competentes se han encargado de hacer p\u00fablicos balances del panorama que se vive en Colombia en lo que respecta a este tema. De acuerdo con lo que revel\u00f3 el <strong><em>Instituto Nacional de Salud (INS)<\/em>, en Colombia,<\/strong> para el \u00faltimo a\u00f1o, se han realizado 1.190 trasplantes. Respecto a lo ocurrido en el a\u00f1o 2021, para el a\u00f1o 2022 la ejecuci\u00f3n de este proceso aument\u00f3 en un 21.1%.<\/p>\n<blockquote><p>\u201cEl aumento en el n\u00famero de trasplantes se ve reflejado en los dos \u00faltimos a\u00f1os, 2021 y 2022, por el aumento de donantes cadav\u00e9ricos y donantes vivos. Ambas cifras con respecto al a\u00f1o 2021, registraron una variaci\u00f3n positiva del 26,9%. En el \u00faltimo a\u00f1o, Colombia logr\u00f3 llevar a trasplantes efectivos 882 receptores con \u00f3rganos de donantes cadav\u00e9ricos y 233 receptores con \u00f3rganos de donantes vivos, para un total de 1.190 trasplantes realizados\u201d, coment\u00f3 el INS a trav\u00e9s de un comunicado dirigido a la opini\u00f3n p\u00fablica.<\/p><\/blockquote>\n<p>De acuerdo con el director de la entidad,<strong> Giovanny Rubiano<\/strong>, el pa\u00eds se mantiene en \u201cuna senda de recuperaci\u00f3n de los trasplantes en 3 a\u00f1os de pandemia, pero no podemos perder de vista que 3.663 colombianos esperan por un \u00f3rgano y de ese total, 3.328 necesitan un ri\u00f1\u00f3n\u201d. \u201cEn los dos \u00faltimos a\u00f1os, el 67% de los trasplantes realizados fueron de ri\u00f1\u00f3n. Es demasiado importante fortalecer la prevenci\u00f3n, promover autocuidado y evitar progresi\u00f3n de la enfermedad renal a estadios 4 y 5\u2033, a\u00f1adi\u00f3 el funcionario a trav\u00e9s de sus redes sociales.<\/p>\n<p><img fetchpriority=\"high\" decoding=\"async\" class=\"size-full wp-image-13383 aligncenter\" src=\"https:\/\/contrastes.com.co\/digital\/wp-content\/uploads\/2023\/02\/27transplatedia.jpg\" alt=\"transplantescol\" width=\"1200\" height=\"667\" \/><\/p>\n<p><strong>Seg\u00fan el Ministerio de Salud, en octubre del 2021, la donaci\u00f3n y el trasplante de \u00f3rganos no cesaron durante la pandemia.<\/strong> \u201cA\u00fan con la pandemia, las actividades de donaci\u00f3n y trasplante en el pa\u00eds no fueron suspendidas, a pesar de la saturaci\u00f3n del sistema sanitario y de las unidades de cuidados intensivos, y que estas continuaron bajo estrictos protocolos de bioseguridad\u201d, explicaron al hablar de la variaci\u00f3n de cifras que hubo y que ahora expone el Instituto Nacional de Salud.<\/p>\n<p>Seg\u00fan expuso, en Colombia, por ley, todos los ciudadanos son donantes de \u00f3rganos y tejidos, a menos de que, en vida, se solicite no serlo. \u201cDebemos mantener la promoci\u00f3n de la donaci\u00f3n altruista en la sociedad civil y en el \u00e1mbito hospitalario. Mejorar nuestra tasa de donaci\u00f3n que es de 6,4 donantes por mill\u00f3n de habitantes; y mantener y mejorar la tasa de trasplantes que es de 23.2 trasplantes por mill\u00f3n de habitantes\u201d, sentenci\u00f3.<\/p>\n<p>El <strong>Ministerio de Salud y Protecci\u00f3n Social de Colombia,<\/strong> seg\u00fan se expone en su p\u00e1gina web, define la donaci\u00f3n \u00f3rganos y tejidos como \u201cun acto voluntario por el cual una persona en vida o su familia despu\u00e9s de la muerte autorizan la extracci\u00f3n de \u00f3rganos y tejidos para trasplante, con el fin de ayudar a otras personas. La donaci\u00f3n es desinteresada y altruista, ya que por ella no existe remuneraci\u00f3n o retribuci\u00f3n para el donante o su familia. Por cada donante de \u00f3rganos y tejidos se pueden beneficiar m\u00e1s de 55 personas\u201d.<\/p>\n<p>De acuerdo con lo que coment\u00f3 el <strong>cirujano Andr\u00e9s Murcia en testimonios recopilados por Noticias Caracol,<\/strong> \u201clastimosamente, en comparaci\u00f3n con otros pa\u00edses, estamos muy por debajo. Europa, en donde son 32 donantes por mill\u00f3n de habitantes; aqu\u00ed es de ocho. Todo se debe posiblemente a mitos, falta de educaci\u00f3n. Dentro de los mitos, lo que m\u00e1s suena es el tr\u00e1fico de \u00f3rganos y pues quiero recalcar que eso en Colombia no existe, no hay ning\u00fan tipo de documentaci\u00f3n en Medicina Legal que conste de robo de \u00f3rganos\u201d.<\/p>\n<p>En una entrevista con la W Radio, la doctora<strong> Carolina Guar\u00edn, directora ejecutiva de la Asociaci\u00f3n Colombiana de Trasplantes de \u00d3rganos,<\/strong> explic\u00f3 que no existe un intercambio de dinero en lo que respecta a la donaci\u00f3n. \u201cEs algo voluntario cuando fallecemos y est\u00e1 vigilado por los entes, es algo completamente transparente. Hay una red que determina para d\u00f3nde van, pero para el donante no saben qui\u00e9n va a recibirlo, a veces pasa que estamos pidiendo a condici\u00f3n del donante alguna retribuci\u00f3n y se ha tenido experiencias no favorables\u201d, recalc\u00f3.<\/p>\n<p>M\u00e1s en<em><strong><a href=\"https:\/\/www.infobae.com\/colombia\/2023\/02\/27\/dia-mundial-del-trasplante-de-organos-y-tejidos-mas-de-3000-pacientes-en-colombia-se-encuentran-en-espera\/\"> infobae.com<\/a><\/strong><\/em><\/p>\n","protected":false},"excerpt":{"rendered":"<p>Hoy, 27 de febrero, se conmemora el D\u00eda Mundial del Trasplante de \u00d3rganos y Tejidos. En medio de esta coyuntura, autoridades competentes se han encargado de hacer p\u00fablicos balances del panorama que se vive en Colombia en lo que respecta a este tema. De acuerdo con lo que revel\u00f3 el del Instituto Nacional de Salud (INS), en Colombia, para el \u00faltimo a\u00f1o, se han realizado 1.190 trasplantes. Respecto a lo ocurrido en el a\u00f1o 2021, para el a\u00f1o 2022 la ejecuci\u00f3n de este proceso aument\u00f3 en un 21.1%.<\/p>\n","protected":false},"author":1,"featured_media":13382,"comment_status":"open","ping_status":"open","sticky":false,"template":"","format":"standard","meta":{"footnotes":""},"categories":[88,101,25],"tags":[8615,291,8616,8617,8618,5804,8619,8620,8621],"class_list":["post-13381","post","type-post","status-publish","format-standard","has-post-thumbnail","hentry","category-mundo","category-pais","category-salud","tag-carolina-guarin","tag-colombia","tag-dia-mundial-del-trasplante-de-organos-y-tejidos","tag-directora-ejecutiva-de-la-asociacion-colombiana-de-trasplantes-de-organos","tag-giovanny-rubiano","tag-instituto-nacional-de-salud-ins","tag-ministerio-de-salud-y-proteccion-social-de-colombia","tag-pacientes","tag-transplante-de-organos"],"blog_post_layout_featured_media_urls":{"thumbnail":"","full":""},"categories_names":{"88":{"name":"Mundo","link":"https:\/\/contrastes.com.co\/web\/category\/mundo\/"},"101":{"name":"Pa\u00eds","link":"https:\/\/contrastes.com.co\/web\/category\/pais\/"},"25":{"name":"Salud","link":"https:\/\/contrastes.com.co\/web\/category\/salud\/"}},"tags_names":{"8615":{"name":"Carolina Guar\u00edn","link":"https:\/\/contrastes.com.co\/web\/tag\/carolina-guarin\/"},"291":{"name":"Colombia","link":"https:\/\/contrastes.com.co\/web\/tag\/colombia\/"},"8616":{"name":"D\u00eda Mundial del Trasplante de \u00d3rganos y Tejidos","link":"https:\/\/contrastes.com.co\/web\/tag\/dia-mundial-del-trasplante-de-organos-y-tejidos\/"},"8617":{"name":"directora ejecutiva de la Asociaci\u00f3n Colombiana de Trasplantes de \u00d3rganos","link":"https:\/\/contrastes.com.co\/web\/tag\/directora-ejecutiva-de-la-asociacion-colombiana-de-trasplantes-de-organos\/"},"8618":{"name":"Giovanny Rubiano","link":"https:\/\/contrastes.com.co\/web\/tag\/giovanny-rubiano\/"},"5804":{"name":"Instituto Nacional de Salud (INS)","link":"https:\/\/contrastes.com.co\/web\/tag\/instituto-nacional-de-salud-ins\/"},"8619":{"name":"Ministerio de Salud y Protecci\u00f3n Social de Colombia","link":"https:\/\/contrastes.com.co\/web\/tag\/ministerio-de-salud-y-proteccion-social-de-colombia\/"},"8620":{"name":"pacientes","link":"https:\/\/contrastes.com.co\/web\/tag\/pacientes\/"},"8621":{"name":"Transplante de \u00d3rganos","link":"https:\/\/contrastes.com.co\/web\/tag\/transplante-de-organos\/"}},"comments_number":"0","wpmagazine_modules_lite_featured_media_urls":{"thumbnail":"","cvmm-medium":"","cvmm-medium-plus":"","cvmm-portrait":"","cvmm-medium-square":"","cvmm-large":"","cvmm-small":"","full":""},"_links":{"self":[{"href":"https:\/\/contrastes.com.co\/web\/wp-json\/wp\/v2\/posts\/13381","targetHints":{"allow":["GET"]}}],"collection":[{"href":"https:\/\/contrastes.com.co\/web\/wp-json\/wp\/v2\/posts"}],"about":[{"href":"https:\/\/contrastes.com.co\/web\/wp-json\/wp\/v2\/types\/post"}],"author":[{"embeddable":true,"href":"https:\/\/contrastes.com.co\/web\/wp-json\/wp\/v2\/users\/1"}],"replies":[{"embeddable":true,"href":"https:\/\/contrastes.com.co\/web\/wp-json\/wp\/v2\/comments?post=13381"}],"version-history":[{"count":0,"href":"https:\/\/contrastes.com.co\/web\/wp-json\/wp\/v2\/posts\/13381\/revisions"}],"wp:featuredmedia":[{"embeddable":true,"href":"https:\/\/contrastes.com.co\/web\/wp-json\/"}],"wp:attachment":[{"href":"https:\/\/contrastes.com.co\/web\/wp-json\/wp\/v2\/media?parent=13381"}],"wp:term":[{"taxonomy":"category","embeddable":true,"href":"https:\/\/contrastes.com.co\/web\/wp-json\/wp\/v2\/categories?post=13381"},{"taxonomy":"post_tag","embeddable":true,"href":"https:\/\/contrastes.com.co\/web\/wp-json\/wp\/v2\/tags?post=13381"}],"curies":[{"name":"wp","href":"https:\/\/api.w.org\/{rel}","templated":true}]}}