{"id":13391,"date":"2023-02-28T12:57:13","date_gmt":"2023-02-28T17:57:13","guid":{"rendered":"https:\/\/contrastes.com.co\/digital\/?p=13391"},"modified":"2023-02-28T12:57:13","modified_gmt":"2023-02-28T17:57:13","slug":"hospital-materno-infantil-fortalece-procesos-en-el-area-juridica-de-la-institucion","status":"publish","type":"post","link":"https:\/\/contrastes.com.co\/web\/2023\/02\/28\/hospital-materno-infantil-fortalece-procesos-en-el-area-juridica-de-la-institucion\/","title":{"rendered":"Hospital Materno Infantil fortalece procesos en el \u00c1rea Jur\u00eddica de la instituci\u00f3n"},"content":{"rendered":"<p><strong>Hospital Materno Infantil fortalece procesos en el \u00c1rea Jur\u00eddica de la instituci\u00f3n<\/strong><\/p>\n<blockquote><p><strong>\u00abEs de vital importancia desarrollar el Plan de Acci\u00f3n en cuatro aspectos que son: Optimizar el apoyo jur\u00eddico de asesor\u00eda y asistencia a las diferentes dependencias, en todos los procesos que soportan la gesti\u00f3n administrativa de la entidad y as\u00ed fortalecer el compromiso institucional\u00bb: \u00c1lvaro Jos\u00e9 Daza Urina, Jefe de la Oficina Jur\u00eddica y Control Disciplinario de la E.S.E.\u00a0<\/strong><\/p><\/blockquote>\n<p><img decoding=\"async\" class=\"alignleft  wp-image-8529\" src=\"https:\/\/contrastes.com.co\/digital\/wp-content\/uploads\/2022\/03\/e-capitular.png\" alt=\"e capitular\" width=\"64\" height=\"64\" \/>l Hospital Materno Infantil de Soledad, viene implementando el Plan de Acci\u00f3n de la Oficina Jur\u00eddica para la actual vigencia, trabajando desde los diferentes aspectos jur\u00eddicos y disciplinarios con eficiencia y eficacia, para dinamizar todos los procesos relacionados a estas materias y mejorar de manera notable el desempe\u00f1o \u00f3ptimo. As\u00ed lo dio a conocer el Jefe de la Oficina Jur\u00eddica y Control Disciplinario de la E.S.E. \u00c1lvaro Jos\u00e9 Daza Urina.<\/p>\n<p>Para Daza Urina, es de vital importancia desarrollar el Plan de Acci\u00f3n en cuatro aspectos que son: Optimizar el apoyo jur\u00eddico de asesor\u00eda y asistencia a las diferentes dependencias, en todos los procesos que soportan la gesti\u00f3n administrativa de la entidad y as\u00ed fortalecer el compromiso institucional.<\/p>\n<p>En segundo lugar se propone adoptar e implementar l\u00edneas de defensa que permitan contrarrestar en derecho las diferentes acciones judiciales que se ventile en contra del Hospital.<\/p>\n<p>Como tercer aspecto se encuentra, darle aplicaci\u00f3n a la Pol\u00edtica de Prevenci\u00f3n del da\u00f1o antijur\u00eddico, aportando soluciones a problem\u00e1ticas surgidas que puedan generar litigiosidad y afectaci\u00f3n de los recursos p\u00fablicos de la instituci\u00f3n y como cuarto punto est\u00e1, la correcta aplicaci\u00f3n del nuevo C\u00f3digo General Disciplinario.<\/p>\n<h3>Conozca a \u00c1lvaro Jos\u00e9 Daza Urina<\/h3>\n<p><strong>\u00c1lvaro Jos\u00e9 Daza Urina,<\/strong> es abogado de profesi\u00f3n, Especialista en Derecho Administrativo de la Universidad Libre, Especialista en Derecho Disciplinario de la Universidad Externado de Colombia, Magister en Derecho en Derecho Administrativo de la Universidad Libre, Especialista en Contratacion Estatal de la Universidad Externado de Colombia, Mayor de la reserva del Ej\u00e9rcito Nacional y Diplomado en Docencia Universitaria.<\/p>\n<p>Entre sus experiencias laborales podemos anotar, su vinculaci\u00f3n como profesional especializado en la Secretar\u00eda de Jur\u00eddica de la Gobernaci\u00f3n del Atl\u00e1ntico, Asesor de Despacho de la Contralor\u00eda General del Departamento del Atl\u00e1ntico, Asesor del Distrito de Barranquilla,, Juez Octavo Penal Municipal de Barranquilla (e), Juez Primero Penal Municipal de Soledad (e), Juez S\u00e9ptimo Civil Municipal de Barranquilla, Auxiliar de Magistrado \u2013 Tribunal Superior de Bogot\u00e1, Jefe de la Divisi\u00f3n Jur\u00eddica \u2013 Contralor\u00eda General del Departamento del Atl\u00e1ntico, entre otros importantes cargos.<\/p>\n<p>De la misma manera se ha desempe\u00f1ado en la docencia, en el cargo de Profesor en el \u00e1rea de Derecho P\u00fablico (Administrativo General, colombiano, Constitucional Colombiano y Disciplinario seg\u00fan asignaci\u00f3n) en la Facultad de Derecho de la Universidad\u00a0Sim\u00f3n\u00a0Bol\u00edvar.<\/p>\n","protected":false},"excerpt":{"rendered":"<p>El Hospital Materno Infantil de Soledad, viene implementando el Plan de Acci\u00f3n de la Oficina Jur\u00eddica para la actual vigencia, trabajando desde los diferentes aspectos jur\u00eddicos y disciplinarios con eficiencia y eficacia, para dinamizar todos los procesos relacionados a estas materias y mejorar de manera notable el desempe\u00f1o \u00f3ptimo. As\u00ed lo dio a conocer el Jefe de la Oficina Jur\u00eddica y Control Disciplinario de la E.S.E. \u00c1lvaro Jos\u00e9 Daza Urina.<\/p>\n","protected":false},"author":1,"featured_media":13392,"comment_status":"open","ping_status":"open","sticky":false,"template":"","format":"standard","meta":{"footnotes":""},"categories":[23,25,3241],"tags":[8633,466,8634,51,8635],"class_list":["post-13391","post","type-post","status-publish","format-standard","has-post-thumbnail","hentry","category-locales","category-salud","category-sector-publico","tag-alvaro-jose-daza-urina","tag-hospital-materno-infantil-de-soledad","tag-jefe-de-la-oficina-juridica-y-control-disciplinario-de-la-e-s-e","tag-municipio-de-soledad","tag-plan-de-accion-de-la-oficina-juridica"],"yoast_head":"<!-- This site is optimized with the Yoast SEO plugin v27.7 - https:\/\/yoast.com\/product\/yoast-seo-wordpress\/ -->\n<title>Hospital Materno Infantil fortalece procesos en el \u00c1rea Jur\u00eddica de la instituci\u00f3n - Constrastes<\/title>\n<meta name=\"description\" content=\"El Hospital Materno Infantil de Soledad, viene implementando el Plan de Acci\u00f3n de la Oficina Jur\u00eddica para la actual vigencia, trabajando desde los diferentes aspectos jur\u00eddicos y disciplinarios con eficiencia y eficacia, para dinamizar todos los procesos relacionados a estas materias y mejorar de manera notable el desempe\u00f1o \u00f3ptimo. As\u00ed lo dio a conocer el Jefe de la Oficina Jur\u00eddica y Control Disciplinario de la E.S.E. \u00c1lvaro Jos\u00e9 Daza Urina.\" \/>\n<meta name=\"robots\" content=\"index, follow, max-snippet:-1, max-image-preview:large, max-video-preview:-1\" \/>\n<link rel=\"canonical\" href=\"https:\/\/contrastes.com.co\/web\/2023\/02\/28\/hospital-materno-infantil-fortalece-procesos-en-el-area-juridica-de-la-institucion\/\" \/>\n<meta property=\"og:locale\" content=\"es_ES\" \/>\n<meta property=\"og:type\" content=\"article\" \/>\n<meta property=\"og:title\" content=\"Hospital Materno Infantil fortalece procesos en el \u00c1rea Jur\u00eddica de la instituci\u00f3n - Constrastes\" \/>\n<meta property=\"og:description\" content=\"El Hospital Materno Infantil de Soledad, viene implementando el Plan de Acci\u00f3n de la Oficina Jur\u00eddica para la actual vigencia, trabajando desde los diferentes aspectos jur\u00eddicos y disciplinarios con eficiencia y eficacia, para dinamizar todos los procesos relacionados a estas materias y mejorar de manera notable el desempe\u00f1o \u00f3ptimo. As\u00ed lo dio a conocer el Jefe de la Oficina Jur\u00eddica y Control Disciplinario de la E.S.E. \u00c1lvaro Jos\u00e9 Daza Urina.\" \/>\n<meta property=\"og:url\" content=\"https:\/\/contrastes.com.co\/web\/2023\/02\/28\/hospital-materno-infantil-fortalece-procesos-en-el-area-juridica-de-la-institucion\/\" \/>\n<meta property=\"og:site_name\" content=\"Constrastes\" \/>\n<meta property=\"article:publisher\" content=\"https:\/\/www.facebook.com\/guillo.pantoja.1\" \/>\n<meta property=\"article:published_time\" content=\"2023-02-28T17:57:13+00:00\" \/>\n<meta name=\"author\" content=\"Editor\" \/>\n<meta name=\"twitter:card\" content=\"summary_large_image\" \/>\n<meta name=\"twitter:label1\" content=\"Escrito por\" \/>\n\t<meta name=\"twitter:data1\" content=\"Editor\" \/>\n\t<meta name=\"twitter:label2\" content=\"Tiempo de lectura\" \/>\n\t<meta name=\"twitter:data2\" content=\"2 minutos\" \/>\n<script type=\"application\/ld+json\" class=\"yoast-schema-graph\">{\"@context\":\"https:\\\/\\\/schema.org\",\"@graph\":[{\"@type\":\"Article\",\"@id\":\"https:\\\/\\\/contrastes.com.co\\\/web\\\/2023\\\/02\\\/28\\\/hospital-materno-infantil-fortalece-procesos-en-el-area-juridica-de-la-institucion\\\/#article\",\"isPartOf\":{\"@id\":\"https:\\\/\\\/contrastes.com.co\\\/web\\\/2023\\\/02\\\/28\\\/hospital-materno-infantil-fortalece-procesos-en-el-area-juridica-de-la-institucion\\\/\"},\"author\":{\"name\":\"Editor\",\"@id\":\"https:\\\/\\\/contrastes.com.co\\\/web\\\/#\\\/schema\\\/person\\\/62ef7a62dc4da6de450c71fc2e95ed02\"},\"headline\":\"Hospital Materno Infantil fortalece procesos en el \u00c1rea Jur\u00eddica de la instituci\u00f3n\",\"datePublished\":\"2023-02-28T17:57:13+00:00\",\"mainEntityOfPage\":{\"@id\":\"https:\\\/\\\/contrastes.com.co\\\/web\\\/2023\\\/02\\\/28\\\/hospital-materno-infantil-fortalece-procesos-en-el-area-juridica-de-la-institucion\\\/\"},\"wordCount\":510,\"commentCount\":0,\"publisher\":{\"@id\":\"https:\\\/\\\/contrastes.com.co\\\/web\\\/#organization\"},\"image\":{\"@id\":\"https:\\\/\\\/contrastes.com.co\\\/web\\\/2023\\\/02\\\/28\\\/hospital-materno-infantil-fortalece-procesos-en-el-area-juridica-de-la-institucion\\\/#primaryimage\"},\"thumbnailUrl\":\"\",\"keywords\":[\"\u00c1lvaro Jos\u00e9 Daza Urina\",\"Hospital Materno Infantil de Soledad\",\"Jefe de la Oficina Jur\u00eddica y Control Disciplinario de la E.S.E.\",\"municipio de soledad\",\"Plan de Acci\u00f3n de la Oficina Jur\u00eddica\"],\"articleSection\":[\"Locales\",\"Salud\",\"Sector P\u00fablico\"],\"inLanguage\":\"es\",\"potentialAction\":[{\"@type\":\"CommentAction\",\"name\":\"Comment\",\"target\":[\"https:\\\/\\\/contrastes.com.co\\\/web\\\/2023\\\/02\\\/28\\\/hospital-materno-infantil-fortalece-procesos-en-el-area-juridica-de-la-institucion\\\/#respond\"]}]},{\"@type\":\"WebPage\",\"@id\":\"https:\\\/\\\/contrastes.com.co\\\/web\\\/2023\\\/02\\\/28\\\/hospital-materno-infantil-fortalece-procesos-en-el-area-juridica-de-la-institucion\\\/\",\"url\":\"https:\\\/\\\/contrastes.com.co\\\/web\\\/2023\\\/02\\\/28\\\/hospital-materno-infantil-fortalece-procesos-en-el-area-juridica-de-la-institucion\\\/\",\"name\":\"Hospital Materno Infantil fortalece procesos en el \u00c1rea Jur\u00eddica de la instituci\u00f3n - Constrastes\",\"isPartOf\":{\"@id\":\"https:\\\/\\\/contrastes.com.co\\\/web\\\/#website\"},\"primaryImageOfPage\":{\"@id\":\"https:\\\/\\\/contrastes.com.co\\\/web\\\/2023\\\/02\\\/28\\\/hospital-materno-infantil-fortalece-procesos-en-el-area-juridica-de-la-institucion\\\/#primaryimage\"},\"image\":{\"@id\":\"https:\\\/\\\/contrastes.com.co\\\/web\\\/2023\\\/02\\\/28\\\/hospital-materno-infantil-fortalece-procesos-en-el-area-juridica-de-la-institucion\\\/#primaryimage\"},\"thumbnailUrl\":\"\",\"datePublished\":\"2023-02-28T17:57:13+00:00\",\"description\":\"El Hospital Materno Infantil de Soledad, viene implementando el Plan de Acci\u00f3n de la Oficina Jur\u00eddica para la actual vigencia, trabajando desde los diferentes aspectos jur\u00eddicos y disciplinarios con eficiencia y eficacia, para dinamizar todos los procesos relacionados a estas materias y mejorar de manera notable el desempe\u00f1o \u00f3ptimo. As\u00ed lo dio a conocer el Jefe de la Oficina Jur\u00eddica y Control Disciplinario de la E.S.E. \u00c1lvaro Jos\u00e9 Daza Urina.\",\"breadcrumb\":{\"@id\":\"https:\\\/\\\/contrastes.com.co\\\/web\\\/2023\\\/02\\\/28\\\/hospital-materno-infantil-fortalece-procesos-en-el-area-juridica-de-la-institucion\\\/#breadcrumb\"},\"inLanguage\":\"es\",\"potentialAction\":[{\"@type\":\"ReadAction\",\"target\":[\"https:\\\/\\\/contrastes.com.co\\\/web\\\/2023\\\/02\\\/28\\\/hospital-materno-infantil-fortalece-procesos-en-el-area-juridica-de-la-institucion\\\/\"]}]},{\"@type\":\"ImageObject\",\"inLanguage\":\"es\",\"@id\":\"https:\\\/\\\/contrastes.com.co\\\/web\\\/2023\\\/02\\\/28\\\/hospital-materno-infantil-fortalece-procesos-en-el-area-juridica-de-la-institucion\\\/#primaryimage\",\"url\":\"\",\"contentUrl\":\"\"},{\"@type\":\"BreadcrumbList\",\"@id\":\"https:\\\/\\\/contrastes.com.co\\\/web\\\/2023\\\/02\\\/28\\\/hospital-materno-infantil-fortalece-procesos-en-el-area-juridica-de-la-institucion\\\/#breadcrumb\",\"itemListElement\":[{\"@type\":\"ListItem\",\"position\":1,\"name\":\"Portada\",\"item\":\"https:\\\/\\\/contrastes.com.co\\\/web\\\/\"},{\"@type\":\"ListItem\",\"position\":2,\"name\":\"Hospital Materno Infantil fortalece procesos en el \u00c1rea Jur\u00eddica de la instituci\u00f3n\"}]},{\"@type\":\"WebSite\",\"@id\":\"https:\\\/\\\/contrastes.com.co\\\/web\\\/#website\",\"url\":\"https:\\\/\\\/contrastes.com.co\\\/web\\\/\",\"name\":\"Contrastes\",\"description\":\"Periodismo de Conciencia\",\"publisher\":{\"@id\":\"https:\\\/\\\/contrastes.com.co\\\/web\\\/#organization\"},\"potentialAction\":[{\"@type\":\"SearchAction\",\"target\":{\"@type\":\"EntryPoint\",\"urlTemplate\":\"https:\\\/\\\/contrastes.com.co\\\/web\\\/?s={search_term_string}\"},\"query-input\":{\"@type\":\"PropertyValueSpecification\",\"valueRequired\":true,\"valueName\":\"search_term_string\"}}],\"inLanguage\":\"es\"},{\"@type\":\"Organization\",\"@id\":\"https:\\\/\\\/contrastes.com.co\\\/web\\\/#organization\",\"name\":\"Contrastes\",\"url\":\"https:\\\/\\\/contrastes.com.co\\\/web\\\/\",\"logo\":{\"@type\":\"ImageObject\",\"inLanguage\":\"es\",\"@id\":\"https:\\\/\\\/contrastes.com.co\\\/web\\\/#\\\/schema\\\/logo\\\/image\\\/\",\"url\":\"https:\\\/\\\/contrastes.com.co\\\/web\\\/wp-content\\\/uploads\\\/2025\\\/04\\\/15CONTRASTES3.png\",\"contentUrl\":\"https:\\\/\\\/contrastes.com.co\\\/web\\\/wp-content\\\/uploads\\\/2025\\\/04\\\/15CONTRASTES3.png\",\"width\":1536,\"height\":231,\"caption\":\"Contrastes\"},\"image\":{\"@id\":\"https:\\\/\\\/contrastes.com.co\\\/web\\\/#\\\/schema\\\/logo\\\/image\\\/\"},\"sameAs\":[\"https:\\\/\\\/www.facebook.com\\\/guillo.pantoja.1\"]},{\"@type\":\"Person\",\"@id\":\"https:\\\/\\\/contrastes.com.co\\\/web\\\/#\\\/schema\\\/person\\\/62ef7a62dc4da6de450c71fc2e95ed02\",\"name\":\"Editor\",\"image\":{\"@type\":\"ImageObject\",\"inLanguage\":\"es\",\"@id\":\"https:\\\/\\\/secure.gravatar.com\\\/avatar\\\/7bbb4f718d74bbf600dc556253bb04fd7ac8593751d6e2e3b85432d98aefae80?s=96&d=mm&r=g\",\"url\":\"https:\\\/\\\/secure.gravatar.com\\\/avatar\\\/7bbb4f718d74bbf600dc556253bb04fd7ac8593751d6e2e3b85432d98aefae80?s=96&d=mm&r=g\",\"contentUrl\":\"https:\\\/\\\/secure.gravatar.com\\\/avatar\\\/7bbb4f718d74bbf600dc556253bb04fd7ac8593751d6e2e3b85432d98aefae80?s=96&d=mm&r=g\",\"caption\":\"Editor\"},\"sameAs\":[\"https:\\\/\\\/contrastes.com.co\\\/web\"],\"url\":\"https:\\\/\\\/contrastes.com.co\\\/web\\\/author\\\/jdbobadilla\\\/\"}]}<\/script>\n<!-- \/ Yoast SEO plugin. -->","yoast_head_json":{"title":"Hospital Materno Infantil fortalece procesos en el \u00c1rea Jur\u00eddica de la instituci\u00f3n - Constrastes","description":"El Hospital Materno Infantil de Soledad, viene implementando el Plan de Acci\u00f3n de la Oficina Jur\u00eddica para la actual vigencia, trabajando desde los diferentes aspectos jur\u00eddicos y disciplinarios con eficiencia y eficacia, para dinamizar todos los procesos relacionados a estas materias y mejorar de manera notable el desempe\u00f1o \u00f3ptimo. As\u00ed lo dio a conocer el Jefe de la Oficina Jur\u00eddica y Control Disciplinario de la E.S.E. \u00c1lvaro Jos\u00e9 Daza Urina.","robots":{"index":"index","follow":"follow","max-snippet":"max-snippet:-1","max-image-preview":"max-image-preview:large","max-video-preview":"max-video-preview:-1"},"canonical":"https:\/\/contrastes.com.co\/web\/2023\/02\/28\/hospital-materno-infantil-fortalece-procesos-en-el-area-juridica-de-la-institucion\/","og_locale":"es_ES","og_type":"article","og_title":"Hospital Materno Infantil fortalece procesos en el \u00c1rea Jur\u00eddica de la instituci\u00f3n - Constrastes","og_description":"El Hospital Materno Infantil de Soledad, viene implementando el Plan de Acci\u00f3n de la Oficina Jur\u00eddica para la actual vigencia, trabajando desde los diferentes aspectos jur\u00eddicos y disciplinarios con eficiencia y eficacia, para dinamizar todos los procesos relacionados a estas materias y mejorar de manera notable el desempe\u00f1o \u00f3ptimo. As\u00ed lo dio a conocer el Jefe de la Oficina Jur\u00eddica y Control Disciplinario de la E.S.E. \u00c1lvaro Jos\u00e9 Daza Urina.","og_url":"https:\/\/contrastes.com.co\/web\/2023\/02\/28\/hospital-materno-infantil-fortalece-procesos-en-el-area-juridica-de-la-institucion\/","og_site_name":"Constrastes","article_publisher":"https:\/\/www.facebook.com\/guillo.pantoja.1","article_published_time":"2023-02-28T17:57:13+00:00","author":"Editor","twitter_card":"summary_large_image","twitter_misc":{"Escrito por":"Editor","Tiempo de lectura":"2 minutos"},"schema":{"@context":"https:\/\/schema.org","@graph":[{"@type":"Article","@id":"https:\/\/contrastes.com.co\/web\/2023\/02\/28\/hospital-materno-infantil-fortalece-procesos-en-el-area-juridica-de-la-institucion\/#article","isPartOf":{"@id":"https:\/\/contrastes.com.co\/web\/2023\/02\/28\/hospital-materno-infantil-fortalece-procesos-en-el-area-juridica-de-la-institucion\/"},"author":{"name":"Editor","@id":"https:\/\/contrastes.com.co\/web\/#\/schema\/person\/62ef7a62dc4da6de450c71fc2e95ed02"},"headline":"Hospital Materno Infantil fortalece procesos en el \u00c1rea Jur\u00eddica de la instituci\u00f3n","datePublished":"2023-02-28T17:57:13+00:00","mainEntityOfPage":{"@id":"https:\/\/contrastes.com.co\/web\/2023\/02\/28\/hospital-materno-infantil-fortalece-procesos-en-el-area-juridica-de-la-institucion\/"},"wordCount":510,"commentCount":0,"publisher":{"@id":"https:\/\/contrastes.com.co\/web\/#organization"},"image":{"@id":"https:\/\/contrastes.com.co\/web\/2023\/02\/28\/hospital-materno-infantil-fortalece-procesos-en-el-area-juridica-de-la-institucion\/#primaryimage"},"thumbnailUrl":"","keywords":["\u00c1lvaro Jos\u00e9 Daza Urina","Hospital Materno Infantil de Soledad","Jefe de la Oficina Jur\u00eddica y Control Disciplinario de la E.S.E.","municipio de soledad","Plan de Acci\u00f3n de la Oficina Jur\u00eddica"],"articleSection":["Locales","Salud","Sector P\u00fablico"],"inLanguage":"es","potentialAction":[{"@type":"CommentAction","name":"Comment","target":["https:\/\/contrastes.com.co\/web\/2023\/02\/28\/hospital-materno-infantil-fortalece-procesos-en-el-area-juridica-de-la-institucion\/#respond"]}]},{"@type":"WebPage","@id":"https:\/\/contrastes.com.co\/web\/2023\/02\/28\/hospital-materno-infantil-fortalece-procesos-en-el-area-juridica-de-la-institucion\/","url":"https:\/\/contrastes.com.co\/web\/2023\/02\/28\/hospital-materno-infantil-fortalece-procesos-en-el-area-juridica-de-la-institucion\/","name":"Hospital Materno Infantil fortalece procesos en el \u00c1rea Jur\u00eddica de la instituci\u00f3n - Constrastes","isPartOf":{"@id":"https:\/\/contrastes.com.co\/web\/#website"},"primaryImageOfPage":{"@id":"https:\/\/contrastes.com.co\/web\/2023\/02\/28\/hospital-materno-infantil-fortalece-procesos-en-el-area-juridica-de-la-institucion\/#primaryimage"},"image":{"@id":"https:\/\/contrastes.com.co\/web\/2023\/02\/28\/hospital-materno-infantil-fortalece-procesos-en-el-area-juridica-de-la-institucion\/#primaryimage"},"thumbnailUrl":"","datePublished":"2023-02-28T17:57:13+00:00","description":"El Hospital Materno Infantil de Soledad, viene implementando el Plan de Acci\u00f3n de la Oficina Jur\u00eddica para la actual vigencia, trabajando desde los diferentes aspectos jur\u00eddicos y disciplinarios con eficiencia y eficacia, para dinamizar todos los procesos relacionados a estas materias y mejorar de manera notable el desempe\u00f1o \u00f3ptimo. As\u00ed lo dio a conocer el Jefe de la Oficina Jur\u00eddica y Control Disciplinario de la E.S.E. \u00c1lvaro Jos\u00e9 Daza Urina.","breadcrumb":{"@id":"https:\/\/contrastes.com.co\/web\/2023\/02\/28\/hospital-materno-infantil-fortalece-procesos-en-el-area-juridica-de-la-institucion\/#breadcrumb"},"inLanguage":"es","potentialAction":[{"@type":"ReadAction","target":["https:\/\/contrastes.com.co\/web\/2023\/02\/28\/hospital-materno-infantil-fortalece-procesos-en-el-area-juridica-de-la-institucion\/"]}]},{"@type":"ImageObject","inLanguage":"es","@id":"https:\/\/contrastes.com.co\/web\/2023\/02\/28\/hospital-materno-infantil-fortalece-procesos-en-el-area-juridica-de-la-institucion\/#primaryimage","url":"","contentUrl":""},{"@type":"BreadcrumbList","@id":"https:\/\/contrastes.com.co\/web\/2023\/02\/28\/hospital-materno-infantil-fortalece-procesos-en-el-area-juridica-de-la-institucion\/#breadcrumb","itemListElement":[{"@type":"ListItem","position":1,"name":"Portada","item":"https:\/\/contrastes.com.co\/web\/"},{"@type":"ListItem","position":2,"name":"Hospital Materno Infantil fortalece procesos en el \u00c1rea Jur\u00eddica de la instituci\u00f3n"}]},{"@type":"WebSite","@id":"https:\/\/contrastes.com.co\/web\/#website","url":"https:\/\/contrastes.com.co\/web\/","name":"Contrastes","description":"Periodismo de Conciencia","publisher":{"@id":"https:\/\/contrastes.com.co\/web\/#organization"},"potentialAction":[{"@type":"SearchAction","target":{"@type":"EntryPoint","urlTemplate":"https:\/\/contrastes.com.co\/web\/?s={search_term_string}"},"query-input":{"@type":"PropertyValueSpecification","valueRequired":true,"valueName":"search_term_string"}}],"inLanguage":"es"},{"@type":"Organization","@id":"https:\/\/contrastes.com.co\/web\/#organization","name":"Contrastes","url":"https:\/\/contrastes.com.co\/web\/","logo":{"@type":"ImageObject","inLanguage":"es","@id":"https:\/\/contrastes.com.co\/web\/#\/schema\/logo\/image\/","url":"https:\/\/contrastes.com.co\/web\/wp-content\/uploads\/2025\/04\/15CONTRASTES3.png","contentUrl":"https:\/\/contrastes.com.co\/web\/wp-content\/uploads\/2025\/04\/15CONTRASTES3.png","width":1536,"height":231,"caption":"Contrastes"},"image":{"@id":"https:\/\/contrastes.com.co\/web\/#\/schema\/logo\/image\/"},"sameAs":["https:\/\/www.facebook.com\/guillo.pantoja.1"]},{"@type":"Person","@id":"https:\/\/contrastes.com.co\/web\/#\/schema\/person\/62ef7a62dc4da6de450c71fc2e95ed02","name":"Editor","image":{"@type":"ImageObject","inLanguage":"es","@id":"https:\/\/secure.gravatar.com\/avatar\/7bbb4f718d74bbf600dc556253bb04fd7ac8593751d6e2e3b85432d98aefae80?s=96&d=mm&r=g","url":"https:\/\/secure.gravatar.com\/avatar\/7bbb4f718d74bbf600dc556253bb04fd7ac8593751d6e2e3b85432d98aefae80?s=96&d=mm&r=g","contentUrl":"https:\/\/secure.gravatar.com\/avatar\/7bbb4f718d74bbf600dc556253bb04fd7ac8593751d6e2e3b85432d98aefae80?s=96&d=mm&r=g","caption":"Editor"},"sameAs":["https:\/\/contrastes.com.co\/web"],"url":"https:\/\/contrastes.com.co\/web\/author\/jdbobadilla\/"}]}},"blog_post_layout_featured_media_urls":{"thumbnail":"","full":""},"categories_names":{"23":{"name":"Locales","link":"https:\/\/contrastes.com.co\/web\/category\/locales\/"},"25":{"name":"Salud","link":"https:\/\/contrastes.com.co\/web\/category\/salud\/"},"3241":{"name":"Sector P\u00fablico","link":"https:\/\/contrastes.com.co\/web\/category\/sector-publico\/"}},"tags_names":{"8633":{"name":"\u00c1lvaro Jos\u00e9 Daza Urina","link":"https:\/\/contrastes.com.co\/web\/tag\/alvaro-jose-daza-urina\/"},"466":{"name":"Hospital Materno Infantil de Soledad","link":"https:\/\/contrastes.com.co\/web\/tag\/hospital-materno-infantil-de-soledad\/"},"8634":{"name":"Jefe de la Oficina Jur\u00eddica y Control Disciplinario de la E.S.E.","link":"https:\/\/contrastes.com.co\/web\/tag\/jefe-de-la-oficina-juridica-y-control-disciplinario-de-la-e-s-e\/"},"51":{"name":"municipio de soledad","link":"https:\/\/contrastes.com.co\/web\/tag\/municipio-de-soledad\/"},"8635":{"name":"Plan de Acci\u00f3n de la Oficina Jur\u00eddica","link":"https:\/\/contrastes.com.co\/web\/tag\/plan-de-accion-de-la-oficina-juridica\/"}},"comments_number":"0","wpmagazine_modules_lite_featured_media_urls":{"thumbnail":"","cvmm-medium":"","cvmm-medium-plus":"","cvmm-portrait":"","cvmm-medium-square":"","cvmm-large":"","cvmm-small":"","full":""},"_links":{"self":[{"href":"https:\/\/contrastes.com.co\/web\/wp-json\/wp\/v2\/posts\/13391","targetHints":{"allow":["GET"]}}],"collection":[{"href":"https:\/\/contrastes.com.co\/web\/wp-json\/wp\/v2\/posts"}],"about":[{"href":"https:\/\/contrastes.com.co\/web\/wp-json\/wp\/v2\/types\/post"}],"author":[{"embeddable":true,"href":"https:\/\/contrastes.com.co\/web\/wp-json\/wp\/v2\/users\/1"}],"replies":[{"embeddable":true,"href":"https:\/\/contrastes.com.co\/web\/wp-json\/wp\/v2\/comments?post=13391"}],"version-history":[{"count":0,"href":"https:\/\/contrastes.com.co\/web\/wp-json\/wp\/v2\/posts\/13391\/revisions"}],"wp:attachment":[{"href":"https:\/\/contrastes.com.co\/web\/wp-json\/wp\/v2\/media?parent=13391"}],"wp:term":[{"taxonomy":"category","embeddable":true,"href":"https:\/\/contrastes.com.co\/web\/wp-json\/wp\/v2\/categories?post=13391"},{"taxonomy":"post_tag","embeddable":true,"href":"https:\/\/contrastes.com.co\/web\/wp-json\/wp\/v2\/tags?post=13391"}],"curies":[{"name":"wp","href":"https:\/\/api.w.org\/{rel}","templated":true}]}}