{"id":1351,"date":"2020-06-08T23:32:31","date_gmt":"2020-06-09T04:32:31","guid":{"rendered":"https:\/\/contrastes.com.co\/digital\/?p=1351"},"modified":"2020-06-08T23:32:31","modified_gmt":"2020-06-09T04:32:31","slug":"alcaldia-adopta-medidas-de-bioseguridad-para-garantizar-retorno-de-sus-funcionarios","status":"publish","type":"post","link":"https:\/\/contrastes.com.co\/web\/2020\/06\/08\/alcaldia-adopta-medidas-de-bioseguridad-para-garantizar-retorno-de-sus-funcionarios\/","title":{"rendered":"Alcald\u00eda adopta medidas de bioseguridad para retorno de funcionarios"},"content":{"rendered":"<blockquote><p><strong>\u201cEstamos tomando todas las precauciones y siguiendo cada lineamiento establecido por el Ministerio de Salud para poder garantizar a nuestros funcionarios un espacio de trabajo seguro\u201d: Yesenia Ocampo<\/strong><\/p><\/blockquote>\n<p><img decoding=\"async\" class=\"alignleft  wp-image-584\" src=\"https:\/\/contrastes.com.co\/digital\/wp-content\/uploads\/2020\/04\/l-capitular.png\" alt=\"l capitular\" width=\"75\" height=\"75\" \/>a Alcald\u00eda de Soledad se prepara para el retorno de sus funcionarios a las instalaciones de trabajo y por ello ha implementado todos los protocolos de bioseguridad dispuestos por el Ministerio de Salud con el fin de velar por la seguridad sus trabajadores.<\/p>\n<p>En pro de adoptar las medidas mencionadas, los vigilantes de cada oficina medir\u00e1n la temperatura de los funcionarios antes y despu\u00e9s de ingresar a las instalaciones y se instalar\u00e1 en cada dependencia tapetes desinfectantes en la entrada para limpiar de manera adecuada los zapatos. Adem\u00e1s, hallar\u00e1n puntos de desinfecci\u00f3n en cada oficina. Semanalmente realizan desinfecci\u00f3n de los lugares de trabajo, en la ma\u00f1ana de hoy se realiz\u00f3 una jornada de desinfecci\u00f3n en la Oficina e Salud P\u00fablica.<\/p>\n<p>Yesenia Ocampo, secretaria municipal de Talento humano, dijo: \u201cestamos tomando todas las precauciones y siguiendo cada lineamiento establecido por el Ministerio de Salud para poder garantizar a nuestros funcionarios un espacio de trabajo seguro\u201d.<\/p>\n<p>Los protocolos que se est\u00e1n implementando en la Alcald\u00eda Municipal, responden a los lineamientos del Ministerio de Salud y Protecci\u00f3n Social, teniendo en cuenta la Resoluci\u00f3n n\u00famero 666 del 24 de abril del 2020.<\/p>\n","protected":false},"excerpt":{"rendered":"<p>\u201cEstamos tomando todas las precauciones y siguiendo cada lineamiento establecido por el Ministerio de Salud para poder garantizar a nuestros funcionarios un espacio de trabajo seguro\u201d: Yesenia Ocampo a Alcald\u00eda de Soledad se prepara para el retorno de sus funcionarios a las instalaciones de trabajo y por ello ha implementado todos los protocolos de bioseguridad [&hellip;]<\/p>\n","protected":false},"author":1,"featured_media":1352,"comment_status":"open","ping_status":"open","sticky":false,"template":"","format":"standard","meta":{"footnotes":""},"categories":[73,484,23],"tags":[28,86,503,453],"class_list":["post-1351","post","type-post","status-publish","format-standard","has-post-thumbnail","hentry","category-coronavirus","category-labores","category-locales","tag-alcaldia-de-soledad","tag-coronavirus","tag-covid-19","tag-reapertura"],"yoast_head":"<!-- This site is optimized with the Yoast SEO plugin v27.7 - https:\/\/yoast.com\/product\/yoast-seo-wordpress\/ -->\n<title>Alcald\u00eda adopta medidas de bioseguridad para retorno de funcionarios - Constrastes<\/title>\n<meta name=\"robots\" content=\"index, follow, max-snippet:-1, max-image-preview:large, max-video-preview:-1\" \/>\n<link rel=\"canonical\" href=\"https:\/\/contrastes.com.co\/web\/2020\/06\/08\/alcaldia-adopta-medidas-de-bioseguridad-para-garantizar-retorno-de-sus-funcionarios\/\" \/>\n<meta property=\"og:locale\" content=\"es_ES\" \/>\n<meta property=\"og:type\" content=\"article\" \/>\n<meta property=\"og:title\" content=\"Alcald\u00eda adopta medidas de bioseguridad para retorno de funcionarios - Constrastes\" \/>\n<meta property=\"og:description\" content=\"\u201cEstamos tomando todas las precauciones y siguiendo cada lineamiento establecido por el Ministerio de Salud para poder garantizar a nuestros funcionarios un espacio de trabajo seguro\u201d: Yesenia Ocampo a Alcald\u00eda de Soledad se prepara para el retorno de sus funcionarios a las instalaciones de trabajo y por ello ha implementado todos los protocolos de bioseguridad [&hellip;]\" \/>\n<meta property=\"og:url\" content=\"https:\/\/contrastes.com.co\/web\/2020\/06\/08\/alcaldia-adopta-medidas-de-bioseguridad-para-garantizar-retorno-de-sus-funcionarios\/\" \/>\n<meta property=\"og:site_name\" content=\"Constrastes\" \/>\n<meta property=\"article:publisher\" content=\"https:\/\/www.facebook.com\/guillo.pantoja.1\" \/>\n<meta property=\"article:published_time\" content=\"2020-06-09T04:32:31+00:00\" \/>\n<meta name=\"author\" content=\"Editor\" \/>\n<meta name=\"twitter:card\" content=\"summary_large_image\" \/>\n<meta name=\"twitter:label1\" content=\"Escrito por\" \/>\n\t<meta name=\"twitter:data1\" content=\"Editor\" \/>\n\t<meta name=\"twitter:label2\" content=\"Tiempo de lectura\" \/>\n\t<meta name=\"twitter:data2\" content=\"1 minuto\" \/>\n<script type=\"application\/ld+json\" class=\"yoast-schema-graph\">{\"@context\":\"https:\\\/\\\/schema.org\",\"@graph\":[{\"@type\":\"Article\",\"@id\":\"https:\\\/\\\/contrastes.com.co\\\/web\\\/2020\\\/06\\\/08\\\/alcaldia-adopta-medidas-de-bioseguridad-para-garantizar-retorno-de-sus-funcionarios\\\/#article\",\"isPartOf\":{\"@id\":\"https:\\\/\\\/contrastes.com.co\\\/web\\\/2020\\\/06\\\/08\\\/alcaldia-adopta-medidas-de-bioseguridad-para-garantizar-retorno-de-sus-funcionarios\\\/\"},\"author\":{\"name\":\"Editor\",\"@id\":\"https:\\\/\\\/contrastes.com.co\\\/web\\\/#\\\/schema\\\/person\\\/62ef7a62dc4da6de450c71fc2e95ed02\"},\"headline\":\"Alcald\u00eda adopta medidas de bioseguridad para retorno de funcionarios\",\"datePublished\":\"2020-06-09T04:32:31+00:00\",\"mainEntityOfPage\":{\"@id\":\"https:\\\/\\\/contrastes.com.co\\\/web\\\/2020\\\/06\\\/08\\\/alcaldia-adopta-medidas-de-bioseguridad-para-garantizar-retorno-de-sus-funcionarios\\\/\"},\"wordCount\":238,\"commentCount\":0,\"publisher\":{\"@id\":\"https:\\\/\\\/contrastes.com.co\\\/web\\\/#organization\"},\"image\":{\"@id\":\"https:\\\/\\\/contrastes.com.co\\\/web\\\/2020\\\/06\\\/08\\\/alcaldia-adopta-medidas-de-bioseguridad-para-garantizar-retorno-de-sus-funcionarios\\\/#primaryimage\"},\"thumbnailUrl\":\"\",\"keywords\":[\"alcaldia de Soledad\",\"coronavirus\",\"Covid-19\",\"reapertura\"],\"articleSection\":[\"Coronavirus\",\"labores\",\"Locales\"],\"inLanguage\":\"es\",\"potentialAction\":[{\"@type\":\"CommentAction\",\"name\":\"Comment\",\"target\":[\"https:\\\/\\\/contrastes.com.co\\\/web\\\/2020\\\/06\\\/08\\\/alcaldia-adopta-medidas-de-bioseguridad-para-garantizar-retorno-de-sus-funcionarios\\\/#respond\"]}]},{\"@type\":\"WebPage\",\"@id\":\"https:\\\/\\\/contrastes.com.co\\\/web\\\/2020\\\/06\\\/08\\\/alcaldia-adopta-medidas-de-bioseguridad-para-garantizar-retorno-de-sus-funcionarios\\\/\",\"url\":\"https:\\\/\\\/contrastes.com.co\\\/web\\\/2020\\\/06\\\/08\\\/alcaldia-adopta-medidas-de-bioseguridad-para-garantizar-retorno-de-sus-funcionarios\\\/\",\"name\":\"Alcald\u00eda adopta medidas de bioseguridad para retorno de funcionarios - Constrastes\",\"isPartOf\":{\"@id\":\"https:\\\/\\\/contrastes.com.co\\\/web\\\/#website\"},\"primaryImageOfPage\":{\"@id\":\"https:\\\/\\\/contrastes.com.co\\\/web\\\/2020\\\/06\\\/08\\\/alcaldia-adopta-medidas-de-bioseguridad-para-garantizar-retorno-de-sus-funcionarios\\\/#primaryimage\"},\"image\":{\"@id\":\"https:\\\/\\\/contrastes.com.co\\\/web\\\/2020\\\/06\\\/08\\\/alcaldia-adopta-medidas-de-bioseguridad-para-garantizar-retorno-de-sus-funcionarios\\\/#primaryimage\"},\"thumbnailUrl\":\"\",\"datePublished\":\"2020-06-09T04:32:31+00:00\",\"breadcrumb\":{\"@id\":\"https:\\\/\\\/contrastes.com.co\\\/web\\\/2020\\\/06\\\/08\\\/alcaldia-adopta-medidas-de-bioseguridad-para-garantizar-retorno-de-sus-funcionarios\\\/#breadcrumb\"},\"inLanguage\":\"es\",\"potentialAction\":[{\"@type\":\"ReadAction\",\"target\":[\"https:\\\/\\\/contrastes.com.co\\\/web\\\/2020\\\/06\\\/08\\\/alcaldia-adopta-medidas-de-bioseguridad-para-garantizar-retorno-de-sus-funcionarios\\\/\"]}]},{\"@type\":\"ImageObject\",\"inLanguage\":\"es\",\"@id\":\"https:\\\/\\\/contrastes.com.co\\\/web\\\/2020\\\/06\\\/08\\\/alcaldia-adopta-medidas-de-bioseguridad-para-garantizar-retorno-de-sus-funcionarios\\\/#primaryimage\",\"url\":\"\",\"contentUrl\":\"\"},{\"@type\":\"BreadcrumbList\",\"@id\":\"https:\\\/\\\/contrastes.com.co\\\/web\\\/2020\\\/06\\\/08\\\/alcaldia-adopta-medidas-de-bioseguridad-para-garantizar-retorno-de-sus-funcionarios\\\/#breadcrumb\",\"itemListElement\":[{\"@type\":\"ListItem\",\"position\":1,\"name\":\"Portada\",\"item\":\"https:\\\/\\\/contrastes.com.co\\\/web\\\/\"},{\"@type\":\"ListItem\",\"position\":2,\"name\":\"Alcald\u00eda adopta medidas de bioseguridad para retorno de funcionarios\"}]},{\"@type\":\"WebSite\",\"@id\":\"https:\\\/\\\/contrastes.com.co\\\/web\\\/#website\",\"url\":\"https:\\\/\\\/contrastes.com.co\\\/web\\\/\",\"name\":\"Contrastes\",\"description\":\"Periodismo de Conciencia\",\"publisher\":{\"@id\":\"https:\\\/\\\/contrastes.com.co\\\/web\\\/#organization\"},\"potentialAction\":[{\"@type\":\"SearchAction\",\"target\":{\"@type\":\"EntryPoint\",\"urlTemplate\":\"https:\\\/\\\/contrastes.com.co\\\/web\\\/?s={search_term_string}\"},\"query-input\":{\"@type\":\"PropertyValueSpecification\",\"valueRequired\":true,\"valueName\":\"search_term_string\"}}],\"inLanguage\":\"es\"},{\"@type\":\"Organization\",\"@id\":\"https:\\\/\\\/contrastes.com.co\\\/web\\\/#organization\",\"name\":\"Contrastes\",\"url\":\"https:\\\/\\\/contrastes.com.co\\\/web\\\/\",\"logo\":{\"@type\":\"ImageObject\",\"inLanguage\":\"es\",\"@id\":\"https:\\\/\\\/contrastes.com.co\\\/web\\\/#\\\/schema\\\/logo\\\/image\\\/\",\"url\":\"https:\\\/\\\/contrastes.com.co\\\/web\\\/wp-content\\\/uploads\\\/2025\\\/04\\\/15CONTRASTES3.png\",\"contentUrl\":\"https:\\\/\\\/contrastes.com.co\\\/web\\\/wp-content\\\/uploads\\\/2025\\\/04\\\/15CONTRASTES3.png\",\"width\":1536,\"height\":231,\"caption\":\"Contrastes\"},\"image\":{\"@id\":\"https:\\\/\\\/contrastes.com.co\\\/web\\\/#\\\/schema\\\/logo\\\/image\\\/\"},\"sameAs\":[\"https:\\\/\\\/www.facebook.com\\\/guillo.pantoja.1\"]},{\"@type\":\"Person\",\"@id\":\"https:\\\/\\\/contrastes.com.co\\\/web\\\/#\\\/schema\\\/person\\\/62ef7a62dc4da6de450c71fc2e95ed02\",\"name\":\"Editor\",\"image\":{\"@type\":\"ImageObject\",\"inLanguage\":\"es\",\"@id\":\"https:\\\/\\\/secure.gravatar.com\\\/avatar\\\/7bbb4f718d74bbf600dc556253bb04fd7ac8593751d6e2e3b85432d98aefae80?s=96&d=mm&r=g\",\"url\":\"https:\\\/\\\/secure.gravatar.com\\\/avatar\\\/7bbb4f718d74bbf600dc556253bb04fd7ac8593751d6e2e3b85432d98aefae80?s=96&d=mm&r=g\",\"contentUrl\":\"https:\\\/\\\/secure.gravatar.com\\\/avatar\\\/7bbb4f718d74bbf600dc556253bb04fd7ac8593751d6e2e3b85432d98aefae80?s=96&d=mm&r=g\",\"caption\":\"Editor\"},\"sameAs\":[\"https:\\\/\\\/contrastes.com.co\\\/web\"],\"url\":\"https:\\\/\\\/contrastes.com.co\\\/web\\\/author\\\/jdbobadilla\\\/\"}]}<\/script>\n<!-- \/ Yoast SEO plugin. -->","yoast_head_json":{"title":"Alcald\u00eda adopta medidas de bioseguridad para retorno de funcionarios - Constrastes","robots":{"index":"index","follow":"follow","max-snippet":"max-snippet:-1","max-image-preview":"max-image-preview:large","max-video-preview":"max-video-preview:-1"},"canonical":"https:\/\/contrastes.com.co\/web\/2020\/06\/08\/alcaldia-adopta-medidas-de-bioseguridad-para-garantizar-retorno-de-sus-funcionarios\/","og_locale":"es_ES","og_type":"article","og_title":"Alcald\u00eda adopta medidas de bioseguridad para retorno de funcionarios - Constrastes","og_description":"\u201cEstamos tomando todas las precauciones y siguiendo cada lineamiento establecido por el Ministerio de Salud para poder garantizar a nuestros funcionarios un espacio de trabajo seguro\u201d: Yesenia Ocampo a Alcald\u00eda de Soledad se prepara para el retorno de sus funcionarios a las instalaciones de trabajo y por ello ha implementado todos los protocolos de bioseguridad [&hellip;]","og_url":"https:\/\/contrastes.com.co\/web\/2020\/06\/08\/alcaldia-adopta-medidas-de-bioseguridad-para-garantizar-retorno-de-sus-funcionarios\/","og_site_name":"Constrastes","article_publisher":"https:\/\/www.facebook.com\/guillo.pantoja.1","article_published_time":"2020-06-09T04:32:31+00:00","author":"Editor","twitter_card":"summary_large_image","twitter_misc":{"Escrito por":"Editor","Tiempo de lectura":"1 minuto"},"schema":{"@context":"https:\/\/schema.org","@graph":[{"@type":"Article","@id":"https:\/\/contrastes.com.co\/web\/2020\/06\/08\/alcaldia-adopta-medidas-de-bioseguridad-para-garantizar-retorno-de-sus-funcionarios\/#article","isPartOf":{"@id":"https:\/\/contrastes.com.co\/web\/2020\/06\/08\/alcaldia-adopta-medidas-de-bioseguridad-para-garantizar-retorno-de-sus-funcionarios\/"},"author":{"name":"Editor","@id":"https:\/\/contrastes.com.co\/web\/#\/schema\/person\/62ef7a62dc4da6de450c71fc2e95ed02"},"headline":"Alcald\u00eda adopta medidas de bioseguridad para retorno de funcionarios","datePublished":"2020-06-09T04:32:31+00:00","mainEntityOfPage":{"@id":"https:\/\/contrastes.com.co\/web\/2020\/06\/08\/alcaldia-adopta-medidas-de-bioseguridad-para-garantizar-retorno-de-sus-funcionarios\/"},"wordCount":238,"commentCount":0,"publisher":{"@id":"https:\/\/contrastes.com.co\/web\/#organization"},"image":{"@id":"https:\/\/contrastes.com.co\/web\/2020\/06\/08\/alcaldia-adopta-medidas-de-bioseguridad-para-garantizar-retorno-de-sus-funcionarios\/#primaryimage"},"thumbnailUrl":"","keywords":["alcaldia de Soledad","coronavirus","Covid-19","reapertura"],"articleSection":["Coronavirus","labores","Locales"],"inLanguage":"es","potentialAction":[{"@type":"CommentAction","name":"Comment","target":["https:\/\/contrastes.com.co\/web\/2020\/06\/08\/alcaldia-adopta-medidas-de-bioseguridad-para-garantizar-retorno-de-sus-funcionarios\/#respond"]}]},{"@type":"WebPage","@id":"https:\/\/contrastes.com.co\/web\/2020\/06\/08\/alcaldia-adopta-medidas-de-bioseguridad-para-garantizar-retorno-de-sus-funcionarios\/","url":"https:\/\/contrastes.com.co\/web\/2020\/06\/08\/alcaldia-adopta-medidas-de-bioseguridad-para-garantizar-retorno-de-sus-funcionarios\/","name":"Alcald\u00eda adopta medidas de bioseguridad para retorno de funcionarios - Constrastes","isPartOf":{"@id":"https:\/\/contrastes.com.co\/web\/#website"},"primaryImageOfPage":{"@id":"https:\/\/contrastes.com.co\/web\/2020\/06\/08\/alcaldia-adopta-medidas-de-bioseguridad-para-garantizar-retorno-de-sus-funcionarios\/#primaryimage"},"image":{"@id":"https:\/\/contrastes.com.co\/web\/2020\/06\/08\/alcaldia-adopta-medidas-de-bioseguridad-para-garantizar-retorno-de-sus-funcionarios\/#primaryimage"},"thumbnailUrl":"","datePublished":"2020-06-09T04:32:31+00:00","breadcrumb":{"@id":"https:\/\/contrastes.com.co\/web\/2020\/06\/08\/alcaldia-adopta-medidas-de-bioseguridad-para-garantizar-retorno-de-sus-funcionarios\/#breadcrumb"},"inLanguage":"es","potentialAction":[{"@type":"ReadAction","target":["https:\/\/contrastes.com.co\/web\/2020\/06\/08\/alcaldia-adopta-medidas-de-bioseguridad-para-garantizar-retorno-de-sus-funcionarios\/"]}]},{"@type":"ImageObject","inLanguage":"es","@id":"https:\/\/contrastes.com.co\/web\/2020\/06\/08\/alcaldia-adopta-medidas-de-bioseguridad-para-garantizar-retorno-de-sus-funcionarios\/#primaryimage","url":"","contentUrl":""},{"@type":"BreadcrumbList","@id":"https:\/\/contrastes.com.co\/web\/2020\/06\/08\/alcaldia-adopta-medidas-de-bioseguridad-para-garantizar-retorno-de-sus-funcionarios\/#breadcrumb","itemListElement":[{"@type":"ListItem","position":1,"name":"Portada","item":"https:\/\/contrastes.com.co\/web\/"},{"@type":"ListItem","position":2,"name":"Alcald\u00eda adopta medidas de bioseguridad para retorno de funcionarios"}]},{"@type":"WebSite","@id":"https:\/\/contrastes.com.co\/web\/#website","url":"https:\/\/contrastes.com.co\/web\/","name":"Contrastes","description":"Periodismo de Conciencia","publisher":{"@id":"https:\/\/contrastes.com.co\/web\/#organization"},"potentialAction":[{"@type":"SearchAction","target":{"@type":"EntryPoint","urlTemplate":"https:\/\/contrastes.com.co\/web\/?s={search_term_string}"},"query-input":{"@type":"PropertyValueSpecification","valueRequired":true,"valueName":"search_term_string"}}],"inLanguage":"es"},{"@type":"Organization","@id":"https:\/\/contrastes.com.co\/web\/#organization","name":"Contrastes","url":"https:\/\/contrastes.com.co\/web\/","logo":{"@type":"ImageObject","inLanguage":"es","@id":"https:\/\/contrastes.com.co\/web\/#\/schema\/logo\/image\/","url":"https:\/\/contrastes.com.co\/web\/wp-content\/uploads\/2025\/04\/15CONTRASTES3.png","contentUrl":"https:\/\/contrastes.com.co\/web\/wp-content\/uploads\/2025\/04\/15CONTRASTES3.png","width":1536,"height":231,"caption":"Contrastes"},"image":{"@id":"https:\/\/contrastes.com.co\/web\/#\/schema\/logo\/image\/"},"sameAs":["https:\/\/www.facebook.com\/guillo.pantoja.1"]},{"@type":"Person","@id":"https:\/\/contrastes.com.co\/web\/#\/schema\/person\/62ef7a62dc4da6de450c71fc2e95ed02","name":"Editor","image":{"@type":"ImageObject","inLanguage":"es","@id":"https:\/\/secure.gravatar.com\/avatar\/7bbb4f718d74bbf600dc556253bb04fd7ac8593751d6e2e3b85432d98aefae80?s=96&d=mm&r=g","url":"https:\/\/secure.gravatar.com\/avatar\/7bbb4f718d74bbf600dc556253bb04fd7ac8593751d6e2e3b85432d98aefae80?s=96&d=mm&r=g","contentUrl":"https:\/\/secure.gravatar.com\/avatar\/7bbb4f718d74bbf600dc556253bb04fd7ac8593751d6e2e3b85432d98aefae80?s=96&d=mm&r=g","caption":"Editor"},"sameAs":["https:\/\/contrastes.com.co\/web"],"url":"https:\/\/contrastes.com.co\/web\/author\/jdbobadilla\/"}]}},"blog_post_layout_featured_media_urls":{"thumbnail":"","full":""},"categories_names":{"73":{"name":"Coronavirus","link":"https:\/\/contrastes.com.co\/web\/category\/coronavirus\/"},"484":{"name":"labores","link":"https:\/\/contrastes.com.co\/web\/category\/labores\/"},"23":{"name":"Locales","link":"https:\/\/contrastes.com.co\/web\/category\/locales\/"}},"tags_names":{"28":{"name":"alcaldia de Soledad","link":"https:\/\/contrastes.com.co\/web\/tag\/alcaldia-de-soledad\/"},"86":{"name":"coronavirus","link":"https:\/\/contrastes.com.co\/web\/tag\/coronavirus\/"},"503":{"name":"Covid-19","link":"https:\/\/contrastes.com.co\/web\/tag\/covid-19\/"},"453":{"name":"reapertura","link":"https:\/\/contrastes.com.co\/web\/tag\/reapertura\/"}},"comments_number":"0","wpmagazine_modules_lite_featured_media_urls":{"thumbnail":"","cvmm-medium":"","cvmm-medium-plus":"","cvmm-portrait":"","cvmm-medium-square":"","cvmm-large":"","cvmm-small":"","full":""},"_links":{"self":[{"href":"https:\/\/contrastes.com.co\/web\/wp-json\/wp\/v2\/posts\/1351","targetHints":{"allow":["GET"]}}],"collection":[{"href":"https:\/\/contrastes.com.co\/web\/wp-json\/wp\/v2\/posts"}],"about":[{"href":"https:\/\/contrastes.com.co\/web\/wp-json\/wp\/v2\/types\/post"}],"author":[{"embeddable":true,"href":"https:\/\/contrastes.com.co\/web\/wp-json\/wp\/v2\/users\/1"}],"replies":[{"embeddable":true,"href":"https:\/\/contrastes.com.co\/web\/wp-json\/wp\/v2\/comments?post=1351"}],"version-history":[{"count":0,"href":"https:\/\/contrastes.com.co\/web\/wp-json\/wp\/v2\/posts\/1351\/revisions"}],"wp:attachment":[{"href":"https:\/\/contrastes.com.co\/web\/wp-json\/wp\/v2\/media?parent=1351"}],"wp:term":[{"taxonomy":"category","embeddable":true,"href":"https:\/\/contrastes.com.co\/web\/wp-json\/wp\/v2\/categories?post=1351"},{"taxonomy":"post_tag","embeddable":true,"href":"https:\/\/contrastes.com.co\/web\/wp-json\/wp\/v2\/tags?post=1351"}],"curies":[{"name":"wp","href":"https:\/\/api.w.org\/{rel}","templated":true}]}}