{"id":13596,"date":"2023-03-14T13:18:42","date_gmt":"2023-03-14T18:18:42","guid":{"rendered":"https:\/\/contrastes.com.co\/digital\/?p=13596"},"modified":"2023-03-14T13:18:42","modified_gmt":"2023-03-14T18:18:42","slug":"gerente-del-hospital-materno-se-reune-con-los-coordinadores-de-los-centros-de-salud-para-consolidar-plan-de-trabajo-2023","status":"publish","type":"post","link":"https:\/\/contrastes.com.co\/web\/2023\/03\/14\/gerente-del-hospital-materno-se-reune-con-los-coordinadores-de-los-centros-de-salud-para-consolidar-plan-de-trabajo-2023\/","title":{"rendered":"Gerente del Hospital Materno se re\u00fane con los coordinadores de los centros de salud para consolidar Plan de Trabajo 2023"},"content":{"rendered":"<p><strong>*Gerente del Hospital Materno se re\u00fane con los coordinadores de los centros de salud para consolidar Plan de Trabajo 2023<\/strong><\/p>\n<blockquote><p><strong>\u201cSe hace necesario consolidar l\u00edneas de acci\u00f3n y un Plan de Trabajo 2023, que busca un mejoramiento eficiente en la atenci\u00f3n para nuestros usuarios, ellos son nuestra raz\u00f3n de ser y no seremos inferiores al reto, de prestar un servicio con calidad y mejor oportunidad para ellos\u201d, Anselmo Hoyos Franco, gerente del Hospital Materno Infantil de Soledad.<\/strong><\/p><\/blockquote>\n<p><img decoding=\"async\" class=\"alignleft  wp-image-8529\" src=\"https:\/\/contrastes.com.co\/digital\/wp-content\/uploads\/2022\/03\/e-capitular.png\" alt=\"e capitular\" width=\"76\" height=\"76\" \/>n reuni\u00f3n con los <strong>Coordinadores o gestores hospitalarios<\/strong> de los diferentes centros de la <strong>E.S.E. Hospital Materno Infantil Ciudadela Metropolitana de Soledad,<\/strong> el gerente de la instituci\u00f3n <strong>Anselmo Hoyos Franco<\/strong>, junto con el <strong>subgerente Cient\u00edfico, \u00c1lex Pel\u00e1ez De la Hoz,<\/strong> definieron gran parte del <strong>Plan de Trabajo 2023,<\/strong> que busca consolidar una mejor atenci\u00f3n para los usuarios en cada una de las sedes.<\/p>\n<p>El<strong> Hospital Materno Infantil de Soledad<\/strong>, cuenta en la actualidad con diez sedes e igual n\u00famero de gestores hospitalarios, que est\u00e1n estrat\u00e9gicamente ubicados en diferentes sectores de la municipalidad, facilitando as\u00ed, el acceso de los usuarios con cada uno de los centros. Tres de los diez centros adscritos al Hospital Materno Infantil, cuentan con el servicio de urgencias las 24 horas, <strong>Ciudadela Metropolitana, La Central y la sede 13 de Junio.<\/strong><\/p>\n<p>Dentro de los prop\u00f3sitos o l\u00edneas de acci\u00f3n expuestas en dicha reuni\u00f3n, se encuentran: el mejoramiento significativo en la atenci\u00f3n a los usuarios en todas las sedes, la aplicabilidad del Nuevo Modelo de Atenci\u00f3n, Promoci\u00f3n y Mantenimiento de la Salud, contemplado en la Ley 3280, las acciones de mejora en la oportunidad para los usuarios, atenci\u00f3n con calidad y seguridad del paciente, entre otros aspectos que van encaminados para beneficio de toda la poblaci\u00f3n.<\/p>\n<p>\u201cSe hace necesario consolidar l\u00edneas de acci\u00f3n y un <strong>Plan de Trabajo 2023<\/strong>, que busca un mejoramiento eficiente en la atenci\u00f3n para nuestros usuarios, ellos son nuestra raz\u00f3n de ser y no seremos inferiores al reto, de prestar un servicio con calidad y mejor oportunidad para ellos\u201d, indic\u00f3, Anselmo Hoyos Franco, gerente del Hospital Materno Infantil de Soledad.<\/p>\n<p>De la misma manera, el <strong>subgerente Cient\u00edfico de la Instituci\u00f3n, \u00c0lex Pel\u00e1ez De la Hoz<\/strong>, se mostr\u00f3 complacido por la receptividad y disposici\u00f3n mostrada por los diferentes coordinadores o gestores hospitalarios de los centros de Salud de la E.S.E., para trabajar entre todos en el mejoramiento de la prestaci\u00f3n de los servicios de salud y las condiciones de cada una de las sedes, para el beneficio del personal que all\u00ed labora y de la poblaci\u00f3n que recibe\u00a0la\u00a0atenci\u00f3n.<\/p>\n","protected":false},"excerpt":{"rendered":"<p>En reuni\u00f3n con los Coordinadores o gestores hospitalarios de los diferentes centros de la E.S.E. Hospital Materno Infantil Ciudadela Metropolitana de Soledad, el gerente de la instituci\u00f3n Anselmo Hoyos Franco, junto con el subgerente Cient\u00edfico, \u00c1lex Pel\u00e1ez De la Hoz, definieron gran parte del Plan de Trabajo 2023, que busca consolidar una mejor atenci\u00f3n para los usuarios en cada una de las sedes.<\/p>\n","protected":false},"author":1,"featured_media":13597,"comment_status":"open","ping_status":"open","sticky":false,"template":"","format":"standard","meta":{"footnotes":""},"categories":[23,33,25,4940],"tags":[8751,8771,1338,51,8772,8773],"class_list":["post-13596","post","type-post","status-publish","format-standard","has-post-thumbnail","hentry","category-locales","category-politicas-publicas","category-salud","category-television-web","tag-alex-pelaez-de-la-hoz","tag-coordinadores-o-gestores-hospitalarios","tag-ese-hospital-materno-infantil-de-soledad","tag-municipio-de-soledad","tag-plan-de-trabajo-2023","tag-subgerente-cientifico-de-la-institucion"],"yoast_head":"<!-- This site is optimized with the Yoast SEO plugin v27.7 - https:\/\/yoast.com\/product\/yoast-seo-wordpress\/ -->\n<title>Gerente del Hospital Materno se re\u00fane con los coordinadores de los centros de salud para consolidar Plan de Trabajo 2023 - Constrastes<\/title>\n<meta name=\"description\" content=\"En reuni\u00f3n con los Coordinadores o gestores hospitalarios de los diferentes centros de la E.S.E. Hospital Materno Infantil Ciudadela Metropolitana de Soledad, el gerente de la instituci\u00f3n Anselmo Hoyos Franco, junto con el subgerente Cient\u00edfico, \u00c1lex Pel\u00e1ez De la Hoz, definieron gran parte del Plan de Trabajo 2023, que busca consolidar una mejor atenci\u00f3n para los usuarios en cada una de las sedes.\" \/>\n<meta name=\"robots\" content=\"index, follow, max-snippet:-1, max-image-preview:large, max-video-preview:-1\" \/>\n<link rel=\"canonical\" href=\"https:\/\/contrastes.com.co\/web\/2023\/03\/14\/gerente-del-hospital-materno-se-reune-con-los-coordinadores-de-los-centros-de-salud-para-consolidar-plan-de-trabajo-2023\/\" \/>\n<meta property=\"og:locale\" content=\"es_ES\" \/>\n<meta property=\"og:type\" content=\"article\" \/>\n<meta property=\"og:title\" content=\"Gerente del Hospital Materno se re\u00fane con los coordinadores de los centros de salud para consolidar Plan de Trabajo 2023 - Constrastes\" \/>\n<meta property=\"og:description\" content=\"En reuni\u00f3n con los Coordinadores o gestores hospitalarios de los diferentes centros de la E.S.E. Hospital Materno Infantil Ciudadela Metropolitana de Soledad, el gerente de la instituci\u00f3n Anselmo Hoyos Franco, junto con el subgerente Cient\u00edfico, \u00c1lex Pel\u00e1ez De la Hoz, definieron gran parte del Plan de Trabajo 2023, que busca consolidar una mejor atenci\u00f3n para los usuarios en cada una de las sedes.\" \/>\n<meta property=\"og:url\" content=\"https:\/\/contrastes.com.co\/web\/2023\/03\/14\/gerente-del-hospital-materno-se-reune-con-los-coordinadores-de-los-centros-de-salud-para-consolidar-plan-de-trabajo-2023\/\" \/>\n<meta property=\"og:site_name\" content=\"Constrastes\" \/>\n<meta property=\"article:publisher\" content=\"https:\/\/www.facebook.com\/guillo.pantoja.1\" \/>\n<meta property=\"article:published_time\" content=\"2023-03-14T18:18:42+00:00\" \/>\n<meta name=\"author\" content=\"Editor\" \/>\n<meta name=\"twitter:card\" content=\"summary_large_image\" \/>\n<meta name=\"twitter:label1\" content=\"Escrito por\" \/>\n\t<meta name=\"twitter:data1\" content=\"Editor\" \/>\n\t<meta name=\"twitter:label2\" content=\"Tiempo de lectura\" \/>\n\t<meta name=\"twitter:data2\" content=\"2 minutos\" \/>\n<script type=\"application\/ld+json\" class=\"yoast-schema-graph\">{\"@context\":\"https:\\\/\\\/schema.org\",\"@graph\":[{\"@type\":\"Article\",\"@id\":\"https:\\\/\\\/contrastes.com.co\\\/web\\\/2023\\\/03\\\/14\\\/gerente-del-hospital-materno-se-reune-con-los-coordinadores-de-los-centros-de-salud-para-consolidar-plan-de-trabajo-2023\\\/#article\",\"isPartOf\":{\"@id\":\"https:\\\/\\\/contrastes.com.co\\\/web\\\/2023\\\/03\\\/14\\\/gerente-del-hospital-materno-se-reune-con-los-coordinadores-de-los-centros-de-salud-para-consolidar-plan-de-trabajo-2023\\\/\"},\"author\":{\"name\":\"Editor\",\"@id\":\"https:\\\/\\\/contrastes.com.co\\\/web\\\/#\\\/schema\\\/person\\\/62ef7a62dc4da6de450c71fc2e95ed02\"},\"headline\":\"Gerente del Hospital Materno se re\u00fane con los coordinadores de los centros de salud para consolidar Plan de Trabajo 2023\",\"datePublished\":\"2023-03-14T18:18:42+00:00\",\"mainEntityOfPage\":{\"@id\":\"https:\\\/\\\/contrastes.com.co\\\/web\\\/2023\\\/03\\\/14\\\/gerente-del-hospital-materno-se-reune-con-los-coordinadores-de-los-centros-de-salud-para-consolidar-plan-de-trabajo-2023\\\/\"},\"wordCount\":472,\"commentCount\":0,\"publisher\":{\"@id\":\"https:\\\/\\\/contrastes.com.co\\\/web\\\/#organization\"},\"image\":{\"@id\":\"https:\\\/\\\/contrastes.com.co\\\/web\\\/2023\\\/03\\\/14\\\/gerente-del-hospital-materno-se-reune-con-los-coordinadores-de-los-centros-de-salud-para-consolidar-plan-de-trabajo-2023\\\/#primaryimage\"},\"thumbnailUrl\":\"\",\"keywords\":[\"\u00c1lex Pel\u00e1ez De la Hoz\",\"Coordinadores o gestores hospitalarios\",\"ESE Hospital Materno Infantil de Soledad\",\"municipio de soledad\",\"Plan de Trabajo 2023\",\"subgerente Cient\u00edfico de la Instituci\u00f3n\"],\"articleSection\":[\"Locales\",\"Pol\u00edticas P\u00fablicas\",\"Salud\",\"Televisi\u00f3n-Web\"],\"inLanguage\":\"es\",\"potentialAction\":[{\"@type\":\"CommentAction\",\"name\":\"Comment\",\"target\":[\"https:\\\/\\\/contrastes.com.co\\\/web\\\/2023\\\/03\\\/14\\\/gerente-del-hospital-materno-se-reune-con-los-coordinadores-de-los-centros-de-salud-para-consolidar-plan-de-trabajo-2023\\\/#respond\"]}]},{\"@type\":\"WebPage\",\"@id\":\"https:\\\/\\\/contrastes.com.co\\\/web\\\/2023\\\/03\\\/14\\\/gerente-del-hospital-materno-se-reune-con-los-coordinadores-de-los-centros-de-salud-para-consolidar-plan-de-trabajo-2023\\\/\",\"url\":\"https:\\\/\\\/contrastes.com.co\\\/web\\\/2023\\\/03\\\/14\\\/gerente-del-hospital-materno-se-reune-con-los-coordinadores-de-los-centros-de-salud-para-consolidar-plan-de-trabajo-2023\\\/\",\"name\":\"Gerente del Hospital Materno se re\u00fane con los coordinadores de los centros de salud para consolidar Plan de Trabajo 2023 - Constrastes\",\"isPartOf\":{\"@id\":\"https:\\\/\\\/contrastes.com.co\\\/web\\\/#website\"},\"primaryImageOfPage\":{\"@id\":\"https:\\\/\\\/contrastes.com.co\\\/web\\\/2023\\\/03\\\/14\\\/gerente-del-hospital-materno-se-reune-con-los-coordinadores-de-los-centros-de-salud-para-consolidar-plan-de-trabajo-2023\\\/#primaryimage\"},\"image\":{\"@id\":\"https:\\\/\\\/contrastes.com.co\\\/web\\\/2023\\\/03\\\/14\\\/gerente-del-hospital-materno-se-reune-con-los-coordinadores-de-los-centros-de-salud-para-consolidar-plan-de-trabajo-2023\\\/#primaryimage\"},\"thumbnailUrl\":\"\",\"datePublished\":\"2023-03-14T18:18:42+00:00\",\"description\":\"En reuni\u00f3n con los Coordinadores o gestores hospitalarios de los diferentes centros de la E.S.E. Hospital Materno Infantil Ciudadela Metropolitana de Soledad, el gerente de la instituci\u00f3n Anselmo Hoyos Franco, junto con el subgerente Cient\u00edfico, \u00c1lex Pel\u00e1ez De la Hoz, definieron gran parte del Plan de Trabajo 2023, que busca consolidar una mejor atenci\u00f3n para los usuarios en cada una de las sedes.\",\"breadcrumb\":{\"@id\":\"https:\\\/\\\/contrastes.com.co\\\/web\\\/2023\\\/03\\\/14\\\/gerente-del-hospital-materno-se-reune-con-los-coordinadores-de-los-centros-de-salud-para-consolidar-plan-de-trabajo-2023\\\/#breadcrumb\"},\"inLanguage\":\"es\",\"potentialAction\":[{\"@type\":\"ReadAction\",\"target\":[\"https:\\\/\\\/contrastes.com.co\\\/web\\\/2023\\\/03\\\/14\\\/gerente-del-hospital-materno-se-reune-con-los-coordinadores-de-los-centros-de-salud-para-consolidar-plan-de-trabajo-2023\\\/\"]}]},{\"@type\":\"ImageObject\",\"inLanguage\":\"es\",\"@id\":\"https:\\\/\\\/contrastes.com.co\\\/web\\\/2023\\\/03\\\/14\\\/gerente-del-hospital-materno-se-reune-con-los-coordinadores-de-los-centros-de-salud-para-consolidar-plan-de-trabajo-2023\\\/#primaryimage\",\"url\":\"\",\"contentUrl\":\"\"},{\"@type\":\"BreadcrumbList\",\"@id\":\"https:\\\/\\\/contrastes.com.co\\\/web\\\/2023\\\/03\\\/14\\\/gerente-del-hospital-materno-se-reune-con-los-coordinadores-de-los-centros-de-salud-para-consolidar-plan-de-trabajo-2023\\\/#breadcrumb\",\"itemListElement\":[{\"@type\":\"ListItem\",\"position\":1,\"name\":\"Portada\",\"item\":\"https:\\\/\\\/contrastes.com.co\\\/web\\\/\"},{\"@type\":\"ListItem\",\"position\":2,\"name\":\"Gerente del Hospital Materno se re\u00fane con los coordinadores de los centros de salud para consolidar Plan de Trabajo 2023\"}]},{\"@type\":\"WebSite\",\"@id\":\"https:\\\/\\\/contrastes.com.co\\\/web\\\/#website\",\"url\":\"https:\\\/\\\/contrastes.com.co\\\/web\\\/\",\"name\":\"Contrastes\",\"description\":\"Periodismo de Conciencia\",\"publisher\":{\"@id\":\"https:\\\/\\\/contrastes.com.co\\\/web\\\/#organization\"},\"potentialAction\":[{\"@type\":\"SearchAction\",\"target\":{\"@type\":\"EntryPoint\",\"urlTemplate\":\"https:\\\/\\\/contrastes.com.co\\\/web\\\/?s={search_term_string}\"},\"query-input\":{\"@type\":\"PropertyValueSpecification\",\"valueRequired\":true,\"valueName\":\"search_term_string\"}}],\"inLanguage\":\"es\"},{\"@type\":\"Organization\",\"@id\":\"https:\\\/\\\/contrastes.com.co\\\/web\\\/#organization\",\"name\":\"Contrastes\",\"url\":\"https:\\\/\\\/contrastes.com.co\\\/web\\\/\",\"logo\":{\"@type\":\"ImageObject\",\"inLanguage\":\"es\",\"@id\":\"https:\\\/\\\/contrastes.com.co\\\/web\\\/#\\\/schema\\\/logo\\\/image\\\/\",\"url\":\"https:\\\/\\\/contrastes.com.co\\\/web\\\/wp-content\\\/uploads\\\/2025\\\/04\\\/15CONTRASTES3.png\",\"contentUrl\":\"https:\\\/\\\/contrastes.com.co\\\/web\\\/wp-content\\\/uploads\\\/2025\\\/04\\\/15CONTRASTES3.png\",\"width\":1536,\"height\":231,\"caption\":\"Contrastes\"},\"image\":{\"@id\":\"https:\\\/\\\/contrastes.com.co\\\/web\\\/#\\\/schema\\\/logo\\\/image\\\/\"},\"sameAs\":[\"https:\\\/\\\/www.facebook.com\\\/guillo.pantoja.1\"]},{\"@type\":\"Person\",\"@id\":\"https:\\\/\\\/contrastes.com.co\\\/web\\\/#\\\/schema\\\/person\\\/62ef7a62dc4da6de450c71fc2e95ed02\",\"name\":\"Editor\",\"image\":{\"@type\":\"ImageObject\",\"inLanguage\":\"es\",\"@id\":\"https:\\\/\\\/secure.gravatar.com\\\/avatar\\\/7bbb4f718d74bbf600dc556253bb04fd7ac8593751d6e2e3b85432d98aefae80?s=96&d=mm&r=g\",\"url\":\"https:\\\/\\\/secure.gravatar.com\\\/avatar\\\/7bbb4f718d74bbf600dc556253bb04fd7ac8593751d6e2e3b85432d98aefae80?s=96&d=mm&r=g\",\"contentUrl\":\"https:\\\/\\\/secure.gravatar.com\\\/avatar\\\/7bbb4f718d74bbf600dc556253bb04fd7ac8593751d6e2e3b85432d98aefae80?s=96&d=mm&r=g\",\"caption\":\"Editor\"},\"sameAs\":[\"https:\\\/\\\/contrastes.com.co\\\/web\"],\"url\":\"https:\\\/\\\/contrastes.com.co\\\/web\\\/author\\\/jdbobadilla\\\/\"}]}<\/script>\n<!-- \/ Yoast SEO plugin. -->","yoast_head_json":{"title":"Gerente del Hospital Materno se re\u00fane con los coordinadores de los centros de salud para consolidar Plan de Trabajo 2023 - Constrastes","description":"En reuni\u00f3n con los Coordinadores o gestores hospitalarios de los diferentes centros de la E.S.E. Hospital Materno Infantil Ciudadela Metropolitana de Soledad, el gerente de la instituci\u00f3n Anselmo Hoyos Franco, junto con el subgerente Cient\u00edfico, \u00c1lex Pel\u00e1ez De la Hoz, definieron gran parte del Plan de Trabajo 2023, que busca consolidar una mejor atenci\u00f3n para los usuarios en cada una de las sedes.","robots":{"index":"index","follow":"follow","max-snippet":"max-snippet:-1","max-image-preview":"max-image-preview:large","max-video-preview":"max-video-preview:-1"},"canonical":"https:\/\/contrastes.com.co\/web\/2023\/03\/14\/gerente-del-hospital-materno-se-reune-con-los-coordinadores-de-los-centros-de-salud-para-consolidar-plan-de-trabajo-2023\/","og_locale":"es_ES","og_type":"article","og_title":"Gerente del Hospital Materno se re\u00fane con los coordinadores de los centros de salud para consolidar Plan de Trabajo 2023 - Constrastes","og_description":"En reuni\u00f3n con los Coordinadores o gestores hospitalarios de los diferentes centros de la E.S.E. Hospital Materno Infantil Ciudadela Metropolitana de Soledad, el gerente de la instituci\u00f3n Anselmo Hoyos Franco, junto con el subgerente Cient\u00edfico, \u00c1lex Pel\u00e1ez De la Hoz, definieron gran parte del Plan de Trabajo 2023, que busca consolidar una mejor atenci\u00f3n para los usuarios en cada una de las sedes.","og_url":"https:\/\/contrastes.com.co\/web\/2023\/03\/14\/gerente-del-hospital-materno-se-reune-con-los-coordinadores-de-los-centros-de-salud-para-consolidar-plan-de-trabajo-2023\/","og_site_name":"Constrastes","article_publisher":"https:\/\/www.facebook.com\/guillo.pantoja.1","article_published_time":"2023-03-14T18:18:42+00:00","author":"Editor","twitter_card":"summary_large_image","twitter_misc":{"Escrito por":"Editor","Tiempo de lectura":"2 minutos"},"schema":{"@context":"https:\/\/schema.org","@graph":[{"@type":"Article","@id":"https:\/\/contrastes.com.co\/web\/2023\/03\/14\/gerente-del-hospital-materno-se-reune-con-los-coordinadores-de-los-centros-de-salud-para-consolidar-plan-de-trabajo-2023\/#article","isPartOf":{"@id":"https:\/\/contrastes.com.co\/web\/2023\/03\/14\/gerente-del-hospital-materno-se-reune-con-los-coordinadores-de-los-centros-de-salud-para-consolidar-plan-de-trabajo-2023\/"},"author":{"name":"Editor","@id":"https:\/\/contrastes.com.co\/web\/#\/schema\/person\/62ef7a62dc4da6de450c71fc2e95ed02"},"headline":"Gerente del Hospital Materno se re\u00fane con los coordinadores de los centros de salud para consolidar Plan de Trabajo 2023","datePublished":"2023-03-14T18:18:42+00:00","mainEntityOfPage":{"@id":"https:\/\/contrastes.com.co\/web\/2023\/03\/14\/gerente-del-hospital-materno-se-reune-con-los-coordinadores-de-los-centros-de-salud-para-consolidar-plan-de-trabajo-2023\/"},"wordCount":472,"commentCount":0,"publisher":{"@id":"https:\/\/contrastes.com.co\/web\/#organization"},"image":{"@id":"https:\/\/contrastes.com.co\/web\/2023\/03\/14\/gerente-del-hospital-materno-se-reune-con-los-coordinadores-de-los-centros-de-salud-para-consolidar-plan-de-trabajo-2023\/#primaryimage"},"thumbnailUrl":"","keywords":["\u00c1lex Pel\u00e1ez De la Hoz","Coordinadores o gestores hospitalarios","ESE Hospital Materno Infantil de Soledad","municipio de soledad","Plan de Trabajo 2023","subgerente Cient\u00edfico de la Instituci\u00f3n"],"articleSection":["Locales","Pol\u00edticas P\u00fablicas","Salud","Televisi\u00f3n-Web"],"inLanguage":"es","potentialAction":[{"@type":"CommentAction","name":"Comment","target":["https:\/\/contrastes.com.co\/web\/2023\/03\/14\/gerente-del-hospital-materno-se-reune-con-los-coordinadores-de-los-centros-de-salud-para-consolidar-plan-de-trabajo-2023\/#respond"]}]},{"@type":"WebPage","@id":"https:\/\/contrastes.com.co\/web\/2023\/03\/14\/gerente-del-hospital-materno-se-reune-con-los-coordinadores-de-los-centros-de-salud-para-consolidar-plan-de-trabajo-2023\/","url":"https:\/\/contrastes.com.co\/web\/2023\/03\/14\/gerente-del-hospital-materno-se-reune-con-los-coordinadores-de-los-centros-de-salud-para-consolidar-plan-de-trabajo-2023\/","name":"Gerente del Hospital Materno se re\u00fane con los coordinadores de los centros de salud para consolidar Plan de Trabajo 2023 - Constrastes","isPartOf":{"@id":"https:\/\/contrastes.com.co\/web\/#website"},"primaryImageOfPage":{"@id":"https:\/\/contrastes.com.co\/web\/2023\/03\/14\/gerente-del-hospital-materno-se-reune-con-los-coordinadores-de-los-centros-de-salud-para-consolidar-plan-de-trabajo-2023\/#primaryimage"},"image":{"@id":"https:\/\/contrastes.com.co\/web\/2023\/03\/14\/gerente-del-hospital-materno-se-reune-con-los-coordinadores-de-los-centros-de-salud-para-consolidar-plan-de-trabajo-2023\/#primaryimage"},"thumbnailUrl":"","datePublished":"2023-03-14T18:18:42+00:00","description":"En reuni\u00f3n con los Coordinadores o gestores hospitalarios de los diferentes centros de la E.S.E. Hospital Materno Infantil Ciudadela Metropolitana de Soledad, el gerente de la instituci\u00f3n Anselmo Hoyos Franco, junto con el subgerente Cient\u00edfico, \u00c1lex Pel\u00e1ez De la Hoz, definieron gran parte del Plan de Trabajo 2023, que busca consolidar una mejor atenci\u00f3n para los usuarios en cada una de las sedes.","breadcrumb":{"@id":"https:\/\/contrastes.com.co\/web\/2023\/03\/14\/gerente-del-hospital-materno-se-reune-con-los-coordinadores-de-los-centros-de-salud-para-consolidar-plan-de-trabajo-2023\/#breadcrumb"},"inLanguage":"es","potentialAction":[{"@type":"ReadAction","target":["https:\/\/contrastes.com.co\/web\/2023\/03\/14\/gerente-del-hospital-materno-se-reune-con-los-coordinadores-de-los-centros-de-salud-para-consolidar-plan-de-trabajo-2023\/"]}]},{"@type":"ImageObject","inLanguage":"es","@id":"https:\/\/contrastes.com.co\/web\/2023\/03\/14\/gerente-del-hospital-materno-se-reune-con-los-coordinadores-de-los-centros-de-salud-para-consolidar-plan-de-trabajo-2023\/#primaryimage","url":"","contentUrl":""},{"@type":"BreadcrumbList","@id":"https:\/\/contrastes.com.co\/web\/2023\/03\/14\/gerente-del-hospital-materno-se-reune-con-los-coordinadores-de-los-centros-de-salud-para-consolidar-plan-de-trabajo-2023\/#breadcrumb","itemListElement":[{"@type":"ListItem","position":1,"name":"Portada","item":"https:\/\/contrastes.com.co\/web\/"},{"@type":"ListItem","position":2,"name":"Gerente del Hospital Materno se re\u00fane con los coordinadores de los centros de salud para consolidar Plan de Trabajo 2023"}]},{"@type":"WebSite","@id":"https:\/\/contrastes.com.co\/web\/#website","url":"https:\/\/contrastes.com.co\/web\/","name":"Contrastes","description":"Periodismo de Conciencia","publisher":{"@id":"https:\/\/contrastes.com.co\/web\/#organization"},"potentialAction":[{"@type":"SearchAction","target":{"@type":"EntryPoint","urlTemplate":"https:\/\/contrastes.com.co\/web\/?s={search_term_string}"},"query-input":{"@type":"PropertyValueSpecification","valueRequired":true,"valueName":"search_term_string"}}],"inLanguage":"es"},{"@type":"Organization","@id":"https:\/\/contrastes.com.co\/web\/#organization","name":"Contrastes","url":"https:\/\/contrastes.com.co\/web\/","logo":{"@type":"ImageObject","inLanguage":"es","@id":"https:\/\/contrastes.com.co\/web\/#\/schema\/logo\/image\/","url":"https:\/\/contrastes.com.co\/web\/wp-content\/uploads\/2025\/04\/15CONTRASTES3.png","contentUrl":"https:\/\/contrastes.com.co\/web\/wp-content\/uploads\/2025\/04\/15CONTRASTES3.png","width":1536,"height":231,"caption":"Contrastes"},"image":{"@id":"https:\/\/contrastes.com.co\/web\/#\/schema\/logo\/image\/"},"sameAs":["https:\/\/www.facebook.com\/guillo.pantoja.1"]},{"@type":"Person","@id":"https:\/\/contrastes.com.co\/web\/#\/schema\/person\/62ef7a62dc4da6de450c71fc2e95ed02","name":"Editor","image":{"@type":"ImageObject","inLanguage":"es","@id":"https:\/\/secure.gravatar.com\/avatar\/7bbb4f718d74bbf600dc556253bb04fd7ac8593751d6e2e3b85432d98aefae80?s=96&d=mm&r=g","url":"https:\/\/secure.gravatar.com\/avatar\/7bbb4f718d74bbf600dc556253bb04fd7ac8593751d6e2e3b85432d98aefae80?s=96&d=mm&r=g","contentUrl":"https:\/\/secure.gravatar.com\/avatar\/7bbb4f718d74bbf600dc556253bb04fd7ac8593751d6e2e3b85432d98aefae80?s=96&d=mm&r=g","caption":"Editor"},"sameAs":["https:\/\/contrastes.com.co\/web"],"url":"https:\/\/contrastes.com.co\/web\/author\/jdbobadilla\/"}]}},"blog_post_layout_featured_media_urls":{"thumbnail":"","full":""},"categories_names":{"23":{"name":"Locales","link":"https:\/\/contrastes.com.co\/web\/category\/locales\/"},"33":{"name":"Pol\u00edticas P\u00fablicas","link":"https:\/\/contrastes.com.co\/web\/category\/politicas-publicas\/"},"25":{"name":"Salud","link":"https:\/\/contrastes.com.co\/web\/category\/salud\/"},"4940":{"name":"Televisi\u00f3n-Web","link":"https:\/\/contrastes.com.co\/web\/category\/television-web\/"}},"tags_names":{"8751":{"name":"\u00c1lex Pel\u00e1ez De la Hoz","link":"https:\/\/contrastes.com.co\/web\/tag\/alex-pelaez-de-la-hoz\/"},"8771":{"name":"Coordinadores o gestores hospitalarios","link":"https:\/\/contrastes.com.co\/web\/tag\/coordinadores-o-gestores-hospitalarios\/"},"1338":{"name":"ESE Hospital Materno Infantil de Soledad","link":"https:\/\/contrastes.com.co\/web\/tag\/ese-hospital-materno-infantil-de-soledad\/"},"51":{"name":"municipio de soledad","link":"https:\/\/contrastes.com.co\/web\/tag\/municipio-de-soledad\/"},"8772":{"name":"Plan de Trabajo 2023","link":"https:\/\/contrastes.com.co\/web\/tag\/plan-de-trabajo-2023\/"},"8773":{"name":"subgerente Cient\u00edfico de la Instituci\u00f3n","link":"https:\/\/contrastes.com.co\/web\/tag\/subgerente-cientifico-de-la-institucion\/"}},"comments_number":"0","wpmagazine_modules_lite_featured_media_urls":{"thumbnail":"","cvmm-medium":"","cvmm-medium-plus":"","cvmm-portrait":"","cvmm-medium-square":"","cvmm-large":"","cvmm-small":"","full":""},"_links":{"self":[{"href":"https:\/\/contrastes.com.co\/web\/wp-json\/wp\/v2\/posts\/13596","targetHints":{"allow":["GET"]}}],"collection":[{"href":"https:\/\/contrastes.com.co\/web\/wp-json\/wp\/v2\/posts"}],"about":[{"href":"https:\/\/contrastes.com.co\/web\/wp-json\/wp\/v2\/types\/post"}],"author":[{"embeddable":true,"href":"https:\/\/contrastes.com.co\/web\/wp-json\/wp\/v2\/users\/1"}],"replies":[{"embeddable":true,"href":"https:\/\/contrastes.com.co\/web\/wp-json\/wp\/v2\/comments?post=13596"}],"version-history":[{"count":0,"href":"https:\/\/contrastes.com.co\/web\/wp-json\/wp\/v2\/posts\/13596\/revisions"}],"wp:attachment":[{"href":"https:\/\/contrastes.com.co\/web\/wp-json\/wp\/v2\/media?parent=13596"}],"wp:term":[{"taxonomy":"category","embeddable":true,"href":"https:\/\/contrastes.com.co\/web\/wp-json\/wp\/v2\/categories?post=13596"},{"taxonomy":"post_tag","embeddable":true,"href":"https:\/\/contrastes.com.co\/web\/wp-json\/wp\/v2\/tags?post=13596"}],"curies":[{"name":"wp","href":"https:\/\/api.w.org\/{rel}","templated":true}]}}