{"id":13948,"date":"2023-04-25T21:07:43","date_gmt":"2023-04-26T02:07:43","guid":{"rendered":"https:\/\/contrastes.com.co\/digital\/?p=13948"},"modified":"2023-04-25T21:07:43","modified_gmt":"2023-04-26T02:07:43","slug":"con-10-votos-se-aprobo-informe-de-la-ponencia-de-la-reforma-a-la-salud-en-la-camara-de-representantes","status":"publish","type":"post","link":"https:\/\/contrastes.com.co\/web\/2023\/04\/25\/con-10-votos-se-aprobo-informe-de-la-ponencia-de-la-reforma-a-la-salud-en-la-camara-de-representantes\/","title":{"rendered":"Con 10 votos se aprob\u00f3 informe de la ponencia de la Reforma a la Salud en la C\u00e1mara de Representantes"},"content":{"rendered":"<p><strong>*Con 10 votos se aprob\u00f3 informe de la ponencia de la Reforma a la Salud en la C\u00e1mara de Representantes<\/strong><\/p>\n<blockquote><p><strong>La Comisi\u00f3n S\u00e9ptima de la C\u00e1mara de Representantes vot\u00f3 con 10 votos a favor y 8 en contra la ponencia de reforma a la salud que radic\u00f3 el Gobierno.<\/strong><\/p><\/blockquote>\n<p><img decoding=\"async\" class=\"alignleft  wp-image-8518\" src=\"https:\/\/contrastes.com.co\/digital\/wp-content\/uploads\/2022\/03\/c-capitular.png\" alt=\"c capitular\" width=\"65\" height=\"65\" \/>on 10 votos a favor y 8 en contra, la <strong>Comisi\u00f3n S\u00e9ptima de la C\u00e1mara de Representantes<\/strong> aprob\u00f3 discutir la ponencia de la reforma a la salud que present\u00f3 el Gobierno. Ahora los partidos empezar\u00e1n a discutir punto por punto los art\u00edculos del proyecto de ley que present\u00f3 el Gobierno del presidente Gustavo Petro, con el que se busca transformar la salud en Colombia.<\/p>\n<p>Una vez aprobada la ponencia, la <strong>ministra de Salud, Carolina Corcho<\/strong>, se pronunci\u00f3 y, a trav\u00e9s de su cuenta de Twitter, celebr\u00f3 la decisi\u00f3n de los representantes.<\/p>\n<p><iframe title=\"Reforma a la salud: d\u00eda clave para la votaci\u00f3n en primer debate\" width=\"640\" height=\"360\" src=\"https:\/\/www.youtube.com\/embed\/a4KOcuv_iWQ?feature=oembed\" frameborder=\"0\" allow=\"accelerometer; autoplay; clipboard-write; encrypted-media; gyroscope; picture-in-picture; web-share\" referrerpolicy=\"strict-origin-when-cross-origin\" allowfullscreen><\/iframe><\/p>\n<p>\u201cLa <strong>reforma de #SaludParaLaVida<\/strong> avanza con la aprobaci\u00f3n de su ponencia positiva en la Comisi\u00f3n S\u00e9ptima de la C\u00e1mara, con 10 votos a favor y 8 en contra. Este es un paso m\u00e1s hacia la garant\u00eda del derecho fundamental a la salud de los y las colombianas. \u00a1Seguimos avanzando!\u201d, public\u00f3 Corcho.<\/p>\n<p>En la votaci\u00f3n, varios representantes conservadores se abstuvieron de votar, mientras que en el liberalismo la \u00fanica en votar positivo fue la <strong>representante Mar\u00eda Eugenia Lopera<\/strong>, a quien la <strong>Comisi\u00f3n de \u00c9tica del Partido Liberal le abrir\u00eda investigaci\u00f3n, ya que no sigui\u00f3 las instrucciones del expresidente C\u00e9sar Gaviria.<\/strong><\/p>\n<p>\u201cHoy voy a dormir tranquila y cuando regrese a Medell\u00edn voy a mirar a los ojos a mi mam\u00e1 tranquila, porque lo hice a conciencia. (\u2026) Lo hice solo pensando en las personas de a pie, en los campesinos, en las personas que tienen que arrodillarse ante un sistema para que lo atiendan. No voy a ser m\u00e1s c\u00f3mplice de este sistema\u00bb, dijo la representante Lopera tras votar a favor de la ponencia del Gobierno.<\/p>\n<h3>Reforma a la salud ser\u00eda votada el mi\u00e9rcoles 26 de abril<\/h3>\n<p><strong>El presidente de la Comisi\u00f3n S\u00e9ptima de la C\u00e1mara de Representantes, Agmeth Escaf<\/strong> abri\u00f3 la votaci\u00f3n, en bloque, del articulado de la reforma. Al no haber cu\u00f3rum se levant\u00f3 la sesi\u00f3n y se reprogram\u00f3<\/p>\n<p>Luego de la votaci\u00f3n del informe de la ponencia, se radicaron dos constancias en la mesa directiva de la Comisi\u00f3n S\u00e9ptima. Una de estas es de la <strong>representante Katherine Miranda<\/strong>, que hizo presencia en el debate, dej\u00f3 una constancia sobre los vicios que tendr\u00eda el tr\u00e1mite del proyecto de reforma a la salud. La otra es del representante Forero.<\/p>\n<p>La representante Miranda advirti\u00f3: \u201cdejo constancia (de) que el tr\u00e1mite legislativo de este proyecto de ley tiene serios vicios\u201d. Las razones que expuso la representante son: primero, que se discutieron y votaron impedimentos cuando los miembros de la comisi\u00f3n se encontraron recusados en la primera sesi\u00f3n del primer debate el 18 de abril.<\/p>\n<p>La segunda raz\u00f3n, de la que dej\u00f3 constancia la representante Miranda, tiene que ver con que la <strong>ministra Carolina Corcho ha tenido injerencia en el tr\u00e1mite legislativo<\/strong>, lo que a juicio de la representante, \u201cviola la divisi\u00f3n de poderes\u201d, sustent\u00e1ndose en el art\u00edculo 113 de la Constituci\u00f3n que prev\u00e9 esta divisi\u00f3n de los poderes estatales.<\/p>\n<p>Tambi\u00e9n advirti\u00f3 que seg\u00fan la ley quinta, que rige el funcionamiento del Legislativo, la exposici\u00f3n del informe de ponencia es solo responsabilidad del coordinador ponente y \u201cno contempla colaboraci\u00f3n alguna entre el Legislativo y el Ejecutivo\u201d. Para la representante Miranda, las declaraciones de la ministra Corcho, en medios de comunicaci\u00f3n, \u201chan tenido injerencia en la ponencia mayoritaria y la enmienda radicada sobre esta\u201d. Esto, a su juicio, \u201cesto es un grande atentado contra la democracia y separaci\u00f3n de poderes, lo cual puede generar vicios de procedimiento por violar la Constituci\u00f3n y el reglamento del Congreso de la Rep\u00fablica\u201d.<\/p>\n<p>La constancia del representante Forero tiene que ver con las garant\u00edas a la oposici\u00f3n. El representante advirti\u00f3 que se les han dado menos tiempos que al oficialismo y no se ha atendido a las propuestas de la oposici\u00f3n.<\/p>\n<p>La <strong>representante Carolina Arbel\u00e1ez<\/strong> que propuso, luego de conocerse el resultado de la votaci\u00f3n del informe de ponencia, que la votaci\u00f3n del articulado, cuando comience, se d\u00e9 art\u00edculo por art\u00edculo. Esta proposici\u00f3n fue votada y negada con 8 votos a favor contra 10 votos en contra. Al rechazarse la proposici\u00f3n, el representante Forero, dijo que esto demuestra que lo que se quiere es \u201cpupitrear\u201d la reforma e insisti\u00f3 en que se d\u00e9 garant\u00edas para la oposici\u00f3n.<\/p>\n","protected":false},"excerpt":{"rendered":"<p>Con 10 votos a favor y 8 en contra, la Comisi\u00f3n S\u00e9ptima de la C\u00e1mara de Representantes aprob\u00f3 discutir la ponencia de la reforma a la salud que present\u00f3 el Gobierno. Ahora los partidos empezar\u00e1n a discutir punto por punto los art\u00edculos del proyecto de ley que present\u00f3 el Gobierno del presidente Gustavo Petro, con el que se busca transformar la salud en Colombia.<\/p>\n","protected":false},"author":1,"featured_media":13949,"comment_status":"open","ping_status":"open","sticky":false,"template":"","format":"standard","meta":{"footnotes":""},"categories":[4789,101,203,25,4940],"tags":[9001,9002,227,6446,9003,607,6447,9004,8383,9005,9006],"class_list":["post-13948","post","type-post","status-publish","format-standard","has-post-thumbnail","hentry","category-congreso-de-la-republica","category-pais","category-politica","category-salud","category-television-web","tag-agmeth-escaf","tag-aprobado","tag-camara-de-representantes","tag-carolina-corcho","tag-comision-de-etica-del-partido-liberal","tag-congreso-de-la-republica","tag-ministra-de-salud","tag-presidente-de-la-comision-septima-de-la-camara-de-representantes","tag-reforma-a-la-salud","tag-representante-carolina-arbelaez","tag-representante-katherine-miranda"],"yoast_head":"<!-- This site is optimized with the Yoast SEO plugin v27.7 - https:\/\/yoast.com\/product\/yoast-seo-wordpress\/ -->\n<title>Con 10 votos se aprob\u00f3 informe de la ponencia de la Reforma a la Salud en la C\u00e1mara de Representantes - Constrastes<\/title>\n<meta name=\"description\" content=\"Con 10 votos a favor y 8 en contra, la Comisi\u00f3n S\u00e9ptima de la C\u00e1mara de Representantes aprob\u00f3 discutir la ponencia de la reforma a la salud que present\u00f3 el Gobierno. Ahora los partidos empezar\u00e1n a discutir punto por punto los art\u00edculos del proyecto de ley que present\u00f3 el Gobierno del presidente Gustavo Petro, con el que se busca transformar la salud en Colombia.\" \/>\n<meta name=\"robots\" content=\"index, follow, max-snippet:-1, max-image-preview:large, max-video-preview:-1\" \/>\n<link rel=\"canonical\" href=\"https:\/\/contrastes.com.co\/web\/2023\/04\/25\/con-10-votos-se-aprobo-informe-de-la-ponencia-de-la-reforma-a-la-salud-en-la-camara-de-representantes\/\" \/>\n<meta property=\"og:locale\" content=\"es_ES\" \/>\n<meta property=\"og:type\" content=\"article\" \/>\n<meta property=\"og:title\" content=\"Con 10 votos se aprob\u00f3 informe de la ponencia de la Reforma a la Salud en la C\u00e1mara de Representantes - Constrastes\" \/>\n<meta property=\"og:description\" content=\"Con 10 votos a favor y 8 en contra, la Comisi\u00f3n S\u00e9ptima de la C\u00e1mara de Representantes aprob\u00f3 discutir la ponencia de la reforma a la salud que present\u00f3 el Gobierno. Ahora los partidos empezar\u00e1n a discutir punto por punto los art\u00edculos del proyecto de ley que present\u00f3 el Gobierno del presidente Gustavo Petro, con el que se busca transformar la salud en Colombia.\" \/>\n<meta property=\"og:url\" content=\"https:\/\/contrastes.com.co\/web\/2023\/04\/25\/con-10-votos-se-aprobo-informe-de-la-ponencia-de-la-reforma-a-la-salud-en-la-camara-de-representantes\/\" \/>\n<meta property=\"og:site_name\" content=\"Constrastes\" \/>\n<meta property=\"article:publisher\" content=\"https:\/\/www.facebook.com\/guillo.pantoja.1\" \/>\n<meta property=\"article:published_time\" content=\"2023-04-26T02:07:43+00:00\" \/>\n<meta name=\"author\" content=\"Editor\" \/>\n<meta name=\"twitter:card\" content=\"summary_large_image\" \/>\n<meta name=\"twitter:label1\" content=\"Escrito por\" \/>\n\t<meta name=\"twitter:data1\" content=\"Editor\" \/>\n\t<meta name=\"twitter:label2\" content=\"Tiempo de lectura\" \/>\n\t<meta name=\"twitter:data2\" content=\"4 minutos\" \/>\n<script type=\"application\/ld+json\" class=\"yoast-schema-graph\">{\"@context\":\"https:\\\/\\\/schema.org\",\"@graph\":[{\"@type\":\"Article\",\"@id\":\"https:\\\/\\\/contrastes.com.co\\\/web\\\/2023\\\/04\\\/25\\\/con-10-votos-se-aprobo-informe-de-la-ponencia-de-la-reforma-a-la-salud-en-la-camara-de-representantes\\\/#article\",\"isPartOf\":{\"@id\":\"https:\\\/\\\/contrastes.com.co\\\/web\\\/2023\\\/04\\\/25\\\/con-10-votos-se-aprobo-informe-de-la-ponencia-de-la-reforma-a-la-salud-en-la-camara-de-representantes\\\/\"},\"author\":{\"name\":\"Editor\",\"@id\":\"https:\\\/\\\/contrastes.com.co\\\/web\\\/#\\\/schema\\\/person\\\/62ef7a62dc4da6de450c71fc2e95ed02\"},\"headline\":\"Con 10 votos se aprob\u00f3 informe de la ponencia de la Reforma a la Salud en la C\u00e1mara de Representantes\",\"datePublished\":\"2023-04-26T02:07:43+00:00\",\"mainEntityOfPage\":{\"@id\":\"https:\\\/\\\/contrastes.com.co\\\/web\\\/2023\\\/04\\\/25\\\/con-10-votos-se-aprobo-informe-de-la-ponencia-de-la-reforma-a-la-salud-en-la-camara-de-representantes\\\/\"},\"wordCount\":825,\"commentCount\":0,\"publisher\":{\"@id\":\"https:\\\/\\\/contrastes.com.co\\\/web\\\/#organization\"},\"image\":{\"@id\":\"https:\\\/\\\/contrastes.com.co\\\/web\\\/2023\\\/04\\\/25\\\/con-10-votos-se-aprobo-informe-de-la-ponencia-de-la-reforma-a-la-salud-en-la-camara-de-representantes\\\/#primaryimage\"},\"thumbnailUrl\":\"\",\"keywords\":[\"Agmeth Escaf\",\"aprobado\",\"C\u00e1mara de Representantes\",\"Carolina Corcho\",\"Comisi\u00f3n de \u00c9tica del Partido Liberal\",\"Congreso de la Rep\u00fablica\",\"ministra de Salud\",\"presidente de la Comisi\u00f3n S\u00e9ptima de la C\u00e1mara de Representantes\",\"reforma a la salud\",\"representante Carolina Arbel\u00e1ez\",\"representante Katherine Miranda\"],\"articleSection\":[\"Congreso de la Rep\u00fablica\",\"Pa\u00eds\",\"Pol\u00edtica\",\"Salud\",\"Televisi\u00f3n-Web\"],\"inLanguage\":\"es\",\"potentialAction\":[{\"@type\":\"CommentAction\",\"name\":\"Comment\",\"target\":[\"https:\\\/\\\/contrastes.com.co\\\/web\\\/2023\\\/04\\\/25\\\/con-10-votos-se-aprobo-informe-de-la-ponencia-de-la-reforma-a-la-salud-en-la-camara-de-representantes\\\/#respond\"]}]},{\"@type\":\"WebPage\",\"@id\":\"https:\\\/\\\/contrastes.com.co\\\/web\\\/2023\\\/04\\\/25\\\/con-10-votos-se-aprobo-informe-de-la-ponencia-de-la-reforma-a-la-salud-en-la-camara-de-representantes\\\/\",\"url\":\"https:\\\/\\\/contrastes.com.co\\\/web\\\/2023\\\/04\\\/25\\\/con-10-votos-se-aprobo-informe-de-la-ponencia-de-la-reforma-a-la-salud-en-la-camara-de-representantes\\\/\",\"name\":\"Con 10 votos se aprob\u00f3 informe de la ponencia de la Reforma a la Salud en la C\u00e1mara de Representantes - Constrastes\",\"isPartOf\":{\"@id\":\"https:\\\/\\\/contrastes.com.co\\\/web\\\/#website\"},\"primaryImageOfPage\":{\"@id\":\"https:\\\/\\\/contrastes.com.co\\\/web\\\/2023\\\/04\\\/25\\\/con-10-votos-se-aprobo-informe-de-la-ponencia-de-la-reforma-a-la-salud-en-la-camara-de-representantes\\\/#primaryimage\"},\"image\":{\"@id\":\"https:\\\/\\\/contrastes.com.co\\\/web\\\/2023\\\/04\\\/25\\\/con-10-votos-se-aprobo-informe-de-la-ponencia-de-la-reforma-a-la-salud-en-la-camara-de-representantes\\\/#primaryimage\"},\"thumbnailUrl\":\"\",\"datePublished\":\"2023-04-26T02:07:43+00:00\",\"description\":\"Con 10 votos a favor y 8 en contra, la Comisi\u00f3n S\u00e9ptima de la C\u00e1mara de Representantes aprob\u00f3 discutir la ponencia de la reforma a la salud que present\u00f3 el Gobierno. Ahora los partidos empezar\u00e1n a discutir punto por punto los art\u00edculos del proyecto de ley que present\u00f3 el Gobierno del presidente Gustavo Petro, con el que se busca transformar la salud en Colombia.\",\"breadcrumb\":{\"@id\":\"https:\\\/\\\/contrastes.com.co\\\/web\\\/2023\\\/04\\\/25\\\/con-10-votos-se-aprobo-informe-de-la-ponencia-de-la-reforma-a-la-salud-en-la-camara-de-representantes\\\/#breadcrumb\"},\"inLanguage\":\"es\",\"potentialAction\":[{\"@type\":\"ReadAction\",\"target\":[\"https:\\\/\\\/contrastes.com.co\\\/web\\\/2023\\\/04\\\/25\\\/con-10-votos-se-aprobo-informe-de-la-ponencia-de-la-reforma-a-la-salud-en-la-camara-de-representantes\\\/\"]}]},{\"@type\":\"ImageObject\",\"inLanguage\":\"es\",\"@id\":\"https:\\\/\\\/contrastes.com.co\\\/web\\\/2023\\\/04\\\/25\\\/con-10-votos-se-aprobo-informe-de-la-ponencia-de-la-reforma-a-la-salud-en-la-camara-de-representantes\\\/#primaryimage\",\"url\":\"\",\"contentUrl\":\"\"},{\"@type\":\"BreadcrumbList\",\"@id\":\"https:\\\/\\\/contrastes.com.co\\\/web\\\/2023\\\/04\\\/25\\\/con-10-votos-se-aprobo-informe-de-la-ponencia-de-la-reforma-a-la-salud-en-la-camara-de-representantes\\\/#breadcrumb\",\"itemListElement\":[{\"@type\":\"ListItem\",\"position\":1,\"name\":\"Portada\",\"item\":\"https:\\\/\\\/contrastes.com.co\\\/web\\\/\"},{\"@type\":\"ListItem\",\"position\":2,\"name\":\"Con 10 votos se aprob\u00f3 informe de la ponencia de la Reforma a la Salud en la C\u00e1mara de Representantes\"}]},{\"@type\":\"WebSite\",\"@id\":\"https:\\\/\\\/contrastes.com.co\\\/web\\\/#website\",\"url\":\"https:\\\/\\\/contrastes.com.co\\\/web\\\/\",\"name\":\"Contrastes\",\"description\":\"Periodismo de Conciencia\",\"publisher\":{\"@id\":\"https:\\\/\\\/contrastes.com.co\\\/web\\\/#organization\"},\"potentialAction\":[{\"@type\":\"SearchAction\",\"target\":{\"@type\":\"EntryPoint\",\"urlTemplate\":\"https:\\\/\\\/contrastes.com.co\\\/web\\\/?s={search_term_string}\"},\"query-input\":{\"@type\":\"PropertyValueSpecification\",\"valueRequired\":true,\"valueName\":\"search_term_string\"}}],\"inLanguage\":\"es\"},{\"@type\":\"Organization\",\"@id\":\"https:\\\/\\\/contrastes.com.co\\\/web\\\/#organization\",\"name\":\"Contrastes\",\"url\":\"https:\\\/\\\/contrastes.com.co\\\/web\\\/\",\"logo\":{\"@type\":\"ImageObject\",\"inLanguage\":\"es\",\"@id\":\"https:\\\/\\\/contrastes.com.co\\\/web\\\/#\\\/schema\\\/logo\\\/image\\\/\",\"url\":\"https:\\\/\\\/contrastes.com.co\\\/web\\\/wp-content\\\/uploads\\\/2025\\\/04\\\/15CONTRASTES3.png\",\"contentUrl\":\"https:\\\/\\\/contrastes.com.co\\\/web\\\/wp-content\\\/uploads\\\/2025\\\/04\\\/15CONTRASTES3.png\",\"width\":1536,\"height\":231,\"caption\":\"Contrastes\"},\"image\":{\"@id\":\"https:\\\/\\\/contrastes.com.co\\\/web\\\/#\\\/schema\\\/logo\\\/image\\\/\"},\"sameAs\":[\"https:\\\/\\\/www.facebook.com\\\/guillo.pantoja.1\"]},{\"@type\":\"Person\",\"@id\":\"https:\\\/\\\/contrastes.com.co\\\/web\\\/#\\\/schema\\\/person\\\/62ef7a62dc4da6de450c71fc2e95ed02\",\"name\":\"Editor\",\"image\":{\"@type\":\"ImageObject\",\"inLanguage\":\"es\",\"@id\":\"https:\\\/\\\/secure.gravatar.com\\\/avatar\\\/7bbb4f718d74bbf600dc556253bb04fd7ac8593751d6e2e3b85432d98aefae80?s=96&d=mm&r=g\",\"url\":\"https:\\\/\\\/secure.gravatar.com\\\/avatar\\\/7bbb4f718d74bbf600dc556253bb04fd7ac8593751d6e2e3b85432d98aefae80?s=96&d=mm&r=g\",\"contentUrl\":\"https:\\\/\\\/secure.gravatar.com\\\/avatar\\\/7bbb4f718d74bbf600dc556253bb04fd7ac8593751d6e2e3b85432d98aefae80?s=96&d=mm&r=g\",\"caption\":\"Editor\"},\"sameAs\":[\"https:\\\/\\\/contrastes.com.co\\\/web\"],\"url\":\"https:\\\/\\\/contrastes.com.co\\\/web\\\/author\\\/jdbobadilla\\\/\"}]}<\/script>\n<!-- \/ Yoast SEO plugin. -->","yoast_head_json":{"title":"Con 10 votos se aprob\u00f3 informe de la ponencia de la Reforma a la Salud en la C\u00e1mara de Representantes - Constrastes","description":"Con 10 votos a favor y 8 en contra, la Comisi\u00f3n S\u00e9ptima de la C\u00e1mara de Representantes aprob\u00f3 discutir la ponencia de la reforma a la salud que present\u00f3 el Gobierno. Ahora los partidos empezar\u00e1n a discutir punto por punto los art\u00edculos del proyecto de ley que present\u00f3 el Gobierno del presidente Gustavo Petro, con el que se busca transformar la salud en Colombia.","robots":{"index":"index","follow":"follow","max-snippet":"max-snippet:-1","max-image-preview":"max-image-preview:large","max-video-preview":"max-video-preview:-1"},"canonical":"https:\/\/contrastes.com.co\/web\/2023\/04\/25\/con-10-votos-se-aprobo-informe-de-la-ponencia-de-la-reforma-a-la-salud-en-la-camara-de-representantes\/","og_locale":"es_ES","og_type":"article","og_title":"Con 10 votos se aprob\u00f3 informe de la ponencia de la Reforma a la Salud en la C\u00e1mara de Representantes - Constrastes","og_description":"Con 10 votos a favor y 8 en contra, la Comisi\u00f3n S\u00e9ptima de la C\u00e1mara de Representantes aprob\u00f3 discutir la ponencia de la reforma a la salud que present\u00f3 el Gobierno. Ahora los partidos empezar\u00e1n a discutir punto por punto los art\u00edculos del proyecto de ley que present\u00f3 el Gobierno del presidente Gustavo Petro, con el que se busca transformar la salud en Colombia.","og_url":"https:\/\/contrastes.com.co\/web\/2023\/04\/25\/con-10-votos-se-aprobo-informe-de-la-ponencia-de-la-reforma-a-la-salud-en-la-camara-de-representantes\/","og_site_name":"Constrastes","article_publisher":"https:\/\/www.facebook.com\/guillo.pantoja.1","article_published_time":"2023-04-26T02:07:43+00:00","author":"Editor","twitter_card":"summary_large_image","twitter_misc":{"Escrito por":"Editor","Tiempo de lectura":"4 minutos"},"schema":{"@context":"https:\/\/schema.org","@graph":[{"@type":"Article","@id":"https:\/\/contrastes.com.co\/web\/2023\/04\/25\/con-10-votos-se-aprobo-informe-de-la-ponencia-de-la-reforma-a-la-salud-en-la-camara-de-representantes\/#article","isPartOf":{"@id":"https:\/\/contrastes.com.co\/web\/2023\/04\/25\/con-10-votos-se-aprobo-informe-de-la-ponencia-de-la-reforma-a-la-salud-en-la-camara-de-representantes\/"},"author":{"name":"Editor","@id":"https:\/\/contrastes.com.co\/web\/#\/schema\/person\/62ef7a62dc4da6de450c71fc2e95ed02"},"headline":"Con 10 votos se aprob\u00f3 informe de la ponencia de la Reforma a la Salud en la C\u00e1mara de Representantes","datePublished":"2023-04-26T02:07:43+00:00","mainEntityOfPage":{"@id":"https:\/\/contrastes.com.co\/web\/2023\/04\/25\/con-10-votos-se-aprobo-informe-de-la-ponencia-de-la-reforma-a-la-salud-en-la-camara-de-representantes\/"},"wordCount":825,"commentCount":0,"publisher":{"@id":"https:\/\/contrastes.com.co\/web\/#organization"},"image":{"@id":"https:\/\/contrastes.com.co\/web\/2023\/04\/25\/con-10-votos-se-aprobo-informe-de-la-ponencia-de-la-reforma-a-la-salud-en-la-camara-de-representantes\/#primaryimage"},"thumbnailUrl":"","keywords":["Agmeth Escaf","aprobado","C\u00e1mara de Representantes","Carolina Corcho","Comisi\u00f3n de \u00c9tica del Partido Liberal","Congreso de la Rep\u00fablica","ministra de Salud","presidente de la Comisi\u00f3n S\u00e9ptima de la C\u00e1mara de Representantes","reforma a la salud","representante Carolina Arbel\u00e1ez","representante Katherine Miranda"],"articleSection":["Congreso de la Rep\u00fablica","Pa\u00eds","Pol\u00edtica","Salud","Televisi\u00f3n-Web"],"inLanguage":"es","potentialAction":[{"@type":"CommentAction","name":"Comment","target":["https:\/\/contrastes.com.co\/web\/2023\/04\/25\/con-10-votos-se-aprobo-informe-de-la-ponencia-de-la-reforma-a-la-salud-en-la-camara-de-representantes\/#respond"]}]},{"@type":"WebPage","@id":"https:\/\/contrastes.com.co\/web\/2023\/04\/25\/con-10-votos-se-aprobo-informe-de-la-ponencia-de-la-reforma-a-la-salud-en-la-camara-de-representantes\/","url":"https:\/\/contrastes.com.co\/web\/2023\/04\/25\/con-10-votos-se-aprobo-informe-de-la-ponencia-de-la-reforma-a-la-salud-en-la-camara-de-representantes\/","name":"Con 10 votos se aprob\u00f3 informe de la ponencia de la Reforma a la Salud en la C\u00e1mara de Representantes - Constrastes","isPartOf":{"@id":"https:\/\/contrastes.com.co\/web\/#website"},"primaryImageOfPage":{"@id":"https:\/\/contrastes.com.co\/web\/2023\/04\/25\/con-10-votos-se-aprobo-informe-de-la-ponencia-de-la-reforma-a-la-salud-en-la-camara-de-representantes\/#primaryimage"},"image":{"@id":"https:\/\/contrastes.com.co\/web\/2023\/04\/25\/con-10-votos-se-aprobo-informe-de-la-ponencia-de-la-reforma-a-la-salud-en-la-camara-de-representantes\/#primaryimage"},"thumbnailUrl":"","datePublished":"2023-04-26T02:07:43+00:00","description":"Con 10 votos a favor y 8 en contra, la Comisi\u00f3n S\u00e9ptima de la C\u00e1mara de Representantes aprob\u00f3 discutir la ponencia de la reforma a la salud que present\u00f3 el Gobierno. Ahora los partidos empezar\u00e1n a discutir punto por punto los art\u00edculos del proyecto de ley que present\u00f3 el Gobierno del presidente Gustavo Petro, con el que se busca transformar la salud en Colombia.","breadcrumb":{"@id":"https:\/\/contrastes.com.co\/web\/2023\/04\/25\/con-10-votos-se-aprobo-informe-de-la-ponencia-de-la-reforma-a-la-salud-en-la-camara-de-representantes\/#breadcrumb"},"inLanguage":"es","potentialAction":[{"@type":"ReadAction","target":["https:\/\/contrastes.com.co\/web\/2023\/04\/25\/con-10-votos-se-aprobo-informe-de-la-ponencia-de-la-reforma-a-la-salud-en-la-camara-de-representantes\/"]}]},{"@type":"ImageObject","inLanguage":"es","@id":"https:\/\/contrastes.com.co\/web\/2023\/04\/25\/con-10-votos-se-aprobo-informe-de-la-ponencia-de-la-reforma-a-la-salud-en-la-camara-de-representantes\/#primaryimage","url":"","contentUrl":""},{"@type":"BreadcrumbList","@id":"https:\/\/contrastes.com.co\/web\/2023\/04\/25\/con-10-votos-se-aprobo-informe-de-la-ponencia-de-la-reforma-a-la-salud-en-la-camara-de-representantes\/#breadcrumb","itemListElement":[{"@type":"ListItem","position":1,"name":"Portada","item":"https:\/\/contrastes.com.co\/web\/"},{"@type":"ListItem","position":2,"name":"Con 10 votos se aprob\u00f3 informe de la ponencia de la Reforma a la Salud en la C\u00e1mara de Representantes"}]},{"@type":"WebSite","@id":"https:\/\/contrastes.com.co\/web\/#website","url":"https:\/\/contrastes.com.co\/web\/","name":"Contrastes","description":"Periodismo de Conciencia","publisher":{"@id":"https:\/\/contrastes.com.co\/web\/#organization"},"potentialAction":[{"@type":"SearchAction","target":{"@type":"EntryPoint","urlTemplate":"https:\/\/contrastes.com.co\/web\/?s={search_term_string}"},"query-input":{"@type":"PropertyValueSpecification","valueRequired":true,"valueName":"search_term_string"}}],"inLanguage":"es"},{"@type":"Organization","@id":"https:\/\/contrastes.com.co\/web\/#organization","name":"Contrastes","url":"https:\/\/contrastes.com.co\/web\/","logo":{"@type":"ImageObject","inLanguage":"es","@id":"https:\/\/contrastes.com.co\/web\/#\/schema\/logo\/image\/","url":"https:\/\/contrastes.com.co\/web\/wp-content\/uploads\/2025\/04\/15CONTRASTES3.png","contentUrl":"https:\/\/contrastes.com.co\/web\/wp-content\/uploads\/2025\/04\/15CONTRASTES3.png","width":1536,"height":231,"caption":"Contrastes"},"image":{"@id":"https:\/\/contrastes.com.co\/web\/#\/schema\/logo\/image\/"},"sameAs":["https:\/\/www.facebook.com\/guillo.pantoja.1"]},{"@type":"Person","@id":"https:\/\/contrastes.com.co\/web\/#\/schema\/person\/62ef7a62dc4da6de450c71fc2e95ed02","name":"Editor","image":{"@type":"ImageObject","inLanguage":"es","@id":"https:\/\/secure.gravatar.com\/avatar\/7bbb4f718d74bbf600dc556253bb04fd7ac8593751d6e2e3b85432d98aefae80?s=96&d=mm&r=g","url":"https:\/\/secure.gravatar.com\/avatar\/7bbb4f718d74bbf600dc556253bb04fd7ac8593751d6e2e3b85432d98aefae80?s=96&d=mm&r=g","contentUrl":"https:\/\/secure.gravatar.com\/avatar\/7bbb4f718d74bbf600dc556253bb04fd7ac8593751d6e2e3b85432d98aefae80?s=96&d=mm&r=g","caption":"Editor"},"sameAs":["https:\/\/contrastes.com.co\/web"],"url":"https:\/\/contrastes.com.co\/web\/author\/jdbobadilla\/"}]}},"blog_post_layout_featured_media_urls":{"thumbnail":"","full":""},"categories_names":{"4789":{"name":"Congreso de la Rep\u00fablica","link":"https:\/\/contrastes.com.co\/web\/category\/congreso-de-la-republica\/"},"101":{"name":"Pa\u00eds","link":"https:\/\/contrastes.com.co\/web\/category\/pais\/"},"203":{"name":"Pol\u00edtica","link":"https:\/\/contrastes.com.co\/web\/category\/politica\/"},"25":{"name":"Salud","link":"https:\/\/contrastes.com.co\/web\/category\/salud\/"},"4940":{"name":"Televisi\u00f3n-Web","link":"https:\/\/contrastes.com.co\/web\/category\/television-web\/"}},"tags_names":{"9001":{"name":"Agmeth Escaf","link":"https:\/\/contrastes.com.co\/web\/tag\/agmeth-escaf\/"},"9002":{"name":"aprobado","link":"https:\/\/contrastes.com.co\/web\/tag\/aprobado\/"},"227":{"name":"C\u00e1mara de Representantes","link":"https:\/\/contrastes.com.co\/web\/tag\/camara-de-representantes\/"},"6446":{"name":"Carolina Corcho","link":"https:\/\/contrastes.com.co\/web\/tag\/carolina-corcho\/"},"9003":{"name":"Comisi\u00f3n de \u00c9tica del Partido Liberal","link":"https:\/\/contrastes.com.co\/web\/tag\/comision-de-etica-del-partido-liberal\/"},"607":{"name":"Congreso de la Rep\u00fablica","link":"https:\/\/contrastes.com.co\/web\/tag\/congreso-de-la-republica\/"},"6447":{"name":"ministra de Salud","link":"https:\/\/contrastes.com.co\/web\/tag\/ministra-de-salud\/"},"9004":{"name":"presidente de la Comisi\u00f3n S\u00e9ptima de la C\u00e1mara de Representantes","link":"https:\/\/contrastes.com.co\/web\/tag\/presidente-de-la-comision-septima-de-la-camara-de-representantes\/"},"8383":{"name":"reforma a la salud","link":"https:\/\/contrastes.com.co\/web\/tag\/reforma-a-la-salud\/"},"9005":{"name":"representante Carolina Arbel\u00e1ez","link":"https:\/\/contrastes.com.co\/web\/tag\/representante-carolina-arbelaez\/"},"9006":{"name":"representante Katherine Miranda","link":"https:\/\/contrastes.com.co\/web\/tag\/representante-katherine-miranda\/"}},"comments_number":"0","wpmagazine_modules_lite_featured_media_urls":{"thumbnail":"","cvmm-medium":"","cvmm-medium-plus":"","cvmm-portrait":"","cvmm-medium-square":"","cvmm-large":"","cvmm-small":"","full":""},"_links":{"self":[{"href":"https:\/\/contrastes.com.co\/web\/wp-json\/wp\/v2\/posts\/13948","targetHints":{"allow":["GET"]}}],"collection":[{"href":"https:\/\/contrastes.com.co\/web\/wp-json\/wp\/v2\/posts"}],"about":[{"href":"https:\/\/contrastes.com.co\/web\/wp-json\/wp\/v2\/types\/post"}],"author":[{"embeddable":true,"href":"https:\/\/contrastes.com.co\/web\/wp-json\/wp\/v2\/users\/1"}],"replies":[{"embeddable":true,"href":"https:\/\/contrastes.com.co\/web\/wp-json\/wp\/v2\/comments?post=13948"}],"version-history":[{"count":0,"href":"https:\/\/contrastes.com.co\/web\/wp-json\/wp\/v2\/posts\/13948\/revisions"}],"wp:attachment":[{"href":"https:\/\/contrastes.com.co\/web\/wp-json\/wp\/v2\/media?parent=13948"}],"wp:term":[{"taxonomy":"category","embeddable":true,"href":"https:\/\/contrastes.com.co\/web\/wp-json\/wp\/v2\/categories?post=13948"},{"taxonomy":"post_tag","embeddable":true,"href":"https:\/\/contrastes.com.co\/web\/wp-json\/wp\/v2\/tags?post=13948"}],"curies":[{"name":"wp","href":"https:\/\/api.w.org\/{rel}","templated":true}]}}