{"id":14152,"date":"2023-05-24T13:48:20","date_gmt":"2023-05-24T18:48:20","guid":{"rendered":"https:\/\/contrastes.com.co\/digital\/?p=14152"},"modified":"2023-05-24T13:48:20","modified_gmt":"2023-05-24T18:48:20","slug":"mas-de-5-mil-micronegocios-se-beneficiaran-con-tu-negocio-mas-digital-te-contamos-como","status":"publish","type":"post","link":"https:\/\/contrastes.com.co\/web\/2023\/05\/24\/mas-de-5-mil-micronegocios-se-beneficiaran-con-tu-negocio-mas-digital-te-contamos-como\/","title":{"rendered":"M\u00e1s de 5 mil micronegocios se beneficiar\u00e1n con \u00abTu Negocio M\u00e1s Digital\u00bb, te contamos c\u00f3mo"},"content":{"rendered":"<p><strong>*Proyecto \u2018Tu Negocio M\u00e1s Digital\u2019 capacitar\u00e1 a micronegocios en marketing digital, creaci\u00f3n de marca y ventas a trav\u00e9s de redes sociales.<\/strong><\/p>\n<blockquote><p><strong>Adem\u00e1s, 1.050 micronegocios acceder\u00e1n a bonos para implementar soluciones tecnol\u00f3gicas como p\u00e1ginas web, kits de e-commerce para redes sociales, pasarelas de pago y software contable, de inventarios o de facturaci\u00f3n electr\u00f3nica, entre otros. <\/strong><\/p><\/blockquote>\n<p><img decoding=\"async\" class=\"alignleft  wp-image-8529\" src=\"https:\/\/contrastes.com.co\/digital\/wp-content\/uploads\/2022\/03\/e-capitular.png\" alt=\"e capitular\" width=\"72\" height=\"72\" \/>l <strong>Ministerio de Comercio, Industria y Turismo (MinCIT), a trav\u00e9s de Colombia Productiva y en convenio con Cenisoft,<\/strong> abrieron la convocatoria para el proyecto \u2018Tu Negocio M\u00e1s Digital\u2018, que busca que micronegocios de todo el pa\u00eds adopten herramientas tecnol\u00f3gicas para mejorar sus procesos comerciales, administrativos y operacionales, diversificar sus canales de comercializaci\u00f3n, incursionar en el comercio electr\u00f3nico y aumentar sus ingresos.<\/p>\n<p><iframe title=\"Tu negocio + Digital \u00a1Tu primer paso a la transformaci\u00f3n digital de tu negocio!\" width=\"640\" height=\"360\" src=\"https:\/\/www.youtube.com\/embed\/Xuu7zaiBOOM?feature=oembed\" frameborder=\"0\" allow=\"accelerometer; autoplay; clipboard-write; encrypted-media; gyroscope; picture-in-picture; web-share\" referrerpolicy=\"strict-origin-when-cross-origin\" allowfullscreen><\/iframe><\/p>\n<p>Con el proyecto, <strong>4.000 micronegocios aprender\u00e1n sobre apropiaci\u00f3n digital,<\/strong> creaci\u00f3n de marca, marketing digital, ventas a trav\u00e9s de redes sociales y fidelizaci\u00f3n de clientes, entre otros. Adem\u00e1s, <strong>1.050 micronegocios acceder\u00e1n a bonos para implementar soluciones tecnol\u00f3gicas como p\u00e1ginas web, kits de e-commerce para redes sociales, pasarelas de pago y software contable, de inventarios o de facturaci\u00f3n electr\u00f3nica, entre otros. <\/strong><\/p>\n<p>El <strong>Ministro de Comercio, Industria y Turismo, Germ\u00e1n Uma\u00f1a Mendoza,<\/strong> explic\u00f3 que <strong>\u201cde acuerdo con el DANE, en Colombia existen cerca de 5,1 millones de micronegocios.<\/strong> En el marco de la Pol\u00edtica de Reindustrializaci\u00f3n se ha definido que, para aumentar sus capacidades productivas y sus ingresos, debe impulsarse que manejen herramientas tecnol\u00f3gicas. Un mecanismo para hacerlo es conectar a los micronegocios con proveedoras de soluciones tecnol\u00f3gicas mediante encadenamientos productivos. Una parte clave de este proyecto es la generaci\u00f3n de esos encadenamientos\u201d. El funcionario agreg\u00f3 que \u201ceste es otro de los instrumentos que estamos poniendo en marcha para cerrar brechas tecnol\u00f3gicas entre las empresas y as\u00ed promover la justicia econ\u00f3mica en el pa\u00eds\u201d.<\/p>\n<p>Por su parte, <strong>Aurelio Mej\u00eda, gerente general de Colombia Productiva<\/strong>, indic\u00f3 que \u201cen 2022 se registraron 55,17 billones de pesos de ventas en l\u00ednea en Colombia, seg\u00fan un estudio de la C\u00e1mara Colombiana de Comercio Electr\u00f3nico, lo que demuestra el potencial que tienen los canales de comercializaci\u00f3n digitales. Con Tu Negocio M\u00e1s Digital ayudaremos a los micronegocios a mejorar sus capacidades para aprovechar este potencial\u201d.<\/p>\n<p>Entretanto, <strong>Diana Guerrero, directora de Cenisoft<\/strong> afirm\u00f3 que \u201cla transformaci\u00f3n digital es una estrategia fundamental para mejorar la competitividad empresarial, por esto, desde Tu Negocio m\u00e1s Digital se busca entregar formaci\u00f3n, autodiagn\u00f3stico de madurez empresarial y una oferta de soluciones tecnol\u00f3gicas que promuevan el fortalecimiento de las capacidades productivas, administrativas y comerciales de los micronegocios del pa\u00eds <strong>\u2018Diagnostica Tu Negocio\u2019,<\/strong> herramienta especializada en micronegocios, a trav\u00e9s de la cual conocer\u00e1n su realidad financiera, comercial, de procesos, productos y servicios, as\u00ed como el enfoque.<\/p>\n<p>As\u00ed mismo, recibir\u00e1n recomendaciones de acuerdo con sus resultados y acceder\u00e1n a una ruta de servicios del Gobierno Nacional para atender sus necesidades. Bonos: en la que al menos 1.050 micronegocios acceder\u00e1n, sin costo, a bonos para la implementaci\u00f3n de una soluci\u00f3n tecnol\u00f3gica que les ayude a superar alguna de las brechas de transformaci\u00f3n digital que hayan identificado en el proyecto. Esta soluci\u00f3n ser\u00e1 prove\u00edda por empresas colombianas desarrolladoras de tecnolog\u00eda que ser\u00e1n aliadas del proyecto.<\/p>\n<blockquote><p>Para ser parte del proyecto, los micronegocios podr\u00e1n inscribirse de manera gratuita en<a href=\"http:\/\/www.colombiaproductiva.com\/tunegociomasdigital\"> www.colombiaproductiva.com\/tunegociomasdigital<\/a>.<br \/>\n<em><strong>(Con informaci\u00f3n del Ministerio de Comercio, Industria y Turismo)<\/strong><\/em><\/p><\/blockquote>\n","protected":false},"excerpt":{"rendered":"<p>El Ministerio de Comercio, Industria y Turismo (MinCIT), a trav\u00e9s de Colombia Productiva y en convenio con Cenisoft, abrieron la convocatoria para el proyecto \u2018Tu Negocio M\u00e1s Digital\u2018, que busca que micronegocios de todo el pa\u00eds adopten herramientas tecnol\u00f3gicas para mejorar sus procesos comerciales, administrativos y operacionales, diversificar sus canales de comercializaci\u00f3n, incursionar en el comercio electr\u00f3nico y aumentar sus ingresos.<\/p>\n","protected":false},"author":1,"featured_media":14153,"comment_status":"open","ping_status":"open","sticky":false,"template":"","format":"standard","meta":{"footnotes":""},"categories":[3840,2201,2813,101,1355,6552,2207,4940],"tags":[9121,9122,9123,9124,9125,9126,9127,9128,3092,9129,1379,9130,9131],"class_list":["post-14152","post","type-post","status-publish","format-standard","has-post-thumbnail","hentry","category-cursos-y-capacitaciones","category-educacion-virtual","category-finanzas-personales","category-pais","category-redes-sociales","category-telecomunicaciones-e-internet","category-teletrabajo","category-television-web","tag-cenisoft","tag-colombia-productiva","tag-diana-guerrero","tag-directora-de-cenisoft","tag-facturacion-electronica","tag-industria-y-turismo-mincit","tag-kits-de-e-commerce","tag-micronegocios","tag-ministerio-de-comercio","tag-pasarelas-de-pago","tag-redes-sociales","tag-software-contable","tag-tu-negocio-mas-digital"],"yoast_head":"<!-- This site is optimized with the Yoast SEO plugin v27.7 - https:\/\/yoast.com\/product\/yoast-seo-wordpress\/ -->\n<title>M\u00e1s de 5 mil micronegocios se beneficiar\u00e1n con &quot;Tu Negocio M\u00e1s Digital&quot;, te contamos c\u00f3mo - Constrastes<\/title>\n<meta name=\"description\" content=\"El Ministerio de Comercio, Industria y Turismo (MinCIT), a trav\u00e9s de Colombia Productiva y en convenio con Cenisoft, abrieron la convocatoria para el proyecto \u2018Tu Negocio M\u00e1s Digital\u2018, que busca que micronegocios de todo el pa\u00eds adopten herramientas tecnol\u00f3gicas para mejorar sus procesos comerciales, administrativos y operacionales, diversificar sus canales de comercializaci\u00f3n, incursionar en el comercio electr\u00f3nico y aumentar sus ingresos.\" \/>\n<meta name=\"robots\" content=\"index, follow, max-snippet:-1, max-image-preview:large, max-video-preview:-1\" \/>\n<link rel=\"canonical\" href=\"https:\/\/contrastes.com.co\/web\/2023\/05\/24\/mas-de-5-mil-micronegocios-se-beneficiaran-con-tu-negocio-mas-digital-te-contamos-como\/\" \/>\n<meta property=\"og:locale\" content=\"es_ES\" \/>\n<meta property=\"og:type\" content=\"article\" \/>\n<meta property=\"og:title\" content=\"M\u00e1s de 5 mil micronegocios se beneficiar\u00e1n con &quot;Tu Negocio M\u00e1s Digital&quot;, te contamos c\u00f3mo - Constrastes\" \/>\n<meta property=\"og:description\" content=\"El Ministerio de Comercio, Industria y Turismo (MinCIT), a trav\u00e9s de Colombia Productiva y en convenio con Cenisoft, abrieron la convocatoria para el proyecto \u2018Tu Negocio M\u00e1s Digital\u2018, que busca que micronegocios de todo el pa\u00eds adopten herramientas tecnol\u00f3gicas para mejorar sus procesos comerciales, administrativos y operacionales, diversificar sus canales de comercializaci\u00f3n, incursionar en el comercio electr\u00f3nico y aumentar sus ingresos.\" \/>\n<meta property=\"og:url\" content=\"https:\/\/contrastes.com.co\/web\/2023\/05\/24\/mas-de-5-mil-micronegocios-se-beneficiaran-con-tu-negocio-mas-digital-te-contamos-como\/\" \/>\n<meta property=\"og:site_name\" content=\"Constrastes\" \/>\n<meta property=\"article:publisher\" content=\"https:\/\/www.facebook.com\/guillo.pantoja.1\" \/>\n<meta property=\"article:published_time\" content=\"2023-05-24T18:48:20+00:00\" \/>\n<meta name=\"author\" content=\"Editor\" \/>\n<meta name=\"twitter:card\" content=\"summary_large_image\" \/>\n<meta name=\"twitter:label1\" content=\"Escrito por\" \/>\n\t<meta name=\"twitter:data1\" content=\"Editor\" \/>\n\t<meta name=\"twitter:label2\" content=\"Tiempo de lectura\" \/>\n\t<meta name=\"twitter:data2\" content=\"3 minutos\" \/>\n<script type=\"application\/ld+json\" class=\"yoast-schema-graph\">{\"@context\":\"https:\\\/\\\/schema.org\",\"@graph\":[{\"@type\":\"Article\",\"@id\":\"https:\\\/\\\/contrastes.com.co\\\/web\\\/2023\\\/05\\\/24\\\/mas-de-5-mil-micronegocios-se-beneficiaran-con-tu-negocio-mas-digital-te-contamos-como\\\/#article\",\"isPartOf\":{\"@id\":\"https:\\\/\\\/contrastes.com.co\\\/web\\\/2023\\\/05\\\/24\\\/mas-de-5-mil-micronegocios-se-beneficiaran-con-tu-negocio-mas-digital-te-contamos-como\\\/\"},\"author\":{\"name\":\"Editor\",\"@id\":\"https:\\\/\\\/contrastes.com.co\\\/web\\\/#\\\/schema\\\/person\\\/62ef7a62dc4da6de450c71fc2e95ed02\"},\"headline\":\"M\u00e1s de 5 mil micronegocios se beneficiar\u00e1n con \u00abTu Negocio M\u00e1s Digital\u00bb, te contamos c\u00f3mo\",\"datePublished\":\"2023-05-24T18:48:20+00:00\",\"mainEntityOfPage\":{\"@id\":\"https:\\\/\\\/contrastes.com.co\\\/web\\\/2023\\\/05\\\/24\\\/mas-de-5-mil-micronegocios-se-beneficiaran-con-tu-negocio-mas-digital-te-contamos-como\\\/\"},\"wordCount\":621,\"commentCount\":0,\"publisher\":{\"@id\":\"https:\\\/\\\/contrastes.com.co\\\/web\\\/#organization\"},\"image\":{\"@id\":\"https:\\\/\\\/contrastes.com.co\\\/web\\\/2023\\\/05\\\/24\\\/mas-de-5-mil-micronegocios-se-beneficiaran-con-tu-negocio-mas-digital-te-contamos-como\\\/#primaryimage\"},\"thumbnailUrl\":\"\",\"keywords\":[\"Cenisoft\",\"Colombia Productiva\",\"Diana Guerrero\",\"directora de Cenisoft\",\"facturaci\u00f3n electr\u00f3nica\",\"Industria y Turismo (MinCIT)\",\"kits de e-commerce\",\"micronegocios\",\"Ministerio de Comercio\",\"pasarelas de pago\",\"redes sociales\",\"software contable\",\"Tu Negocio M\u00e1s Digital\"],\"articleSection\":[\"Cursos y capacitaciones\",\"Educaci\u00f3n virtual\",\"Finanzas personales\",\"Pa\u00eds\",\"Redes Sociales\",\"Telecomunicaciones e internet\",\"Teletrabajo\",\"Televisi\u00f3n-Web\"],\"inLanguage\":\"es\",\"potentialAction\":[{\"@type\":\"CommentAction\",\"name\":\"Comment\",\"target\":[\"https:\\\/\\\/contrastes.com.co\\\/web\\\/2023\\\/05\\\/24\\\/mas-de-5-mil-micronegocios-se-beneficiaran-con-tu-negocio-mas-digital-te-contamos-como\\\/#respond\"]}]},{\"@type\":\"WebPage\",\"@id\":\"https:\\\/\\\/contrastes.com.co\\\/web\\\/2023\\\/05\\\/24\\\/mas-de-5-mil-micronegocios-se-beneficiaran-con-tu-negocio-mas-digital-te-contamos-como\\\/\",\"url\":\"https:\\\/\\\/contrastes.com.co\\\/web\\\/2023\\\/05\\\/24\\\/mas-de-5-mil-micronegocios-se-beneficiaran-con-tu-negocio-mas-digital-te-contamos-como\\\/\",\"name\":\"M\u00e1s de 5 mil micronegocios se beneficiar\u00e1n con \\\"Tu Negocio M\u00e1s Digital\\\", te contamos c\u00f3mo - Constrastes\",\"isPartOf\":{\"@id\":\"https:\\\/\\\/contrastes.com.co\\\/web\\\/#website\"},\"primaryImageOfPage\":{\"@id\":\"https:\\\/\\\/contrastes.com.co\\\/web\\\/2023\\\/05\\\/24\\\/mas-de-5-mil-micronegocios-se-beneficiaran-con-tu-negocio-mas-digital-te-contamos-como\\\/#primaryimage\"},\"image\":{\"@id\":\"https:\\\/\\\/contrastes.com.co\\\/web\\\/2023\\\/05\\\/24\\\/mas-de-5-mil-micronegocios-se-beneficiaran-con-tu-negocio-mas-digital-te-contamos-como\\\/#primaryimage\"},\"thumbnailUrl\":\"\",\"datePublished\":\"2023-05-24T18:48:20+00:00\",\"description\":\"El Ministerio de Comercio, Industria y Turismo (MinCIT), a trav\u00e9s de Colombia Productiva y en convenio con Cenisoft, abrieron la convocatoria para el proyecto \u2018Tu Negocio M\u00e1s Digital\u2018, que busca que micronegocios de todo el pa\u00eds adopten herramientas tecnol\u00f3gicas para mejorar sus procesos comerciales, administrativos y operacionales, diversificar sus canales de comercializaci\u00f3n, incursionar en el comercio electr\u00f3nico y aumentar sus ingresos.\",\"breadcrumb\":{\"@id\":\"https:\\\/\\\/contrastes.com.co\\\/web\\\/2023\\\/05\\\/24\\\/mas-de-5-mil-micronegocios-se-beneficiaran-con-tu-negocio-mas-digital-te-contamos-como\\\/#breadcrumb\"},\"inLanguage\":\"es\",\"potentialAction\":[{\"@type\":\"ReadAction\",\"target\":[\"https:\\\/\\\/contrastes.com.co\\\/web\\\/2023\\\/05\\\/24\\\/mas-de-5-mil-micronegocios-se-beneficiaran-con-tu-negocio-mas-digital-te-contamos-como\\\/\"]}]},{\"@type\":\"ImageObject\",\"inLanguage\":\"es\",\"@id\":\"https:\\\/\\\/contrastes.com.co\\\/web\\\/2023\\\/05\\\/24\\\/mas-de-5-mil-micronegocios-se-beneficiaran-con-tu-negocio-mas-digital-te-contamos-como\\\/#primaryimage\",\"url\":\"\",\"contentUrl\":\"\"},{\"@type\":\"BreadcrumbList\",\"@id\":\"https:\\\/\\\/contrastes.com.co\\\/web\\\/2023\\\/05\\\/24\\\/mas-de-5-mil-micronegocios-se-beneficiaran-con-tu-negocio-mas-digital-te-contamos-como\\\/#breadcrumb\",\"itemListElement\":[{\"@type\":\"ListItem\",\"position\":1,\"name\":\"Portada\",\"item\":\"https:\\\/\\\/contrastes.com.co\\\/web\\\/\"},{\"@type\":\"ListItem\",\"position\":2,\"name\":\"M\u00e1s de 5 mil micronegocios se beneficiar\u00e1n con \u00abTu Negocio M\u00e1s Digital\u00bb, te contamos c\u00f3mo\"}]},{\"@type\":\"WebSite\",\"@id\":\"https:\\\/\\\/contrastes.com.co\\\/web\\\/#website\",\"url\":\"https:\\\/\\\/contrastes.com.co\\\/web\\\/\",\"name\":\"Contrastes\",\"description\":\"Periodismo de Conciencia\",\"publisher\":{\"@id\":\"https:\\\/\\\/contrastes.com.co\\\/web\\\/#organization\"},\"potentialAction\":[{\"@type\":\"SearchAction\",\"target\":{\"@type\":\"EntryPoint\",\"urlTemplate\":\"https:\\\/\\\/contrastes.com.co\\\/web\\\/?s={search_term_string}\"},\"query-input\":{\"@type\":\"PropertyValueSpecification\",\"valueRequired\":true,\"valueName\":\"search_term_string\"}}],\"inLanguage\":\"es\"},{\"@type\":\"Organization\",\"@id\":\"https:\\\/\\\/contrastes.com.co\\\/web\\\/#organization\",\"name\":\"Contrastes\",\"url\":\"https:\\\/\\\/contrastes.com.co\\\/web\\\/\",\"logo\":{\"@type\":\"ImageObject\",\"inLanguage\":\"es\",\"@id\":\"https:\\\/\\\/contrastes.com.co\\\/web\\\/#\\\/schema\\\/logo\\\/image\\\/\",\"url\":\"https:\\\/\\\/contrastes.com.co\\\/web\\\/wp-content\\\/uploads\\\/2025\\\/04\\\/15CONTRASTES3.png\",\"contentUrl\":\"https:\\\/\\\/contrastes.com.co\\\/web\\\/wp-content\\\/uploads\\\/2025\\\/04\\\/15CONTRASTES3.png\",\"width\":1536,\"height\":231,\"caption\":\"Contrastes\"},\"image\":{\"@id\":\"https:\\\/\\\/contrastes.com.co\\\/web\\\/#\\\/schema\\\/logo\\\/image\\\/\"},\"sameAs\":[\"https:\\\/\\\/www.facebook.com\\\/guillo.pantoja.1\"]},{\"@type\":\"Person\",\"@id\":\"https:\\\/\\\/contrastes.com.co\\\/web\\\/#\\\/schema\\\/person\\\/62ef7a62dc4da6de450c71fc2e95ed02\",\"name\":\"Editor\",\"image\":{\"@type\":\"ImageObject\",\"inLanguage\":\"es\",\"@id\":\"https:\\\/\\\/secure.gravatar.com\\\/avatar\\\/7bbb4f718d74bbf600dc556253bb04fd7ac8593751d6e2e3b85432d98aefae80?s=96&d=mm&r=g\",\"url\":\"https:\\\/\\\/secure.gravatar.com\\\/avatar\\\/7bbb4f718d74bbf600dc556253bb04fd7ac8593751d6e2e3b85432d98aefae80?s=96&d=mm&r=g\",\"contentUrl\":\"https:\\\/\\\/secure.gravatar.com\\\/avatar\\\/7bbb4f718d74bbf600dc556253bb04fd7ac8593751d6e2e3b85432d98aefae80?s=96&d=mm&r=g\",\"caption\":\"Editor\"},\"sameAs\":[\"https:\\\/\\\/contrastes.com.co\\\/web\"],\"url\":\"https:\\\/\\\/contrastes.com.co\\\/web\\\/author\\\/jdbobadilla\\\/\"}]}<\/script>\n<!-- \/ Yoast SEO plugin. -->","yoast_head_json":{"title":"M\u00e1s de 5 mil micronegocios se beneficiar\u00e1n con \"Tu Negocio M\u00e1s Digital\", te contamos c\u00f3mo - Constrastes","description":"El Ministerio de Comercio, Industria y Turismo (MinCIT), a trav\u00e9s de Colombia Productiva y en convenio con Cenisoft, abrieron la convocatoria para el proyecto \u2018Tu Negocio M\u00e1s Digital\u2018, que busca que micronegocios de todo el pa\u00eds adopten herramientas tecnol\u00f3gicas para mejorar sus procesos comerciales, administrativos y operacionales, diversificar sus canales de comercializaci\u00f3n, incursionar en el comercio electr\u00f3nico y aumentar sus ingresos.","robots":{"index":"index","follow":"follow","max-snippet":"max-snippet:-1","max-image-preview":"max-image-preview:large","max-video-preview":"max-video-preview:-1"},"canonical":"https:\/\/contrastes.com.co\/web\/2023\/05\/24\/mas-de-5-mil-micronegocios-se-beneficiaran-con-tu-negocio-mas-digital-te-contamos-como\/","og_locale":"es_ES","og_type":"article","og_title":"M\u00e1s de 5 mil micronegocios se beneficiar\u00e1n con \"Tu Negocio M\u00e1s Digital\", te contamos c\u00f3mo - Constrastes","og_description":"El Ministerio de Comercio, Industria y Turismo (MinCIT), a trav\u00e9s de Colombia Productiva y en convenio con Cenisoft, abrieron la convocatoria para el proyecto \u2018Tu Negocio M\u00e1s Digital\u2018, que busca que micronegocios de todo el pa\u00eds adopten herramientas tecnol\u00f3gicas para mejorar sus procesos comerciales, administrativos y operacionales, diversificar sus canales de comercializaci\u00f3n, incursionar en el comercio electr\u00f3nico y aumentar sus ingresos.","og_url":"https:\/\/contrastes.com.co\/web\/2023\/05\/24\/mas-de-5-mil-micronegocios-se-beneficiaran-con-tu-negocio-mas-digital-te-contamos-como\/","og_site_name":"Constrastes","article_publisher":"https:\/\/www.facebook.com\/guillo.pantoja.1","article_published_time":"2023-05-24T18:48:20+00:00","author":"Editor","twitter_card":"summary_large_image","twitter_misc":{"Escrito por":"Editor","Tiempo de lectura":"3 minutos"},"schema":{"@context":"https:\/\/schema.org","@graph":[{"@type":"Article","@id":"https:\/\/contrastes.com.co\/web\/2023\/05\/24\/mas-de-5-mil-micronegocios-se-beneficiaran-con-tu-negocio-mas-digital-te-contamos-como\/#article","isPartOf":{"@id":"https:\/\/contrastes.com.co\/web\/2023\/05\/24\/mas-de-5-mil-micronegocios-se-beneficiaran-con-tu-negocio-mas-digital-te-contamos-como\/"},"author":{"name":"Editor","@id":"https:\/\/contrastes.com.co\/web\/#\/schema\/person\/62ef7a62dc4da6de450c71fc2e95ed02"},"headline":"M\u00e1s de 5 mil micronegocios se beneficiar\u00e1n con \u00abTu Negocio M\u00e1s Digital\u00bb, te contamos c\u00f3mo","datePublished":"2023-05-24T18:48:20+00:00","mainEntityOfPage":{"@id":"https:\/\/contrastes.com.co\/web\/2023\/05\/24\/mas-de-5-mil-micronegocios-se-beneficiaran-con-tu-negocio-mas-digital-te-contamos-como\/"},"wordCount":621,"commentCount":0,"publisher":{"@id":"https:\/\/contrastes.com.co\/web\/#organization"},"image":{"@id":"https:\/\/contrastes.com.co\/web\/2023\/05\/24\/mas-de-5-mil-micronegocios-se-beneficiaran-con-tu-negocio-mas-digital-te-contamos-como\/#primaryimage"},"thumbnailUrl":"","keywords":["Cenisoft","Colombia Productiva","Diana Guerrero","directora de Cenisoft","facturaci\u00f3n electr\u00f3nica","Industria y Turismo (MinCIT)","kits de e-commerce","micronegocios","Ministerio de Comercio","pasarelas de pago","redes sociales","software contable","Tu Negocio M\u00e1s Digital"],"articleSection":["Cursos y capacitaciones","Educaci\u00f3n virtual","Finanzas personales","Pa\u00eds","Redes Sociales","Telecomunicaciones e internet","Teletrabajo","Televisi\u00f3n-Web"],"inLanguage":"es","potentialAction":[{"@type":"CommentAction","name":"Comment","target":["https:\/\/contrastes.com.co\/web\/2023\/05\/24\/mas-de-5-mil-micronegocios-se-beneficiaran-con-tu-negocio-mas-digital-te-contamos-como\/#respond"]}]},{"@type":"WebPage","@id":"https:\/\/contrastes.com.co\/web\/2023\/05\/24\/mas-de-5-mil-micronegocios-se-beneficiaran-con-tu-negocio-mas-digital-te-contamos-como\/","url":"https:\/\/contrastes.com.co\/web\/2023\/05\/24\/mas-de-5-mil-micronegocios-se-beneficiaran-con-tu-negocio-mas-digital-te-contamos-como\/","name":"M\u00e1s de 5 mil micronegocios se beneficiar\u00e1n con \"Tu Negocio M\u00e1s Digital\", te contamos c\u00f3mo - Constrastes","isPartOf":{"@id":"https:\/\/contrastes.com.co\/web\/#website"},"primaryImageOfPage":{"@id":"https:\/\/contrastes.com.co\/web\/2023\/05\/24\/mas-de-5-mil-micronegocios-se-beneficiaran-con-tu-negocio-mas-digital-te-contamos-como\/#primaryimage"},"image":{"@id":"https:\/\/contrastes.com.co\/web\/2023\/05\/24\/mas-de-5-mil-micronegocios-se-beneficiaran-con-tu-negocio-mas-digital-te-contamos-como\/#primaryimage"},"thumbnailUrl":"","datePublished":"2023-05-24T18:48:20+00:00","description":"El Ministerio de Comercio, Industria y Turismo (MinCIT), a trav\u00e9s de Colombia Productiva y en convenio con Cenisoft, abrieron la convocatoria para el proyecto \u2018Tu Negocio M\u00e1s Digital\u2018, que busca que micronegocios de todo el pa\u00eds adopten herramientas tecnol\u00f3gicas para mejorar sus procesos comerciales, administrativos y operacionales, diversificar sus canales de comercializaci\u00f3n, incursionar en el comercio electr\u00f3nico y aumentar sus ingresos.","breadcrumb":{"@id":"https:\/\/contrastes.com.co\/web\/2023\/05\/24\/mas-de-5-mil-micronegocios-se-beneficiaran-con-tu-negocio-mas-digital-te-contamos-como\/#breadcrumb"},"inLanguage":"es","potentialAction":[{"@type":"ReadAction","target":["https:\/\/contrastes.com.co\/web\/2023\/05\/24\/mas-de-5-mil-micronegocios-se-beneficiaran-con-tu-negocio-mas-digital-te-contamos-como\/"]}]},{"@type":"ImageObject","inLanguage":"es","@id":"https:\/\/contrastes.com.co\/web\/2023\/05\/24\/mas-de-5-mil-micronegocios-se-beneficiaran-con-tu-negocio-mas-digital-te-contamos-como\/#primaryimage","url":"","contentUrl":""},{"@type":"BreadcrumbList","@id":"https:\/\/contrastes.com.co\/web\/2023\/05\/24\/mas-de-5-mil-micronegocios-se-beneficiaran-con-tu-negocio-mas-digital-te-contamos-como\/#breadcrumb","itemListElement":[{"@type":"ListItem","position":1,"name":"Portada","item":"https:\/\/contrastes.com.co\/web\/"},{"@type":"ListItem","position":2,"name":"M\u00e1s de 5 mil micronegocios se beneficiar\u00e1n con \u00abTu Negocio M\u00e1s Digital\u00bb, te contamos c\u00f3mo"}]},{"@type":"WebSite","@id":"https:\/\/contrastes.com.co\/web\/#website","url":"https:\/\/contrastes.com.co\/web\/","name":"Contrastes","description":"Periodismo de Conciencia","publisher":{"@id":"https:\/\/contrastes.com.co\/web\/#organization"},"potentialAction":[{"@type":"SearchAction","target":{"@type":"EntryPoint","urlTemplate":"https:\/\/contrastes.com.co\/web\/?s={search_term_string}"},"query-input":{"@type":"PropertyValueSpecification","valueRequired":true,"valueName":"search_term_string"}}],"inLanguage":"es"},{"@type":"Organization","@id":"https:\/\/contrastes.com.co\/web\/#organization","name":"Contrastes","url":"https:\/\/contrastes.com.co\/web\/","logo":{"@type":"ImageObject","inLanguage":"es","@id":"https:\/\/contrastes.com.co\/web\/#\/schema\/logo\/image\/","url":"https:\/\/contrastes.com.co\/web\/wp-content\/uploads\/2025\/04\/15CONTRASTES3.png","contentUrl":"https:\/\/contrastes.com.co\/web\/wp-content\/uploads\/2025\/04\/15CONTRASTES3.png","width":1536,"height":231,"caption":"Contrastes"},"image":{"@id":"https:\/\/contrastes.com.co\/web\/#\/schema\/logo\/image\/"},"sameAs":["https:\/\/www.facebook.com\/guillo.pantoja.1"]},{"@type":"Person","@id":"https:\/\/contrastes.com.co\/web\/#\/schema\/person\/62ef7a62dc4da6de450c71fc2e95ed02","name":"Editor","image":{"@type":"ImageObject","inLanguage":"es","@id":"https:\/\/secure.gravatar.com\/avatar\/7bbb4f718d74bbf600dc556253bb04fd7ac8593751d6e2e3b85432d98aefae80?s=96&d=mm&r=g","url":"https:\/\/secure.gravatar.com\/avatar\/7bbb4f718d74bbf600dc556253bb04fd7ac8593751d6e2e3b85432d98aefae80?s=96&d=mm&r=g","contentUrl":"https:\/\/secure.gravatar.com\/avatar\/7bbb4f718d74bbf600dc556253bb04fd7ac8593751d6e2e3b85432d98aefae80?s=96&d=mm&r=g","caption":"Editor"},"sameAs":["https:\/\/contrastes.com.co\/web"],"url":"https:\/\/contrastes.com.co\/web\/author\/jdbobadilla\/"}]}},"blog_post_layout_featured_media_urls":{"thumbnail":"","full":""},"categories_names":{"3840":{"name":"Cursos y capacitaciones","link":"https:\/\/contrastes.com.co\/web\/category\/cursos-y-capacitaciones\/"},"2201":{"name":"Educaci\u00f3n virtual","link":"https:\/\/contrastes.com.co\/web\/category\/educacion-virtual\/"},"2813":{"name":"Finanzas personales","link":"https:\/\/contrastes.com.co\/web\/category\/finanzas-personales\/"},"101":{"name":"Pa\u00eds","link":"https:\/\/contrastes.com.co\/web\/category\/pais\/"},"1355":{"name":"Redes Sociales","link":"https:\/\/contrastes.com.co\/web\/category\/redes-sociales\/"},"6552":{"name":"Telecomunicaciones e internet","link":"https:\/\/contrastes.com.co\/web\/category\/telecomunicaciones-e-internet\/"},"2207":{"name":"Teletrabajo","link":"https:\/\/contrastes.com.co\/web\/category\/teletrabajo\/"},"4940":{"name":"Televisi\u00f3n-Web","link":"https:\/\/contrastes.com.co\/web\/category\/television-web\/"}},"tags_names":{"9121":{"name":"Cenisoft","link":"https:\/\/contrastes.com.co\/web\/tag\/cenisoft\/"},"9122":{"name":"Colombia Productiva","link":"https:\/\/contrastes.com.co\/web\/tag\/colombia-productiva\/"},"9123":{"name":"Diana Guerrero","link":"https:\/\/contrastes.com.co\/web\/tag\/diana-guerrero\/"},"9124":{"name":"directora de Cenisoft","link":"https:\/\/contrastes.com.co\/web\/tag\/directora-de-cenisoft\/"},"9125":{"name":"facturaci\u00f3n electr\u00f3nica","link":"https:\/\/contrastes.com.co\/web\/tag\/facturacion-electronica\/"},"9126":{"name":"Industria y Turismo (MinCIT)","link":"https:\/\/contrastes.com.co\/web\/tag\/industria-y-turismo-mincit\/"},"9127":{"name":"kits de e-commerce","link":"https:\/\/contrastes.com.co\/web\/tag\/kits-de-e-commerce\/"},"9128":{"name":"micronegocios","link":"https:\/\/contrastes.com.co\/web\/tag\/micronegocios\/"},"3092":{"name":"Ministerio de Comercio","link":"https:\/\/contrastes.com.co\/web\/tag\/ministerio-de-comercio\/"},"9129":{"name":"pasarelas de pago","link":"https:\/\/contrastes.com.co\/web\/tag\/pasarelas-de-pago\/"},"1379":{"name":"redes sociales","link":"https:\/\/contrastes.com.co\/web\/tag\/redes-sociales\/"},"9130":{"name":"software contable","link":"https:\/\/contrastes.com.co\/web\/tag\/software-contable\/"},"9131":{"name":"Tu Negocio M\u00e1s Digital","link":"https:\/\/contrastes.com.co\/web\/tag\/tu-negocio-mas-digital\/"}},"comments_number":"0","wpmagazine_modules_lite_featured_media_urls":{"thumbnail":"","cvmm-medium":"","cvmm-medium-plus":"","cvmm-portrait":"","cvmm-medium-square":"","cvmm-large":"","cvmm-small":"","full":""},"_links":{"self":[{"href":"https:\/\/contrastes.com.co\/web\/wp-json\/wp\/v2\/posts\/14152","targetHints":{"allow":["GET"]}}],"collection":[{"href":"https:\/\/contrastes.com.co\/web\/wp-json\/wp\/v2\/posts"}],"about":[{"href":"https:\/\/contrastes.com.co\/web\/wp-json\/wp\/v2\/types\/post"}],"author":[{"embeddable":true,"href":"https:\/\/contrastes.com.co\/web\/wp-json\/wp\/v2\/users\/1"}],"replies":[{"embeddable":true,"href":"https:\/\/contrastes.com.co\/web\/wp-json\/wp\/v2\/comments?post=14152"}],"version-history":[{"count":0,"href":"https:\/\/contrastes.com.co\/web\/wp-json\/wp\/v2\/posts\/14152\/revisions"}],"wp:attachment":[{"href":"https:\/\/contrastes.com.co\/web\/wp-json\/wp\/v2\/media?parent=14152"}],"wp:term":[{"taxonomy":"category","embeddable":true,"href":"https:\/\/contrastes.com.co\/web\/wp-json\/wp\/v2\/categories?post=14152"},{"taxonomy":"post_tag","embeddable":true,"href":"https:\/\/contrastes.com.co\/web\/wp-json\/wp\/v2\/tags?post=14152"}],"curies":[{"name":"wp","href":"https:\/\/api.w.org\/{rel}","templated":true}]}}