{"id":14334,"date":"2023-06-26T21:02:59","date_gmt":"2023-06-27T02:02:59","guid":{"rendered":"https:\/\/contrastes.com.co\/digital\/?p=14334"},"modified":"2023-06-26T21:02:59","modified_gmt":"2023-06-27T02:02:59","slug":"rumbo-a-las-elecciones-del-29-de-octubre-como-van-las-cosas-en-soledad","status":"publish","type":"post","link":"https:\/\/contrastes.com.co\/web\/2023\/06\/26\/rumbo-a-las-elecciones-del-29-de-octubre-como-van-las-cosas-en-soledad\/","title":{"rendered":"Rumbo a las elecciones del 29 de octubre: \u00bfC\u00f3mo van las cosas en Soledad?"},"content":{"rendered":"<p><strong>*Rumbo a las elecciones del 29 de octubre: \u00bfC\u00f3mo van las cosas en Soledad?<\/strong><\/p>\n<blockquote><p><strong>Estos son los nombres que se vienen barajando y de todos ellos estaremos hablando en nuestras pr\u00f3ximas entregas; as\u00ed como de las alianzas, los avales, las estrategias, encuestas y todos esos ingredientes que hacen de la pol\u00edtica un verdadero hervidero de gustos y sabores. Es un proceso que apenas inicia donde no hay enemigo peque\u00f1o, pero si grandes ventajas.<\/strong><\/p><\/blockquote>\n<p><strong><img decoding=\"async\" class=\"alignleft wp-image-14337\" src=\"https:\/\/contrastes.com.co\/digital\/wp-content\/uploads\/2023\/06\/nuevaguillo.png\" alt=\"nuevaguillo2023\" width=\"120\" height=\"112\" \/><\/strong><\/p>\n<p>&nbsp;<\/p>\n<p><strong>Por Guillermo Le\u00f3n Pantoja<\/strong><\/p>\n<p>&nbsp;<\/p>\n<p>&nbsp;<\/p>\n<p><img decoding=\"async\" class=\"alignleft wp-image-8529\" src=\"https:\/\/contrastes.com.co\/digital\/wp-content\/uploads\/2022\/03\/e-capitular.png\" alt=\"e capitular\" width=\"63\" height=\"63\" \/>l fin de semana me encontr\u00e9 con un gran amigo y un preocupado l\u00edder social solede\u00f1o, <strong>Nilly Jusquini,<\/strong> que a pesar de haber perdido una buena cantidad de kilos de peso no ha perdido ese incansable deseo de servirle a la comunidad. \u201cNilly\u201d est\u00e1 en plena campa\u00f1a por la alcald\u00eda de Soledad y le deseo muchos \u00e9xitos sinceramente. Ese mismo d\u00eda, pude apreciar una caravana pasando por la carrera 30 del barrio Hip\u00f3dromo, se movilizaba al ritmo de un temazo de <em>Rub\u00e9n Blades y sus Seis del Solar, grabado en 1991 \u201cCaminando\u201d,<\/em> y la encabezaba otro entra\u00f1able amigo, quiz\u00e1 mucho m\u00e1s cercano, y quien tambi\u00e9n aspira a ser elegido alcalde el pr\u00f3ximo 29 de octubre, se trata del ingeniero<strong> Leonardo Pereira<\/strong>, de quien puedo decir que tiene la disposici\u00f3n, el \u00edmpetu y la preparaci\u00f3n profesional para ocupar el primer cargo de elecci\u00f3n popular en el municipio.<\/p>\n<p>Lo cierto es que la <strong>campa\u00f1a por la alcald\u00eda de Soledad 2023<\/strong> arranc\u00f3 con la fuerza y la pasi\u00f3n que caracteriza a la tierra de <em>Pacho Gal\u00e1n<\/em>, de modo que desde este medio empezaremos a tomarle el pulso a la misma. Intentaremos tratar el tema con la mayor objetividad posible y desde ya presento excusas a los amigos que nos han solicitado hacer parte de sus respectivas campa\u00f1as, pero como medio -aunque obviamente aceptamos pautas publicitarias- somos referentes de la localidad y debemos colocar en primer lugar el periodismo.<\/p>\n<p>A aquellos que nos leen desde hace casi catorce a\u00f1os, unos tres periodos electorales, les agradecemos su fiel acompa\u00f1amiento. Esperamos, como siempre, continuar siendo el medio con mayor credibilidad y confianza de Soledad.<\/p>\n<h3><strong>Los aspirantes<\/strong><\/h3>\n<p>Dicho esto, pasamos a enumerar una primera lista de precandidatos a la alcald\u00eda de Soledad iniciando por quienes hasta ahora son los que m\u00e1s vemos en las calles -al menos recogiendo firmas o metiendo bulla- la m\u00e9dica <strong>Alcira Sandoval<\/strong> y el ex acalde <strong>Joao Herrera Iranzu,<\/strong> quien reincide a pesar del escepticismo. Animan esta primera embestida proselitista el ingeniero <strong>Leonardo Pereira Guerrero,<\/strong> el joven <strong>Carlos Ortiz,<\/strong> con sus iniciativas deportivas y el notario <strong>Juan Altamar,<\/strong> quien aspirar\u00eda por la tolda de Cambio Radical<\/p>\n<p>En cuanto a avales, acompa\u00f1amiento e infraestructura, no est\u00e1n muy claras las opciones lideradas por el ex secretario de Hacienda (durante el gobierno de Joao Herrera) <strong>Federman Vizcaino<\/strong>, cuyo nombre tiene un buen tiempo sonando; el ex concejal del partido de la U y tambi\u00e9n de Cambio Radical, <strong>Bryan Orozco<\/strong>; el empresario y sempiterno aspirante a la alcald\u00eda <strong>Enrique Chapman,<\/strong> el propio <strong>Nilly Jusquini<\/strong> y finalmente el excandidato a la alcald\u00eda por Cambio Radical, <strong>William Torres,<\/strong> quien perdi\u00f3 la oportunidad de liderar la oposici\u00f3n en lugar de renunciar a la curul que le correspond\u00eda en el concejo municipal al haber llegado de segundo en el anterior debate electoral.<\/p>\n<p>Por los lados progresistas, cuya infraestructura no parece, por ahora, reflejar la votaci\u00f3n alcanzada en las presidenciales, est\u00e1n a\u00fan aspirando <strong>Franco Gravini, Gonzalo Ucr\u00f3s, Jes\u00fas Turizo<\/strong> y el expersonero <strong>Nelson Navarro Navarro<\/strong>, entre otros. La verdad es que luce cuesta arriba alcanzar la meta si no consiguen unificar criterios.<\/p>\n<h3>Lo que viene<\/h3>\n<p>Estos son los nombres que se vienen barajando y de todos ellos estaremos hablando en nuestras pr\u00f3ximas entregas; as\u00ed como de las alianzas, los avales, las estrategias, encuestas y todos esos ingredientes que hacen de la pol\u00edtica un verdadero hervidero de gustos y sabores. Es un proceso que apenas inicia donde no hay enemigo peque\u00f1o, pero si grandes ventajas.<\/p>\n<p>Hasta la pr\u00f3xima.<\/p>\n<p><img fetchpriority=\"high\" decoding=\"async\" class=\"alignleft size-full wp-image-14336\" src=\"https:\/\/contrastes.com.co\/digital\/wp-content\/uploads\/2023\/06\/cabezote2910.png\" alt=\"depolitica23\" width=\"1200\" height=\"353\" \/><\/p>\n","protected":false},"excerpt":{"rendered":"<p>El fin de semana me encontr\u00e9 con un gran amigo y un preocupado l\u00edder social solede\u00f1o, Nilly Jusquini, que a pesar de haber perdido una buena cantidad de kilos de peso no ha perdido ese incansable deseo de servirle a la comunidad. \u201cNilly\u201d est\u00e1 en plena campa\u00f1a por la alcald\u00eda de Soledad y le deseo muchos \u00e9xitos sinceramente. Ese mismo d\u00eda, pude apreciar una caravana pasando por la carrera 30 del barrio Hip\u00f3dromo, se movilizaba al ritmo de un temazo de Rub\u00e9n Blades y sus Seis del Solar, grabado en 1991 \u201cCaminando\u201d, y la encabezaba otro entra\u00f1able amigo, quiz\u00e1 mucho m\u00e1s cercano, y quien tambi\u00e9n aspira a ser elegido alcalde el pr\u00f3ximo 29 de octubre, se trata del ingeniero Leonardo Pereira, de quien puedo decir que tiene la disposici\u00f3n, el \u00edmpetu y la preparaci\u00f3n profesional para ocupar el primer cargo de elecci\u00f3n popular en el municipio.<\/p>\n","protected":false},"author":1,"featured_media":14335,"comment_status":"open","ping_status":"open","sticky":false,"template":"","format":"standard","meta":{"footnotes":""},"categories":[2400,8453,23,277,203,24],"tags":[45,8232,9249,9250,9251,8313,9252,8235,9253,8430,9254,9255,9256,2398,9257,9258,9259],"class_list":["post-14334","post","type-post","status-publish","format-standard","has-post-thumbnail","hentry","category-columnistas","category-elecciones-regionales-2023","category-locales","category-opinion","category-politica","category-region","tag-alcira-sandoval","tag-bryan-orozco","tag-cambio-radical","tag-campana-por-la-alcaldia-de-soledad-2023","tag-carlos-ortiz","tag-elecciones-regionales-2023","tag-enrique-chapman","tag-federman-vizcaino","tag-franco-gravini","tag-gonzalo-ucros","tag-jesus-turizo","tag-joao-herrera-iranzu","tag-juan-altamar","tag-leonardo-pereira-guerrero","tag-nelson-navarro-navarro","tag-nilly-jusquini","tag-william-torres"],"yoast_head":"<!-- This site is optimized with the Yoast SEO plugin v27.7 - https:\/\/yoast.com\/product\/yoast-seo-wordpress\/ -->\n<title>Rumbo a las elecciones del 29 de octubre: \u00bfC\u00f3mo van las cosas en Soledad? - Constrastes<\/title>\n<meta name=\"description\" content=\"El fin de semana me encontr\u00e9 con un gran amigo y un preocupado l\u00edder social solede\u00f1o, Nilly Jusquini, que a pesar de haber perdido una buena cantidad de kilos de peso no ha perdido ese incansable deseo de servirle a la comunidad. \u201cNilly\u201d est\u00e1 en plena campa\u00f1a por la alcald\u00eda de Soledad y le deseo muchos \u00e9xitos sinceramente. Ese mismo d\u00eda, pude apreciar una caravana pasando por la carrera 30 del barrio Hip\u00f3dromo, se movilizaba al ritmo de un temazo de Rub\u00e9n Blades y sus Seis del Solar, grabado en 1991 \u201cCaminando\u201d, y la encabezaba otro entra\u00f1able amigo, quiz\u00e1 mucho m\u00e1s cercano, y quien tambi\u00e9n aspira a ser elegido alcalde el pr\u00f3ximo 29 de octubre, se trata del ingeniero Leonardo Pereira, de quien puedo decir que tiene la disposici\u00f3n, el \u00edmpetu y la preparaci\u00f3n profesional para ocupar el primer cargo de elecci\u00f3n popular en el municipio.\" \/>\n<meta name=\"robots\" content=\"index, follow, max-snippet:-1, max-image-preview:large, max-video-preview:-1\" \/>\n<link rel=\"canonical\" href=\"https:\/\/contrastes.com.co\/web\/2023\/06\/26\/rumbo-a-las-elecciones-del-29-de-octubre-como-van-las-cosas-en-soledad\/\" \/>\n<meta property=\"og:locale\" content=\"es_ES\" \/>\n<meta property=\"og:type\" content=\"article\" \/>\n<meta property=\"og:title\" content=\"Rumbo a las elecciones del 29 de octubre: \u00bfC\u00f3mo van las cosas en Soledad? - Constrastes\" \/>\n<meta property=\"og:description\" content=\"El fin de semana me encontr\u00e9 con un gran amigo y un preocupado l\u00edder social solede\u00f1o, Nilly Jusquini, que a pesar de haber perdido una buena cantidad de kilos de peso no ha perdido ese incansable deseo de servirle a la comunidad. \u201cNilly\u201d est\u00e1 en plena campa\u00f1a por la alcald\u00eda de Soledad y le deseo muchos \u00e9xitos sinceramente. Ese mismo d\u00eda, pude apreciar una caravana pasando por la carrera 30 del barrio Hip\u00f3dromo, se movilizaba al ritmo de un temazo de Rub\u00e9n Blades y sus Seis del Solar, grabado en 1991 \u201cCaminando\u201d, y la encabezaba otro entra\u00f1able amigo, quiz\u00e1 mucho m\u00e1s cercano, y quien tambi\u00e9n aspira a ser elegido alcalde el pr\u00f3ximo 29 de octubre, se trata del ingeniero Leonardo Pereira, de quien puedo decir que tiene la disposici\u00f3n, el \u00edmpetu y la preparaci\u00f3n profesional para ocupar el primer cargo de elecci\u00f3n popular en el municipio.\" \/>\n<meta property=\"og:url\" content=\"https:\/\/contrastes.com.co\/web\/2023\/06\/26\/rumbo-a-las-elecciones-del-29-de-octubre-como-van-las-cosas-en-soledad\/\" \/>\n<meta property=\"og:site_name\" content=\"Constrastes\" \/>\n<meta property=\"article:publisher\" content=\"https:\/\/www.facebook.com\/guillo.pantoja.1\" \/>\n<meta property=\"article:published_time\" content=\"2023-06-27T02:02:59+00:00\" \/>\n<meta name=\"author\" content=\"Editor\" \/>\n<meta name=\"twitter:card\" content=\"summary_large_image\" \/>\n<meta name=\"twitter:label1\" content=\"Escrito por\" \/>\n\t<meta name=\"twitter:data1\" content=\"Editor\" \/>\n\t<meta name=\"twitter:label2\" content=\"Tiempo de lectura\" \/>\n\t<meta name=\"twitter:data2\" content=\"3 minutos\" \/>\n<script type=\"application\/ld+json\" class=\"yoast-schema-graph\">{\"@context\":\"https:\\\/\\\/schema.org\",\"@graph\":[{\"@type\":\"Article\",\"@id\":\"https:\\\/\\\/contrastes.com.co\\\/web\\\/2023\\\/06\\\/26\\\/rumbo-a-las-elecciones-del-29-de-octubre-como-van-las-cosas-en-soledad\\\/#article\",\"isPartOf\":{\"@id\":\"https:\\\/\\\/contrastes.com.co\\\/web\\\/2023\\\/06\\\/26\\\/rumbo-a-las-elecciones-del-29-de-octubre-como-van-las-cosas-en-soledad\\\/\"},\"author\":{\"name\":\"Editor\",\"@id\":\"https:\\\/\\\/contrastes.com.co\\\/web\\\/#\\\/schema\\\/person\\\/62ef7a62dc4da6de450c71fc2e95ed02\"},\"headline\":\"Rumbo a las elecciones del 29 de octubre: \u00bfC\u00f3mo van las cosas en Soledad?\",\"datePublished\":\"2023-06-27T02:02:59+00:00\",\"mainEntityOfPage\":{\"@id\":\"https:\\\/\\\/contrastes.com.co\\\/web\\\/2023\\\/06\\\/26\\\/rumbo-a-las-elecciones-del-29-de-octubre-como-van-las-cosas-en-soledad\\\/\"},\"wordCount\":710,\"commentCount\":0,\"publisher\":{\"@id\":\"https:\\\/\\\/contrastes.com.co\\\/web\\\/#organization\"},\"image\":{\"@id\":\"https:\\\/\\\/contrastes.com.co\\\/web\\\/2023\\\/06\\\/26\\\/rumbo-a-las-elecciones-del-29-de-octubre-como-van-las-cosas-en-soledad\\\/#primaryimage\"},\"thumbnailUrl\":\"\",\"keywords\":[\"Alcira Sandoval\",\"Bryan Orozco\",\"Cambio Radical\",\"campa\u00f1a por la alcald\u00eda de Soledad 2023\",\"Carlos Ortiz\",\"elecciones regionales 2023\",\"Enrique Chapman\",\"Federman Vizcaino\",\"Franco Gravini\",\"Gonzalo Ucros\",\"Jes\u00fas Turizo\",\"Joao Herrera Iranzu\",\"Juan Altamar\",\"Leonardo Pereira Guerrero\",\"Nelson Navarro Navarro\",\"Nilly Jusquini\",\"William Torres\"],\"articleSection\":[\"Columnistas\",\"Elecciones Regionales 2023\",\"Locales\",\"Opini\u00f3n\",\"Pol\u00edtica\",\"Regi\u00f3n\"],\"inLanguage\":\"es\",\"potentialAction\":[{\"@type\":\"CommentAction\",\"name\":\"Comment\",\"target\":[\"https:\\\/\\\/contrastes.com.co\\\/web\\\/2023\\\/06\\\/26\\\/rumbo-a-las-elecciones-del-29-de-octubre-como-van-las-cosas-en-soledad\\\/#respond\"]}]},{\"@type\":\"WebPage\",\"@id\":\"https:\\\/\\\/contrastes.com.co\\\/web\\\/2023\\\/06\\\/26\\\/rumbo-a-las-elecciones-del-29-de-octubre-como-van-las-cosas-en-soledad\\\/\",\"url\":\"https:\\\/\\\/contrastes.com.co\\\/web\\\/2023\\\/06\\\/26\\\/rumbo-a-las-elecciones-del-29-de-octubre-como-van-las-cosas-en-soledad\\\/\",\"name\":\"Rumbo a las elecciones del 29 de octubre: \u00bfC\u00f3mo van las cosas en Soledad? - Constrastes\",\"isPartOf\":{\"@id\":\"https:\\\/\\\/contrastes.com.co\\\/web\\\/#website\"},\"primaryImageOfPage\":{\"@id\":\"https:\\\/\\\/contrastes.com.co\\\/web\\\/2023\\\/06\\\/26\\\/rumbo-a-las-elecciones-del-29-de-octubre-como-van-las-cosas-en-soledad\\\/#primaryimage\"},\"image\":{\"@id\":\"https:\\\/\\\/contrastes.com.co\\\/web\\\/2023\\\/06\\\/26\\\/rumbo-a-las-elecciones-del-29-de-octubre-como-van-las-cosas-en-soledad\\\/#primaryimage\"},\"thumbnailUrl\":\"\",\"datePublished\":\"2023-06-27T02:02:59+00:00\",\"description\":\"El fin de semana me encontr\u00e9 con un gran amigo y un preocupado l\u00edder social solede\u00f1o, Nilly Jusquini, que a pesar de haber perdido una buena cantidad de kilos de peso no ha perdido ese incansable deseo de servirle a la comunidad. \u201cNilly\u201d est\u00e1 en plena campa\u00f1a por la alcald\u00eda de Soledad y le deseo muchos \u00e9xitos sinceramente. Ese mismo d\u00eda, pude apreciar una caravana pasando por la carrera 30 del barrio Hip\u00f3dromo, se movilizaba al ritmo de un temazo de Rub\u00e9n Blades y sus Seis del Solar, grabado en 1991 \u201cCaminando\u201d, y la encabezaba otro entra\u00f1able amigo, quiz\u00e1 mucho m\u00e1s cercano, y quien tambi\u00e9n aspira a ser elegido alcalde el pr\u00f3ximo 29 de octubre, se trata del ingeniero Leonardo Pereira, de quien puedo decir que tiene la disposici\u00f3n, el \u00edmpetu y la preparaci\u00f3n profesional para ocupar el primer cargo de elecci\u00f3n popular en el municipio.\",\"breadcrumb\":{\"@id\":\"https:\\\/\\\/contrastes.com.co\\\/web\\\/2023\\\/06\\\/26\\\/rumbo-a-las-elecciones-del-29-de-octubre-como-van-las-cosas-en-soledad\\\/#breadcrumb\"},\"inLanguage\":\"es\",\"potentialAction\":[{\"@type\":\"ReadAction\",\"target\":[\"https:\\\/\\\/contrastes.com.co\\\/web\\\/2023\\\/06\\\/26\\\/rumbo-a-las-elecciones-del-29-de-octubre-como-van-las-cosas-en-soledad\\\/\"]}]},{\"@type\":\"ImageObject\",\"inLanguage\":\"es\",\"@id\":\"https:\\\/\\\/contrastes.com.co\\\/web\\\/2023\\\/06\\\/26\\\/rumbo-a-las-elecciones-del-29-de-octubre-como-van-las-cosas-en-soledad\\\/#primaryimage\",\"url\":\"\",\"contentUrl\":\"\"},{\"@type\":\"BreadcrumbList\",\"@id\":\"https:\\\/\\\/contrastes.com.co\\\/web\\\/2023\\\/06\\\/26\\\/rumbo-a-las-elecciones-del-29-de-octubre-como-van-las-cosas-en-soledad\\\/#breadcrumb\",\"itemListElement\":[{\"@type\":\"ListItem\",\"position\":1,\"name\":\"Portada\",\"item\":\"https:\\\/\\\/contrastes.com.co\\\/web\\\/\"},{\"@type\":\"ListItem\",\"position\":2,\"name\":\"Rumbo a las elecciones del 29 de octubre: \u00bfC\u00f3mo van las cosas en Soledad?\"}]},{\"@type\":\"WebSite\",\"@id\":\"https:\\\/\\\/contrastes.com.co\\\/web\\\/#website\",\"url\":\"https:\\\/\\\/contrastes.com.co\\\/web\\\/\",\"name\":\"Contrastes\",\"description\":\"Periodismo de Conciencia\",\"publisher\":{\"@id\":\"https:\\\/\\\/contrastes.com.co\\\/web\\\/#organization\"},\"potentialAction\":[{\"@type\":\"SearchAction\",\"target\":{\"@type\":\"EntryPoint\",\"urlTemplate\":\"https:\\\/\\\/contrastes.com.co\\\/web\\\/?s={search_term_string}\"},\"query-input\":{\"@type\":\"PropertyValueSpecification\",\"valueRequired\":true,\"valueName\":\"search_term_string\"}}],\"inLanguage\":\"es\"},{\"@type\":\"Organization\",\"@id\":\"https:\\\/\\\/contrastes.com.co\\\/web\\\/#organization\",\"name\":\"Contrastes\",\"url\":\"https:\\\/\\\/contrastes.com.co\\\/web\\\/\",\"logo\":{\"@type\":\"ImageObject\",\"inLanguage\":\"es\",\"@id\":\"https:\\\/\\\/contrastes.com.co\\\/web\\\/#\\\/schema\\\/logo\\\/image\\\/\",\"url\":\"https:\\\/\\\/contrastes.com.co\\\/web\\\/wp-content\\\/uploads\\\/2025\\\/04\\\/15CONTRASTES3.png\",\"contentUrl\":\"https:\\\/\\\/contrastes.com.co\\\/web\\\/wp-content\\\/uploads\\\/2025\\\/04\\\/15CONTRASTES3.png\",\"width\":1536,\"height\":231,\"caption\":\"Contrastes\"},\"image\":{\"@id\":\"https:\\\/\\\/contrastes.com.co\\\/web\\\/#\\\/schema\\\/logo\\\/image\\\/\"},\"sameAs\":[\"https:\\\/\\\/www.facebook.com\\\/guillo.pantoja.1\"]},{\"@type\":\"Person\",\"@id\":\"https:\\\/\\\/contrastes.com.co\\\/web\\\/#\\\/schema\\\/person\\\/62ef7a62dc4da6de450c71fc2e95ed02\",\"name\":\"Editor\",\"image\":{\"@type\":\"ImageObject\",\"inLanguage\":\"es\",\"@id\":\"https:\\\/\\\/secure.gravatar.com\\\/avatar\\\/7bbb4f718d74bbf600dc556253bb04fd7ac8593751d6e2e3b85432d98aefae80?s=96&d=mm&r=g\",\"url\":\"https:\\\/\\\/secure.gravatar.com\\\/avatar\\\/7bbb4f718d74bbf600dc556253bb04fd7ac8593751d6e2e3b85432d98aefae80?s=96&d=mm&r=g\",\"contentUrl\":\"https:\\\/\\\/secure.gravatar.com\\\/avatar\\\/7bbb4f718d74bbf600dc556253bb04fd7ac8593751d6e2e3b85432d98aefae80?s=96&d=mm&r=g\",\"caption\":\"Editor\"},\"sameAs\":[\"https:\\\/\\\/contrastes.com.co\\\/web\"],\"url\":\"https:\\\/\\\/contrastes.com.co\\\/web\\\/author\\\/jdbobadilla\\\/\"}]}<\/script>\n<!-- \/ Yoast SEO plugin. -->","yoast_head_json":{"title":"Rumbo a las elecciones del 29 de octubre: \u00bfC\u00f3mo van las cosas en Soledad? - Constrastes","description":"El fin de semana me encontr\u00e9 con un gran amigo y un preocupado l\u00edder social solede\u00f1o, Nilly Jusquini, que a pesar de haber perdido una buena cantidad de kilos de peso no ha perdido ese incansable deseo de servirle a la comunidad. \u201cNilly\u201d est\u00e1 en plena campa\u00f1a por la alcald\u00eda de Soledad y le deseo muchos \u00e9xitos sinceramente. Ese mismo d\u00eda, pude apreciar una caravana pasando por la carrera 30 del barrio Hip\u00f3dromo, se movilizaba al ritmo de un temazo de Rub\u00e9n Blades y sus Seis del Solar, grabado en 1991 \u201cCaminando\u201d, y la encabezaba otro entra\u00f1able amigo, quiz\u00e1 mucho m\u00e1s cercano, y quien tambi\u00e9n aspira a ser elegido alcalde el pr\u00f3ximo 29 de octubre, se trata del ingeniero Leonardo Pereira, de quien puedo decir que tiene la disposici\u00f3n, el \u00edmpetu y la preparaci\u00f3n profesional para ocupar el primer cargo de elecci\u00f3n popular en el municipio.","robots":{"index":"index","follow":"follow","max-snippet":"max-snippet:-1","max-image-preview":"max-image-preview:large","max-video-preview":"max-video-preview:-1"},"canonical":"https:\/\/contrastes.com.co\/web\/2023\/06\/26\/rumbo-a-las-elecciones-del-29-de-octubre-como-van-las-cosas-en-soledad\/","og_locale":"es_ES","og_type":"article","og_title":"Rumbo a las elecciones del 29 de octubre: \u00bfC\u00f3mo van las cosas en Soledad? - Constrastes","og_description":"El fin de semana me encontr\u00e9 con un gran amigo y un preocupado l\u00edder social solede\u00f1o, Nilly Jusquini, que a pesar de haber perdido una buena cantidad de kilos de peso no ha perdido ese incansable deseo de servirle a la comunidad. \u201cNilly\u201d est\u00e1 en plena campa\u00f1a por la alcald\u00eda de Soledad y le deseo muchos \u00e9xitos sinceramente. Ese mismo d\u00eda, pude apreciar una caravana pasando por la carrera 30 del barrio Hip\u00f3dromo, se movilizaba al ritmo de un temazo de Rub\u00e9n Blades y sus Seis del Solar, grabado en 1991 \u201cCaminando\u201d, y la encabezaba otro entra\u00f1able amigo, quiz\u00e1 mucho m\u00e1s cercano, y quien tambi\u00e9n aspira a ser elegido alcalde el pr\u00f3ximo 29 de octubre, se trata del ingeniero Leonardo Pereira, de quien puedo decir que tiene la disposici\u00f3n, el \u00edmpetu y la preparaci\u00f3n profesional para ocupar el primer cargo de elecci\u00f3n popular en el municipio.","og_url":"https:\/\/contrastes.com.co\/web\/2023\/06\/26\/rumbo-a-las-elecciones-del-29-de-octubre-como-van-las-cosas-en-soledad\/","og_site_name":"Constrastes","article_publisher":"https:\/\/www.facebook.com\/guillo.pantoja.1","article_published_time":"2023-06-27T02:02:59+00:00","author":"Editor","twitter_card":"summary_large_image","twitter_misc":{"Escrito por":"Editor","Tiempo de lectura":"3 minutos"},"schema":{"@context":"https:\/\/schema.org","@graph":[{"@type":"Article","@id":"https:\/\/contrastes.com.co\/web\/2023\/06\/26\/rumbo-a-las-elecciones-del-29-de-octubre-como-van-las-cosas-en-soledad\/#article","isPartOf":{"@id":"https:\/\/contrastes.com.co\/web\/2023\/06\/26\/rumbo-a-las-elecciones-del-29-de-octubre-como-van-las-cosas-en-soledad\/"},"author":{"name":"Editor","@id":"https:\/\/contrastes.com.co\/web\/#\/schema\/person\/62ef7a62dc4da6de450c71fc2e95ed02"},"headline":"Rumbo a las elecciones del 29 de octubre: \u00bfC\u00f3mo van las cosas en Soledad?","datePublished":"2023-06-27T02:02:59+00:00","mainEntityOfPage":{"@id":"https:\/\/contrastes.com.co\/web\/2023\/06\/26\/rumbo-a-las-elecciones-del-29-de-octubre-como-van-las-cosas-en-soledad\/"},"wordCount":710,"commentCount":0,"publisher":{"@id":"https:\/\/contrastes.com.co\/web\/#organization"},"image":{"@id":"https:\/\/contrastes.com.co\/web\/2023\/06\/26\/rumbo-a-las-elecciones-del-29-de-octubre-como-van-las-cosas-en-soledad\/#primaryimage"},"thumbnailUrl":"","keywords":["Alcira Sandoval","Bryan Orozco","Cambio Radical","campa\u00f1a por la alcald\u00eda de Soledad 2023","Carlos Ortiz","elecciones regionales 2023","Enrique Chapman","Federman Vizcaino","Franco Gravini","Gonzalo Ucros","Jes\u00fas Turizo","Joao Herrera Iranzu","Juan Altamar","Leonardo Pereira Guerrero","Nelson Navarro Navarro","Nilly Jusquini","William Torres"],"articleSection":["Columnistas","Elecciones Regionales 2023","Locales","Opini\u00f3n","Pol\u00edtica","Regi\u00f3n"],"inLanguage":"es","potentialAction":[{"@type":"CommentAction","name":"Comment","target":["https:\/\/contrastes.com.co\/web\/2023\/06\/26\/rumbo-a-las-elecciones-del-29-de-octubre-como-van-las-cosas-en-soledad\/#respond"]}]},{"@type":"WebPage","@id":"https:\/\/contrastes.com.co\/web\/2023\/06\/26\/rumbo-a-las-elecciones-del-29-de-octubre-como-van-las-cosas-en-soledad\/","url":"https:\/\/contrastes.com.co\/web\/2023\/06\/26\/rumbo-a-las-elecciones-del-29-de-octubre-como-van-las-cosas-en-soledad\/","name":"Rumbo a las elecciones del 29 de octubre: \u00bfC\u00f3mo van las cosas en Soledad? - Constrastes","isPartOf":{"@id":"https:\/\/contrastes.com.co\/web\/#website"},"primaryImageOfPage":{"@id":"https:\/\/contrastes.com.co\/web\/2023\/06\/26\/rumbo-a-las-elecciones-del-29-de-octubre-como-van-las-cosas-en-soledad\/#primaryimage"},"image":{"@id":"https:\/\/contrastes.com.co\/web\/2023\/06\/26\/rumbo-a-las-elecciones-del-29-de-octubre-como-van-las-cosas-en-soledad\/#primaryimage"},"thumbnailUrl":"","datePublished":"2023-06-27T02:02:59+00:00","description":"El fin de semana me encontr\u00e9 con un gran amigo y un preocupado l\u00edder social solede\u00f1o, Nilly Jusquini, que a pesar de haber perdido una buena cantidad de kilos de peso no ha perdido ese incansable deseo de servirle a la comunidad. \u201cNilly\u201d est\u00e1 en plena campa\u00f1a por la alcald\u00eda de Soledad y le deseo muchos \u00e9xitos sinceramente. Ese mismo d\u00eda, pude apreciar una caravana pasando por la carrera 30 del barrio Hip\u00f3dromo, se movilizaba al ritmo de un temazo de Rub\u00e9n Blades y sus Seis del Solar, grabado en 1991 \u201cCaminando\u201d, y la encabezaba otro entra\u00f1able amigo, quiz\u00e1 mucho m\u00e1s cercano, y quien tambi\u00e9n aspira a ser elegido alcalde el pr\u00f3ximo 29 de octubre, se trata del ingeniero Leonardo Pereira, de quien puedo decir que tiene la disposici\u00f3n, el \u00edmpetu y la preparaci\u00f3n profesional para ocupar el primer cargo de elecci\u00f3n popular en el municipio.","breadcrumb":{"@id":"https:\/\/contrastes.com.co\/web\/2023\/06\/26\/rumbo-a-las-elecciones-del-29-de-octubre-como-van-las-cosas-en-soledad\/#breadcrumb"},"inLanguage":"es","potentialAction":[{"@type":"ReadAction","target":["https:\/\/contrastes.com.co\/web\/2023\/06\/26\/rumbo-a-las-elecciones-del-29-de-octubre-como-van-las-cosas-en-soledad\/"]}]},{"@type":"ImageObject","inLanguage":"es","@id":"https:\/\/contrastes.com.co\/web\/2023\/06\/26\/rumbo-a-las-elecciones-del-29-de-octubre-como-van-las-cosas-en-soledad\/#primaryimage","url":"","contentUrl":""},{"@type":"BreadcrumbList","@id":"https:\/\/contrastes.com.co\/web\/2023\/06\/26\/rumbo-a-las-elecciones-del-29-de-octubre-como-van-las-cosas-en-soledad\/#breadcrumb","itemListElement":[{"@type":"ListItem","position":1,"name":"Portada","item":"https:\/\/contrastes.com.co\/web\/"},{"@type":"ListItem","position":2,"name":"Rumbo a las elecciones del 29 de octubre: \u00bfC\u00f3mo van las cosas en Soledad?"}]},{"@type":"WebSite","@id":"https:\/\/contrastes.com.co\/web\/#website","url":"https:\/\/contrastes.com.co\/web\/","name":"Contrastes","description":"Periodismo de Conciencia","publisher":{"@id":"https:\/\/contrastes.com.co\/web\/#organization"},"potentialAction":[{"@type":"SearchAction","target":{"@type":"EntryPoint","urlTemplate":"https:\/\/contrastes.com.co\/web\/?s={search_term_string}"},"query-input":{"@type":"PropertyValueSpecification","valueRequired":true,"valueName":"search_term_string"}}],"inLanguage":"es"},{"@type":"Organization","@id":"https:\/\/contrastes.com.co\/web\/#organization","name":"Contrastes","url":"https:\/\/contrastes.com.co\/web\/","logo":{"@type":"ImageObject","inLanguage":"es","@id":"https:\/\/contrastes.com.co\/web\/#\/schema\/logo\/image\/","url":"https:\/\/contrastes.com.co\/web\/wp-content\/uploads\/2025\/04\/15CONTRASTES3.png","contentUrl":"https:\/\/contrastes.com.co\/web\/wp-content\/uploads\/2025\/04\/15CONTRASTES3.png","width":1536,"height":231,"caption":"Contrastes"},"image":{"@id":"https:\/\/contrastes.com.co\/web\/#\/schema\/logo\/image\/"},"sameAs":["https:\/\/www.facebook.com\/guillo.pantoja.1"]},{"@type":"Person","@id":"https:\/\/contrastes.com.co\/web\/#\/schema\/person\/62ef7a62dc4da6de450c71fc2e95ed02","name":"Editor","image":{"@type":"ImageObject","inLanguage":"es","@id":"https:\/\/secure.gravatar.com\/avatar\/7bbb4f718d74bbf600dc556253bb04fd7ac8593751d6e2e3b85432d98aefae80?s=96&d=mm&r=g","url":"https:\/\/secure.gravatar.com\/avatar\/7bbb4f718d74bbf600dc556253bb04fd7ac8593751d6e2e3b85432d98aefae80?s=96&d=mm&r=g","contentUrl":"https:\/\/secure.gravatar.com\/avatar\/7bbb4f718d74bbf600dc556253bb04fd7ac8593751d6e2e3b85432d98aefae80?s=96&d=mm&r=g","caption":"Editor"},"sameAs":["https:\/\/contrastes.com.co\/web"],"url":"https:\/\/contrastes.com.co\/web\/author\/jdbobadilla\/"}]}},"blog_post_layout_featured_media_urls":{"thumbnail":"","full":""},"categories_names":{"2400":{"name":"Columnistas","link":"https:\/\/contrastes.com.co\/web\/category\/columnistas\/"},"8453":{"name":"Elecciones Regionales 2023","link":"https:\/\/contrastes.com.co\/web\/category\/elecciones-regionales-2023\/"},"23":{"name":"Locales","link":"https:\/\/contrastes.com.co\/web\/category\/locales\/"},"277":{"name":"Opini\u00f3n","link":"https:\/\/contrastes.com.co\/web\/category\/opinion\/"},"203":{"name":"Pol\u00edtica","link":"https:\/\/contrastes.com.co\/web\/category\/politica\/"},"24":{"name":"Regi\u00f3n","link":"https:\/\/contrastes.com.co\/web\/category\/region\/"}},"tags_names":{"45":{"name":"Alcira Sandoval","link":"https:\/\/contrastes.com.co\/web\/tag\/alcira-sandoval\/"},"8232":{"name":"Bryan Orozco","link":"https:\/\/contrastes.com.co\/web\/tag\/bryan-orozco\/"},"9249":{"name":"Cambio Radical","link":"https:\/\/contrastes.com.co\/web\/tag\/cambio-radical\/"},"9250":{"name":"campa\u00f1a por la alcald\u00eda de Soledad 2023","link":"https:\/\/contrastes.com.co\/web\/tag\/campana-por-la-alcaldia-de-soledad-2023\/"},"9251":{"name":"Carlos Ortiz","link":"https:\/\/contrastes.com.co\/web\/tag\/carlos-ortiz\/"},"8313":{"name":"elecciones regionales 2023","link":"https:\/\/contrastes.com.co\/web\/tag\/elecciones-regionales-2023\/"},"9252":{"name":"Enrique Chapman","link":"https:\/\/contrastes.com.co\/web\/tag\/enrique-chapman\/"},"8235":{"name":"Federman Vizcaino","link":"https:\/\/contrastes.com.co\/web\/tag\/federman-vizcaino\/"},"9253":{"name":"Franco Gravini","link":"https:\/\/contrastes.com.co\/web\/tag\/franco-gravini\/"},"8430":{"name":"Gonzalo Ucros","link":"https:\/\/contrastes.com.co\/web\/tag\/gonzalo-ucros\/"},"9254":{"name":"Jes\u00fas Turizo","link":"https:\/\/contrastes.com.co\/web\/tag\/jesus-turizo\/"},"9255":{"name":"Joao Herrera Iranzu","link":"https:\/\/contrastes.com.co\/web\/tag\/joao-herrera-iranzu\/"},"9256":{"name":"Juan Altamar","link":"https:\/\/contrastes.com.co\/web\/tag\/juan-altamar\/"},"2398":{"name":"Leonardo Pereira Guerrero","link":"https:\/\/contrastes.com.co\/web\/tag\/leonardo-pereira-guerrero\/"},"9257":{"name":"Nelson Navarro Navarro","link":"https:\/\/contrastes.com.co\/web\/tag\/nelson-navarro-navarro\/"},"9258":{"name":"Nilly Jusquini","link":"https:\/\/contrastes.com.co\/web\/tag\/nilly-jusquini\/"},"9259":{"name":"William Torres","link":"https:\/\/contrastes.com.co\/web\/tag\/william-torres\/"}},"comments_number":"0","wpmagazine_modules_lite_featured_media_urls":{"thumbnail":"","cvmm-medium":"","cvmm-medium-plus":"","cvmm-portrait":"","cvmm-medium-square":"","cvmm-large":"","cvmm-small":"","full":""},"_links":{"self":[{"href":"https:\/\/contrastes.com.co\/web\/wp-json\/wp\/v2\/posts\/14334","targetHints":{"allow":["GET"]}}],"collection":[{"href":"https:\/\/contrastes.com.co\/web\/wp-json\/wp\/v2\/posts"}],"about":[{"href":"https:\/\/contrastes.com.co\/web\/wp-json\/wp\/v2\/types\/post"}],"author":[{"embeddable":true,"href":"https:\/\/contrastes.com.co\/web\/wp-json\/wp\/v2\/users\/1"}],"replies":[{"embeddable":true,"href":"https:\/\/contrastes.com.co\/web\/wp-json\/wp\/v2\/comments?post=14334"}],"version-history":[{"count":0,"href":"https:\/\/contrastes.com.co\/web\/wp-json\/wp\/v2\/posts\/14334\/revisions"}],"wp:attachment":[{"href":"https:\/\/contrastes.com.co\/web\/wp-json\/wp\/v2\/media?parent=14334"}],"wp:term":[{"taxonomy":"category","embeddable":true,"href":"https:\/\/contrastes.com.co\/web\/wp-json\/wp\/v2\/categories?post=14334"},{"taxonomy":"post_tag","embeddable":true,"href":"https:\/\/contrastes.com.co\/web\/wp-json\/wp\/v2\/tags?post=14334"}],"curies":[{"name":"wp","href":"https:\/\/api.w.org\/{rel}","templated":true}]}}