{"id":14348,"date":"2023-06-27T15:45:43","date_gmt":"2023-06-27T20:45:43","guid":{"rendered":"https:\/\/contrastes.com.co\/digital\/?p=14348"},"modified":"2023-06-27T15:45:43","modified_gmt":"2023-06-27T20:45:43","slug":"intenso-calor-y-fuertes-lluvias-mantienen-en-alerta-a-la-region-caribe","status":"publish","type":"post","link":"https:\/\/contrastes.com.co\/web\/2023\/06\/27\/intenso-calor-y-fuertes-lluvias-mantienen-en-alerta-a-la-region-caribe\/","title":{"rendered":"Intenso calor y fuertes lluvias mantienen en alerta a la regi\u00f3n Caribe"},"content":{"rendered":"<p><strong>*Intenso calor y fuertes lluvias mantienen en alerta a la regi\u00f3n Caribe<\/strong><\/p>\n<blockquote><p><strong>El Ideam mantiene alertas de variada intensidad en algunas poblaciones por probabilidad de incendios forestales y de deslizamiento de tierras.<\/strong><\/p><\/blockquote>\n<p><img decoding=\"async\" class=\"alignleft  wp-image-8529\" src=\"https:\/\/contrastes.com.co\/digital\/wp-content\/uploads\/2022\/03\/e-capitular.png\" alt=\"e capitular\" width=\"79\" height=\"79\" \/>l clima en la <strong>regi\u00f3n Caribe<\/strong> oscila entre altas temperaturas que se acercan a los 40 grados celsius y aguaceros repentinos con la capacidad de provocar emergencias, raz\u00f3n por la que el Ideam mantiene alertas de variada intensidad por la probabilidad de que se presenten tanto incendios forestales, como deslizamiento de tierras.<\/p>\n<p>Este martes podr\u00edan seguir las lluvias en algunos sectores, pero, a partir de este mi\u00e9rcoles, se espera un tiempo seco en la regi\u00f3n, con muy poca nubosidad y alto impacto de la radiaci\u00f3n solar, lo que seguir\u00e1 provocando altas temperaturas los pr\u00f3ximos d\u00edas.<\/p>\n<p>Con este panorama,<strong> Ideam mantiene alerta naranja por incendios forestales en la Alta Guajira y alerta amarilla en Atl\u00e1ntico<\/strong>, concretamente en los municipios de <strong>Baranoa, Polonuevo, Ponedera, Sabanalarga, Santo Tom\u00e1s y Usiacur\u00ed,<\/strong> tambi\u00e9n por la probabilidad de que se registren conflagraciones.<\/p>\n<p>Sin embargo, para el fin de semana volver\u00edan los aguaceros como consecuencia de una onda tropical que est\u00e1 entrando al mar Caribe. El fen\u00f3meno avanza a una velocidad menor y no se prev\u00e9 que se convierta en cicl\u00f3n, pero su paso traer\u00eda fuertes lluvias, inform\u00f3 David Carson, meteor\u00f3logo del Ideam.<\/p>\n<p>\u00abEl domingo 2 de julio, en horas de la tarde y de la noche regresar\u00e1n las precipitaciones de car\u00e1cter moderado y, en algunos casos, fuerte. Esto se debe al tr\u00e1nsito de una onda tropical, que es una de las causas por las que han ocurrido algunas lluvias fuertes al norte de la regi\u00f3n Caribe\u00bb, explic\u00f3 Carson.<\/p>\n<p>Debido a estas lluvias ligadas a la temporada de ciclones, persiste alerta roja por deslizamiento de tierra en algunas poblaciones del sur de Bol\u00edvar, sur de Cesar y sur de C\u00f3rdoba, as\u00ed como en Maicao, La Guajira. Adem\u00e1s, hay alerta naranja por deslizamiento en municipios del Atl\u00e1ntico como Pioj\u00f3, Luruaco y Repel\u00f3n.<\/p>\n","protected":false},"excerpt":{"rendered":"<p>El clima en la regi\u00f3n Caribe oscila entre altas temperaturas que se acercan a los 40 grados celsius y aguaceros repentinos con la capacidad de provocar emergencias, raz\u00f3n por la que el Ideam mantiene alertas de variada intensidad por la probabilidad de que se presenten tanto incendios forestales, como deslizamiento de tierras.<\/p>\n","protected":false},"author":1,"featured_media":14349,"comment_status":"open","ping_status":"open","sticky":false,"template":"","format":"standard","meta":{"footnotes":""},"categories":[9268,59,24],"tags":[1971,9269,357,5549,1973,2234,239,2164,1990,8679],"class_list":["post-14348","post","type-post","status-publish","format-standard","has-post-thumbnail","hentry","category-clima","category-medio-ambiente","category-region","tag-baranoa","tag-clima","tag-lluvias","tag-meteorologia-y-estudios-ambientales-ideam","tag-polonuevo","tag-ponedera","tag-region-caribe","tag-sabanalarga","tag-santo-tomas","tag-usiacuri"],"yoast_head":"<!-- This site is optimized with the Yoast SEO plugin v27.7 - https:\/\/yoast.com\/product\/yoast-seo-wordpress\/ -->\n<title>Intenso calor y fuertes lluvias mantienen en alerta a la regi\u00f3n Caribe - Constrastes<\/title>\n<meta name=\"description\" content=\"El clima en la regi\u00f3n Caribe oscila entre altas temperaturas que se acercan a los 40 grados celsius y aguaceros repentinos con la capacidad de provocar emergencias, raz\u00f3n por la que el Ideam mantiene alertas de variada intensidad por la probabilidad de que se presenten tanto incendios forestales, como deslizamiento de tierras.\" \/>\n<meta name=\"robots\" content=\"index, follow, max-snippet:-1, max-image-preview:large, max-video-preview:-1\" \/>\n<link rel=\"canonical\" href=\"https:\/\/contrastes.com.co\/web\/2023\/06\/27\/intenso-calor-y-fuertes-lluvias-mantienen-en-alerta-a-la-region-caribe\/\" \/>\n<meta property=\"og:locale\" content=\"es_ES\" \/>\n<meta property=\"og:type\" content=\"article\" \/>\n<meta property=\"og:title\" content=\"Intenso calor y fuertes lluvias mantienen en alerta a la regi\u00f3n Caribe - Constrastes\" \/>\n<meta property=\"og:description\" content=\"El clima en la regi\u00f3n Caribe oscila entre altas temperaturas que se acercan a los 40 grados celsius y aguaceros repentinos con la capacidad de provocar emergencias, raz\u00f3n por la que el Ideam mantiene alertas de variada intensidad por la probabilidad de que se presenten tanto incendios forestales, como deslizamiento de tierras.\" \/>\n<meta property=\"og:url\" content=\"https:\/\/contrastes.com.co\/web\/2023\/06\/27\/intenso-calor-y-fuertes-lluvias-mantienen-en-alerta-a-la-region-caribe\/\" \/>\n<meta property=\"og:site_name\" content=\"Constrastes\" \/>\n<meta property=\"article:publisher\" content=\"https:\/\/www.facebook.com\/guillo.pantoja.1\" \/>\n<meta property=\"article:published_time\" content=\"2023-06-27T20:45:43+00:00\" \/>\n<meta name=\"author\" content=\"Editor\" \/>\n<meta name=\"twitter:card\" content=\"summary_large_image\" \/>\n<meta name=\"twitter:label1\" content=\"Escrito por\" \/>\n\t<meta name=\"twitter:data1\" content=\"Editor\" \/>\n\t<meta name=\"twitter:label2\" content=\"Tiempo de lectura\" \/>\n\t<meta name=\"twitter:data2\" content=\"2 minutos\" \/>\n<script type=\"application\/ld+json\" class=\"yoast-schema-graph\">{\"@context\":\"https:\\\/\\\/schema.org\",\"@graph\":[{\"@type\":\"Article\",\"@id\":\"https:\\\/\\\/contrastes.com.co\\\/web\\\/2023\\\/06\\\/27\\\/intenso-calor-y-fuertes-lluvias-mantienen-en-alerta-a-la-region-caribe\\\/#article\",\"isPartOf\":{\"@id\":\"https:\\\/\\\/contrastes.com.co\\\/web\\\/2023\\\/06\\\/27\\\/intenso-calor-y-fuertes-lluvias-mantienen-en-alerta-a-la-region-caribe\\\/\"},\"author\":{\"name\":\"Editor\",\"@id\":\"https:\\\/\\\/contrastes.com.co\\\/web\\\/#\\\/schema\\\/person\\\/62ef7a62dc4da6de450c71fc2e95ed02\"},\"headline\":\"Intenso calor y fuertes lluvias mantienen en alerta a la regi\u00f3n Caribe\",\"datePublished\":\"2023-06-27T20:45:43+00:00\",\"mainEntityOfPage\":{\"@id\":\"https:\\\/\\\/contrastes.com.co\\\/web\\\/2023\\\/06\\\/27\\\/intenso-calor-y-fuertes-lluvias-mantienen-en-alerta-a-la-region-caribe\\\/\"},\"wordCount\":363,\"commentCount\":0,\"publisher\":{\"@id\":\"https:\\\/\\\/contrastes.com.co\\\/web\\\/#organization\"},\"image\":{\"@id\":\"https:\\\/\\\/contrastes.com.co\\\/web\\\/2023\\\/06\\\/27\\\/intenso-calor-y-fuertes-lluvias-mantienen-en-alerta-a-la-region-caribe\\\/#primaryimage\"},\"thumbnailUrl\":\"\",\"keywords\":[\"Baranoa\",\"clima\",\"lluvias\",\"Meteorolog\u00eda y Estudios Ambientales (Ideam)\",\"Polonuevo\",\"Ponedera\",\"regi\u00f3n caribe\",\"Sabanalarga\",\"Santo Tom\u00e1s\",\"Usiacur\u00ed\"],\"articleSection\":[\"Clima\",\"Medio Ambiente\",\"Regi\u00f3n\"],\"inLanguage\":\"es\",\"potentialAction\":[{\"@type\":\"CommentAction\",\"name\":\"Comment\",\"target\":[\"https:\\\/\\\/contrastes.com.co\\\/web\\\/2023\\\/06\\\/27\\\/intenso-calor-y-fuertes-lluvias-mantienen-en-alerta-a-la-region-caribe\\\/#respond\"]}]},{\"@type\":\"WebPage\",\"@id\":\"https:\\\/\\\/contrastes.com.co\\\/web\\\/2023\\\/06\\\/27\\\/intenso-calor-y-fuertes-lluvias-mantienen-en-alerta-a-la-region-caribe\\\/\",\"url\":\"https:\\\/\\\/contrastes.com.co\\\/web\\\/2023\\\/06\\\/27\\\/intenso-calor-y-fuertes-lluvias-mantienen-en-alerta-a-la-region-caribe\\\/\",\"name\":\"Intenso calor y fuertes lluvias mantienen en alerta a la regi\u00f3n Caribe - Constrastes\",\"isPartOf\":{\"@id\":\"https:\\\/\\\/contrastes.com.co\\\/web\\\/#website\"},\"primaryImageOfPage\":{\"@id\":\"https:\\\/\\\/contrastes.com.co\\\/web\\\/2023\\\/06\\\/27\\\/intenso-calor-y-fuertes-lluvias-mantienen-en-alerta-a-la-region-caribe\\\/#primaryimage\"},\"image\":{\"@id\":\"https:\\\/\\\/contrastes.com.co\\\/web\\\/2023\\\/06\\\/27\\\/intenso-calor-y-fuertes-lluvias-mantienen-en-alerta-a-la-region-caribe\\\/#primaryimage\"},\"thumbnailUrl\":\"\",\"datePublished\":\"2023-06-27T20:45:43+00:00\",\"description\":\"El clima en la regi\u00f3n Caribe oscila entre altas temperaturas que se acercan a los 40 grados celsius y aguaceros repentinos con la capacidad de provocar emergencias, raz\u00f3n por la que el Ideam mantiene alertas de variada intensidad por la probabilidad de que se presenten tanto incendios forestales, como deslizamiento de tierras.\",\"breadcrumb\":{\"@id\":\"https:\\\/\\\/contrastes.com.co\\\/web\\\/2023\\\/06\\\/27\\\/intenso-calor-y-fuertes-lluvias-mantienen-en-alerta-a-la-region-caribe\\\/#breadcrumb\"},\"inLanguage\":\"es\",\"potentialAction\":[{\"@type\":\"ReadAction\",\"target\":[\"https:\\\/\\\/contrastes.com.co\\\/web\\\/2023\\\/06\\\/27\\\/intenso-calor-y-fuertes-lluvias-mantienen-en-alerta-a-la-region-caribe\\\/\"]}]},{\"@type\":\"ImageObject\",\"inLanguage\":\"es\",\"@id\":\"https:\\\/\\\/contrastes.com.co\\\/web\\\/2023\\\/06\\\/27\\\/intenso-calor-y-fuertes-lluvias-mantienen-en-alerta-a-la-region-caribe\\\/#primaryimage\",\"url\":\"\",\"contentUrl\":\"\"},{\"@type\":\"BreadcrumbList\",\"@id\":\"https:\\\/\\\/contrastes.com.co\\\/web\\\/2023\\\/06\\\/27\\\/intenso-calor-y-fuertes-lluvias-mantienen-en-alerta-a-la-region-caribe\\\/#breadcrumb\",\"itemListElement\":[{\"@type\":\"ListItem\",\"position\":1,\"name\":\"Portada\",\"item\":\"https:\\\/\\\/contrastes.com.co\\\/web\\\/\"},{\"@type\":\"ListItem\",\"position\":2,\"name\":\"Intenso calor y fuertes lluvias mantienen en alerta a la regi\u00f3n Caribe\"}]},{\"@type\":\"WebSite\",\"@id\":\"https:\\\/\\\/contrastes.com.co\\\/web\\\/#website\",\"url\":\"https:\\\/\\\/contrastes.com.co\\\/web\\\/\",\"name\":\"Contrastes\",\"description\":\"Periodismo de Conciencia\",\"publisher\":{\"@id\":\"https:\\\/\\\/contrastes.com.co\\\/web\\\/#organization\"},\"potentialAction\":[{\"@type\":\"SearchAction\",\"target\":{\"@type\":\"EntryPoint\",\"urlTemplate\":\"https:\\\/\\\/contrastes.com.co\\\/web\\\/?s={search_term_string}\"},\"query-input\":{\"@type\":\"PropertyValueSpecification\",\"valueRequired\":true,\"valueName\":\"search_term_string\"}}],\"inLanguage\":\"es\"},{\"@type\":\"Organization\",\"@id\":\"https:\\\/\\\/contrastes.com.co\\\/web\\\/#organization\",\"name\":\"Contrastes\",\"url\":\"https:\\\/\\\/contrastes.com.co\\\/web\\\/\",\"logo\":{\"@type\":\"ImageObject\",\"inLanguage\":\"es\",\"@id\":\"https:\\\/\\\/contrastes.com.co\\\/web\\\/#\\\/schema\\\/logo\\\/image\\\/\",\"url\":\"https:\\\/\\\/contrastes.com.co\\\/web\\\/wp-content\\\/uploads\\\/2025\\\/04\\\/15CONTRASTES3.png\",\"contentUrl\":\"https:\\\/\\\/contrastes.com.co\\\/web\\\/wp-content\\\/uploads\\\/2025\\\/04\\\/15CONTRASTES3.png\",\"width\":1536,\"height\":231,\"caption\":\"Contrastes\"},\"image\":{\"@id\":\"https:\\\/\\\/contrastes.com.co\\\/web\\\/#\\\/schema\\\/logo\\\/image\\\/\"},\"sameAs\":[\"https:\\\/\\\/www.facebook.com\\\/guillo.pantoja.1\"]},{\"@type\":\"Person\",\"@id\":\"https:\\\/\\\/contrastes.com.co\\\/web\\\/#\\\/schema\\\/person\\\/62ef7a62dc4da6de450c71fc2e95ed02\",\"name\":\"Editor\",\"image\":{\"@type\":\"ImageObject\",\"inLanguage\":\"es\",\"@id\":\"https:\\\/\\\/secure.gravatar.com\\\/avatar\\\/7bbb4f718d74bbf600dc556253bb04fd7ac8593751d6e2e3b85432d98aefae80?s=96&d=mm&r=g\",\"url\":\"https:\\\/\\\/secure.gravatar.com\\\/avatar\\\/7bbb4f718d74bbf600dc556253bb04fd7ac8593751d6e2e3b85432d98aefae80?s=96&d=mm&r=g\",\"contentUrl\":\"https:\\\/\\\/secure.gravatar.com\\\/avatar\\\/7bbb4f718d74bbf600dc556253bb04fd7ac8593751d6e2e3b85432d98aefae80?s=96&d=mm&r=g\",\"caption\":\"Editor\"},\"sameAs\":[\"https:\\\/\\\/contrastes.com.co\\\/web\"],\"url\":\"https:\\\/\\\/contrastes.com.co\\\/web\\\/author\\\/jdbobadilla\\\/\"}]}<\/script>\n<!-- \/ Yoast SEO plugin. -->","yoast_head_json":{"title":"Intenso calor y fuertes lluvias mantienen en alerta a la regi\u00f3n Caribe - Constrastes","description":"El clima en la regi\u00f3n Caribe oscila entre altas temperaturas que se acercan a los 40 grados celsius y aguaceros repentinos con la capacidad de provocar emergencias, raz\u00f3n por la que el Ideam mantiene alertas de variada intensidad por la probabilidad de que se presenten tanto incendios forestales, como deslizamiento de tierras.","robots":{"index":"index","follow":"follow","max-snippet":"max-snippet:-1","max-image-preview":"max-image-preview:large","max-video-preview":"max-video-preview:-1"},"canonical":"https:\/\/contrastes.com.co\/web\/2023\/06\/27\/intenso-calor-y-fuertes-lluvias-mantienen-en-alerta-a-la-region-caribe\/","og_locale":"es_ES","og_type":"article","og_title":"Intenso calor y fuertes lluvias mantienen en alerta a la regi\u00f3n Caribe - Constrastes","og_description":"El clima en la regi\u00f3n Caribe oscila entre altas temperaturas que se acercan a los 40 grados celsius y aguaceros repentinos con la capacidad de provocar emergencias, raz\u00f3n por la que el Ideam mantiene alertas de variada intensidad por la probabilidad de que se presenten tanto incendios forestales, como deslizamiento de tierras.","og_url":"https:\/\/contrastes.com.co\/web\/2023\/06\/27\/intenso-calor-y-fuertes-lluvias-mantienen-en-alerta-a-la-region-caribe\/","og_site_name":"Constrastes","article_publisher":"https:\/\/www.facebook.com\/guillo.pantoja.1","article_published_time":"2023-06-27T20:45:43+00:00","author":"Editor","twitter_card":"summary_large_image","twitter_misc":{"Escrito por":"Editor","Tiempo de lectura":"2 minutos"},"schema":{"@context":"https:\/\/schema.org","@graph":[{"@type":"Article","@id":"https:\/\/contrastes.com.co\/web\/2023\/06\/27\/intenso-calor-y-fuertes-lluvias-mantienen-en-alerta-a-la-region-caribe\/#article","isPartOf":{"@id":"https:\/\/contrastes.com.co\/web\/2023\/06\/27\/intenso-calor-y-fuertes-lluvias-mantienen-en-alerta-a-la-region-caribe\/"},"author":{"name":"Editor","@id":"https:\/\/contrastes.com.co\/web\/#\/schema\/person\/62ef7a62dc4da6de450c71fc2e95ed02"},"headline":"Intenso calor y fuertes lluvias mantienen en alerta a la regi\u00f3n Caribe","datePublished":"2023-06-27T20:45:43+00:00","mainEntityOfPage":{"@id":"https:\/\/contrastes.com.co\/web\/2023\/06\/27\/intenso-calor-y-fuertes-lluvias-mantienen-en-alerta-a-la-region-caribe\/"},"wordCount":363,"commentCount":0,"publisher":{"@id":"https:\/\/contrastes.com.co\/web\/#organization"},"image":{"@id":"https:\/\/contrastes.com.co\/web\/2023\/06\/27\/intenso-calor-y-fuertes-lluvias-mantienen-en-alerta-a-la-region-caribe\/#primaryimage"},"thumbnailUrl":"","keywords":["Baranoa","clima","lluvias","Meteorolog\u00eda y Estudios Ambientales (Ideam)","Polonuevo","Ponedera","regi\u00f3n caribe","Sabanalarga","Santo Tom\u00e1s","Usiacur\u00ed"],"articleSection":["Clima","Medio Ambiente","Regi\u00f3n"],"inLanguage":"es","potentialAction":[{"@type":"CommentAction","name":"Comment","target":["https:\/\/contrastes.com.co\/web\/2023\/06\/27\/intenso-calor-y-fuertes-lluvias-mantienen-en-alerta-a-la-region-caribe\/#respond"]}]},{"@type":"WebPage","@id":"https:\/\/contrastes.com.co\/web\/2023\/06\/27\/intenso-calor-y-fuertes-lluvias-mantienen-en-alerta-a-la-region-caribe\/","url":"https:\/\/contrastes.com.co\/web\/2023\/06\/27\/intenso-calor-y-fuertes-lluvias-mantienen-en-alerta-a-la-region-caribe\/","name":"Intenso calor y fuertes lluvias mantienen en alerta a la regi\u00f3n Caribe - Constrastes","isPartOf":{"@id":"https:\/\/contrastes.com.co\/web\/#website"},"primaryImageOfPage":{"@id":"https:\/\/contrastes.com.co\/web\/2023\/06\/27\/intenso-calor-y-fuertes-lluvias-mantienen-en-alerta-a-la-region-caribe\/#primaryimage"},"image":{"@id":"https:\/\/contrastes.com.co\/web\/2023\/06\/27\/intenso-calor-y-fuertes-lluvias-mantienen-en-alerta-a-la-region-caribe\/#primaryimage"},"thumbnailUrl":"","datePublished":"2023-06-27T20:45:43+00:00","description":"El clima en la regi\u00f3n Caribe oscila entre altas temperaturas que se acercan a los 40 grados celsius y aguaceros repentinos con la capacidad de provocar emergencias, raz\u00f3n por la que el Ideam mantiene alertas de variada intensidad por la probabilidad de que se presenten tanto incendios forestales, como deslizamiento de tierras.","breadcrumb":{"@id":"https:\/\/contrastes.com.co\/web\/2023\/06\/27\/intenso-calor-y-fuertes-lluvias-mantienen-en-alerta-a-la-region-caribe\/#breadcrumb"},"inLanguage":"es","potentialAction":[{"@type":"ReadAction","target":["https:\/\/contrastes.com.co\/web\/2023\/06\/27\/intenso-calor-y-fuertes-lluvias-mantienen-en-alerta-a-la-region-caribe\/"]}]},{"@type":"ImageObject","inLanguage":"es","@id":"https:\/\/contrastes.com.co\/web\/2023\/06\/27\/intenso-calor-y-fuertes-lluvias-mantienen-en-alerta-a-la-region-caribe\/#primaryimage","url":"","contentUrl":""},{"@type":"BreadcrumbList","@id":"https:\/\/contrastes.com.co\/web\/2023\/06\/27\/intenso-calor-y-fuertes-lluvias-mantienen-en-alerta-a-la-region-caribe\/#breadcrumb","itemListElement":[{"@type":"ListItem","position":1,"name":"Portada","item":"https:\/\/contrastes.com.co\/web\/"},{"@type":"ListItem","position":2,"name":"Intenso calor y fuertes lluvias mantienen en alerta a la regi\u00f3n Caribe"}]},{"@type":"WebSite","@id":"https:\/\/contrastes.com.co\/web\/#website","url":"https:\/\/contrastes.com.co\/web\/","name":"Contrastes","description":"Periodismo de Conciencia","publisher":{"@id":"https:\/\/contrastes.com.co\/web\/#organization"},"potentialAction":[{"@type":"SearchAction","target":{"@type":"EntryPoint","urlTemplate":"https:\/\/contrastes.com.co\/web\/?s={search_term_string}"},"query-input":{"@type":"PropertyValueSpecification","valueRequired":true,"valueName":"search_term_string"}}],"inLanguage":"es"},{"@type":"Organization","@id":"https:\/\/contrastes.com.co\/web\/#organization","name":"Contrastes","url":"https:\/\/contrastes.com.co\/web\/","logo":{"@type":"ImageObject","inLanguage":"es","@id":"https:\/\/contrastes.com.co\/web\/#\/schema\/logo\/image\/","url":"https:\/\/contrastes.com.co\/web\/wp-content\/uploads\/2025\/04\/15CONTRASTES3.png","contentUrl":"https:\/\/contrastes.com.co\/web\/wp-content\/uploads\/2025\/04\/15CONTRASTES3.png","width":1536,"height":231,"caption":"Contrastes"},"image":{"@id":"https:\/\/contrastes.com.co\/web\/#\/schema\/logo\/image\/"},"sameAs":["https:\/\/www.facebook.com\/guillo.pantoja.1"]},{"@type":"Person","@id":"https:\/\/contrastes.com.co\/web\/#\/schema\/person\/62ef7a62dc4da6de450c71fc2e95ed02","name":"Editor","image":{"@type":"ImageObject","inLanguage":"es","@id":"https:\/\/secure.gravatar.com\/avatar\/7bbb4f718d74bbf600dc556253bb04fd7ac8593751d6e2e3b85432d98aefae80?s=96&d=mm&r=g","url":"https:\/\/secure.gravatar.com\/avatar\/7bbb4f718d74bbf600dc556253bb04fd7ac8593751d6e2e3b85432d98aefae80?s=96&d=mm&r=g","contentUrl":"https:\/\/secure.gravatar.com\/avatar\/7bbb4f718d74bbf600dc556253bb04fd7ac8593751d6e2e3b85432d98aefae80?s=96&d=mm&r=g","caption":"Editor"},"sameAs":["https:\/\/contrastes.com.co\/web"],"url":"https:\/\/contrastes.com.co\/web\/author\/jdbobadilla\/"}]}},"blog_post_layout_featured_media_urls":{"thumbnail":"","full":""},"categories_names":{"9268":{"name":"Clima","link":"https:\/\/contrastes.com.co\/web\/category\/clima\/"},"59":{"name":"Medio Ambiente","link":"https:\/\/contrastes.com.co\/web\/category\/medio-ambiente\/"},"24":{"name":"Regi\u00f3n","link":"https:\/\/contrastes.com.co\/web\/category\/region\/"}},"tags_names":{"1971":{"name":"Baranoa","link":"https:\/\/contrastes.com.co\/web\/tag\/baranoa\/"},"9269":{"name":"clima","link":"https:\/\/contrastes.com.co\/web\/tag\/clima\/"},"357":{"name":"lluvias","link":"https:\/\/contrastes.com.co\/web\/tag\/lluvias\/"},"5549":{"name":"Meteorolog\u00eda y Estudios Ambientales (Ideam)","link":"https:\/\/contrastes.com.co\/web\/tag\/meteorologia-y-estudios-ambientales-ideam\/"},"1973":{"name":"Polonuevo","link":"https:\/\/contrastes.com.co\/web\/tag\/polonuevo\/"},"2234":{"name":"Ponedera","link":"https:\/\/contrastes.com.co\/web\/tag\/ponedera\/"},"239":{"name":"regi\u00f3n caribe","link":"https:\/\/contrastes.com.co\/web\/tag\/region-caribe\/"},"2164":{"name":"Sabanalarga","link":"https:\/\/contrastes.com.co\/web\/tag\/sabanalarga\/"},"1990":{"name":"Santo Tom\u00e1s","link":"https:\/\/contrastes.com.co\/web\/tag\/santo-tomas\/"},"8679":{"name":"Usiacur\u00ed","link":"https:\/\/contrastes.com.co\/web\/tag\/usiacuri\/"}},"comments_number":"0","wpmagazine_modules_lite_featured_media_urls":{"thumbnail":"","cvmm-medium":"","cvmm-medium-plus":"","cvmm-portrait":"","cvmm-medium-square":"","cvmm-large":"","cvmm-small":"","full":""},"_links":{"self":[{"href":"https:\/\/contrastes.com.co\/web\/wp-json\/wp\/v2\/posts\/14348","targetHints":{"allow":["GET"]}}],"collection":[{"href":"https:\/\/contrastes.com.co\/web\/wp-json\/wp\/v2\/posts"}],"about":[{"href":"https:\/\/contrastes.com.co\/web\/wp-json\/wp\/v2\/types\/post"}],"author":[{"embeddable":true,"href":"https:\/\/contrastes.com.co\/web\/wp-json\/wp\/v2\/users\/1"}],"replies":[{"embeddable":true,"href":"https:\/\/contrastes.com.co\/web\/wp-json\/wp\/v2\/comments?post=14348"}],"version-history":[{"count":0,"href":"https:\/\/contrastes.com.co\/web\/wp-json\/wp\/v2\/posts\/14348\/revisions"}],"wp:attachment":[{"href":"https:\/\/contrastes.com.co\/web\/wp-json\/wp\/v2\/media?parent=14348"}],"wp:term":[{"taxonomy":"category","embeddable":true,"href":"https:\/\/contrastes.com.co\/web\/wp-json\/wp\/v2\/categories?post=14348"},{"taxonomy":"post_tag","embeddable":true,"href":"https:\/\/contrastes.com.co\/web\/wp-json\/wp\/v2\/tags?post=14348"}],"curies":[{"name":"wp","href":"https:\/\/api.w.org\/{rel}","templated":true}]}}