{"id":14425,"date":"2023-07-10T16:08:42","date_gmt":"2023-07-10T21:08:42","guid":{"rendered":"https:\/\/contrastes.com.co\/digital\/?p=14425"},"modified":"2023-07-10T16:08:42","modified_gmt":"2023-07-10T21:08:42","slug":"mas-camaras-de-seguridad-inteligencia-y-pie-de-fuerza-policial-contra-el-delito-en-soledad","status":"publish","type":"post","link":"https:\/\/contrastes.com.co\/web\/2023\/07\/10\/mas-camaras-de-seguridad-inteligencia-y-pie-de-fuerza-policial-contra-el-delito-en-soledad\/","title":{"rendered":"M\u00e1s c\u00e1maras de seguridad, inteligencia y pie de fuerza policial contra el delito en Soledad"},"content":{"rendered":"<p><strong>*Nos urge fortalecer el sistema de c\u00e1maras de seguridad, inteligencia y pie de fuerza en Soledad: Ucr\u00f3s Rosales<\/strong><\/p>\n<blockquote><p><strong>\u201cHemos sido reiterativos ante el gobierno anterior y el actual sobre la necesidad del incremento en el pie de fuerza. Soledad est\u00e1 muy por debajo de la media tanto regional como nacional y necesitamos un incremento importante en el pie de fuerza\u00bb: Rodolfo Ucr\u00f3s.<\/strong><\/p><\/blockquote>\n<p><img decoding=\"async\" class=\"alignleft wp-image-9758\" src=\"https:\/\/contrastes.com.co\/digital\/wp-content\/uploads\/2022\/06\/f-capitular.png\" alt=\"f capitular\" width=\"56\" height=\"56\" \/>rente al fen\u00f3meno de la violencia en el Atl\u00e1ntico y m\u00e1s puntualmente en su localidad, el alcalde de Soledad, Rodolfo Ucr\u00f3s Rosales, reiter\u00f3 a las autoridades nacionales la urgencia de fortalecer el sistema de c\u00e1maras de seguridad, la inteligencia y el pie de fuerza policial en el ente territorial.<\/p>\n<p>Durante la reuni\u00f3n, convocada por la <strong>Procuradur\u00eda<\/strong>, y a la que acudi\u00f3 la gobernadora del Atl\u00e1ntico y los alcaldes del \u00e1rea metropolitana de Barranquilla, el mandatario expres\u00f3: \u201cestamos solicit\u00e1ndole a los ministerios competentes el acompa\u00f1amiento para lograr la financiaci\u00f3n de un sistema moderno de c\u00e1maras de seguridad que abarque aquellas zonas cr\u00edticas en materia de inseguridad\u201d.<\/p>\n<p>Ucr\u00f3s Rosales indic\u00f3 que -de manera coordinada- se viene trabajando y haciendo seguimiento a las acciones de seguridad junto con la <strong>Gobernaci\u00f3n del Atl\u00e1ntico<\/strong> y la Fuerza P\u00fablica, sin embargo, se requiere el apoyo del orden nacional.<\/p>\n<p>\u201cHemos sido reiterativos ante el gobierno anterior y el actual sobre la necesidad del incremento en el pie de fuerza. Soledad est\u00e1 muy por debajo de la media tanto regional como nacional y necesitamos un incremento importante en el pie de fuerza\u201d, agreg\u00f3 Ucr\u00f3s Rosales, quien sostiene que se requiere robustecer la inteligencia e investigaci\u00f3n de delitos.<\/p>\n<p>El alcalde de Soledad puntualiz\u00f3 que el fen\u00f3meno de la violencia cobra fuerza en muchos municipios del Atl\u00e1ntico. \u201cEn un municipio tan grande como Soledad, el octavo ente territorial m\u00e1s poblado de toda Colombia con cerca de un mill\u00f3n de habitantes, el n\u00famero de homicidios tiene mayor impacto\u201d.<\/p>\n","protected":false},"excerpt":{"rendered":"<p>Frente al fen\u00f3meno de la violencia en el Atl\u00e1ntico y m\u00e1s puntualmente en su localidad, el alcalde de Soledad, Rodolfo Ucr\u00f3s Rosales, reiter\u00f3 a las autoridades nacionales la urgencia de fortalecer el sistema de c\u00e1maras de seguridad, la inteligencia y el pie de fuerza policial en el ente territorial.<\/p>\n","protected":false},"author":1,"featured_media":14444,"comment_status":"open","ping_status":"open","sticky":false,"template":"","format":"standard","meta":{"footnotes":""},"categories":[23,53],"tags":[28,9320,15,4439,51,9321,2642,1879],"class_list":["post-14425","post","type-post","status-publish","format-standard","has-post-thumbnail","hentry","category-locales","category-seguridad-ciudadana","tag-alcaldia-de-soledad","tag-cmaras-de-seguridad","tag-gobernacion-del-atlantico","tag-inteligencia-policial","tag-municipio-de-soledad","tag-pie-de-fuerza-policial","tag-procuraduria-general-de-la-nacion","tag-rodolfo-ucros-rosales"],"yoast_head":"<!-- This site is optimized with the Yoast SEO plugin v27.7 - https:\/\/yoast.com\/product\/yoast-seo-wordpress\/ -->\n<title>M\u00e1s c\u00e1maras de seguridad, inteligencia y pie de fuerza policial contra el delito en Soledad - Constrastes<\/title>\n<meta name=\"description\" content=\"Frente al fen\u00f3meno de la violencia en el Atl\u00e1ntico y m\u00e1s puntualmente en su localidad, el alcalde de Soledad, Rodolfo Ucr\u00f3s Rosales, reiter\u00f3 a las autoridades nacionales la urgencia de fortalecer el sistema de c\u00e1maras de seguridad, la inteligencia y el pie de fuerza policial en el ente territorial.\" \/>\n<meta name=\"robots\" content=\"index, follow, max-snippet:-1, max-image-preview:large, max-video-preview:-1\" \/>\n<link rel=\"canonical\" href=\"https:\/\/contrastes.com.co\/web\/2023\/07\/10\/mas-camaras-de-seguridad-inteligencia-y-pie-de-fuerza-policial-contra-el-delito-en-soledad\/\" \/>\n<meta property=\"og:locale\" content=\"es_ES\" \/>\n<meta property=\"og:type\" content=\"article\" \/>\n<meta property=\"og:title\" content=\"M\u00e1s c\u00e1maras de seguridad, inteligencia y pie de fuerza policial contra el delito en Soledad - Constrastes\" \/>\n<meta property=\"og:description\" content=\"Frente al fen\u00f3meno de la violencia en el Atl\u00e1ntico y m\u00e1s puntualmente en su localidad, el alcalde de Soledad, Rodolfo Ucr\u00f3s Rosales, reiter\u00f3 a las autoridades nacionales la urgencia de fortalecer el sistema de c\u00e1maras de seguridad, la inteligencia y el pie de fuerza policial en el ente territorial.\" \/>\n<meta property=\"og:url\" content=\"https:\/\/contrastes.com.co\/web\/2023\/07\/10\/mas-camaras-de-seguridad-inteligencia-y-pie-de-fuerza-policial-contra-el-delito-en-soledad\/\" \/>\n<meta property=\"og:site_name\" content=\"Constrastes\" \/>\n<meta property=\"article:publisher\" content=\"https:\/\/www.facebook.com\/guillo.pantoja.1\" \/>\n<meta property=\"article:published_time\" content=\"2023-07-10T21:08:42+00:00\" \/>\n<meta name=\"author\" content=\"Editor\" \/>\n<meta name=\"twitter:card\" content=\"summary_large_image\" \/>\n<meta name=\"twitter:label1\" content=\"Escrito por\" \/>\n\t<meta name=\"twitter:data1\" content=\"Editor\" \/>\n\t<meta name=\"twitter:label2\" content=\"Tiempo de lectura\" \/>\n\t<meta name=\"twitter:data2\" content=\"2 minutos\" \/>\n<script type=\"application\/ld+json\" class=\"yoast-schema-graph\">{\"@context\":\"https:\\\/\\\/schema.org\",\"@graph\":[{\"@type\":\"Article\",\"@id\":\"https:\\\/\\\/contrastes.com.co\\\/web\\\/2023\\\/07\\\/10\\\/mas-camaras-de-seguridad-inteligencia-y-pie-de-fuerza-policial-contra-el-delito-en-soledad\\\/#article\",\"isPartOf\":{\"@id\":\"https:\\\/\\\/contrastes.com.co\\\/web\\\/2023\\\/07\\\/10\\\/mas-camaras-de-seguridad-inteligencia-y-pie-de-fuerza-policial-contra-el-delito-en-soledad\\\/\"},\"author\":{\"name\":\"Editor\",\"@id\":\"https:\\\/\\\/contrastes.com.co\\\/web\\\/#\\\/schema\\\/person\\\/62ef7a62dc4da6de450c71fc2e95ed02\"},\"headline\":\"M\u00e1s c\u00e1maras de seguridad, inteligencia y pie de fuerza policial contra el delito en Soledad\",\"datePublished\":\"2023-07-10T21:08:42+00:00\",\"mainEntityOfPage\":{\"@id\":\"https:\\\/\\\/contrastes.com.co\\\/web\\\/2023\\\/07\\\/10\\\/mas-camaras-de-seguridad-inteligencia-y-pie-de-fuerza-policial-contra-el-delito-en-soledad\\\/\"},\"wordCount\":353,\"commentCount\":0,\"publisher\":{\"@id\":\"https:\\\/\\\/contrastes.com.co\\\/web\\\/#organization\"},\"image\":{\"@id\":\"https:\\\/\\\/contrastes.com.co\\\/web\\\/2023\\\/07\\\/10\\\/mas-camaras-de-seguridad-inteligencia-y-pie-de-fuerza-policial-contra-el-delito-en-soledad\\\/#primaryimage\"},\"thumbnailUrl\":\"\",\"keywords\":[\"alcaldia de Soledad\",\"C\u00b4maras de seguridad\",\"gobernaci\u00f3n del Atl\u00e1ntico\",\"Inteligencia policial\",\"municipio de soledad\",\"pie de fuerza policial\",\"Procuradur\u00eda General de la Naci\u00f3n\",\"Rodolfo Ucr\u00f3s Rosales\"],\"articleSection\":[\"Locales\",\"Seguridad Ciudadana\"],\"inLanguage\":\"es\",\"potentialAction\":[{\"@type\":\"CommentAction\",\"name\":\"Comment\",\"target\":[\"https:\\\/\\\/contrastes.com.co\\\/web\\\/2023\\\/07\\\/10\\\/mas-camaras-de-seguridad-inteligencia-y-pie-de-fuerza-policial-contra-el-delito-en-soledad\\\/#respond\"]}]},{\"@type\":\"WebPage\",\"@id\":\"https:\\\/\\\/contrastes.com.co\\\/web\\\/2023\\\/07\\\/10\\\/mas-camaras-de-seguridad-inteligencia-y-pie-de-fuerza-policial-contra-el-delito-en-soledad\\\/\",\"url\":\"https:\\\/\\\/contrastes.com.co\\\/web\\\/2023\\\/07\\\/10\\\/mas-camaras-de-seguridad-inteligencia-y-pie-de-fuerza-policial-contra-el-delito-en-soledad\\\/\",\"name\":\"M\u00e1s c\u00e1maras de seguridad, inteligencia y pie de fuerza policial contra el delito en Soledad - Constrastes\",\"isPartOf\":{\"@id\":\"https:\\\/\\\/contrastes.com.co\\\/web\\\/#website\"},\"primaryImageOfPage\":{\"@id\":\"https:\\\/\\\/contrastes.com.co\\\/web\\\/2023\\\/07\\\/10\\\/mas-camaras-de-seguridad-inteligencia-y-pie-de-fuerza-policial-contra-el-delito-en-soledad\\\/#primaryimage\"},\"image\":{\"@id\":\"https:\\\/\\\/contrastes.com.co\\\/web\\\/2023\\\/07\\\/10\\\/mas-camaras-de-seguridad-inteligencia-y-pie-de-fuerza-policial-contra-el-delito-en-soledad\\\/#primaryimage\"},\"thumbnailUrl\":\"\",\"datePublished\":\"2023-07-10T21:08:42+00:00\",\"description\":\"Frente al fen\u00f3meno de la violencia en el Atl\u00e1ntico y m\u00e1s puntualmente en su localidad, el alcalde de Soledad, Rodolfo Ucr\u00f3s Rosales, reiter\u00f3 a las autoridades nacionales la urgencia de fortalecer el sistema de c\u00e1maras de seguridad, la inteligencia y el pie de fuerza policial en el ente territorial.\",\"breadcrumb\":{\"@id\":\"https:\\\/\\\/contrastes.com.co\\\/web\\\/2023\\\/07\\\/10\\\/mas-camaras-de-seguridad-inteligencia-y-pie-de-fuerza-policial-contra-el-delito-en-soledad\\\/#breadcrumb\"},\"inLanguage\":\"es\",\"potentialAction\":[{\"@type\":\"ReadAction\",\"target\":[\"https:\\\/\\\/contrastes.com.co\\\/web\\\/2023\\\/07\\\/10\\\/mas-camaras-de-seguridad-inteligencia-y-pie-de-fuerza-policial-contra-el-delito-en-soledad\\\/\"]}]},{\"@type\":\"ImageObject\",\"inLanguage\":\"es\",\"@id\":\"https:\\\/\\\/contrastes.com.co\\\/web\\\/2023\\\/07\\\/10\\\/mas-camaras-de-seguridad-inteligencia-y-pie-de-fuerza-policial-contra-el-delito-en-soledad\\\/#primaryimage\",\"url\":\"\",\"contentUrl\":\"\"},{\"@type\":\"BreadcrumbList\",\"@id\":\"https:\\\/\\\/contrastes.com.co\\\/web\\\/2023\\\/07\\\/10\\\/mas-camaras-de-seguridad-inteligencia-y-pie-de-fuerza-policial-contra-el-delito-en-soledad\\\/#breadcrumb\",\"itemListElement\":[{\"@type\":\"ListItem\",\"position\":1,\"name\":\"Portada\",\"item\":\"https:\\\/\\\/contrastes.com.co\\\/web\\\/\"},{\"@type\":\"ListItem\",\"position\":2,\"name\":\"M\u00e1s c\u00e1maras de seguridad, inteligencia y pie de fuerza policial contra el delito en Soledad\"}]},{\"@type\":\"WebSite\",\"@id\":\"https:\\\/\\\/contrastes.com.co\\\/web\\\/#website\",\"url\":\"https:\\\/\\\/contrastes.com.co\\\/web\\\/\",\"name\":\"Contrastes\",\"description\":\"Periodismo de Conciencia\",\"publisher\":{\"@id\":\"https:\\\/\\\/contrastes.com.co\\\/web\\\/#organization\"},\"potentialAction\":[{\"@type\":\"SearchAction\",\"target\":{\"@type\":\"EntryPoint\",\"urlTemplate\":\"https:\\\/\\\/contrastes.com.co\\\/web\\\/?s={search_term_string}\"},\"query-input\":{\"@type\":\"PropertyValueSpecification\",\"valueRequired\":true,\"valueName\":\"search_term_string\"}}],\"inLanguage\":\"es\"},{\"@type\":\"Organization\",\"@id\":\"https:\\\/\\\/contrastes.com.co\\\/web\\\/#organization\",\"name\":\"Contrastes\",\"url\":\"https:\\\/\\\/contrastes.com.co\\\/web\\\/\",\"logo\":{\"@type\":\"ImageObject\",\"inLanguage\":\"es\",\"@id\":\"https:\\\/\\\/contrastes.com.co\\\/web\\\/#\\\/schema\\\/logo\\\/image\\\/\",\"url\":\"https:\\\/\\\/contrastes.com.co\\\/web\\\/wp-content\\\/uploads\\\/2025\\\/04\\\/15CONTRASTES3.png\",\"contentUrl\":\"https:\\\/\\\/contrastes.com.co\\\/web\\\/wp-content\\\/uploads\\\/2025\\\/04\\\/15CONTRASTES3.png\",\"width\":1536,\"height\":231,\"caption\":\"Contrastes\"},\"image\":{\"@id\":\"https:\\\/\\\/contrastes.com.co\\\/web\\\/#\\\/schema\\\/logo\\\/image\\\/\"},\"sameAs\":[\"https:\\\/\\\/www.facebook.com\\\/guillo.pantoja.1\"]},{\"@type\":\"Person\",\"@id\":\"https:\\\/\\\/contrastes.com.co\\\/web\\\/#\\\/schema\\\/person\\\/62ef7a62dc4da6de450c71fc2e95ed02\",\"name\":\"Editor\",\"image\":{\"@type\":\"ImageObject\",\"inLanguage\":\"es\",\"@id\":\"https:\\\/\\\/secure.gravatar.com\\\/avatar\\\/7bbb4f718d74bbf600dc556253bb04fd7ac8593751d6e2e3b85432d98aefae80?s=96&d=mm&r=g\",\"url\":\"https:\\\/\\\/secure.gravatar.com\\\/avatar\\\/7bbb4f718d74bbf600dc556253bb04fd7ac8593751d6e2e3b85432d98aefae80?s=96&d=mm&r=g\",\"contentUrl\":\"https:\\\/\\\/secure.gravatar.com\\\/avatar\\\/7bbb4f718d74bbf600dc556253bb04fd7ac8593751d6e2e3b85432d98aefae80?s=96&d=mm&r=g\",\"caption\":\"Editor\"},\"sameAs\":[\"https:\\\/\\\/contrastes.com.co\\\/web\"],\"url\":\"https:\\\/\\\/contrastes.com.co\\\/web\\\/author\\\/jdbobadilla\\\/\"}]}<\/script>\n<!-- \/ Yoast SEO plugin. -->","yoast_head_json":{"title":"M\u00e1s c\u00e1maras de seguridad, inteligencia y pie de fuerza policial contra el delito en Soledad - Constrastes","description":"Frente al fen\u00f3meno de la violencia en el Atl\u00e1ntico y m\u00e1s puntualmente en su localidad, el alcalde de Soledad, Rodolfo Ucr\u00f3s Rosales, reiter\u00f3 a las autoridades nacionales la urgencia de fortalecer el sistema de c\u00e1maras de seguridad, la inteligencia y el pie de fuerza policial en el ente territorial.","robots":{"index":"index","follow":"follow","max-snippet":"max-snippet:-1","max-image-preview":"max-image-preview:large","max-video-preview":"max-video-preview:-1"},"canonical":"https:\/\/contrastes.com.co\/web\/2023\/07\/10\/mas-camaras-de-seguridad-inteligencia-y-pie-de-fuerza-policial-contra-el-delito-en-soledad\/","og_locale":"es_ES","og_type":"article","og_title":"M\u00e1s c\u00e1maras de seguridad, inteligencia y pie de fuerza policial contra el delito en Soledad - Constrastes","og_description":"Frente al fen\u00f3meno de la violencia en el Atl\u00e1ntico y m\u00e1s puntualmente en su localidad, el alcalde de Soledad, Rodolfo Ucr\u00f3s Rosales, reiter\u00f3 a las autoridades nacionales la urgencia de fortalecer el sistema de c\u00e1maras de seguridad, la inteligencia y el pie de fuerza policial en el ente territorial.","og_url":"https:\/\/contrastes.com.co\/web\/2023\/07\/10\/mas-camaras-de-seguridad-inteligencia-y-pie-de-fuerza-policial-contra-el-delito-en-soledad\/","og_site_name":"Constrastes","article_publisher":"https:\/\/www.facebook.com\/guillo.pantoja.1","article_published_time":"2023-07-10T21:08:42+00:00","author":"Editor","twitter_card":"summary_large_image","twitter_misc":{"Escrito por":"Editor","Tiempo de lectura":"2 minutos"},"schema":{"@context":"https:\/\/schema.org","@graph":[{"@type":"Article","@id":"https:\/\/contrastes.com.co\/web\/2023\/07\/10\/mas-camaras-de-seguridad-inteligencia-y-pie-de-fuerza-policial-contra-el-delito-en-soledad\/#article","isPartOf":{"@id":"https:\/\/contrastes.com.co\/web\/2023\/07\/10\/mas-camaras-de-seguridad-inteligencia-y-pie-de-fuerza-policial-contra-el-delito-en-soledad\/"},"author":{"name":"Editor","@id":"https:\/\/contrastes.com.co\/web\/#\/schema\/person\/62ef7a62dc4da6de450c71fc2e95ed02"},"headline":"M\u00e1s c\u00e1maras de seguridad, inteligencia y pie de fuerza policial contra el delito en Soledad","datePublished":"2023-07-10T21:08:42+00:00","mainEntityOfPage":{"@id":"https:\/\/contrastes.com.co\/web\/2023\/07\/10\/mas-camaras-de-seguridad-inteligencia-y-pie-de-fuerza-policial-contra-el-delito-en-soledad\/"},"wordCount":353,"commentCount":0,"publisher":{"@id":"https:\/\/contrastes.com.co\/web\/#organization"},"image":{"@id":"https:\/\/contrastes.com.co\/web\/2023\/07\/10\/mas-camaras-de-seguridad-inteligencia-y-pie-de-fuerza-policial-contra-el-delito-en-soledad\/#primaryimage"},"thumbnailUrl":"","keywords":["alcaldia de Soledad","C\u00b4maras de seguridad","gobernaci\u00f3n del Atl\u00e1ntico","Inteligencia policial","municipio de soledad","pie de fuerza policial","Procuradur\u00eda General de la Naci\u00f3n","Rodolfo Ucr\u00f3s Rosales"],"articleSection":["Locales","Seguridad Ciudadana"],"inLanguage":"es","potentialAction":[{"@type":"CommentAction","name":"Comment","target":["https:\/\/contrastes.com.co\/web\/2023\/07\/10\/mas-camaras-de-seguridad-inteligencia-y-pie-de-fuerza-policial-contra-el-delito-en-soledad\/#respond"]}]},{"@type":"WebPage","@id":"https:\/\/contrastes.com.co\/web\/2023\/07\/10\/mas-camaras-de-seguridad-inteligencia-y-pie-de-fuerza-policial-contra-el-delito-en-soledad\/","url":"https:\/\/contrastes.com.co\/web\/2023\/07\/10\/mas-camaras-de-seguridad-inteligencia-y-pie-de-fuerza-policial-contra-el-delito-en-soledad\/","name":"M\u00e1s c\u00e1maras de seguridad, inteligencia y pie de fuerza policial contra el delito en Soledad - Constrastes","isPartOf":{"@id":"https:\/\/contrastes.com.co\/web\/#website"},"primaryImageOfPage":{"@id":"https:\/\/contrastes.com.co\/web\/2023\/07\/10\/mas-camaras-de-seguridad-inteligencia-y-pie-de-fuerza-policial-contra-el-delito-en-soledad\/#primaryimage"},"image":{"@id":"https:\/\/contrastes.com.co\/web\/2023\/07\/10\/mas-camaras-de-seguridad-inteligencia-y-pie-de-fuerza-policial-contra-el-delito-en-soledad\/#primaryimage"},"thumbnailUrl":"","datePublished":"2023-07-10T21:08:42+00:00","description":"Frente al fen\u00f3meno de la violencia en el Atl\u00e1ntico y m\u00e1s puntualmente en su localidad, el alcalde de Soledad, Rodolfo Ucr\u00f3s Rosales, reiter\u00f3 a las autoridades nacionales la urgencia de fortalecer el sistema de c\u00e1maras de seguridad, la inteligencia y el pie de fuerza policial en el ente territorial.","breadcrumb":{"@id":"https:\/\/contrastes.com.co\/web\/2023\/07\/10\/mas-camaras-de-seguridad-inteligencia-y-pie-de-fuerza-policial-contra-el-delito-en-soledad\/#breadcrumb"},"inLanguage":"es","potentialAction":[{"@type":"ReadAction","target":["https:\/\/contrastes.com.co\/web\/2023\/07\/10\/mas-camaras-de-seguridad-inteligencia-y-pie-de-fuerza-policial-contra-el-delito-en-soledad\/"]}]},{"@type":"ImageObject","inLanguage":"es","@id":"https:\/\/contrastes.com.co\/web\/2023\/07\/10\/mas-camaras-de-seguridad-inteligencia-y-pie-de-fuerza-policial-contra-el-delito-en-soledad\/#primaryimage","url":"","contentUrl":""},{"@type":"BreadcrumbList","@id":"https:\/\/contrastes.com.co\/web\/2023\/07\/10\/mas-camaras-de-seguridad-inteligencia-y-pie-de-fuerza-policial-contra-el-delito-en-soledad\/#breadcrumb","itemListElement":[{"@type":"ListItem","position":1,"name":"Portada","item":"https:\/\/contrastes.com.co\/web\/"},{"@type":"ListItem","position":2,"name":"M\u00e1s c\u00e1maras de seguridad, inteligencia y pie de fuerza policial contra el delito en Soledad"}]},{"@type":"WebSite","@id":"https:\/\/contrastes.com.co\/web\/#website","url":"https:\/\/contrastes.com.co\/web\/","name":"Contrastes","description":"Periodismo de Conciencia","publisher":{"@id":"https:\/\/contrastes.com.co\/web\/#organization"},"potentialAction":[{"@type":"SearchAction","target":{"@type":"EntryPoint","urlTemplate":"https:\/\/contrastes.com.co\/web\/?s={search_term_string}"},"query-input":{"@type":"PropertyValueSpecification","valueRequired":true,"valueName":"search_term_string"}}],"inLanguage":"es"},{"@type":"Organization","@id":"https:\/\/contrastes.com.co\/web\/#organization","name":"Contrastes","url":"https:\/\/contrastes.com.co\/web\/","logo":{"@type":"ImageObject","inLanguage":"es","@id":"https:\/\/contrastes.com.co\/web\/#\/schema\/logo\/image\/","url":"https:\/\/contrastes.com.co\/web\/wp-content\/uploads\/2025\/04\/15CONTRASTES3.png","contentUrl":"https:\/\/contrastes.com.co\/web\/wp-content\/uploads\/2025\/04\/15CONTRASTES3.png","width":1536,"height":231,"caption":"Contrastes"},"image":{"@id":"https:\/\/contrastes.com.co\/web\/#\/schema\/logo\/image\/"},"sameAs":["https:\/\/www.facebook.com\/guillo.pantoja.1"]},{"@type":"Person","@id":"https:\/\/contrastes.com.co\/web\/#\/schema\/person\/62ef7a62dc4da6de450c71fc2e95ed02","name":"Editor","image":{"@type":"ImageObject","inLanguage":"es","@id":"https:\/\/secure.gravatar.com\/avatar\/7bbb4f718d74bbf600dc556253bb04fd7ac8593751d6e2e3b85432d98aefae80?s=96&d=mm&r=g","url":"https:\/\/secure.gravatar.com\/avatar\/7bbb4f718d74bbf600dc556253bb04fd7ac8593751d6e2e3b85432d98aefae80?s=96&d=mm&r=g","contentUrl":"https:\/\/secure.gravatar.com\/avatar\/7bbb4f718d74bbf600dc556253bb04fd7ac8593751d6e2e3b85432d98aefae80?s=96&d=mm&r=g","caption":"Editor"},"sameAs":["https:\/\/contrastes.com.co\/web"],"url":"https:\/\/contrastes.com.co\/web\/author\/jdbobadilla\/"}]}},"blog_post_layout_featured_media_urls":{"thumbnail":"","full":""},"categories_names":{"23":{"name":"Locales","link":"https:\/\/contrastes.com.co\/web\/category\/locales\/"},"53":{"name":"Seguridad Ciudadana","link":"https:\/\/contrastes.com.co\/web\/category\/seguridad-ciudadana\/"}},"tags_names":{"28":{"name":"alcaldia de Soledad","link":"https:\/\/contrastes.com.co\/web\/tag\/alcaldia-de-soledad\/"},"9320":{"name":"C\u00b4maras de seguridad","link":"https:\/\/contrastes.com.co\/web\/tag\/cmaras-de-seguridad\/"},"15":{"name":"gobernaci\u00f3n del Atl\u00e1ntico","link":"https:\/\/contrastes.com.co\/web\/tag\/gobernacion-del-atlantico\/"},"4439":{"name":"Inteligencia policial","link":"https:\/\/contrastes.com.co\/web\/tag\/inteligencia-policial\/"},"51":{"name":"municipio de soledad","link":"https:\/\/contrastes.com.co\/web\/tag\/municipio-de-soledad\/"},"9321":{"name":"pie de fuerza policial","link":"https:\/\/contrastes.com.co\/web\/tag\/pie-de-fuerza-policial\/"},"2642":{"name":"Procuradur\u00eda General de la Naci\u00f3n","link":"https:\/\/contrastes.com.co\/web\/tag\/procuraduria-general-de-la-nacion\/"},"1879":{"name":"Rodolfo Ucr\u00f3s Rosales","link":"https:\/\/contrastes.com.co\/web\/tag\/rodolfo-ucros-rosales\/"}},"comments_number":"0","wpmagazine_modules_lite_featured_media_urls":{"thumbnail":"","cvmm-medium":"","cvmm-medium-plus":"","cvmm-portrait":"","cvmm-medium-square":"","cvmm-large":"","cvmm-small":"","full":""},"_links":{"self":[{"href":"https:\/\/contrastes.com.co\/web\/wp-json\/wp\/v2\/posts\/14425","targetHints":{"allow":["GET"]}}],"collection":[{"href":"https:\/\/contrastes.com.co\/web\/wp-json\/wp\/v2\/posts"}],"about":[{"href":"https:\/\/contrastes.com.co\/web\/wp-json\/wp\/v2\/types\/post"}],"author":[{"embeddable":true,"href":"https:\/\/contrastes.com.co\/web\/wp-json\/wp\/v2\/users\/1"}],"replies":[{"embeddable":true,"href":"https:\/\/contrastes.com.co\/web\/wp-json\/wp\/v2\/comments?post=14425"}],"version-history":[{"count":0,"href":"https:\/\/contrastes.com.co\/web\/wp-json\/wp\/v2\/posts\/14425\/revisions"}],"wp:attachment":[{"href":"https:\/\/contrastes.com.co\/web\/wp-json\/wp\/v2\/media?parent=14425"}],"wp:term":[{"taxonomy":"category","embeddable":true,"href":"https:\/\/contrastes.com.co\/web\/wp-json\/wp\/v2\/categories?post=14425"},{"taxonomy":"post_tag","embeddable":true,"href":"https:\/\/contrastes.com.co\/web\/wp-json\/wp\/v2\/tags?post=14425"}],"curies":[{"name":"wp","href":"https:\/\/api.w.org\/{rel}","templated":true}]}}