{"id":14440,"date":"2023-07-18T15:22:26","date_gmt":"2023-07-18T20:22:26","guid":{"rendered":"https:\/\/contrastes.com.co\/digital\/?p=14440"},"modified":"2023-07-18T15:22:26","modified_gmt":"2023-07-18T20:22:26","slug":"programa-de-prevencion-y-convivencia-ciudadana-de-la-alcaldia-de-soledad-llega-a-mas-de-18-mil-menores","status":"publish","type":"post","link":"https:\/\/contrastes.com.co\/web\/2023\/07\/18\/programa-de-prevencion-y-convivencia-ciudadana-de-la-alcaldia-de-soledad-llega-a-mas-de-18-mil-menores\/","title":{"rendered":"Programa de prevenci\u00f3n y convivencia ciudadana de la Alcald\u00eda de Soledad llega a m\u00e1s de 18 mil menores"},"content":{"rendered":"<p><strong>*M\u00e1s de 18 mil menores han sido intervenidos con el programa de prevenci\u00f3n y convivencia ciudadana de la Alcald\u00eda de Soledad<\/strong><\/p>\n<blockquote><p><strong>\u00abNuestra misi\u00f3n es evitar acciones o conductas que afecten el desarrollo social, acad\u00e9mico y de salud de los ni\u00f1os, ni\u00f1as y adolescentes\u00bb: Samir Serret Brango, secretario de Gobierno de Soledad.<\/strong><\/p><\/blockquote>\n<p><img decoding=\"async\" class=\"alignleft wp-image-8529\" src=\"https:\/\/contrastes.com.co\/digital\/wp-content\/uploads\/2022\/03\/e-capitular.png\" alt=\"e capitular\" width=\"64\" height=\"64\" \/>n el desarrollo de<strong> programas de prevenci\u00f3n y convivencia ciudadana<\/strong>, la <strong>Alcald\u00eda de Soledad, a trav\u00e9s de la Secretar\u00eda de Gobierno<\/strong>, ha intervenido m\u00e1s de 15 instituciones educativas para promover <strong>entornos escolares seguros<\/strong>, beneficiando a 18 mil ni\u00f1os, ni\u00f1as y adolescentes.<\/p>\n<p>El <strong>alcalde de Soledad, Rodolfo Ucr\u00f3s Rosales<\/strong>, indic\u00f3 que la instituci\u00f3n est\u00e1 orientada a prevenir el matoneo, la violencia de g\u00e9nero, el porte de armas, el microtr\u00e1fico de sustancias alucin\u00f3genas y el consumo de drogas.<\/p>\n<p>Estas jornadas cuentan con el apoyo de la <strong>Polic\u00eda Nacional (PRECI), el Instituto Colombiano de Bienestar Familiar y la Personer\u00eda Municipal de Soledad.<\/strong><\/p>\n<p>El objetivo es establecer lazos de afecto y convivencia positiva, fomentar una buena comunicaci\u00f3n entre docentes, estudiantes y padres de familia, promover la autoestima integral, estimular una conducta responsable y estar alerta ante cualquier situaci\u00f3n de riesgo. \u00abNuestra misi\u00f3n es evitar acciones o conductas que afecten el desarrollo social, acad\u00e9mico y de salud de los ni\u00f1os, ni\u00f1as y adolescentes\u00bb, agreg\u00f3 el <strong>secretario de Gobierno, Samir Serret Brango.<\/strong><\/p>\n<p>En Soledad, tambi\u00e9n se han implementado programas dirigidos a j\u00f3venes en situaci\u00f3n de riesgo que incluyen educaci\u00f3n, empleabilidad, emprendimientos, actividades culturales y deportivas. Estos programas son ofrecidos por la Alcald\u00eda en colaboraci\u00f3n con la Gobernaci\u00f3n del Atl\u00e1ntico.<\/p>\n<p>Adem\u00e1s, se fortalecen las alarmas comunitarias y la red de apoyo independiente para realizar intervenciones peri\u00f3dicas con la fuerza p\u00fablica en barrios focalizados como puntos cr\u00edticos en seguridad. Estas acciones ayudan a prevenir y mitigar la violencia y el delito.<\/p>\n","protected":false},"excerpt":{"rendered":"<p>En el desarrollo de programas de prevenci\u00f3n y convivencia ciudadana, la Alcald\u00eda de Soledad, a trav\u00e9s de la Secretar\u00eda de Gobierno, ha intervenido m\u00e1s de 15 instituciones educativas para promover entornos escolares seguros, beneficiando a 18 mil ni\u00f1os, ni\u00f1as y adolescentes.<\/p>\n","protected":false},"author":1,"featured_media":14461,"comment_status":"open","ping_status":"open","sticky":false,"template":"","format":"standard","meta":{"footnotes":""},"categories":[207,23,53],"tags":[173,28,9330,2573,2677,51,8895,9331,9332,1879,4425,3716],"class_list":["post-14440","post","type-post","status-publish","format-standard","has-post-thumbnail","hentry","category-educacion","category-locales","category-seguridad-ciudadana","tag-alcalde-de-soledad","tag-alcaldia-de-soledad","tag-entornos-escolares-seguros","tag-instituciones-educativas","tag-instituto-colombiano-de-bienestar-familiar","tag-municipio-de-soledad","tag-personeria-municipal-de-soledad","tag-policia-nacional-preci","tag-programas-de-prevencion-y-convivencia-ciudadana","tag-rodolfo-ucros-rosales","tag-samir-serret-brango","tag-secretario-de-gobierno"],"yoast_head":"<!-- This site is optimized with the Yoast SEO plugin v27.7 - https:\/\/yoast.com\/product\/yoast-seo-wordpress\/ -->\n<title>Programa de prevenci\u00f3n y convivencia ciudadana de la Alcald\u00eda de Soledad llega a m\u00e1s de 18 mil menores - Constrastes<\/title>\n<meta name=\"description\" content=\"En el desarrollo de programas de prevenci\u00f3n y convivencia ciudadana, la Alcald\u00eda de Soledad, a trav\u00e9s de la Secretar\u00eda de Gobierno, ha intervenido m\u00e1s de 15 instituciones educativas para promover entornos escolares seguros, beneficiando a 18 mil ni\u00f1os, ni\u00f1as y adolescentes.\" \/>\n<meta name=\"robots\" content=\"index, follow, max-snippet:-1, max-image-preview:large, max-video-preview:-1\" \/>\n<link rel=\"canonical\" href=\"https:\/\/contrastes.com.co\/web\/2023\/07\/18\/programa-de-prevencion-y-convivencia-ciudadana-de-la-alcaldia-de-soledad-llega-a-mas-de-18-mil-menores\/\" \/>\n<meta property=\"og:locale\" content=\"es_ES\" \/>\n<meta property=\"og:type\" content=\"article\" \/>\n<meta property=\"og:title\" content=\"Programa de prevenci\u00f3n y convivencia ciudadana de la Alcald\u00eda de Soledad llega a m\u00e1s de 18 mil menores - Constrastes\" \/>\n<meta property=\"og:description\" content=\"En el desarrollo de programas de prevenci\u00f3n y convivencia ciudadana, la Alcald\u00eda de Soledad, a trav\u00e9s de la Secretar\u00eda de Gobierno, ha intervenido m\u00e1s de 15 instituciones educativas para promover entornos escolares seguros, beneficiando a 18 mil ni\u00f1os, ni\u00f1as y adolescentes.\" \/>\n<meta property=\"og:url\" content=\"https:\/\/contrastes.com.co\/web\/2023\/07\/18\/programa-de-prevencion-y-convivencia-ciudadana-de-la-alcaldia-de-soledad-llega-a-mas-de-18-mil-menores\/\" \/>\n<meta property=\"og:site_name\" content=\"Constrastes\" \/>\n<meta property=\"article:publisher\" content=\"https:\/\/www.facebook.com\/guillo.pantoja.1\" \/>\n<meta property=\"article:published_time\" content=\"2023-07-18T20:22:26+00:00\" \/>\n<meta name=\"author\" content=\"Editor\" \/>\n<meta name=\"twitter:card\" content=\"summary_large_image\" \/>\n<meta name=\"twitter:label1\" content=\"Escrito por\" \/>\n\t<meta name=\"twitter:data1\" content=\"Editor\" \/>\n\t<meta name=\"twitter:label2\" content=\"Tiempo de lectura\" \/>\n\t<meta name=\"twitter:data2\" content=\"2 minutos\" \/>\n<script type=\"application\/ld+json\" class=\"yoast-schema-graph\">{\"@context\":\"https:\\\/\\\/schema.org\",\"@graph\":[{\"@type\":\"Article\",\"@id\":\"https:\\\/\\\/contrastes.com.co\\\/web\\\/2023\\\/07\\\/18\\\/programa-de-prevencion-y-convivencia-ciudadana-de-la-alcaldia-de-soledad-llega-a-mas-de-18-mil-menores\\\/#article\",\"isPartOf\":{\"@id\":\"https:\\\/\\\/contrastes.com.co\\\/web\\\/2023\\\/07\\\/18\\\/programa-de-prevencion-y-convivencia-ciudadana-de-la-alcaldia-de-soledad-llega-a-mas-de-18-mil-menores\\\/\"},\"author\":{\"name\":\"Editor\",\"@id\":\"https:\\\/\\\/contrastes.com.co\\\/web\\\/#\\\/schema\\\/person\\\/62ef7a62dc4da6de450c71fc2e95ed02\"},\"headline\":\"Programa de prevenci\u00f3n y convivencia ciudadana de la Alcald\u00eda de Soledad llega a m\u00e1s de 18 mil menores\",\"datePublished\":\"2023-07-18T20:22:26+00:00\",\"mainEntityOfPage\":{\"@id\":\"https:\\\/\\\/contrastes.com.co\\\/web\\\/2023\\\/07\\\/18\\\/programa-de-prevencion-y-convivencia-ciudadana-de-la-alcaldia-de-soledad-llega-a-mas-de-18-mil-menores\\\/\"},\"wordCount\":350,\"commentCount\":0,\"publisher\":{\"@id\":\"https:\\\/\\\/contrastes.com.co\\\/web\\\/#organization\"},\"image\":{\"@id\":\"https:\\\/\\\/contrastes.com.co\\\/web\\\/2023\\\/07\\\/18\\\/programa-de-prevencion-y-convivencia-ciudadana-de-la-alcaldia-de-soledad-llega-a-mas-de-18-mil-menores\\\/#primaryimage\"},\"thumbnailUrl\":\"\",\"keywords\":[\"alcalde de Soledad\",\"alcaldia de Soledad\",\"entornos escolares seguros\",\"Instituciones educativas\",\"Instituto Colombiano de Bienestar Familiar.\",\"municipio de soledad\",\"Personer\u00eda Municipal de Soledad\",\"Polic\u00eda Nacional (PRECI)\",\"programas de prevenci\u00f3n y convivencia ciudadana\",\"Rodolfo Ucr\u00f3s Rosales\",\"Samir Serret Brango\",\"secretario de Gobierno\"],\"articleSection\":[\"Educaci\u00f3n\",\"Locales\",\"Seguridad Ciudadana\"],\"inLanguage\":\"es\",\"potentialAction\":[{\"@type\":\"CommentAction\",\"name\":\"Comment\",\"target\":[\"https:\\\/\\\/contrastes.com.co\\\/web\\\/2023\\\/07\\\/18\\\/programa-de-prevencion-y-convivencia-ciudadana-de-la-alcaldia-de-soledad-llega-a-mas-de-18-mil-menores\\\/#respond\"]}]},{\"@type\":\"WebPage\",\"@id\":\"https:\\\/\\\/contrastes.com.co\\\/web\\\/2023\\\/07\\\/18\\\/programa-de-prevencion-y-convivencia-ciudadana-de-la-alcaldia-de-soledad-llega-a-mas-de-18-mil-menores\\\/\",\"url\":\"https:\\\/\\\/contrastes.com.co\\\/web\\\/2023\\\/07\\\/18\\\/programa-de-prevencion-y-convivencia-ciudadana-de-la-alcaldia-de-soledad-llega-a-mas-de-18-mil-menores\\\/\",\"name\":\"Programa de prevenci\u00f3n y convivencia ciudadana de la Alcald\u00eda de Soledad llega a m\u00e1s de 18 mil menores - Constrastes\",\"isPartOf\":{\"@id\":\"https:\\\/\\\/contrastes.com.co\\\/web\\\/#website\"},\"primaryImageOfPage\":{\"@id\":\"https:\\\/\\\/contrastes.com.co\\\/web\\\/2023\\\/07\\\/18\\\/programa-de-prevencion-y-convivencia-ciudadana-de-la-alcaldia-de-soledad-llega-a-mas-de-18-mil-menores\\\/#primaryimage\"},\"image\":{\"@id\":\"https:\\\/\\\/contrastes.com.co\\\/web\\\/2023\\\/07\\\/18\\\/programa-de-prevencion-y-convivencia-ciudadana-de-la-alcaldia-de-soledad-llega-a-mas-de-18-mil-menores\\\/#primaryimage\"},\"thumbnailUrl\":\"\",\"datePublished\":\"2023-07-18T20:22:26+00:00\",\"description\":\"En el desarrollo de programas de prevenci\u00f3n y convivencia ciudadana, la Alcald\u00eda de Soledad, a trav\u00e9s de la Secretar\u00eda de Gobierno, ha intervenido m\u00e1s de 15 instituciones educativas para promover entornos escolares seguros, beneficiando a 18 mil ni\u00f1os, ni\u00f1as y adolescentes.\",\"breadcrumb\":{\"@id\":\"https:\\\/\\\/contrastes.com.co\\\/web\\\/2023\\\/07\\\/18\\\/programa-de-prevencion-y-convivencia-ciudadana-de-la-alcaldia-de-soledad-llega-a-mas-de-18-mil-menores\\\/#breadcrumb\"},\"inLanguage\":\"es\",\"potentialAction\":[{\"@type\":\"ReadAction\",\"target\":[\"https:\\\/\\\/contrastes.com.co\\\/web\\\/2023\\\/07\\\/18\\\/programa-de-prevencion-y-convivencia-ciudadana-de-la-alcaldia-de-soledad-llega-a-mas-de-18-mil-menores\\\/\"]}]},{\"@type\":\"ImageObject\",\"inLanguage\":\"es\",\"@id\":\"https:\\\/\\\/contrastes.com.co\\\/web\\\/2023\\\/07\\\/18\\\/programa-de-prevencion-y-convivencia-ciudadana-de-la-alcaldia-de-soledad-llega-a-mas-de-18-mil-menores\\\/#primaryimage\",\"url\":\"\",\"contentUrl\":\"\"},{\"@type\":\"BreadcrumbList\",\"@id\":\"https:\\\/\\\/contrastes.com.co\\\/web\\\/2023\\\/07\\\/18\\\/programa-de-prevencion-y-convivencia-ciudadana-de-la-alcaldia-de-soledad-llega-a-mas-de-18-mil-menores\\\/#breadcrumb\",\"itemListElement\":[{\"@type\":\"ListItem\",\"position\":1,\"name\":\"Portada\",\"item\":\"https:\\\/\\\/contrastes.com.co\\\/web\\\/\"},{\"@type\":\"ListItem\",\"position\":2,\"name\":\"Programa de prevenci\u00f3n y convivencia ciudadana de la Alcald\u00eda de Soledad llega a m\u00e1s de 18 mil menores\"}]},{\"@type\":\"WebSite\",\"@id\":\"https:\\\/\\\/contrastes.com.co\\\/web\\\/#website\",\"url\":\"https:\\\/\\\/contrastes.com.co\\\/web\\\/\",\"name\":\"Contrastes\",\"description\":\"Periodismo de Conciencia\",\"publisher\":{\"@id\":\"https:\\\/\\\/contrastes.com.co\\\/web\\\/#organization\"},\"potentialAction\":[{\"@type\":\"SearchAction\",\"target\":{\"@type\":\"EntryPoint\",\"urlTemplate\":\"https:\\\/\\\/contrastes.com.co\\\/web\\\/?s={search_term_string}\"},\"query-input\":{\"@type\":\"PropertyValueSpecification\",\"valueRequired\":true,\"valueName\":\"search_term_string\"}}],\"inLanguage\":\"es\"},{\"@type\":\"Organization\",\"@id\":\"https:\\\/\\\/contrastes.com.co\\\/web\\\/#organization\",\"name\":\"Contrastes\",\"url\":\"https:\\\/\\\/contrastes.com.co\\\/web\\\/\",\"logo\":{\"@type\":\"ImageObject\",\"inLanguage\":\"es\",\"@id\":\"https:\\\/\\\/contrastes.com.co\\\/web\\\/#\\\/schema\\\/logo\\\/image\\\/\",\"url\":\"https:\\\/\\\/contrastes.com.co\\\/web\\\/wp-content\\\/uploads\\\/2025\\\/04\\\/15CONTRASTES3.png\",\"contentUrl\":\"https:\\\/\\\/contrastes.com.co\\\/web\\\/wp-content\\\/uploads\\\/2025\\\/04\\\/15CONTRASTES3.png\",\"width\":1536,\"height\":231,\"caption\":\"Contrastes\"},\"image\":{\"@id\":\"https:\\\/\\\/contrastes.com.co\\\/web\\\/#\\\/schema\\\/logo\\\/image\\\/\"},\"sameAs\":[\"https:\\\/\\\/www.facebook.com\\\/guillo.pantoja.1\"]},{\"@type\":\"Person\",\"@id\":\"https:\\\/\\\/contrastes.com.co\\\/web\\\/#\\\/schema\\\/person\\\/62ef7a62dc4da6de450c71fc2e95ed02\",\"name\":\"Editor\",\"image\":{\"@type\":\"ImageObject\",\"inLanguage\":\"es\",\"@id\":\"https:\\\/\\\/secure.gravatar.com\\\/avatar\\\/7bbb4f718d74bbf600dc556253bb04fd7ac8593751d6e2e3b85432d98aefae80?s=96&d=mm&r=g\",\"url\":\"https:\\\/\\\/secure.gravatar.com\\\/avatar\\\/7bbb4f718d74bbf600dc556253bb04fd7ac8593751d6e2e3b85432d98aefae80?s=96&d=mm&r=g\",\"contentUrl\":\"https:\\\/\\\/secure.gravatar.com\\\/avatar\\\/7bbb4f718d74bbf600dc556253bb04fd7ac8593751d6e2e3b85432d98aefae80?s=96&d=mm&r=g\",\"caption\":\"Editor\"},\"sameAs\":[\"https:\\\/\\\/contrastes.com.co\\\/web\"],\"url\":\"https:\\\/\\\/contrastes.com.co\\\/web\\\/author\\\/jdbobadilla\\\/\"}]}<\/script>\n<!-- \/ Yoast SEO plugin. -->","yoast_head_json":{"title":"Programa de prevenci\u00f3n y convivencia ciudadana de la Alcald\u00eda de Soledad llega a m\u00e1s de 18 mil menores - Constrastes","description":"En el desarrollo de programas de prevenci\u00f3n y convivencia ciudadana, la Alcald\u00eda de Soledad, a trav\u00e9s de la Secretar\u00eda de Gobierno, ha intervenido m\u00e1s de 15 instituciones educativas para promover entornos escolares seguros, beneficiando a 18 mil ni\u00f1os, ni\u00f1as y adolescentes.","robots":{"index":"index","follow":"follow","max-snippet":"max-snippet:-1","max-image-preview":"max-image-preview:large","max-video-preview":"max-video-preview:-1"},"canonical":"https:\/\/contrastes.com.co\/web\/2023\/07\/18\/programa-de-prevencion-y-convivencia-ciudadana-de-la-alcaldia-de-soledad-llega-a-mas-de-18-mil-menores\/","og_locale":"es_ES","og_type":"article","og_title":"Programa de prevenci\u00f3n y convivencia ciudadana de la Alcald\u00eda de Soledad llega a m\u00e1s de 18 mil menores - Constrastes","og_description":"En el desarrollo de programas de prevenci\u00f3n y convivencia ciudadana, la Alcald\u00eda de Soledad, a trav\u00e9s de la Secretar\u00eda de Gobierno, ha intervenido m\u00e1s de 15 instituciones educativas para promover entornos escolares seguros, beneficiando a 18 mil ni\u00f1os, ni\u00f1as y adolescentes.","og_url":"https:\/\/contrastes.com.co\/web\/2023\/07\/18\/programa-de-prevencion-y-convivencia-ciudadana-de-la-alcaldia-de-soledad-llega-a-mas-de-18-mil-menores\/","og_site_name":"Constrastes","article_publisher":"https:\/\/www.facebook.com\/guillo.pantoja.1","article_published_time":"2023-07-18T20:22:26+00:00","author":"Editor","twitter_card":"summary_large_image","twitter_misc":{"Escrito por":"Editor","Tiempo de lectura":"2 minutos"},"schema":{"@context":"https:\/\/schema.org","@graph":[{"@type":"Article","@id":"https:\/\/contrastes.com.co\/web\/2023\/07\/18\/programa-de-prevencion-y-convivencia-ciudadana-de-la-alcaldia-de-soledad-llega-a-mas-de-18-mil-menores\/#article","isPartOf":{"@id":"https:\/\/contrastes.com.co\/web\/2023\/07\/18\/programa-de-prevencion-y-convivencia-ciudadana-de-la-alcaldia-de-soledad-llega-a-mas-de-18-mil-menores\/"},"author":{"name":"Editor","@id":"https:\/\/contrastes.com.co\/web\/#\/schema\/person\/62ef7a62dc4da6de450c71fc2e95ed02"},"headline":"Programa de prevenci\u00f3n y convivencia ciudadana de la Alcald\u00eda de Soledad llega a m\u00e1s de 18 mil menores","datePublished":"2023-07-18T20:22:26+00:00","mainEntityOfPage":{"@id":"https:\/\/contrastes.com.co\/web\/2023\/07\/18\/programa-de-prevencion-y-convivencia-ciudadana-de-la-alcaldia-de-soledad-llega-a-mas-de-18-mil-menores\/"},"wordCount":350,"commentCount":0,"publisher":{"@id":"https:\/\/contrastes.com.co\/web\/#organization"},"image":{"@id":"https:\/\/contrastes.com.co\/web\/2023\/07\/18\/programa-de-prevencion-y-convivencia-ciudadana-de-la-alcaldia-de-soledad-llega-a-mas-de-18-mil-menores\/#primaryimage"},"thumbnailUrl":"","keywords":["alcalde de Soledad","alcaldia de Soledad","entornos escolares seguros","Instituciones educativas","Instituto Colombiano de Bienestar Familiar.","municipio de soledad","Personer\u00eda Municipal de Soledad","Polic\u00eda Nacional (PRECI)","programas de prevenci\u00f3n y convivencia ciudadana","Rodolfo Ucr\u00f3s Rosales","Samir Serret Brango","secretario de Gobierno"],"articleSection":["Educaci\u00f3n","Locales","Seguridad Ciudadana"],"inLanguage":"es","potentialAction":[{"@type":"CommentAction","name":"Comment","target":["https:\/\/contrastes.com.co\/web\/2023\/07\/18\/programa-de-prevencion-y-convivencia-ciudadana-de-la-alcaldia-de-soledad-llega-a-mas-de-18-mil-menores\/#respond"]}]},{"@type":"WebPage","@id":"https:\/\/contrastes.com.co\/web\/2023\/07\/18\/programa-de-prevencion-y-convivencia-ciudadana-de-la-alcaldia-de-soledad-llega-a-mas-de-18-mil-menores\/","url":"https:\/\/contrastes.com.co\/web\/2023\/07\/18\/programa-de-prevencion-y-convivencia-ciudadana-de-la-alcaldia-de-soledad-llega-a-mas-de-18-mil-menores\/","name":"Programa de prevenci\u00f3n y convivencia ciudadana de la Alcald\u00eda de Soledad llega a m\u00e1s de 18 mil menores - Constrastes","isPartOf":{"@id":"https:\/\/contrastes.com.co\/web\/#website"},"primaryImageOfPage":{"@id":"https:\/\/contrastes.com.co\/web\/2023\/07\/18\/programa-de-prevencion-y-convivencia-ciudadana-de-la-alcaldia-de-soledad-llega-a-mas-de-18-mil-menores\/#primaryimage"},"image":{"@id":"https:\/\/contrastes.com.co\/web\/2023\/07\/18\/programa-de-prevencion-y-convivencia-ciudadana-de-la-alcaldia-de-soledad-llega-a-mas-de-18-mil-menores\/#primaryimage"},"thumbnailUrl":"","datePublished":"2023-07-18T20:22:26+00:00","description":"En el desarrollo de programas de prevenci\u00f3n y convivencia ciudadana, la Alcald\u00eda de Soledad, a trav\u00e9s de la Secretar\u00eda de Gobierno, ha intervenido m\u00e1s de 15 instituciones educativas para promover entornos escolares seguros, beneficiando a 18 mil ni\u00f1os, ni\u00f1as y adolescentes.","breadcrumb":{"@id":"https:\/\/contrastes.com.co\/web\/2023\/07\/18\/programa-de-prevencion-y-convivencia-ciudadana-de-la-alcaldia-de-soledad-llega-a-mas-de-18-mil-menores\/#breadcrumb"},"inLanguage":"es","potentialAction":[{"@type":"ReadAction","target":["https:\/\/contrastes.com.co\/web\/2023\/07\/18\/programa-de-prevencion-y-convivencia-ciudadana-de-la-alcaldia-de-soledad-llega-a-mas-de-18-mil-menores\/"]}]},{"@type":"ImageObject","inLanguage":"es","@id":"https:\/\/contrastes.com.co\/web\/2023\/07\/18\/programa-de-prevencion-y-convivencia-ciudadana-de-la-alcaldia-de-soledad-llega-a-mas-de-18-mil-menores\/#primaryimage","url":"","contentUrl":""},{"@type":"BreadcrumbList","@id":"https:\/\/contrastes.com.co\/web\/2023\/07\/18\/programa-de-prevencion-y-convivencia-ciudadana-de-la-alcaldia-de-soledad-llega-a-mas-de-18-mil-menores\/#breadcrumb","itemListElement":[{"@type":"ListItem","position":1,"name":"Portada","item":"https:\/\/contrastes.com.co\/web\/"},{"@type":"ListItem","position":2,"name":"Programa de prevenci\u00f3n y convivencia ciudadana de la Alcald\u00eda de Soledad llega a m\u00e1s de 18 mil menores"}]},{"@type":"WebSite","@id":"https:\/\/contrastes.com.co\/web\/#website","url":"https:\/\/contrastes.com.co\/web\/","name":"Contrastes","description":"Periodismo de Conciencia","publisher":{"@id":"https:\/\/contrastes.com.co\/web\/#organization"},"potentialAction":[{"@type":"SearchAction","target":{"@type":"EntryPoint","urlTemplate":"https:\/\/contrastes.com.co\/web\/?s={search_term_string}"},"query-input":{"@type":"PropertyValueSpecification","valueRequired":true,"valueName":"search_term_string"}}],"inLanguage":"es"},{"@type":"Organization","@id":"https:\/\/contrastes.com.co\/web\/#organization","name":"Contrastes","url":"https:\/\/contrastes.com.co\/web\/","logo":{"@type":"ImageObject","inLanguage":"es","@id":"https:\/\/contrastes.com.co\/web\/#\/schema\/logo\/image\/","url":"https:\/\/contrastes.com.co\/web\/wp-content\/uploads\/2025\/04\/15CONTRASTES3.png","contentUrl":"https:\/\/contrastes.com.co\/web\/wp-content\/uploads\/2025\/04\/15CONTRASTES3.png","width":1536,"height":231,"caption":"Contrastes"},"image":{"@id":"https:\/\/contrastes.com.co\/web\/#\/schema\/logo\/image\/"},"sameAs":["https:\/\/www.facebook.com\/guillo.pantoja.1"]},{"@type":"Person","@id":"https:\/\/contrastes.com.co\/web\/#\/schema\/person\/62ef7a62dc4da6de450c71fc2e95ed02","name":"Editor","image":{"@type":"ImageObject","inLanguage":"es","@id":"https:\/\/secure.gravatar.com\/avatar\/7bbb4f718d74bbf600dc556253bb04fd7ac8593751d6e2e3b85432d98aefae80?s=96&d=mm&r=g","url":"https:\/\/secure.gravatar.com\/avatar\/7bbb4f718d74bbf600dc556253bb04fd7ac8593751d6e2e3b85432d98aefae80?s=96&d=mm&r=g","contentUrl":"https:\/\/secure.gravatar.com\/avatar\/7bbb4f718d74bbf600dc556253bb04fd7ac8593751d6e2e3b85432d98aefae80?s=96&d=mm&r=g","caption":"Editor"},"sameAs":["https:\/\/contrastes.com.co\/web"],"url":"https:\/\/contrastes.com.co\/web\/author\/jdbobadilla\/"}]}},"blog_post_layout_featured_media_urls":{"thumbnail":"","full":""},"categories_names":{"207":{"name":"Educaci\u00f3n","link":"https:\/\/contrastes.com.co\/web\/category\/educacion\/"},"23":{"name":"Locales","link":"https:\/\/contrastes.com.co\/web\/category\/locales\/"},"53":{"name":"Seguridad Ciudadana","link":"https:\/\/contrastes.com.co\/web\/category\/seguridad-ciudadana\/"}},"tags_names":{"173":{"name":"alcalde de Soledad","link":"https:\/\/contrastes.com.co\/web\/tag\/alcalde-de-soledad\/"},"28":{"name":"alcaldia de Soledad","link":"https:\/\/contrastes.com.co\/web\/tag\/alcaldia-de-soledad\/"},"9330":{"name":"entornos escolares seguros","link":"https:\/\/contrastes.com.co\/web\/tag\/entornos-escolares-seguros\/"},"2573":{"name":"Instituciones educativas","link":"https:\/\/contrastes.com.co\/web\/tag\/instituciones-educativas\/"},"2677":{"name":"Instituto Colombiano de Bienestar Familiar.","link":"https:\/\/contrastes.com.co\/web\/tag\/instituto-colombiano-de-bienestar-familiar\/"},"51":{"name":"municipio de soledad","link":"https:\/\/contrastes.com.co\/web\/tag\/municipio-de-soledad\/"},"8895":{"name":"Personer\u00eda Municipal de Soledad","link":"https:\/\/contrastes.com.co\/web\/tag\/personeria-municipal-de-soledad\/"},"9331":{"name":"Polic\u00eda Nacional (PRECI)","link":"https:\/\/contrastes.com.co\/web\/tag\/policia-nacional-preci\/"},"9332":{"name":"programas de prevenci\u00f3n y convivencia ciudadana","link":"https:\/\/contrastes.com.co\/web\/tag\/programas-de-prevencion-y-convivencia-ciudadana\/"},"1879":{"name":"Rodolfo Ucr\u00f3s Rosales","link":"https:\/\/contrastes.com.co\/web\/tag\/rodolfo-ucros-rosales\/"},"4425":{"name":"Samir Serret Brango","link":"https:\/\/contrastes.com.co\/web\/tag\/samir-serret-brango\/"},"3716":{"name":"secretario de Gobierno","link":"https:\/\/contrastes.com.co\/web\/tag\/secretario-de-gobierno\/"}},"comments_number":"0","wpmagazine_modules_lite_featured_media_urls":{"thumbnail":"","cvmm-medium":"","cvmm-medium-plus":"","cvmm-portrait":"","cvmm-medium-square":"","cvmm-large":"","cvmm-small":"","full":""},"_links":{"self":[{"href":"https:\/\/contrastes.com.co\/web\/wp-json\/wp\/v2\/posts\/14440","targetHints":{"allow":["GET"]}}],"collection":[{"href":"https:\/\/contrastes.com.co\/web\/wp-json\/wp\/v2\/posts"}],"about":[{"href":"https:\/\/contrastes.com.co\/web\/wp-json\/wp\/v2\/types\/post"}],"author":[{"embeddable":true,"href":"https:\/\/contrastes.com.co\/web\/wp-json\/wp\/v2\/users\/1"}],"replies":[{"embeddable":true,"href":"https:\/\/contrastes.com.co\/web\/wp-json\/wp\/v2\/comments?post=14440"}],"version-history":[{"count":0,"href":"https:\/\/contrastes.com.co\/web\/wp-json\/wp\/v2\/posts\/14440\/revisions"}],"wp:attachment":[{"href":"https:\/\/contrastes.com.co\/web\/wp-json\/wp\/v2\/media?parent=14440"}],"wp:term":[{"taxonomy":"category","embeddable":true,"href":"https:\/\/contrastes.com.co\/web\/wp-json\/wp\/v2\/categories?post=14440"},{"taxonomy":"post_tag","embeddable":true,"href":"https:\/\/contrastes.com.co\/web\/wp-json\/wp\/v2\/tags?post=14440"}],"curies":[{"name":"wp","href":"https:\/\/api.w.org\/{rel}","templated":true}]}}