{"id":14529,"date":"2023-08-09T13:52:57","date_gmt":"2023-08-09T18:52:57","guid":{"rendered":"https:\/\/contrastes.com.co\/digital\/?p=14529"},"modified":"2023-08-09T13:52:57","modified_gmt":"2023-08-09T18:52:57","slug":"alcaldia-de-soledad-promueve-la-salud-mental-y-la-convivencia-en-instituciones-educativas","status":"publish","type":"post","link":"https:\/\/contrastes.com.co\/web\/2023\/08\/09\/alcaldia-de-soledad-promueve-la-salud-mental-y-la-convivencia-en-instituciones-educativas\/","title":{"rendered":"Alcald\u00eda de Soledad promueve la salud mental y la convivencia en instituciones educativas"},"content":{"rendered":"<p><strong>*Alcald\u00eda de Soledad promueve la salud mental y la convivencia en instituciones educativas<\/strong><\/p>\n<blockquote><p><strong>El objetivo principal de estas charlas fue estimular entornos escolares seguros y prevenir situaciones como el suicidio, el matoneo, la violencia de g\u00e9nero y el consumo de drogas dentro de las comunidades educativas. Adem\u00e1s, se busc\u00f3 concientizar sobre los riesgos del porte de armas y el microtr\u00e1fico de sustancias alucin\u00f3genas.<\/strong><\/p><\/blockquote>\n<p><img decoding=\"async\" class=\"alignleft wp-image-8529\" src=\"https:\/\/contrastes.com.co\/digital\/wp-content\/uploads\/2022\/03\/e-capitular.png\" alt=\"e capitular\" width=\"56\" height=\"56\" \/>n una iniciativa conjunta entre la <strong>Alcald\u00eda de Soledad, a trav\u00e9s de la Secretar\u00eda de Gobierno<\/strong> y diversas entidades colaboradoras, m\u00e1s de 7.000 estudiantes de instituciones educativas como Blas Torre De la Torre, Inem, Francisco Jos\u00e9 de Caldas y el Polit\u00e9cnico, fueron impactados positivamente a trav\u00e9s de charlas pedag\u00f3gicas relacionadas con la salud mental.<\/p>\n<p><iframe style=\"border: none; overflow: hidden;\" src=\"https:\/\/www.facebook.com\/plugins\/video.php?height=314&amp;href=https%3A%2F%2Fwww.facebook.com%2Fsoledadalcaldia%2Fvideos%2F3390027271327861%2F&amp;show_text=false&amp;width=560&amp;t=0\" width=\"560\" height=\"314\" frameborder=\"0\" scrolling=\"no\" allowfullscreen=\"allowfullscreen\"><\/iframe><\/p>\n<p>El objetivo principal de estas charlas fue estimular entornos escolares seguros y prevenir situaciones como el suicidio, el matoneo, la violencia de g\u00e9nero y el consumo de drogas dentro de las comunidades educativas. Adem\u00e1s, se busc\u00f3 concientizar sobre los riesgos del porte de armas y el microtr\u00e1fico de sustancias alucin\u00f3genas.<\/p>\n<p>Los estudiantes participantes recibieron consejos valiosos sobre c\u00f3mo lidiar con sus emociones y pensamientos en situaciones dif\u00edciles. Se hizo especial \u00e9nfasis en la importancia de buscar ayuda en caso de sentir que no tienen control sobre su bienestar mental y emocional. Se recomend\u00f3 a los estudiantes contactar la l\u00ednea de ayuda de salud mental \u00abHablar te hace bien\u00bb al n\u00famero 3176218394.<\/p>\n<p>La estrategia formativa y did\u00e1ctica fue dirigida por profesionales de la psicolog\u00eda y trabajo social, quienes llevaron a cabo las charlas en el marco del programa de prevenci\u00f3n y convivencia ciudadana promovido por la Alcald\u00eda de Soledad. Esta iniciativa benefici\u00f3 a ni\u00f1os, ni\u00f1as y adolescentes de la comunidad educativa de los colegios ubicados en el corredor de la calle 30.<\/p>\n<p>La jornada cont\u00f3 con el apoyo activo de la <strong>Polic\u00eda Nacional en \u00e1reas clave como Infancia y Adolescencia, Antinarc\u00f3ticos, P\u00farpura y Educaci\u00f3n Ciudadana (PRECI).<\/strong> Adem\u00e1s, se cont\u00f3 con la colaboraci\u00f3n de la secretaria de Salud, Instituto Colombiano de Bienestar Familiar, la Fiscal\u00eda General de la Naci\u00f3n y la Personer\u00eda Municipal de Soledad.<\/p>\n<p>Con estas acciones, la Alcald\u00eda de Soledad busca fortalecer el bienestar emocional y mental de los estudiantes, as\u00ed como promover una convivencia pac\u00edfica y segura dentro de los entornos educativos. Se espera que este programa contribuya a formar generaciones conscientes, resilientes y comprometidas con el cuidado de su propia salud y la de los dem\u00e1s.<\/p>\n","protected":false},"excerpt":{"rendered":"<p>En una iniciativa conjunta entre la Alcald\u00eda de Soledad, a trav\u00e9s de la Secretar\u00eda de Gobierno y diversas entidades colaboradoras, m\u00e1s de 7.000 estudiantes de instituciones educativas como Blas Torre De la Torre, Inem, Francisco Jos\u00e9 de Caldas y el Polit\u00e9cnico, fueron impactados positivamente a trav\u00e9s de charlas pedag\u00f3gicas relacionadas con la salud mental.<\/p>\n","protected":false},"author":1,"featured_media":14530,"comment_status":"open","ping_status":"open","sticky":false,"template":"","format":"standard","meta":{"footnotes":""},"categories":[7411,23,53,4940],"tags":[2859,28,5278,209,4982,51,2127,374],"class_list":["post-14529","post","type-post","status-publish","format-standard","has-post-thumbnail","hentry","category-convivencia-y-cultura-ciudadana","category-locales","category-seguridad-ciudadana","category-television-web","tag-adolescentes","tag-alcaldia-de-soledad","tag-convivencia-ciudadana","tag-estudiantes","tag-instituciones-educativas-oficiales","tag-municipio-de-soledad","tag-salud-mental","tag-secretaria-de-gobierno"],"yoast_head":"<!-- This site is optimized with the Yoast SEO plugin v27.7 - https:\/\/yoast.com\/product\/yoast-seo-wordpress\/ -->\n<title>Alcald\u00eda de Soledad promueve la salud mental y la convivencia en instituciones educativas - Constrastes<\/title>\n<meta name=\"description\" content=\"En una iniciativa conjunta entre la Alcald\u00eda de Soledad, a trav\u00e9s de la Secretar\u00eda de Gobierno y diversas entidades colaboradoras, m\u00e1s de 7.000 estudiantes de instituciones educativas como Blas Torre De la Torre, Inem, Francisco Jos\u00e9 de Caldas y el Polit\u00e9cnico, fueron impactados positivamente a trav\u00e9s de charlas pedag\u00f3gicas relacionadas con la salud mental.\" \/>\n<meta name=\"robots\" content=\"index, follow, max-snippet:-1, max-image-preview:large, max-video-preview:-1\" \/>\n<link rel=\"canonical\" href=\"https:\/\/contrastes.com.co\/web\/2023\/08\/09\/alcaldia-de-soledad-promueve-la-salud-mental-y-la-convivencia-en-instituciones-educativas\/\" \/>\n<meta property=\"og:locale\" content=\"es_ES\" \/>\n<meta property=\"og:type\" content=\"article\" \/>\n<meta property=\"og:title\" content=\"Alcald\u00eda de Soledad promueve la salud mental y la convivencia en instituciones educativas - Constrastes\" \/>\n<meta property=\"og:description\" content=\"En una iniciativa conjunta entre la Alcald\u00eda de Soledad, a trav\u00e9s de la Secretar\u00eda de Gobierno y diversas entidades colaboradoras, m\u00e1s de 7.000 estudiantes de instituciones educativas como Blas Torre De la Torre, Inem, Francisco Jos\u00e9 de Caldas y el Polit\u00e9cnico, fueron impactados positivamente a trav\u00e9s de charlas pedag\u00f3gicas relacionadas con la salud mental.\" \/>\n<meta property=\"og:url\" content=\"https:\/\/contrastes.com.co\/web\/2023\/08\/09\/alcaldia-de-soledad-promueve-la-salud-mental-y-la-convivencia-en-instituciones-educativas\/\" \/>\n<meta property=\"og:site_name\" content=\"Constrastes\" \/>\n<meta property=\"article:publisher\" content=\"https:\/\/www.facebook.com\/guillo.pantoja.1\" \/>\n<meta property=\"article:published_time\" content=\"2023-08-09T18:52:57+00:00\" \/>\n<meta name=\"author\" content=\"Editor\" \/>\n<meta name=\"twitter:card\" content=\"summary_large_image\" \/>\n<meta name=\"twitter:label1\" content=\"Escrito por\" \/>\n\t<meta name=\"twitter:data1\" content=\"Editor\" \/>\n\t<meta name=\"twitter:label2\" content=\"Tiempo de lectura\" \/>\n\t<meta name=\"twitter:data2\" content=\"2 minutos\" \/>\n<script type=\"application\/ld+json\" class=\"yoast-schema-graph\">{\"@context\":\"https:\\\/\\\/schema.org\",\"@graph\":[{\"@type\":\"Article\",\"@id\":\"https:\\\/\\\/contrastes.com.co\\\/web\\\/2023\\\/08\\\/09\\\/alcaldia-de-soledad-promueve-la-salud-mental-y-la-convivencia-en-instituciones-educativas\\\/#article\",\"isPartOf\":{\"@id\":\"https:\\\/\\\/contrastes.com.co\\\/web\\\/2023\\\/08\\\/09\\\/alcaldia-de-soledad-promueve-la-salud-mental-y-la-convivencia-en-instituciones-educativas\\\/\"},\"author\":{\"name\":\"Editor\",\"@id\":\"https:\\\/\\\/contrastes.com.co\\\/web\\\/#\\\/schema\\\/person\\\/62ef7a62dc4da6de450c71fc2e95ed02\"},\"headline\":\"Alcald\u00eda de Soledad promueve la salud mental y la convivencia en instituciones educativas\",\"datePublished\":\"2023-08-09T18:52:57+00:00\",\"mainEntityOfPage\":{\"@id\":\"https:\\\/\\\/contrastes.com.co\\\/web\\\/2023\\\/08\\\/09\\\/alcaldia-de-soledad-promueve-la-salud-mental-y-la-convivencia-en-instituciones-educativas\\\/\"},\"wordCount\":444,\"commentCount\":0,\"publisher\":{\"@id\":\"https:\\\/\\\/contrastes.com.co\\\/web\\\/#organization\"},\"image\":{\"@id\":\"https:\\\/\\\/contrastes.com.co\\\/web\\\/2023\\\/08\\\/09\\\/alcaldia-de-soledad-promueve-la-salud-mental-y-la-convivencia-en-instituciones-educativas\\\/#primaryimage\"},\"thumbnailUrl\":\"\",\"keywords\":[\"adolescentes\",\"alcaldia de Soledad\",\"convivencia ciudadana\",\"estudiantes\",\"Instituciones educativas oficiales\",\"municipio de soledad\",\"Salud mental\",\"secretaria de Gobierno\"],\"articleSection\":[\"Convivencia y Cultura Ciudadana\",\"Locales\",\"Seguridad Ciudadana\",\"Televisi\u00f3n-Web\"],\"inLanguage\":\"es\",\"potentialAction\":[{\"@type\":\"CommentAction\",\"name\":\"Comment\",\"target\":[\"https:\\\/\\\/contrastes.com.co\\\/web\\\/2023\\\/08\\\/09\\\/alcaldia-de-soledad-promueve-la-salud-mental-y-la-convivencia-en-instituciones-educativas\\\/#respond\"]}]},{\"@type\":\"WebPage\",\"@id\":\"https:\\\/\\\/contrastes.com.co\\\/web\\\/2023\\\/08\\\/09\\\/alcaldia-de-soledad-promueve-la-salud-mental-y-la-convivencia-en-instituciones-educativas\\\/\",\"url\":\"https:\\\/\\\/contrastes.com.co\\\/web\\\/2023\\\/08\\\/09\\\/alcaldia-de-soledad-promueve-la-salud-mental-y-la-convivencia-en-instituciones-educativas\\\/\",\"name\":\"Alcald\u00eda de Soledad promueve la salud mental y la convivencia en instituciones educativas - Constrastes\",\"isPartOf\":{\"@id\":\"https:\\\/\\\/contrastes.com.co\\\/web\\\/#website\"},\"primaryImageOfPage\":{\"@id\":\"https:\\\/\\\/contrastes.com.co\\\/web\\\/2023\\\/08\\\/09\\\/alcaldia-de-soledad-promueve-la-salud-mental-y-la-convivencia-en-instituciones-educativas\\\/#primaryimage\"},\"image\":{\"@id\":\"https:\\\/\\\/contrastes.com.co\\\/web\\\/2023\\\/08\\\/09\\\/alcaldia-de-soledad-promueve-la-salud-mental-y-la-convivencia-en-instituciones-educativas\\\/#primaryimage\"},\"thumbnailUrl\":\"\",\"datePublished\":\"2023-08-09T18:52:57+00:00\",\"description\":\"En una iniciativa conjunta entre la Alcald\u00eda de Soledad, a trav\u00e9s de la Secretar\u00eda de Gobierno y diversas entidades colaboradoras, m\u00e1s de 7.000 estudiantes de instituciones educativas como Blas Torre De la Torre, Inem, Francisco Jos\u00e9 de Caldas y el Polit\u00e9cnico, fueron impactados positivamente a trav\u00e9s de charlas pedag\u00f3gicas relacionadas con la salud mental.\",\"breadcrumb\":{\"@id\":\"https:\\\/\\\/contrastes.com.co\\\/web\\\/2023\\\/08\\\/09\\\/alcaldia-de-soledad-promueve-la-salud-mental-y-la-convivencia-en-instituciones-educativas\\\/#breadcrumb\"},\"inLanguage\":\"es\",\"potentialAction\":[{\"@type\":\"ReadAction\",\"target\":[\"https:\\\/\\\/contrastes.com.co\\\/web\\\/2023\\\/08\\\/09\\\/alcaldia-de-soledad-promueve-la-salud-mental-y-la-convivencia-en-instituciones-educativas\\\/\"]}]},{\"@type\":\"ImageObject\",\"inLanguage\":\"es\",\"@id\":\"https:\\\/\\\/contrastes.com.co\\\/web\\\/2023\\\/08\\\/09\\\/alcaldia-de-soledad-promueve-la-salud-mental-y-la-convivencia-en-instituciones-educativas\\\/#primaryimage\",\"url\":\"\",\"contentUrl\":\"\"},{\"@type\":\"BreadcrumbList\",\"@id\":\"https:\\\/\\\/contrastes.com.co\\\/web\\\/2023\\\/08\\\/09\\\/alcaldia-de-soledad-promueve-la-salud-mental-y-la-convivencia-en-instituciones-educativas\\\/#breadcrumb\",\"itemListElement\":[{\"@type\":\"ListItem\",\"position\":1,\"name\":\"Portada\",\"item\":\"https:\\\/\\\/contrastes.com.co\\\/web\\\/\"},{\"@type\":\"ListItem\",\"position\":2,\"name\":\"Alcald\u00eda de Soledad promueve la salud mental y la convivencia en instituciones educativas\"}]},{\"@type\":\"WebSite\",\"@id\":\"https:\\\/\\\/contrastes.com.co\\\/web\\\/#website\",\"url\":\"https:\\\/\\\/contrastes.com.co\\\/web\\\/\",\"name\":\"Contrastes\",\"description\":\"Periodismo de Conciencia\",\"publisher\":{\"@id\":\"https:\\\/\\\/contrastes.com.co\\\/web\\\/#organization\"},\"potentialAction\":[{\"@type\":\"SearchAction\",\"target\":{\"@type\":\"EntryPoint\",\"urlTemplate\":\"https:\\\/\\\/contrastes.com.co\\\/web\\\/?s={search_term_string}\"},\"query-input\":{\"@type\":\"PropertyValueSpecification\",\"valueRequired\":true,\"valueName\":\"search_term_string\"}}],\"inLanguage\":\"es\"},{\"@type\":\"Organization\",\"@id\":\"https:\\\/\\\/contrastes.com.co\\\/web\\\/#organization\",\"name\":\"Contrastes\",\"url\":\"https:\\\/\\\/contrastes.com.co\\\/web\\\/\",\"logo\":{\"@type\":\"ImageObject\",\"inLanguage\":\"es\",\"@id\":\"https:\\\/\\\/contrastes.com.co\\\/web\\\/#\\\/schema\\\/logo\\\/image\\\/\",\"url\":\"https:\\\/\\\/contrastes.com.co\\\/web\\\/wp-content\\\/uploads\\\/2025\\\/04\\\/15CONTRASTES3.png\",\"contentUrl\":\"https:\\\/\\\/contrastes.com.co\\\/web\\\/wp-content\\\/uploads\\\/2025\\\/04\\\/15CONTRASTES3.png\",\"width\":1536,\"height\":231,\"caption\":\"Contrastes\"},\"image\":{\"@id\":\"https:\\\/\\\/contrastes.com.co\\\/web\\\/#\\\/schema\\\/logo\\\/image\\\/\"},\"sameAs\":[\"https:\\\/\\\/www.facebook.com\\\/guillo.pantoja.1\"]},{\"@type\":\"Person\",\"@id\":\"https:\\\/\\\/contrastes.com.co\\\/web\\\/#\\\/schema\\\/person\\\/62ef7a62dc4da6de450c71fc2e95ed02\",\"name\":\"Editor\",\"image\":{\"@type\":\"ImageObject\",\"inLanguage\":\"es\",\"@id\":\"https:\\\/\\\/secure.gravatar.com\\\/avatar\\\/7bbb4f718d74bbf600dc556253bb04fd7ac8593751d6e2e3b85432d98aefae80?s=96&d=mm&r=g\",\"url\":\"https:\\\/\\\/secure.gravatar.com\\\/avatar\\\/7bbb4f718d74bbf600dc556253bb04fd7ac8593751d6e2e3b85432d98aefae80?s=96&d=mm&r=g\",\"contentUrl\":\"https:\\\/\\\/secure.gravatar.com\\\/avatar\\\/7bbb4f718d74bbf600dc556253bb04fd7ac8593751d6e2e3b85432d98aefae80?s=96&d=mm&r=g\",\"caption\":\"Editor\"},\"sameAs\":[\"https:\\\/\\\/contrastes.com.co\\\/web\"],\"url\":\"https:\\\/\\\/contrastes.com.co\\\/web\\\/author\\\/jdbobadilla\\\/\"}]}<\/script>\n<!-- \/ Yoast SEO plugin. -->","yoast_head_json":{"title":"Alcald\u00eda de Soledad promueve la salud mental y la convivencia en instituciones educativas - Constrastes","description":"En una iniciativa conjunta entre la Alcald\u00eda de Soledad, a trav\u00e9s de la Secretar\u00eda de Gobierno y diversas entidades colaboradoras, m\u00e1s de 7.000 estudiantes de instituciones educativas como Blas Torre De la Torre, Inem, Francisco Jos\u00e9 de Caldas y el Polit\u00e9cnico, fueron impactados positivamente a trav\u00e9s de charlas pedag\u00f3gicas relacionadas con la salud mental.","robots":{"index":"index","follow":"follow","max-snippet":"max-snippet:-1","max-image-preview":"max-image-preview:large","max-video-preview":"max-video-preview:-1"},"canonical":"https:\/\/contrastes.com.co\/web\/2023\/08\/09\/alcaldia-de-soledad-promueve-la-salud-mental-y-la-convivencia-en-instituciones-educativas\/","og_locale":"es_ES","og_type":"article","og_title":"Alcald\u00eda de Soledad promueve la salud mental y la convivencia en instituciones educativas - Constrastes","og_description":"En una iniciativa conjunta entre la Alcald\u00eda de Soledad, a trav\u00e9s de la Secretar\u00eda de Gobierno y diversas entidades colaboradoras, m\u00e1s de 7.000 estudiantes de instituciones educativas como Blas Torre De la Torre, Inem, Francisco Jos\u00e9 de Caldas y el Polit\u00e9cnico, fueron impactados positivamente a trav\u00e9s de charlas pedag\u00f3gicas relacionadas con la salud mental.","og_url":"https:\/\/contrastes.com.co\/web\/2023\/08\/09\/alcaldia-de-soledad-promueve-la-salud-mental-y-la-convivencia-en-instituciones-educativas\/","og_site_name":"Constrastes","article_publisher":"https:\/\/www.facebook.com\/guillo.pantoja.1","article_published_time":"2023-08-09T18:52:57+00:00","author":"Editor","twitter_card":"summary_large_image","twitter_misc":{"Escrito por":"Editor","Tiempo de lectura":"2 minutos"},"schema":{"@context":"https:\/\/schema.org","@graph":[{"@type":"Article","@id":"https:\/\/contrastes.com.co\/web\/2023\/08\/09\/alcaldia-de-soledad-promueve-la-salud-mental-y-la-convivencia-en-instituciones-educativas\/#article","isPartOf":{"@id":"https:\/\/contrastes.com.co\/web\/2023\/08\/09\/alcaldia-de-soledad-promueve-la-salud-mental-y-la-convivencia-en-instituciones-educativas\/"},"author":{"name":"Editor","@id":"https:\/\/contrastes.com.co\/web\/#\/schema\/person\/62ef7a62dc4da6de450c71fc2e95ed02"},"headline":"Alcald\u00eda de Soledad promueve la salud mental y la convivencia en instituciones educativas","datePublished":"2023-08-09T18:52:57+00:00","mainEntityOfPage":{"@id":"https:\/\/contrastes.com.co\/web\/2023\/08\/09\/alcaldia-de-soledad-promueve-la-salud-mental-y-la-convivencia-en-instituciones-educativas\/"},"wordCount":444,"commentCount":0,"publisher":{"@id":"https:\/\/contrastes.com.co\/web\/#organization"},"image":{"@id":"https:\/\/contrastes.com.co\/web\/2023\/08\/09\/alcaldia-de-soledad-promueve-la-salud-mental-y-la-convivencia-en-instituciones-educativas\/#primaryimage"},"thumbnailUrl":"","keywords":["adolescentes","alcaldia de Soledad","convivencia ciudadana","estudiantes","Instituciones educativas oficiales","municipio de soledad","Salud mental","secretaria de Gobierno"],"articleSection":["Convivencia y Cultura Ciudadana","Locales","Seguridad Ciudadana","Televisi\u00f3n-Web"],"inLanguage":"es","potentialAction":[{"@type":"CommentAction","name":"Comment","target":["https:\/\/contrastes.com.co\/web\/2023\/08\/09\/alcaldia-de-soledad-promueve-la-salud-mental-y-la-convivencia-en-instituciones-educativas\/#respond"]}]},{"@type":"WebPage","@id":"https:\/\/contrastes.com.co\/web\/2023\/08\/09\/alcaldia-de-soledad-promueve-la-salud-mental-y-la-convivencia-en-instituciones-educativas\/","url":"https:\/\/contrastes.com.co\/web\/2023\/08\/09\/alcaldia-de-soledad-promueve-la-salud-mental-y-la-convivencia-en-instituciones-educativas\/","name":"Alcald\u00eda de Soledad promueve la salud mental y la convivencia en instituciones educativas - Constrastes","isPartOf":{"@id":"https:\/\/contrastes.com.co\/web\/#website"},"primaryImageOfPage":{"@id":"https:\/\/contrastes.com.co\/web\/2023\/08\/09\/alcaldia-de-soledad-promueve-la-salud-mental-y-la-convivencia-en-instituciones-educativas\/#primaryimage"},"image":{"@id":"https:\/\/contrastes.com.co\/web\/2023\/08\/09\/alcaldia-de-soledad-promueve-la-salud-mental-y-la-convivencia-en-instituciones-educativas\/#primaryimage"},"thumbnailUrl":"","datePublished":"2023-08-09T18:52:57+00:00","description":"En una iniciativa conjunta entre la Alcald\u00eda de Soledad, a trav\u00e9s de la Secretar\u00eda de Gobierno y diversas entidades colaboradoras, m\u00e1s de 7.000 estudiantes de instituciones educativas como Blas Torre De la Torre, Inem, Francisco Jos\u00e9 de Caldas y el Polit\u00e9cnico, fueron impactados positivamente a trav\u00e9s de charlas pedag\u00f3gicas relacionadas con la salud mental.","breadcrumb":{"@id":"https:\/\/contrastes.com.co\/web\/2023\/08\/09\/alcaldia-de-soledad-promueve-la-salud-mental-y-la-convivencia-en-instituciones-educativas\/#breadcrumb"},"inLanguage":"es","potentialAction":[{"@type":"ReadAction","target":["https:\/\/contrastes.com.co\/web\/2023\/08\/09\/alcaldia-de-soledad-promueve-la-salud-mental-y-la-convivencia-en-instituciones-educativas\/"]}]},{"@type":"ImageObject","inLanguage":"es","@id":"https:\/\/contrastes.com.co\/web\/2023\/08\/09\/alcaldia-de-soledad-promueve-la-salud-mental-y-la-convivencia-en-instituciones-educativas\/#primaryimage","url":"","contentUrl":""},{"@type":"BreadcrumbList","@id":"https:\/\/contrastes.com.co\/web\/2023\/08\/09\/alcaldia-de-soledad-promueve-la-salud-mental-y-la-convivencia-en-instituciones-educativas\/#breadcrumb","itemListElement":[{"@type":"ListItem","position":1,"name":"Portada","item":"https:\/\/contrastes.com.co\/web\/"},{"@type":"ListItem","position":2,"name":"Alcald\u00eda de Soledad promueve la salud mental y la convivencia en instituciones educativas"}]},{"@type":"WebSite","@id":"https:\/\/contrastes.com.co\/web\/#website","url":"https:\/\/contrastes.com.co\/web\/","name":"Contrastes","description":"Periodismo de Conciencia","publisher":{"@id":"https:\/\/contrastes.com.co\/web\/#organization"},"potentialAction":[{"@type":"SearchAction","target":{"@type":"EntryPoint","urlTemplate":"https:\/\/contrastes.com.co\/web\/?s={search_term_string}"},"query-input":{"@type":"PropertyValueSpecification","valueRequired":true,"valueName":"search_term_string"}}],"inLanguage":"es"},{"@type":"Organization","@id":"https:\/\/contrastes.com.co\/web\/#organization","name":"Contrastes","url":"https:\/\/contrastes.com.co\/web\/","logo":{"@type":"ImageObject","inLanguage":"es","@id":"https:\/\/contrastes.com.co\/web\/#\/schema\/logo\/image\/","url":"https:\/\/contrastes.com.co\/web\/wp-content\/uploads\/2025\/04\/15CONTRASTES3.png","contentUrl":"https:\/\/contrastes.com.co\/web\/wp-content\/uploads\/2025\/04\/15CONTRASTES3.png","width":1536,"height":231,"caption":"Contrastes"},"image":{"@id":"https:\/\/contrastes.com.co\/web\/#\/schema\/logo\/image\/"},"sameAs":["https:\/\/www.facebook.com\/guillo.pantoja.1"]},{"@type":"Person","@id":"https:\/\/contrastes.com.co\/web\/#\/schema\/person\/62ef7a62dc4da6de450c71fc2e95ed02","name":"Editor","image":{"@type":"ImageObject","inLanguage":"es","@id":"https:\/\/secure.gravatar.com\/avatar\/7bbb4f718d74bbf600dc556253bb04fd7ac8593751d6e2e3b85432d98aefae80?s=96&d=mm&r=g","url":"https:\/\/secure.gravatar.com\/avatar\/7bbb4f718d74bbf600dc556253bb04fd7ac8593751d6e2e3b85432d98aefae80?s=96&d=mm&r=g","contentUrl":"https:\/\/secure.gravatar.com\/avatar\/7bbb4f718d74bbf600dc556253bb04fd7ac8593751d6e2e3b85432d98aefae80?s=96&d=mm&r=g","caption":"Editor"},"sameAs":["https:\/\/contrastes.com.co\/web"],"url":"https:\/\/contrastes.com.co\/web\/author\/jdbobadilla\/"}]}},"blog_post_layout_featured_media_urls":{"thumbnail":"","full":""},"categories_names":{"7411":{"name":"Convivencia y Cultura Ciudadana","link":"https:\/\/contrastes.com.co\/web\/category\/convivencia-y-cultura-ciudadana\/"},"23":{"name":"Locales","link":"https:\/\/contrastes.com.co\/web\/category\/locales\/"},"53":{"name":"Seguridad Ciudadana","link":"https:\/\/contrastes.com.co\/web\/category\/seguridad-ciudadana\/"},"4940":{"name":"Televisi\u00f3n-Web","link":"https:\/\/contrastes.com.co\/web\/category\/television-web\/"}},"tags_names":{"2859":{"name":"adolescentes","link":"https:\/\/contrastes.com.co\/web\/tag\/adolescentes\/"},"28":{"name":"alcaldia de Soledad","link":"https:\/\/contrastes.com.co\/web\/tag\/alcaldia-de-soledad\/"},"5278":{"name":"convivencia ciudadana","link":"https:\/\/contrastes.com.co\/web\/tag\/convivencia-ciudadana\/"},"209":{"name":"estudiantes","link":"https:\/\/contrastes.com.co\/web\/tag\/estudiantes\/"},"4982":{"name":"Instituciones educativas oficiales","link":"https:\/\/contrastes.com.co\/web\/tag\/instituciones-educativas-oficiales\/"},"51":{"name":"municipio de soledad","link":"https:\/\/contrastes.com.co\/web\/tag\/municipio-de-soledad\/"},"2127":{"name":"Salud mental","link":"https:\/\/contrastes.com.co\/web\/tag\/salud-mental\/"},"374":{"name":"secretaria de Gobierno","link":"https:\/\/contrastes.com.co\/web\/tag\/secretaria-de-gobierno\/"}},"comments_number":"0","wpmagazine_modules_lite_featured_media_urls":{"thumbnail":"","cvmm-medium":"","cvmm-medium-plus":"","cvmm-portrait":"","cvmm-medium-square":"","cvmm-large":"","cvmm-small":"","full":""},"_links":{"self":[{"href":"https:\/\/contrastes.com.co\/web\/wp-json\/wp\/v2\/posts\/14529","targetHints":{"allow":["GET"]}}],"collection":[{"href":"https:\/\/contrastes.com.co\/web\/wp-json\/wp\/v2\/posts"}],"about":[{"href":"https:\/\/contrastes.com.co\/web\/wp-json\/wp\/v2\/types\/post"}],"author":[{"embeddable":true,"href":"https:\/\/contrastes.com.co\/web\/wp-json\/wp\/v2\/users\/1"}],"replies":[{"embeddable":true,"href":"https:\/\/contrastes.com.co\/web\/wp-json\/wp\/v2\/comments?post=14529"}],"version-history":[{"count":0,"href":"https:\/\/contrastes.com.co\/web\/wp-json\/wp\/v2\/posts\/14529\/revisions"}],"wp:attachment":[{"href":"https:\/\/contrastes.com.co\/web\/wp-json\/wp\/v2\/media?parent=14529"}],"wp:term":[{"taxonomy":"category","embeddable":true,"href":"https:\/\/contrastes.com.co\/web\/wp-json\/wp\/v2\/categories?post=14529"},{"taxonomy":"post_tag","embeddable":true,"href":"https:\/\/contrastes.com.co\/web\/wp-json\/wp\/v2\/tags?post=14529"}],"curies":[{"name":"wp","href":"https:\/\/api.w.org\/{rel}","templated":true}]}}