{"id":14535,"date":"2023-08-15T14:12:38","date_gmt":"2023-08-15T19:12:38","guid":{"rendered":"https:\/\/contrastes.com.co\/digital\/?p=14535"},"modified":"2023-08-15T14:12:38","modified_gmt":"2023-08-15T19:12:38","slug":"el-primer-biblioavion-del-atlantico-se-ubica-en-soledad","status":"publish","type":"post","link":"https:\/\/contrastes.com.co\/web\/2023\/08\/15\/el-primer-biblioavion-del-atlantico-se-ubica-en-soledad\/","title":{"rendered":"El primer Biblioavi\u00f3n del Atl\u00e1ntico se ubica en Soledad"},"content":{"rendered":"<p><strong>*El primer Biblioavi\u00f3n del Atl\u00e1ntico se ubica en Soledad<\/strong><\/p>\n<blockquote><p><strong>En el barrio La Candelaria II, en el suroccidente de Soledad, se ubicar\u00e1 el primer biblioavi\u00f3n del Atl\u00e1ntico.<\/strong><\/p><\/blockquote>\n<p><img decoding=\"async\" class=\"alignleft wp-image-8524\" src=\"https:\/\/contrastes.com.co\/digital\/wp-content\/uploads\/2022\/03\/l-capitular.png\" alt=\"l capitular\" width=\"104\" height=\"104\" \/><strong>a<\/strong> <strong>aeronave ser\u00e1 adecuado en su interior con un aula l\u00fadica recreativa, una biblioteca digital con capacidad para 20 estudiantes<\/strong>, quienes tendr\u00e1n la oportunidad de consultar material did\u00e1ctico como libros, audios, videos, im\u00e1genes y audiolibros. El <strong>alcalde Rodolfo Ucr\u00f3s Rosales<\/strong>, junto con el <strong>secretario de Gesti\u00f3n Social, Deiber Conrado<\/strong>, socializaron con la comunidad la adecuaci\u00f3n y construcci\u00f3n de este espacio pedag\u00f3gico que beneficiar\u00e1 a m\u00e1s de 200.000 ni\u00f1os, ni\u00f1as y adolescentes de los <strong>barrios Candelaria II, Villa Linda, Villa del Carmen, San Vicente, Villa Karla, Villa Sol, Villa Mar\u00eda ente otros.<\/strong><\/p>\n<p><iframe style=\"border: none; overflow: hidden;\" src=\"https:\/\/www.facebook.com\/plugins\/video.php?height=314&amp;href=https%3A%2F%2Fwww.facebook.com%2Fsoledadalcaldia%2Fvideos%2F7306806202669494%2F&amp;show_text=false&amp;width=560&amp;t=0\" width=\"560\" height=\"314\" frameborder=\"0\" scrolling=\"no\" allowfullscreen=\"allowfullscreen\"><\/iframe><\/p>\n<p>El <strong>biblioavi\u00f3n<\/strong> se construye en un \u00e1rea de 1.000 metros cuadrados y los trabajos se encuentran en la primera etapa preliminar de encerramiento, trazado, excavaciones que permite edificar las estructura que soportar\u00e1 el avi\u00f3n, el cual ser\u00e1 parcialmente ensamblado en el lugar.<\/p>\n<p>El mandatario precis\u00f3 que una plazoleta con andenes, jardineras y amoblamiento urbano hacen parte de esta obra l\u00fadica recreativa y cultural que unifica el esfuerzo de las <strong>secretar\u00edas de Gesti\u00f3n Social, Deportes y Educaci\u00f3n<\/strong>.<\/p>\n<p>La Alcald\u00eda de Soledad con el apoyo del <strong>Servicio Nacional de Aprendizaje, Sena, el Departamento de Prosperidad Social, DPS, Gran Central de Abastos del Caribe, Dolmen y Constructora Bol\u00edvar<\/strong> hacen realidad este proyecto que estar\u00e1 listo a finales de noviembre.<\/p>\n","protected":false},"excerpt":{"rendered":"<p>La aeronave ser\u00e1 adecuado en su interior con un aula l\u00fadica recreativa, una biblioteca digital con capacidad para 20 estudiantes, quienes tendr\u00e1n la oportunidad de consultar material did\u00e1ctico como libros, audios, videos, im\u00e1genes y audiolibros. El alcalde Rodolfo Ucr\u00f3s Rosales, junto con el secretario de Gesti\u00f3n Social, Deiber Conrado, socializaron con la comunidad la adecuaci\u00f3n y construcci\u00f3n de este espacio pedag\u00f3gico que beneficiar\u00e1 a m\u00e1s de 200.000 ni\u00f1os, ni\u00f1as y adolescentes de los barrios Candelaria II, Villa Linda, Villa del Carmen, San Vicente, Villa Karla, Villa Sol, Villa Mar\u00eda ente otros.<\/p>\n","protected":false},"author":1,"featured_media":14536,"comment_status":"open","ping_status":"open","sticky":false,"template":"","format":"standard","meta":{"footnotes":""},"categories":[151,207,571,23,3160,4940],"tags":[173,9377,6228,9378,2479,9379,9380,51,1879,1175,254,917,1500,487,2119],"class_list":["post-14535","post","type-post","status-publish","format-standard","has-post-thumbnail","hentry","category-deportes","category-educacion","category-gestion-social","category-locales","category-parques-y-escenarios-deportivos","category-television-web","tag-alcalde-de-soledad","tag-biblioavion","tag-deiber-conrado","tag-dolmen-y-constructora-bolivar","tag-dps","tag-el-departamento-de-prosperidad-social","tag-gran-central-de-abastos-del-caribe","tag-municipio-de-soledad","tag-rodolfo-ucros-rosales","tag-secretaria-de-deportes","tag-secretaria-de-educacion","tag-secretaria-de-gestion-social","tag-secretario-de-gestion-social","tag-sena","tag-servicio-nacional-de-aprendizaje"],"yoast_head":"<!-- This site is optimized with the Yoast SEO plugin v27.7 - https:\/\/yoast.com\/product\/yoast-seo-wordpress\/ -->\n<title>El primer Biblioavi\u00f3n del Atl\u00e1ntico se ubica en Soledad - Constrastes<\/title>\n<meta name=\"description\" content=\"La aeronave ser\u00e1 adecuado en su interior con un aula l\u00fadica recreativa, una biblioteca digital con capacidad para 20 estudiantes, quienes tendr\u00e1n la oportunidad de consultar material did\u00e1ctico como libros, audios, videos, im\u00e1genes y audiolibros. El alcalde Rodolfo Ucr\u00f3s Rosales, junto con el secretario de Gesti\u00f3n Social, Deiber Conrado, socializaron con la comunidad la adecuaci\u00f3n y construcci\u00f3n de este espacio pedag\u00f3gico que beneficiar\u00e1 a m\u00e1s de 200.000 ni\u00f1os, ni\u00f1as y adolescentes de los barrios Candelaria II, Villa Linda, Villa del Carmen, San Vicente, Villa Karla, Villa Sol, Villa Mar\u00eda ente otros.\" \/>\n<meta name=\"robots\" content=\"index, follow, max-snippet:-1, max-image-preview:large, max-video-preview:-1\" \/>\n<link rel=\"canonical\" href=\"https:\/\/contrastes.com.co\/web\/2023\/08\/15\/el-primer-biblioavion-del-atlantico-se-ubica-en-soledad\/\" \/>\n<meta property=\"og:locale\" content=\"es_ES\" \/>\n<meta property=\"og:type\" content=\"article\" \/>\n<meta property=\"og:title\" content=\"El primer Biblioavi\u00f3n del Atl\u00e1ntico se ubica en Soledad - Constrastes\" \/>\n<meta property=\"og:description\" content=\"La aeronave ser\u00e1 adecuado en su interior con un aula l\u00fadica recreativa, una biblioteca digital con capacidad para 20 estudiantes, quienes tendr\u00e1n la oportunidad de consultar material did\u00e1ctico como libros, audios, videos, im\u00e1genes y audiolibros. El alcalde Rodolfo Ucr\u00f3s Rosales, junto con el secretario de Gesti\u00f3n Social, Deiber Conrado, socializaron con la comunidad la adecuaci\u00f3n y construcci\u00f3n de este espacio pedag\u00f3gico que beneficiar\u00e1 a m\u00e1s de 200.000 ni\u00f1os, ni\u00f1as y adolescentes de los barrios Candelaria II, Villa Linda, Villa del Carmen, San Vicente, Villa Karla, Villa Sol, Villa Mar\u00eda ente otros.\" \/>\n<meta property=\"og:url\" content=\"https:\/\/contrastes.com.co\/web\/2023\/08\/15\/el-primer-biblioavion-del-atlantico-se-ubica-en-soledad\/\" \/>\n<meta property=\"og:site_name\" content=\"Constrastes\" \/>\n<meta property=\"article:publisher\" content=\"https:\/\/www.facebook.com\/guillo.pantoja.1\" \/>\n<meta property=\"article:published_time\" content=\"2023-08-15T19:12:38+00:00\" \/>\n<meta name=\"author\" content=\"Editor\" \/>\n<meta name=\"twitter:card\" content=\"summary_large_image\" \/>\n<meta name=\"twitter:label1\" content=\"Escrito por\" \/>\n\t<meta name=\"twitter:data1\" content=\"Editor\" \/>\n\t<meta name=\"twitter:label2\" content=\"Tiempo de lectura\" \/>\n\t<meta name=\"twitter:data2\" content=\"1 minuto\" \/>\n<script type=\"application\/ld+json\" class=\"yoast-schema-graph\">{\"@context\":\"https:\\\/\\\/schema.org\",\"@graph\":[{\"@type\":\"Article\",\"@id\":\"https:\\\/\\\/contrastes.com.co\\\/web\\\/2023\\\/08\\\/15\\\/el-primer-biblioavion-del-atlantico-se-ubica-en-soledad\\\/#article\",\"isPartOf\":{\"@id\":\"https:\\\/\\\/contrastes.com.co\\\/web\\\/2023\\\/08\\\/15\\\/el-primer-biblioavion-del-atlantico-se-ubica-en-soledad\\\/\"},\"author\":{\"name\":\"Editor\",\"@id\":\"https:\\\/\\\/contrastes.com.co\\\/web\\\/#\\\/schema\\\/person\\\/62ef7a62dc4da6de450c71fc2e95ed02\"},\"headline\":\"El primer Biblioavi\u00f3n del Atl\u00e1ntico se ubica en Soledad\",\"datePublished\":\"2023-08-15T19:12:38+00:00\",\"mainEntityOfPage\":{\"@id\":\"https:\\\/\\\/contrastes.com.co\\\/web\\\/2023\\\/08\\\/15\\\/el-primer-biblioavion-del-atlantico-se-ubica-en-soledad\\\/\"},\"wordCount\":267,\"commentCount\":0,\"publisher\":{\"@id\":\"https:\\\/\\\/contrastes.com.co\\\/web\\\/#organization\"},\"image\":{\"@id\":\"https:\\\/\\\/contrastes.com.co\\\/web\\\/2023\\\/08\\\/15\\\/el-primer-biblioavion-del-atlantico-se-ubica-en-soledad\\\/#primaryimage\"},\"thumbnailUrl\":\"\",\"keywords\":[\"alcalde de Soledad\",\"Biblioavi\u00f3n\",\"Deiber Conrado\",\"Dolmen y Constructora Bol\u00edvar\",\"DPS\",\"el Departamento de Prosperidad Social\",\"Gran Central de Abastos del Caribe\",\"municipio de soledad\",\"Rodolfo Ucr\u00f3s Rosales\",\"secretar\u00eda de Deportes\",\"secretar\u00eda de Educaci\u00f3n\",\"secretar\u00eda de Gesti\u00f3n Social\",\"secretario de Gesti\u00f3n Social\",\"SENA\",\"Servicio Nacional de Aprendizaje\"],\"articleSection\":[\"Deportes\",\"Educaci\u00f3n\",\"Gesti\u00f3n Social\",\"Locales\",\"Parques y escenarios deportivos\",\"Televisi\u00f3n-Web\"],\"inLanguage\":\"es\",\"potentialAction\":[{\"@type\":\"CommentAction\",\"name\":\"Comment\",\"target\":[\"https:\\\/\\\/contrastes.com.co\\\/web\\\/2023\\\/08\\\/15\\\/el-primer-biblioavion-del-atlantico-se-ubica-en-soledad\\\/#respond\"]}]},{\"@type\":\"WebPage\",\"@id\":\"https:\\\/\\\/contrastes.com.co\\\/web\\\/2023\\\/08\\\/15\\\/el-primer-biblioavion-del-atlantico-se-ubica-en-soledad\\\/\",\"url\":\"https:\\\/\\\/contrastes.com.co\\\/web\\\/2023\\\/08\\\/15\\\/el-primer-biblioavion-del-atlantico-se-ubica-en-soledad\\\/\",\"name\":\"El primer Biblioavi\u00f3n del Atl\u00e1ntico se ubica en Soledad - Constrastes\",\"isPartOf\":{\"@id\":\"https:\\\/\\\/contrastes.com.co\\\/web\\\/#website\"},\"primaryImageOfPage\":{\"@id\":\"https:\\\/\\\/contrastes.com.co\\\/web\\\/2023\\\/08\\\/15\\\/el-primer-biblioavion-del-atlantico-se-ubica-en-soledad\\\/#primaryimage\"},\"image\":{\"@id\":\"https:\\\/\\\/contrastes.com.co\\\/web\\\/2023\\\/08\\\/15\\\/el-primer-biblioavion-del-atlantico-se-ubica-en-soledad\\\/#primaryimage\"},\"thumbnailUrl\":\"\",\"datePublished\":\"2023-08-15T19:12:38+00:00\",\"description\":\"La aeronave ser\u00e1 adecuado en su interior con un aula l\u00fadica recreativa, una biblioteca digital con capacidad para 20 estudiantes, quienes tendr\u00e1n la oportunidad de consultar material did\u00e1ctico como libros, audios, videos, im\u00e1genes y audiolibros. El alcalde Rodolfo Ucr\u00f3s Rosales, junto con el secretario de Gesti\u00f3n Social, Deiber Conrado, socializaron con la comunidad la adecuaci\u00f3n y construcci\u00f3n de este espacio pedag\u00f3gico que beneficiar\u00e1 a m\u00e1s de 200.000 ni\u00f1os, ni\u00f1as y adolescentes de los barrios Candelaria II, Villa Linda, Villa del Carmen, San Vicente, Villa Karla, Villa Sol, Villa Mar\u00eda ente otros.\",\"breadcrumb\":{\"@id\":\"https:\\\/\\\/contrastes.com.co\\\/web\\\/2023\\\/08\\\/15\\\/el-primer-biblioavion-del-atlantico-se-ubica-en-soledad\\\/#breadcrumb\"},\"inLanguage\":\"es\",\"potentialAction\":[{\"@type\":\"ReadAction\",\"target\":[\"https:\\\/\\\/contrastes.com.co\\\/web\\\/2023\\\/08\\\/15\\\/el-primer-biblioavion-del-atlantico-se-ubica-en-soledad\\\/\"]}]},{\"@type\":\"ImageObject\",\"inLanguage\":\"es\",\"@id\":\"https:\\\/\\\/contrastes.com.co\\\/web\\\/2023\\\/08\\\/15\\\/el-primer-biblioavion-del-atlantico-se-ubica-en-soledad\\\/#primaryimage\",\"url\":\"\",\"contentUrl\":\"\"},{\"@type\":\"BreadcrumbList\",\"@id\":\"https:\\\/\\\/contrastes.com.co\\\/web\\\/2023\\\/08\\\/15\\\/el-primer-biblioavion-del-atlantico-se-ubica-en-soledad\\\/#breadcrumb\",\"itemListElement\":[{\"@type\":\"ListItem\",\"position\":1,\"name\":\"Portada\",\"item\":\"https:\\\/\\\/contrastes.com.co\\\/web\\\/\"},{\"@type\":\"ListItem\",\"position\":2,\"name\":\"El primer Biblioavi\u00f3n del Atl\u00e1ntico se ubica en Soledad\"}]},{\"@type\":\"WebSite\",\"@id\":\"https:\\\/\\\/contrastes.com.co\\\/web\\\/#website\",\"url\":\"https:\\\/\\\/contrastes.com.co\\\/web\\\/\",\"name\":\"Contrastes\",\"description\":\"Periodismo de Conciencia\",\"publisher\":{\"@id\":\"https:\\\/\\\/contrastes.com.co\\\/web\\\/#organization\"},\"potentialAction\":[{\"@type\":\"SearchAction\",\"target\":{\"@type\":\"EntryPoint\",\"urlTemplate\":\"https:\\\/\\\/contrastes.com.co\\\/web\\\/?s={search_term_string}\"},\"query-input\":{\"@type\":\"PropertyValueSpecification\",\"valueRequired\":true,\"valueName\":\"search_term_string\"}}],\"inLanguage\":\"es\"},{\"@type\":\"Organization\",\"@id\":\"https:\\\/\\\/contrastes.com.co\\\/web\\\/#organization\",\"name\":\"Contrastes\",\"url\":\"https:\\\/\\\/contrastes.com.co\\\/web\\\/\",\"logo\":{\"@type\":\"ImageObject\",\"inLanguage\":\"es\",\"@id\":\"https:\\\/\\\/contrastes.com.co\\\/web\\\/#\\\/schema\\\/logo\\\/image\\\/\",\"url\":\"https:\\\/\\\/contrastes.com.co\\\/web\\\/wp-content\\\/uploads\\\/2025\\\/04\\\/15CONTRASTES3.png\",\"contentUrl\":\"https:\\\/\\\/contrastes.com.co\\\/web\\\/wp-content\\\/uploads\\\/2025\\\/04\\\/15CONTRASTES3.png\",\"width\":1536,\"height\":231,\"caption\":\"Contrastes\"},\"image\":{\"@id\":\"https:\\\/\\\/contrastes.com.co\\\/web\\\/#\\\/schema\\\/logo\\\/image\\\/\"},\"sameAs\":[\"https:\\\/\\\/www.facebook.com\\\/guillo.pantoja.1\"]},{\"@type\":\"Person\",\"@id\":\"https:\\\/\\\/contrastes.com.co\\\/web\\\/#\\\/schema\\\/person\\\/62ef7a62dc4da6de450c71fc2e95ed02\",\"name\":\"Editor\",\"image\":{\"@type\":\"ImageObject\",\"inLanguage\":\"es\",\"@id\":\"https:\\\/\\\/secure.gravatar.com\\\/avatar\\\/7bbb4f718d74bbf600dc556253bb04fd7ac8593751d6e2e3b85432d98aefae80?s=96&d=mm&r=g\",\"url\":\"https:\\\/\\\/secure.gravatar.com\\\/avatar\\\/7bbb4f718d74bbf600dc556253bb04fd7ac8593751d6e2e3b85432d98aefae80?s=96&d=mm&r=g\",\"contentUrl\":\"https:\\\/\\\/secure.gravatar.com\\\/avatar\\\/7bbb4f718d74bbf600dc556253bb04fd7ac8593751d6e2e3b85432d98aefae80?s=96&d=mm&r=g\",\"caption\":\"Editor\"},\"sameAs\":[\"https:\\\/\\\/contrastes.com.co\\\/web\"],\"url\":\"https:\\\/\\\/contrastes.com.co\\\/web\\\/author\\\/jdbobadilla\\\/\"}]}<\/script>\n<!-- \/ Yoast SEO plugin. -->","yoast_head_json":{"title":"El primer Biblioavi\u00f3n del Atl\u00e1ntico se ubica en Soledad - Constrastes","description":"La aeronave ser\u00e1 adecuado en su interior con un aula l\u00fadica recreativa, una biblioteca digital con capacidad para 20 estudiantes, quienes tendr\u00e1n la oportunidad de consultar material did\u00e1ctico como libros, audios, videos, im\u00e1genes y audiolibros. El alcalde Rodolfo Ucr\u00f3s Rosales, junto con el secretario de Gesti\u00f3n Social, Deiber Conrado, socializaron con la comunidad la adecuaci\u00f3n y construcci\u00f3n de este espacio pedag\u00f3gico que beneficiar\u00e1 a m\u00e1s de 200.000 ni\u00f1os, ni\u00f1as y adolescentes de los barrios Candelaria II, Villa Linda, Villa del Carmen, San Vicente, Villa Karla, Villa Sol, Villa Mar\u00eda ente otros.","robots":{"index":"index","follow":"follow","max-snippet":"max-snippet:-1","max-image-preview":"max-image-preview:large","max-video-preview":"max-video-preview:-1"},"canonical":"https:\/\/contrastes.com.co\/web\/2023\/08\/15\/el-primer-biblioavion-del-atlantico-se-ubica-en-soledad\/","og_locale":"es_ES","og_type":"article","og_title":"El primer Biblioavi\u00f3n del Atl\u00e1ntico se ubica en Soledad - Constrastes","og_description":"La aeronave ser\u00e1 adecuado en su interior con un aula l\u00fadica recreativa, una biblioteca digital con capacidad para 20 estudiantes, quienes tendr\u00e1n la oportunidad de consultar material did\u00e1ctico como libros, audios, videos, im\u00e1genes y audiolibros. El alcalde Rodolfo Ucr\u00f3s Rosales, junto con el secretario de Gesti\u00f3n Social, Deiber Conrado, socializaron con la comunidad la adecuaci\u00f3n y construcci\u00f3n de este espacio pedag\u00f3gico que beneficiar\u00e1 a m\u00e1s de 200.000 ni\u00f1os, ni\u00f1as y adolescentes de los barrios Candelaria II, Villa Linda, Villa del Carmen, San Vicente, Villa Karla, Villa Sol, Villa Mar\u00eda ente otros.","og_url":"https:\/\/contrastes.com.co\/web\/2023\/08\/15\/el-primer-biblioavion-del-atlantico-se-ubica-en-soledad\/","og_site_name":"Constrastes","article_publisher":"https:\/\/www.facebook.com\/guillo.pantoja.1","article_published_time":"2023-08-15T19:12:38+00:00","author":"Editor","twitter_card":"summary_large_image","twitter_misc":{"Escrito por":"Editor","Tiempo de lectura":"1 minuto"},"schema":{"@context":"https:\/\/schema.org","@graph":[{"@type":"Article","@id":"https:\/\/contrastes.com.co\/web\/2023\/08\/15\/el-primer-biblioavion-del-atlantico-se-ubica-en-soledad\/#article","isPartOf":{"@id":"https:\/\/contrastes.com.co\/web\/2023\/08\/15\/el-primer-biblioavion-del-atlantico-se-ubica-en-soledad\/"},"author":{"name":"Editor","@id":"https:\/\/contrastes.com.co\/web\/#\/schema\/person\/62ef7a62dc4da6de450c71fc2e95ed02"},"headline":"El primer Biblioavi\u00f3n del Atl\u00e1ntico se ubica en Soledad","datePublished":"2023-08-15T19:12:38+00:00","mainEntityOfPage":{"@id":"https:\/\/contrastes.com.co\/web\/2023\/08\/15\/el-primer-biblioavion-del-atlantico-se-ubica-en-soledad\/"},"wordCount":267,"commentCount":0,"publisher":{"@id":"https:\/\/contrastes.com.co\/web\/#organization"},"image":{"@id":"https:\/\/contrastes.com.co\/web\/2023\/08\/15\/el-primer-biblioavion-del-atlantico-se-ubica-en-soledad\/#primaryimage"},"thumbnailUrl":"","keywords":["alcalde de Soledad","Biblioavi\u00f3n","Deiber Conrado","Dolmen y Constructora Bol\u00edvar","DPS","el Departamento de Prosperidad Social","Gran Central de Abastos del Caribe","municipio de soledad","Rodolfo Ucr\u00f3s Rosales","secretar\u00eda de Deportes","secretar\u00eda de Educaci\u00f3n","secretar\u00eda de Gesti\u00f3n Social","secretario de Gesti\u00f3n Social","SENA","Servicio Nacional de Aprendizaje"],"articleSection":["Deportes","Educaci\u00f3n","Gesti\u00f3n Social","Locales","Parques y escenarios deportivos","Televisi\u00f3n-Web"],"inLanguage":"es","potentialAction":[{"@type":"CommentAction","name":"Comment","target":["https:\/\/contrastes.com.co\/web\/2023\/08\/15\/el-primer-biblioavion-del-atlantico-se-ubica-en-soledad\/#respond"]}]},{"@type":"WebPage","@id":"https:\/\/contrastes.com.co\/web\/2023\/08\/15\/el-primer-biblioavion-del-atlantico-se-ubica-en-soledad\/","url":"https:\/\/contrastes.com.co\/web\/2023\/08\/15\/el-primer-biblioavion-del-atlantico-se-ubica-en-soledad\/","name":"El primer Biblioavi\u00f3n del Atl\u00e1ntico se ubica en Soledad - Constrastes","isPartOf":{"@id":"https:\/\/contrastes.com.co\/web\/#website"},"primaryImageOfPage":{"@id":"https:\/\/contrastes.com.co\/web\/2023\/08\/15\/el-primer-biblioavion-del-atlantico-se-ubica-en-soledad\/#primaryimage"},"image":{"@id":"https:\/\/contrastes.com.co\/web\/2023\/08\/15\/el-primer-biblioavion-del-atlantico-se-ubica-en-soledad\/#primaryimage"},"thumbnailUrl":"","datePublished":"2023-08-15T19:12:38+00:00","description":"La aeronave ser\u00e1 adecuado en su interior con un aula l\u00fadica recreativa, una biblioteca digital con capacidad para 20 estudiantes, quienes tendr\u00e1n la oportunidad de consultar material did\u00e1ctico como libros, audios, videos, im\u00e1genes y audiolibros. El alcalde Rodolfo Ucr\u00f3s Rosales, junto con el secretario de Gesti\u00f3n Social, Deiber Conrado, socializaron con la comunidad la adecuaci\u00f3n y construcci\u00f3n de este espacio pedag\u00f3gico que beneficiar\u00e1 a m\u00e1s de 200.000 ni\u00f1os, ni\u00f1as y adolescentes de los barrios Candelaria II, Villa Linda, Villa del Carmen, San Vicente, Villa Karla, Villa Sol, Villa Mar\u00eda ente otros.","breadcrumb":{"@id":"https:\/\/contrastes.com.co\/web\/2023\/08\/15\/el-primer-biblioavion-del-atlantico-se-ubica-en-soledad\/#breadcrumb"},"inLanguage":"es","potentialAction":[{"@type":"ReadAction","target":["https:\/\/contrastes.com.co\/web\/2023\/08\/15\/el-primer-biblioavion-del-atlantico-se-ubica-en-soledad\/"]}]},{"@type":"ImageObject","inLanguage":"es","@id":"https:\/\/contrastes.com.co\/web\/2023\/08\/15\/el-primer-biblioavion-del-atlantico-se-ubica-en-soledad\/#primaryimage","url":"","contentUrl":""},{"@type":"BreadcrumbList","@id":"https:\/\/contrastes.com.co\/web\/2023\/08\/15\/el-primer-biblioavion-del-atlantico-se-ubica-en-soledad\/#breadcrumb","itemListElement":[{"@type":"ListItem","position":1,"name":"Portada","item":"https:\/\/contrastes.com.co\/web\/"},{"@type":"ListItem","position":2,"name":"El primer Biblioavi\u00f3n del Atl\u00e1ntico se ubica en Soledad"}]},{"@type":"WebSite","@id":"https:\/\/contrastes.com.co\/web\/#website","url":"https:\/\/contrastes.com.co\/web\/","name":"Contrastes","description":"Periodismo de Conciencia","publisher":{"@id":"https:\/\/contrastes.com.co\/web\/#organization"},"potentialAction":[{"@type":"SearchAction","target":{"@type":"EntryPoint","urlTemplate":"https:\/\/contrastes.com.co\/web\/?s={search_term_string}"},"query-input":{"@type":"PropertyValueSpecification","valueRequired":true,"valueName":"search_term_string"}}],"inLanguage":"es"},{"@type":"Organization","@id":"https:\/\/contrastes.com.co\/web\/#organization","name":"Contrastes","url":"https:\/\/contrastes.com.co\/web\/","logo":{"@type":"ImageObject","inLanguage":"es","@id":"https:\/\/contrastes.com.co\/web\/#\/schema\/logo\/image\/","url":"https:\/\/contrastes.com.co\/web\/wp-content\/uploads\/2025\/04\/15CONTRASTES3.png","contentUrl":"https:\/\/contrastes.com.co\/web\/wp-content\/uploads\/2025\/04\/15CONTRASTES3.png","width":1536,"height":231,"caption":"Contrastes"},"image":{"@id":"https:\/\/contrastes.com.co\/web\/#\/schema\/logo\/image\/"},"sameAs":["https:\/\/www.facebook.com\/guillo.pantoja.1"]},{"@type":"Person","@id":"https:\/\/contrastes.com.co\/web\/#\/schema\/person\/62ef7a62dc4da6de450c71fc2e95ed02","name":"Editor","image":{"@type":"ImageObject","inLanguage":"es","@id":"https:\/\/secure.gravatar.com\/avatar\/7bbb4f718d74bbf600dc556253bb04fd7ac8593751d6e2e3b85432d98aefae80?s=96&d=mm&r=g","url":"https:\/\/secure.gravatar.com\/avatar\/7bbb4f718d74bbf600dc556253bb04fd7ac8593751d6e2e3b85432d98aefae80?s=96&d=mm&r=g","contentUrl":"https:\/\/secure.gravatar.com\/avatar\/7bbb4f718d74bbf600dc556253bb04fd7ac8593751d6e2e3b85432d98aefae80?s=96&d=mm&r=g","caption":"Editor"},"sameAs":["https:\/\/contrastes.com.co\/web"],"url":"https:\/\/contrastes.com.co\/web\/author\/jdbobadilla\/"}]}},"blog_post_layout_featured_media_urls":{"thumbnail":"","full":""},"categories_names":{"151":{"name":"Deportes","link":"https:\/\/contrastes.com.co\/web\/category\/deportes\/"},"207":{"name":"Educaci\u00f3n","link":"https:\/\/contrastes.com.co\/web\/category\/educacion\/"},"571":{"name":"Gesti\u00f3n Social","link":"https:\/\/contrastes.com.co\/web\/category\/gestion-social\/"},"23":{"name":"Locales","link":"https:\/\/contrastes.com.co\/web\/category\/locales\/"},"3160":{"name":"Parques y escenarios deportivos","link":"https:\/\/contrastes.com.co\/web\/category\/parques-y-escenarios-deportivos\/"},"4940":{"name":"Televisi\u00f3n-Web","link":"https:\/\/contrastes.com.co\/web\/category\/television-web\/"}},"tags_names":{"173":{"name":"alcalde de Soledad","link":"https:\/\/contrastes.com.co\/web\/tag\/alcalde-de-soledad\/"},"9377":{"name":"Biblioavi\u00f3n","link":"https:\/\/contrastes.com.co\/web\/tag\/biblioavion\/"},"6228":{"name":"Deiber Conrado","link":"https:\/\/contrastes.com.co\/web\/tag\/deiber-conrado\/"},"9378":{"name":"Dolmen y Constructora Bol\u00edvar","link":"https:\/\/contrastes.com.co\/web\/tag\/dolmen-y-constructora-bolivar\/"},"2479":{"name":"DPS","link":"https:\/\/contrastes.com.co\/web\/tag\/dps\/"},"9379":{"name":"el Departamento de Prosperidad Social","link":"https:\/\/contrastes.com.co\/web\/tag\/el-departamento-de-prosperidad-social\/"},"9380":{"name":"Gran Central de Abastos del Caribe","link":"https:\/\/contrastes.com.co\/web\/tag\/gran-central-de-abastos-del-caribe\/"},"51":{"name":"municipio de soledad","link":"https:\/\/contrastes.com.co\/web\/tag\/municipio-de-soledad\/"},"1879":{"name":"Rodolfo Ucr\u00f3s Rosales","link":"https:\/\/contrastes.com.co\/web\/tag\/rodolfo-ucros-rosales\/"},"1175":{"name":"secretar\u00eda de Deportes","link":"https:\/\/contrastes.com.co\/web\/tag\/secretaria-de-deportes\/"},"254":{"name":"secretar\u00eda de Educaci\u00f3n","link":"https:\/\/contrastes.com.co\/web\/tag\/secretaria-de-educacion\/"},"917":{"name":"secretar\u00eda de Gesti\u00f3n Social","link":"https:\/\/contrastes.com.co\/web\/tag\/secretaria-de-gestion-social\/"},"1500":{"name":"secretario de Gesti\u00f3n Social","link":"https:\/\/contrastes.com.co\/web\/tag\/secretario-de-gestion-social\/"},"487":{"name":"SENA","link":"https:\/\/contrastes.com.co\/web\/tag\/sena\/"},"2119":{"name":"Servicio Nacional de Aprendizaje","link":"https:\/\/contrastes.com.co\/web\/tag\/servicio-nacional-de-aprendizaje\/"}},"comments_number":"0","wpmagazine_modules_lite_featured_media_urls":{"thumbnail":"","cvmm-medium":"","cvmm-medium-plus":"","cvmm-portrait":"","cvmm-medium-square":"","cvmm-large":"","cvmm-small":"","full":""},"_links":{"self":[{"href":"https:\/\/contrastes.com.co\/web\/wp-json\/wp\/v2\/posts\/14535","targetHints":{"allow":["GET"]}}],"collection":[{"href":"https:\/\/contrastes.com.co\/web\/wp-json\/wp\/v2\/posts"}],"about":[{"href":"https:\/\/contrastes.com.co\/web\/wp-json\/wp\/v2\/types\/post"}],"author":[{"embeddable":true,"href":"https:\/\/contrastes.com.co\/web\/wp-json\/wp\/v2\/users\/1"}],"replies":[{"embeddable":true,"href":"https:\/\/contrastes.com.co\/web\/wp-json\/wp\/v2\/comments?post=14535"}],"version-history":[{"count":0,"href":"https:\/\/contrastes.com.co\/web\/wp-json\/wp\/v2\/posts\/14535\/revisions"}],"wp:attachment":[{"href":"https:\/\/contrastes.com.co\/web\/wp-json\/wp\/v2\/media?parent=14535"}],"wp:term":[{"taxonomy":"category","embeddable":true,"href":"https:\/\/contrastes.com.co\/web\/wp-json\/wp\/v2\/categories?post=14535"},{"taxonomy":"post_tag","embeddable":true,"href":"https:\/\/contrastes.com.co\/web\/wp-json\/wp\/v2\/tags?post=14535"}],"curies":[{"name":"wp","href":"https:\/\/api.w.org\/{rel}","templated":true}]}}