{"id":14566,"date":"2023-09-01T10:26:23","date_gmt":"2023-09-01T15:26:23","guid":{"rendered":"https:\/\/contrastes.com.co\/digital\/?p=14566"},"modified":"2023-09-01T10:26:23","modified_gmt":"2023-09-01T15:26:23","slug":"comunidad-del-hipodromo-en-soledad-celebro-inauguracion-de-via","status":"publish","type":"post","link":"https:\/\/contrastes.com.co\/web\/2023\/09\/01\/comunidad-del-hipodromo-en-soledad-celebro-inauguracion-de-via\/","title":{"rendered":"Comunidad del Hip\u00f3dromo en Soledad celebr\u00f3 inauguraci\u00f3n de v\u00eda"},"content":{"rendered":"<p><strong>*Comunidad del Hip\u00f3dromo en Soledad celebr\u00f3 inauguraci\u00f3n de v\u00eda<\/strong><\/p>\n<blockquote><p><strong> \u00abSe logr\u00f3 gracias a la persistencia y lucha de los vecinos durante m\u00e1s de 8 a\u00f1os; aqu\u00ed sembramos hasta matas de pl\u00e1tanos y por fin gracias a esta administraci\u00f3n de Ucr\u00f3s que se hizo realidad la pavimentaci\u00f3n\u00bb: Vadir Adu\u00e9n, presidente de la Junta de Acci\u00f3n Comunal del sector<\/strong><\/p><\/blockquote>\n<p><img decoding=\"async\" class=\"alignleft wp-image-8524\" src=\"https:\/\/contrastes.com.co\/digital\/wp-content\/uploads\/2022\/03\/l-capitular.png\" alt=\"l capitular\" width=\"82\" height=\"82\" \/>a comunidad del <strong>barrio Hip\u00f3dromo<\/strong> celebr\u00f3 la inauguraci\u00f3n de la<strong> v\u00eda pavimentada por la administraci\u00f3n del alcalde Rodolfo Ucr\u00f3s Rosales, en la carrera 33 entre calles 27C y 28 o Calle Hollywood.<\/strong> En el acto de apertura, el <strong>presidente de la Junta de Acci\u00f3n Comunal del sector, Vadir Adu\u00e9n<\/strong>, se mostr\u00f3 complacido con la obra. \u00abSe logr\u00f3 gracias a la persistencia y lucha de los vecinos durante m\u00e1s de 8 a\u00f1os; aqu\u00ed sembramos hasta matas de pl\u00e1tanos y por fin gracias a esta administraci\u00f3n de Ucr\u00f3s que se hizo realidad la pavimentaci\u00f3n.\u00bb<\/p>\n<p>El <strong>alcalde de Soledad junto con el secretario de Obras P\u00fablicas, Jaider Molina Daza,<\/strong> hicieron la entrega de la v\u00eda de 110 metros lineales y 5 metros de ancho de calzada, incluyendo reposici\u00f3n de redes de alcantarillado y acueducto. Los vecinos de la calle inaugurada compartieron con los funcionarios de la Alcald\u00eda de Soledad y contratistas de la obra una comida con pasteles de pollo y cerdo, para festejar el transcendental momento.<\/p>\n","protected":false},"excerpt":{"rendered":"<p>La comunidad del barrio Hip\u00f3dromo celebr\u00f3 la inauguraci\u00f3n de la v\u00eda pavimentada por la administraci\u00f3n del alcalde Rodolfo Ucr\u00f3s Rosales, en la carrera 33 entre calles 27C y 28 o Calle Hollywood. En el acto de apertura, el presidente de la Junta de Acci\u00f3n Comunal del sector, Vadir Adu\u00e9n, se mostr\u00f3 complacido con la obra. \u00abSe logr\u00f3 gracias a la persistencia y lucha de los vecinos durante m\u00e1s de 8 a\u00f1os; aqu\u00ed sembramos hasta matas de pl\u00e1tanos y por fin gracias a esta administraci\u00f3n de Ucr\u00f3s que se hizo realidad la pavimentaci\u00f3n.\u00bb<\/p>\n","protected":false},"author":1,"featured_media":14567,"comment_status":"open","ping_status":"open","sticky":false,"template":"","format":"standard","meta":{"footnotes":""},"categories":[23,3542,1395],"tags":[28,4015,9399,2480,51,461,1879,462,9400],"class_list":["post-14566","post","type-post","status-publish","format-standard","has-post-thumbnail","hentry","category-locales","category-obras-publicas","category-vias-y-movilidad","tag-alcaldia-de-soledad","tag-barrio-hipodromo","tag-construccion-de-vias","tag-jaider-molina-daza","tag-municipio-de-soledad","tag-pavimentacion","tag-rodolfo-ucros-rosales","tag-secretario-de-obras-publicas","tag-vadir-aduen"],"yoast_head":"<!-- This site is optimized with the Yoast SEO plugin v27.7 - https:\/\/yoast.com\/product\/yoast-seo-wordpress\/ -->\n<title>Comunidad del Hip\u00f3dromo en Soledad celebr\u00f3 inauguraci\u00f3n de v\u00eda - Constrastes<\/title>\n<meta name=\"description\" content=\"La comunidad del barrio Hip\u00f3dromo celebr\u00f3 la inauguraci\u00f3n de la v\u00eda pavimentada por la administraci\u00f3n del alcalde Rodolfo Ucr\u00f3s Rosales, en la carrera 33 entre calles 27C y 28 o Calle Hollywood. En el acto de apertura, el presidente de la Junta de Acci\u00f3n Comunal del sector, Vadir Adu\u00e9n, se mostr\u00f3 complacido con la obra. &quot;Se logr\u00f3 gracias a la persistencia y lucha de los vecinos durante m\u00e1s de 8 a\u00f1os; aqu\u00ed sembramos hasta matas de pl\u00e1tanos y por fin gracias a esta administraci\u00f3n de Ucr\u00f3s que se hizo realidad la pavimentaci\u00f3n.&quot;\" \/>\n<meta name=\"robots\" content=\"index, follow, max-snippet:-1, max-image-preview:large, max-video-preview:-1\" \/>\n<link rel=\"canonical\" href=\"https:\/\/contrastes.com.co\/web\/2023\/09\/01\/comunidad-del-hipodromo-en-soledad-celebro-inauguracion-de-via\/\" \/>\n<meta property=\"og:locale\" content=\"es_ES\" \/>\n<meta property=\"og:type\" content=\"article\" \/>\n<meta property=\"og:title\" content=\"Comunidad del Hip\u00f3dromo en Soledad celebr\u00f3 inauguraci\u00f3n de v\u00eda - Constrastes\" \/>\n<meta property=\"og:description\" content=\"La comunidad del barrio Hip\u00f3dromo celebr\u00f3 la inauguraci\u00f3n de la v\u00eda pavimentada por la administraci\u00f3n del alcalde Rodolfo Ucr\u00f3s Rosales, en la carrera 33 entre calles 27C y 28 o Calle Hollywood. En el acto de apertura, el presidente de la Junta de Acci\u00f3n Comunal del sector, Vadir Adu\u00e9n, se mostr\u00f3 complacido con la obra. &quot;Se logr\u00f3 gracias a la persistencia y lucha de los vecinos durante m\u00e1s de 8 a\u00f1os; aqu\u00ed sembramos hasta matas de pl\u00e1tanos y por fin gracias a esta administraci\u00f3n de Ucr\u00f3s que se hizo realidad la pavimentaci\u00f3n.&quot;\" \/>\n<meta property=\"og:url\" content=\"https:\/\/contrastes.com.co\/web\/2023\/09\/01\/comunidad-del-hipodromo-en-soledad-celebro-inauguracion-de-via\/\" \/>\n<meta property=\"og:site_name\" content=\"Constrastes\" \/>\n<meta property=\"article:publisher\" content=\"https:\/\/www.facebook.com\/guillo.pantoja.1\" \/>\n<meta property=\"article:published_time\" content=\"2023-09-01T15:26:23+00:00\" \/>\n<meta name=\"author\" content=\"Editor\" \/>\n<meta name=\"twitter:card\" content=\"summary_large_image\" \/>\n<meta name=\"twitter:label1\" content=\"Escrito por\" \/>\n\t<meta name=\"twitter:data1\" content=\"Editor\" \/>\n\t<meta name=\"twitter:label2\" content=\"Tiempo de lectura\" \/>\n\t<meta name=\"twitter:data2\" content=\"1 minuto\" \/>\n<script type=\"application\/ld+json\" class=\"yoast-schema-graph\">{\"@context\":\"https:\\\/\\\/schema.org\",\"@graph\":[{\"@type\":\"Article\",\"@id\":\"https:\\\/\\\/contrastes.com.co\\\/web\\\/2023\\\/09\\\/01\\\/comunidad-del-hipodromo-en-soledad-celebro-inauguracion-de-via\\\/#article\",\"isPartOf\":{\"@id\":\"https:\\\/\\\/contrastes.com.co\\\/web\\\/2023\\\/09\\\/01\\\/comunidad-del-hipodromo-en-soledad-celebro-inauguracion-de-via\\\/\"},\"author\":{\"name\":\"Editor\",\"@id\":\"https:\\\/\\\/contrastes.com.co\\\/web\\\/#\\\/schema\\\/person\\\/62ef7a62dc4da6de450c71fc2e95ed02\"},\"headline\":\"Comunidad del Hip\u00f3dromo en Soledad celebr\u00f3 inauguraci\u00f3n de v\u00eda\",\"datePublished\":\"2023-09-01T15:26:23+00:00\",\"mainEntityOfPage\":{\"@id\":\"https:\\\/\\\/contrastes.com.co\\\/web\\\/2023\\\/09\\\/01\\\/comunidad-del-hipodromo-en-soledad-celebro-inauguracion-de-via\\\/\"},\"wordCount\":255,\"commentCount\":0,\"publisher\":{\"@id\":\"https:\\\/\\\/contrastes.com.co\\\/web\\\/#organization\"},\"image\":{\"@id\":\"https:\\\/\\\/contrastes.com.co\\\/web\\\/2023\\\/09\\\/01\\\/comunidad-del-hipodromo-en-soledad-celebro-inauguracion-de-via\\\/#primaryimage\"},\"thumbnailUrl\":\"\",\"keywords\":[\"alcaldia de Soledad\",\"barrio Hip\u00f3dromo\",\"construcci\u00f3n de v\u00edas\",\"Jaider Molina Daza\",\"municipio de soledad\",\"pavimentaci\u00f3n\",\"Rodolfo Ucr\u00f3s Rosales\",\"Secretario de Obras P\u00fablicas\",\"Vadir Adu\u00e9n\"],\"articleSection\":[\"Locales\",\"Obras P\u00fablicas\",\"V\u00edas y Movilidad\"],\"inLanguage\":\"es\",\"potentialAction\":[{\"@type\":\"CommentAction\",\"name\":\"Comment\",\"target\":[\"https:\\\/\\\/contrastes.com.co\\\/web\\\/2023\\\/09\\\/01\\\/comunidad-del-hipodromo-en-soledad-celebro-inauguracion-de-via\\\/#respond\"]}]},{\"@type\":\"WebPage\",\"@id\":\"https:\\\/\\\/contrastes.com.co\\\/web\\\/2023\\\/09\\\/01\\\/comunidad-del-hipodromo-en-soledad-celebro-inauguracion-de-via\\\/\",\"url\":\"https:\\\/\\\/contrastes.com.co\\\/web\\\/2023\\\/09\\\/01\\\/comunidad-del-hipodromo-en-soledad-celebro-inauguracion-de-via\\\/\",\"name\":\"Comunidad del Hip\u00f3dromo en Soledad celebr\u00f3 inauguraci\u00f3n de v\u00eda - Constrastes\",\"isPartOf\":{\"@id\":\"https:\\\/\\\/contrastes.com.co\\\/web\\\/#website\"},\"primaryImageOfPage\":{\"@id\":\"https:\\\/\\\/contrastes.com.co\\\/web\\\/2023\\\/09\\\/01\\\/comunidad-del-hipodromo-en-soledad-celebro-inauguracion-de-via\\\/#primaryimage\"},\"image\":{\"@id\":\"https:\\\/\\\/contrastes.com.co\\\/web\\\/2023\\\/09\\\/01\\\/comunidad-del-hipodromo-en-soledad-celebro-inauguracion-de-via\\\/#primaryimage\"},\"thumbnailUrl\":\"\",\"datePublished\":\"2023-09-01T15:26:23+00:00\",\"description\":\"La comunidad del barrio Hip\u00f3dromo celebr\u00f3 la inauguraci\u00f3n de la v\u00eda pavimentada por la administraci\u00f3n del alcalde Rodolfo Ucr\u00f3s Rosales, en la carrera 33 entre calles 27C y 28 o Calle Hollywood. En el acto de apertura, el presidente de la Junta de Acci\u00f3n Comunal del sector, Vadir Adu\u00e9n, se mostr\u00f3 complacido con la obra. \\\"Se logr\u00f3 gracias a la persistencia y lucha de los vecinos durante m\u00e1s de 8 a\u00f1os; aqu\u00ed sembramos hasta matas de pl\u00e1tanos y por fin gracias a esta administraci\u00f3n de Ucr\u00f3s que se hizo realidad la pavimentaci\u00f3n.\\\"\",\"breadcrumb\":{\"@id\":\"https:\\\/\\\/contrastes.com.co\\\/web\\\/2023\\\/09\\\/01\\\/comunidad-del-hipodromo-en-soledad-celebro-inauguracion-de-via\\\/#breadcrumb\"},\"inLanguage\":\"es\",\"potentialAction\":[{\"@type\":\"ReadAction\",\"target\":[\"https:\\\/\\\/contrastes.com.co\\\/web\\\/2023\\\/09\\\/01\\\/comunidad-del-hipodromo-en-soledad-celebro-inauguracion-de-via\\\/\"]}]},{\"@type\":\"ImageObject\",\"inLanguage\":\"es\",\"@id\":\"https:\\\/\\\/contrastes.com.co\\\/web\\\/2023\\\/09\\\/01\\\/comunidad-del-hipodromo-en-soledad-celebro-inauguracion-de-via\\\/#primaryimage\",\"url\":\"\",\"contentUrl\":\"\"},{\"@type\":\"BreadcrumbList\",\"@id\":\"https:\\\/\\\/contrastes.com.co\\\/web\\\/2023\\\/09\\\/01\\\/comunidad-del-hipodromo-en-soledad-celebro-inauguracion-de-via\\\/#breadcrumb\",\"itemListElement\":[{\"@type\":\"ListItem\",\"position\":1,\"name\":\"Portada\",\"item\":\"https:\\\/\\\/contrastes.com.co\\\/web\\\/\"},{\"@type\":\"ListItem\",\"position\":2,\"name\":\"Comunidad del Hip\u00f3dromo en Soledad celebr\u00f3 inauguraci\u00f3n de v\u00eda\"}]},{\"@type\":\"WebSite\",\"@id\":\"https:\\\/\\\/contrastes.com.co\\\/web\\\/#website\",\"url\":\"https:\\\/\\\/contrastes.com.co\\\/web\\\/\",\"name\":\"Contrastes\",\"description\":\"Periodismo de Conciencia\",\"publisher\":{\"@id\":\"https:\\\/\\\/contrastes.com.co\\\/web\\\/#organization\"},\"potentialAction\":[{\"@type\":\"SearchAction\",\"target\":{\"@type\":\"EntryPoint\",\"urlTemplate\":\"https:\\\/\\\/contrastes.com.co\\\/web\\\/?s={search_term_string}\"},\"query-input\":{\"@type\":\"PropertyValueSpecification\",\"valueRequired\":true,\"valueName\":\"search_term_string\"}}],\"inLanguage\":\"es\"},{\"@type\":\"Organization\",\"@id\":\"https:\\\/\\\/contrastes.com.co\\\/web\\\/#organization\",\"name\":\"Contrastes\",\"url\":\"https:\\\/\\\/contrastes.com.co\\\/web\\\/\",\"logo\":{\"@type\":\"ImageObject\",\"inLanguage\":\"es\",\"@id\":\"https:\\\/\\\/contrastes.com.co\\\/web\\\/#\\\/schema\\\/logo\\\/image\\\/\",\"url\":\"https:\\\/\\\/contrastes.com.co\\\/web\\\/wp-content\\\/uploads\\\/2025\\\/04\\\/15CONTRASTES3.png\",\"contentUrl\":\"https:\\\/\\\/contrastes.com.co\\\/web\\\/wp-content\\\/uploads\\\/2025\\\/04\\\/15CONTRASTES3.png\",\"width\":1536,\"height\":231,\"caption\":\"Contrastes\"},\"image\":{\"@id\":\"https:\\\/\\\/contrastes.com.co\\\/web\\\/#\\\/schema\\\/logo\\\/image\\\/\"},\"sameAs\":[\"https:\\\/\\\/www.facebook.com\\\/guillo.pantoja.1\"]},{\"@type\":\"Person\",\"@id\":\"https:\\\/\\\/contrastes.com.co\\\/web\\\/#\\\/schema\\\/person\\\/62ef7a62dc4da6de450c71fc2e95ed02\",\"name\":\"Editor\",\"image\":{\"@type\":\"ImageObject\",\"inLanguage\":\"es\",\"@id\":\"https:\\\/\\\/secure.gravatar.com\\\/avatar\\\/7bbb4f718d74bbf600dc556253bb04fd7ac8593751d6e2e3b85432d98aefae80?s=96&d=mm&r=g\",\"url\":\"https:\\\/\\\/secure.gravatar.com\\\/avatar\\\/7bbb4f718d74bbf600dc556253bb04fd7ac8593751d6e2e3b85432d98aefae80?s=96&d=mm&r=g\",\"contentUrl\":\"https:\\\/\\\/secure.gravatar.com\\\/avatar\\\/7bbb4f718d74bbf600dc556253bb04fd7ac8593751d6e2e3b85432d98aefae80?s=96&d=mm&r=g\",\"caption\":\"Editor\"},\"sameAs\":[\"https:\\\/\\\/contrastes.com.co\\\/web\"],\"url\":\"https:\\\/\\\/contrastes.com.co\\\/web\\\/author\\\/jdbobadilla\\\/\"}]}<\/script>\n<!-- \/ Yoast SEO plugin. -->","yoast_head_json":{"title":"Comunidad del Hip\u00f3dromo en Soledad celebr\u00f3 inauguraci\u00f3n de v\u00eda - Constrastes","description":"La comunidad del barrio Hip\u00f3dromo celebr\u00f3 la inauguraci\u00f3n de la v\u00eda pavimentada por la administraci\u00f3n del alcalde Rodolfo Ucr\u00f3s Rosales, en la carrera 33 entre calles 27C y 28 o Calle Hollywood. En el acto de apertura, el presidente de la Junta de Acci\u00f3n Comunal del sector, Vadir Adu\u00e9n, se mostr\u00f3 complacido con la obra. \"Se logr\u00f3 gracias a la persistencia y lucha de los vecinos durante m\u00e1s de 8 a\u00f1os; aqu\u00ed sembramos hasta matas de pl\u00e1tanos y por fin gracias a esta administraci\u00f3n de Ucr\u00f3s que se hizo realidad la pavimentaci\u00f3n.\"","robots":{"index":"index","follow":"follow","max-snippet":"max-snippet:-1","max-image-preview":"max-image-preview:large","max-video-preview":"max-video-preview:-1"},"canonical":"https:\/\/contrastes.com.co\/web\/2023\/09\/01\/comunidad-del-hipodromo-en-soledad-celebro-inauguracion-de-via\/","og_locale":"es_ES","og_type":"article","og_title":"Comunidad del Hip\u00f3dromo en Soledad celebr\u00f3 inauguraci\u00f3n de v\u00eda - Constrastes","og_description":"La comunidad del barrio Hip\u00f3dromo celebr\u00f3 la inauguraci\u00f3n de la v\u00eda pavimentada por la administraci\u00f3n del alcalde Rodolfo Ucr\u00f3s Rosales, en la carrera 33 entre calles 27C y 28 o Calle Hollywood. En el acto de apertura, el presidente de la Junta de Acci\u00f3n Comunal del sector, Vadir Adu\u00e9n, se mostr\u00f3 complacido con la obra. \"Se logr\u00f3 gracias a la persistencia y lucha de los vecinos durante m\u00e1s de 8 a\u00f1os; aqu\u00ed sembramos hasta matas de pl\u00e1tanos y por fin gracias a esta administraci\u00f3n de Ucr\u00f3s que se hizo realidad la pavimentaci\u00f3n.\"","og_url":"https:\/\/contrastes.com.co\/web\/2023\/09\/01\/comunidad-del-hipodromo-en-soledad-celebro-inauguracion-de-via\/","og_site_name":"Constrastes","article_publisher":"https:\/\/www.facebook.com\/guillo.pantoja.1","article_published_time":"2023-09-01T15:26:23+00:00","author":"Editor","twitter_card":"summary_large_image","twitter_misc":{"Escrito por":"Editor","Tiempo de lectura":"1 minuto"},"schema":{"@context":"https:\/\/schema.org","@graph":[{"@type":"Article","@id":"https:\/\/contrastes.com.co\/web\/2023\/09\/01\/comunidad-del-hipodromo-en-soledad-celebro-inauguracion-de-via\/#article","isPartOf":{"@id":"https:\/\/contrastes.com.co\/web\/2023\/09\/01\/comunidad-del-hipodromo-en-soledad-celebro-inauguracion-de-via\/"},"author":{"name":"Editor","@id":"https:\/\/contrastes.com.co\/web\/#\/schema\/person\/62ef7a62dc4da6de450c71fc2e95ed02"},"headline":"Comunidad del Hip\u00f3dromo en Soledad celebr\u00f3 inauguraci\u00f3n de v\u00eda","datePublished":"2023-09-01T15:26:23+00:00","mainEntityOfPage":{"@id":"https:\/\/contrastes.com.co\/web\/2023\/09\/01\/comunidad-del-hipodromo-en-soledad-celebro-inauguracion-de-via\/"},"wordCount":255,"commentCount":0,"publisher":{"@id":"https:\/\/contrastes.com.co\/web\/#organization"},"image":{"@id":"https:\/\/contrastes.com.co\/web\/2023\/09\/01\/comunidad-del-hipodromo-en-soledad-celebro-inauguracion-de-via\/#primaryimage"},"thumbnailUrl":"","keywords":["alcaldia de Soledad","barrio Hip\u00f3dromo","construcci\u00f3n de v\u00edas","Jaider Molina Daza","municipio de soledad","pavimentaci\u00f3n","Rodolfo Ucr\u00f3s Rosales","Secretario de Obras P\u00fablicas","Vadir Adu\u00e9n"],"articleSection":["Locales","Obras P\u00fablicas","V\u00edas y Movilidad"],"inLanguage":"es","potentialAction":[{"@type":"CommentAction","name":"Comment","target":["https:\/\/contrastes.com.co\/web\/2023\/09\/01\/comunidad-del-hipodromo-en-soledad-celebro-inauguracion-de-via\/#respond"]}]},{"@type":"WebPage","@id":"https:\/\/contrastes.com.co\/web\/2023\/09\/01\/comunidad-del-hipodromo-en-soledad-celebro-inauguracion-de-via\/","url":"https:\/\/contrastes.com.co\/web\/2023\/09\/01\/comunidad-del-hipodromo-en-soledad-celebro-inauguracion-de-via\/","name":"Comunidad del Hip\u00f3dromo en Soledad celebr\u00f3 inauguraci\u00f3n de v\u00eda - Constrastes","isPartOf":{"@id":"https:\/\/contrastes.com.co\/web\/#website"},"primaryImageOfPage":{"@id":"https:\/\/contrastes.com.co\/web\/2023\/09\/01\/comunidad-del-hipodromo-en-soledad-celebro-inauguracion-de-via\/#primaryimage"},"image":{"@id":"https:\/\/contrastes.com.co\/web\/2023\/09\/01\/comunidad-del-hipodromo-en-soledad-celebro-inauguracion-de-via\/#primaryimage"},"thumbnailUrl":"","datePublished":"2023-09-01T15:26:23+00:00","description":"La comunidad del barrio Hip\u00f3dromo celebr\u00f3 la inauguraci\u00f3n de la v\u00eda pavimentada por la administraci\u00f3n del alcalde Rodolfo Ucr\u00f3s Rosales, en la carrera 33 entre calles 27C y 28 o Calle Hollywood. En el acto de apertura, el presidente de la Junta de Acci\u00f3n Comunal del sector, Vadir Adu\u00e9n, se mostr\u00f3 complacido con la obra. \"Se logr\u00f3 gracias a la persistencia y lucha de los vecinos durante m\u00e1s de 8 a\u00f1os; aqu\u00ed sembramos hasta matas de pl\u00e1tanos y por fin gracias a esta administraci\u00f3n de Ucr\u00f3s que se hizo realidad la pavimentaci\u00f3n.\"","breadcrumb":{"@id":"https:\/\/contrastes.com.co\/web\/2023\/09\/01\/comunidad-del-hipodromo-en-soledad-celebro-inauguracion-de-via\/#breadcrumb"},"inLanguage":"es","potentialAction":[{"@type":"ReadAction","target":["https:\/\/contrastes.com.co\/web\/2023\/09\/01\/comunidad-del-hipodromo-en-soledad-celebro-inauguracion-de-via\/"]}]},{"@type":"ImageObject","inLanguage":"es","@id":"https:\/\/contrastes.com.co\/web\/2023\/09\/01\/comunidad-del-hipodromo-en-soledad-celebro-inauguracion-de-via\/#primaryimage","url":"","contentUrl":""},{"@type":"BreadcrumbList","@id":"https:\/\/contrastes.com.co\/web\/2023\/09\/01\/comunidad-del-hipodromo-en-soledad-celebro-inauguracion-de-via\/#breadcrumb","itemListElement":[{"@type":"ListItem","position":1,"name":"Portada","item":"https:\/\/contrastes.com.co\/web\/"},{"@type":"ListItem","position":2,"name":"Comunidad del Hip\u00f3dromo en Soledad celebr\u00f3 inauguraci\u00f3n de v\u00eda"}]},{"@type":"WebSite","@id":"https:\/\/contrastes.com.co\/web\/#website","url":"https:\/\/contrastes.com.co\/web\/","name":"Contrastes","description":"Periodismo de Conciencia","publisher":{"@id":"https:\/\/contrastes.com.co\/web\/#organization"},"potentialAction":[{"@type":"SearchAction","target":{"@type":"EntryPoint","urlTemplate":"https:\/\/contrastes.com.co\/web\/?s={search_term_string}"},"query-input":{"@type":"PropertyValueSpecification","valueRequired":true,"valueName":"search_term_string"}}],"inLanguage":"es"},{"@type":"Organization","@id":"https:\/\/contrastes.com.co\/web\/#organization","name":"Contrastes","url":"https:\/\/contrastes.com.co\/web\/","logo":{"@type":"ImageObject","inLanguage":"es","@id":"https:\/\/contrastes.com.co\/web\/#\/schema\/logo\/image\/","url":"https:\/\/contrastes.com.co\/web\/wp-content\/uploads\/2025\/04\/15CONTRASTES3.png","contentUrl":"https:\/\/contrastes.com.co\/web\/wp-content\/uploads\/2025\/04\/15CONTRASTES3.png","width":1536,"height":231,"caption":"Contrastes"},"image":{"@id":"https:\/\/contrastes.com.co\/web\/#\/schema\/logo\/image\/"},"sameAs":["https:\/\/www.facebook.com\/guillo.pantoja.1"]},{"@type":"Person","@id":"https:\/\/contrastes.com.co\/web\/#\/schema\/person\/62ef7a62dc4da6de450c71fc2e95ed02","name":"Editor","image":{"@type":"ImageObject","inLanguage":"es","@id":"https:\/\/secure.gravatar.com\/avatar\/7bbb4f718d74bbf600dc556253bb04fd7ac8593751d6e2e3b85432d98aefae80?s=96&d=mm&r=g","url":"https:\/\/secure.gravatar.com\/avatar\/7bbb4f718d74bbf600dc556253bb04fd7ac8593751d6e2e3b85432d98aefae80?s=96&d=mm&r=g","contentUrl":"https:\/\/secure.gravatar.com\/avatar\/7bbb4f718d74bbf600dc556253bb04fd7ac8593751d6e2e3b85432d98aefae80?s=96&d=mm&r=g","caption":"Editor"},"sameAs":["https:\/\/contrastes.com.co\/web"],"url":"https:\/\/contrastes.com.co\/web\/author\/jdbobadilla\/"}]}},"blog_post_layout_featured_media_urls":{"thumbnail":"","full":""},"categories_names":{"23":{"name":"Locales","link":"https:\/\/contrastes.com.co\/web\/category\/locales\/"},"3542":{"name":"Obras P\u00fablicas","link":"https:\/\/contrastes.com.co\/web\/category\/obras-publicas\/"},"1395":{"name":"V\u00edas y Movilidad","link":"https:\/\/contrastes.com.co\/web\/category\/vias-y-movilidad\/"}},"tags_names":{"28":{"name":"alcaldia de Soledad","link":"https:\/\/contrastes.com.co\/web\/tag\/alcaldia-de-soledad\/"},"4015":{"name":"barrio Hip\u00f3dromo","link":"https:\/\/contrastes.com.co\/web\/tag\/barrio-hipodromo\/"},"9399":{"name":"construcci\u00f3n de v\u00edas","link":"https:\/\/contrastes.com.co\/web\/tag\/construccion-de-vias\/"},"2480":{"name":"Jaider Molina Daza","link":"https:\/\/contrastes.com.co\/web\/tag\/jaider-molina-daza\/"},"51":{"name":"municipio de soledad","link":"https:\/\/contrastes.com.co\/web\/tag\/municipio-de-soledad\/"},"461":{"name":"pavimentaci\u00f3n","link":"https:\/\/contrastes.com.co\/web\/tag\/pavimentacion\/"},"1879":{"name":"Rodolfo Ucr\u00f3s Rosales","link":"https:\/\/contrastes.com.co\/web\/tag\/rodolfo-ucros-rosales\/"},"462":{"name":"Secretario de Obras P\u00fablicas","link":"https:\/\/contrastes.com.co\/web\/tag\/secretario-de-obras-publicas\/"},"9400":{"name":"Vadir Adu\u00e9n","link":"https:\/\/contrastes.com.co\/web\/tag\/vadir-aduen\/"}},"comments_number":"0","wpmagazine_modules_lite_featured_media_urls":{"thumbnail":"","cvmm-medium":"","cvmm-medium-plus":"","cvmm-portrait":"","cvmm-medium-square":"","cvmm-large":"","cvmm-small":"","full":""},"_links":{"self":[{"href":"https:\/\/contrastes.com.co\/web\/wp-json\/wp\/v2\/posts\/14566","targetHints":{"allow":["GET"]}}],"collection":[{"href":"https:\/\/contrastes.com.co\/web\/wp-json\/wp\/v2\/posts"}],"about":[{"href":"https:\/\/contrastes.com.co\/web\/wp-json\/wp\/v2\/types\/post"}],"author":[{"embeddable":true,"href":"https:\/\/contrastes.com.co\/web\/wp-json\/wp\/v2\/users\/1"}],"replies":[{"embeddable":true,"href":"https:\/\/contrastes.com.co\/web\/wp-json\/wp\/v2\/comments?post=14566"}],"version-history":[{"count":0,"href":"https:\/\/contrastes.com.co\/web\/wp-json\/wp\/v2\/posts\/14566\/revisions"}],"wp:attachment":[{"href":"https:\/\/contrastes.com.co\/web\/wp-json\/wp\/v2\/media?parent=14566"}],"wp:term":[{"taxonomy":"category","embeddable":true,"href":"https:\/\/contrastes.com.co\/web\/wp-json\/wp\/v2\/categories?post=14566"},{"taxonomy":"post_tag","embeddable":true,"href":"https:\/\/contrastes.com.co\/web\/wp-json\/wp\/v2\/tags?post=14566"}],"curies":[{"name":"wp","href":"https:\/\/api.w.org\/{rel}","templated":true}]}}