{"id":14585,"date":"2023-08-24T11:38:26","date_gmt":"2023-08-24T16:38:26","guid":{"rendered":"https:\/\/contrastes.com.co\/digital\/?p=14585"},"modified":"2023-08-24T11:38:26","modified_gmt":"2023-08-24T16:38:26","slug":"336-metros-lineales-de-via-para-el-barrio-la-floresta-de-soledad","status":"publish","type":"post","link":"https:\/\/contrastes.com.co\/web\/2023\/08\/24\/336-metros-lineales-de-via-para-el-barrio-la-floresta-de-soledad\/","title":{"rendered":"336 metros lineales de v\u00eda para el barrio La Floresta de Soledad"},"content":{"rendered":"<p><strong>*336 metros lineales de v\u00eda para el barrio La Floresta de Soledad<\/strong><\/p>\n<blockquote><p><strong>Despu\u00e9s de 64 a\u00f1os de constituci\u00f3n del barrio, por primera vez se consolida una inversi\u00f3n importante que mejora la calidad de vida de m\u00e1s de 400 familias.<\/strong><\/p><\/blockquote>\n<p><img decoding=\"async\" class=\"alignleft  wp-image-8529\" src=\"https:\/\/contrastes.com.co\/digital\/wp-content\/uploads\/2022\/03\/e-capitular.png\" alt=\"e capitular\" width=\"64\" height=\"64\" \/>l <strong>alcalde de Soledad, Rodolfo Ucr\u00f3s Rosales,<\/strong> entreg\u00f3 hoy <strong>336 metros lineales de v\u00eda en la calle 22 entre carreras 12 y 15,<\/strong> en el <strong>barrio La Floresta<\/strong>, al suroriente del municipio. La obra de pavimentaci\u00f3n cuenta con seis metros de ancho, incluyendo reposici\u00f3n de tuber\u00edas de acueducto y alcantarillado, andenes y bordillos.<\/p>\n<p><img fetchpriority=\"high\" decoding=\"async\" class=\"size-full wp-image-14587 aligncenter\" src=\"https:\/\/contrastes.com.co\/digital\/wp-content\/uploads\/2023\/09\/lafloresta2vias.jpg\" alt=\"lafloresta2vias\" width=\"1200\" height=\"665\" \/><\/p>\n<p>La comunidad de La Floresta agradeci\u00f3 a la administraci\u00f3n del Gran Pacto Social porque despu\u00e9s de 64 a\u00f1os de constituci\u00f3n del barrio, por primera vez se consolida una inversi\u00f3n importante que mejora la calidad de vida de m\u00e1s de 400 familias.<\/p>\n<blockquote><p>La Alcald\u00eda de Soledad ha entregado m\u00e1s de 13 mil metros lineales de v\u00edas pavimentadas en diferentes sectores. El prop\u00f3sito es habilitar, en la primera fase, m\u00e1s de 20 mil metros lineales de calles pavimentadas con recursos propios.<\/p><\/blockquote>\n","protected":false},"excerpt":{"rendered":"<p>El alcalde de Soledad, Rodolfo Ucr\u00f3s Rosales, entreg\u00f3 hoy 336 metros lineales de v\u00eda en la calle 22 entre carreras 12 y 15, en el barrio La Floresta, al suroriente del municipio. La obra de pavimentaci\u00f3n cuenta con seis metros de ancho, incluyendo reposici\u00f3n de tuber\u00edas de acueducto y alcantarillado, andenes y bordillos.<\/p>\n","protected":false},"author":1,"featured_media":14586,"comment_status":"open","ping_status":"open","sticky":false,"template":"","format":"standard","meta":{"footnotes":""},"categories":[23,3542,1395],"tags":[173,28,9418,9085,51,9419,1879],"class_list":["post-14585","post","type-post","status-publish","format-standard","has-post-thumbnail","hentry","category-locales","category-obras-publicas","category-vias-y-movilidad","tag-alcalde-de-soledad","tag-alcaldia-de-soledad","tag-andenes-y-bordillos","tag-barrio-la-floresta","tag-municipio-de-soledad","tag-reposicion-de-tuberias-de-acueducto-y-alcantarillado","tag-rodolfo-ucros-rosales"],"yoast_head":"<!-- This site is optimized with the Yoast SEO plugin v27.7 - https:\/\/yoast.com\/product\/yoast-seo-wordpress\/ -->\n<title>336 metros lineales de v\u00eda para el barrio La Floresta de Soledad - Constrastes<\/title>\n<meta name=\"description\" content=\"El alcalde de Soledad, Rodolfo Ucr\u00f3s Rosales, entreg\u00f3 hoy 336 metros lineales de v\u00eda en la calle 22 entre carreras 12 y 15, en el barrio La Floresta, al suroriente del municipio. La obra de pavimentaci\u00f3n cuenta con seis metros de ancho, incluyendo reposici\u00f3n de tuber\u00edas de acueducto y alcantarillado, andenes y bordillos.\" \/>\n<meta name=\"robots\" content=\"index, follow, max-snippet:-1, max-image-preview:large, max-video-preview:-1\" \/>\n<link rel=\"canonical\" href=\"https:\/\/contrastes.com.co\/web\/2023\/08\/24\/336-metros-lineales-de-via-para-el-barrio-la-floresta-de-soledad\/\" \/>\n<meta property=\"og:locale\" content=\"es_ES\" \/>\n<meta property=\"og:type\" content=\"article\" \/>\n<meta property=\"og:title\" content=\"336 metros lineales de v\u00eda para el barrio La Floresta de Soledad - Constrastes\" \/>\n<meta property=\"og:description\" content=\"El alcalde de Soledad, Rodolfo Ucr\u00f3s Rosales, entreg\u00f3 hoy 336 metros lineales de v\u00eda en la calle 22 entre carreras 12 y 15, en el barrio La Floresta, al suroriente del municipio. La obra de pavimentaci\u00f3n cuenta con seis metros de ancho, incluyendo reposici\u00f3n de tuber\u00edas de acueducto y alcantarillado, andenes y bordillos.\" \/>\n<meta property=\"og:url\" content=\"https:\/\/contrastes.com.co\/web\/2023\/08\/24\/336-metros-lineales-de-via-para-el-barrio-la-floresta-de-soledad\/\" \/>\n<meta property=\"og:site_name\" content=\"Constrastes\" \/>\n<meta property=\"article:publisher\" content=\"https:\/\/www.facebook.com\/guillo.pantoja.1\" \/>\n<meta property=\"article:published_time\" content=\"2023-08-24T16:38:26+00:00\" \/>\n<meta name=\"author\" content=\"Editor\" \/>\n<meta name=\"twitter:card\" content=\"summary_large_image\" \/>\n<meta name=\"twitter:label1\" content=\"Escrito por\" \/>\n\t<meta name=\"twitter:data1\" content=\"Editor\" \/>\n\t<meta name=\"twitter:label2\" content=\"Tiempo de lectura\" \/>\n\t<meta name=\"twitter:data2\" content=\"1 minuto\" \/>\n<script type=\"application\/ld+json\" class=\"yoast-schema-graph\">{\"@context\":\"https:\\\/\\\/schema.org\",\"@graph\":[{\"@type\":\"Article\",\"@id\":\"https:\\\/\\\/contrastes.com.co\\\/web\\\/2023\\\/08\\\/24\\\/336-metros-lineales-de-via-para-el-barrio-la-floresta-de-soledad\\\/#article\",\"isPartOf\":{\"@id\":\"https:\\\/\\\/contrastes.com.co\\\/web\\\/2023\\\/08\\\/24\\\/336-metros-lineales-de-via-para-el-barrio-la-floresta-de-soledad\\\/\"},\"author\":{\"name\":\"Editor\",\"@id\":\"https:\\\/\\\/contrastes.com.co\\\/web\\\/#\\\/schema\\\/person\\\/62ef7a62dc4da6de450c71fc2e95ed02\"},\"headline\":\"336 metros lineales de v\u00eda para el barrio La Floresta de Soledad\",\"datePublished\":\"2023-08-24T16:38:26+00:00\",\"mainEntityOfPage\":{\"@id\":\"https:\\\/\\\/contrastes.com.co\\\/web\\\/2023\\\/08\\\/24\\\/336-metros-lineales-de-via-para-el-barrio-la-floresta-de-soledad\\\/\"},\"wordCount\":194,\"commentCount\":0,\"publisher\":{\"@id\":\"https:\\\/\\\/contrastes.com.co\\\/web\\\/#organization\"},\"image\":{\"@id\":\"https:\\\/\\\/contrastes.com.co\\\/web\\\/2023\\\/08\\\/24\\\/336-metros-lineales-de-via-para-el-barrio-la-floresta-de-soledad\\\/#primaryimage\"},\"thumbnailUrl\":\"\",\"keywords\":[\"alcalde de Soledad\",\"alcaldia de Soledad\",\"andenes y bordillos\",\"barrio La Floresta\",\"municipio de soledad\",\"reposici\u00f3n de tuber\u00edas de acueducto y alcantarillado\",\"Rodolfo Ucr\u00f3s Rosales\"],\"articleSection\":[\"Locales\",\"Obras P\u00fablicas\",\"V\u00edas y Movilidad\"],\"inLanguage\":\"es\",\"potentialAction\":[{\"@type\":\"CommentAction\",\"name\":\"Comment\",\"target\":[\"https:\\\/\\\/contrastes.com.co\\\/web\\\/2023\\\/08\\\/24\\\/336-metros-lineales-de-via-para-el-barrio-la-floresta-de-soledad\\\/#respond\"]}]},{\"@type\":\"WebPage\",\"@id\":\"https:\\\/\\\/contrastes.com.co\\\/web\\\/2023\\\/08\\\/24\\\/336-metros-lineales-de-via-para-el-barrio-la-floresta-de-soledad\\\/\",\"url\":\"https:\\\/\\\/contrastes.com.co\\\/web\\\/2023\\\/08\\\/24\\\/336-metros-lineales-de-via-para-el-barrio-la-floresta-de-soledad\\\/\",\"name\":\"336 metros lineales de v\u00eda para el barrio La Floresta de Soledad - Constrastes\",\"isPartOf\":{\"@id\":\"https:\\\/\\\/contrastes.com.co\\\/web\\\/#website\"},\"primaryImageOfPage\":{\"@id\":\"https:\\\/\\\/contrastes.com.co\\\/web\\\/2023\\\/08\\\/24\\\/336-metros-lineales-de-via-para-el-barrio-la-floresta-de-soledad\\\/#primaryimage\"},\"image\":{\"@id\":\"https:\\\/\\\/contrastes.com.co\\\/web\\\/2023\\\/08\\\/24\\\/336-metros-lineales-de-via-para-el-barrio-la-floresta-de-soledad\\\/#primaryimage\"},\"thumbnailUrl\":\"\",\"datePublished\":\"2023-08-24T16:38:26+00:00\",\"description\":\"El alcalde de Soledad, Rodolfo Ucr\u00f3s Rosales, entreg\u00f3 hoy 336 metros lineales de v\u00eda en la calle 22 entre carreras 12 y 15, en el barrio La Floresta, al suroriente del municipio. La obra de pavimentaci\u00f3n cuenta con seis metros de ancho, incluyendo reposici\u00f3n de tuber\u00edas de acueducto y alcantarillado, andenes y bordillos.\",\"breadcrumb\":{\"@id\":\"https:\\\/\\\/contrastes.com.co\\\/web\\\/2023\\\/08\\\/24\\\/336-metros-lineales-de-via-para-el-barrio-la-floresta-de-soledad\\\/#breadcrumb\"},\"inLanguage\":\"es\",\"potentialAction\":[{\"@type\":\"ReadAction\",\"target\":[\"https:\\\/\\\/contrastes.com.co\\\/web\\\/2023\\\/08\\\/24\\\/336-metros-lineales-de-via-para-el-barrio-la-floresta-de-soledad\\\/\"]}]},{\"@type\":\"ImageObject\",\"inLanguage\":\"es\",\"@id\":\"https:\\\/\\\/contrastes.com.co\\\/web\\\/2023\\\/08\\\/24\\\/336-metros-lineales-de-via-para-el-barrio-la-floresta-de-soledad\\\/#primaryimage\",\"url\":\"\",\"contentUrl\":\"\"},{\"@type\":\"BreadcrumbList\",\"@id\":\"https:\\\/\\\/contrastes.com.co\\\/web\\\/2023\\\/08\\\/24\\\/336-metros-lineales-de-via-para-el-barrio-la-floresta-de-soledad\\\/#breadcrumb\",\"itemListElement\":[{\"@type\":\"ListItem\",\"position\":1,\"name\":\"Portada\",\"item\":\"https:\\\/\\\/contrastes.com.co\\\/web\\\/\"},{\"@type\":\"ListItem\",\"position\":2,\"name\":\"336 metros lineales de v\u00eda para el barrio La Floresta de Soledad\"}]},{\"@type\":\"WebSite\",\"@id\":\"https:\\\/\\\/contrastes.com.co\\\/web\\\/#website\",\"url\":\"https:\\\/\\\/contrastes.com.co\\\/web\\\/\",\"name\":\"Contrastes\",\"description\":\"Periodismo de Conciencia\",\"publisher\":{\"@id\":\"https:\\\/\\\/contrastes.com.co\\\/web\\\/#organization\"},\"potentialAction\":[{\"@type\":\"SearchAction\",\"target\":{\"@type\":\"EntryPoint\",\"urlTemplate\":\"https:\\\/\\\/contrastes.com.co\\\/web\\\/?s={search_term_string}\"},\"query-input\":{\"@type\":\"PropertyValueSpecification\",\"valueRequired\":true,\"valueName\":\"search_term_string\"}}],\"inLanguage\":\"es\"},{\"@type\":\"Organization\",\"@id\":\"https:\\\/\\\/contrastes.com.co\\\/web\\\/#organization\",\"name\":\"Contrastes\",\"url\":\"https:\\\/\\\/contrastes.com.co\\\/web\\\/\",\"logo\":{\"@type\":\"ImageObject\",\"inLanguage\":\"es\",\"@id\":\"https:\\\/\\\/contrastes.com.co\\\/web\\\/#\\\/schema\\\/logo\\\/image\\\/\",\"url\":\"https:\\\/\\\/contrastes.com.co\\\/web\\\/wp-content\\\/uploads\\\/2025\\\/04\\\/15CONTRASTES3.png\",\"contentUrl\":\"https:\\\/\\\/contrastes.com.co\\\/web\\\/wp-content\\\/uploads\\\/2025\\\/04\\\/15CONTRASTES3.png\",\"width\":1536,\"height\":231,\"caption\":\"Contrastes\"},\"image\":{\"@id\":\"https:\\\/\\\/contrastes.com.co\\\/web\\\/#\\\/schema\\\/logo\\\/image\\\/\"},\"sameAs\":[\"https:\\\/\\\/www.facebook.com\\\/guillo.pantoja.1\"]},{\"@type\":\"Person\",\"@id\":\"https:\\\/\\\/contrastes.com.co\\\/web\\\/#\\\/schema\\\/person\\\/62ef7a62dc4da6de450c71fc2e95ed02\",\"name\":\"Editor\",\"image\":{\"@type\":\"ImageObject\",\"inLanguage\":\"es\",\"@id\":\"https:\\\/\\\/secure.gravatar.com\\\/avatar\\\/7bbb4f718d74bbf600dc556253bb04fd7ac8593751d6e2e3b85432d98aefae80?s=96&d=mm&r=g\",\"url\":\"https:\\\/\\\/secure.gravatar.com\\\/avatar\\\/7bbb4f718d74bbf600dc556253bb04fd7ac8593751d6e2e3b85432d98aefae80?s=96&d=mm&r=g\",\"contentUrl\":\"https:\\\/\\\/secure.gravatar.com\\\/avatar\\\/7bbb4f718d74bbf600dc556253bb04fd7ac8593751d6e2e3b85432d98aefae80?s=96&d=mm&r=g\",\"caption\":\"Editor\"},\"sameAs\":[\"https:\\\/\\\/contrastes.com.co\\\/web\"],\"url\":\"https:\\\/\\\/contrastes.com.co\\\/web\\\/author\\\/jdbobadilla\\\/\"}]}<\/script>\n<!-- \/ Yoast SEO plugin. -->","yoast_head_json":{"title":"336 metros lineales de v\u00eda para el barrio La Floresta de Soledad - Constrastes","description":"El alcalde de Soledad, Rodolfo Ucr\u00f3s Rosales, entreg\u00f3 hoy 336 metros lineales de v\u00eda en la calle 22 entre carreras 12 y 15, en el barrio La Floresta, al suroriente del municipio. La obra de pavimentaci\u00f3n cuenta con seis metros de ancho, incluyendo reposici\u00f3n de tuber\u00edas de acueducto y alcantarillado, andenes y bordillos.","robots":{"index":"index","follow":"follow","max-snippet":"max-snippet:-1","max-image-preview":"max-image-preview:large","max-video-preview":"max-video-preview:-1"},"canonical":"https:\/\/contrastes.com.co\/web\/2023\/08\/24\/336-metros-lineales-de-via-para-el-barrio-la-floresta-de-soledad\/","og_locale":"es_ES","og_type":"article","og_title":"336 metros lineales de v\u00eda para el barrio La Floresta de Soledad - Constrastes","og_description":"El alcalde de Soledad, Rodolfo Ucr\u00f3s Rosales, entreg\u00f3 hoy 336 metros lineales de v\u00eda en la calle 22 entre carreras 12 y 15, en el barrio La Floresta, al suroriente del municipio. La obra de pavimentaci\u00f3n cuenta con seis metros de ancho, incluyendo reposici\u00f3n de tuber\u00edas de acueducto y alcantarillado, andenes y bordillos.","og_url":"https:\/\/contrastes.com.co\/web\/2023\/08\/24\/336-metros-lineales-de-via-para-el-barrio-la-floresta-de-soledad\/","og_site_name":"Constrastes","article_publisher":"https:\/\/www.facebook.com\/guillo.pantoja.1","article_published_time":"2023-08-24T16:38:26+00:00","author":"Editor","twitter_card":"summary_large_image","twitter_misc":{"Escrito por":"Editor","Tiempo de lectura":"1 minuto"},"schema":{"@context":"https:\/\/schema.org","@graph":[{"@type":"Article","@id":"https:\/\/contrastes.com.co\/web\/2023\/08\/24\/336-metros-lineales-de-via-para-el-barrio-la-floresta-de-soledad\/#article","isPartOf":{"@id":"https:\/\/contrastes.com.co\/web\/2023\/08\/24\/336-metros-lineales-de-via-para-el-barrio-la-floresta-de-soledad\/"},"author":{"name":"Editor","@id":"https:\/\/contrastes.com.co\/web\/#\/schema\/person\/62ef7a62dc4da6de450c71fc2e95ed02"},"headline":"336 metros lineales de v\u00eda para el barrio La Floresta de Soledad","datePublished":"2023-08-24T16:38:26+00:00","mainEntityOfPage":{"@id":"https:\/\/contrastes.com.co\/web\/2023\/08\/24\/336-metros-lineales-de-via-para-el-barrio-la-floresta-de-soledad\/"},"wordCount":194,"commentCount":0,"publisher":{"@id":"https:\/\/contrastes.com.co\/web\/#organization"},"image":{"@id":"https:\/\/contrastes.com.co\/web\/2023\/08\/24\/336-metros-lineales-de-via-para-el-barrio-la-floresta-de-soledad\/#primaryimage"},"thumbnailUrl":"","keywords":["alcalde de Soledad","alcaldia de Soledad","andenes y bordillos","barrio La Floresta","municipio de soledad","reposici\u00f3n de tuber\u00edas de acueducto y alcantarillado","Rodolfo Ucr\u00f3s Rosales"],"articleSection":["Locales","Obras P\u00fablicas","V\u00edas y Movilidad"],"inLanguage":"es","potentialAction":[{"@type":"CommentAction","name":"Comment","target":["https:\/\/contrastes.com.co\/web\/2023\/08\/24\/336-metros-lineales-de-via-para-el-barrio-la-floresta-de-soledad\/#respond"]}]},{"@type":"WebPage","@id":"https:\/\/contrastes.com.co\/web\/2023\/08\/24\/336-metros-lineales-de-via-para-el-barrio-la-floresta-de-soledad\/","url":"https:\/\/contrastes.com.co\/web\/2023\/08\/24\/336-metros-lineales-de-via-para-el-barrio-la-floresta-de-soledad\/","name":"336 metros lineales de v\u00eda para el barrio La Floresta de Soledad - Constrastes","isPartOf":{"@id":"https:\/\/contrastes.com.co\/web\/#website"},"primaryImageOfPage":{"@id":"https:\/\/contrastes.com.co\/web\/2023\/08\/24\/336-metros-lineales-de-via-para-el-barrio-la-floresta-de-soledad\/#primaryimage"},"image":{"@id":"https:\/\/contrastes.com.co\/web\/2023\/08\/24\/336-metros-lineales-de-via-para-el-barrio-la-floresta-de-soledad\/#primaryimage"},"thumbnailUrl":"","datePublished":"2023-08-24T16:38:26+00:00","description":"El alcalde de Soledad, Rodolfo Ucr\u00f3s Rosales, entreg\u00f3 hoy 336 metros lineales de v\u00eda en la calle 22 entre carreras 12 y 15, en el barrio La Floresta, al suroriente del municipio. La obra de pavimentaci\u00f3n cuenta con seis metros de ancho, incluyendo reposici\u00f3n de tuber\u00edas de acueducto y alcantarillado, andenes y bordillos.","breadcrumb":{"@id":"https:\/\/contrastes.com.co\/web\/2023\/08\/24\/336-metros-lineales-de-via-para-el-barrio-la-floresta-de-soledad\/#breadcrumb"},"inLanguage":"es","potentialAction":[{"@type":"ReadAction","target":["https:\/\/contrastes.com.co\/web\/2023\/08\/24\/336-metros-lineales-de-via-para-el-barrio-la-floresta-de-soledad\/"]}]},{"@type":"ImageObject","inLanguage":"es","@id":"https:\/\/contrastes.com.co\/web\/2023\/08\/24\/336-metros-lineales-de-via-para-el-barrio-la-floresta-de-soledad\/#primaryimage","url":"","contentUrl":""},{"@type":"BreadcrumbList","@id":"https:\/\/contrastes.com.co\/web\/2023\/08\/24\/336-metros-lineales-de-via-para-el-barrio-la-floresta-de-soledad\/#breadcrumb","itemListElement":[{"@type":"ListItem","position":1,"name":"Portada","item":"https:\/\/contrastes.com.co\/web\/"},{"@type":"ListItem","position":2,"name":"336 metros lineales de v\u00eda para el barrio La Floresta de Soledad"}]},{"@type":"WebSite","@id":"https:\/\/contrastes.com.co\/web\/#website","url":"https:\/\/contrastes.com.co\/web\/","name":"Contrastes","description":"Periodismo de Conciencia","publisher":{"@id":"https:\/\/contrastes.com.co\/web\/#organization"},"potentialAction":[{"@type":"SearchAction","target":{"@type":"EntryPoint","urlTemplate":"https:\/\/contrastes.com.co\/web\/?s={search_term_string}"},"query-input":{"@type":"PropertyValueSpecification","valueRequired":true,"valueName":"search_term_string"}}],"inLanguage":"es"},{"@type":"Organization","@id":"https:\/\/contrastes.com.co\/web\/#organization","name":"Contrastes","url":"https:\/\/contrastes.com.co\/web\/","logo":{"@type":"ImageObject","inLanguage":"es","@id":"https:\/\/contrastes.com.co\/web\/#\/schema\/logo\/image\/","url":"https:\/\/contrastes.com.co\/web\/wp-content\/uploads\/2025\/04\/15CONTRASTES3.png","contentUrl":"https:\/\/contrastes.com.co\/web\/wp-content\/uploads\/2025\/04\/15CONTRASTES3.png","width":1536,"height":231,"caption":"Contrastes"},"image":{"@id":"https:\/\/contrastes.com.co\/web\/#\/schema\/logo\/image\/"},"sameAs":["https:\/\/www.facebook.com\/guillo.pantoja.1"]},{"@type":"Person","@id":"https:\/\/contrastes.com.co\/web\/#\/schema\/person\/62ef7a62dc4da6de450c71fc2e95ed02","name":"Editor","image":{"@type":"ImageObject","inLanguage":"es","@id":"https:\/\/secure.gravatar.com\/avatar\/7bbb4f718d74bbf600dc556253bb04fd7ac8593751d6e2e3b85432d98aefae80?s=96&d=mm&r=g","url":"https:\/\/secure.gravatar.com\/avatar\/7bbb4f718d74bbf600dc556253bb04fd7ac8593751d6e2e3b85432d98aefae80?s=96&d=mm&r=g","contentUrl":"https:\/\/secure.gravatar.com\/avatar\/7bbb4f718d74bbf600dc556253bb04fd7ac8593751d6e2e3b85432d98aefae80?s=96&d=mm&r=g","caption":"Editor"},"sameAs":["https:\/\/contrastes.com.co\/web"],"url":"https:\/\/contrastes.com.co\/web\/author\/jdbobadilla\/"}]}},"blog_post_layout_featured_media_urls":{"thumbnail":"","full":""},"categories_names":{"23":{"name":"Locales","link":"https:\/\/contrastes.com.co\/web\/category\/locales\/"},"3542":{"name":"Obras P\u00fablicas","link":"https:\/\/contrastes.com.co\/web\/category\/obras-publicas\/"},"1395":{"name":"V\u00edas y Movilidad","link":"https:\/\/contrastes.com.co\/web\/category\/vias-y-movilidad\/"}},"tags_names":{"173":{"name":"alcalde de Soledad","link":"https:\/\/contrastes.com.co\/web\/tag\/alcalde-de-soledad\/"},"28":{"name":"alcaldia de Soledad","link":"https:\/\/contrastes.com.co\/web\/tag\/alcaldia-de-soledad\/"},"9418":{"name":"andenes y bordillos","link":"https:\/\/contrastes.com.co\/web\/tag\/andenes-y-bordillos\/"},"9085":{"name":"barrio La Floresta","link":"https:\/\/contrastes.com.co\/web\/tag\/barrio-la-floresta\/"},"51":{"name":"municipio de soledad","link":"https:\/\/contrastes.com.co\/web\/tag\/municipio-de-soledad\/"},"9419":{"name":"reposici\u00f3n de tuber\u00edas de acueducto y alcantarillado","link":"https:\/\/contrastes.com.co\/web\/tag\/reposicion-de-tuberias-de-acueducto-y-alcantarillado\/"},"1879":{"name":"Rodolfo Ucr\u00f3s Rosales","link":"https:\/\/contrastes.com.co\/web\/tag\/rodolfo-ucros-rosales\/"}},"comments_number":"0","wpmagazine_modules_lite_featured_media_urls":{"thumbnail":"","cvmm-medium":"","cvmm-medium-plus":"","cvmm-portrait":"","cvmm-medium-square":"","cvmm-large":"","cvmm-small":"","full":""},"_links":{"self":[{"href":"https:\/\/contrastes.com.co\/web\/wp-json\/wp\/v2\/posts\/14585","targetHints":{"allow":["GET"]}}],"collection":[{"href":"https:\/\/contrastes.com.co\/web\/wp-json\/wp\/v2\/posts"}],"about":[{"href":"https:\/\/contrastes.com.co\/web\/wp-json\/wp\/v2\/types\/post"}],"author":[{"embeddable":true,"href":"https:\/\/contrastes.com.co\/web\/wp-json\/wp\/v2\/users\/1"}],"replies":[{"embeddable":true,"href":"https:\/\/contrastes.com.co\/web\/wp-json\/wp\/v2\/comments?post=14585"}],"version-history":[{"count":0,"href":"https:\/\/contrastes.com.co\/web\/wp-json\/wp\/v2\/posts\/14585\/revisions"}],"wp:attachment":[{"href":"https:\/\/contrastes.com.co\/web\/wp-json\/wp\/v2\/media?parent=14585"}],"wp:term":[{"taxonomy":"category","embeddable":true,"href":"https:\/\/contrastes.com.co\/web\/wp-json\/wp\/v2\/categories?post=14585"},{"taxonomy":"post_tag","embeddable":true,"href":"https:\/\/contrastes.com.co\/web\/wp-json\/wp\/v2\/tags?post=14585"}],"curies":[{"name":"wp","href":"https:\/\/api.w.org\/{rel}","templated":true}]}}