{"id":14681,"date":"2023-10-05T12:43:55","date_gmt":"2023-10-05T17:43:55","guid":{"rendered":"https:\/\/contrastes.com.co\/digital\/?p=14681"},"modified":"2023-10-05T12:43:55","modified_gmt":"2023-10-05T17:43:55","slug":"conversacion-cidadana-esta-es-nuestra-costa-apuntes-criticos-de-un-relato-suspicaz","status":"publish","type":"post","link":"https:\/\/contrastes.com.co\/web\/2023\/10\/05\/conversacion-cidadana-esta-es-nuestra-costa-apuntes-criticos-de-un-relato-suspicaz\/","title":{"rendered":"CONVERSACI\u00d3N CIUDADANA: Esta es \u00abNuestra Costa\u00bb, apuntes cr\u00edticos de un relato suspicaz"},"content":{"rendered":"<p><strong>CONVERSACI\u00d3N CIUDADANA: Esta es \u00abNuestra Costa\u00bb, apuntes cr\u00edticos de un relato suspicaz<\/strong><\/p>\n<blockquote><p><strong>Sin bajar el tono de denuncia y reproche, relata hechos o situaciones cuestionables, acaecidas en la \u00e9poca y atribuidas a diferentes personajes de la ciudad, que se han replicado en diversos c\u00edrculos sociales. Algunos de esos rumores relatados, los rotula como presunta participaci\u00f3n delictuosa, al final la escritora dice: \u201csobre esos hechos nunca ha existido un proceso judicial abierto contra Char\u201d.<\/strong><\/p><\/blockquote>\n<p><strong><img decoding=\"async\" class=\"size-full wp-image-9583 alignleft\" src=\"https:\/\/contrastes.com.co\/digital\/wp-content\/uploads\/2022\/05\/juan-altamar.png\" alt=\"juan altamar\" width=\"100\" height=\"106\" \/><\/strong><\/p>\n<p style=\"text-align: left;\"><strong>Por Juan Altamar Santodomingo<\/strong><\/p>\n<p>&nbsp;<\/p>\n<p>&nbsp;<\/p>\n<p><img decoding=\"async\" class=\"alignleft wp-image-8524\" src=\"https:\/\/contrastes.com.co\/digital\/wp-content\/uploads\/2022\/03\/l-capitular.png\" alt=\"l capitular\" width=\"91\" height=\"91\" \/>os peri\u00f3dicos y libros digitales han ganado espacio al impreso en papel; tengo el ejemplar f\u00edsico de la periodista Laura Ardila. La expectativa medi\u00e1tica y activismo gremial que antecedi\u00f3 la edici\u00f3n invita a leer, palpar su textura y subrayar los temas sobresalientes. La literatura genera reflexiones cuando los hechos, experiencias, conocimientos u opiniones narrados, se analizan de manera cr\u00edtica por el lector, confront\u00e1ndolos desde la ideolog\u00eda o filosof\u00eda mediante un di\u00e1logo entre lector y autor. Esta metodolog\u00eda se denomina lectura activa, que es la herramienta fundamental para la comprensi\u00f3n de textos.<\/p>\n<p>El leitmotiv inspirador del libro, es describir \u201clas maquinarias del poder en la costa colombiana, en relaci\u00f3n con el centralismo pol\u00edtico del pa\u00eds\u201d a partir de reportajes, investigaciones y entrevistas, plasma: \u201cLa Historia no autorizada\u201d o \u201cLa costa nostra\u201d, que \u201crevela\u201d un poder donde se combina: \u00e9xito, habilidad en los negocios, pr\u00e1cticas pol\u00edticas, equipo de futbol, reacciones emocionales y v\u00ednculos afectivos.<\/p>\n<p>Desde la edad media se escriben biograf\u00edas o historias no autorizadas; el periodista Jorge Casillas en la Revista ABC Cultura public\u00f3 un art\u00edculo titulado: <strong>\u201cBiograf\u00edas no autorizadas: un negocio muy rentable\u201d.<\/strong> La escritora Reina Roff\u00e9 sobre Juan Rulfo: Biograf\u00eda no autorizada; despu\u00e9s de entrevistar al autor de El llano en llamas (1953) y Pedro P\u00e1ramo (1955), relata por qu\u00e9 ese grande de las letras no volvi\u00f3 a escribir.<\/p>\n<p>En el Pre\u00e1mbulo del libro la autora expresa los inconvenientes que se le presentaron para su publicaci\u00f3n, levant\u00f3 la voz y denunci\u00f3 \u201cla vulneraci\u00f3n a la libertad de expresi\u00f3n\u201d, despertando la solidaridad gremial, que, adem\u00e1s, sirvi\u00f3 de expectativa para el lanzamiento y lo blind\u00f3 del posible veto. Pero deja claro que lo sucedido con la editora fue una decisi\u00f3n de sus directivos en Espa\u00f1a, donde \u201chicieron una revisi\u00f3n jur\u00eddica y tomaron la determinaci\u00f3n\u201d de no publicar; que es diferente a \u201clamentable censura\u201d.<\/p>\n<p>La escritora utiliza un estilo cuyo fondo y forma tiene reporter\u00eda, cr\u00f3nica y algo de historia, fiel con el \u201ctono\u201d de denuncia; relata la llegada de los inmigrantes sirios, palestinos, libaneses, (turcos), que huyeron del imperio otomano en busca de oportunidades. Escritores de esas nacionalidades, han contado su periplo en distintos pa\u00edses. Se observa que el \u00fanico plan era buscar nuevas oportunidades en estas tierras, y a fe que lo lograron exitosamente con su emprendimiento, versatilidad y capacidad de trabajo, que se evidencia en la econom\u00eda, las artes y la pol\u00edtica en los territorios donde se asentaron.<\/p>\n<p>La familia inspiradora como n\u00facleo del trabajo editorial, tiene la impronta de aquellos inmigrantes exitosos, dedicados al comercio, diversificaron actividades, se arraigaron en la ciudad y son actores importantes del desarrollo privado, empresarial, financiero, deportivo, y vocaci\u00f3n de civismo. Visibiliza la escritora los prop\u00f3sitos por los cuales ingresan en la pol\u00edtica local.<\/p>\n<p>Sin bajar el tono de denuncia y reproche, relata hechos o situaciones cuestionables, acaecidas en la \u00e9poca y atribuidas a diferentes personajes de la ciudad, que se han replicado en diversos c\u00edrculos sociales.<\/p>\n<p>Algunos de esos rumores relatados, los rotula como presunta participaci\u00f3n delictuosa, al final la escritora dice: \u201csobre esos hechos nunca ha existido un proceso judicial abierto contra Char\u201d.<\/p>\n<p>Cuenta la escritora que el ingreso de la <strong>Familia Char<\/strong> a la pol\u00edtica, se debi\u00f3 al inter\u00e9s de enfrentar las malas pr\u00e1cticas que por muchos a\u00f1os mantuvieron la ciudad sumergida en el estancamiento. Su impulso decisivo propici\u00f3 la elecci\u00f3n de dos gobernantes alternativos, ajenos a la tradici\u00f3n pol\u00edtica de la ciudad: <strong>Bernardo Hoyos y Gustavo Bell,<\/strong> el primero en la alcald\u00eda construy\u00f3 un proceso de varios per\u00edodos y el gobernador, que hizo una buena gesti\u00f3n, visibiliz\u00f3 cuadros del \u201cEme\u201d que se diluyeron despu\u00e9s. Cuando la ciudad recay\u00f3 en las pr\u00e1cticas de antes, nuevamente y con el liderazgo pol\u00edtico del partido Voluntad Popular, retoman la visi\u00f3n inicial y comienza la era <strong>Alex Char<\/strong>, que aglutina dirigencia de diferentes sectores y se convierte en importante jugador de la pol\u00edtica nacional, ya no, como era antes, cuando los jefes pol\u00edticos locales y regionales de la costa participaban como generadores de votos para los l\u00edderes nacionales. Famosa es aquella frase: \u201cy los votos de la costa, donde est\u00e1n\u201d.<\/p>\n<p>Indudablemente la autora destaca el proceso en varios apartes, sin bajar el \u201ctono\u201d critico y de denuncia, tomados de hechos o interpretaciones provenientes de la opini\u00f3n de algunos sectores o personas inconformes. Resalta la cronista el mensaje de \u201cacci\u00f3n y eficiencia\u201d que despliega Alex Char, desde la primera alcald\u00eda, que, aunque no lo anota, ya trae desde su per\u00edodo en la gobernaci\u00f3n donde se le despert\u00f3 su inter\u00e9s por lo p\u00fablico y conoci\u00f3 todos los sectores populares, antes de ser alcalde. Cuenta la reportera del entusiasmo que gener\u00f3 \u201cel plan de autoconstrucci\u00f3n con participaci\u00f3n ciudadana\u201d que permiti\u00f3 masiva pavimentaci\u00f3n, y resalta lo dicho por Sergio Fajardo: \u201cvengo a Barranquilla y veo c\u00f3mo avanza\u201d.<\/p>\n<p>Si bien con el mismo tono reporteril describe el sistema de contrataci\u00f3n que permiti\u00f3 la realizaci\u00f3n de muchas obras grandes, mediante el \u201ccr\u00e9dito proveedor\u201d avalado por la Agencia de Contrataci\u00f3n P\u00fablica Colombia Compra Eficiente\u201d, concluye diciendo: que esa modalidad \u201ces legal\u201d.<\/p>\n<p>Los comportamientos y relaciones pol\u00edticas en diferentes per\u00edodos de la humanidad se abordan desde la cr\u00edtica, y encontramos su explicaci\u00f3n en la historia: Maquiavelo, Hobbes, Montesquieu, Spinoza, Locke y otros grandes del pensamiento. El hombre en pol\u00edtica act\u00faa como lo han descrito los fil\u00f3sofos e historiadores.<\/p>\n<p>Laura Ardila reconoce el acierto de <strong>Fuad Char<\/strong>, al concebir una ciudad diferente, intentando primero con actores alternativos, retomando con Alex y el proceso siguiente, que ha desarrollado a Barranquilla, y posicion\u00f3 la costa como regi\u00f3n importante de la pol\u00edtica nacional. Hoy todo se refrenda con el inconmensurable apoyo de la gente a la tercera aspiraci\u00f3n de Alex, que, aun as\u00ed, no faltaran inconformes opinando con tono cr\u00edtico. Esta es la Costa Nuestra.<\/p>\n","protected":false},"excerpt":{"rendered":"<p>Los peri\u00f3dicos y libros digitales han ganado espacio al impreso en papel; tengo el ejemplar f\u00edsico de la periodista Laura Ardila. La expectativa medi\u00e1tica y activismo gremial que antecedi\u00f3 la edici\u00f3n invita a leer, palpar su textura y subrayar los temas sobresalientes. La literatura genera reflexiones cuando los hechos, experiencias, conocimientos u opiniones narrados, se analizan de manera cr\u00edtica por el lector, confront\u00e1ndolos desde la ideolog\u00eda o filosof\u00eda mediante un di\u00e1logo entre lector y autor. Esta metodolog\u00eda se denomina lectura activa, que es la herramienta fundamental para la comprensi\u00f3n de textos.<\/p>\n","protected":false},"author":1,"featured_media":14682,"comment_status":"open","ping_status":"open","sticky":false,"template":"","format":"standard","meta":{"footnotes":""},"categories":[124,2400,5323,277,101,24],"tags":[6621,8177,5821,8749,9501],"class_list":["post-14681","post","type-post","status-publish","format-standard","has-post-thumbnail","hentry","category-analisis","category-columnistas","category-libros","category-opinion","category-pais","category-region","tag-conversacion-ciudadana","tag-fuad-char","tag-juan-altamar-santodomingo","tag-libro","tag-periodista-laura-ardila"],"blog_post_layout_featured_media_urls":{"thumbnail":"","full":""},"categories_names":{"124":{"name":"An\u00e1lisis","link":"https:\/\/contrastes.com.co\/web\/category\/analisis\/"},"2400":{"name":"Columnistas","link":"https:\/\/contrastes.com.co\/web\/category\/columnistas\/"},"5323":{"name":"Libros","link":"https:\/\/contrastes.com.co\/web\/category\/libros\/"},"277":{"name":"Opini\u00f3n","link":"https:\/\/contrastes.com.co\/web\/category\/opinion\/"},"101":{"name":"Pa\u00eds","link":"https:\/\/contrastes.com.co\/web\/category\/pais\/"},"24":{"name":"Regi\u00f3n","link":"https:\/\/contrastes.com.co\/web\/category\/region\/"}},"tags_names":{"6621":{"name":"Conversaci\u00f3n Ciudadana","link":"https:\/\/contrastes.com.co\/web\/tag\/conversacion-ciudadana\/"},"8177":{"name":"Fuad Char","link":"https:\/\/contrastes.com.co\/web\/tag\/fuad-char\/"},"5821":{"name":"Juan Altamar Santodomingo","link":"https:\/\/contrastes.com.co\/web\/tag\/juan-altamar-santodomingo\/"},"8749":{"name":"libro","link":"https:\/\/contrastes.com.co\/web\/tag\/libro\/"},"9501":{"name":"periodista Laura Ardila","link":"https:\/\/contrastes.com.co\/web\/tag\/periodista-laura-ardila\/"}},"comments_number":"0","wpmagazine_modules_lite_featured_media_urls":{"thumbnail":"","cvmm-medium":"","cvmm-medium-plus":"","cvmm-portrait":"","cvmm-medium-square":"","cvmm-large":"","cvmm-small":"","full":""},"_links":{"self":[{"href":"https:\/\/contrastes.com.co\/web\/wp-json\/wp\/v2\/posts\/14681","targetHints":{"allow":["GET"]}}],"collection":[{"href":"https:\/\/contrastes.com.co\/web\/wp-json\/wp\/v2\/posts"}],"about":[{"href":"https:\/\/contrastes.com.co\/web\/wp-json\/wp\/v2\/types\/post"}],"author":[{"embeddable":true,"href":"https:\/\/contrastes.com.co\/web\/wp-json\/wp\/v2\/users\/1"}],"replies":[{"embeddable":true,"href":"https:\/\/contrastes.com.co\/web\/wp-json\/wp\/v2\/comments?post=14681"}],"version-history":[{"count":0,"href":"https:\/\/contrastes.com.co\/web\/wp-json\/wp\/v2\/posts\/14681\/revisions"}],"wp:featuredmedia":[{"embeddable":true,"href":"https:\/\/contrastes.com.co\/web\/wp-json\/"}],"wp:attachment":[{"href":"https:\/\/contrastes.com.co\/web\/wp-json\/wp\/v2\/media?parent=14681"}],"wp:term":[{"taxonomy":"category","embeddable":true,"href":"https:\/\/contrastes.com.co\/web\/wp-json\/wp\/v2\/categories?post=14681"},{"taxonomy":"post_tag","embeddable":true,"href":"https:\/\/contrastes.com.co\/web\/wp-json\/wp\/v2\/tags?post=14681"}],"curies":[{"name":"wp","href":"https:\/\/api.w.org\/{rel}","templated":true}]}}