{"id":14750,"date":"2023-09-20T14:53:04","date_gmt":"2023-09-20T19:53:04","guid":{"rendered":"https:\/\/contrastes.com.co\/digital\/?p=14750"},"modified":"2023-09-20T14:53:04","modified_gmt":"2023-09-20T19:53:04","slug":"en-soledad-mas-de-120-adolescentes-participaron-en-primera-charla-mitos-y-verdades-sobre-la-sexualidad-en-el-marco-de-la-semana-andina","status":"publish","type":"post","link":"https:\/\/contrastes.com.co\/web\/2023\/09\/20\/en-soledad-mas-de-120-adolescentes-participaron-en-primera-charla-mitos-y-verdades-sobre-la-sexualidad-en-el-marco-de-la-semana-andina\/","title":{"rendered":"En Soledad, m\u00e1s de 120 adolescentes participaron en primera charla \u201cMitos y Verdades sobre la Sexualidad\u201d en el marco de la Semana Andina"},"content":{"rendered":"<p><strong>En Soledad, m\u00e1s de 120 adolescentes participaron en primera charla \u201cMitos y Verdades sobre la Sexualidad\u201d en el marco de la Semana Andina<\/strong><\/p>\n<p><img decoding=\"async\" class=\"alignleft  wp-image-8529\" src=\"https:\/\/contrastes.com.co\/digital\/wp-content\/uploads\/2022\/03\/e-capitular.png\" alt=\"e capitular\" width=\"64\" height=\"64\" \/>n una de las jornadas que dio <strong>apertura de la Semana Andina<\/strong> en esta municipalidad, se desarroll\u00f3 la <strong>charla sobre Planificaci\u00f3n familiar, prevenci\u00f3n de embarazos en adolescentes y los mitos y verdades sobre la sexualidad<\/strong>, a cargo del grupo interdisciplinario de Servicios Amigables para adolescentes y j\u00f3venes SSAAJ de la <strong>E.S.E. Hospital Materno Infantil de Soledad<\/strong> y una representante de <strong>laboratorio Abbott.<\/strong><\/p>\n<p>La charla se llev\u00f3 a cabo en las instalaciones del <strong>colegio Monsalve New Love<\/strong> de la sede en Villa Karla y cont\u00f3 con la presencia de m\u00e1s de 120 adolescentes, en tres secciones, quienes participaron de manera activa durante toda la jornada, consignando sus inquietudes, planteamientos, interrogantes y consultas, sobre la prevenci\u00f3n de embarazos y todo lo relacionado con sexualidad.<\/p>\n","protected":false},"excerpt":{"rendered":"<p>En una de las jornadas que dio apertura de la Semana Andina en esta municipalidad, se desarroll\u00f3 la charla sobre Planificaci\u00f3n familiar, prevenci\u00f3n de embarazos en adolescentes y los mitos y verdades sobre la sexualidad, a cargo del grupo interdisciplinario de Servicios Amigables para adolescentes y j\u00f3venes SSAAJ de la E.S.E. Hospital Materno Infantil de Soledad y una representante de laboratorio Abbott.<\/p>\n","protected":false},"author":1,"featured_media":14751,"comment_status":"open","ping_status":"open","sticky":false,"template":"","format":"standard","meta":{"footnotes":""},"categories":[1034,23,25],"tags":[2859,9497,1338,9498,51,7153],"class_list":["post-14750","post","type-post","status-publish","format-standard","has-post-thumbnail","hentry","category-juventud","category-locales","category-salud","tag-adolescentes","tag-charla-pedagogica","tag-ese-hospital-materno-infantil-de-soledad","tag-mitos-y-verdades-sobre-la-sexualidad","tag-municipio-de-soledad","tag-semana-andina"],"yoast_head":"<!-- This site is optimized with the Yoast SEO plugin v27.7 - https:\/\/yoast.com\/product\/yoast-seo-wordpress\/ -->\n<title>En Soledad, m\u00e1s de 120 adolescentes participaron en primera charla \u201cMitos y Verdades sobre la Sexualidad\u201d en el marco de la Semana Andina - Constrastes<\/title>\n<meta name=\"description\" content=\"En una de las jornadas que dio apertura de la Semana Andina en esta municipalidad, se desarroll\u00f3 la charla sobre Planificaci\u00f3n familiar, prevenci\u00f3n de embarazos en adolescentes y los mitos y verdades sobre la sexualidad, a cargo del grupo interdisciplinario de Servicios Amigables para adolescentes y j\u00f3venes SSAAJ de la E.S.E. Hospital Materno Infantil de Soledad y una representante de laboratorio Abbott.\" \/>\n<meta name=\"robots\" content=\"index, follow, max-snippet:-1, max-image-preview:large, max-video-preview:-1\" \/>\n<link rel=\"canonical\" href=\"https:\/\/contrastes.com.co\/web\/2023\/09\/20\/en-soledad-mas-de-120-adolescentes-participaron-en-primera-charla-mitos-y-verdades-sobre-la-sexualidad-en-el-marco-de-la-semana-andina\/\" \/>\n<meta property=\"og:locale\" content=\"es_ES\" \/>\n<meta property=\"og:type\" content=\"article\" \/>\n<meta property=\"og:title\" content=\"En Soledad, m\u00e1s de 120 adolescentes participaron en primera charla \u201cMitos y Verdades sobre la Sexualidad\u201d en el marco de la Semana Andina - Constrastes\" \/>\n<meta property=\"og:description\" content=\"En una de las jornadas que dio apertura de la Semana Andina en esta municipalidad, se desarroll\u00f3 la charla sobre Planificaci\u00f3n familiar, prevenci\u00f3n de embarazos en adolescentes y los mitos y verdades sobre la sexualidad, a cargo del grupo interdisciplinario de Servicios Amigables para adolescentes y j\u00f3venes SSAAJ de la E.S.E. Hospital Materno Infantil de Soledad y una representante de laboratorio Abbott.\" \/>\n<meta property=\"og:url\" content=\"https:\/\/contrastes.com.co\/web\/2023\/09\/20\/en-soledad-mas-de-120-adolescentes-participaron-en-primera-charla-mitos-y-verdades-sobre-la-sexualidad-en-el-marco-de-la-semana-andina\/\" \/>\n<meta property=\"og:site_name\" content=\"Constrastes\" \/>\n<meta property=\"article:publisher\" content=\"https:\/\/www.facebook.com\/guillo.pantoja.1\" \/>\n<meta property=\"article:published_time\" content=\"2023-09-20T19:53:04+00:00\" \/>\n<meta name=\"author\" content=\"Editor\" \/>\n<meta name=\"twitter:card\" content=\"summary_large_image\" \/>\n<meta name=\"twitter:label1\" content=\"Escrito por\" \/>\n\t<meta name=\"twitter:data1\" content=\"Editor\" \/>\n\t<meta name=\"twitter:label2\" content=\"Tiempo de lectura\" \/>\n\t<meta name=\"twitter:data2\" content=\"1 minuto\" \/>\n<script type=\"application\/ld+json\" class=\"yoast-schema-graph\">{\"@context\":\"https:\\\/\\\/schema.org\",\"@graph\":[{\"@type\":\"Article\",\"@id\":\"https:\\\/\\\/contrastes.com.co\\\/web\\\/2023\\\/09\\\/20\\\/en-soledad-mas-de-120-adolescentes-participaron-en-primera-charla-mitos-y-verdades-sobre-la-sexualidad-en-el-marco-de-la-semana-andina\\\/#article\",\"isPartOf\":{\"@id\":\"https:\\\/\\\/contrastes.com.co\\\/web\\\/2023\\\/09\\\/20\\\/en-soledad-mas-de-120-adolescentes-participaron-en-primera-charla-mitos-y-verdades-sobre-la-sexualidad-en-el-marco-de-la-semana-andina\\\/\"},\"author\":{\"name\":\"Editor\",\"@id\":\"https:\\\/\\\/contrastes.com.co\\\/web\\\/#\\\/schema\\\/person\\\/62ef7a62dc4da6de450c71fc2e95ed02\"},\"headline\":\"En Soledad, m\u00e1s de 120 adolescentes participaron en primera charla \u201cMitos y Verdades sobre la Sexualidad\u201d en el marco de la Semana Andina\",\"datePublished\":\"2023-09-20T19:53:04+00:00\",\"mainEntityOfPage\":{\"@id\":\"https:\\\/\\\/contrastes.com.co\\\/web\\\/2023\\\/09\\\/20\\\/en-soledad-mas-de-120-adolescentes-participaron-en-primera-charla-mitos-y-verdades-sobre-la-sexualidad-en-el-marco-de-la-semana-andina\\\/\"},\"wordCount\":174,\"commentCount\":0,\"publisher\":{\"@id\":\"https:\\\/\\\/contrastes.com.co\\\/web\\\/#organization\"},\"image\":{\"@id\":\"https:\\\/\\\/contrastes.com.co\\\/web\\\/2023\\\/09\\\/20\\\/en-soledad-mas-de-120-adolescentes-participaron-en-primera-charla-mitos-y-verdades-sobre-la-sexualidad-en-el-marco-de-la-semana-andina\\\/#primaryimage\"},\"thumbnailUrl\":\"\",\"keywords\":[\"adolescentes\",\"charla pedag\u00f3gica\",\"ESE Hospital Materno Infantil de Soledad\",\"Mitos y Verdades sobre la Sexualidad\",\"municipio de soledad\",\"Semana Andina\"],\"articleSection\":[\"Juventud\",\"Locales\",\"Salud\"],\"inLanguage\":\"es\",\"potentialAction\":[{\"@type\":\"CommentAction\",\"name\":\"Comment\",\"target\":[\"https:\\\/\\\/contrastes.com.co\\\/web\\\/2023\\\/09\\\/20\\\/en-soledad-mas-de-120-adolescentes-participaron-en-primera-charla-mitos-y-verdades-sobre-la-sexualidad-en-el-marco-de-la-semana-andina\\\/#respond\"]}]},{\"@type\":\"WebPage\",\"@id\":\"https:\\\/\\\/contrastes.com.co\\\/web\\\/2023\\\/09\\\/20\\\/en-soledad-mas-de-120-adolescentes-participaron-en-primera-charla-mitos-y-verdades-sobre-la-sexualidad-en-el-marco-de-la-semana-andina\\\/\",\"url\":\"https:\\\/\\\/contrastes.com.co\\\/web\\\/2023\\\/09\\\/20\\\/en-soledad-mas-de-120-adolescentes-participaron-en-primera-charla-mitos-y-verdades-sobre-la-sexualidad-en-el-marco-de-la-semana-andina\\\/\",\"name\":\"En Soledad, m\u00e1s de 120 adolescentes participaron en primera charla \u201cMitos y Verdades sobre la Sexualidad\u201d en el marco de la Semana Andina - Constrastes\",\"isPartOf\":{\"@id\":\"https:\\\/\\\/contrastes.com.co\\\/web\\\/#website\"},\"primaryImageOfPage\":{\"@id\":\"https:\\\/\\\/contrastes.com.co\\\/web\\\/2023\\\/09\\\/20\\\/en-soledad-mas-de-120-adolescentes-participaron-en-primera-charla-mitos-y-verdades-sobre-la-sexualidad-en-el-marco-de-la-semana-andina\\\/#primaryimage\"},\"image\":{\"@id\":\"https:\\\/\\\/contrastes.com.co\\\/web\\\/2023\\\/09\\\/20\\\/en-soledad-mas-de-120-adolescentes-participaron-en-primera-charla-mitos-y-verdades-sobre-la-sexualidad-en-el-marco-de-la-semana-andina\\\/#primaryimage\"},\"thumbnailUrl\":\"\",\"datePublished\":\"2023-09-20T19:53:04+00:00\",\"description\":\"En una de las jornadas que dio apertura de la Semana Andina en esta municipalidad, se desarroll\u00f3 la charla sobre Planificaci\u00f3n familiar, prevenci\u00f3n de embarazos en adolescentes y los mitos y verdades sobre la sexualidad, a cargo del grupo interdisciplinario de Servicios Amigables para adolescentes y j\u00f3venes SSAAJ de la E.S.E. Hospital Materno Infantil de Soledad y una representante de laboratorio Abbott.\",\"breadcrumb\":{\"@id\":\"https:\\\/\\\/contrastes.com.co\\\/web\\\/2023\\\/09\\\/20\\\/en-soledad-mas-de-120-adolescentes-participaron-en-primera-charla-mitos-y-verdades-sobre-la-sexualidad-en-el-marco-de-la-semana-andina\\\/#breadcrumb\"},\"inLanguage\":\"es\",\"potentialAction\":[{\"@type\":\"ReadAction\",\"target\":[\"https:\\\/\\\/contrastes.com.co\\\/web\\\/2023\\\/09\\\/20\\\/en-soledad-mas-de-120-adolescentes-participaron-en-primera-charla-mitos-y-verdades-sobre-la-sexualidad-en-el-marco-de-la-semana-andina\\\/\"]}]},{\"@type\":\"ImageObject\",\"inLanguage\":\"es\",\"@id\":\"https:\\\/\\\/contrastes.com.co\\\/web\\\/2023\\\/09\\\/20\\\/en-soledad-mas-de-120-adolescentes-participaron-en-primera-charla-mitos-y-verdades-sobre-la-sexualidad-en-el-marco-de-la-semana-andina\\\/#primaryimage\",\"url\":\"\",\"contentUrl\":\"\"},{\"@type\":\"BreadcrumbList\",\"@id\":\"https:\\\/\\\/contrastes.com.co\\\/web\\\/2023\\\/09\\\/20\\\/en-soledad-mas-de-120-adolescentes-participaron-en-primera-charla-mitos-y-verdades-sobre-la-sexualidad-en-el-marco-de-la-semana-andina\\\/#breadcrumb\",\"itemListElement\":[{\"@type\":\"ListItem\",\"position\":1,\"name\":\"Portada\",\"item\":\"https:\\\/\\\/contrastes.com.co\\\/web\\\/\"},{\"@type\":\"ListItem\",\"position\":2,\"name\":\"En Soledad, m\u00e1s de 120 adolescentes participaron en primera charla \u201cMitos y Verdades sobre la Sexualidad\u201d en el marco de la Semana Andina\"}]},{\"@type\":\"WebSite\",\"@id\":\"https:\\\/\\\/contrastes.com.co\\\/web\\\/#website\",\"url\":\"https:\\\/\\\/contrastes.com.co\\\/web\\\/\",\"name\":\"Contrastes\",\"description\":\"Periodismo de Conciencia\",\"publisher\":{\"@id\":\"https:\\\/\\\/contrastes.com.co\\\/web\\\/#organization\"},\"potentialAction\":[{\"@type\":\"SearchAction\",\"target\":{\"@type\":\"EntryPoint\",\"urlTemplate\":\"https:\\\/\\\/contrastes.com.co\\\/web\\\/?s={search_term_string}\"},\"query-input\":{\"@type\":\"PropertyValueSpecification\",\"valueRequired\":true,\"valueName\":\"search_term_string\"}}],\"inLanguage\":\"es\"},{\"@type\":\"Organization\",\"@id\":\"https:\\\/\\\/contrastes.com.co\\\/web\\\/#organization\",\"name\":\"Contrastes\",\"url\":\"https:\\\/\\\/contrastes.com.co\\\/web\\\/\",\"logo\":{\"@type\":\"ImageObject\",\"inLanguage\":\"es\",\"@id\":\"https:\\\/\\\/contrastes.com.co\\\/web\\\/#\\\/schema\\\/logo\\\/image\\\/\",\"url\":\"https:\\\/\\\/contrastes.com.co\\\/web\\\/wp-content\\\/uploads\\\/2025\\\/04\\\/15CONTRASTES3.png\",\"contentUrl\":\"https:\\\/\\\/contrastes.com.co\\\/web\\\/wp-content\\\/uploads\\\/2025\\\/04\\\/15CONTRASTES3.png\",\"width\":1536,\"height\":231,\"caption\":\"Contrastes\"},\"image\":{\"@id\":\"https:\\\/\\\/contrastes.com.co\\\/web\\\/#\\\/schema\\\/logo\\\/image\\\/\"},\"sameAs\":[\"https:\\\/\\\/www.facebook.com\\\/guillo.pantoja.1\"]},{\"@type\":\"Person\",\"@id\":\"https:\\\/\\\/contrastes.com.co\\\/web\\\/#\\\/schema\\\/person\\\/62ef7a62dc4da6de450c71fc2e95ed02\",\"name\":\"Editor\",\"image\":{\"@type\":\"ImageObject\",\"inLanguage\":\"es\",\"@id\":\"https:\\\/\\\/secure.gravatar.com\\\/avatar\\\/7bbb4f718d74bbf600dc556253bb04fd7ac8593751d6e2e3b85432d98aefae80?s=96&d=mm&r=g\",\"url\":\"https:\\\/\\\/secure.gravatar.com\\\/avatar\\\/7bbb4f718d74bbf600dc556253bb04fd7ac8593751d6e2e3b85432d98aefae80?s=96&d=mm&r=g\",\"contentUrl\":\"https:\\\/\\\/secure.gravatar.com\\\/avatar\\\/7bbb4f718d74bbf600dc556253bb04fd7ac8593751d6e2e3b85432d98aefae80?s=96&d=mm&r=g\",\"caption\":\"Editor\"},\"sameAs\":[\"https:\\\/\\\/contrastes.com.co\\\/web\"],\"url\":\"https:\\\/\\\/contrastes.com.co\\\/web\\\/author\\\/jdbobadilla\\\/\"}]}<\/script>\n<!-- \/ Yoast SEO plugin. -->","yoast_head_json":{"title":"En Soledad, m\u00e1s de 120 adolescentes participaron en primera charla \u201cMitos y Verdades sobre la Sexualidad\u201d en el marco de la Semana Andina - Constrastes","description":"En una de las jornadas que dio apertura de la Semana Andina en esta municipalidad, se desarroll\u00f3 la charla sobre Planificaci\u00f3n familiar, prevenci\u00f3n de embarazos en adolescentes y los mitos y verdades sobre la sexualidad, a cargo del grupo interdisciplinario de Servicios Amigables para adolescentes y j\u00f3venes SSAAJ de la E.S.E. Hospital Materno Infantil de Soledad y una representante de laboratorio Abbott.","robots":{"index":"index","follow":"follow","max-snippet":"max-snippet:-1","max-image-preview":"max-image-preview:large","max-video-preview":"max-video-preview:-1"},"canonical":"https:\/\/contrastes.com.co\/web\/2023\/09\/20\/en-soledad-mas-de-120-adolescentes-participaron-en-primera-charla-mitos-y-verdades-sobre-la-sexualidad-en-el-marco-de-la-semana-andina\/","og_locale":"es_ES","og_type":"article","og_title":"En Soledad, m\u00e1s de 120 adolescentes participaron en primera charla \u201cMitos y Verdades sobre la Sexualidad\u201d en el marco de la Semana Andina - Constrastes","og_description":"En una de las jornadas que dio apertura de la Semana Andina en esta municipalidad, se desarroll\u00f3 la charla sobre Planificaci\u00f3n familiar, prevenci\u00f3n de embarazos en adolescentes y los mitos y verdades sobre la sexualidad, a cargo del grupo interdisciplinario de Servicios Amigables para adolescentes y j\u00f3venes SSAAJ de la E.S.E. Hospital Materno Infantil de Soledad y una representante de laboratorio Abbott.","og_url":"https:\/\/contrastes.com.co\/web\/2023\/09\/20\/en-soledad-mas-de-120-adolescentes-participaron-en-primera-charla-mitos-y-verdades-sobre-la-sexualidad-en-el-marco-de-la-semana-andina\/","og_site_name":"Constrastes","article_publisher":"https:\/\/www.facebook.com\/guillo.pantoja.1","article_published_time":"2023-09-20T19:53:04+00:00","author":"Editor","twitter_card":"summary_large_image","twitter_misc":{"Escrito por":"Editor","Tiempo de lectura":"1 minuto"},"schema":{"@context":"https:\/\/schema.org","@graph":[{"@type":"Article","@id":"https:\/\/contrastes.com.co\/web\/2023\/09\/20\/en-soledad-mas-de-120-adolescentes-participaron-en-primera-charla-mitos-y-verdades-sobre-la-sexualidad-en-el-marco-de-la-semana-andina\/#article","isPartOf":{"@id":"https:\/\/contrastes.com.co\/web\/2023\/09\/20\/en-soledad-mas-de-120-adolescentes-participaron-en-primera-charla-mitos-y-verdades-sobre-la-sexualidad-en-el-marco-de-la-semana-andina\/"},"author":{"name":"Editor","@id":"https:\/\/contrastes.com.co\/web\/#\/schema\/person\/62ef7a62dc4da6de450c71fc2e95ed02"},"headline":"En Soledad, m\u00e1s de 120 adolescentes participaron en primera charla \u201cMitos y Verdades sobre la Sexualidad\u201d en el marco de la Semana Andina","datePublished":"2023-09-20T19:53:04+00:00","mainEntityOfPage":{"@id":"https:\/\/contrastes.com.co\/web\/2023\/09\/20\/en-soledad-mas-de-120-adolescentes-participaron-en-primera-charla-mitos-y-verdades-sobre-la-sexualidad-en-el-marco-de-la-semana-andina\/"},"wordCount":174,"commentCount":0,"publisher":{"@id":"https:\/\/contrastes.com.co\/web\/#organization"},"image":{"@id":"https:\/\/contrastes.com.co\/web\/2023\/09\/20\/en-soledad-mas-de-120-adolescentes-participaron-en-primera-charla-mitos-y-verdades-sobre-la-sexualidad-en-el-marco-de-la-semana-andina\/#primaryimage"},"thumbnailUrl":"","keywords":["adolescentes","charla pedag\u00f3gica","ESE Hospital Materno Infantil de Soledad","Mitos y Verdades sobre la Sexualidad","municipio de soledad","Semana Andina"],"articleSection":["Juventud","Locales","Salud"],"inLanguage":"es","potentialAction":[{"@type":"CommentAction","name":"Comment","target":["https:\/\/contrastes.com.co\/web\/2023\/09\/20\/en-soledad-mas-de-120-adolescentes-participaron-en-primera-charla-mitos-y-verdades-sobre-la-sexualidad-en-el-marco-de-la-semana-andina\/#respond"]}]},{"@type":"WebPage","@id":"https:\/\/contrastes.com.co\/web\/2023\/09\/20\/en-soledad-mas-de-120-adolescentes-participaron-en-primera-charla-mitos-y-verdades-sobre-la-sexualidad-en-el-marco-de-la-semana-andina\/","url":"https:\/\/contrastes.com.co\/web\/2023\/09\/20\/en-soledad-mas-de-120-adolescentes-participaron-en-primera-charla-mitos-y-verdades-sobre-la-sexualidad-en-el-marco-de-la-semana-andina\/","name":"En Soledad, m\u00e1s de 120 adolescentes participaron en primera charla \u201cMitos y Verdades sobre la Sexualidad\u201d en el marco de la Semana Andina - Constrastes","isPartOf":{"@id":"https:\/\/contrastes.com.co\/web\/#website"},"primaryImageOfPage":{"@id":"https:\/\/contrastes.com.co\/web\/2023\/09\/20\/en-soledad-mas-de-120-adolescentes-participaron-en-primera-charla-mitos-y-verdades-sobre-la-sexualidad-en-el-marco-de-la-semana-andina\/#primaryimage"},"image":{"@id":"https:\/\/contrastes.com.co\/web\/2023\/09\/20\/en-soledad-mas-de-120-adolescentes-participaron-en-primera-charla-mitos-y-verdades-sobre-la-sexualidad-en-el-marco-de-la-semana-andina\/#primaryimage"},"thumbnailUrl":"","datePublished":"2023-09-20T19:53:04+00:00","description":"En una de las jornadas que dio apertura de la Semana Andina en esta municipalidad, se desarroll\u00f3 la charla sobre Planificaci\u00f3n familiar, prevenci\u00f3n de embarazos en adolescentes y los mitos y verdades sobre la sexualidad, a cargo del grupo interdisciplinario de Servicios Amigables para adolescentes y j\u00f3venes SSAAJ de la E.S.E. Hospital Materno Infantil de Soledad y una representante de laboratorio Abbott.","breadcrumb":{"@id":"https:\/\/contrastes.com.co\/web\/2023\/09\/20\/en-soledad-mas-de-120-adolescentes-participaron-en-primera-charla-mitos-y-verdades-sobre-la-sexualidad-en-el-marco-de-la-semana-andina\/#breadcrumb"},"inLanguage":"es","potentialAction":[{"@type":"ReadAction","target":["https:\/\/contrastes.com.co\/web\/2023\/09\/20\/en-soledad-mas-de-120-adolescentes-participaron-en-primera-charla-mitos-y-verdades-sobre-la-sexualidad-en-el-marco-de-la-semana-andina\/"]}]},{"@type":"ImageObject","inLanguage":"es","@id":"https:\/\/contrastes.com.co\/web\/2023\/09\/20\/en-soledad-mas-de-120-adolescentes-participaron-en-primera-charla-mitos-y-verdades-sobre-la-sexualidad-en-el-marco-de-la-semana-andina\/#primaryimage","url":"","contentUrl":""},{"@type":"BreadcrumbList","@id":"https:\/\/contrastes.com.co\/web\/2023\/09\/20\/en-soledad-mas-de-120-adolescentes-participaron-en-primera-charla-mitos-y-verdades-sobre-la-sexualidad-en-el-marco-de-la-semana-andina\/#breadcrumb","itemListElement":[{"@type":"ListItem","position":1,"name":"Portada","item":"https:\/\/contrastes.com.co\/web\/"},{"@type":"ListItem","position":2,"name":"En Soledad, m\u00e1s de 120 adolescentes participaron en primera charla \u201cMitos y Verdades sobre la Sexualidad\u201d en el marco de la Semana Andina"}]},{"@type":"WebSite","@id":"https:\/\/contrastes.com.co\/web\/#website","url":"https:\/\/contrastes.com.co\/web\/","name":"Contrastes","description":"Periodismo de Conciencia","publisher":{"@id":"https:\/\/contrastes.com.co\/web\/#organization"},"potentialAction":[{"@type":"SearchAction","target":{"@type":"EntryPoint","urlTemplate":"https:\/\/contrastes.com.co\/web\/?s={search_term_string}"},"query-input":{"@type":"PropertyValueSpecification","valueRequired":true,"valueName":"search_term_string"}}],"inLanguage":"es"},{"@type":"Organization","@id":"https:\/\/contrastes.com.co\/web\/#organization","name":"Contrastes","url":"https:\/\/contrastes.com.co\/web\/","logo":{"@type":"ImageObject","inLanguage":"es","@id":"https:\/\/contrastes.com.co\/web\/#\/schema\/logo\/image\/","url":"https:\/\/contrastes.com.co\/web\/wp-content\/uploads\/2025\/04\/15CONTRASTES3.png","contentUrl":"https:\/\/contrastes.com.co\/web\/wp-content\/uploads\/2025\/04\/15CONTRASTES3.png","width":1536,"height":231,"caption":"Contrastes"},"image":{"@id":"https:\/\/contrastes.com.co\/web\/#\/schema\/logo\/image\/"},"sameAs":["https:\/\/www.facebook.com\/guillo.pantoja.1"]},{"@type":"Person","@id":"https:\/\/contrastes.com.co\/web\/#\/schema\/person\/62ef7a62dc4da6de450c71fc2e95ed02","name":"Editor","image":{"@type":"ImageObject","inLanguage":"es","@id":"https:\/\/secure.gravatar.com\/avatar\/7bbb4f718d74bbf600dc556253bb04fd7ac8593751d6e2e3b85432d98aefae80?s=96&d=mm&r=g","url":"https:\/\/secure.gravatar.com\/avatar\/7bbb4f718d74bbf600dc556253bb04fd7ac8593751d6e2e3b85432d98aefae80?s=96&d=mm&r=g","contentUrl":"https:\/\/secure.gravatar.com\/avatar\/7bbb4f718d74bbf600dc556253bb04fd7ac8593751d6e2e3b85432d98aefae80?s=96&d=mm&r=g","caption":"Editor"},"sameAs":["https:\/\/contrastes.com.co\/web"],"url":"https:\/\/contrastes.com.co\/web\/author\/jdbobadilla\/"}]}},"blog_post_layout_featured_media_urls":{"thumbnail":"","full":""},"categories_names":{"1034":{"name":"Juventud","link":"https:\/\/contrastes.com.co\/web\/category\/juventud\/"},"23":{"name":"Locales","link":"https:\/\/contrastes.com.co\/web\/category\/locales\/"},"25":{"name":"Salud","link":"https:\/\/contrastes.com.co\/web\/category\/salud\/"}},"tags_names":{"2859":{"name":"adolescentes","link":"https:\/\/contrastes.com.co\/web\/tag\/adolescentes\/"},"9497":{"name":"charla pedag\u00f3gica","link":"https:\/\/contrastes.com.co\/web\/tag\/charla-pedagogica\/"},"1338":{"name":"ESE Hospital Materno Infantil de Soledad","link":"https:\/\/contrastes.com.co\/web\/tag\/ese-hospital-materno-infantil-de-soledad\/"},"9498":{"name":"Mitos y Verdades sobre la Sexualidad","link":"https:\/\/contrastes.com.co\/web\/tag\/mitos-y-verdades-sobre-la-sexualidad\/"},"51":{"name":"municipio de soledad","link":"https:\/\/contrastes.com.co\/web\/tag\/municipio-de-soledad\/"},"7153":{"name":"Semana Andina","link":"https:\/\/contrastes.com.co\/web\/tag\/semana-andina\/"}},"comments_number":"0","wpmagazine_modules_lite_featured_media_urls":{"thumbnail":"","cvmm-medium":"","cvmm-medium-plus":"","cvmm-portrait":"","cvmm-medium-square":"","cvmm-large":"","cvmm-small":"","full":""},"_links":{"self":[{"href":"https:\/\/contrastes.com.co\/web\/wp-json\/wp\/v2\/posts\/14750","targetHints":{"allow":["GET"]}}],"collection":[{"href":"https:\/\/contrastes.com.co\/web\/wp-json\/wp\/v2\/posts"}],"about":[{"href":"https:\/\/contrastes.com.co\/web\/wp-json\/wp\/v2\/types\/post"}],"author":[{"embeddable":true,"href":"https:\/\/contrastes.com.co\/web\/wp-json\/wp\/v2\/users\/1"}],"replies":[{"embeddable":true,"href":"https:\/\/contrastes.com.co\/web\/wp-json\/wp\/v2\/comments?post=14750"}],"version-history":[{"count":0,"href":"https:\/\/contrastes.com.co\/web\/wp-json\/wp\/v2\/posts\/14750\/revisions"}],"wp:attachment":[{"href":"https:\/\/contrastes.com.co\/web\/wp-json\/wp\/v2\/media?parent=14750"}],"wp:term":[{"taxonomy":"category","embeddable":true,"href":"https:\/\/contrastes.com.co\/web\/wp-json\/wp\/v2\/categories?post=14750"},{"taxonomy":"post_tag","embeddable":true,"href":"https:\/\/contrastes.com.co\/web\/wp-json\/wp\/v2\/tags?post=14750"}],"curies":[{"name":"wp","href":"https:\/\/api.w.org\/{rel}","templated":true}]}}