{"id":14814,"date":"2023-10-27T12:35:03","date_gmt":"2023-10-27T17:35:03","guid":{"rendered":"https:\/\/contrastes.com.co\/digital\/?p=14814"},"modified":"2023-10-27T12:35:03","modified_gmt":"2023-10-27T17:35:03","slug":"14814-2","status":"publish","type":"post","link":"https:\/\/contrastes.com.co\/web\/2023\/10\/27\/14814-2\/","title":{"rendered":""},"content":{"rendered":"<p><strong>*En las pr\u00f3ximas horas se entregar\u00e1n ayudas a familias afectadas por lluvias del mi\u00e9rcoles 25 de octubre<\/strong><\/p>\n<blockquote><p><strong>\u00abAvanzamos de manera satisfactoria un contrato financiado por la Unidad Nacional de Riesgo, por m\u00e1s de 17 mil millones de pesos, con el cual se est\u00e1n canalizando sectores importantes de los arroyos El Salao y El Platanal. De igual forma, logramos canalizar el arroyo Villegas, en un 100%\u00bb, indic\u00f3 Ucr\u00f3s Rosales.<\/strong><\/p><\/blockquote>\n<p><img decoding=\"async\" class=\"alignleft  wp-image-8529\" src=\"https:\/\/contrastes.com.co\/digital\/wp-content\/uploads\/2022\/03\/e-capitular.png\" alt=\"e capitular\" width=\"54\" height=\"54\" \/>l <strong>alcalde de Soledad, Rodolfo Ucr\u00f3s Rosales,<\/strong> inform\u00f3 que en las pr\u00f3ximas horas se entregar\u00e1n ayudas a las familias afectadas por las lluvias, registradas el mi\u00e9rcoles 25 de octubre. Durante el d\u00eda de hoy se avanz\u00f3 en la realizaci\u00f3n del censo para identificar las necesidades de las familias afectadas.<\/p>\n<p>Para afrontar esta problem\u00e1tica que persiste en temporada de invierno, la administraci\u00f3n del Pacto Social ha gestionado recursos del orden departamental y nacional. \u00abAvanzamos de manera satisfactoria un contrato financiado por la <strong>Unidad Nacional de Riesgo<\/strong>, por m\u00e1s de 17 mil millones de pesos, con el cual se est\u00e1n canalizando sectores importantes de los <strong>arroyos El Salao y El Platanal.<\/strong> De igual forma, logramos canalizar el <strong>arroyo Villegas,<\/strong> en un 100%\u00bb, indic\u00f3 Ucr\u00f3s Rosales.<\/p>\n<h3>Hallazgo<\/h3>\n<p>El alcalde puntualiz\u00f3 que al asumir su periodo <strong>encontr\u00f3 un contrato, por m\u00e1s de 13 mil millones de pesos, para la adecuaci\u00f3n hidrol\u00f3gica de la Ci\u00e9naga de la Bah\u00eda y el Ca\u00f1o de Soledad.<\/strong> Sin embargo, este contrato no resolvi\u00f3 el grave problema que se viene presentando en el sector bajo de Soledad, y la comunidad mostr\u00f3 su insatisfacci\u00f3n con estas obras, situaci\u00f3n que se puso en conocimiento ante los entes\u00a0de\u00a0control.<\/p>\n","protected":false},"excerpt":{"rendered":"<p>El alcalde de Soledad, Rodolfo Ucr\u00f3s Rosales, inform\u00f3 que en las pr\u00f3ximas horas se entregar\u00e1n ayudas a las familias afectadas por las lluvias, registradas el mi\u00e9rcoles 25 de octubre. Durante el d\u00eda de hoy se avanz\u00f3 en la realizaci\u00f3n del censo para identificar las necesidades de las familias afectadas.<\/p>\n","protected":false},"author":1,"featured_media":14815,"comment_status":"open","ping_status":"open","sticky":false,"template":"","format":"standard","meta":{"footnotes":""},"categories":[1],"tags":[9534,173,9530,784,9535,78,9536,5411,51,1879,9533],"class_list":["post-14814","post","type-post","status-publish","format-standard","has-post-thumbnail","hentry","category-uncategorized","tag-adecuacion-hidrologica-de-la-cienaga-de-la-bahia-y-el-cano-de-soledad","tag-alcalde-de-soledad","tag-arroyos-el-salao-y-el-platanal","tag-damnificados","tag-damnificados-por-lluvias","tag-entrega-de-ayudas","tag-familias-afectadas-por-lluvias","tag-hallazgo","tag-municipio-de-soledad","tag-rodolfo-ucros-rosales","tag-unidad-nacional-de-riesgo"],"yoast_head":"<!-- This site is optimized with the Yoast SEO plugin v27.7 - https:\/\/yoast.com\/product\/yoast-seo-wordpress\/ -->\n<title>- Constrastes<\/title>\n<meta name=\"description\" content=\"El alcalde de Soledad, Rodolfo Ucr\u00f3s Rosales, inform\u00f3 que en las pr\u00f3ximas horas se entregar\u00e1n ayudas a las familias afectadas por las lluvias, registradas el mi\u00e9rcoles 25 de octubre. Durante el d\u00eda de hoy se avanz\u00f3 en la realizaci\u00f3n del censo para identificar las necesidades de las familias afectadas.\" \/>\n<meta name=\"robots\" content=\"index, follow, max-snippet:-1, max-image-preview:large, max-video-preview:-1\" \/>\n<link rel=\"canonical\" href=\"https:\/\/contrastes.com.co\/web\/2023\/10\/27\/14814-2\/\" \/>\n<meta property=\"og:locale\" content=\"es_ES\" \/>\n<meta property=\"og:type\" content=\"article\" \/>\n<meta property=\"og:title\" content=\"- Constrastes\" \/>\n<meta property=\"og:description\" content=\"El alcalde de Soledad, Rodolfo Ucr\u00f3s Rosales, inform\u00f3 que en las pr\u00f3ximas horas se entregar\u00e1n ayudas a las familias afectadas por las lluvias, registradas el mi\u00e9rcoles 25 de octubre. Durante el d\u00eda de hoy se avanz\u00f3 en la realizaci\u00f3n del censo para identificar las necesidades de las familias afectadas.\" \/>\n<meta property=\"og:url\" content=\"https:\/\/contrastes.com.co\/web\/2023\/10\/27\/14814-2\/\" \/>\n<meta property=\"og:site_name\" content=\"Constrastes\" \/>\n<meta property=\"article:publisher\" content=\"https:\/\/www.facebook.com\/guillo.pantoja.1\" \/>\n<meta property=\"article:published_time\" content=\"2023-10-27T17:35:03+00:00\" \/>\n<meta name=\"author\" content=\"Editor\" \/>\n<meta name=\"twitter:card\" content=\"summary_large_image\" \/>\n<meta name=\"twitter:label1\" content=\"Escrito por\" \/>\n\t<meta name=\"twitter:data1\" content=\"Editor\" \/>\n\t<meta name=\"twitter:label2\" content=\"Tiempo de lectura\" \/>\n\t<meta name=\"twitter:data2\" content=\"1 minuto\" \/>\n<script type=\"application\/ld+json\" class=\"yoast-schema-graph\">{\"@context\":\"https:\\\/\\\/schema.org\",\"@graph\":[{\"@type\":\"Article\",\"@id\":\"https:\\\/\\\/contrastes.com.co\\\/web\\\/2023\\\/10\\\/27\\\/14814-2\\\/#article\",\"isPartOf\":{\"@id\":\"https:\\\/\\\/contrastes.com.co\\\/web\\\/2023\\\/10\\\/27\\\/14814-2\\\/\"},\"author\":{\"name\":\"Editor\",\"@id\":\"https:\\\/\\\/contrastes.com.co\\\/web\\\/#\\\/schema\\\/person\\\/62ef7a62dc4da6de450c71fc2e95ed02\"},\"headline\":\"Sin t\u00edtulo\",\"datePublished\":\"2023-10-27T17:35:03+00:00\",\"mainEntityOfPage\":{\"@id\":\"https:\\\/\\\/contrastes.com.co\\\/web\\\/2023\\\/10\\\/27\\\/14814-2\\\/\"},\"wordCount\":283,\"commentCount\":0,\"publisher\":{\"@id\":\"https:\\\/\\\/contrastes.com.co\\\/web\\\/#organization\"},\"image\":{\"@id\":\"https:\\\/\\\/contrastes.com.co\\\/web\\\/2023\\\/10\\\/27\\\/14814-2\\\/#primaryimage\"},\"thumbnailUrl\":\"\",\"keywords\":[\"adecuaci\u00f3n hidrol\u00f3gica de la Ci\u00e9naga de la Bah\u00eda y el Ca\u00f1o de Soledad.\",\"alcalde de Soledad\",\"arroyos El Salao y El Platanal\",\"damnificados\",\"damnificados por lluvias\",\"entrega de ayudas\",\"familias afectadas por lluvias\",\"hallazgo\",\"municipio de soledad\",\"Rodolfo Ucr\u00f3s Rosales\",\"Unidad Nacional de Riesgo\"],\"articleSection\":[\"Uncategorized\"],\"inLanguage\":\"es\",\"potentialAction\":[{\"@type\":\"CommentAction\",\"name\":\"Comment\",\"target\":[\"https:\\\/\\\/contrastes.com.co\\\/web\\\/2023\\\/10\\\/27\\\/14814-2\\\/#respond\"]}]},{\"@type\":\"WebPage\",\"@id\":\"https:\\\/\\\/contrastes.com.co\\\/web\\\/2023\\\/10\\\/27\\\/14814-2\\\/\",\"url\":\"https:\\\/\\\/contrastes.com.co\\\/web\\\/2023\\\/10\\\/27\\\/14814-2\\\/\",\"name\":\"- Constrastes\",\"isPartOf\":{\"@id\":\"https:\\\/\\\/contrastes.com.co\\\/web\\\/#website\"},\"primaryImageOfPage\":{\"@id\":\"https:\\\/\\\/contrastes.com.co\\\/web\\\/2023\\\/10\\\/27\\\/14814-2\\\/#primaryimage\"},\"image\":{\"@id\":\"https:\\\/\\\/contrastes.com.co\\\/web\\\/2023\\\/10\\\/27\\\/14814-2\\\/#primaryimage\"},\"thumbnailUrl\":\"\",\"datePublished\":\"2023-10-27T17:35:03+00:00\",\"description\":\"El alcalde de Soledad, Rodolfo Ucr\u00f3s Rosales, inform\u00f3 que en las pr\u00f3ximas horas se entregar\u00e1n ayudas a las familias afectadas por las lluvias, registradas el mi\u00e9rcoles 25 de octubre. Durante el d\u00eda de hoy se avanz\u00f3 en la realizaci\u00f3n del censo para identificar las necesidades de las familias afectadas.\",\"inLanguage\":\"es\",\"potentialAction\":[{\"@type\":\"ReadAction\",\"target\":[\"https:\\\/\\\/contrastes.com.co\\\/web\\\/2023\\\/10\\\/27\\\/14814-2\\\/\"]}]},{\"@type\":\"ImageObject\",\"inLanguage\":\"es\",\"@id\":\"https:\\\/\\\/contrastes.com.co\\\/web\\\/2023\\\/10\\\/27\\\/14814-2\\\/#primaryimage\",\"url\":\"\",\"contentUrl\":\"\"},{\"@type\":\"WebSite\",\"@id\":\"https:\\\/\\\/contrastes.com.co\\\/web\\\/#website\",\"url\":\"https:\\\/\\\/contrastes.com.co\\\/web\\\/\",\"name\":\"Contrastes\",\"description\":\"Periodismo de Conciencia\",\"publisher\":{\"@id\":\"https:\\\/\\\/contrastes.com.co\\\/web\\\/#organization\"},\"potentialAction\":[{\"@type\":\"SearchAction\",\"target\":{\"@type\":\"EntryPoint\",\"urlTemplate\":\"https:\\\/\\\/contrastes.com.co\\\/web\\\/?s={search_term_string}\"},\"query-input\":{\"@type\":\"PropertyValueSpecification\",\"valueRequired\":true,\"valueName\":\"search_term_string\"}}],\"inLanguage\":\"es\"},{\"@type\":\"Organization\",\"@id\":\"https:\\\/\\\/contrastes.com.co\\\/web\\\/#organization\",\"name\":\"Contrastes\",\"url\":\"https:\\\/\\\/contrastes.com.co\\\/web\\\/\",\"logo\":{\"@type\":\"ImageObject\",\"inLanguage\":\"es\",\"@id\":\"https:\\\/\\\/contrastes.com.co\\\/web\\\/#\\\/schema\\\/logo\\\/image\\\/\",\"url\":\"https:\\\/\\\/contrastes.com.co\\\/web\\\/wp-content\\\/uploads\\\/2025\\\/04\\\/15CONTRASTES3.png\",\"contentUrl\":\"https:\\\/\\\/contrastes.com.co\\\/web\\\/wp-content\\\/uploads\\\/2025\\\/04\\\/15CONTRASTES3.png\",\"width\":1536,\"height\":231,\"caption\":\"Contrastes\"},\"image\":{\"@id\":\"https:\\\/\\\/contrastes.com.co\\\/web\\\/#\\\/schema\\\/logo\\\/image\\\/\"},\"sameAs\":[\"https:\\\/\\\/www.facebook.com\\\/guillo.pantoja.1\"]},{\"@type\":\"Person\",\"@id\":\"https:\\\/\\\/contrastes.com.co\\\/web\\\/#\\\/schema\\\/person\\\/62ef7a62dc4da6de450c71fc2e95ed02\",\"name\":\"Editor\",\"image\":{\"@type\":\"ImageObject\",\"inLanguage\":\"es\",\"@id\":\"https:\\\/\\\/secure.gravatar.com\\\/avatar\\\/7bbb4f718d74bbf600dc556253bb04fd7ac8593751d6e2e3b85432d98aefae80?s=96&d=mm&r=g\",\"url\":\"https:\\\/\\\/secure.gravatar.com\\\/avatar\\\/7bbb4f718d74bbf600dc556253bb04fd7ac8593751d6e2e3b85432d98aefae80?s=96&d=mm&r=g\",\"contentUrl\":\"https:\\\/\\\/secure.gravatar.com\\\/avatar\\\/7bbb4f718d74bbf600dc556253bb04fd7ac8593751d6e2e3b85432d98aefae80?s=96&d=mm&r=g\",\"caption\":\"Editor\"},\"sameAs\":[\"https:\\\/\\\/contrastes.com.co\\\/web\"],\"url\":\"https:\\\/\\\/contrastes.com.co\\\/web\\\/author\\\/jdbobadilla\\\/\"}]}<\/script>\n<!-- \/ Yoast SEO plugin. -->","yoast_head_json":{"title":"- Constrastes","description":"El alcalde de Soledad, Rodolfo Ucr\u00f3s Rosales, inform\u00f3 que en las pr\u00f3ximas horas se entregar\u00e1n ayudas a las familias afectadas por las lluvias, registradas el mi\u00e9rcoles 25 de octubre. Durante el d\u00eda de hoy se avanz\u00f3 en la realizaci\u00f3n del censo para identificar las necesidades de las familias afectadas.","robots":{"index":"index","follow":"follow","max-snippet":"max-snippet:-1","max-image-preview":"max-image-preview:large","max-video-preview":"max-video-preview:-1"},"canonical":"https:\/\/contrastes.com.co\/web\/2023\/10\/27\/14814-2\/","og_locale":"es_ES","og_type":"article","og_title":"- Constrastes","og_description":"El alcalde de Soledad, Rodolfo Ucr\u00f3s Rosales, inform\u00f3 que en las pr\u00f3ximas horas se entregar\u00e1n ayudas a las familias afectadas por las lluvias, registradas el mi\u00e9rcoles 25 de octubre. Durante el d\u00eda de hoy se avanz\u00f3 en la realizaci\u00f3n del censo para identificar las necesidades de las familias afectadas.","og_url":"https:\/\/contrastes.com.co\/web\/2023\/10\/27\/14814-2\/","og_site_name":"Constrastes","article_publisher":"https:\/\/www.facebook.com\/guillo.pantoja.1","article_published_time":"2023-10-27T17:35:03+00:00","author":"Editor","twitter_card":"summary_large_image","twitter_misc":{"Escrito por":"Editor","Tiempo de lectura":"1 minuto"},"schema":{"@context":"https:\/\/schema.org","@graph":[{"@type":"Article","@id":"https:\/\/contrastes.com.co\/web\/2023\/10\/27\/14814-2\/#article","isPartOf":{"@id":"https:\/\/contrastes.com.co\/web\/2023\/10\/27\/14814-2\/"},"author":{"name":"Editor","@id":"https:\/\/contrastes.com.co\/web\/#\/schema\/person\/62ef7a62dc4da6de450c71fc2e95ed02"},"headline":"Sin t\u00edtulo","datePublished":"2023-10-27T17:35:03+00:00","mainEntityOfPage":{"@id":"https:\/\/contrastes.com.co\/web\/2023\/10\/27\/14814-2\/"},"wordCount":283,"commentCount":0,"publisher":{"@id":"https:\/\/contrastes.com.co\/web\/#organization"},"image":{"@id":"https:\/\/contrastes.com.co\/web\/2023\/10\/27\/14814-2\/#primaryimage"},"thumbnailUrl":"","keywords":["adecuaci\u00f3n hidrol\u00f3gica de la Ci\u00e9naga de la Bah\u00eda y el Ca\u00f1o de Soledad.","alcalde de Soledad","arroyos El Salao y El Platanal","damnificados","damnificados por lluvias","entrega de ayudas","familias afectadas por lluvias","hallazgo","municipio de soledad","Rodolfo Ucr\u00f3s Rosales","Unidad Nacional de Riesgo"],"articleSection":["Uncategorized"],"inLanguage":"es","potentialAction":[{"@type":"CommentAction","name":"Comment","target":["https:\/\/contrastes.com.co\/web\/2023\/10\/27\/14814-2\/#respond"]}]},{"@type":"WebPage","@id":"https:\/\/contrastes.com.co\/web\/2023\/10\/27\/14814-2\/","url":"https:\/\/contrastes.com.co\/web\/2023\/10\/27\/14814-2\/","name":"- Constrastes","isPartOf":{"@id":"https:\/\/contrastes.com.co\/web\/#website"},"primaryImageOfPage":{"@id":"https:\/\/contrastes.com.co\/web\/2023\/10\/27\/14814-2\/#primaryimage"},"image":{"@id":"https:\/\/contrastes.com.co\/web\/2023\/10\/27\/14814-2\/#primaryimage"},"thumbnailUrl":"","datePublished":"2023-10-27T17:35:03+00:00","description":"El alcalde de Soledad, Rodolfo Ucr\u00f3s Rosales, inform\u00f3 que en las pr\u00f3ximas horas se entregar\u00e1n ayudas a las familias afectadas por las lluvias, registradas el mi\u00e9rcoles 25 de octubre. Durante el d\u00eda de hoy se avanz\u00f3 en la realizaci\u00f3n del censo para identificar las necesidades de las familias afectadas.","inLanguage":"es","potentialAction":[{"@type":"ReadAction","target":["https:\/\/contrastes.com.co\/web\/2023\/10\/27\/14814-2\/"]}]},{"@type":"ImageObject","inLanguage":"es","@id":"https:\/\/contrastes.com.co\/web\/2023\/10\/27\/14814-2\/#primaryimage","url":"","contentUrl":""},{"@type":"WebSite","@id":"https:\/\/contrastes.com.co\/web\/#website","url":"https:\/\/contrastes.com.co\/web\/","name":"Contrastes","description":"Periodismo de Conciencia","publisher":{"@id":"https:\/\/contrastes.com.co\/web\/#organization"},"potentialAction":[{"@type":"SearchAction","target":{"@type":"EntryPoint","urlTemplate":"https:\/\/contrastes.com.co\/web\/?s={search_term_string}"},"query-input":{"@type":"PropertyValueSpecification","valueRequired":true,"valueName":"search_term_string"}}],"inLanguage":"es"},{"@type":"Organization","@id":"https:\/\/contrastes.com.co\/web\/#organization","name":"Contrastes","url":"https:\/\/contrastes.com.co\/web\/","logo":{"@type":"ImageObject","inLanguage":"es","@id":"https:\/\/contrastes.com.co\/web\/#\/schema\/logo\/image\/","url":"https:\/\/contrastes.com.co\/web\/wp-content\/uploads\/2025\/04\/15CONTRASTES3.png","contentUrl":"https:\/\/contrastes.com.co\/web\/wp-content\/uploads\/2025\/04\/15CONTRASTES3.png","width":1536,"height":231,"caption":"Contrastes"},"image":{"@id":"https:\/\/contrastes.com.co\/web\/#\/schema\/logo\/image\/"},"sameAs":["https:\/\/www.facebook.com\/guillo.pantoja.1"]},{"@type":"Person","@id":"https:\/\/contrastes.com.co\/web\/#\/schema\/person\/62ef7a62dc4da6de450c71fc2e95ed02","name":"Editor","image":{"@type":"ImageObject","inLanguage":"es","@id":"https:\/\/secure.gravatar.com\/avatar\/7bbb4f718d74bbf600dc556253bb04fd7ac8593751d6e2e3b85432d98aefae80?s=96&d=mm&r=g","url":"https:\/\/secure.gravatar.com\/avatar\/7bbb4f718d74bbf600dc556253bb04fd7ac8593751d6e2e3b85432d98aefae80?s=96&d=mm&r=g","contentUrl":"https:\/\/secure.gravatar.com\/avatar\/7bbb4f718d74bbf600dc556253bb04fd7ac8593751d6e2e3b85432d98aefae80?s=96&d=mm&r=g","caption":"Editor"},"sameAs":["https:\/\/contrastes.com.co\/web"],"url":"https:\/\/contrastes.com.co\/web\/author\/jdbobadilla\/"}]}},"blog_post_layout_featured_media_urls":{"thumbnail":"","full":""},"categories_names":{"1":{"name":"Uncategorized","link":"https:\/\/contrastes.com.co\/web\/category\/uncategorized\/"}},"tags_names":{"9534":{"name":"adecuaci\u00f3n hidrol\u00f3gica de la Ci\u00e9naga de la Bah\u00eda y el Ca\u00f1o de Soledad.","link":"https:\/\/contrastes.com.co\/web\/tag\/adecuacion-hidrologica-de-la-cienaga-de-la-bahia-y-el-cano-de-soledad\/"},"173":{"name":"alcalde de Soledad","link":"https:\/\/contrastes.com.co\/web\/tag\/alcalde-de-soledad\/"},"9530":{"name":"arroyos El Salao y El Platanal","link":"https:\/\/contrastes.com.co\/web\/tag\/arroyos-el-salao-y-el-platanal\/"},"784":{"name":"damnificados","link":"https:\/\/contrastes.com.co\/web\/tag\/damnificados\/"},"9535":{"name":"damnificados por lluvias","link":"https:\/\/contrastes.com.co\/web\/tag\/damnificados-por-lluvias\/"},"78":{"name":"entrega de ayudas","link":"https:\/\/contrastes.com.co\/web\/tag\/entrega-de-ayudas\/"},"9536":{"name":"familias afectadas por lluvias","link":"https:\/\/contrastes.com.co\/web\/tag\/familias-afectadas-por-lluvias\/"},"5411":{"name":"hallazgo","link":"https:\/\/contrastes.com.co\/web\/tag\/hallazgo\/"},"51":{"name":"municipio de soledad","link":"https:\/\/contrastes.com.co\/web\/tag\/municipio-de-soledad\/"},"1879":{"name":"Rodolfo Ucr\u00f3s Rosales","link":"https:\/\/contrastes.com.co\/web\/tag\/rodolfo-ucros-rosales\/"},"9533":{"name":"Unidad Nacional de Riesgo","link":"https:\/\/contrastes.com.co\/web\/tag\/unidad-nacional-de-riesgo\/"}},"comments_number":"0","wpmagazine_modules_lite_featured_media_urls":{"thumbnail":"","cvmm-medium":"","cvmm-medium-plus":"","cvmm-portrait":"","cvmm-medium-square":"","cvmm-large":"","cvmm-small":"","full":""},"_links":{"self":[{"href":"https:\/\/contrastes.com.co\/web\/wp-json\/wp\/v2\/posts\/14814","targetHints":{"allow":["GET"]}}],"collection":[{"href":"https:\/\/contrastes.com.co\/web\/wp-json\/wp\/v2\/posts"}],"about":[{"href":"https:\/\/contrastes.com.co\/web\/wp-json\/wp\/v2\/types\/post"}],"author":[{"embeddable":true,"href":"https:\/\/contrastes.com.co\/web\/wp-json\/wp\/v2\/users\/1"}],"replies":[{"embeddable":true,"href":"https:\/\/contrastes.com.co\/web\/wp-json\/wp\/v2\/comments?post=14814"}],"version-history":[{"count":0,"href":"https:\/\/contrastes.com.co\/web\/wp-json\/wp\/v2\/posts\/14814\/revisions"}],"wp:attachment":[{"href":"https:\/\/contrastes.com.co\/web\/wp-json\/wp\/v2\/media?parent=14814"}],"wp:term":[{"taxonomy":"category","embeddable":true,"href":"https:\/\/contrastes.com.co\/web\/wp-json\/wp\/v2\/categories?post=14814"},{"taxonomy":"post_tag","embeddable":true,"href":"https:\/\/contrastes.com.co\/web\/wp-json\/wp\/v2\/tags?post=14814"}],"curies":[{"name":"wp","href":"https:\/\/api.w.org\/{rel}","templated":true}]}}