{"id":14848,"date":"2023-11-26T18:44:17","date_gmt":"2023-11-26T23:44:17","guid":{"rendered":"https:\/\/contrastes.com.co\/digital\/?p=14848"},"modified":"2023-11-26T18:44:17","modified_gmt":"2023-11-26T23:44:17","slug":"en-vivo-detras-de-camara-hoy-presentamos-la-educacion-en-colombia-es-un-privilegio-2","status":"publish","type":"post","link":"https:\/\/contrastes.com.co\/web\/2023\/11\/26\/en-vivo-detras-de-camara-hoy-presentamos-la-educacion-en-colombia-es-un-privilegio-2\/","title":{"rendered":"EN VIVO: \u201cDetr\u00e1s De C\u00e1mara\u201d, Hoy Presentamos \u201cLa Inseguridad en Colombia \u00bfQu\u00e9 hacemos con eso?\u00bb"},"content":{"rendered":"<p><strong>EN VIVO: \u201cDetr\u00e1s De C\u00e1mara\u201d, Hoy Presentamos \u201cLa Inseguridad en Colombia \u00bfQu\u00e9 hacemos con eso?\u00bb<\/strong><\/p>\n<p><iframe title=\"Detr\u00e1s De C\u00e1mara, Hoy: \u201cLa Inseguridad en Colombia \u00bfQu\u00e9 hacemos con eso?&quot;\" width=\"640\" height=\"360\" src=\"https:\/\/www.youtube.com\/embed\/vWbdIKXhbRw?feature=oembed\" frameborder=\"0\" allow=\"accelerometer; autoplay; clipboard-write; encrypted-media; gyroscope; picture-in-picture; web-share\" referrerpolicy=\"strict-origin-when-cross-origin\" allowfullscreen><\/iframe><\/p>\n<p>Contrastes Televisi\u00f3n les trae <strong>\u201cDetr\u00e1s de C\u00e1mara\u201d<\/strong>, en su <strong>Segunda Temporada, Cuarta Emisi\u00f3n<\/strong>. En esta oportunidad tocamos un tema que de alguna manera u otra la inmensa mayor\u00eda de los colombianos lo hemos sufrido en carne propia o de alg\u00fan familiar, vecino o amigo, y no es m\u00e1s que el fen\u00f3meno de la Inseguridad. \u00bfNos sentimos seguros al transitar por las calles? \u00bfNos hemos vuelto paranoicos con ese tema? Al ser precisamente la inseguridad, uno de los temas que m\u00e1s nos preocupa como ciudadanos, le preguntamos a nuestros Representantes \u00bfQu\u00e9 se hace en Colombia, en materia de legislaci\u00f3n, para combatir esta situaci\u00f3n que a todos nos trae de cabeza? \u201cDetr\u00e1s de C\u00e1mara\u201d se ha convertido en muy poco tiempo en uno de los espacios m\u00e1s interesantes de la nueva televisi\u00f3n colombiana. Te invitamos a dejarnos tus comentarios y a compartir este excelente producto.<\/p>\n","protected":false},"excerpt":{"rendered":"<p>Contrastes Televisi\u00f3n les trae \u201cDetr\u00e1s de C\u00e1mara\u201d, en su Segunda Temporada, tercera emisi\u00f3n. En la fecha abordamos el tema de la Educaci\u00f3n en Colombia, las iniciativas que se cocinan en la C\u00e1mara de Representantes para que la educaci\u00f3n en el pa\u00eds sea m\u00e1s equitativa y con mayor accesibilidad. \u201cDetr\u00e1s de C\u00e1mara\u201d se ha convertido en muy poco tiempo en uno de los espacios m\u00e1s interesantes de la nueva televisi\u00f3n colombiana. Te invitamos a dejarnos tus comentarios y a compartir este excelente producto.<\/p>\n","protected":false},"author":1,"featured_media":14851,"comment_status":"open","ping_status":"open","sticky":false,"template":"","format":"standard","meta":{"footnotes":""},"categories":[4789,1490,101,24,4940],"tags":[9181,227,8571,5248],"class_list":["post-14848","post","type-post","status-publish","format-standard","has-post-thumbnail","hentry","category-congreso-de-la-republica","category-inseguridad","category-pais","category-region","category-television-web","tag-detras-de-camara","tag-camara-de-representantes","tag-contrastes-television","tag-inseguridad"],"blog_post_layout_featured_media_urls":{"thumbnail":"","full":""},"categories_names":{"4789":{"name":"Congreso de la Rep\u00fablica","link":"https:\/\/contrastes.com.co\/web\/category\/congreso-de-la-republica\/"},"1490":{"name":"Inseguridad","link":"https:\/\/contrastes.com.co\/web\/category\/inseguridad\/"},"101":{"name":"Pa\u00eds","link":"https:\/\/contrastes.com.co\/web\/category\/pais\/"},"24":{"name":"Regi\u00f3n","link":"https:\/\/contrastes.com.co\/web\/category\/region\/"},"4940":{"name":"Televisi\u00f3n-Web","link":"https:\/\/contrastes.com.co\/web\/category\/television-web\/"}},"tags_names":{"9181":{"name":"\"Detr\u00e1s de C\u00e1mara\"","link":"https:\/\/contrastes.com.co\/web\/tag\/detras-de-camara\/"},"227":{"name":"C\u00e1mara de Representantes","link":"https:\/\/contrastes.com.co\/web\/tag\/camara-de-representantes\/"},"8571":{"name":"Contrastes Televisi\u00f3n","link":"https:\/\/contrastes.com.co\/web\/tag\/contrastes-television\/"},"5248":{"name":"inseguridad","link":"https:\/\/contrastes.com.co\/web\/tag\/inseguridad\/"}},"comments_number":"0","wpmagazine_modules_lite_featured_media_urls":{"thumbnail":"","cvmm-medium":"","cvmm-medium-plus":"","cvmm-portrait":"","cvmm-medium-square":"","cvmm-large":"","cvmm-small":"","full":""},"_links":{"self":[{"href":"https:\/\/contrastes.com.co\/web\/wp-json\/wp\/v2\/posts\/14848","targetHints":{"allow":["GET"]}}],"collection":[{"href":"https:\/\/contrastes.com.co\/web\/wp-json\/wp\/v2\/posts"}],"about":[{"href":"https:\/\/contrastes.com.co\/web\/wp-json\/wp\/v2\/types\/post"}],"author":[{"embeddable":true,"href":"https:\/\/contrastes.com.co\/web\/wp-json\/wp\/v2\/users\/1"}],"replies":[{"embeddable":true,"href":"https:\/\/contrastes.com.co\/web\/wp-json\/wp\/v2\/comments?post=14848"}],"version-history":[{"count":0,"href":"https:\/\/contrastes.com.co\/web\/wp-json\/wp\/v2\/posts\/14848\/revisions"}],"wp:featuredmedia":[{"embeddable":true,"href":"https:\/\/contrastes.com.co\/web\/wp-json\/"}],"wp:attachment":[{"href":"https:\/\/contrastes.com.co\/web\/wp-json\/wp\/v2\/media?parent=14848"}],"wp:term":[{"taxonomy":"category","embeddable":true,"href":"https:\/\/contrastes.com.co\/web\/wp-json\/wp\/v2\/categories?post=14848"},{"taxonomy":"post_tag","embeddable":true,"href":"https:\/\/contrastes.com.co\/web\/wp-json\/wp\/v2\/tags?post=14848"}],"curies":[{"name":"wp","href":"https:\/\/api.w.org\/{rel}","templated":true}]}}