{"id":14871,"date":"2023-11-18T15:23:08","date_gmt":"2023-11-18T20:23:08","guid":{"rendered":"https:\/\/contrastes.com.co\/digital\/?p=14871"},"modified":"2023-11-18T15:23:08","modified_gmt":"2023-11-18T20:23:08","slug":"en-vivo-detras-de-camara-hoy-presentamos-la-diversidad-ideologica-en-el-congreso","status":"publish","type":"post","link":"https:\/\/contrastes.com.co\/web\/2023\/11\/18\/en-vivo-detras-de-camara-hoy-presentamos-la-diversidad-ideologica-en-el-congreso\/","title":{"rendered":"EN VIVO: \u201cDetr\u00e1s De C\u00e1mara\u201d, Hoy Presentamos \u201cLa diversidad ideol\u00f3gica en el Congreso\u00bb"},"content":{"rendered":"<p><strong>*EN VIVO: \u201cDetr\u00e1s De C\u00e1mara\u201d, Hoy Presentamos \u201cLa diversidad ideol\u00f3gica en el Congreso\u00bb<\/strong><\/p>\n<p><iframe title=\"EN VIVO: \u201cDetr\u00e1s De C\u00e1mara\u201d, Hoy Presentamos \u201cLa Diversidad Ideol\u00f3gica En El Congreso\u201d\" width=\"640\" height=\"360\" src=\"https:\/\/www.youtube.com\/embed\/DaZ05-oC7rg?feature=oembed\" frameborder=\"0\" allow=\"accelerometer; autoplay; clipboard-write; encrypted-media; gyroscope; picture-in-picture; web-share\" referrerpolicy=\"strict-origin-when-cross-origin\" allowfullscreen><\/iframe><\/p>\n<p>Contrastes Televisi\u00f3n les trae el primer cap\u00edtulo de la segunda temporada de \u201cDetr\u00e1s de C\u00e1mara\u201d, el programa que se ha convertido en muy poco tiempo en uno de los espacios m\u00e1s interesantes de la nueva televisi\u00f3n colombiana. Te invitamos a dejarnos tus comentarios y a compartir este excelente producto. \u00abEl Congreso de la Rep\u00fablica es como un gran sancocho de ideas y pareceres\u00bb, este es un recorrido por esta instancia legislativa en la que encontramos exponentes de todos los sectores pol\u00edticos de Colombia, tome asiento y disfrute de los siguientes 30 minutos de buena tele&#8230;<\/p>\n<p>&nbsp;<\/p>\n","protected":false},"excerpt":{"rendered":"<p>Contrastes Televisi\u00f3n les trae el primer cap\u00edtulo de la segunda temporada de \u201cDetr\u00e1s de C\u00e1mara\u201d, el programa que se ha convertido en muy poco tiempo en uno de los espacios m\u00e1s interesantes de la nueva televisi\u00f3n colombiana. Te invitamos a dejarnos tus comentarios y a compartir este excelente producto. \u00abEl Congreso de la Rep\u00fablica es como un gran sancocho de ideas y pareceres\u00bb, este es un recorrido por esta instancia legislativa en la que encontramos exponentes de todos los sectores pol\u00edticos de Colombia, tome asiento y disfrute de los siguientes 30 minutos de buena tele&#8230;\u00a0<\/p>\n","protected":false},"author":1,"featured_media":14872,"comment_status":"open","ping_status":"open","sticky":false,"template":"","format":"standard","meta":{"footnotes":""},"categories":[4789,101,203,24,4940],"tags":[9181,607,9571,9573],"class_list":["post-14871","post","type-post","status-publish","format-standard","has-post-thumbnail","hentry","category-congreso-de-la-republica","category-pais","category-politica","category-region","category-television-web","tag-detras-de-camara","tag-congreso-de-la-republica","tag-contrastestv","tag-diversidad-ideologica"],"yoast_head":"<!-- This site is optimized with the Yoast SEO plugin v27.7 - https:\/\/yoast.com\/product\/yoast-seo-wordpress\/ -->\n<title>EN VIVO: \u201cDetr\u00e1s De C\u00e1mara\u201d, Hoy Presentamos \u201cLa diversidad ideol\u00f3gica en el Congreso&quot; - Constrastes<\/title>\n<meta name=\"description\" content=\"Contrastes Televisi\u00f3n les trae el primer cap\u00edtulo de la segunda temporada de \u201cDetr\u00e1s de C\u00e1mara\u201d, el programa que se ha convertido en muy poco tiempo en uno de los espacios m\u00e1s interesantes de la nueva televisi\u00f3n colombiana. Te invitamos a dejarnos tus comentarios y a compartir este excelente producto. &quot;El Congreso de la Rep\u00fablica es como un gran sancocho de ideas y pareceres&quot;, este es un recorrido por esta instancia legislativa en la que encontramos exponentes de todos los sectores pol\u00edticos de Colombia, tome asiento y disfrute de los siguientes 30 minutos de buena tele...\u00a0\" \/>\n<meta name=\"robots\" content=\"index, follow, max-snippet:-1, max-image-preview:large, max-video-preview:-1\" \/>\n<link rel=\"canonical\" href=\"https:\/\/contrastes.com.co\/web\/2023\/11\/18\/en-vivo-detras-de-camara-hoy-presentamos-la-diversidad-ideologica-en-el-congreso\/\" \/>\n<meta property=\"og:locale\" content=\"es_ES\" \/>\n<meta property=\"og:type\" content=\"article\" \/>\n<meta property=\"og:title\" content=\"EN VIVO: \u201cDetr\u00e1s De C\u00e1mara\u201d, Hoy Presentamos \u201cLa diversidad ideol\u00f3gica en el Congreso&quot; - Constrastes\" \/>\n<meta property=\"og:description\" content=\"Contrastes Televisi\u00f3n les trae el primer cap\u00edtulo de la segunda temporada de \u201cDetr\u00e1s de C\u00e1mara\u201d, el programa que se ha convertido en muy poco tiempo en uno de los espacios m\u00e1s interesantes de la nueva televisi\u00f3n colombiana. Te invitamos a dejarnos tus comentarios y a compartir este excelente producto. &quot;El Congreso de la Rep\u00fablica es como un gran sancocho de ideas y pareceres&quot;, este es un recorrido por esta instancia legislativa en la que encontramos exponentes de todos los sectores pol\u00edticos de Colombia, tome asiento y disfrute de los siguientes 30 minutos de buena tele...\u00a0\" \/>\n<meta property=\"og:url\" content=\"https:\/\/contrastes.com.co\/web\/2023\/11\/18\/en-vivo-detras-de-camara-hoy-presentamos-la-diversidad-ideologica-en-el-congreso\/\" \/>\n<meta property=\"og:site_name\" content=\"Constrastes\" \/>\n<meta property=\"article:publisher\" content=\"https:\/\/www.facebook.com\/guillo.pantoja.1\" \/>\n<meta property=\"article:published_time\" content=\"2023-11-18T20:23:08+00:00\" \/>\n<meta name=\"author\" content=\"Editor\" \/>\n<meta name=\"twitter:card\" content=\"summary_large_image\" \/>\n<meta name=\"twitter:label1\" content=\"Escrito por\" \/>\n\t<meta name=\"twitter:data1\" content=\"Editor\" \/>\n\t<meta name=\"twitter:label2\" content=\"Tiempo de lectura\" \/>\n\t<meta name=\"twitter:data2\" content=\"1 minuto\" \/>\n<script type=\"application\/ld+json\" class=\"yoast-schema-graph\">{\"@context\":\"https:\\\/\\\/schema.org\",\"@graph\":[{\"@type\":\"Article\",\"@id\":\"https:\\\/\\\/contrastes.com.co\\\/web\\\/2023\\\/11\\\/18\\\/en-vivo-detras-de-camara-hoy-presentamos-la-diversidad-ideologica-en-el-congreso\\\/#article\",\"isPartOf\":{\"@id\":\"https:\\\/\\\/contrastes.com.co\\\/web\\\/2023\\\/11\\\/18\\\/en-vivo-detras-de-camara-hoy-presentamos-la-diversidad-ideologica-en-el-congreso\\\/\"},\"author\":{\"name\":\"Editor\",\"@id\":\"https:\\\/\\\/contrastes.com.co\\\/web\\\/#\\\/schema\\\/person\\\/62ef7a62dc4da6de450c71fc2e95ed02\"},\"headline\":\"EN VIVO: \u201cDetr\u00e1s De C\u00e1mara\u201d, Hoy Presentamos \u201cLa diversidad ideol\u00f3gica en el Congreso\u00bb\",\"datePublished\":\"2023-11-18T20:23:08+00:00\",\"mainEntityOfPage\":{\"@id\":\"https:\\\/\\\/contrastes.com.co\\\/web\\\/2023\\\/11\\\/18\\\/en-vivo-detras-de-camara-hoy-presentamos-la-diversidad-ideologica-en-el-congreso\\\/\"},\"wordCount\":146,\"commentCount\":0,\"publisher\":{\"@id\":\"https:\\\/\\\/contrastes.com.co\\\/web\\\/#organization\"},\"image\":{\"@id\":\"https:\\\/\\\/contrastes.com.co\\\/web\\\/2023\\\/11\\\/18\\\/en-vivo-detras-de-camara-hoy-presentamos-la-diversidad-ideologica-en-el-congreso\\\/#primaryimage\"},\"thumbnailUrl\":\"\",\"keywords\":[\"\\\"Detr\u00e1s de C\u00e1mara\\\"\",\"Congreso de la Rep\u00fablica\",\"ContrastesTV\",\"diversidad ideol\u00f3gica\"],\"articleSection\":[\"Congreso de la Rep\u00fablica\",\"Pa\u00eds\",\"Pol\u00edtica\",\"Regi\u00f3n\",\"Televisi\u00f3n-Web\"],\"inLanguage\":\"es\",\"potentialAction\":[{\"@type\":\"CommentAction\",\"name\":\"Comment\",\"target\":[\"https:\\\/\\\/contrastes.com.co\\\/web\\\/2023\\\/11\\\/18\\\/en-vivo-detras-de-camara-hoy-presentamos-la-diversidad-ideologica-en-el-congreso\\\/#respond\"]}]},{\"@type\":\"WebPage\",\"@id\":\"https:\\\/\\\/contrastes.com.co\\\/web\\\/2023\\\/11\\\/18\\\/en-vivo-detras-de-camara-hoy-presentamos-la-diversidad-ideologica-en-el-congreso\\\/\",\"url\":\"https:\\\/\\\/contrastes.com.co\\\/web\\\/2023\\\/11\\\/18\\\/en-vivo-detras-de-camara-hoy-presentamos-la-diversidad-ideologica-en-el-congreso\\\/\",\"name\":\"EN VIVO: \u201cDetr\u00e1s De C\u00e1mara\u201d, Hoy Presentamos \u201cLa diversidad ideol\u00f3gica en el Congreso\\\" - Constrastes\",\"isPartOf\":{\"@id\":\"https:\\\/\\\/contrastes.com.co\\\/web\\\/#website\"},\"primaryImageOfPage\":{\"@id\":\"https:\\\/\\\/contrastes.com.co\\\/web\\\/2023\\\/11\\\/18\\\/en-vivo-detras-de-camara-hoy-presentamos-la-diversidad-ideologica-en-el-congreso\\\/#primaryimage\"},\"image\":{\"@id\":\"https:\\\/\\\/contrastes.com.co\\\/web\\\/2023\\\/11\\\/18\\\/en-vivo-detras-de-camara-hoy-presentamos-la-diversidad-ideologica-en-el-congreso\\\/#primaryimage\"},\"thumbnailUrl\":\"\",\"datePublished\":\"2023-11-18T20:23:08+00:00\",\"description\":\"Contrastes Televisi\u00f3n les trae el primer cap\u00edtulo de la segunda temporada de \u201cDetr\u00e1s de C\u00e1mara\u201d, el programa que se ha convertido en muy poco tiempo en uno de los espacios m\u00e1s interesantes de la nueva televisi\u00f3n colombiana. Te invitamos a dejarnos tus comentarios y a compartir este excelente producto. \\\"El Congreso de la Rep\u00fablica es como un gran sancocho de ideas y pareceres\\\", este es un recorrido por esta instancia legislativa en la que encontramos exponentes de todos los sectores pol\u00edticos de Colombia, tome asiento y disfrute de los siguientes 30 minutos de buena tele...\u00a0\",\"breadcrumb\":{\"@id\":\"https:\\\/\\\/contrastes.com.co\\\/web\\\/2023\\\/11\\\/18\\\/en-vivo-detras-de-camara-hoy-presentamos-la-diversidad-ideologica-en-el-congreso\\\/#breadcrumb\"},\"inLanguage\":\"es\",\"potentialAction\":[{\"@type\":\"ReadAction\",\"target\":[\"https:\\\/\\\/contrastes.com.co\\\/web\\\/2023\\\/11\\\/18\\\/en-vivo-detras-de-camara-hoy-presentamos-la-diversidad-ideologica-en-el-congreso\\\/\"]}]},{\"@type\":\"ImageObject\",\"inLanguage\":\"es\",\"@id\":\"https:\\\/\\\/contrastes.com.co\\\/web\\\/2023\\\/11\\\/18\\\/en-vivo-detras-de-camara-hoy-presentamos-la-diversidad-ideologica-en-el-congreso\\\/#primaryimage\",\"url\":\"\",\"contentUrl\":\"\"},{\"@type\":\"BreadcrumbList\",\"@id\":\"https:\\\/\\\/contrastes.com.co\\\/web\\\/2023\\\/11\\\/18\\\/en-vivo-detras-de-camara-hoy-presentamos-la-diversidad-ideologica-en-el-congreso\\\/#breadcrumb\",\"itemListElement\":[{\"@type\":\"ListItem\",\"position\":1,\"name\":\"Portada\",\"item\":\"https:\\\/\\\/contrastes.com.co\\\/web\\\/\"},{\"@type\":\"ListItem\",\"position\":2,\"name\":\"EN VIVO: \u201cDetr\u00e1s De C\u00e1mara\u201d, Hoy Presentamos \u201cLa diversidad ideol\u00f3gica en el Congreso\u00bb\"}]},{\"@type\":\"WebSite\",\"@id\":\"https:\\\/\\\/contrastes.com.co\\\/web\\\/#website\",\"url\":\"https:\\\/\\\/contrastes.com.co\\\/web\\\/\",\"name\":\"Contrastes\",\"description\":\"Periodismo de Conciencia\",\"publisher\":{\"@id\":\"https:\\\/\\\/contrastes.com.co\\\/web\\\/#organization\"},\"potentialAction\":[{\"@type\":\"SearchAction\",\"target\":{\"@type\":\"EntryPoint\",\"urlTemplate\":\"https:\\\/\\\/contrastes.com.co\\\/web\\\/?s={search_term_string}\"},\"query-input\":{\"@type\":\"PropertyValueSpecification\",\"valueRequired\":true,\"valueName\":\"search_term_string\"}}],\"inLanguage\":\"es\"},{\"@type\":\"Organization\",\"@id\":\"https:\\\/\\\/contrastes.com.co\\\/web\\\/#organization\",\"name\":\"Contrastes\",\"url\":\"https:\\\/\\\/contrastes.com.co\\\/web\\\/\",\"logo\":{\"@type\":\"ImageObject\",\"inLanguage\":\"es\",\"@id\":\"https:\\\/\\\/contrastes.com.co\\\/web\\\/#\\\/schema\\\/logo\\\/image\\\/\",\"url\":\"https:\\\/\\\/contrastes.com.co\\\/web\\\/wp-content\\\/uploads\\\/2025\\\/04\\\/15CONTRASTES3.png\",\"contentUrl\":\"https:\\\/\\\/contrastes.com.co\\\/web\\\/wp-content\\\/uploads\\\/2025\\\/04\\\/15CONTRASTES3.png\",\"width\":1536,\"height\":231,\"caption\":\"Contrastes\"},\"image\":{\"@id\":\"https:\\\/\\\/contrastes.com.co\\\/web\\\/#\\\/schema\\\/logo\\\/image\\\/\"},\"sameAs\":[\"https:\\\/\\\/www.facebook.com\\\/guillo.pantoja.1\"]},{\"@type\":\"Person\",\"@id\":\"https:\\\/\\\/contrastes.com.co\\\/web\\\/#\\\/schema\\\/person\\\/62ef7a62dc4da6de450c71fc2e95ed02\",\"name\":\"Editor\",\"image\":{\"@type\":\"ImageObject\",\"inLanguage\":\"es\",\"@id\":\"https:\\\/\\\/secure.gravatar.com\\\/avatar\\\/7bbb4f718d74bbf600dc556253bb04fd7ac8593751d6e2e3b85432d98aefae80?s=96&d=mm&r=g\",\"url\":\"https:\\\/\\\/secure.gravatar.com\\\/avatar\\\/7bbb4f718d74bbf600dc556253bb04fd7ac8593751d6e2e3b85432d98aefae80?s=96&d=mm&r=g\",\"contentUrl\":\"https:\\\/\\\/secure.gravatar.com\\\/avatar\\\/7bbb4f718d74bbf600dc556253bb04fd7ac8593751d6e2e3b85432d98aefae80?s=96&d=mm&r=g\",\"caption\":\"Editor\"},\"sameAs\":[\"https:\\\/\\\/contrastes.com.co\\\/web\"],\"url\":\"https:\\\/\\\/contrastes.com.co\\\/web\\\/author\\\/jdbobadilla\\\/\"}]}<\/script>\n<!-- \/ Yoast SEO plugin. -->","yoast_head_json":{"title":"EN VIVO: \u201cDetr\u00e1s De C\u00e1mara\u201d, Hoy Presentamos \u201cLa diversidad ideol\u00f3gica en el Congreso\" - Constrastes","description":"Contrastes Televisi\u00f3n les trae el primer cap\u00edtulo de la segunda temporada de \u201cDetr\u00e1s de C\u00e1mara\u201d, el programa que se ha convertido en muy poco tiempo en uno de los espacios m\u00e1s interesantes de la nueva televisi\u00f3n colombiana. Te invitamos a dejarnos tus comentarios y a compartir este excelente producto. \"El Congreso de la Rep\u00fablica es como un gran sancocho de ideas y pareceres\", este es un recorrido por esta instancia legislativa en la que encontramos exponentes de todos los sectores pol\u00edticos de Colombia, tome asiento y disfrute de los siguientes 30 minutos de buena tele...\u00a0","robots":{"index":"index","follow":"follow","max-snippet":"max-snippet:-1","max-image-preview":"max-image-preview:large","max-video-preview":"max-video-preview:-1"},"canonical":"https:\/\/contrastes.com.co\/web\/2023\/11\/18\/en-vivo-detras-de-camara-hoy-presentamos-la-diversidad-ideologica-en-el-congreso\/","og_locale":"es_ES","og_type":"article","og_title":"EN VIVO: \u201cDetr\u00e1s De C\u00e1mara\u201d, Hoy Presentamos \u201cLa diversidad ideol\u00f3gica en el Congreso\" - Constrastes","og_description":"Contrastes Televisi\u00f3n les trae el primer cap\u00edtulo de la segunda temporada de \u201cDetr\u00e1s de C\u00e1mara\u201d, el programa que se ha convertido en muy poco tiempo en uno de los espacios m\u00e1s interesantes de la nueva televisi\u00f3n colombiana. Te invitamos a dejarnos tus comentarios y a compartir este excelente producto. \"El Congreso de la Rep\u00fablica es como un gran sancocho de ideas y pareceres\", este es un recorrido por esta instancia legislativa en la que encontramos exponentes de todos los sectores pol\u00edticos de Colombia, tome asiento y disfrute de los siguientes 30 minutos de buena tele...\u00a0","og_url":"https:\/\/contrastes.com.co\/web\/2023\/11\/18\/en-vivo-detras-de-camara-hoy-presentamos-la-diversidad-ideologica-en-el-congreso\/","og_site_name":"Constrastes","article_publisher":"https:\/\/www.facebook.com\/guillo.pantoja.1","article_published_time":"2023-11-18T20:23:08+00:00","author":"Editor","twitter_card":"summary_large_image","twitter_misc":{"Escrito por":"Editor","Tiempo de lectura":"1 minuto"},"schema":{"@context":"https:\/\/schema.org","@graph":[{"@type":"Article","@id":"https:\/\/contrastes.com.co\/web\/2023\/11\/18\/en-vivo-detras-de-camara-hoy-presentamos-la-diversidad-ideologica-en-el-congreso\/#article","isPartOf":{"@id":"https:\/\/contrastes.com.co\/web\/2023\/11\/18\/en-vivo-detras-de-camara-hoy-presentamos-la-diversidad-ideologica-en-el-congreso\/"},"author":{"name":"Editor","@id":"https:\/\/contrastes.com.co\/web\/#\/schema\/person\/62ef7a62dc4da6de450c71fc2e95ed02"},"headline":"EN VIVO: \u201cDetr\u00e1s De C\u00e1mara\u201d, Hoy Presentamos \u201cLa diversidad ideol\u00f3gica en el Congreso\u00bb","datePublished":"2023-11-18T20:23:08+00:00","mainEntityOfPage":{"@id":"https:\/\/contrastes.com.co\/web\/2023\/11\/18\/en-vivo-detras-de-camara-hoy-presentamos-la-diversidad-ideologica-en-el-congreso\/"},"wordCount":146,"commentCount":0,"publisher":{"@id":"https:\/\/contrastes.com.co\/web\/#organization"},"image":{"@id":"https:\/\/contrastes.com.co\/web\/2023\/11\/18\/en-vivo-detras-de-camara-hoy-presentamos-la-diversidad-ideologica-en-el-congreso\/#primaryimage"},"thumbnailUrl":"","keywords":["\"Detr\u00e1s de C\u00e1mara\"","Congreso de la Rep\u00fablica","ContrastesTV","diversidad ideol\u00f3gica"],"articleSection":["Congreso de la Rep\u00fablica","Pa\u00eds","Pol\u00edtica","Regi\u00f3n","Televisi\u00f3n-Web"],"inLanguage":"es","potentialAction":[{"@type":"CommentAction","name":"Comment","target":["https:\/\/contrastes.com.co\/web\/2023\/11\/18\/en-vivo-detras-de-camara-hoy-presentamos-la-diversidad-ideologica-en-el-congreso\/#respond"]}]},{"@type":"WebPage","@id":"https:\/\/contrastes.com.co\/web\/2023\/11\/18\/en-vivo-detras-de-camara-hoy-presentamos-la-diversidad-ideologica-en-el-congreso\/","url":"https:\/\/contrastes.com.co\/web\/2023\/11\/18\/en-vivo-detras-de-camara-hoy-presentamos-la-diversidad-ideologica-en-el-congreso\/","name":"EN VIVO: \u201cDetr\u00e1s De C\u00e1mara\u201d, Hoy Presentamos \u201cLa diversidad ideol\u00f3gica en el Congreso\" - Constrastes","isPartOf":{"@id":"https:\/\/contrastes.com.co\/web\/#website"},"primaryImageOfPage":{"@id":"https:\/\/contrastes.com.co\/web\/2023\/11\/18\/en-vivo-detras-de-camara-hoy-presentamos-la-diversidad-ideologica-en-el-congreso\/#primaryimage"},"image":{"@id":"https:\/\/contrastes.com.co\/web\/2023\/11\/18\/en-vivo-detras-de-camara-hoy-presentamos-la-diversidad-ideologica-en-el-congreso\/#primaryimage"},"thumbnailUrl":"","datePublished":"2023-11-18T20:23:08+00:00","description":"Contrastes Televisi\u00f3n les trae el primer cap\u00edtulo de la segunda temporada de \u201cDetr\u00e1s de C\u00e1mara\u201d, el programa que se ha convertido en muy poco tiempo en uno de los espacios m\u00e1s interesantes de la nueva televisi\u00f3n colombiana. Te invitamos a dejarnos tus comentarios y a compartir este excelente producto. \"El Congreso de la Rep\u00fablica es como un gran sancocho de ideas y pareceres\", este es un recorrido por esta instancia legislativa en la que encontramos exponentes de todos los sectores pol\u00edticos de Colombia, tome asiento y disfrute de los siguientes 30 minutos de buena tele...\u00a0","breadcrumb":{"@id":"https:\/\/contrastes.com.co\/web\/2023\/11\/18\/en-vivo-detras-de-camara-hoy-presentamos-la-diversidad-ideologica-en-el-congreso\/#breadcrumb"},"inLanguage":"es","potentialAction":[{"@type":"ReadAction","target":["https:\/\/contrastes.com.co\/web\/2023\/11\/18\/en-vivo-detras-de-camara-hoy-presentamos-la-diversidad-ideologica-en-el-congreso\/"]}]},{"@type":"ImageObject","inLanguage":"es","@id":"https:\/\/contrastes.com.co\/web\/2023\/11\/18\/en-vivo-detras-de-camara-hoy-presentamos-la-diversidad-ideologica-en-el-congreso\/#primaryimage","url":"","contentUrl":""},{"@type":"BreadcrumbList","@id":"https:\/\/contrastes.com.co\/web\/2023\/11\/18\/en-vivo-detras-de-camara-hoy-presentamos-la-diversidad-ideologica-en-el-congreso\/#breadcrumb","itemListElement":[{"@type":"ListItem","position":1,"name":"Portada","item":"https:\/\/contrastes.com.co\/web\/"},{"@type":"ListItem","position":2,"name":"EN VIVO: \u201cDetr\u00e1s De C\u00e1mara\u201d, Hoy Presentamos \u201cLa diversidad ideol\u00f3gica en el Congreso\u00bb"}]},{"@type":"WebSite","@id":"https:\/\/contrastes.com.co\/web\/#website","url":"https:\/\/contrastes.com.co\/web\/","name":"Contrastes","description":"Periodismo de Conciencia","publisher":{"@id":"https:\/\/contrastes.com.co\/web\/#organization"},"potentialAction":[{"@type":"SearchAction","target":{"@type":"EntryPoint","urlTemplate":"https:\/\/contrastes.com.co\/web\/?s={search_term_string}"},"query-input":{"@type":"PropertyValueSpecification","valueRequired":true,"valueName":"search_term_string"}}],"inLanguage":"es"},{"@type":"Organization","@id":"https:\/\/contrastes.com.co\/web\/#organization","name":"Contrastes","url":"https:\/\/contrastes.com.co\/web\/","logo":{"@type":"ImageObject","inLanguage":"es","@id":"https:\/\/contrastes.com.co\/web\/#\/schema\/logo\/image\/","url":"https:\/\/contrastes.com.co\/web\/wp-content\/uploads\/2025\/04\/15CONTRASTES3.png","contentUrl":"https:\/\/contrastes.com.co\/web\/wp-content\/uploads\/2025\/04\/15CONTRASTES3.png","width":1536,"height":231,"caption":"Contrastes"},"image":{"@id":"https:\/\/contrastes.com.co\/web\/#\/schema\/logo\/image\/"},"sameAs":["https:\/\/www.facebook.com\/guillo.pantoja.1"]},{"@type":"Person","@id":"https:\/\/contrastes.com.co\/web\/#\/schema\/person\/62ef7a62dc4da6de450c71fc2e95ed02","name":"Editor","image":{"@type":"ImageObject","inLanguage":"es","@id":"https:\/\/secure.gravatar.com\/avatar\/7bbb4f718d74bbf600dc556253bb04fd7ac8593751d6e2e3b85432d98aefae80?s=96&d=mm&r=g","url":"https:\/\/secure.gravatar.com\/avatar\/7bbb4f718d74bbf600dc556253bb04fd7ac8593751d6e2e3b85432d98aefae80?s=96&d=mm&r=g","contentUrl":"https:\/\/secure.gravatar.com\/avatar\/7bbb4f718d74bbf600dc556253bb04fd7ac8593751d6e2e3b85432d98aefae80?s=96&d=mm&r=g","caption":"Editor"},"sameAs":["https:\/\/contrastes.com.co\/web"],"url":"https:\/\/contrastes.com.co\/web\/author\/jdbobadilla\/"}]}},"blog_post_layout_featured_media_urls":{"thumbnail":"","full":""},"categories_names":{"4789":{"name":"Congreso de la Rep\u00fablica","link":"https:\/\/contrastes.com.co\/web\/category\/congreso-de-la-republica\/"},"101":{"name":"Pa\u00eds","link":"https:\/\/contrastes.com.co\/web\/category\/pais\/"},"203":{"name":"Pol\u00edtica","link":"https:\/\/contrastes.com.co\/web\/category\/politica\/"},"24":{"name":"Regi\u00f3n","link":"https:\/\/contrastes.com.co\/web\/category\/region\/"},"4940":{"name":"Televisi\u00f3n-Web","link":"https:\/\/contrastes.com.co\/web\/category\/television-web\/"}},"tags_names":{"9181":{"name":"\"Detr\u00e1s de C\u00e1mara\"","link":"https:\/\/contrastes.com.co\/web\/tag\/detras-de-camara\/"},"607":{"name":"Congreso de la Rep\u00fablica","link":"https:\/\/contrastes.com.co\/web\/tag\/congreso-de-la-republica\/"},"9571":{"name":"ContrastesTV","link":"https:\/\/contrastes.com.co\/web\/tag\/contrastestv\/"},"9573":{"name":"diversidad ideol\u00f3gica","link":"https:\/\/contrastes.com.co\/web\/tag\/diversidad-ideologica\/"}},"comments_number":"0","wpmagazine_modules_lite_featured_media_urls":{"thumbnail":"","cvmm-medium":"","cvmm-medium-plus":"","cvmm-portrait":"","cvmm-medium-square":"","cvmm-large":"","cvmm-small":"","full":""},"_links":{"self":[{"href":"https:\/\/contrastes.com.co\/web\/wp-json\/wp\/v2\/posts\/14871","targetHints":{"allow":["GET"]}}],"collection":[{"href":"https:\/\/contrastes.com.co\/web\/wp-json\/wp\/v2\/posts"}],"about":[{"href":"https:\/\/contrastes.com.co\/web\/wp-json\/wp\/v2\/types\/post"}],"author":[{"embeddable":true,"href":"https:\/\/contrastes.com.co\/web\/wp-json\/wp\/v2\/users\/1"}],"replies":[{"embeddable":true,"href":"https:\/\/contrastes.com.co\/web\/wp-json\/wp\/v2\/comments?post=14871"}],"version-history":[{"count":0,"href":"https:\/\/contrastes.com.co\/web\/wp-json\/wp\/v2\/posts\/14871\/revisions"}],"wp:attachment":[{"href":"https:\/\/contrastes.com.co\/web\/wp-json\/wp\/v2\/media?parent=14871"}],"wp:term":[{"taxonomy":"category","embeddable":true,"href":"https:\/\/contrastes.com.co\/web\/wp-json\/wp\/v2\/categories?post=14871"},{"taxonomy":"post_tag","embeddable":true,"href":"https:\/\/contrastes.com.co\/web\/wp-json\/wp\/v2\/tags?post=14871"}],"curies":[{"name":"wp","href":"https:\/\/api.w.org\/{rel}","templated":true}]}}