{"id":15026,"date":"2024-01-25T18:30:56","date_gmt":"2024-01-25T23:30:56","guid":{"rendered":"https:\/\/contrastes.com.co\/digital\/?p=15026"},"modified":"2024-01-25T18:30:56","modified_gmt":"2024-01-25T23:30:56","slug":"alcaldia-de-soledad-inicia-la-ruta-de-accion-con-pueblos-etnicos-del-municipio","status":"publish","type":"post","link":"https:\/\/contrastes.com.co\/web\/2024\/01\/25\/alcaldia-de-soledad-inicia-la-ruta-de-accion-con-pueblos-etnicos-del-municipio\/","title":{"rendered":"Alcald\u00eda de Soledad inicia la ruta de acci\u00f3n con pueblos \u00e9tnicos del municipio"},"content":{"rendered":"<p><strong>*Alcald\u00eda de Soledad inicia la ruta de acci\u00f3n con pueblos \u00e9tnicos del municipio<\/strong><\/p>\n<blockquote><p><strong>Las organizaciones de bases son fundamentales en la hoja de ruta de estos 4 a\u00f1os de gobierno, y es importante indicar que en Soledad est\u00e1n apostadas<em> comunidades Afrocolombianas, Raizales, Kankuamos, Arahuacos, Zen\u00fa, Wayu, Muiscas, entre otros, desplazados por la violencia en Colombia<\/em>, quienes se hicieron presentes a trav\u00e9s de sus l\u00edderes<\/strong><\/p><\/blockquote>\n<p><strong><img decoding=\"async\" class=\"alignleft  wp-image-8524\" src=\"https:\/\/contrastes.com.co\/digital\/wp-content\/uploads\/2022\/03\/l-capitular.png\" alt=\"l capitular\" width=\"71\" height=\"71\" \/>a Alcald\u00eda de Soledad<\/strong> realiz\u00f3 el primer encuentro de v\u00edctimas del conflicto armado pertenecientes a grupos de etnias, negritudes y pueblos nativos asentados en el municipio quienes se encuentran incluidas en la proyecci\u00f3n de trabajo que contemplar\u00e1 el <strong>plan de desarrollo Ciudad de Paz y Oportunidades de la alcaldesa Alcira Sandoval<\/strong>.<\/p>\n<p>En esta primera reuni\u00f3n celebrada en las instalaciones del <strong>Centro Regional para las V\u00edctimas<\/strong>, con el acompa\u00f1amiento de la <strong>asesora del despacho para asuntos de Comunidades Negras y Etnias, la Etnoeducadora Osiris Cassiani y el Coordinador de la Oficina de V\u00edctimas Orlando Montiel,<\/strong> se lograron articular\u00a0 los soportes de enfoque \u00e9tnico y diferencial, para as\u00ed fortalecer y dinamizar el plan de reparaci\u00f3n colectiva, caracterizaci\u00f3n de v\u00edctimas con orientaci\u00f3n de derechos y establecer la primera estrategia de paz y seguridad, para que las etnias se sientan en una sana convivencia en Soledad y consolidar la generaci\u00f3n de ingresos en la ruta del empoderamiento rural en el municipio, para la ejecuci\u00f3n de un futuro plan de acci\u00f3n con participaci\u00f3n ciudadana.<\/p>\n<p><strong>Johnny Gregorio Jim\u00e9nez Zapata, perteneciente a la etnia de los Arahuacos,<\/strong> quien es v\u00edctima de desplazamiento forzado y residente en Soledad, se mostr\u00f3 satisfecho con la participaci\u00f3n de estos pueblos en los procesos de la administraci\u00f3n y agradeci\u00f3 a la alcaldesa Alcira Sandoval por brindarles esta oportunidad de consolidar con un buen desarrollo estos pueblos y comunidades en el municipio, lo que se registra por primera vez en este territorio.<\/p>\n<p>Las organizaciones de bases son fundamentales en la hoja de ruta de estos 4 a\u00f1os de gobierno, y es importante indicar que en Soledad est\u00e1n apostadas<em> comunidades <strong>Afrocolombianas, Raizales, Kankuamos, Arahuacos, Zen\u00fa, Wayu, Muiscas, entre otros, desplazados por la violencia en Colombia<\/strong><\/em>, quienes se hicieron presentes a trav\u00e9s de sus l\u00edderes con el fin de trazar l\u00edneas estrat\u00e9gicas y formular planes y proyectos encaminados a resolver sus necesidades y mejorar su calidad de vida.<\/p>\n<p>&nbsp;<\/p>\n","protected":false},"excerpt":{"rendered":"<p>La Alcald\u00eda de Soledad realiz\u00f3 el primer encuentro de v\u00edctimas del conflicto armado pertenecientes a grupos de etnias, negritudes y pueblos nativos asentados en el municipio quienes se encuentran incluidas en la proyecci\u00f3n de trabajo que contemplar\u00e1 el plan de desarrollo Ciudad de Paz y Oportunidades de la alcaldesa Alcira Sandoval.<\/p>\n","protected":false},"author":1,"featured_media":15027,"comment_status":"open","ping_status":"open","sticky":false,"template":"","format":"standard","meta":{"footnotes":""},"categories":[29,10,23,38],"tags":[9666,27,45,9667,9668,9669,9670,9671,9672,9673,9674,51,32,9675,9676,9677,9678,9679,9680,9681],"class_list":["post-15026","post","type-post","status-publish","format-standard","has-post-thumbnail","hentry","category-alcaldia-de-soledad","category-comunidad","category-locales","category-victimas-del-conflicto-armada","tag-afrocolombianas","tag-alcaldesa-de-soledad","tag-alcira-sandoval","tag-arahuacos","tag-asesora-del-despacho-para-asuntos-de-comunidades-negras-y-etnias","tag-centro-regional-para-las-victimas","tag-coordinador-de-la-oficina-de-victimas","tag-desplazados-por-la-violencia-en-colombia","tag-etnoeducadora","tag-kankuamos","tag-muiscas","tag-municipio-de-soledad","tag-orlando-montiel","tag-osiris-cassiani","tag-plan-de-desarrollo-ciudad-de-paz-y-oportunidades","tag-pueblos-etnicos","tag-raizales","tag-ruta-de-accion","tag-wayu","tag-zenu"],"yoast_head":"<!-- This site is optimized with the Yoast SEO plugin v27.7 - https:\/\/yoast.com\/product\/yoast-seo-wordpress\/ -->\n<title>Alcald\u00eda de Soledad inicia la ruta de acci\u00f3n con pueblos \u00e9tnicos del municipio - Constrastes<\/title>\n<meta name=\"description\" content=\"La Alcald\u00eda de Soledad realiz\u00f3 el primer encuentro de v\u00edctimas del conflicto armado pertenecientes a grupos de etnias, negritudes y pueblos nativos asentados en el municipio quienes se encuentran incluidas en la proyecci\u00f3n de trabajo que contemplar\u00e1 el plan de desarrollo Ciudad de Paz y Oportunidades de la alcaldesa Alcira Sandoval.\" \/>\n<meta name=\"robots\" content=\"index, follow, max-snippet:-1, max-image-preview:large, max-video-preview:-1\" \/>\n<link rel=\"canonical\" href=\"https:\/\/contrastes.com.co\/web\/2024\/01\/25\/alcaldia-de-soledad-inicia-la-ruta-de-accion-con-pueblos-etnicos-del-municipio\/\" \/>\n<meta property=\"og:locale\" content=\"es_ES\" \/>\n<meta property=\"og:type\" content=\"article\" \/>\n<meta property=\"og:title\" content=\"Alcald\u00eda de Soledad inicia la ruta de acci\u00f3n con pueblos \u00e9tnicos del municipio - Constrastes\" \/>\n<meta property=\"og:description\" content=\"La Alcald\u00eda de Soledad realiz\u00f3 el primer encuentro de v\u00edctimas del conflicto armado pertenecientes a grupos de etnias, negritudes y pueblos nativos asentados en el municipio quienes se encuentran incluidas en la proyecci\u00f3n de trabajo que contemplar\u00e1 el plan de desarrollo Ciudad de Paz y Oportunidades de la alcaldesa Alcira Sandoval.\" \/>\n<meta property=\"og:url\" content=\"https:\/\/contrastes.com.co\/web\/2024\/01\/25\/alcaldia-de-soledad-inicia-la-ruta-de-accion-con-pueblos-etnicos-del-municipio\/\" \/>\n<meta property=\"og:site_name\" content=\"Constrastes\" \/>\n<meta property=\"article:publisher\" content=\"https:\/\/www.facebook.com\/guillo.pantoja.1\" \/>\n<meta property=\"article:published_time\" content=\"2024-01-25T23:30:56+00:00\" \/>\n<meta property=\"og:image\" content=\"https:\/\/contrastes.com.co\/web\/wp-content\/uploads\/2024\/01\/victimasoledad24.jpg\" \/>\n\t<meta property=\"og:image:width\" content=\"1200\" \/>\n\t<meta property=\"og:image:height\" content=\"783\" \/>\n\t<meta property=\"og:image:type\" content=\"image\/jpeg\" \/>\n<meta name=\"author\" content=\"Editor\" \/>\n<meta name=\"twitter:card\" content=\"summary_large_image\" \/>\n<meta name=\"twitter:label1\" content=\"Escrito por\" \/>\n\t<meta name=\"twitter:data1\" content=\"Editor\" \/>\n\t<meta name=\"twitter:label2\" content=\"Tiempo de lectura\" \/>\n\t<meta name=\"twitter:data2\" content=\"2 minutos\" \/>\n<script type=\"application\/ld+json\" class=\"yoast-schema-graph\">{\"@context\":\"https:\\\/\\\/schema.org\",\"@graph\":[{\"@type\":\"Article\",\"@id\":\"https:\\\/\\\/contrastes.com.co\\\/web\\\/2024\\\/01\\\/25\\\/alcaldia-de-soledad-inicia-la-ruta-de-accion-con-pueblos-etnicos-del-municipio\\\/#article\",\"isPartOf\":{\"@id\":\"https:\\\/\\\/contrastes.com.co\\\/web\\\/2024\\\/01\\\/25\\\/alcaldia-de-soledad-inicia-la-ruta-de-accion-con-pueblos-etnicos-del-municipio\\\/\"},\"author\":{\"name\":\"Editor\",\"@id\":\"https:\\\/\\\/contrastes.com.co\\\/web\\\/#\\\/schema\\\/person\\\/62ef7a62dc4da6de450c71fc2e95ed02\"},\"headline\":\"Alcald\u00eda de Soledad inicia la ruta de acci\u00f3n con pueblos \u00e9tnicos del municipio\",\"datePublished\":\"2024-01-25T23:30:56+00:00\",\"mainEntityOfPage\":{\"@id\":\"https:\\\/\\\/contrastes.com.co\\\/web\\\/2024\\\/01\\\/25\\\/alcaldia-de-soledad-inicia-la-ruta-de-accion-con-pueblos-etnicos-del-municipio\\\/\"},\"wordCount\":422,\"commentCount\":0,\"publisher\":{\"@id\":\"https:\\\/\\\/contrastes.com.co\\\/web\\\/#organization\"},\"image\":{\"@id\":\"https:\\\/\\\/contrastes.com.co\\\/web\\\/2024\\\/01\\\/25\\\/alcaldia-de-soledad-inicia-la-ruta-de-accion-con-pueblos-etnicos-del-municipio\\\/#primaryimage\"},\"thumbnailUrl\":\"https:\\\/\\\/contrastes.com.co\\\/web\\\/wp-content\\\/uploads\\\/2024\\\/01\\\/victimasoledad24.jpg\",\"keywords\":[\"Afrocolombianas\",\"alcaldesa de Soledad\",\"Alcira Sandoval\",\"Arahuacos\",\"Asesora del despacho para asuntos de Comunidades Negras y Etnias\",\"Centro Regional para las V\u00edctimas\",\"Coordinador de la Oficina de V\u00edctimas\",\"desplazados por la violencia en Colombia\",\"Etnoeducadora\",\"Kankuamos\",\"Muiscas\",\"municipio de soledad\",\"Orlando Montiel\",\"Osiris Cassiani\",\"Plan de Desarrollo Ciudad de Paz y Oportunidades\",\"pueblos \u00e9tnicos\",\"Raizales\",\"ruta de acci\u00f3n\",\"Wayu\",\"Zen\u00fa\"],\"articleSection\":[\"Alcald\u00eda de Soledad\",\"Comunidad\",\"Locales\",\"V\u00edctimas del conflicto armada\"],\"inLanguage\":\"es\",\"potentialAction\":[{\"@type\":\"CommentAction\",\"name\":\"Comment\",\"target\":[\"https:\\\/\\\/contrastes.com.co\\\/web\\\/2024\\\/01\\\/25\\\/alcaldia-de-soledad-inicia-la-ruta-de-accion-con-pueblos-etnicos-del-municipio\\\/#respond\"]}]},{\"@type\":\"WebPage\",\"@id\":\"https:\\\/\\\/contrastes.com.co\\\/web\\\/2024\\\/01\\\/25\\\/alcaldia-de-soledad-inicia-la-ruta-de-accion-con-pueblos-etnicos-del-municipio\\\/\",\"url\":\"https:\\\/\\\/contrastes.com.co\\\/web\\\/2024\\\/01\\\/25\\\/alcaldia-de-soledad-inicia-la-ruta-de-accion-con-pueblos-etnicos-del-municipio\\\/\",\"name\":\"Alcald\u00eda de Soledad inicia la ruta de acci\u00f3n con pueblos \u00e9tnicos del municipio - Constrastes\",\"isPartOf\":{\"@id\":\"https:\\\/\\\/contrastes.com.co\\\/web\\\/#website\"},\"primaryImageOfPage\":{\"@id\":\"https:\\\/\\\/contrastes.com.co\\\/web\\\/2024\\\/01\\\/25\\\/alcaldia-de-soledad-inicia-la-ruta-de-accion-con-pueblos-etnicos-del-municipio\\\/#primaryimage\"},\"image\":{\"@id\":\"https:\\\/\\\/contrastes.com.co\\\/web\\\/2024\\\/01\\\/25\\\/alcaldia-de-soledad-inicia-la-ruta-de-accion-con-pueblos-etnicos-del-municipio\\\/#primaryimage\"},\"thumbnailUrl\":\"https:\\\/\\\/contrastes.com.co\\\/web\\\/wp-content\\\/uploads\\\/2024\\\/01\\\/victimasoledad24.jpg\",\"datePublished\":\"2024-01-25T23:30:56+00:00\",\"description\":\"La Alcald\u00eda de Soledad realiz\u00f3 el primer encuentro de v\u00edctimas del conflicto armado pertenecientes a grupos de etnias, negritudes y pueblos nativos asentados en el municipio quienes se encuentran incluidas en la proyecci\u00f3n de trabajo que contemplar\u00e1 el plan de desarrollo Ciudad de Paz y Oportunidades de la alcaldesa Alcira Sandoval.\",\"breadcrumb\":{\"@id\":\"https:\\\/\\\/contrastes.com.co\\\/web\\\/2024\\\/01\\\/25\\\/alcaldia-de-soledad-inicia-la-ruta-de-accion-con-pueblos-etnicos-del-municipio\\\/#breadcrumb\"},\"inLanguage\":\"es\",\"potentialAction\":[{\"@type\":\"ReadAction\",\"target\":[\"https:\\\/\\\/contrastes.com.co\\\/web\\\/2024\\\/01\\\/25\\\/alcaldia-de-soledad-inicia-la-ruta-de-accion-con-pueblos-etnicos-del-municipio\\\/\"]}]},{\"@type\":\"ImageObject\",\"inLanguage\":\"es\",\"@id\":\"https:\\\/\\\/contrastes.com.co\\\/web\\\/2024\\\/01\\\/25\\\/alcaldia-de-soledad-inicia-la-ruta-de-accion-con-pueblos-etnicos-del-municipio\\\/#primaryimage\",\"url\":\"https:\\\/\\\/contrastes.com.co\\\/web\\\/wp-content\\\/uploads\\\/2024\\\/01\\\/victimasoledad24.jpg\",\"contentUrl\":\"https:\\\/\\\/contrastes.com.co\\\/web\\\/wp-content\\\/uploads\\\/2024\\\/01\\\/victimasoledad24.jpg\",\"width\":1200,\"height\":783,\"caption\":\"victimas24sol\"},{\"@type\":\"BreadcrumbList\",\"@id\":\"https:\\\/\\\/contrastes.com.co\\\/web\\\/2024\\\/01\\\/25\\\/alcaldia-de-soledad-inicia-la-ruta-de-accion-con-pueblos-etnicos-del-municipio\\\/#breadcrumb\",\"itemListElement\":[{\"@type\":\"ListItem\",\"position\":1,\"name\":\"Portada\",\"item\":\"https:\\\/\\\/contrastes.com.co\\\/web\\\/\"},{\"@type\":\"ListItem\",\"position\":2,\"name\":\"Alcald\u00eda de Soledad inicia la ruta de acci\u00f3n con pueblos \u00e9tnicos del municipio\"}]},{\"@type\":\"WebSite\",\"@id\":\"https:\\\/\\\/contrastes.com.co\\\/web\\\/#website\",\"url\":\"https:\\\/\\\/contrastes.com.co\\\/web\\\/\",\"name\":\"Contrastes\",\"description\":\"Periodismo de Conciencia\",\"publisher\":{\"@id\":\"https:\\\/\\\/contrastes.com.co\\\/web\\\/#organization\"},\"potentialAction\":[{\"@type\":\"SearchAction\",\"target\":{\"@type\":\"EntryPoint\",\"urlTemplate\":\"https:\\\/\\\/contrastes.com.co\\\/web\\\/?s={search_term_string}\"},\"query-input\":{\"@type\":\"PropertyValueSpecification\",\"valueRequired\":true,\"valueName\":\"search_term_string\"}}],\"inLanguage\":\"es\"},{\"@type\":\"Organization\",\"@id\":\"https:\\\/\\\/contrastes.com.co\\\/web\\\/#organization\",\"name\":\"Contrastes\",\"url\":\"https:\\\/\\\/contrastes.com.co\\\/web\\\/\",\"logo\":{\"@type\":\"ImageObject\",\"inLanguage\":\"es\",\"@id\":\"https:\\\/\\\/contrastes.com.co\\\/web\\\/#\\\/schema\\\/logo\\\/image\\\/\",\"url\":\"https:\\\/\\\/contrastes.com.co\\\/web\\\/wp-content\\\/uploads\\\/2025\\\/04\\\/15CONTRASTES3.png\",\"contentUrl\":\"https:\\\/\\\/contrastes.com.co\\\/web\\\/wp-content\\\/uploads\\\/2025\\\/04\\\/15CONTRASTES3.png\",\"width\":1536,\"height\":231,\"caption\":\"Contrastes\"},\"image\":{\"@id\":\"https:\\\/\\\/contrastes.com.co\\\/web\\\/#\\\/schema\\\/logo\\\/image\\\/\"},\"sameAs\":[\"https:\\\/\\\/www.facebook.com\\\/guillo.pantoja.1\"]},{\"@type\":\"Person\",\"@id\":\"https:\\\/\\\/contrastes.com.co\\\/web\\\/#\\\/schema\\\/person\\\/62ef7a62dc4da6de450c71fc2e95ed02\",\"name\":\"Editor\",\"image\":{\"@type\":\"ImageObject\",\"inLanguage\":\"es\",\"@id\":\"https:\\\/\\\/secure.gravatar.com\\\/avatar\\\/7bbb4f718d74bbf600dc556253bb04fd7ac8593751d6e2e3b85432d98aefae80?s=96&d=mm&r=g\",\"url\":\"https:\\\/\\\/secure.gravatar.com\\\/avatar\\\/7bbb4f718d74bbf600dc556253bb04fd7ac8593751d6e2e3b85432d98aefae80?s=96&d=mm&r=g\",\"contentUrl\":\"https:\\\/\\\/secure.gravatar.com\\\/avatar\\\/7bbb4f718d74bbf600dc556253bb04fd7ac8593751d6e2e3b85432d98aefae80?s=96&d=mm&r=g\",\"caption\":\"Editor\"},\"sameAs\":[\"https:\\\/\\\/contrastes.com.co\\\/web\"],\"url\":\"https:\\\/\\\/contrastes.com.co\\\/web\\\/author\\\/jdbobadilla\\\/\"}]}<\/script>\n<!-- \/ Yoast SEO plugin. -->","yoast_head_json":{"title":"Alcald\u00eda de Soledad inicia la ruta de acci\u00f3n con pueblos \u00e9tnicos del municipio - Constrastes","description":"La Alcald\u00eda de Soledad realiz\u00f3 el primer encuentro de v\u00edctimas del conflicto armado pertenecientes a grupos de etnias, negritudes y pueblos nativos asentados en el municipio quienes se encuentran incluidas en la proyecci\u00f3n de trabajo que contemplar\u00e1 el plan de desarrollo Ciudad de Paz y Oportunidades de la alcaldesa Alcira Sandoval.","robots":{"index":"index","follow":"follow","max-snippet":"max-snippet:-1","max-image-preview":"max-image-preview:large","max-video-preview":"max-video-preview:-1"},"canonical":"https:\/\/contrastes.com.co\/web\/2024\/01\/25\/alcaldia-de-soledad-inicia-la-ruta-de-accion-con-pueblos-etnicos-del-municipio\/","og_locale":"es_ES","og_type":"article","og_title":"Alcald\u00eda de Soledad inicia la ruta de acci\u00f3n con pueblos \u00e9tnicos del municipio - Constrastes","og_description":"La Alcald\u00eda de Soledad realiz\u00f3 el primer encuentro de v\u00edctimas del conflicto armado pertenecientes a grupos de etnias, negritudes y pueblos nativos asentados en el municipio quienes se encuentran incluidas en la proyecci\u00f3n de trabajo que contemplar\u00e1 el plan de desarrollo Ciudad de Paz y Oportunidades de la alcaldesa Alcira Sandoval.","og_url":"https:\/\/contrastes.com.co\/web\/2024\/01\/25\/alcaldia-de-soledad-inicia-la-ruta-de-accion-con-pueblos-etnicos-del-municipio\/","og_site_name":"Constrastes","article_publisher":"https:\/\/www.facebook.com\/guillo.pantoja.1","article_published_time":"2024-01-25T23:30:56+00:00","og_image":[{"width":1200,"height":783,"url":"https:\/\/contrastes.com.co\/web\/wp-content\/uploads\/2024\/01\/victimasoledad24.jpg","type":"image\/jpeg"}],"author":"Editor","twitter_card":"summary_large_image","twitter_misc":{"Escrito por":"Editor","Tiempo de lectura":"2 minutos"},"schema":{"@context":"https:\/\/schema.org","@graph":[{"@type":"Article","@id":"https:\/\/contrastes.com.co\/web\/2024\/01\/25\/alcaldia-de-soledad-inicia-la-ruta-de-accion-con-pueblos-etnicos-del-municipio\/#article","isPartOf":{"@id":"https:\/\/contrastes.com.co\/web\/2024\/01\/25\/alcaldia-de-soledad-inicia-la-ruta-de-accion-con-pueblos-etnicos-del-municipio\/"},"author":{"name":"Editor","@id":"https:\/\/contrastes.com.co\/web\/#\/schema\/person\/62ef7a62dc4da6de450c71fc2e95ed02"},"headline":"Alcald\u00eda de Soledad inicia la ruta de acci\u00f3n con pueblos \u00e9tnicos del municipio","datePublished":"2024-01-25T23:30:56+00:00","mainEntityOfPage":{"@id":"https:\/\/contrastes.com.co\/web\/2024\/01\/25\/alcaldia-de-soledad-inicia-la-ruta-de-accion-con-pueblos-etnicos-del-municipio\/"},"wordCount":422,"commentCount":0,"publisher":{"@id":"https:\/\/contrastes.com.co\/web\/#organization"},"image":{"@id":"https:\/\/contrastes.com.co\/web\/2024\/01\/25\/alcaldia-de-soledad-inicia-la-ruta-de-accion-con-pueblos-etnicos-del-municipio\/#primaryimage"},"thumbnailUrl":"https:\/\/contrastes.com.co\/web\/wp-content\/uploads\/2024\/01\/victimasoledad24.jpg","keywords":["Afrocolombianas","alcaldesa de Soledad","Alcira Sandoval","Arahuacos","Asesora del despacho para asuntos de Comunidades Negras y Etnias","Centro Regional para las V\u00edctimas","Coordinador de la Oficina de V\u00edctimas","desplazados por la violencia en Colombia","Etnoeducadora","Kankuamos","Muiscas","municipio de soledad","Orlando Montiel","Osiris Cassiani","Plan de Desarrollo Ciudad de Paz y Oportunidades","pueblos \u00e9tnicos","Raizales","ruta de acci\u00f3n","Wayu","Zen\u00fa"],"articleSection":["Alcald\u00eda de Soledad","Comunidad","Locales","V\u00edctimas del conflicto armada"],"inLanguage":"es","potentialAction":[{"@type":"CommentAction","name":"Comment","target":["https:\/\/contrastes.com.co\/web\/2024\/01\/25\/alcaldia-de-soledad-inicia-la-ruta-de-accion-con-pueblos-etnicos-del-municipio\/#respond"]}]},{"@type":"WebPage","@id":"https:\/\/contrastes.com.co\/web\/2024\/01\/25\/alcaldia-de-soledad-inicia-la-ruta-de-accion-con-pueblos-etnicos-del-municipio\/","url":"https:\/\/contrastes.com.co\/web\/2024\/01\/25\/alcaldia-de-soledad-inicia-la-ruta-de-accion-con-pueblos-etnicos-del-municipio\/","name":"Alcald\u00eda de Soledad inicia la ruta de acci\u00f3n con pueblos \u00e9tnicos del municipio - Constrastes","isPartOf":{"@id":"https:\/\/contrastes.com.co\/web\/#website"},"primaryImageOfPage":{"@id":"https:\/\/contrastes.com.co\/web\/2024\/01\/25\/alcaldia-de-soledad-inicia-la-ruta-de-accion-con-pueblos-etnicos-del-municipio\/#primaryimage"},"image":{"@id":"https:\/\/contrastes.com.co\/web\/2024\/01\/25\/alcaldia-de-soledad-inicia-la-ruta-de-accion-con-pueblos-etnicos-del-municipio\/#primaryimage"},"thumbnailUrl":"https:\/\/contrastes.com.co\/web\/wp-content\/uploads\/2024\/01\/victimasoledad24.jpg","datePublished":"2024-01-25T23:30:56+00:00","description":"La Alcald\u00eda de Soledad realiz\u00f3 el primer encuentro de v\u00edctimas del conflicto armado pertenecientes a grupos de etnias, negritudes y pueblos nativos asentados en el municipio quienes se encuentran incluidas en la proyecci\u00f3n de trabajo que contemplar\u00e1 el plan de desarrollo Ciudad de Paz y Oportunidades de la alcaldesa Alcira Sandoval.","breadcrumb":{"@id":"https:\/\/contrastes.com.co\/web\/2024\/01\/25\/alcaldia-de-soledad-inicia-la-ruta-de-accion-con-pueblos-etnicos-del-municipio\/#breadcrumb"},"inLanguage":"es","potentialAction":[{"@type":"ReadAction","target":["https:\/\/contrastes.com.co\/web\/2024\/01\/25\/alcaldia-de-soledad-inicia-la-ruta-de-accion-con-pueblos-etnicos-del-municipio\/"]}]},{"@type":"ImageObject","inLanguage":"es","@id":"https:\/\/contrastes.com.co\/web\/2024\/01\/25\/alcaldia-de-soledad-inicia-la-ruta-de-accion-con-pueblos-etnicos-del-municipio\/#primaryimage","url":"https:\/\/contrastes.com.co\/web\/wp-content\/uploads\/2024\/01\/victimasoledad24.jpg","contentUrl":"https:\/\/contrastes.com.co\/web\/wp-content\/uploads\/2024\/01\/victimasoledad24.jpg","width":1200,"height":783,"caption":"victimas24sol"},{"@type":"BreadcrumbList","@id":"https:\/\/contrastes.com.co\/web\/2024\/01\/25\/alcaldia-de-soledad-inicia-la-ruta-de-accion-con-pueblos-etnicos-del-municipio\/#breadcrumb","itemListElement":[{"@type":"ListItem","position":1,"name":"Portada","item":"https:\/\/contrastes.com.co\/web\/"},{"@type":"ListItem","position":2,"name":"Alcald\u00eda de Soledad inicia la ruta de acci\u00f3n con pueblos \u00e9tnicos del municipio"}]},{"@type":"WebSite","@id":"https:\/\/contrastes.com.co\/web\/#website","url":"https:\/\/contrastes.com.co\/web\/","name":"Contrastes","description":"Periodismo de Conciencia","publisher":{"@id":"https:\/\/contrastes.com.co\/web\/#organization"},"potentialAction":[{"@type":"SearchAction","target":{"@type":"EntryPoint","urlTemplate":"https:\/\/contrastes.com.co\/web\/?s={search_term_string}"},"query-input":{"@type":"PropertyValueSpecification","valueRequired":true,"valueName":"search_term_string"}}],"inLanguage":"es"},{"@type":"Organization","@id":"https:\/\/contrastes.com.co\/web\/#organization","name":"Contrastes","url":"https:\/\/contrastes.com.co\/web\/","logo":{"@type":"ImageObject","inLanguage":"es","@id":"https:\/\/contrastes.com.co\/web\/#\/schema\/logo\/image\/","url":"https:\/\/contrastes.com.co\/web\/wp-content\/uploads\/2025\/04\/15CONTRASTES3.png","contentUrl":"https:\/\/contrastes.com.co\/web\/wp-content\/uploads\/2025\/04\/15CONTRASTES3.png","width":1536,"height":231,"caption":"Contrastes"},"image":{"@id":"https:\/\/contrastes.com.co\/web\/#\/schema\/logo\/image\/"},"sameAs":["https:\/\/www.facebook.com\/guillo.pantoja.1"]},{"@type":"Person","@id":"https:\/\/contrastes.com.co\/web\/#\/schema\/person\/62ef7a62dc4da6de450c71fc2e95ed02","name":"Editor","image":{"@type":"ImageObject","inLanguage":"es","@id":"https:\/\/secure.gravatar.com\/avatar\/7bbb4f718d74bbf600dc556253bb04fd7ac8593751d6e2e3b85432d98aefae80?s=96&d=mm&r=g","url":"https:\/\/secure.gravatar.com\/avatar\/7bbb4f718d74bbf600dc556253bb04fd7ac8593751d6e2e3b85432d98aefae80?s=96&d=mm&r=g","contentUrl":"https:\/\/secure.gravatar.com\/avatar\/7bbb4f718d74bbf600dc556253bb04fd7ac8593751d6e2e3b85432d98aefae80?s=96&d=mm&r=g","caption":"Editor"},"sameAs":["https:\/\/contrastes.com.co\/web"],"url":"https:\/\/contrastes.com.co\/web\/author\/jdbobadilla\/"}]}},"blog_post_layout_featured_media_urls":{"thumbnail":["https:\/\/contrastes.com.co\/web\/wp-content\/uploads\/2024\/01\/victimasoledad24-150x150.jpg",150,150,true],"full":["https:\/\/contrastes.com.co\/web\/wp-content\/uploads\/2024\/01\/victimasoledad24.jpg",1200,783,false]},"categories_names":{"29":{"name":"Alcald\u00eda de Soledad","link":"https:\/\/contrastes.com.co\/web\/category\/alcaldia-de-soledad\/"},"10":{"name":"Comunidad","link":"https:\/\/contrastes.com.co\/web\/category\/comunidad\/"},"23":{"name":"Locales","link":"https:\/\/contrastes.com.co\/web\/category\/locales\/"},"38":{"name":"V\u00edctimas del conflicto armada","link":"https:\/\/contrastes.com.co\/web\/category\/victimas-del-conflicto-armada\/"}},"tags_names":{"9666":{"name":"Afrocolombianas","link":"https:\/\/contrastes.com.co\/web\/tag\/afrocolombianas\/"},"27":{"name":"alcaldesa de Soledad","link":"https:\/\/contrastes.com.co\/web\/tag\/alcaldesa-de-soledad\/"},"45":{"name":"Alcira Sandoval","link":"https:\/\/contrastes.com.co\/web\/tag\/alcira-sandoval\/"},"9667":{"name":"Arahuacos","link":"https:\/\/contrastes.com.co\/web\/tag\/arahuacos\/"},"9668":{"name":"Asesora del despacho para asuntos de Comunidades Negras y Etnias","link":"https:\/\/contrastes.com.co\/web\/tag\/asesora-del-despacho-para-asuntos-de-comunidades-negras-y-etnias\/"},"9669":{"name":"Centro Regional para las V\u00edctimas","link":"https:\/\/contrastes.com.co\/web\/tag\/centro-regional-para-las-victimas\/"},"9670":{"name":"Coordinador de la Oficina de V\u00edctimas","link":"https:\/\/contrastes.com.co\/web\/tag\/coordinador-de-la-oficina-de-victimas\/"},"9671":{"name":"desplazados por la violencia en Colombia","link":"https:\/\/contrastes.com.co\/web\/tag\/desplazados-por-la-violencia-en-colombia\/"},"9672":{"name":"Etnoeducadora","link":"https:\/\/contrastes.com.co\/web\/tag\/etnoeducadora\/"},"9673":{"name":"Kankuamos","link":"https:\/\/contrastes.com.co\/web\/tag\/kankuamos\/"},"9674":{"name":"Muiscas","link":"https:\/\/contrastes.com.co\/web\/tag\/muiscas\/"},"51":{"name":"municipio de soledad","link":"https:\/\/contrastes.com.co\/web\/tag\/municipio-de-soledad\/"},"32":{"name":"Orlando Montiel","link":"https:\/\/contrastes.com.co\/web\/tag\/orlando-montiel\/"},"9675":{"name":"Osiris Cassiani","link":"https:\/\/contrastes.com.co\/web\/tag\/osiris-cassiani\/"},"9676":{"name":"Plan de Desarrollo Ciudad de Paz y Oportunidades","link":"https:\/\/contrastes.com.co\/web\/tag\/plan-de-desarrollo-ciudad-de-paz-y-oportunidades\/"},"9677":{"name":"pueblos \u00e9tnicos","link":"https:\/\/contrastes.com.co\/web\/tag\/pueblos-etnicos\/"},"9678":{"name":"Raizales","link":"https:\/\/contrastes.com.co\/web\/tag\/raizales\/"},"9679":{"name":"ruta de acci\u00f3n","link":"https:\/\/contrastes.com.co\/web\/tag\/ruta-de-accion\/"},"9680":{"name":"Wayu","link":"https:\/\/contrastes.com.co\/web\/tag\/wayu\/"},"9681":{"name":"Zen\u00fa","link":"https:\/\/contrastes.com.co\/web\/tag\/zenu\/"}},"comments_number":"0","wpmagazine_modules_lite_featured_media_urls":{"thumbnail":["https:\/\/contrastes.com.co\/web\/wp-content\/uploads\/2024\/01\/victimasoledad24-150x150.jpg",150,150,true],"cvmm-medium":["https:\/\/contrastes.com.co\/web\/wp-content\/uploads\/2024\/01\/victimasoledad24.jpg",300,196,false],"cvmm-medium-plus":["https:\/\/contrastes.com.co\/web\/wp-content\/uploads\/2024\/01\/victimasoledad24.jpg",305,199,false],"cvmm-portrait":["https:\/\/contrastes.com.co\/web\/wp-content\/uploads\/2024\/01\/victimasoledad24.jpg",400,261,false],"cvmm-medium-square":["https:\/\/contrastes.com.co\/web\/wp-content\/uploads\/2024\/01\/victimasoledad24.jpg",600,392,false],"cvmm-large":["https:\/\/contrastes.com.co\/web\/wp-content\/uploads\/2024\/01\/victimasoledad24.jpg",1024,668,false],"cvmm-small":["https:\/\/contrastes.com.co\/web\/wp-content\/uploads\/2024\/01\/victimasoledad24.jpg",130,85,false],"full":["https:\/\/contrastes.com.co\/web\/wp-content\/uploads\/2024\/01\/victimasoledad24.jpg",1200,783,false]},"_links":{"self":[{"href":"https:\/\/contrastes.com.co\/web\/wp-json\/wp\/v2\/posts\/15026","targetHints":{"allow":["GET"]}}],"collection":[{"href":"https:\/\/contrastes.com.co\/web\/wp-json\/wp\/v2\/posts"}],"about":[{"href":"https:\/\/contrastes.com.co\/web\/wp-json\/wp\/v2\/types\/post"}],"author":[{"embeddable":true,"href":"https:\/\/contrastes.com.co\/web\/wp-json\/wp\/v2\/users\/1"}],"replies":[{"embeddable":true,"href":"https:\/\/contrastes.com.co\/web\/wp-json\/wp\/v2\/comments?post=15026"}],"version-history":[{"count":0,"href":"https:\/\/contrastes.com.co\/web\/wp-json\/wp\/v2\/posts\/15026\/revisions"}],"wp:featuredmedia":[{"embeddable":true,"href":"https:\/\/contrastes.com.co\/web\/wp-json\/wp\/v2\/media\/15027"}],"wp:attachment":[{"href":"https:\/\/contrastes.com.co\/web\/wp-json\/wp\/v2\/media?parent=15026"}],"wp:term":[{"taxonomy":"category","embeddable":true,"href":"https:\/\/contrastes.com.co\/web\/wp-json\/wp\/v2\/categories?post=15026"},{"taxonomy":"post_tag","embeddable":true,"href":"https:\/\/contrastes.com.co\/web\/wp-json\/wp\/v2\/tags?post=15026"}],"curies":[{"name":"wp","href":"https:\/\/api.w.org\/{rel}","templated":true}]}}