{"id":15100,"date":"2024-02-02T14:22:48","date_gmt":"2024-02-02T19:22:48","guid":{"rendered":"https:\/\/contrastes.com.co\/digital\/?p=15100"},"modified":"2024-02-02T14:22:48","modified_gmt":"2024-02-02T19:22:48","slug":"soledad-avanza-con-su-agenda-carnavalera","status":"publish","type":"post","link":"https:\/\/contrastes.com.co\/web\/2024\/02\/02\/soledad-avanza-con-su-agenda-carnavalera\/","title":{"rendered":"Soledad avanza con su agenda carnavalera"},"content":{"rendered":"<p><strong>*Soledad avanza con su agenda carnavalera<\/strong><\/p>\n<blockquote><p><strong>*Los Reyes infantiles de Soledad, cautivaron con su presentaci\u00f3n \u201cUn m\u00e1gico viaje a trav\u00e9s de la tradici\u00f3n\u201d *Mar\u00eda Victoria Vargas, de Soledad, quiere ser la pr\u00f3xima Reina del Carnaval Interdepartamental.<\/strong><\/p><\/blockquote>\n<p><img decoding=\"async\" class=\"alignleft  wp-image-8529\" src=\"https:\/\/contrastes.com.co\/digital\/wp-content\/uploads\/2022\/03\/e-capitular.png\" alt=\"e capitular\" width=\"81\" height=\"81\" \/>l pueblo solede\u00f1o sigue disfrutando de los diferentes eventos en torno al carnaval y su vez, la administraci\u00f3n municipal, ha garantizado la realizaci\u00f3n de los mismos, mientras contin\u00faa en la tarea de sensibilizar a la comunidad en general a vivir las fiestas con respeto, tolerancia y en paz.<\/p>\n<p>Este a\u00f1o la <strong>coronaci\u00f3n de los reyes infantiles,<\/strong> se dio en medio de un espectacular show, denominado \u201cDeseos, un m\u00e1gico viaje a trav\u00e9s de la tradici\u00f3n\u00bb evocando el sue\u00f1o de los reyes infantiles de la tierra de la butifarra, <strong>Lauren Sof\u00eda Zarate y Emanuel Coronell,<\/strong> quienes protagonizaron un viaje, art\u00edstico- musical sin precedentes, d\u00f3nde mostraron al p\u00fablico presente las tradiciones e idiosincrasia propia del caribe colombiano y el mundo. La alegr\u00eda de los reyes infantiles de Soledad, contagi\u00f3 a todos los ni\u00f1os del municipio.<\/p>\n<figure id=\"attachment_15102\" aria-describedby=\"caption-attachment-15102\" style=\"width: 1200px\" class=\"wp-caption aligncenter\"><img fetchpriority=\"high\" decoding=\"async\" class=\"wp-image-15102 size-full\" src=\"https:\/\/contrastes.com.co\/web\/wp-content\/uploads\/2024\/02\/infan2024car.jpg\" alt=\"infan2024car\" width=\"1200\" height=\"810\" srcset=\"https:\/\/contrastes.com.co\/web\/wp-content\/uploads\/2024\/02\/infan2024car.jpg 1200w, https:\/\/contrastes.com.co\/web\/wp-content\/uploads\/2024\/02\/infan2024car-300x203.jpg 300w, https:\/\/contrastes.com.co\/web\/wp-content\/uploads\/2024\/02\/infan2024car-1024x691.jpg 1024w, https:\/\/contrastes.com.co\/web\/wp-content\/uploads\/2024\/02\/infan2024car-768x518.jpg 768w\" sizes=\"(max-width: 1200px) 100vw, 1200px\" \/><figcaption id=\"caption-attachment-15102\" class=\"wp-caption-text\">Los reyes infantiles del Carnaval de Soledad 2024: Lauren Sof\u00eda Zarate y Emanuel Coronell<\/figcaption><\/figure>\n<p>La <strong>coronaci\u00f3n de los Reyes infantiles<\/strong>, llev\u00f3 a los asistentes a sumergirse en un recorrido, por las costumbres e historia cultural, con un hilo conductor donde las estrellas fueron, Lauren y Emanuel; quienes estuvieron acompa\u00f1ados en escena, por 280 ni\u00f1os y ni\u00f1as. El show estuvo a cargo de la <strong>fundaci\u00f3n \u201cAlma de Danza\u201d que dirige la docente, Doris Rodr\u00edguez Miranda.<\/strong><\/p>\n<figure id=\"attachment_15052\" aria-describedby=\"caption-attachment-15052\" style=\"width: 1200px\" class=\"wp-caption aligncenter\"><img decoding=\"async\" class=\"wp-image-15052 size-full\" src=\"https:\/\/contrastes.com.co\/web\/wp-content\/uploads\/2024\/01\/985.jpg\" alt=\"\" width=\"1200\" height=\"1180\" srcset=\"https:\/\/contrastes.com.co\/web\/wp-content\/uploads\/2024\/01\/985.jpg 1200w, https:\/\/contrastes.com.co\/web\/wp-content\/uploads\/2024\/01\/985-300x295.jpg 300w, https:\/\/contrastes.com.co\/web\/wp-content\/uploads\/2024\/01\/985-1024x1007.jpg 1024w, https:\/\/contrastes.com.co\/web\/wp-content\/uploads\/2024\/01\/985-768x755.jpg 768w\" sizes=\"(max-width: 1200px) 100vw, 1200px\" \/><figcaption id=\"caption-attachment-15052\" class=\"wp-caption-text\">Lucy vengoechea Zarache y su grupo \u201cPerlas del Caribe\u201d fueron objeto de un sentido homenaje por parte de la administraci\u00f3n municipal<\/figcaption><\/figure>\n<p>Durante el bando, hicieron un homenaje a la docente, hacedora del carnaval, <strong>Lucy vengoechea Zarache<\/strong> por traer la propuesta del carnaval de los ni\u00f1os a Soledad, tambi\u00e9n por ser la pionera de ejecutar el mapal\u00e9 y preservarlo con su <strong>grupo \u201cPerlas del Caribe\u201d<\/strong> durante much\u00edsimos a\u00f1os; por lo cual su trayectoria como gestora cultural, recibi\u00f3 un reconocimiento especial, por parte de la alcaldesa Alcira Sandoval.<\/p>\n<h3><img loading=\"lazy\" decoding=\"async\" class=\"alignleft  wp-image-15103\" src=\"https:\/\/contrastes.com.co\/web\/wp-content\/uploads\/2024\/02\/reina2024.png\" alt=\"reinacar24\" width=\"241\" height=\"393\" srcset=\"https:\/\/contrastes.com.co\/web\/wp-content\/uploads\/2024\/02\/reina2024.png 606w, https:\/\/contrastes.com.co\/web\/wp-content\/uploads\/2024\/02\/reina2024-184x300.png 184w\" sizes=\"(max-width: 241px) 100vw, 241px\" \/>Batalla de Flores en Santo Tom\u00e1s<\/h3>\n<p>La <strong>reina del carnaval de Soledad, Mar\u00eda Victoria Vargas,<\/strong> est\u00e1 lista junto a su comitiva, para representar a su municipio, en la<strong> Batalla de Flores de Santo Tom\u00e1s<\/strong>. \u201cEstoy muy contenta y preparada de hacer parte de este gran desfile departamental, que cada a\u00f1o crece en importancia, como un referente de la fiesta m\u00e1s importante de Colombia. Y confi\u00f3, en esta versi\u00f3n n\u00famero 46 del Reinado Intermunicipal, traerme la corona para mi amada tierra.\u201d Enfatiz\u00f3.<\/p>\n<h3>Carnaval institucional<\/h3>\n<p>Para la <strong>alcaldesa, Alcira Sandoval,<\/strong> es importante que se mantenga la tradici\u00f3n, pero que a la vez se viva con respeto y en paz, por esto incentivo que, desde las diferentes secretar\u00edas y entes descentralizados de la Alcald\u00eda de Soledad, se realizar\u00e1, <strong>\u201cCarnavalores\u201d una actividad cultural, liderada por los funcionarios de la administraci\u00f3n,<\/strong> quienes lucieron atuendos carnestol\u00e9ndicos tradicionales, acorde a sus coreograf\u00edas; as\u00ed mismo, bailaron, cantaron y recitaron letan\u00edas, relacionadas con prestaci\u00f3n de sus servicios, temas de actualidad y cotidianidad.<\/p>\n<p><img loading=\"lazy\" decoding=\"async\" class=\"size-full wp-image-15104 aligncenter\" src=\"https:\/\/contrastes.com.co\/web\/wp-content\/uploads\/2024\/02\/carins.jpg\" alt=\"\" width=\"1200\" height=\"675\" srcset=\"https:\/\/contrastes.com.co\/web\/wp-content\/uploads\/2024\/02\/carins.jpg 1200w, https:\/\/contrastes.com.co\/web\/wp-content\/uploads\/2024\/02\/carins-300x169.jpg 300w, https:\/\/contrastes.com.co\/web\/wp-content\/uploads\/2024\/02\/carins-1024x576.jpg 1024w, https:\/\/contrastes.com.co\/web\/wp-content\/uploads\/2024\/02\/carins-768x432.jpg 768w\" sizes=\"(max-width: 1200px) 100vw, 1200px\" \/><\/p>\n<p><img loading=\"lazy\" decoding=\"async\" class=\"size-full wp-image-15105 aligncenter\" src=\"https:\/\/contrastes.com.co\/web\/wp-content\/uploads\/2024\/02\/carins2.jpg\" alt=\"\" width=\"1200\" height=\"675\" srcset=\"https:\/\/contrastes.com.co\/web\/wp-content\/uploads\/2024\/02\/carins2.jpg 1200w, https:\/\/contrastes.com.co\/web\/wp-content\/uploads\/2024\/02\/carins2-300x169.jpg 300w, https:\/\/contrastes.com.co\/web\/wp-content\/uploads\/2024\/02\/carins2-1024x576.jpg 1024w, https:\/\/contrastes.com.co\/web\/wp-content\/uploads\/2024\/02\/carins2-768x432.jpg 768w\" sizes=\"(max-width: 1200px) 100vw, 1200px\" \/><\/p>\n<p><img loading=\"lazy\" decoding=\"async\" class=\"size-full wp-image-15106 aligncenter\" src=\"https:\/\/contrastes.com.co\/web\/wp-content\/uploads\/2024\/02\/carins3.jpg\" alt=\"\" width=\"1200\" height=\"675\" srcset=\"https:\/\/contrastes.com.co\/web\/wp-content\/uploads\/2024\/02\/carins3.jpg 1200w, https:\/\/contrastes.com.co\/web\/wp-content\/uploads\/2024\/02\/carins3-300x169.jpg 300w, https:\/\/contrastes.com.co\/web\/wp-content\/uploads\/2024\/02\/carins3-1024x576.jpg 1024w, https:\/\/contrastes.com.co\/web\/wp-content\/uploads\/2024\/02\/carins3-768x432.jpg 768w\" sizes=\"(max-width: 1200px) 100vw, 1200px\" \/><\/p>\n","protected":false},"excerpt":{"rendered":"<p>El pueblo solede\u00f1o sigue disfrutando de los diferentes eventos en torno al carnaval y su vez, la administraci\u00f3n municipal, ha garantizado la realizaci\u00f3n de los mismos, mientras contin\u00faa en la tarea de sensibilizar a la comunidad en general a vivir las fiestas con respeto, tolerancia y en paz.<\/p>\n","protected":false},"author":1,"featured_media":15101,"comment_status":"open","ping_status":"open","sticky":false,"template":"","format":"standard","meta":{"footnotes":""},"categories":[29,1796,104,23,24],"tags":[9729,9730,9731,27,45,9732,9638,9733,3917,9734,9735,9736,9737,9738,9739,9740,51,9632],"class_list":["post-15100","post","type-post","status-publish","format-standard","has-post-thumbnail","hentry","category-alcaldia-de-soledad","category-carnaval","category-cultura","category-locales","category-region","tag-carnavalores","tag-actividad-cultural","tag-agenda-carnavalera-2024","tag-alcaldesa-de-soledad","tag-alcira-sandoval","tag-batalla-de-flores-de-santo-tomas-2024","tag-carnaval-de-soledad-2024","tag-coronacion-de-los-reyes-infantiles","tag-doris-rodriguez-miranda","tag-emanuel-coronell","tag-funcionarios-de-la-administracion","tag-fundacion-alma-de-danza","tag-grupo-perlas-del-caribe","tag-lauren-sofia-zarate","tag-lucy-vengoechea-zarache","tag-maria-victoria-vargas","tag-municipio-de-soledad","tag-reina-del-carnaval-de-soledad-2024"],"yoast_head":"<!-- This site is optimized with the Yoast SEO plugin v27.7 - https:\/\/yoast.com\/product\/yoast-seo-wordpress\/ -->\n<title>Soledad avanza con su agenda carnavalera - Constrastes<\/title>\n<meta name=\"description\" content=\"El pueblo solede\u00f1o sigue disfrutando de los diferentes eventos en torno al carnaval y su vez, la administraci\u00f3n municipal, ha garantizado la realizaci\u00f3n de los mismos, mientras contin\u00faa en la tarea de sensibilizar a la comunidad en general a vivir las fiestas con respeto, tolerancia y en paz.\" \/>\n<meta name=\"robots\" content=\"index, follow, max-snippet:-1, max-image-preview:large, max-video-preview:-1\" \/>\n<link rel=\"canonical\" href=\"https:\/\/contrastes.com.co\/web\/2024\/02\/02\/soledad-avanza-con-su-agenda-carnavalera\/\" \/>\n<meta property=\"og:locale\" content=\"es_ES\" \/>\n<meta property=\"og:type\" content=\"article\" \/>\n<meta property=\"og:title\" content=\"Soledad avanza con su agenda carnavalera - Constrastes\" \/>\n<meta property=\"og:description\" content=\"El pueblo solede\u00f1o sigue disfrutando de los diferentes eventos en torno al carnaval y su vez, la administraci\u00f3n municipal, ha garantizado la realizaci\u00f3n de los mismos, mientras contin\u00faa en la tarea de sensibilizar a la comunidad en general a vivir las fiestas con respeto, tolerancia y en paz.\" \/>\n<meta property=\"og:url\" content=\"https:\/\/contrastes.com.co\/web\/2024\/02\/02\/soledad-avanza-con-su-agenda-carnavalera\/\" \/>\n<meta property=\"og:site_name\" content=\"Constrastes\" \/>\n<meta property=\"article:publisher\" content=\"https:\/\/www.facebook.com\/guillo.pantoja.1\" \/>\n<meta property=\"article:published_time\" content=\"2024-02-02T19:22:48+00:00\" \/>\n<meta property=\"og:image\" content=\"https:\/\/contrastes.com.co\/web\/wp-content\/uploads\/2024\/02\/carnavalinst24.jpg\" \/>\n\t<meta property=\"og:image:width\" content=\"1200\" \/>\n\t<meta property=\"og:image:height\" content=\"783\" \/>\n\t<meta property=\"og:image:type\" content=\"image\/jpeg\" \/>\n<meta name=\"author\" content=\"Editor\" \/>\n<meta name=\"twitter:card\" content=\"summary_large_image\" \/>\n<meta name=\"twitter:label1\" content=\"Escrito por\" \/>\n\t<meta name=\"twitter:data1\" content=\"Editor\" \/>\n\t<meta name=\"twitter:label2\" content=\"Tiempo de lectura\" \/>\n\t<meta name=\"twitter:data2\" content=\"3 minutos\" \/>\n<script type=\"application\/ld+json\" class=\"yoast-schema-graph\">{\"@context\":\"https:\\\/\\\/schema.org\",\"@graph\":[{\"@type\":\"Article\",\"@id\":\"https:\\\/\\\/contrastes.com.co\\\/web\\\/2024\\\/02\\\/02\\\/soledad-avanza-con-su-agenda-carnavalera\\\/#article\",\"isPartOf\":{\"@id\":\"https:\\\/\\\/contrastes.com.co\\\/web\\\/2024\\\/02\\\/02\\\/soledad-avanza-con-su-agenda-carnavalera\\\/\"},\"author\":{\"name\":\"Editor\",\"@id\":\"https:\\\/\\\/contrastes.com.co\\\/web\\\/#\\\/schema\\\/person\\\/62ef7a62dc4da6de450c71fc2e95ed02\"},\"headline\":\"Soledad avanza con su agenda carnavalera\",\"datePublished\":\"2024-02-02T19:22:48+00:00\",\"mainEntityOfPage\":{\"@id\":\"https:\\\/\\\/contrastes.com.co\\\/web\\\/2024\\\/02\\\/02\\\/soledad-avanza-con-su-agenda-carnavalera\\\/\"},\"wordCount\":557,\"commentCount\":0,\"publisher\":{\"@id\":\"https:\\\/\\\/contrastes.com.co\\\/web\\\/#organization\"},\"image\":{\"@id\":\"https:\\\/\\\/contrastes.com.co\\\/web\\\/2024\\\/02\\\/02\\\/soledad-avanza-con-su-agenda-carnavalera\\\/#primaryimage\"},\"thumbnailUrl\":\"https:\\\/\\\/contrastes.com.co\\\/web\\\/wp-content\\\/uploads\\\/2024\\\/02\\\/carnavalinst24.jpg\",\"keywords\":[\"\u201cCarnavalores\u201d\",\"actividad cultural\",\"agenda carnavalera 2024\",\"alcaldesa de Soledad\",\"Alcira Sandoval\",\"Batalla de Flores de Santo Tom\u00e1s 2024\",\"carnaval de soledad 2024\",\"coronaci\u00f3n de los reyes infantiles\",\"Doris Rodr\u00edguez Miranda\",\"Emanuel Coronell\",\"funcionarios de la administraci\u00f3n\",\"fundaci\u00f3n \u201cAlma de Danza\u201d\",\"grupo \u201cPerlas del Caribe\u201d\",\"Lauren Sof\u00eda Zarate\",\"Lucy vengoechea Zarache\",\"Mar\u00eda Victoria Vargas\",\"municipio de soledad\",\"Reina del Carnaval de Soledad 2024\"],\"articleSection\":[\"Alcald\u00eda de Soledad\",\"Carnaval\",\"Cultura\",\"Locales\",\"Regi\u00f3n\"],\"inLanguage\":\"es\",\"potentialAction\":[{\"@type\":\"CommentAction\",\"name\":\"Comment\",\"target\":[\"https:\\\/\\\/contrastes.com.co\\\/web\\\/2024\\\/02\\\/02\\\/soledad-avanza-con-su-agenda-carnavalera\\\/#respond\"]}]},{\"@type\":\"WebPage\",\"@id\":\"https:\\\/\\\/contrastes.com.co\\\/web\\\/2024\\\/02\\\/02\\\/soledad-avanza-con-su-agenda-carnavalera\\\/\",\"url\":\"https:\\\/\\\/contrastes.com.co\\\/web\\\/2024\\\/02\\\/02\\\/soledad-avanza-con-su-agenda-carnavalera\\\/\",\"name\":\"Soledad avanza con su agenda carnavalera - Constrastes\",\"isPartOf\":{\"@id\":\"https:\\\/\\\/contrastes.com.co\\\/web\\\/#website\"},\"primaryImageOfPage\":{\"@id\":\"https:\\\/\\\/contrastes.com.co\\\/web\\\/2024\\\/02\\\/02\\\/soledad-avanza-con-su-agenda-carnavalera\\\/#primaryimage\"},\"image\":{\"@id\":\"https:\\\/\\\/contrastes.com.co\\\/web\\\/2024\\\/02\\\/02\\\/soledad-avanza-con-su-agenda-carnavalera\\\/#primaryimage\"},\"thumbnailUrl\":\"https:\\\/\\\/contrastes.com.co\\\/web\\\/wp-content\\\/uploads\\\/2024\\\/02\\\/carnavalinst24.jpg\",\"datePublished\":\"2024-02-02T19:22:48+00:00\",\"description\":\"El pueblo solede\u00f1o sigue disfrutando de los diferentes eventos en torno al carnaval y su vez, la administraci\u00f3n municipal, ha garantizado la realizaci\u00f3n de los mismos, mientras contin\u00faa en la tarea de sensibilizar a la comunidad en general a vivir las fiestas con respeto, tolerancia y en paz.\",\"breadcrumb\":{\"@id\":\"https:\\\/\\\/contrastes.com.co\\\/web\\\/2024\\\/02\\\/02\\\/soledad-avanza-con-su-agenda-carnavalera\\\/#breadcrumb\"},\"inLanguage\":\"es\",\"potentialAction\":[{\"@type\":\"ReadAction\",\"target\":[\"https:\\\/\\\/contrastes.com.co\\\/web\\\/2024\\\/02\\\/02\\\/soledad-avanza-con-su-agenda-carnavalera\\\/\"]}]},{\"@type\":\"ImageObject\",\"inLanguage\":\"es\",\"@id\":\"https:\\\/\\\/contrastes.com.co\\\/web\\\/2024\\\/02\\\/02\\\/soledad-avanza-con-su-agenda-carnavalera\\\/#primaryimage\",\"url\":\"https:\\\/\\\/contrastes.com.co\\\/web\\\/wp-content\\\/uploads\\\/2024\\\/02\\\/carnavalinst24.jpg\",\"contentUrl\":\"https:\\\/\\\/contrastes.com.co\\\/web\\\/wp-content\\\/uploads\\\/2024\\\/02\\\/carnavalinst24.jpg\",\"width\":1200,\"height\":783},{\"@type\":\"BreadcrumbList\",\"@id\":\"https:\\\/\\\/contrastes.com.co\\\/web\\\/2024\\\/02\\\/02\\\/soledad-avanza-con-su-agenda-carnavalera\\\/#breadcrumb\",\"itemListElement\":[{\"@type\":\"ListItem\",\"position\":1,\"name\":\"Portada\",\"item\":\"https:\\\/\\\/contrastes.com.co\\\/web\\\/\"},{\"@type\":\"ListItem\",\"position\":2,\"name\":\"Soledad avanza con su agenda carnavalera\"}]},{\"@type\":\"WebSite\",\"@id\":\"https:\\\/\\\/contrastes.com.co\\\/web\\\/#website\",\"url\":\"https:\\\/\\\/contrastes.com.co\\\/web\\\/\",\"name\":\"Contrastes\",\"description\":\"Periodismo de Conciencia\",\"publisher\":{\"@id\":\"https:\\\/\\\/contrastes.com.co\\\/web\\\/#organization\"},\"potentialAction\":[{\"@type\":\"SearchAction\",\"target\":{\"@type\":\"EntryPoint\",\"urlTemplate\":\"https:\\\/\\\/contrastes.com.co\\\/web\\\/?s={search_term_string}\"},\"query-input\":{\"@type\":\"PropertyValueSpecification\",\"valueRequired\":true,\"valueName\":\"search_term_string\"}}],\"inLanguage\":\"es\"},{\"@type\":\"Organization\",\"@id\":\"https:\\\/\\\/contrastes.com.co\\\/web\\\/#organization\",\"name\":\"Contrastes\",\"url\":\"https:\\\/\\\/contrastes.com.co\\\/web\\\/\",\"logo\":{\"@type\":\"ImageObject\",\"inLanguage\":\"es\",\"@id\":\"https:\\\/\\\/contrastes.com.co\\\/web\\\/#\\\/schema\\\/logo\\\/image\\\/\",\"url\":\"https:\\\/\\\/contrastes.com.co\\\/web\\\/wp-content\\\/uploads\\\/2025\\\/04\\\/15CONTRASTES3.png\",\"contentUrl\":\"https:\\\/\\\/contrastes.com.co\\\/web\\\/wp-content\\\/uploads\\\/2025\\\/04\\\/15CONTRASTES3.png\",\"width\":1536,\"height\":231,\"caption\":\"Contrastes\"},\"image\":{\"@id\":\"https:\\\/\\\/contrastes.com.co\\\/web\\\/#\\\/schema\\\/logo\\\/image\\\/\"},\"sameAs\":[\"https:\\\/\\\/www.facebook.com\\\/guillo.pantoja.1\"]},{\"@type\":\"Person\",\"@id\":\"https:\\\/\\\/contrastes.com.co\\\/web\\\/#\\\/schema\\\/person\\\/62ef7a62dc4da6de450c71fc2e95ed02\",\"name\":\"Editor\",\"image\":{\"@type\":\"ImageObject\",\"inLanguage\":\"es\",\"@id\":\"https:\\\/\\\/secure.gravatar.com\\\/avatar\\\/7bbb4f718d74bbf600dc556253bb04fd7ac8593751d6e2e3b85432d98aefae80?s=96&d=mm&r=g\",\"url\":\"https:\\\/\\\/secure.gravatar.com\\\/avatar\\\/7bbb4f718d74bbf600dc556253bb04fd7ac8593751d6e2e3b85432d98aefae80?s=96&d=mm&r=g\",\"contentUrl\":\"https:\\\/\\\/secure.gravatar.com\\\/avatar\\\/7bbb4f718d74bbf600dc556253bb04fd7ac8593751d6e2e3b85432d98aefae80?s=96&d=mm&r=g\",\"caption\":\"Editor\"},\"sameAs\":[\"https:\\\/\\\/contrastes.com.co\\\/web\"],\"url\":\"https:\\\/\\\/contrastes.com.co\\\/web\\\/author\\\/jdbobadilla\\\/\"}]}<\/script>\n<!-- \/ Yoast SEO plugin. -->","yoast_head_json":{"title":"Soledad avanza con su agenda carnavalera - Constrastes","description":"El pueblo solede\u00f1o sigue disfrutando de los diferentes eventos en torno al carnaval y su vez, la administraci\u00f3n municipal, ha garantizado la realizaci\u00f3n de los mismos, mientras contin\u00faa en la tarea de sensibilizar a la comunidad en general a vivir las fiestas con respeto, tolerancia y en paz.","robots":{"index":"index","follow":"follow","max-snippet":"max-snippet:-1","max-image-preview":"max-image-preview:large","max-video-preview":"max-video-preview:-1"},"canonical":"https:\/\/contrastes.com.co\/web\/2024\/02\/02\/soledad-avanza-con-su-agenda-carnavalera\/","og_locale":"es_ES","og_type":"article","og_title":"Soledad avanza con su agenda carnavalera - Constrastes","og_description":"El pueblo solede\u00f1o sigue disfrutando de los diferentes eventos en torno al carnaval y su vez, la administraci\u00f3n municipal, ha garantizado la realizaci\u00f3n de los mismos, mientras contin\u00faa en la tarea de sensibilizar a la comunidad en general a vivir las fiestas con respeto, tolerancia y en paz.","og_url":"https:\/\/contrastes.com.co\/web\/2024\/02\/02\/soledad-avanza-con-su-agenda-carnavalera\/","og_site_name":"Constrastes","article_publisher":"https:\/\/www.facebook.com\/guillo.pantoja.1","article_published_time":"2024-02-02T19:22:48+00:00","og_image":[{"width":1200,"height":783,"url":"https:\/\/contrastes.com.co\/web\/wp-content\/uploads\/2024\/02\/carnavalinst24.jpg","type":"image\/jpeg"}],"author":"Editor","twitter_card":"summary_large_image","twitter_misc":{"Escrito por":"Editor","Tiempo de lectura":"3 minutos"},"schema":{"@context":"https:\/\/schema.org","@graph":[{"@type":"Article","@id":"https:\/\/contrastes.com.co\/web\/2024\/02\/02\/soledad-avanza-con-su-agenda-carnavalera\/#article","isPartOf":{"@id":"https:\/\/contrastes.com.co\/web\/2024\/02\/02\/soledad-avanza-con-su-agenda-carnavalera\/"},"author":{"name":"Editor","@id":"https:\/\/contrastes.com.co\/web\/#\/schema\/person\/62ef7a62dc4da6de450c71fc2e95ed02"},"headline":"Soledad avanza con su agenda carnavalera","datePublished":"2024-02-02T19:22:48+00:00","mainEntityOfPage":{"@id":"https:\/\/contrastes.com.co\/web\/2024\/02\/02\/soledad-avanza-con-su-agenda-carnavalera\/"},"wordCount":557,"commentCount":0,"publisher":{"@id":"https:\/\/contrastes.com.co\/web\/#organization"},"image":{"@id":"https:\/\/contrastes.com.co\/web\/2024\/02\/02\/soledad-avanza-con-su-agenda-carnavalera\/#primaryimage"},"thumbnailUrl":"https:\/\/contrastes.com.co\/web\/wp-content\/uploads\/2024\/02\/carnavalinst24.jpg","keywords":["\u201cCarnavalores\u201d","actividad cultural","agenda carnavalera 2024","alcaldesa de Soledad","Alcira Sandoval","Batalla de Flores de Santo Tom\u00e1s 2024","carnaval de soledad 2024","coronaci\u00f3n de los reyes infantiles","Doris Rodr\u00edguez Miranda","Emanuel Coronell","funcionarios de la administraci\u00f3n","fundaci\u00f3n \u201cAlma de Danza\u201d","grupo \u201cPerlas del Caribe\u201d","Lauren Sof\u00eda Zarate","Lucy vengoechea Zarache","Mar\u00eda Victoria Vargas","municipio de soledad","Reina del Carnaval de Soledad 2024"],"articleSection":["Alcald\u00eda de Soledad","Carnaval","Cultura","Locales","Regi\u00f3n"],"inLanguage":"es","potentialAction":[{"@type":"CommentAction","name":"Comment","target":["https:\/\/contrastes.com.co\/web\/2024\/02\/02\/soledad-avanza-con-su-agenda-carnavalera\/#respond"]}]},{"@type":"WebPage","@id":"https:\/\/contrastes.com.co\/web\/2024\/02\/02\/soledad-avanza-con-su-agenda-carnavalera\/","url":"https:\/\/contrastes.com.co\/web\/2024\/02\/02\/soledad-avanza-con-su-agenda-carnavalera\/","name":"Soledad avanza con su agenda carnavalera - Constrastes","isPartOf":{"@id":"https:\/\/contrastes.com.co\/web\/#website"},"primaryImageOfPage":{"@id":"https:\/\/contrastes.com.co\/web\/2024\/02\/02\/soledad-avanza-con-su-agenda-carnavalera\/#primaryimage"},"image":{"@id":"https:\/\/contrastes.com.co\/web\/2024\/02\/02\/soledad-avanza-con-su-agenda-carnavalera\/#primaryimage"},"thumbnailUrl":"https:\/\/contrastes.com.co\/web\/wp-content\/uploads\/2024\/02\/carnavalinst24.jpg","datePublished":"2024-02-02T19:22:48+00:00","description":"El pueblo solede\u00f1o sigue disfrutando de los diferentes eventos en torno al carnaval y su vez, la administraci\u00f3n municipal, ha garantizado la realizaci\u00f3n de los mismos, mientras contin\u00faa en la tarea de sensibilizar a la comunidad en general a vivir las fiestas con respeto, tolerancia y en paz.","breadcrumb":{"@id":"https:\/\/contrastes.com.co\/web\/2024\/02\/02\/soledad-avanza-con-su-agenda-carnavalera\/#breadcrumb"},"inLanguage":"es","potentialAction":[{"@type":"ReadAction","target":["https:\/\/contrastes.com.co\/web\/2024\/02\/02\/soledad-avanza-con-su-agenda-carnavalera\/"]}]},{"@type":"ImageObject","inLanguage":"es","@id":"https:\/\/contrastes.com.co\/web\/2024\/02\/02\/soledad-avanza-con-su-agenda-carnavalera\/#primaryimage","url":"https:\/\/contrastes.com.co\/web\/wp-content\/uploads\/2024\/02\/carnavalinst24.jpg","contentUrl":"https:\/\/contrastes.com.co\/web\/wp-content\/uploads\/2024\/02\/carnavalinst24.jpg","width":1200,"height":783},{"@type":"BreadcrumbList","@id":"https:\/\/contrastes.com.co\/web\/2024\/02\/02\/soledad-avanza-con-su-agenda-carnavalera\/#breadcrumb","itemListElement":[{"@type":"ListItem","position":1,"name":"Portada","item":"https:\/\/contrastes.com.co\/web\/"},{"@type":"ListItem","position":2,"name":"Soledad avanza con su agenda carnavalera"}]},{"@type":"WebSite","@id":"https:\/\/contrastes.com.co\/web\/#website","url":"https:\/\/contrastes.com.co\/web\/","name":"Contrastes","description":"Periodismo de Conciencia","publisher":{"@id":"https:\/\/contrastes.com.co\/web\/#organization"},"potentialAction":[{"@type":"SearchAction","target":{"@type":"EntryPoint","urlTemplate":"https:\/\/contrastes.com.co\/web\/?s={search_term_string}"},"query-input":{"@type":"PropertyValueSpecification","valueRequired":true,"valueName":"search_term_string"}}],"inLanguage":"es"},{"@type":"Organization","@id":"https:\/\/contrastes.com.co\/web\/#organization","name":"Contrastes","url":"https:\/\/contrastes.com.co\/web\/","logo":{"@type":"ImageObject","inLanguage":"es","@id":"https:\/\/contrastes.com.co\/web\/#\/schema\/logo\/image\/","url":"https:\/\/contrastes.com.co\/web\/wp-content\/uploads\/2025\/04\/15CONTRASTES3.png","contentUrl":"https:\/\/contrastes.com.co\/web\/wp-content\/uploads\/2025\/04\/15CONTRASTES3.png","width":1536,"height":231,"caption":"Contrastes"},"image":{"@id":"https:\/\/contrastes.com.co\/web\/#\/schema\/logo\/image\/"},"sameAs":["https:\/\/www.facebook.com\/guillo.pantoja.1"]},{"@type":"Person","@id":"https:\/\/contrastes.com.co\/web\/#\/schema\/person\/62ef7a62dc4da6de450c71fc2e95ed02","name":"Editor","image":{"@type":"ImageObject","inLanguage":"es","@id":"https:\/\/secure.gravatar.com\/avatar\/7bbb4f718d74bbf600dc556253bb04fd7ac8593751d6e2e3b85432d98aefae80?s=96&d=mm&r=g","url":"https:\/\/secure.gravatar.com\/avatar\/7bbb4f718d74bbf600dc556253bb04fd7ac8593751d6e2e3b85432d98aefae80?s=96&d=mm&r=g","contentUrl":"https:\/\/secure.gravatar.com\/avatar\/7bbb4f718d74bbf600dc556253bb04fd7ac8593751d6e2e3b85432d98aefae80?s=96&d=mm&r=g","caption":"Editor"},"sameAs":["https:\/\/contrastes.com.co\/web"],"url":"https:\/\/contrastes.com.co\/web\/author\/jdbobadilla\/"}]}},"blog_post_layout_featured_media_urls":{"thumbnail":["https:\/\/contrastes.com.co\/web\/wp-content\/uploads\/2024\/02\/carnavalinst24-150x150.jpg",150,150,true],"full":["https:\/\/contrastes.com.co\/web\/wp-content\/uploads\/2024\/02\/carnavalinst24.jpg",1200,783,false]},"categories_names":{"29":{"name":"Alcald\u00eda de Soledad","link":"https:\/\/contrastes.com.co\/web\/category\/alcaldia-de-soledad\/"},"1796":{"name":"Carnaval","link":"https:\/\/contrastes.com.co\/web\/category\/carnaval\/"},"104":{"name":"Cultura","link":"https:\/\/contrastes.com.co\/web\/category\/cultura\/"},"23":{"name":"Locales","link":"https:\/\/contrastes.com.co\/web\/category\/locales\/"},"24":{"name":"Regi\u00f3n","link":"https:\/\/contrastes.com.co\/web\/category\/region\/"}},"tags_names":{"9729":{"name":"\u201cCarnavalores\u201d","link":"https:\/\/contrastes.com.co\/web\/tag\/carnavalores\/"},"9730":{"name":"actividad cultural","link":"https:\/\/contrastes.com.co\/web\/tag\/actividad-cultural\/"},"9731":{"name":"agenda carnavalera 2024","link":"https:\/\/contrastes.com.co\/web\/tag\/agenda-carnavalera-2024\/"},"27":{"name":"alcaldesa de Soledad","link":"https:\/\/contrastes.com.co\/web\/tag\/alcaldesa-de-soledad\/"},"45":{"name":"Alcira Sandoval","link":"https:\/\/contrastes.com.co\/web\/tag\/alcira-sandoval\/"},"9732":{"name":"Batalla de Flores de Santo Tom\u00e1s 2024","link":"https:\/\/contrastes.com.co\/web\/tag\/batalla-de-flores-de-santo-tomas-2024\/"},"9638":{"name":"carnaval de soledad 2024","link":"https:\/\/contrastes.com.co\/web\/tag\/carnaval-de-soledad-2024\/"},"9733":{"name":"coronaci\u00f3n de los reyes infantiles","link":"https:\/\/contrastes.com.co\/web\/tag\/coronacion-de-los-reyes-infantiles\/"},"3917":{"name":"Doris Rodr\u00edguez Miranda","link":"https:\/\/contrastes.com.co\/web\/tag\/doris-rodriguez-miranda\/"},"9734":{"name":"Emanuel Coronell","link":"https:\/\/contrastes.com.co\/web\/tag\/emanuel-coronell\/"},"9735":{"name":"funcionarios de la administraci\u00f3n","link":"https:\/\/contrastes.com.co\/web\/tag\/funcionarios-de-la-administracion\/"},"9736":{"name":"fundaci\u00f3n \u201cAlma de Danza\u201d","link":"https:\/\/contrastes.com.co\/web\/tag\/fundacion-alma-de-danza\/"},"9737":{"name":"grupo \u201cPerlas del Caribe\u201d","link":"https:\/\/contrastes.com.co\/web\/tag\/grupo-perlas-del-caribe\/"},"9738":{"name":"Lauren Sof\u00eda Zarate","link":"https:\/\/contrastes.com.co\/web\/tag\/lauren-sofia-zarate\/"},"9739":{"name":"Lucy vengoechea Zarache","link":"https:\/\/contrastes.com.co\/web\/tag\/lucy-vengoechea-zarache\/"},"9740":{"name":"Mar\u00eda Victoria Vargas","link":"https:\/\/contrastes.com.co\/web\/tag\/maria-victoria-vargas\/"},"51":{"name":"municipio de soledad","link":"https:\/\/contrastes.com.co\/web\/tag\/municipio-de-soledad\/"},"9632":{"name":"Reina del Carnaval de Soledad 2024","link":"https:\/\/contrastes.com.co\/web\/tag\/reina-del-carnaval-de-soledad-2024\/"}},"comments_number":"0","wpmagazine_modules_lite_featured_media_urls":{"thumbnail":["https:\/\/contrastes.com.co\/web\/wp-content\/uploads\/2024\/02\/carnavalinst24-150x150.jpg",150,150,true],"cvmm-medium":["https:\/\/contrastes.com.co\/web\/wp-content\/uploads\/2024\/02\/carnavalinst24.jpg",300,196,false],"cvmm-medium-plus":["https:\/\/contrastes.com.co\/web\/wp-content\/uploads\/2024\/02\/carnavalinst24.jpg",305,199,false],"cvmm-portrait":["https:\/\/contrastes.com.co\/web\/wp-content\/uploads\/2024\/02\/carnavalinst24.jpg",400,261,false],"cvmm-medium-square":["https:\/\/contrastes.com.co\/web\/wp-content\/uploads\/2024\/02\/carnavalinst24.jpg",600,392,false],"cvmm-large":["https:\/\/contrastes.com.co\/web\/wp-content\/uploads\/2024\/02\/carnavalinst24.jpg",1024,668,false],"cvmm-small":["https:\/\/contrastes.com.co\/web\/wp-content\/uploads\/2024\/02\/carnavalinst24.jpg",130,85,false],"full":["https:\/\/contrastes.com.co\/web\/wp-content\/uploads\/2024\/02\/carnavalinst24.jpg",1200,783,false]},"_links":{"self":[{"href":"https:\/\/contrastes.com.co\/web\/wp-json\/wp\/v2\/posts\/15100","targetHints":{"allow":["GET"]}}],"collection":[{"href":"https:\/\/contrastes.com.co\/web\/wp-json\/wp\/v2\/posts"}],"about":[{"href":"https:\/\/contrastes.com.co\/web\/wp-json\/wp\/v2\/types\/post"}],"author":[{"embeddable":true,"href":"https:\/\/contrastes.com.co\/web\/wp-json\/wp\/v2\/users\/1"}],"replies":[{"embeddable":true,"href":"https:\/\/contrastes.com.co\/web\/wp-json\/wp\/v2\/comments?post=15100"}],"version-history":[{"count":0,"href":"https:\/\/contrastes.com.co\/web\/wp-json\/wp\/v2\/posts\/15100\/revisions"}],"wp:featuredmedia":[{"embeddable":true,"href":"https:\/\/contrastes.com.co\/web\/wp-json\/wp\/v2\/media\/15101"}],"wp:attachment":[{"href":"https:\/\/contrastes.com.co\/web\/wp-json\/wp\/v2\/media?parent=15100"}],"wp:term":[{"taxonomy":"category","embeddable":true,"href":"https:\/\/contrastes.com.co\/web\/wp-json\/wp\/v2\/categories?post=15100"},{"taxonomy":"post_tag","embeddable":true,"href":"https:\/\/contrastes.com.co\/web\/wp-json\/wp\/v2\/tags?post=15100"}],"curies":[{"name":"wp","href":"https:\/\/api.w.org\/{rel}","templated":true}]}}