{"id":1522,"date":"2020-06-25T11:44:41","date_gmt":"2020-06-25T16:44:41","guid":{"rendered":"https:\/\/contrastes.com.co\/digital\/?p=1522"},"modified":"2020-06-25T11:44:41","modified_gmt":"2020-06-25T16:44:41","slug":"hasta-manana-26-de-junio-7-673-personas-podran-reclamar-ingreso-solidario-en-soledad","status":"publish","type":"post","link":"https:\/\/contrastes.com.co\/web\/2020\/06\/25\/hasta-manana-26-de-junio-7-673-personas-podran-reclamar-ingreso-solidario-en-soledad\/","title":{"rendered":"Hasta el 27 de junio, podr\u00e1n reclamar Ingreso Solidario en Soledad"},"content":{"rendered":"<blockquote><p><strong>\u201cHacemos un llamado a la ciudadan\u00eda para actuar de manera correcta, cumpliendo todas las medidas de bioseguridad y respetando el distanciamiento social obligatorio al momento de realizar el cobro del beneficio\u201d, <\/strong><\/p><\/blockquote>\n<p><img decoding=\"async\" class=\"alignleft  wp-image-1523\" src=\"https:\/\/contrastes.com.co\/digital\/wp-content\/uploads\/2020\/06\/h-capitular.png\" alt=\"h capitular\" width=\"72\" height=\"65\" \/>asta el 26 de junio, un total de 7.673 personas del municipio podr\u00e1n reclamar el tercer giro mensual del programa Ingreso Solidario por 160 mil pesos por hogar, con el que el Gobierno Nacional busca mitigar los impactos de la emergencia sanitaria por Covid-19.<\/p>\n<ul>\n<li>Los beneficiados podr\u00e1n reclamar los pagos en los corresponsales autorizados, que se relacionan a continuaci\u00f3n:<br \/>\n<strong>*Bancolombia.<\/strong><br \/>\n<strong>*Multipagos de Soledad (calle 18 No 23 -83).<\/strong><br \/>\n<strong>*Redy Nuestro Soledad (calle 63 carrera 13, Centro empresarial Lo Nuestro, local 106 -54).<\/strong><br \/>\n<strong>*Paga F\u00e1cil (Granabastos kil\u00f3metro 4 prolongaci\u00f3n de la Avenida Murillo).<\/strong><br \/>\n<strong>*Paga F\u00e1cil en el Centro Comercial Carnaval, el local 01211.<\/strong><br \/>\n<strong>*Multipagos, Centro Comercial Gran Plaza del Sol, 213. <\/strong><br \/>\n<strong>*Paga F\u00e1cil en el Centro Comercial Metropolitano.<\/strong><\/li>\n<\/ul>\n<p>La directora de la Oficina del Sisb\u00e9n de Soledad, Dreynner Barraza, manifest\u00f3 que el programa Ingreso Solidario es una transferencia monetaria que tiene como fin mitigar los impactos de la emergencia generada por el Covid-19 y se entrega a personas que no pertenecen a ning\u00fan programa social y est\u00e9n en situaci\u00f3n de pobreza extrema.<\/p>\n<p>\u201cHacemos un llamado a la ciudadan\u00eda para actuar de manera correcta, cumpliendo todas las medidas de bioseguridad y respetando el distanciamiento social obligatorio al momento de realizar el cobro del beneficio\u201d, agreg\u00f3.<\/p>\n<p>De igual forma indic\u00f3 que: \u201cestamos trabajando en una estrategia de pago a trav\u00e9s de la cual podamos controlar la aglomeraci\u00f3n de las personas y evitar que los puntos donde se reclama el dinero sean un foco de contagio del Covid-19\u201d.<\/p>\n<p>Para consultar si son beneficiarias, las personas podr\u00e1n ingresar a la p\u00e1gina web: https:\/\/ingresosolidario.dnp.gov.co\/ y digitar el n\u00famero de su c\u00e9dula de ciudadan\u00eda.<\/p>\n<p>El subsidio beneficiar\u00e1 a 3 millones de hogares colombianos que no hagan parte de ning\u00fan programa social tales como Familias en Acci\u00f3n, J\u00f3venes en Acci\u00f3n. Colombia Mayor, Devoluci\u00f3n del IVA y se encuentren en situaci\u00f3n de pobreza extrema y vulnerabilidad.<\/p>\n","protected":false},"excerpt":{"rendered":"<p>\u201cHacemos un llamado a la ciudadan\u00eda para actuar de manera correcta, cumpliendo todas las medidas de bioseguridad y respetando el distanciamiento social obligatorio al momento de realizar el cobro del beneficio\u201d, asta el 26 de junio, un total de 7.673 personas del municipio podr\u00e1n reclamar el tercer giro mensual del programa Ingreso Solidario por 160 [&hellip;]<\/p>\n","protected":false},"author":1,"featured_media":1524,"comment_status":"open","ping_status":"open","sticky":false,"template":"","format":"standard","meta":{"footnotes":""},"categories":[73,571,23],"tags":[666,86,503,667,444,51,668,427],"class_list":["post-1522","post","type-post","status-publish","format-standard","has-post-thumbnail","hentry","category-coronavirus","category-gestion-social","category-locales","tag-beneficios","tag-coronavirus","tag-covid-19","tag-hasta-el-26-de-junio","tag-ingreso-solidario","tag-municipio-de-soledad","tag-reclamar","tag-subsidios"],"yoast_head":"<!-- This site is optimized with the Yoast SEO plugin v27.7 - https:\/\/yoast.com\/product\/yoast-seo-wordpress\/ -->\n<title>Hasta el 27 de junio, podr\u00e1n reclamar Ingreso Solidario en Soledad - Constrastes<\/title>\n<meta name=\"robots\" content=\"index, follow, max-snippet:-1, max-image-preview:large, max-video-preview:-1\" \/>\n<link rel=\"canonical\" href=\"https:\/\/contrastes.com.co\/web\/2020\/06\/25\/hasta-manana-26-de-junio-7-673-personas-podran-reclamar-ingreso-solidario-en-soledad\/\" \/>\n<meta property=\"og:locale\" content=\"es_ES\" \/>\n<meta property=\"og:type\" content=\"article\" \/>\n<meta property=\"og:title\" content=\"Hasta el 27 de junio, podr\u00e1n reclamar Ingreso Solidario en Soledad - Constrastes\" \/>\n<meta property=\"og:description\" content=\"\u201cHacemos un llamado a la ciudadan\u00eda para actuar de manera correcta, cumpliendo todas las medidas de bioseguridad y respetando el distanciamiento social obligatorio al momento de realizar el cobro del beneficio\u201d, asta el 26 de junio, un total de 7.673 personas del municipio podr\u00e1n reclamar el tercer giro mensual del programa Ingreso Solidario por 160 [&hellip;]\" \/>\n<meta property=\"og:url\" content=\"https:\/\/contrastes.com.co\/web\/2020\/06\/25\/hasta-manana-26-de-junio-7-673-personas-podran-reclamar-ingreso-solidario-en-soledad\/\" \/>\n<meta property=\"og:site_name\" content=\"Constrastes\" \/>\n<meta property=\"article:publisher\" content=\"https:\/\/www.facebook.com\/guillo.pantoja.1\" \/>\n<meta property=\"article:published_time\" content=\"2020-06-25T16:44:41+00:00\" \/>\n<meta name=\"author\" content=\"Editor\" \/>\n<meta name=\"twitter:card\" content=\"summary_large_image\" \/>\n<meta name=\"twitter:label1\" content=\"Escrito por\" \/>\n\t<meta name=\"twitter:data1\" content=\"Editor\" \/>\n\t<meta name=\"twitter:label2\" content=\"Tiempo de lectura\" \/>\n\t<meta name=\"twitter:data2\" content=\"2 minutos\" \/>\n<script type=\"application\/ld+json\" class=\"yoast-schema-graph\">{\"@context\":\"https:\\\/\\\/schema.org\",\"@graph\":[{\"@type\":\"Article\",\"@id\":\"https:\\\/\\\/contrastes.com.co\\\/web\\\/2020\\\/06\\\/25\\\/hasta-manana-26-de-junio-7-673-personas-podran-reclamar-ingreso-solidario-en-soledad\\\/#article\",\"isPartOf\":{\"@id\":\"https:\\\/\\\/contrastes.com.co\\\/web\\\/2020\\\/06\\\/25\\\/hasta-manana-26-de-junio-7-673-personas-podran-reclamar-ingreso-solidario-en-soledad\\\/\"},\"author\":{\"name\":\"Editor\",\"@id\":\"https:\\\/\\\/contrastes.com.co\\\/web\\\/#\\\/schema\\\/person\\\/62ef7a62dc4da6de450c71fc2e95ed02\"},\"headline\":\"Hasta el 27 de junio, podr\u00e1n reclamar Ingreso Solidario en Soledad\",\"datePublished\":\"2020-06-25T16:44:41+00:00\",\"mainEntityOfPage\":{\"@id\":\"https:\\\/\\\/contrastes.com.co\\\/web\\\/2020\\\/06\\\/25\\\/hasta-manana-26-de-junio-7-673-personas-podran-reclamar-ingreso-solidario-en-soledad\\\/\"},\"wordCount\":368,\"commentCount\":0,\"publisher\":{\"@id\":\"https:\\\/\\\/contrastes.com.co\\\/web\\\/#organization\"},\"image\":{\"@id\":\"https:\\\/\\\/contrastes.com.co\\\/web\\\/2020\\\/06\\\/25\\\/hasta-manana-26-de-junio-7-673-personas-podran-reclamar-ingreso-solidario-en-soledad\\\/#primaryimage\"},\"thumbnailUrl\":\"\",\"keywords\":[\"beneficios\",\"coronavirus\",\"Covid-19\",\"hasta el 26 de junio\",\"Ingreso Solidario\",\"municipio de soledad\",\"reclamar\",\"subsidios\"],\"articleSection\":[\"Coronavirus\",\"Gesti\u00f3n Social\",\"Locales\"],\"inLanguage\":\"es\",\"potentialAction\":[{\"@type\":\"CommentAction\",\"name\":\"Comment\",\"target\":[\"https:\\\/\\\/contrastes.com.co\\\/web\\\/2020\\\/06\\\/25\\\/hasta-manana-26-de-junio-7-673-personas-podran-reclamar-ingreso-solidario-en-soledad\\\/#respond\"]}]},{\"@type\":\"WebPage\",\"@id\":\"https:\\\/\\\/contrastes.com.co\\\/web\\\/2020\\\/06\\\/25\\\/hasta-manana-26-de-junio-7-673-personas-podran-reclamar-ingreso-solidario-en-soledad\\\/\",\"url\":\"https:\\\/\\\/contrastes.com.co\\\/web\\\/2020\\\/06\\\/25\\\/hasta-manana-26-de-junio-7-673-personas-podran-reclamar-ingreso-solidario-en-soledad\\\/\",\"name\":\"Hasta el 27 de junio, podr\u00e1n reclamar Ingreso Solidario en Soledad - Constrastes\",\"isPartOf\":{\"@id\":\"https:\\\/\\\/contrastes.com.co\\\/web\\\/#website\"},\"primaryImageOfPage\":{\"@id\":\"https:\\\/\\\/contrastes.com.co\\\/web\\\/2020\\\/06\\\/25\\\/hasta-manana-26-de-junio-7-673-personas-podran-reclamar-ingreso-solidario-en-soledad\\\/#primaryimage\"},\"image\":{\"@id\":\"https:\\\/\\\/contrastes.com.co\\\/web\\\/2020\\\/06\\\/25\\\/hasta-manana-26-de-junio-7-673-personas-podran-reclamar-ingreso-solidario-en-soledad\\\/#primaryimage\"},\"thumbnailUrl\":\"\",\"datePublished\":\"2020-06-25T16:44:41+00:00\",\"breadcrumb\":{\"@id\":\"https:\\\/\\\/contrastes.com.co\\\/web\\\/2020\\\/06\\\/25\\\/hasta-manana-26-de-junio-7-673-personas-podran-reclamar-ingreso-solidario-en-soledad\\\/#breadcrumb\"},\"inLanguage\":\"es\",\"potentialAction\":[{\"@type\":\"ReadAction\",\"target\":[\"https:\\\/\\\/contrastes.com.co\\\/web\\\/2020\\\/06\\\/25\\\/hasta-manana-26-de-junio-7-673-personas-podran-reclamar-ingreso-solidario-en-soledad\\\/\"]}]},{\"@type\":\"ImageObject\",\"inLanguage\":\"es\",\"@id\":\"https:\\\/\\\/contrastes.com.co\\\/web\\\/2020\\\/06\\\/25\\\/hasta-manana-26-de-junio-7-673-personas-podran-reclamar-ingreso-solidario-en-soledad\\\/#primaryimage\",\"url\":\"\",\"contentUrl\":\"\"},{\"@type\":\"BreadcrumbList\",\"@id\":\"https:\\\/\\\/contrastes.com.co\\\/web\\\/2020\\\/06\\\/25\\\/hasta-manana-26-de-junio-7-673-personas-podran-reclamar-ingreso-solidario-en-soledad\\\/#breadcrumb\",\"itemListElement\":[{\"@type\":\"ListItem\",\"position\":1,\"name\":\"Portada\",\"item\":\"https:\\\/\\\/contrastes.com.co\\\/web\\\/\"},{\"@type\":\"ListItem\",\"position\":2,\"name\":\"Hasta el 27 de junio, podr\u00e1n reclamar Ingreso Solidario en Soledad\"}]},{\"@type\":\"WebSite\",\"@id\":\"https:\\\/\\\/contrastes.com.co\\\/web\\\/#website\",\"url\":\"https:\\\/\\\/contrastes.com.co\\\/web\\\/\",\"name\":\"Contrastes\",\"description\":\"Periodismo de Conciencia\",\"publisher\":{\"@id\":\"https:\\\/\\\/contrastes.com.co\\\/web\\\/#organization\"},\"potentialAction\":[{\"@type\":\"SearchAction\",\"target\":{\"@type\":\"EntryPoint\",\"urlTemplate\":\"https:\\\/\\\/contrastes.com.co\\\/web\\\/?s={search_term_string}\"},\"query-input\":{\"@type\":\"PropertyValueSpecification\",\"valueRequired\":true,\"valueName\":\"search_term_string\"}}],\"inLanguage\":\"es\"},{\"@type\":\"Organization\",\"@id\":\"https:\\\/\\\/contrastes.com.co\\\/web\\\/#organization\",\"name\":\"Contrastes\",\"url\":\"https:\\\/\\\/contrastes.com.co\\\/web\\\/\",\"logo\":{\"@type\":\"ImageObject\",\"inLanguage\":\"es\",\"@id\":\"https:\\\/\\\/contrastes.com.co\\\/web\\\/#\\\/schema\\\/logo\\\/image\\\/\",\"url\":\"https:\\\/\\\/contrastes.com.co\\\/web\\\/wp-content\\\/uploads\\\/2025\\\/04\\\/15CONTRASTES3.png\",\"contentUrl\":\"https:\\\/\\\/contrastes.com.co\\\/web\\\/wp-content\\\/uploads\\\/2025\\\/04\\\/15CONTRASTES3.png\",\"width\":1536,\"height\":231,\"caption\":\"Contrastes\"},\"image\":{\"@id\":\"https:\\\/\\\/contrastes.com.co\\\/web\\\/#\\\/schema\\\/logo\\\/image\\\/\"},\"sameAs\":[\"https:\\\/\\\/www.facebook.com\\\/guillo.pantoja.1\"]},{\"@type\":\"Person\",\"@id\":\"https:\\\/\\\/contrastes.com.co\\\/web\\\/#\\\/schema\\\/person\\\/62ef7a62dc4da6de450c71fc2e95ed02\",\"name\":\"Editor\",\"image\":{\"@type\":\"ImageObject\",\"inLanguage\":\"es\",\"@id\":\"https:\\\/\\\/secure.gravatar.com\\\/avatar\\\/7bbb4f718d74bbf600dc556253bb04fd7ac8593751d6e2e3b85432d98aefae80?s=96&d=mm&r=g\",\"url\":\"https:\\\/\\\/secure.gravatar.com\\\/avatar\\\/7bbb4f718d74bbf600dc556253bb04fd7ac8593751d6e2e3b85432d98aefae80?s=96&d=mm&r=g\",\"contentUrl\":\"https:\\\/\\\/secure.gravatar.com\\\/avatar\\\/7bbb4f718d74bbf600dc556253bb04fd7ac8593751d6e2e3b85432d98aefae80?s=96&d=mm&r=g\",\"caption\":\"Editor\"},\"sameAs\":[\"https:\\\/\\\/contrastes.com.co\\\/web\"],\"url\":\"https:\\\/\\\/contrastes.com.co\\\/web\\\/author\\\/jdbobadilla\\\/\"}]}<\/script>\n<!-- \/ Yoast SEO plugin. -->","yoast_head_json":{"title":"Hasta el 27 de junio, podr\u00e1n reclamar Ingreso Solidario en Soledad - Constrastes","robots":{"index":"index","follow":"follow","max-snippet":"max-snippet:-1","max-image-preview":"max-image-preview:large","max-video-preview":"max-video-preview:-1"},"canonical":"https:\/\/contrastes.com.co\/web\/2020\/06\/25\/hasta-manana-26-de-junio-7-673-personas-podran-reclamar-ingreso-solidario-en-soledad\/","og_locale":"es_ES","og_type":"article","og_title":"Hasta el 27 de junio, podr\u00e1n reclamar Ingreso Solidario en Soledad - Constrastes","og_description":"\u201cHacemos un llamado a la ciudadan\u00eda para actuar de manera correcta, cumpliendo todas las medidas de bioseguridad y respetando el distanciamiento social obligatorio al momento de realizar el cobro del beneficio\u201d, asta el 26 de junio, un total de 7.673 personas del municipio podr\u00e1n reclamar el tercer giro mensual del programa Ingreso Solidario por 160 [&hellip;]","og_url":"https:\/\/contrastes.com.co\/web\/2020\/06\/25\/hasta-manana-26-de-junio-7-673-personas-podran-reclamar-ingreso-solidario-en-soledad\/","og_site_name":"Constrastes","article_publisher":"https:\/\/www.facebook.com\/guillo.pantoja.1","article_published_time":"2020-06-25T16:44:41+00:00","author":"Editor","twitter_card":"summary_large_image","twitter_misc":{"Escrito por":"Editor","Tiempo de lectura":"2 minutos"},"schema":{"@context":"https:\/\/schema.org","@graph":[{"@type":"Article","@id":"https:\/\/contrastes.com.co\/web\/2020\/06\/25\/hasta-manana-26-de-junio-7-673-personas-podran-reclamar-ingreso-solidario-en-soledad\/#article","isPartOf":{"@id":"https:\/\/contrastes.com.co\/web\/2020\/06\/25\/hasta-manana-26-de-junio-7-673-personas-podran-reclamar-ingreso-solidario-en-soledad\/"},"author":{"name":"Editor","@id":"https:\/\/contrastes.com.co\/web\/#\/schema\/person\/62ef7a62dc4da6de450c71fc2e95ed02"},"headline":"Hasta el 27 de junio, podr\u00e1n reclamar Ingreso Solidario en Soledad","datePublished":"2020-06-25T16:44:41+00:00","mainEntityOfPage":{"@id":"https:\/\/contrastes.com.co\/web\/2020\/06\/25\/hasta-manana-26-de-junio-7-673-personas-podran-reclamar-ingreso-solidario-en-soledad\/"},"wordCount":368,"commentCount":0,"publisher":{"@id":"https:\/\/contrastes.com.co\/web\/#organization"},"image":{"@id":"https:\/\/contrastes.com.co\/web\/2020\/06\/25\/hasta-manana-26-de-junio-7-673-personas-podran-reclamar-ingreso-solidario-en-soledad\/#primaryimage"},"thumbnailUrl":"","keywords":["beneficios","coronavirus","Covid-19","hasta el 26 de junio","Ingreso Solidario","municipio de soledad","reclamar","subsidios"],"articleSection":["Coronavirus","Gesti\u00f3n Social","Locales"],"inLanguage":"es","potentialAction":[{"@type":"CommentAction","name":"Comment","target":["https:\/\/contrastes.com.co\/web\/2020\/06\/25\/hasta-manana-26-de-junio-7-673-personas-podran-reclamar-ingreso-solidario-en-soledad\/#respond"]}]},{"@type":"WebPage","@id":"https:\/\/contrastes.com.co\/web\/2020\/06\/25\/hasta-manana-26-de-junio-7-673-personas-podran-reclamar-ingreso-solidario-en-soledad\/","url":"https:\/\/contrastes.com.co\/web\/2020\/06\/25\/hasta-manana-26-de-junio-7-673-personas-podran-reclamar-ingreso-solidario-en-soledad\/","name":"Hasta el 27 de junio, podr\u00e1n reclamar Ingreso Solidario en Soledad - Constrastes","isPartOf":{"@id":"https:\/\/contrastes.com.co\/web\/#website"},"primaryImageOfPage":{"@id":"https:\/\/contrastes.com.co\/web\/2020\/06\/25\/hasta-manana-26-de-junio-7-673-personas-podran-reclamar-ingreso-solidario-en-soledad\/#primaryimage"},"image":{"@id":"https:\/\/contrastes.com.co\/web\/2020\/06\/25\/hasta-manana-26-de-junio-7-673-personas-podran-reclamar-ingreso-solidario-en-soledad\/#primaryimage"},"thumbnailUrl":"","datePublished":"2020-06-25T16:44:41+00:00","breadcrumb":{"@id":"https:\/\/contrastes.com.co\/web\/2020\/06\/25\/hasta-manana-26-de-junio-7-673-personas-podran-reclamar-ingreso-solidario-en-soledad\/#breadcrumb"},"inLanguage":"es","potentialAction":[{"@type":"ReadAction","target":["https:\/\/contrastes.com.co\/web\/2020\/06\/25\/hasta-manana-26-de-junio-7-673-personas-podran-reclamar-ingreso-solidario-en-soledad\/"]}]},{"@type":"ImageObject","inLanguage":"es","@id":"https:\/\/contrastes.com.co\/web\/2020\/06\/25\/hasta-manana-26-de-junio-7-673-personas-podran-reclamar-ingreso-solidario-en-soledad\/#primaryimage","url":"","contentUrl":""},{"@type":"BreadcrumbList","@id":"https:\/\/contrastes.com.co\/web\/2020\/06\/25\/hasta-manana-26-de-junio-7-673-personas-podran-reclamar-ingreso-solidario-en-soledad\/#breadcrumb","itemListElement":[{"@type":"ListItem","position":1,"name":"Portada","item":"https:\/\/contrastes.com.co\/web\/"},{"@type":"ListItem","position":2,"name":"Hasta el 27 de junio, podr\u00e1n reclamar Ingreso Solidario en Soledad"}]},{"@type":"WebSite","@id":"https:\/\/contrastes.com.co\/web\/#website","url":"https:\/\/contrastes.com.co\/web\/","name":"Contrastes","description":"Periodismo de Conciencia","publisher":{"@id":"https:\/\/contrastes.com.co\/web\/#organization"},"potentialAction":[{"@type":"SearchAction","target":{"@type":"EntryPoint","urlTemplate":"https:\/\/contrastes.com.co\/web\/?s={search_term_string}"},"query-input":{"@type":"PropertyValueSpecification","valueRequired":true,"valueName":"search_term_string"}}],"inLanguage":"es"},{"@type":"Organization","@id":"https:\/\/contrastes.com.co\/web\/#organization","name":"Contrastes","url":"https:\/\/contrastes.com.co\/web\/","logo":{"@type":"ImageObject","inLanguage":"es","@id":"https:\/\/contrastes.com.co\/web\/#\/schema\/logo\/image\/","url":"https:\/\/contrastes.com.co\/web\/wp-content\/uploads\/2025\/04\/15CONTRASTES3.png","contentUrl":"https:\/\/contrastes.com.co\/web\/wp-content\/uploads\/2025\/04\/15CONTRASTES3.png","width":1536,"height":231,"caption":"Contrastes"},"image":{"@id":"https:\/\/contrastes.com.co\/web\/#\/schema\/logo\/image\/"},"sameAs":["https:\/\/www.facebook.com\/guillo.pantoja.1"]},{"@type":"Person","@id":"https:\/\/contrastes.com.co\/web\/#\/schema\/person\/62ef7a62dc4da6de450c71fc2e95ed02","name":"Editor","image":{"@type":"ImageObject","inLanguage":"es","@id":"https:\/\/secure.gravatar.com\/avatar\/7bbb4f718d74bbf600dc556253bb04fd7ac8593751d6e2e3b85432d98aefae80?s=96&d=mm&r=g","url":"https:\/\/secure.gravatar.com\/avatar\/7bbb4f718d74bbf600dc556253bb04fd7ac8593751d6e2e3b85432d98aefae80?s=96&d=mm&r=g","contentUrl":"https:\/\/secure.gravatar.com\/avatar\/7bbb4f718d74bbf600dc556253bb04fd7ac8593751d6e2e3b85432d98aefae80?s=96&d=mm&r=g","caption":"Editor"},"sameAs":["https:\/\/contrastes.com.co\/web"],"url":"https:\/\/contrastes.com.co\/web\/author\/jdbobadilla\/"}]}},"blog_post_layout_featured_media_urls":{"thumbnail":"","full":""},"categories_names":{"73":{"name":"Coronavirus","link":"https:\/\/contrastes.com.co\/web\/category\/coronavirus\/"},"571":{"name":"Gesti\u00f3n Social","link":"https:\/\/contrastes.com.co\/web\/category\/gestion-social\/"},"23":{"name":"Locales","link":"https:\/\/contrastes.com.co\/web\/category\/locales\/"}},"tags_names":{"666":{"name":"beneficios","link":"https:\/\/contrastes.com.co\/web\/tag\/beneficios\/"},"86":{"name":"coronavirus","link":"https:\/\/contrastes.com.co\/web\/tag\/coronavirus\/"},"503":{"name":"Covid-19","link":"https:\/\/contrastes.com.co\/web\/tag\/covid-19\/"},"667":{"name":"hasta el 26 de junio","link":"https:\/\/contrastes.com.co\/web\/tag\/hasta-el-26-de-junio\/"},"444":{"name":"Ingreso Solidario","link":"https:\/\/contrastes.com.co\/web\/tag\/ingreso-solidario\/"},"51":{"name":"municipio de soledad","link":"https:\/\/contrastes.com.co\/web\/tag\/municipio-de-soledad\/"},"668":{"name":"reclamar","link":"https:\/\/contrastes.com.co\/web\/tag\/reclamar\/"},"427":{"name":"subsidios","link":"https:\/\/contrastes.com.co\/web\/tag\/subsidios\/"}},"comments_number":"0","wpmagazine_modules_lite_featured_media_urls":{"thumbnail":"","cvmm-medium":"","cvmm-medium-plus":"","cvmm-portrait":"","cvmm-medium-square":"","cvmm-large":"","cvmm-small":"","full":""},"_links":{"self":[{"href":"https:\/\/contrastes.com.co\/web\/wp-json\/wp\/v2\/posts\/1522","targetHints":{"allow":["GET"]}}],"collection":[{"href":"https:\/\/contrastes.com.co\/web\/wp-json\/wp\/v2\/posts"}],"about":[{"href":"https:\/\/contrastes.com.co\/web\/wp-json\/wp\/v2\/types\/post"}],"author":[{"embeddable":true,"href":"https:\/\/contrastes.com.co\/web\/wp-json\/wp\/v2\/users\/1"}],"replies":[{"embeddable":true,"href":"https:\/\/contrastes.com.co\/web\/wp-json\/wp\/v2\/comments?post=1522"}],"version-history":[{"count":0,"href":"https:\/\/contrastes.com.co\/web\/wp-json\/wp\/v2\/posts\/1522\/revisions"}],"wp:attachment":[{"href":"https:\/\/contrastes.com.co\/web\/wp-json\/wp\/v2\/media?parent=1522"}],"wp:term":[{"taxonomy":"category","embeddable":true,"href":"https:\/\/contrastes.com.co\/web\/wp-json\/wp\/v2\/categories?post=1522"},{"taxonomy":"post_tag","embeddable":true,"href":"https:\/\/contrastes.com.co\/web\/wp-json\/wp\/v2\/tags?post=1522"}],"curies":[{"name":"wp","href":"https:\/\/api.w.org\/{rel}","templated":true}]}}