{"id":15360,"date":"2024-11-06T20:39:45","date_gmt":"2024-11-07T01:39:45","guid":{"rendered":"https:\/\/contrastes.com.co\/digital\/?p=15360"},"modified":"2024-11-06T20:39:45","modified_gmt":"2024-11-07T01:39:45","slug":"las-reinas-populares-del-2025-prenden-la-fiesta-del-carnaval","status":"publish","type":"post","link":"https:\/\/contrastes.com.co\/web\/2024\/11\/06\/las-reinas-populares-del-2025-prenden-la-fiesta-del-carnaval\/","title":{"rendered":"Las Reinas Populares Del 2025, Prenden La Fiesta Del Carnaval"},"content":{"rendered":"<blockquote><p><em><strong>En esta edici\u00f3n se postularon 27 candidatas que exaltar\u00e1n la cultura y tradici\u00f3n de los barrios Barranquilleros.<\/strong><\/em><\/p><\/blockquote>\n<p>&nbsp;<\/p>\n<p>Por: Lester Padilla Sanchez<\/p>\n<p>&nbsp;<\/p>\n<p>En una gala presidida por la soberana del Carnaval de Barranquilla 2025,\u00a0Tatiana Angulo Fern\u00e1ndez De Castro, el rey Momo\u00a0Gabriel Marriaga Tejada y los reyes infantiles, se dio apertura al Reinado Popular del Carnaval \u00a0de Barranquilla 2025, en el cual 27 j\u00f3venes Barranquilleras mostraran toda su la alegr\u00eda y talento, para exaltar nuestro legado cultural, enraizado en cada uno de los barrios y sectores de nuestra ciudad.<\/p>\n<p>En esta version del reinado popular 2025 hacen presencia por primera vez los barrios y sectores de: Caribe Verde, Pumarejo, Ed\u00e9n, Ciudad Modesto y El Prado. A su vez que regresan al certamen\u00a0los barrios La Luz, La Chinita y Rebolo, La Sierrita, Santo Domingo de Guzm\u00e1n, entre otros.<\/p>\n<p>Ser candidata del reinado \u00a0popular del carnaval de Barranquilla es un honor y privilegio de cada una de estas j\u00f3venes Barranquilleras provenientes de diferentes sectores y barrios de la ciudad, es por eso que las cualidades principales de cada participante ante todo debe ser la alegr\u00eda y amor por la ciudad y su carnaval.<\/p>\n<p>Durante esta semana se estar\u00e1 grabando el video promocional de este certamen y se establecer\u00e1 la agenda de presentaciones hasta el inicio del Carnaval 2025<\/p>\n","protected":false},"excerpt":{"rendered":"<p>En esta edici\u00f3n se postularon 27 candidatas que exaltar\u00e1n la cultura y tradici\u00f3n de los barrios Barranquilleros. &nbsp; Por: Lester Padilla Sanchez &nbsp; En una gala presidida por la soberana del Carnaval de Barranquilla 2025,\u00a0Tatiana Angulo Fern\u00e1ndez De Castro, el rey Momo\u00a0Gabriel Marriaga Tejada y los reyes infantiles, se dio apertura al Reinado Popular del [&hellip;]<\/p>\n","protected":false},"author":1,"featured_media":15361,"comment_status":"open","ping_status":"open","sticky":false,"template":"","format":"standard","meta":{"footnotes":""},"categories":[6778,1796,8566,7411,104,7272,4208,207,2169,7090,9238,2930,9749,8562,2076,2549,277,101,1355,24,3348,4940],"tags":[],"class_list":["post-15360","post","type-post","status-publish","format-standard","has-post-thumbnail","hentry","category-arte","category-carnaval","category-colombia-hoy","category-convivencia-y-cultura-ciudadana","category-cultura","category-cultura-ciudadana","category-diversidad","category-educacion","category-eventos","category-festividades","category-folclor","category-gestion-humana","category-gobernacion-del-atlantico","category-lester-padilla","category-musica","category-novedades","category-opinion","category-pais","category-redes-sociales","category-region","category-television","category-television-web"],"yoast_head":"<!-- This site is optimized with the Yoast SEO plugin v27.7 - https:\/\/yoast.com\/product\/yoast-seo-wordpress\/ -->\n<title>Las Reinas Populares Del 2025, Prenden La Fiesta Del Carnaval - Constrastes<\/title>\n<meta name=\"description\" content=\"En una gala presidida por la soberana del Carnaval de Barranquilla 2025,\u00a0Tatiana Angulo Fern\u00e1ndez De Castro, el rey Momo\u00a0Gabriel Marriaga Tejada y los reyes infantiles, se dio apertura al Reinado Popular del Carnaval \u00a0de Barranquilla 2025, en el cual 27 j\u00f3venes Barranquilleras mostraran toda su la alegr\u00eda y talento, para exaltar nuestro legado cultural, enraizado en cada uno de los barrios y sectores de nuestra ciudad.\u00a0\" \/>\n<meta name=\"robots\" content=\"index, follow, max-snippet:-1, max-image-preview:large, max-video-preview:-1\" \/>\n<link rel=\"canonical\" href=\"https:\/\/contrastes.com.co\/web\/2024\/11\/06\/las-reinas-populares-del-2025-prenden-la-fiesta-del-carnaval\/\" \/>\n<meta property=\"og:locale\" content=\"es_ES\" \/>\n<meta property=\"og:type\" content=\"article\" \/>\n<meta property=\"og:title\" content=\"Las Reinas Populares Del 2025, Prenden La Fiesta Del Carnaval - Constrastes\" \/>\n<meta property=\"og:description\" content=\"En una gala presidida por la soberana del Carnaval de Barranquilla 2025,\u00a0Tatiana Angulo Fern\u00e1ndez De Castro, el rey Momo\u00a0Gabriel Marriaga Tejada y los reyes infantiles, se dio apertura al Reinado Popular del Carnaval \u00a0de Barranquilla 2025, en el cual 27 j\u00f3venes Barranquilleras mostraran toda su la alegr\u00eda y talento, para exaltar nuestro legado cultural, enraizado en cada uno de los barrios y sectores de nuestra ciudad.\u00a0\" \/>\n<meta property=\"og:url\" content=\"https:\/\/contrastes.com.co\/web\/2024\/11\/06\/las-reinas-populares-del-2025-prenden-la-fiesta-del-carnaval\/\" \/>\n<meta property=\"og:site_name\" content=\"Constrastes\" \/>\n<meta property=\"article:publisher\" content=\"https:\/\/www.facebook.com\/guillo.pantoja.1\" \/>\n<meta property=\"article:published_time\" content=\"2024-11-07T01:39:45+00:00\" \/>\n<meta property=\"og:image\" content=\"https:\/\/contrastes.com.co\/web\/wp-content\/uploads\/2024\/11\/EDI02260-scaled-1.jpg\" \/>\n\t<meta property=\"og:image:width\" content=\"2560\" \/>\n\t<meta property=\"og:image:height\" content=\"1707\" \/>\n\t<meta property=\"og:image:type\" content=\"image\/jpeg\" \/>\n<meta name=\"author\" content=\"Editor\" \/>\n<meta name=\"twitter:card\" content=\"summary_large_image\" \/>\n<meta name=\"twitter:label1\" content=\"Escrito por\" \/>\n\t<meta name=\"twitter:data1\" content=\"Editor\" \/>\n\t<meta name=\"twitter:label2\" content=\"Tiempo de lectura\" \/>\n\t<meta name=\"twitter:data2\" content=\"1 minuto\" \/>\n<script type=\"application\/ld+json\" class=\"yoast-schema-graph\">{\"@context\":\"https:\\\/\\\/schema.org\",\"@graph\":[{\"@type\":\"Article\",\"@id\":\"https:\\\/\\\/contrastes.com.co\\\/web\\\/2024\\\/11\\\/06\\\/las-reinas-populares-del-2025-prenden-la-fiesta-del-carnaval\\\/#article\",\"isPartOf\":{\"@id\":\"https:\\\/\\\/contrastes.com.co\\\/web\\\/2024\\\/11\\\/06\\\/las-reinas-populares-del-2025-prenden-la-fiesta-del-carnaval\\\/\"},\"author\":{\"name\":\"Editor\",\"@id\":\"https:\\\/\\\/contrastes.com.co\\\/web\\\/#\\\/schema\\\/person\\\/62ef7a62dc4da6de450c71fc2e95ed02\"},\"headline\":\"Las Reinas Populares Del 2025, Prenden La Fiesta Del Carnaval\",\"datePublished\":\"2024-11-07T01:39:45+00:00\",\"mainEntityOfPage\":{\"@id\":\"https:\\\/\\\/contrastes.com.co\\\/web\\\/2024\\\/11\\\/06\\\/las-reinas-populares-del-2025-prenden-la-fiesta-del-carnaval\\\/\"},\"wordCount\":232,\"commentCount\":0,\"publisher\":{\"@id\":\"https:\\\/\\\/contrastes.com.co\\\/web\\\/#organization\"},\"image\":{\"@id\":\"https:\\\/\\\/contrastes.com.co\\\/web\\\/2024\\\/11\\\/06\\\/las-reinas-populares-del-2025-prenden-la-fiesta-del-carnaval\\\/#primaryimage\"},\"thumbnailUrl\":\"https:\\\/\\\/contrastes.com.co\\\/web\\\/wp-content\\\/uploads\\\/2024\\\/11\\\/EDI02260-scaled-1.jpg\",\"articleSection\":[\"Arte\",\"Carnaval\",\"Colombia Hoy\",\"Convivencia y Cultura Ciudadana\",\"Cultura\",\"Cultura Ciudadana\",\"Diversidad\",\"Educaci\u00f3n\",\"Eventos\",\"Festividades\",\"Folclor\",\"Gesti\u00f3n Humana\",\"Gobernaci\u00f3n del Atl\u00e1ntico\",\"Lester Padilla\",\"M\u00fasica\",\"Novedades\",\"Opini\u00f3n\",\"Pa\u00eds\",\"Redes Sociales\",\"Regi\u00f3n\",\"Televisi\u00f3n\",\"Televisi\u00f3n-Web\"],\"inLanguage\":\"es\",\"potentialAction\":[{\"@type\":\"CommentAction\",\"name\":\"Comment\",\"target\":[\"https:\\\/\\\/contrastes.com.co\\\/web\\\/2024\\\/11\\\/06\\\/las-reinas-populares-del-2025-prenden-la-fiesta-del-carnaval\\\/#respond\"]}]},{\"@type\":\"WebPage\",\"@id\":\"https:\\\/\\\/contrastes.com.co\\\/web\\\/2024\\\/11\\\/06\\\/las-reinas-populares-del-2025-prenden-la-fiesta-del-carnaval\\\/\",\"url\":\"https:\\\/\\\/contrastes.com.co\\\/web\\\/2024\\\/11\\\/06\\\/las-reinas-populares-del-2025-prenden-la-fiesta-del-carnaval\\\/\",\"name\":\"Las Reinas Populares Del 2025, Prenden La Fiesta Del Carnaval - Constrastes\",\"isPartOf\":{\"@id\":\"https:\\\/\\\/contrastes.com.co\\\/web\\\/#website\"},\"primaryImageOfPage\":{\"@id\":\"https:\\\/\\\/contrastes.com.co\\\/web\\\/2024\\\/11\\\/06\\\/las-reinas-populares-del-2025-prenden-la-fiesta-del-carnaval\\\/#primaryimage\"},\"image\":{\"@id\":\"https:\\\/\\\/contrastes.com.co\\\/web\\\/2024\\\/11\\\/06\\\/las-reinas-populares-del-2025-prenden-la-fiesta-del-carnaval\\\/#primaryimage\"},\"thumbnailUrl\":\"https:\\\/\\\/contrastes.com.co\\\/web\\\/wp-content\\\/uploads\\\/2024\\\/11\\\/EDI02260-scaled-1.jpg\",\"datePublished\":\"2024-11-07T01:39:45+00:00\",\"description\":\"En una gala presidida por la soberana del Carnaval de Barranquilla 2025,\u00a0Tatiana Angulo Fern\u00e1ndez De Castro, el rey Momo\u00a0Gabriel Marriaga Tejada y los reyes infantiles, se dio apertura al Reinado Popular del Carnaval \u00a0de Barranquilla 2025, en el cual 27 j\u00f3venes Barranquilleras mostraran toda su la alegr\u00eda y talento, para exaltar nuestro legado cultural, enraizado en cada uno de los barrios y sectores de nuestra ciudad.\u00a0\",\"breadcrumb\":{\"@id\":\"https:\\\/\\\/contrastes.com.co\\\/web\\\/2024\\\/11\\\/06\\\/las-reinas-populares-del-2025-prenden-la-fiesta-del-carnaval\\\/#breadcrumb\"},\"inLanguage\":\"es\",\"potentialAction\":[{\"@type\":\"ReadAction\",\"target\":[\"https:\\\/\\\/contrastes.com.co\\\/web\\\/2024\\\/11\\\/06\\\/las-reinas-populares-del-2025-prenden-la-fiesta-del-carnaval\\\/\"]}]},{\"@type\":\"ImageObject\",\"inLanguage\":\"es\",\"@id\":\"https:\\\/\\\/contrastes.com.co\\\/web\\\/2024\\\/11\\\/06\\\/las-reinas-populares-del-2025-prenden-la-fiesta-del-carnaval\\\/#primaryimage\",\"url\":\"https:\\\/\\\/contrastes.com.co\\\/web\\\/wp-content\\\/uploads\\\/2024\\\/11\\\/EDI02260-scaled-1.jpg\",\"contentUrl\":\"https:\\\/\\\/contrastes.com.co\\\/web\\\/wp-content\\\/uploads\\\/2024\\\/11\\\/EDI02260-scaled-1.jpg\",\"width\":2560,\"height\":1707},{\"@type\":\"BreadcrumbList\",\"@id\":\"https:\\\/\\\/contrastes.com.co\\\/web\\\/2024\\\/11\\\/06\\\/las-reinas-populares-del-2025-prenden-la-fiesta-del-carnaval\\\/#breadcrumb\",\"itemListElement\":[{\"@type\":\"ListItem\",\"position\":1,\"name\":\"Portada\",\"item\":\"https:\\\/\\\/contrastes.com.co\\\/web\\\/\"},{\"@type\":\"ListItem\",\"position\":2,\"name\":\"Las Reinas Populares Del 2025, Prenden La Fiesta Del Carnaval\"}]},{\"@type\":\"WebSite\",\"@id\":\"https:\\\/\\\/contrastes.com.co\\\/web\\\/#website\",\"url\":\"https:\\\/\\\/contrastes.com.co\\\/web\\\/\",\"name\":\"Contrastes\",\"description\":\"Periodismo de Conciencia\",\"publisher\":{\"@id\":\"https:\\\/\\\/contrastes.com.co\\\/web\\\/#organization\"},\"potentialAction\":[{\"@type\":\"SearchAction\",\"target\":{\"@type\":\"EntryPoint\",\"urlTemplate\":\"https:\\\/\\\/contrastes.com.co\\\/web\\\/?s={search_term_string}\"},\"query-input\":{\"@type\":\"PropertyValueSpecification\",\"valueRequired\":true,\"valueName\":\"search_term_string\"}}],\"inLanguage\":\"es\"},{\"@type\":\"Organization\",\"@id\":\"https:\\\/\\\/contrastes.com.co\\\/web\\\/#organization\",\"name\":\"Contrastes\",\"url\":\"https:\\\/\\\/contrastes.com.co\\\/web\\\/\",\"logo\":{\"@type\":\"ImageObject\",\"inLanguage\":\"es\",\"@id\":\"https:\\\/\\\/contrastes.com.co\\\/web\\\/#\\\/schema\\\/logo\\\/image\\\/\",\"url\":\"https:\\\/\\\/contrastes.com.co\\\/web\\\/wp-content\\\/uploads\\\/2025\\\/04\\\/15CONTRASTES3.png\",\"contentUrl\":\"https:\\\/\\\/contrastes.com.co\\\/web\\\/wp-content\\\/uploads\\\/2025\\\/04\\\/15CONTRASTES3.png\",\"width\":1536,\"height\":231,\"caption\":\"Contrastes\"},\"image\":{\"@id\":\"https:\\\/\\\/contrastes.com.co\\\/web\\\/#\\\/schema\\\/logo\\\/image\\\/\"},\"sameAs\":[\"https:\\\/\\\/www.facebook.com\\\/guillo.pantoja.1\"]},{\"@type\":\"Person\",\"@id\":\"https:\\\/\\\/contrastes.com.co\\\/web\\\/#\\\/schema\\\/person\\\/62ef7a62dc4da6de450c71fc2e95ed02\",\"name\":\"Editor\",\"image\":{\"@type\":\"ImageObject\",\"inLanguage\":\"es\",\"@id\":\"https:\\\/\\\/secure.gravatar.com\\\/avatar\\\/7bbb4f718d74bbf600dc556253bb04fd7ac8593751d6e2e3b85432d98aefae80?s=96&d=mm&r=g\",\"url\":\"https:\\\/\\\/secure.gravatar.com\\\/avatar\\\/7bbb4f718d74bbf600dc556253bb04fd7ac8593751d6e2e3b85432d98aefae80?s=96&d=mm&r=g\",\"contentUrl\":\"https:\\\/\\\/secure.gravatar.com\\\/avatar\\\/7bbb4f718d74bbf600dc556253bb04fd7ac8593751d6e2e3b85432d98aefae80?s=96&d=mm&r=g\",\"caption\":\"Editor\"},\"sameAs\":[\"https:\\\/\\\/contrastes.com.co\\\/web\"],\"url\":\"https:\\\/\\\/contrastes.com.co\\\/web\\\/author\\\/jdbobadilla\\\/\"}]}<\/script>\n<!-- \/ Yoast SEO plugin. -->","yoast_head_json":{"title":"Las Reinas Populares Del 2025, Prenden La Fiesta Del Carnaval - Constrastes","description":"En una gala presidida por la soberana del Carnaval de Barranquilla 2025,\u00a0Tatiana Angulo Fern\u00e1ndez De Castro, el rey Momo\u00a0Gabriel Marriaga Tejada y los reyes infantiles, se dio apertura al Reinado Popular del Carnaval \u00a0de Barranquilla 2025, en el cual 27 j\u00f3venes Barranquilleras mostraran toda su la alegr\u00eda y talento, para exaltar nuestro legado cultural, enraizado en cada uno de los barrios y sectores de nuestra ciudad.\u00a0","robots":{"index":"index","follow":"follow","max-snippet":"max-snippet:-1","max-image-preview":"max-image-preview:large","max-video-preview":"max-video-preview:-1"},"canonical":"https:\/\/contrastes.com.co\/web\/2024\/11\/06\/las-reinas-populares-del-2025-prenden-la-fiesta-del-carnaval\/","og_locale":"es_ES","og_type":"article","og_title":"Las Reinas Populares Del 2025, Prenden La Fiesta Del Carnaval - Constrastes","og_description":"En una gala presidida por la soberana del Carnaval de Barranquilla 2025,\u00a0Tatiana Angulo Fern\u00e1ndez De Castro, el rey Momo\u00a0Gabriel Marriaga Tejada y los reyes infantiles, se dio apertura al Reinado Popular del Carnaval \u00a0de Barranquilla 2025, en el cual 27 j\u00f3venes Barranquilleras mostraran toda su la alegr\u00eda y talento, para exaltar nuestro legado cultural, enraizado en cada uno de los barrios y sectores de nuestra ciudad.\u00a0","og_url":"https:\/\/contrastes.com.co\/web\/2024\/11\/06\/las-reinas-populares-del-2025-prenden-la-fiesta-del-carnaval\/","og_site_name":"Constrastes","article_publisher":"https:\/\/www.facebook.com\/guillo.pantoja.1","article_published_time":"2024-11-07T01:39:45+00:00","og_image":[{"width":2560,"height":1707,"url":"https:\/\/contrastes.com.co\/web\/wp-content\/uploads\/2024\/11\/EDI02260-scaled-1.jpg","type":"image\/jpeg"}],"author":"Editor","twitter_card":"summary_large_image","twitter_misc":{"Escrito por":"Editor","Tiempo de lectura":"1 minuto"},"schema":{"@context":"https:\/\/schema.org","@graph":[{"@type":"Article","@id":"https:\/\/contrastes.com.co\/web\/2024\/11\/06\/las-reinas-populares-del-2025-prenden-la-fiesta-del-carnaval\/#article","isPartOf":{"@id":"https:\/\/contrastes.com.co\/web\/2024\/11\/06\/las-reinas-populares-del-2025-prenden-la-fiesta-del-carnaval\/"},"author":{"name":"Editor","@id":"https:\/\/contrastes.com.co\/web\/#\/schema\/person\/62ef7a62dc4da6de450c71fc2e95ed02"},"headline":"Las Reinas Populares Del 2025, Prenden La Fiesta Del Carnaval","datePublished":"2024-11-07T01:39:45+00:00","mainEntityOfPage":{"@id":"https:\/\/contrastes.com.co\/web\/2024\/11\/06\/las-reinas-populares-del-2025-prenden-la-fiesta-del-carnaval\/"},"wordCount":232,"commentCount":0,"publisher":{"@id":"https:\/\/contrastes.com.co\/web\/#organization"},"image":{"@id":"https:\/\/contrastes.com.co\/web\/2024\/11\/06\/las-reinas-populares-del-2025-prenden-la-fiesta-del-carnaval\/#primaryimage"},"thumbnailUrl":"https:\/\/contrastes.com.co\/web\/wp-content\/uploads\/2024\/11\/EDI02260-scaled-1.jpg","articleSection":["Arte","Carnaval","Colombia Hoy","Convivencia y Cultura Ciudadana","Cultura","Cultura Ciudadana","Diversidad","Educaci\u00f3n","Eventos","Festividades","Folclor","Gesti\u00f3n Humana","Gobernaci\u00f3n del Atl\u00e1ntico","Lester Padilla","M\u00fasica","Novedades","Opini\u00f3n","Pa\u00eds","Redes Sociales","Regi\u00f3n","Televisi\u00f3n","Televisi\u00f3n-Web"],"inLanguage":"es","potentialAction":[{"@type":"CommentAction","name":"Comment","target":["https:\/\/contrastes.com.co\/web\/2024\/11\/06\/las-reinas-populares-del-2025-prenden-la-fiesta-del-carnaval\/#respond"]}]},{"@type":"WebPage","@id":"https:\/\/contrastes.com.co\/web\/2024\/11\/06\/las-reinas-populares-del-2025-prenden-la-fiesta-del-carnaval\/","url":"https:\/\/contrastes.com.co\/web\/2024\/11\/06\/las-reinas-populares-del-2025-prenden-la-fiesta-del-carnaval\/","name":"Las Reinas Populares Del 2025, Prenden La Fiesta Del Carnaval - Constrastes","isPartOf":{"@id":"https:\/\/contrastes.com.co\/web\/#website"},"primaryImageOfPage":{"@id":"https:\/\/contrastes.com.co\/web\/2024\/11\/06\/las-reinas-populares-del-2025-prenden-la-fiesta-del-carnaval\/#primaryimage"},"image":{"@id":"https:\/\/contrastes.com.co\/web\/2024\/11\/06\/las-reinas-populares-del-2025-prenden-la-fiesta-del-carnaval\/#primaryimage"},"thumbnailUrl":"https:\/\/contrastes.com.co\/web\/wp-content\/uploads\/2024\/11\/EDI02260-scaled-1.jpg","datePublished":"2024-11-07T01:39:45+00:00","description":"En una gala presidida por la soberana del Carnaval de Barranquilla 2025,\u00a0Tatiana Angulo Fern\u00e1ndez De Castro, el rey Momo\u00a0Gabriel Marriaga Tejada y los reyes infantiles, se dio apertura al Reinado Popular del Carnaval \u00a0de Barranquilla 2025, en el cual 27 j\u00f3venes Barranquilleras mostraran toda su la alegr\u00eda y talento, para exaltar nuestro legado cultural, enraizado en cada uno de los barrios y sectores de nuestra ciudad.\u00a0","breadcrumb":{"@id":"https:\/\/contrastes.com.co\/web\/2024\/11\/06\/las-reinas-populares-del-2025-prenden-la-fiesta-del-carnaval\/#breadcrumb"},"inLanguage":"es","potentialAction":[{"@type":"ReadAction","target":["https:\/\/contrastes.com.co\/web\/2024\/11\/06\/las-reinas-populares-del-2025-prenden-la-fiesta-del-carnaval\/"]}]},{"@type":"ImageObject","inLanguage":"es","@id":"https:\/\/contrastes.com.co\/web\/2024\/11\/06\/las-reinas-populares-del-2025-prenden-la-fiesta-del-carnaval\/#primaryimage","url":"https:\/\/contrastes.com.co\/web\/wp-content\/uploads\/2024\/11\/EDI02260-scaled-1.jpg","contentUrl":"https:\/\/contrastes.com.co\/web\/wp-content\/uploads\/2024\/11\/EDI02260-scaled-1.jpg","width":2560,"height":1707},{"@type":"BreadcrumbList","@id":"https:\/\/contrastes.com.co\/web\/2024\/11\/06\/las-reinas-populares-del-2025-prenden-la-fiesta-del-carnaval\/#breadcrumb","itemListElement":[{"@type":"ListItem","position":1,"name":"Portada","item":"https:\/\/contrastes.com.co\/web\/"},{"@type":"ListItem","position":2,"name":"Las Reinas Populares Del 2025, Prenden La Fiesta Del Carnaval"}]},{"@type":"WebSite","@id":"https:\/\/contrastes.com.co\/web\/#website","url":"https:\/\/contrastes.com.co\/web\/","name":"Contrastes","description":"Periodismo de Conciencia","publisher":{"@id":"https:\/\/contrastes.com.co\/web\/#organization"},"potentialAction":[{"@type":"SearchAction","target":{"@type":"EntryPoint","urlTemplate":"https:\/\/contrastes.com.co\/web\/?s={search_term_string}"},"query-input":{"@type":"PropertyValueSpecification","valueRequired":true,"valueName":"search_term_string"}}],"inLanguage":"es"},{"@type":"Organization","@id":"https:\/\/contrastes.com.co\/web\/#organization","name":"Contrastes","url":"https:\/\/contrastes.com.co\/web\/","logo":{"@type":"ImageObject","inLanguage":"es","@id":"https:\/\/contrastes.com.co\/web\/#\/schema\/logo\/image\/","url":"https:\/\/contrastes.com.co\/web\/wp-content\/uploads\/2025\/04\/15CONTRASTES3.png","contentUrl":"https:\/\/contrastes.com.co\/web\/wp-content\/uploads\/2025\/04\/15CONTRASTES3.png","width":1536,"height":231,"caption":"Contrastes"},"image":{"@id":"https:\/\/contrastes.com.co\/web\/#\/schema\/logo\/image\/"},"sameAs":["https:\/\/www.facebook.com\/guillo.pantoja.1"]},{"@type":"Person","@id":"https:\/\/contrastes.com.co\/web\/#\/schema\/person\/62ef7a62dc4da6de450c71fc2e95ed02","name":"Editor","image":{"@type":"ImageObject","inLanguage":"es","@id":"https:\/\/secure.gravatar.com\/avatar\/7bbb4f718d74bbf600dc556253bb04fd7ac8593751d6e2e3b85432d98aefae80?s=96&d=mm&r=g","url":"https:\/\/secure.gravatar.com\/avatar\/7bbb4f718d74bbf600dc556253bb04fd7ac8593751d6e2e3b85432d98aefae80?s=96&d=mm&r=g","contentUrl":"https:\/\/secure.gravatar.com\/avatar\/7bbb4f718d74bbf600dc556253bb04fd7ac8593751d6e2e3b85432d98aefae80?s=96&d=mm&r=g","caption":"Editor"},"sameAs":["https:\/\/contrastes.com.co\/web"],"url":"https:\/\/contrastes.com.co\/web\/author\/jdbobadilla\/"}]}},"blog_post_layout_featured_media_urls":{"thumbnail":["https:\/\/contrastes.com.co\/web\/wp-content\/uploads\/2024\/11\/EDI02260-scaled-1-150x150.jpg",150,150,true],"full":["https:\/\/contrastes.com.co\/web\/wp-content\/uploads\/2024\/11\/EDI02260-scaled-1.jpg",2560,1707,false]},"categories_names":{"6778":{"name":"Arte","link":"https:\/\/contrastes.com.co\/web\/category\/arte\/"},"1796":{"name":"Carnaval","link":"https:\/\/contrastes.com.co\/web\/category\/carnaval\/"},"8566":{"name":"Colombia Hoy","link":"https:\/\/contrastes.com.co\/web\/category\/colombia-hoy\/"},"7411":{"name":"Convivencia y Cultura Ciudadana","link":"https:\/\/contrastes.com.co\/web\/category\/convivencia-y-cultura-ciudadana\/"},"104":{"name":"Cultura","link":"https:\/\/contrastes.com.co\/web\/category\/cultura\/"},"7272":{"name":"Cultura Ciudadana","link":"https:\/\/contrastes.com.co\/web\/category\/cultura-ciudadana\/"},"4208":{"name":"Diversidad","link":"https:\/\/contrastes.com.co\/web\/category\/diversidad\/"},"207":{"name":"Educaci\u00f3n","link":"https:\/\/contrastes.com.co\/web\/category\/educacion\/"},"2169":{"name":"Eventos","link":"https:\/\/contrastes.com.co\/web\/category\/eventos\/"},"7090":{"name":"Festividades","link":"https:\/\/contrastes.com.co\/web\/category\/festividades\/"},"9238":{"name":"Folclor","link":"https:\/\/contrastes.com.co\/web\/category\/folclor\/"},"2930":{"name":"Gesti\u00f3n Humana","link":"https:\/\/contrastes.com.co\/web\/category\/gestion-humana\/"},"9749":{"name":"Gobernaci\u00f3n del Atl\u00e1ntico","link":"https:\/\/contrastes.com.co\/web\/category\/gobernacion-del-atlantico\/"},"8562":{"name":"Lester Padilla","link":"https:\/\/contrastes.com.co\/web\/category\/lester-padilla\/"},"2076":{"name":"M\u00fasica","link":"https:\/\/contrastes.com.co\/web\/category\/musica\/"},"2549":{"name":"Novedades","link":"https:\/\/contrastes.com.co\/web\/category\/novedades\/"},"277":{"name":"Opini\u00f3n","link":"https:\/\/contrastes.com.co\/web\/category\/opinion\/"},"101":{"name":"Pa\u00eds","link":"https:\/\/contrastes.com.co\/web\/category\/pais\/"},"1355":{"name":"Redes Sociales","link":"https:\/\/contrastes.com.co\/web\/category\/redes-sociales\/"},"24":{"name":"Regi\u00f3n","link":"https:\/\/contrastes.com.co\/web\/category\/region\/"},"3348":{"name":"Televisi\u00f3n","link":"https:\/\/contrastes.com.co\/web\/category\/television\/"},"4940":{"name":"Televisi\u00f3n-Web","link":"https:\/\/contrastes.com.co\/web\/category\/television-web\/"}},"tags_names":[],"comments_number":"0","wpmagazine_modules_lite_featured_media_urls":{"thumbnail":["https:\/\/contrastes.com.co\/web\/wp-content\/uploads\/2024\/11\/EDI02260-scaled-1-150x150.jpg",150,150,true],"cvmm-medium":["https:\/\/contrastes.com.co\/web\/wp-content\/uploads\/2024\/11\/EDI02260-scaled-1.jpg",300,200,false],"cvmm-medium-plus":["https:\/\/contrastes.com.co\/web\/wp-content\/uploads\/2024\/11\/EDI02260-scaled-1.jpg",305,203,false],"cvmm-portrait":["https:\/\/contrastes.com.co\/web\/wp-content\/uploads\/2024\/11\/EDI02260-scaled-1.jpg",400,267,false],"cvmm-medium-square":["https:\/\/contrastes.com.co\/web\/wp-content\/uploads\/2024\/11\/EDI02260-scaled-1.jpg",600,400,false],"cvmm-large":["https:\/\/contrastes.com.co\/web\/wp-content\/uploads\/2024\/11\/EDI02260-scaled-1.jpg",1024,683,false],"cvmm-small":["https:\/\/contrastes.com.co\/web\/wp-content\/uploads\/2024\/11\/EDI02260-scaled-1.jpg",130,87,false],"full":["https:\/\/contrastes.com.co\/web\/wp-content\/uploads\/2024\/11\/EDI02260-scaled-1.jpg",2560,1707,false]},"_links":{"self":[{"href":"https:\/\/contrastes.com.co\/web\/wp-json\/wp\/v2\/posts\/15360","targetHints":{"allow":["GET"]}}],"collection":[{"href":"https:\/\/contrastes.com.co\/web\/wp-json\/wp\/v2\/posts"}],"about":[{"href":"https:\/\/contrastes.com.co\/web\/wp-json\/wp\/v2\/types\/post"}],"author":[{"embeddable":true,"href":"https:\/\/contrastes.com.co\/web\/wp-json\/wp\/v2\/users\/1"}],"replies":[{"embeddable":true,"href":"https:\/\/contrastes.com.co\/web\/wp-json\/wp\/v2\/comments?post=15360"}],"version-history":[{"count":0,"href":"https:\/\/contrastes.com.co\/web\/wp-json\/wp\/v2\/posts\/15360\/revisions"}],"wp:featuredmedia":[{"embeddable":true,"href":"https:\/\/contrastes.com.co\/web\/wp-json\/wp\/v2\/media\/15361"}],"wp:attachment":[{"href":"https:\/\/contrastes.com.co\/web\/wp-json\/wp\/v2\/media?parent=15360"}],"wp:term":[{"taxonomy":"category","embeddable":true,"href":"https:\/\/contrastes.com.co\/web\/wp-json\/wp\/v2\/categories?post=15360"},{"taxonomy":"post_tag","embeddable":true,"href":"https:\/\/contrastes.com.co\/web\/wp-json\/wp\/v2\/tags?post=15360"}],"curies":[{"name":"wp","href":"https:\/\/api.w.org\/{rel}","templated":true}]}}