{"id":15444,"date":"2024-11-20T17:28:53","date_gmt":"2024-11-20T22:28:53","guid":{"rendered":"https:\/\/contrastes.com.co\/digital\/?p=15444"},"modified":"2024-11-20T17:28:53","modified_gmt":"2024-11-20T22:28:53","slug":"15444-2","status":"publish","type":"post","link":"https:\/\/contrastes.com.co\/web\/2024\/11\/20\/15444-2\/","title":{"rendered":"Hacedores del Carnaval reciben Certificaci\u00f3n en T\u00e9cnico en Ejecuci\u00f3n de la Danza a trav\u00e9s del SENA"},"content":{"rendered":"<blockquote><p><em><strong>Con esta alianza, el Carnaval de Barranquilla contin\u00faa trabajando en sus ejes de sostenibilidad y promoci\u00f3n de la cultura.<\/strong><\/em><\/p><\/blockquote>\n<p>&nbsp;<\/p>\n<p>Carnaval de Barranquilla S.A.S., en alianza con el SENA regional Atl\u00e1ntico, llev\u00f3 a cabo este mi\u00e9rcoles, la ceremonia de certificaci\u00f3n de hacedores del Carnaval de Barranquilla como t\u00e9cnicos en Ejecuci\u00f3n de la Danza. la Casa del Carnaval fueron certificados 18 hacedores que lograron formalizar sus conocimientos y adquirir nuevas herramientas.<\/p>\n<p>Con esta alianza, el Carnaval de Barranquilla contin\u00faa trabajando en sus ejes de sostenibilidad y promoci\u00f3n de la cultura.<\/p>\n<p><img fetchpriority=\"high\" decoding=\"async\" class=\"alignleft size-full wp-image-15446\" src=\"https:\/\/contrastes.com.co\/web\/wp-content\/uploads\/2024\/11\/WhatsApp-Image-2024-11-20-at-2.14.14-PM.jpeg\" alt=\"\" width=\"1600\" height=\"1066\" srcset=\"https:\/\/contrastes.com.co\/web\/wp-content\/uploads\/2024\/11\/WhatsApp-Image-2024-11-20-at-2.14.14-PM.jpeg 1600w, https:\/\/contrastes.com.co\/web\/wp-content\/uploads\/2024\/11\/WhatsApp-Image-2024-11-20-at-2.14.14-PM-300x200.jpeg 300w, https:\/\/contrastes.com.co\/web\/wp-content\/uploads\/2024\/11\/WhatsApp-Image-2024-11-20-at-2.14.14-PM-1024x682.jpeg 1024w, https:\/\/contrastes.com.co\/web\/wp-content\/uploads\/2024\/11\/WhatsApp-Image-2024-11-20-at-2.14.14-PM-768x512.jpeg 768w, https:\/\/contrastes.com.co\/web\/wp-content\/uploads\/2024\/11\/WhatsApp-Image-2024-11-20-at-2.14.14-PM-1536x1023.jpeg 1536w\" sizes=\"(max-width: 1600px) 100vw, 1600px\" \/><\/p>\n<p>&nbsp;<\/p>\n","protected":false},"excerpt":{"rendered":"<p>Con esta alianza, el Carnaval de Barranquilla contin\u00faa trabajando en sus ejes de sostenibilidad y promoci\u00f3n de la cultura. &nbsp; Carnaval de Barranquilla S.A.S., en alianza con el SENA regional Atl\u00e1ntico, llev\u00f3 a cabo este mi\u00e9rcoles, la ceremonia de certificaci\u00f3n de hacedores del Carnaval de Barranquilla como t\u00e9cnicos en Ejecuci\u00f3n de la Danza. la Casa [&hellip;]<\/p>\n","protected":false},"author":1,"featured_media":15445,"comment_status":"open","ping_status":"open","sticky":false,"template":"","format":"standard","meta":{"footnotes":""},"categories":[6778,1796,101,2668,3348,4940],"tags":[],"class_list":["post-15444","post","type-post","status-publish","format-standard","has-post-thumbnail","hentry","category-arte","category-carnaval","category-pais","category-reconocimientos","category-television","category-television-web"],"yoast_head":"<!-- This site is optimized with the Yoast SEO plugin v27.7 - https:\/\/yoast.com\/product\/yoast-seo-wordpress\/ -->\n<title>Hacedores del Carnaval reciben Certificaci\u00f3n en T\u00e9cnico en Ejecuci\u00f3n de la Danza a trav\u00e9s del SENA - Constrastes<\/title>\n<meta name=\"robots\" content=\"index, follow, max-snippet:-1, max-image-preview:large, max-video-preview:-1\" \/>\n<link rel=\"canonical\" href=\"https:\/\/contrastes.com.co\/web\/2024\/11\/20\/15444-2\/\" \/>\n<meta property=\"og:locale\" content=\"es_ES\" \/>\n<meta property=\"og:type\" content=\"article\" \/>\n<meta property=\"og:title\" content=\"Hacedores del Carnaval reciben Certificaci\u00f3n en T\u00e9cnico en Ejecuci\u00f3n de la Danza a trav\u00e9s del SENA - Constrastes\" \/>\n<meta property=\"og:description\" content=\"Con esta alianza, el Carnaval de Barranquilla contin\u00faa trabajando en sus ejes de sostenibilidad y promoci\u00f3n de la cultura. &nbsp; Carnaval de Barranquilla S.A.S., en alianza con el SENA regional Atl\u00e1ntico, llev\u00f3 a cabo este mi\u00e9rcoles, la ceremonia de certificaci\u00f3n de hacedores del Carnaval de Barranquilla como t\u00e9cnicos en Ejecuci\u00f3n de la Danza. la Casa [&hellip;]\" \/>\n<meta property=\"og:url\" content=\"https:\/\/contrastes.com.co\/web\/2024\/11\/20\/15444-2\/\" \/>\n<meta property=\"og:site_name\" content=\"Constrastes\" \/>\n<meta property=\"article:publisher\" content=\"https:\/\/www.facebook.com\/guillo.pantoja.1\" \/>\n<meta property=\"article:published_time\" content=\"2024-11-20T22:28:53+00:00\" \/>\n<meta property=\"og:image\" content=\"https:\/\/contrastes.com.co\/web\/wp-content\/uploads\/2024\/11\/WhatsApp-Image-2024-11-20-at-2.14.15-PM.jpeg\" \/>\n\t<meta property=\"og:image:width\" content=\"1600\" \/>\n\t<meta property=\"og:image:height\" content=\"1066\" \/>\n\t<meta property=\"og:image:type\" content=\"image\/jpeg\" \/>\n<meta name=\"author\" content=\"Editor\" \/>\n<meta name=\"twitter:card\" content=\"summary_large_image\" \/>\n<meta name=\"twitter:label1\" content=\"Escrito por\" \/>\n\t<meta name=\"twitter:data1\" content=\"Editor\" \/>\n\t<meta name=\"twitter:label2\" content=\"Tiempo de lectura\" \/>\n\t<meta name=\"twitter:data2\" content=\"1 minuto\" \/>\n<script type=\"application\/ld+json\" class=\"yoast-schema-graph\">{\"@context\":\"https:\\\/\\\/schema.org\",\"@graph\":[{\"@type\":\"Article\",\"@id\":\"https:\\\/\\\/contrastes.com.co\\\/web\\\/2024\\\/11\\\/20\\\/15444-2\\\/#article\",\"isPartOf\":{\"@id\":\"https:\\\/\\\/contrastes.com.co\\\/web\\\/2024\\\/11\\\/20\\\/15444-2\\\/\"},\"author\":{\"name\":\"Editor\",\"@id\":\"https:\\\/\\\/contrastes.com.co\\\/web\\\/#\\\/schema\\\/person\\\/62ef7a62dc4da6de450c71fc2e95ed02\"},\"headline\":\"Hacedores del Carnaval reciben Certificaci\u00f3n en T\u00e9cnico en Ejecuci\u00f3n de la Danza a trav\u00e9s del SENA\",\"datePublished\":\"2024-11-20T22:28:53+00:00\",\"mainEntityOfPage\":{\"@id\":\"https:\\\/\\\/contrastes.com.co\\\/web\\\/2024\\\/11\\\/20\\\/15444-2\\\/\"},\"wordCount\":120,\"commentCount\":0,\"publisher\":{\"@id\":\"https:\\\/\\\/contrastes.com.co\\\/web\\\/#organization\"},\"image\":{\"@id\":\"https:\\\/\\\/contrastes.com.co\\\/web\\\/2024\\\/11\\\/20\\\/15444-2\\\/#primaryimage\"},\"thumbnailUrl\":\"https:\\\/\\\/contrastes.com.co\\\/web\\\/wp-content\\\/uploads\\\/2024\\\/11\\\/WhatsApp-Image-2024-11-20-at-2.14.15-PM.jpeg\",\"articleSection\":[\"Arte\",\"Carnaval\",\"Pa\u00eds\",\"Reconocimientos\",\"Televisi\u00f3n\",\"Televisi\u00f3n-Web\"],\"inLanguage\":\"es\",\"potentialAction\":[{\"@type\":\"CommentAction\",\"name\":\"Comment\",\"target\":[\"https:\\\/\\\/contrastes.com.co\\\/web\\\/2024\\\/11\\\/20\\\/15444-2\\\/#respond\"]}]},{\"@type\":\"WebPage\",\"@id\":\"https:\\\/\\\/contrastes.com.co\\\/web\\\/2024\\\/11\\\/20\\\/15444-2\\\/\",\"url\":\"https:\\\/\\\/contrastes.com.co\\\/web\\\/2024\\\/11\\\/20\\\/15444-2\\\/\",\"name\":\"Hacedores del Carnaval reciben Certificaci\u00f3n en T\u00e9cnico en Ejecuci\u00f3n de la Danza a trav\u00e9s del SENA - Constrastes\",\"isPartOf\":{\"@id\":\"https:\\\/\\\/contrastes.com.co\\\/web\\\/#website\"},\"primaryImageOfPage\":{\"@id\":\"https:\\\/\\\/contrastes.com.co\\\/web\\\/2024\\\/11\\\/20\\\/15444-2\\\/#primaryimage\"},\"image\":{\"@id\":\"https:\\\/\\\/contrastes.com.co\\\/web\\\/2024\\\/11\\\/20\\\/15444-2\\\/#primaryimage\"},\"thumbnailUrl\":\"https:\\\/\\\/contrastes.com.co\\\/web\\\/wp-content\\\/uploads\\\/2024\\\/11\\\/WhatsApp-Image-2024-11-20-at-2.14.15-PM.jpeg\",\"datePublished\":\"2024-11-20T22:28:53+00:00\",\"breadcrumb\":{\"@id\":\"https:\\\/\\\/contrastes.com.co\\\/web\\\/2024\\\/11\\\/20\\\/15444-2\\\/#breadcrumb\"},\"inLanguage\":\"es\",\"potentialAction\":[{\"@type\":\"ReadAction\",\"target\":[\"https:\\\/\\\/contrastes.com.co\\\/web\\\/2024\\\/11\\\/20\\\/15444-2\\\/\"]}]},{\"@type\":\"ImageObject\",\"inLanguage\":\"es\",\"@id\":\"https:\\\/\\\/contrastes.com.co\\\/web\\\/2024\\\/11\\\/20\\\/15444-2\\\/#primaryimage\",\"url\":\"https:\\\/\\\/contrastes.com.co\\\/web\\\/wp-content\\\/uploads\\\/2024\\\/11\\\/WhatsApp-Image-2024-11-20-at-2.14.15-PM.jpeg\",\"contentUrl\":\"https:\\\/\\\/contrastes.com.co\\\/web\\\/wp-content\\\/uploads\\\/2024\\\/11\\\/WhatsApp-Image-2024-11-20-at-2.14.15-PM.jpeg\",\"width\":1600,\"height\":1066},{\"@type\":\"BreadcrumbList\",\"@id\":\"https:\\\/\\\/contrastes.com.co\\\/web\\\/2024\\\/11\\\/20\\\/15444-2\\\/#breadcrumb\",\"itemListElement\":[{\"@type\":\"ListItem\",\"position\":1,\"name\":\"Portada\",\"item\":\"https:\\\/\\\/contrastes.com.co\\\/web\\\/\"},{\"@type\":\"ListItem\",\"position\":2,\"name\":\"Hacedores del Carnaval reciben Certificaci\u00f3n en T\u00e9cnico en Ejecuci\u00f3n de la Danza a trav\u00e9s del SENA\"}]},{\"@type\":\"WebSite\",\"@id\":\"https:\\\/\\\/contrastes.com.co\\\/web\\\/#website\",\"url\":\"https:\\\/\\\/contrastes.com.co\\\/web\\\/\",\"name\":\"Contrastes\",\"description\":\"Periodismo de Conciencia\",\"publisher\":{\"@id\":\"https:\\\/\\\/contrastes.com.co\\\/web\\\/#organization\"},\"potentialAction\":[{\"@type\":\"SearchAction\",\"target\":{\"@type\":\"EntryPoint\",\"urlTemplate\":\"https:\\\/\\\/contrastes.com.co\\\/web\\\/?s={search_term_string}\"},\"query-input\":{\"@type\":\"PropertyValueSpecification\",\"valueRequired\":true,\"valueName\":\"search_term_string\"}}],\"inLanguage\":\"es\"},{\"@type\":\"Organization\",\"@id\":\"https:\\\/\\\/contrastes.com.co\\\/web\\\/#organization\",\"name\":\"Contrastes\",\"url\":\"https:\\\/\\\/contrastes.com.co\\\/web\\\/\",\"logo\":{\"@type\":\"ImageObject\",\"inLanguage\":\"es\",\"@id\":\"https:\\\/\\\/contrastes.com.co\\\/web\\\/#\\\/schema\\\/logo\\\/image\\\/\",\"url\":\"https:\\\/\\\/contrastes.com.co\\\/web\\\/wp-content\\\/uploads\\\/2025\\\/04\\\/15CONTRASTES3.png\",\"contentUrl\":\"https:\\\/\\\/contrastes.com.co\\\/web\\\/wp-content\\\/uploads\\\/2025\\\/04\\\/15CONTRASTES3.png\",\"width\":1536,\"height\":231,\"caption\":\"Contrastes\"},\"image\":{\"@id\":\"https:\\\/\\\/contrastes.com.co\\\/web\\\/#\\\/schema\\\/logo\\\/image\\\/\"},\"sameAs\":[\"https:\\\/\\\/www.facebook.com\\\/guillo.pantoja.1\"]},{\"@type\":\"Person\",\"@id\":\"https:\\\/\\\/contrastes.com.co\\\/web\\\/#\\\/schema\\\/person\\\/62ef7a62dc4da6de450c71fc2e95ed02\",\"name\":\"Editor\",\"image\":{\"@type\":\"ImageObject\",\"inLanguage\":\"es\",\"@id\":\"https:\\\/\\\/secure.gravatar.com\\\/avatar\\\/7bbb4f718d74bbf600dc556253bb04fd7ac8593751d6e2e3b85432d98aefae80?s=96&d=mm&r=g\",\"url\":\"https:\\\/\\\/secure.gravatar.com\\\/avatar\\\/7bbb4f718d74bbf600dc556253bb04fd7ac8593751d6e2e3b85432d98aefae80?s=96&d=mm&r=g\",\"contentUrl\":\"https:\\\/\\\/secure.gravatar.com\\\/avatar\\\/7bbb4f718d74bbf600dc556253bb04fd7ac8593751d6e2e3b85432d98aefae80?s=96&d=mm&r=g\",\"caption\":\"Editor\"},\"sameAs\":[\"https:\\\/\\\/contrastes.com.co\\\/web\"],\"url\":\"https:\\\/\\\/contrastes.com.co\\\/web\\\/author\\\/jdbobadilla\\\/\"}]}<\/script>\n<!-- \/ Yoast SEO plugin. -->","yoast_head_json":{"title":"Hacedores del Carnaval reciben Certificaci\u00f3n en T\u00e9cnico en Ejecuci\u00f3n de la Danza a trav\u00e9s del SENA - Constrastes","robots":{"index":"index","follow":"follow","max-snippet":"max-snippet:-1","max-image-preview":"max-image-preview:large","max-video-preview":"max-video-preview:-1"},"canonical":"https:\/\/contrastes.com.co\/web\/2024\/11\/20\/15444-2\/","og_locale":"es_ES","og_type":"article","og_title":"Hacedores del Carnaval reciben Certificaci\u00f3n en T\u00e9cnico en Ejecuci\u00f3n de la Danza a trav\u00e9s del SENA - Constrastes","og_description":"Con esta alianza, el Carnaval de Barranquilla contin\u00faa trabajando en sus ejes de sostenibilidad y promoci\u00f3n de la cultura. &nbsp; Carnaval de Barranquilla S.A.S., en alianza con el SENA regional Atl\u00e1ntico, llev\u00f3 a cabo este mi\u00e9rcoles, la ceremonia de certificaci\u00f3n de hacedores del Carnaval de Barranquilla como t\u00e9cnicos en Ejecuci\u00f3n de la Danza. la Casa [&hellip;]","og_url":"https:\/\/contrastes.com.co\/web\/2024\/11\/20\/15444-2\/","og_site_name":"Constrastes","article_publisher":"https:\/\/www.facebook.com\/guillo.pantoja.1","article_published_time":"2024-11-20T22:28:53+00:00","og_image":[{"width":1600,"height":1066,"url":"https:\/\/contrastes.com.co\/web\/wp-content\/uploads\/2024\/11\/WhatsApp-Image-2024-11-20-at-2.14.15-PM.jpeg","type":"image\/jpeg"}],"author":"Editor","twitter_card":"summary_large_image","twitter_misc":{"Escrito por":"Editor","Tiempo de lectura":"1 minuto"},"schema":{"@context":"https:\/\/schema.org","@graph":[{"@type":"Article","@id":"https:\/\/contrastes.com.co\/web\/2024\/11\/20\/15444-2\/#article","isPartOf":{"@id":"https:\/\/contrastes.com.co\/web\/2024\/11\/20\/15444-2\/"},"author":{"name":"Editor","@id":"https:\/\/contrastes.com.co\/web\/#\/schema\/person\/62ef7a62dc4da6de450c71fc2e95ed02"},"headline":"Hacedores del Carnaval reciben Certificaci\u00f3n en T\u00e9cnico en Ejecuci\u00f3n de la Danza a trav\u00e9s del SENA","datePublished":"2024-11-20T22:28:53+00:00","mainEntityOfPage":{"@id":"https:\/\/contrastes.com.co\/web\/2024\/11\/20\/15444-2\/"},"wordCount":120,"commentCount":0,"publisher":{"@id":"https:\/\/contrastes.com.co\/web\/#organization"},"image":{"@id":"https:\/\/contrastes.com.co\/web\/2024\/11\/20\/15444-2\/#primaryimage"},"thumbnailUrl":"https:\/\/contrastes.com.co\/web\/wp-content\/uploads\/2024\/11\/WhatsApp-Image-2024-11-20-at-2.14.15-PM.jpeg","articleSection":["Arte","Carnaval","Pa\u00eds","Reconocimientos","Televisi\u00f3n","Televisi\u00f3n-Web"],"inLanguage":"es","potentialAction":[{"@type":"CommentAction","name":"Comment","target":["https:\/\/contrastes.com.co\/web\/2024\/11\/20\/15444-2\/#respond"]}]},{"@type":"WebPage","@id":"https:\/\/contrastes.com.co\/web\/2024\/11\/20\/15444-2\/","url":"https:\/\/contrastes.com.co\/web\/2024\/11\/20\/15444-2\/","name":"Hacedores del Carnaval reciben Certificaci\u00f3n en T\u00e9cnico en Ejecuci\u00f3n de la Danza a trav\u00e9s del SENA - Constrastes","isPartOf":{"@id":"https:\/\/contrastes.com.co\/web\/#website"},"primaryImageOfPage":{"@id":"https:\/\/contrastes.com.co\/web\/2024\/11\/20\/15444-2\/#primaryimage"},"image":{"@id":"https:\/\/contrastes.com.co\/web\/2024\/11\/20\/15444-2\/#primaryimage"},"thumbnailUrl":"https:\/\/contrastes.com.co\/web\/wp-content\/uploads\/2024\/11\/WhatsApp-Image-2024-11-20-at-2.14.15-PM.jpeg","datePublished":"2024-11-20T22:28:53+00:00","breadcrumb":{"@id":"https:\/\/contrastes.com.co\/web\/2024\/11\/20\/15444-2\/#breadcrumb"},"inLanguage":"es","potentialAction":[{"@type":"ReadAction","target":["https:\/\/contrastes.com.co\/web\/2024\/11\/20\/15444-2\/"]}]},{"@type":"ImageObject","inLanguage":"es","@id":"https:\/\/contrastes.com.co\/web\/2024\/11\/20\/15444-2\/#primaryimage","url":"https:\/\/contrastes.com.co\/web\/wp-content\/uploads\/2024\/11\/WhatsApp-Image-2024-11-20-at-2.14.15-PM.jpeg","contentUrl":"https:\/\/contrastes.com.co\/web\/wp-content\/uploads\/2024\/11\/WhatsApp-Image-2024-11-20-at-2.14.15-PM.jpeg","width":1600,"height":1066},{"@type":"BreadcrumbList","@id":"https:\/\/contrastes.com.co\/web\/2024\/11\/20\/15444-2\/#breadcrumb","itemListElement":[{"@type":"ListItem","position":1,"name":"Portada","item":"https:\/\/contrastes.com.co\/web\/"},{"@type":"ListItem","position":2,"name":"Hacedores del Carnaval reciben Certificaci\u00f3n en T\u00e9cnico en Ejecuci\u00f3n de la Danza a trav\u00e9s del SENA"}]},{"@type":"WebSite","@id":"https:\/\/contrastes.com.co\/web\/#website","url":"https:\/\/contrastes.com.co\/web\/","name":"Contrastes","description":"Periodismo de Conciencia","publisher":{"@id":"https:\/\/contrastes.com.co\/web\/#organization"},"potentialAction":[{"@type":"SearchAction","target":{"@type":"EntryPoint","urlTemplate":"https:\/\/contrastes.com.co\/web\/?s={search_term_string}"},"query-input":{"@type":"PropertyValueSpecification","valueRequired":true,"valueName":"search_term_string"}}],"inLanguage":"es"},{"@type":"Organization","@id":"https:\/\/contrastes.com.co\/web\/#organization","name":"Contrastes","url":"https:\/\/contrastes.com.co\/web\/","logo":{"@type":"ImageObject","inLanguage":"es","@id":"https:\/\/contrastes.com.co\/web\/#\/schema\/logo\/image\/","url":"https:\/\/contrastes.com.co\/web\/wp-content\/uploads\/2025\/04\/15CONTRASTES3.png","contentUrl":"https:\/\/contrastes.com.co\/web\/wp-content\/uploads\/2025\/04\/15CONTRASTES3.png","width":1536,"height":231,"caption":"Contrastes"},"image":{"@id":"https:\/\/contrastes.com.co\/web\/#\/schema\/logo\/image\/"},"sameAs":["https:\/\/www.facebook.com\/guillo.pantoja.1"]},{"@type":"Person","@id":"https:\/\/contrastes.com.co\/web\/#\/schema\/person\/62ef7a62dc4da6de450c71fc2e95ed02","name":"Editor","image":{"@type":"ImageObject","inLanguage":"es","@id":"https:\/\/secure.gravatar.com\/avatar\/7bbb4f718d74bbf600dc556253bb04fd7ac8593751d6e2e3b85432d98aefae80?s=96&d=mm&r=g","url":"https:\/\/secure.gravatar.com\/avatar\/7bbb4f718d74bbf600dc556253bb04fd7ac8593751d6e2e3b85432d98aefae80?s=96&d=mm&r=g","contentUrl":"https:\/\/secure.gravatar.com\/avatar\/7bbb4f718d74bbf600dc556253bb04fd7ac8593751d6e2e3b85432d98aefae80?s=96&d=mm&r=g","caption":"Editor"},"sameAs":["https:\/\/contrastes.com.co\/web"],"url":"https:\/\/contrastes.com.co\/web\/author\/jdbobadilla\/"}]}},"blog_post_layout_featured_media_urls":{"thumbnail":["https:\/\/contrastes.com.co\/web\/wp-content\/uploads\/2024\/11\/WhatsApp-Image-2024-11-20-at-2.14.15-PM-150x150.jpeg",150,150,true],"full":["https:\/\/contrastes.com.co\/web\/wp-content\/uploads\/2024\/11\/WhatsApp-Image-2024-11-20-at-2.14.15-PM.jpeg",1600,1066,false]},"categories_names":{"6778":{"name":"Arte","link":"https:\/\/contrastes.com.co\/web\/category\/arte\/"},"1796":{"name":"Carnaval","link":"https:\/\/contrastes.com.co\/web\/category\/carnaval\/"},"101":{"name":"Pa\u00eds","link":"https:\/\/contrastes.com.co\/web\/category\/pais\/"},"2668":{"name":"Reconocimientos","link":"https:\/\/contrastes.com.co\/web\/category\/reconocimientos\/"},"3348":{"name":"Televisi\u00f3n","link":"https:\/\/contrastes.com.co\/web\/category\/television\/"},"4940":{"name":"Televisi\u00f3n-Web","link":"https:\/\/contrastes.com.co\/web\/category\/television-web\/"}},"tags_names":[],"comments_number":"0","wpmagazine_modules_lite_featured_media_urls":{"thumbnail":["https:\/\/contrastes.com.co\/web\/wp-content\/uploads\/2024\/11\/WhatsApp-Image-2024-11-20-at-2.14.15-PM-150x150.jpeg",150,150,true],"cvmm-medium":["https:\/\/contrastes.com.co\/web\/wp-content\/uploads\/2024\/11\/WhatsApp-Image-2024-11-20-at-2.14.15-PM.jpeg",300,200,false],"cvmm-medium-plus":["https:\/\/contrastes.com.co\/web\/wp-content\/uploads\/2024\/11\/WhatsApp-Image-2024-11-20-at-2.14.15-PM.jpeg",305,203,false],"cvmm-portrait":["https:\/\/contrastes.com.co\/web\/wp-content\/uploads\/2024\/11\/WhatsApp-Image-2024-11-20-at-2.14.15-PM.jpeg",400,267,false],"cvmm-medium-square":["https:\/\/contrastes.com.co\/web\/wp-content\/uploads\/2024\/11\/WhatsApp-Image-2024-11-20-at-2.14.15-PM.jpeg",600,400,false],"cvmm-large":["https:\/\/contrastes.com.co\/web\/wp-content\/uploads\/2024\/11\/WhatsApp-Image-2024-11-20-at-2.14.15-PM.jpeg",1024,682,false],"cvmm-small":["https:\/\/contrastes.com.co\/web\/wp-content\/uploads\/2024\/11\/WhatsApp-Image-2024-11-20-at-2.14.15-PM.jpeg",130,87,false],"full":["https:\/\/contrastes.com.co\/web\/wp-content\/uploads\/2024\/11\/WhatsApp-Image-2024-11-20-at-2.14.15-PM.jpeg",1600,1066,false]},"_links":{"self":[{"href":"https:\/\/contrastes.com.co\/web\/wp-json\/wp\/v2\/posts\/15444","targetHints":{"allow":["GET"]}}],"collection":[{"href":"https:\/\/contrastes.com.co\/web\/wp-json\/wp\/v2\/posts"}],"about":[{"href":"https:\/\/contrastes.com.co\/web\/wp-json\/wp\/v2\/types\/post"}],"author":[{"embeddable":true,"href":"https:\/\/contrastes.com.co\/web\/wp-json\/wp\/v2\/users\/1"}],"replies":[{"embeddable":true,"href":"https:\/\/contrastes.com.co\/web\/wp-json\/wp\/v2\/comments?post=15444"}],"version-history":[{"count":0,"href":"https:\/\/contrastes.com.co\/web\/wp-json\/wp\/v2\/posts\/15444\/revisions"}],"wp:featuredmedia":[{"embeddable":true,"href":"https:\/\/contrastes.com.co\/web\/wp-json\/wp\/v2\/media\/15445"}],"wp:attachment":[{"href":"https:\/\/contrastes.com.co\/web\/wp-json\/wp\/v2\/media?parent=15444"}],"wp:term":[{"taxonomy":"category","embeddable":true,"href":"https:\/\/contrastes.com.co\/web\/wp-json\/wp\/v2\/categories?post=15444"},{"taxonomy":"post_tag","embeddable":true,"href":"https:\/\/contrastes.com.co\/web\/wp-json\/wp\/v2\/tags?post=15444"}],"curies":[{"name":"wp","href":"https:\/\/api.w.org\/{rel}","templated":true}]}}