{"id":15476,"date":"2024-11-27T21:32:11","date_gmt":"2024-11-28T02:32:11","guid":{"rendered":"https:\/\/contrastes.com.co\/digital\/?p=15476"},"modified":"2024-11-27T21:32:11","modified_gmt":"2024-11-28T02:32:11","slug":"se-prende-la-navidad-a-ritmo-de-carnaval","status":"publish","type":"post","link":"https:\/\/contrastes.com.co\/web\/2024\/11\/27\/se-prende-la-navidad-a-ritmo-de-carnaval\/","title":{"rendered":"Se Prende La Navidad, a Ritmo De Carnaval"},"content":{"rendered":"<blockquote><p><em><strong>\u00a0La soberana estuvo acompa\u00f1ada del rey Momo, Gabriel Marriaga, y ambos enviaron un saludo de Navidad a Barranquilla.<\/strong><\/em><\/p><\/blockquote>\n<p>Barranquilla, noviembre de 2024.<\/p>\n<p>En una noche de brillo y color, la reina del Carnaval de Barranquilla 2025, Tatiana Angulo Fern\u00e1ndez de Castro, hizo presencia en el encendido de \u00e1rbol de Navidad en la Ventana al Mundo, donde tuvo la oportunidad saludar y compartir con los asistentes e invitarlos a su fiesta bacana.<\/p>\n<p>La noche se inici\u00f3 en un ambiente navide\u00f1o que rode\u00f3 el inmenso \u00e1rbol en su tradicional encendido de luces, un gran regalo a Barranquilla de la Fundaci\u00f3n Tecnoglass, en el que la reina acompa\u00f1ada de su rey Momo Gabriel Marriaga, disfrut\u00f3 con los ni\u00f1os y asistentes bailando y cantando villancicos.<\/p>\n<p><img fetchpriority=\"high\" decoding=\"async\" class=\"alignleft  wp-image-15478\" src=\"https:\/\/contrastes.com.co\/web\/wp-content\/uploads\/2024\/11\/WhatsApp-Image-2024-11-27-at-9.15.36-AM.jpeg\" alt=\"\" width=\"288\" height=\"432\" srcset=\"https:\/\/contrastes.com.co\/web\/wp-content\/uploads\/2024\/11\/WhatsApp-Image-2024-11-27-at-9.15.36-AM.jpeg 1066w, https:\/\/contrastes.com.co\/web\/wp-content\/uploads\/2024\/11\/WhatsApp-Image-2024-11-27-at-9.15.36-AM-200x300.jpeg 200w, https:\/\/contrastes.com.co\/web\/wp-content\/uploads\/2024\/11\/WhatsApp-Image-2024-11-27-at-9.15.36-AM-682x1024.jpeg 682w, https:\/\/contrastes.com.co\/web\/wp-content\/uploads\/2024\/11\/WhatsApp-Image-2024-11-27-at-9.15.36-AM-768x1153.jpeg 768w, https:\/\/contrastes.com.co\/web\/wp-content\/uploads\/2024\/11\/WhatsApp-Image-2024-11-27-at-9.15.36-AM-1023x1536.jpeg 1023w, https:\/\/contrastes.com.co\/web\/wp-content\/uploads\/2024\/11\/WhatsApp-Image-2024-11-27-at-9.15.36-AM-1024x1537.jpeg 1024w\" sizes=\"(max-width: 288px) 100vw, 288px\" \/><\/p>\n<p>&nbsp;<\/p>\n<p>&nbsp;<\/p>\n<p>&nbsp;<\/p>\n<p>&nbsp;<\/p>\n<p>&nbsp;<\/p>\n<p>&nbsp;<\/p>\n<p>&nbsp;<\/p>\n<p>&nbsp;<\/p>\n<p>&nbsp;<\/p>\n<p>&nbsp;<\/p>\n<p>&nbsp;<\/p>\n<p>&nbsp;<\/p>\n<p>&nbsp;<\/p>\n<p>\u201cYa prendimos el \u00e1rbol m\u00e1s grande de Colombia y oficialmente empieza la Navidad m\u00e1s feliz . Quiero que todos los ni\u00f1os sonr\u00edan, bailen, celebren y jueguen como se lo merecen\u201d, expres\u00f3 la soberana durante el acto en el que se present\u00f3 una revista musical navide\u00f1a.<\/p>\n<p>Tatiana aprovech\u00f3 el escenario para invitar a todos los presentes a vivir el Carnaval 2025, \u201cpa pasarla bacano\u201d, del 1 al 4 de marzo.<\/p>\n","protected":false},"excerpt":{"rendered":"<p>\u00a0La soberana estuvo acompa\u00f1ada del rey Momo, Gabriel Marriaga, y ambos enviaron un saludo de Navidad a Barranquilla. Barranquilla, noviembre de 2024. En una noche de brillo y color, la reina del Carnaval de Barranquilla 2025, Tatiana Angulo Fern\u00e1ndez de Castro, hizo presencia en el encendido de \u00e1rbol de Navidad en la Ventana al Mundo, [&hellip;]<\/p>\n","protected":false},"author":1,"featured_media":15477,"comment_status":"open","ping_status":"open","sticky":false,"template":"","format":"standard","meta":{"footnotes":""},"categories":[1796,1226,7411,104,9238,8562,277,101,3348,4940],"tags":[],"class_list":["post-15476","post","type-post","status-publish","format-standard","has-post-thumbnail","hentry","category-carnaval","category-contrastesradio","category-convivencia-y-cultura-ciudadana","category-cultura","category-folclor","category-lester-padilla","category-opinion","category-pais","category-television","category-television-web"],"yoast_head":"<!-- This site is optimized with the Yoast SEO plugin v27.7 - https:\/\/yoast.com\/product\/yoast-seo-wordpress\/ -->\n<title>Se Prende La Navidad, a Ritmo De Carnaval - Constrastes<\/title>\n<meta name=\"description\" content=\"En una noche de brillo y color, la reina del Carnaval de Barranquilla 2025, Tatiana Angulo Fern\u00e1ndez de Castro, hizo presencia en el encendido de \u00e1rbol de Navidad en la Ventana al Mundo, donde tuvo la oportunidad saludar y compartir con los asistentes e invitarlos a su fiesta bacana.\" \/>\n<meta name=\"robots\" content=\"index, follow, max-snippet:-1, max-image-preview:large, max-video-preview:-1\" \/>\n<link rel=\"canonical\" href=\"https:\/\/contrastes.com.co\/web\/2024\/11\/27\/se-prende-la-navidad-a-ritmo-de-carnaval\/\" \/>\n<meta property=\"og:locale\" content=\"es_ES\" \/>\n<meta property=\"og:type\" content=\"article\" \/>\n<meta property=\"og:title\" content=\"Se Prende La Navidad, a Ritmo De Carnaval - Constrastes\" \/>\n<meta property=\"og:description\" content=\"En una noche de brillo y color, la reina del Carnaval de Barranquilla 2025, Tatiana Angulo Fern\u00e1ndez de Castro, hizo presencia en el encendido de \u00e1rbol de Navidad en la Ventana al Mundo, donde tuvo la oportunidad saludar y compartir con los asistentes e invitarlos a su fiesta bacana.\" \/>\n<meta property=\"og:url\" content=\"https:\/\/contrastes.com.co\/web\/2024\/11\/27\/se-prende-la-navidad-a-ritmo-de-carnaval\/\" \/>\n<meta property=\"og:site_name\" content=\"Constrastes\" \/>\n<meta property=\"article:publisher\" content=\"https:\/\/www.facebook.com\/guillo.pantoja.1\" \/>\n<meta property=\"article:published_time\" content=\"2024-11-28T02:32:11+00:00\" \/>\n<meta property=\"og:image\" content=\"https:\/\/contrastes.com.co\/web\/wp-content\/uploads\/2024\/11\/WhatsApp-Image-2024-11-27-at-9.15.35-AM.jpeg\" \/>\n\t<meta property=\"og:image:width\" content=\"1600\" \/>\n\t<meta property=\"og:image:height\" content=\"1066\" \/>\n\t<meta property=\"og:image:type\" content=\"image\/jpeg\" \/>\n<meta name=\"author\" content=\"Editor\" \/>\n<meta name=\"twitter:card\" content=\"summary_large_image\" \/>\n<meta name=\"twitter:label1\" content=\"Escrito por\" \/>\n\t<meta name=\"twitter:data1\" content=\"Editor\" \/>\n\t<meta name=\"twitter:label2\" content=\"Tiempo de lectura\" \/>\n\t<meta name=\"twitter:data2\" content=\"1 minuto\" \/>\n<script type=\"application\/ld+json\" class=\"yoast-schema-graph\">{\"@context\":\"https:\\\/\\\/schema.org\",\"@graph\":[{\"@type\":\"Article\",\"@id\":\"https:\\\/\\\/contrastes.com.co\\\/web\\\/2024\\\/11\\\/27\\\/se-prende-la-navidad-a-ritmo-de-carnaval\\\/#article\",\"isPartOf\":{\"@id\":\"https:\\\/\\\/contrastes.com.co\\\/web\\\/2024\\\/11\\\/27\\\/se-prende-la-navidad-a-ritmo-de-carnaval\\\/\"},\"author\":{\"name\":\"Editor\",\"@id\":\"https:\\\/\\\/contrastes.com.co\\\/web\\\/#\\\/schema\\\/person\\\/62ef7a62dc4da6de450c71fc2e95ed02\"},\"headline\":\"Se Prende La Navidad, a Ritmo De Carnaval\",\"datePublished\":\"2024-11-28T02:32:11+00:00\",\"mainEntityOfPage\":{\"@id\":\"https:\\\/\\\/contrastes.com.co\\\/web\\\/2024\\\/11\\\/27\\\/se-prende-la-navidad-a-ritmo-de-carnaval\\\/\"},\"wordCount\":216,\"commentCount\":0,\"publisher\":{\"@id\":\"https:\\\/\\\/contrastes.com.co\\\/web\\\/#organization\"},\"image\":{\"@id\":\"https:\\\/\\\/contrastes.com.co\\\/web\\\/2024\\\/11\\\/27\\\/se-prende-la-navidad-a-ritmo-de-carnaval\\\/#primaryimage\"},\"thumbnailUrl\":\"https:\\\/\\\/contrastes.com.co\\\/web\\\/wp-content\\\/uploads\\\/2024\\\/11\\\/WhatsApp-Image-2024-11-27-at-9.15.35-AM.jpeg\",\"articleSection\":[\"Carnaval\",\"ContrastesRadio\",\"Convivencia y Cultura Ciudadana\",\"Cultura\",\"Folclor\",\"Lester Padilla\",\"Opini\u00f3n\",\"Pa\u00eds\",\"Televisi\u00f3n\",\"Televisi\u00f3n-Web\"],\"inLanguage\":\"es\",\"potentialAction\":[{\"@type\":\"CommentAction\",\"name\":\"Comment\",\"target\":[\"https:\\\/\\\/contrastes.com.co\\\/web\\\/2024\\\/11\\\/27\\\/se-prende-la-navidad-a-ritmo-de-carnaval\\\/#respond\"]}]},{\"@type\":\"WebPage\",\"@id\":\"https:\\\/\\\/contrastes.com.co\\\/web\\\/2024\\\/11\\\/27\\\/se-prende-la-navidad-a-ritmo-de-carnaval\\\/\",\"url\":\"https:\\\/\\\/contrastes.com.co\\\/web\\\/2024\\\/11\\\/27\\\/se-prende-la-navidad-a-ritmo-de-carnaval\\\/\",\"name\":\"Se Prende La Navidad, a Ritmo De Carnaval - Constrastes\",\"isPartOf\":{\"@id\":\"https:\\\/\\\/contrastes.com.co\\\/web\\\/#website\"},\"primaryImageOfPage\":{\"@id\":\"https:\\\/\\\/contrastes.com.co\\\/web\\\/2024\\\/11\\\/27\\\/se-prende-la-navidad-a-ritmo-de-carnaval\\\/#primaryimage\"},\"image\":{\"@id\":\"https:\\\/\\\/contrastes.com.co\\\/web\\\/2024\\\/11\\\/27\\\/se-prende-la-navidad-a-ritmo-de-carnaval\\\/#primaryimage\"},\"thumbnailUrl\":\"https:\\\/\\\/contrastes.com.co\\\/web\\\/wp-content\\\/uploads\\\/2024\\\/11\\\/WhatsApp-Image-2024-11-27-at-9.15.35-AM.jpeg\",\"datePublished\":\"2024-11-28T02:32:11+00:00\",\"description\":\"En una noche de brillo y color, la reina del Carnaval de Barranquilla 2025, Tatiana Angulo Fern\u00e1ndez de Castro, hizo presencia en el encendido de \u00e1rbol de Navidad en la Ventana al Mundo, donde tuvo la oportunidad saludar y compartir con los asistentes e invitarlos a su fiesta bacana.\",\"breadcrumb\":{\"@id\":\"https:\\\/\\\/contrastes.com.co\\\/web\\\/2024\\\/11\\\/27\\\/se-prende-la-navidad-a-ritmo-de-carnaval\\\/#breadcrumb\"},\"inLanguage\":\"es\",\"potentialAction\":[{\"@type\":\"ReadAction\",\"target\":[\"https:\\\/\\\/contrastes.com.co\\\/web\\\/2024\\\/11\\\/27\\\/se-prende-la-navidad-a-ritmo-de-carnaval\\\/\"]}]},{\"@type\":\"ImageObject\",\"inLanguage\":\"es\",\"@id\":\"https:\\\/\\\/contrastes.com.co\\\/web\\\/2024\\\/11\\\/27\\\/se-prende-la-navidad-a-ritmo-de-carnaval\\\/#primaryimage\",\"url\":\"https:\\\/\\\/contrastes.com.co\\\/web\\\/wp-content\\\/uploads\\\/2024\\\/11\\\/WhatsApp-Image-2024-11-27-at-9.15.35-AM.jpeg\",\"contentUrl\":\"https:\\\/\\\/contrastes.com.co\\\/web\\\/wp-content\\\/uploads\\\/2024\\\/11\\\/WhatsApp-Image-2024-11-27-at-9.15.35-AM.jpeg\",\"width\":1600,\"height\":1066},{\"@type\":\"BreadcrumbList\",\"@id\":\"https:\\\/\\\/contrastes.com.co\\\/web\\\/2024\\\/11\\\/27\\\/se-prende-la-navidad-a-ritmo-de-carnaval\\\/#breadcrumb\",\"itemListElement\":[{\"@type\":\"ListItem\",\"position\":1,\"name\":\"Portada\",\"item\":\"https:\\\/\\\/contrastes.com.co\\\/web\\\/\"},{\"@type\":\"ListItem\",\"position\":2,\"name\":\"Se Prende La Navidad, a Ritmo De Carnaval\"}]},{\"@type\":\"WebSite\",\"@id\":\"https:\\\/\\\/contrastes.com.co\\\/web\\\/#website\",\"url\":\"https:\\\/\\\/contrastes.com.co\\\/web\\\/\",\"name\":\"Contrastes\",\"description\":\"Periodismo de Conciencia\",\"publisher\":{\"@id\":\"https:\\\/\\\/contrastes.com.co\\\/web\\\/#organization\"},\"potentialAction\":[{\"@type\":\"SearchAction\",\"target\":{\"@type\":\"EntryPoint\",\"urlTemplate\":\"https:\\\/\\\/contrastes.com.co\\\/web\\\/?s={search_term_string}\"},\"query-input\":{\"@type\":\"PropertyValueSpecification\",\"valueRequired\":true,\"valueName\":\"search_term_string\"}}],\"inLanguage\":\"es\"},{\"@type\":\"Organization\",\"@id\":\"https:\\\/\\\/contrastes.com.co\\\/web\\\/#organization\",\"name\":\"Contrastes\",\"url\":\"https:\\\/\\\/contrastes.com.co\\\/web\\\/\",\"logo\":{\"@type\":\"ImageObject\",\"inLanguage\":\"es\",\"@id\":\"https:\\\/\\\/contrastes.com.co\\\/web\\\/#\\\/schema\\\/logo\\\/image\\\/\",\"url\":\"https:\\\/\\\/contrastes.com.co\\\/web\\\/wp-content\\\/uploads\\\/2025\\\/04\\\/15CONTRASTES3.png\",\"contentUrl\":\"https:\\\/\\\/contrastes.com.co\\\/web\\\/wp-content\\\/uploads\\\/2025\\\/04\\\/15CONTRASTES3.png\",\"width\":1536,\"height\":231,\"caption\":\"Contrastes\"},\"image\":{\"@id\":\"https:\\\/\\\/contrastes.com.co\\\/web\\\/#\\\/schema\\\/logo\\\/image\\\/\"},\"sameAs\":[\"https:\\\/\\\/www.facebook.com\\\/guillo.pantoja.1\"]},{\"@type\":\"Person\",\"@id\":\"https:\\\/\\\/contrastes.com.co\\\/web\\\/#\\\/schema\\\/person\\\/62ef7a62dc4da6de450c71fc2e95ed02\",\"name\":\"Editor\",\"image\":{\"@type\":\"ImageObject\",\"inLanguage\":\"es\",\"@id\":\"https:\\\/\\\/secure.gravatar.com\\\/avatar\\\/7bbb4f718d74bbf600dc556253bb04fd7ac8593751d6e2e3b85432d98aefae80?s=96&d=mm&r=g\",\"url\":\"https:\\\/\\\/secure.gravatar.com\\\/avatar\\\/7bbb4f718d74bbf600dc556253bb04fd7ac8593751d6e2e3b85432d98aefae80?s=96&d=mm&r=g\",\"contentUrl\":\"https:\\\/\\\/secure.gravatar.com\\\/avatar\\\/7bbb4f718d74bbf600dc556253bb04fd7ac8593751d6e2e3b85432d98aefae80?s=96&d=mm&r=g\",\"caption\":\"Editor\"},\"sameAs\":[\"https:\\\/\\\/contrastes.com.co\\\/web\"],\"url\":\"https:\\\/\\\/contrastes.com.co\\\/web\\\/author\\\/jdbobadilla\\\/\"}]}<\/script>\n<!-- \/ Yoast SEO plugin. -->","yoast_head_json":{"title":"Se Prende La Navidad, a Ritmo De Carnaval - Constrastes","description":"En una noche de brillo y color, la reina del Carnaval de Barranquilla 2025, Tatiana Angulo Fern\u00e1ndez de Castro, hizo presencia en el encendido de \u00e1rbol de Navidad en la Ventana al Mundo, donde tuvo la oportunidad saludar y compartir con los asistentes e invitarlos a su fiesta bacana.","robots":{"index":"index","follow":"follow","max-snippet":"max-snippet:-1","max-image-preview":"max-image-preview:large","max-video-preview":"max-video-preview:-1"},"canonical":"https:\/\/contrastes.com.co\/web\/2024\/11\/27\/se-prende-la-navidad-a-ritmo-de-carnaval\/","og_locale":"es_ES","og_type":"article","og_title":"Se Prende La Navidad, a Ritmo De Carnaval - Constrastes","og_description":"En una noche de brillo y color, la reina del Carnaval de Barranquilla 2025, Tatiana Angulo Fern\u00e1ndez de Castro, hizo presencia en el encendido de \u00e1rbol de Navidad en la Ventana al Mundo, donde tuvo la oportunidad saludar y compartir con los asistentes e invitarlos a su fiesta bacana.","og_url":"https:\/\/contrastes.com.co\/web\/2024\/11\/27\/se-prende-la-navidad-a-ritmo-de-carnaval\/","og_site_name":"Constrastes","article_publisher":"https:\/\/www.facebook.com\/guillo.pantoja.1","article_published_time":"2024-11-28T02:32:11+00:00","og_image":[{"width":1600,"height":1066,"url":"https:\/\/contrastes.com.co\/web\/wp-content\/uploads\/2024\/11\/WhatsApp-Image-2024-11-27-at-9.15.35-AM.jpeg","type":"image\/jpeg"}],"author":"Editor","twitter_card":"summary_large_image","twitter_misc":{"Escrito por":"Editor","Tiempo de lectura":"1 minuto"},"schema":{"@context":"https:\/\/schema.org","@graph":[{"@type":"Article","@id":"https:\/\/contrastes.com.co\/web\/2024\/11\/27\/se-prende-la-navidad-a-ritmo-de-carnaval\/#article","isPartOf":{"@id":"https:\/\/contrastes.com.co\/web\/2024\/11\/27\/se-prende-la-navidad-a-ritmo-de-carnaval\/"},"author":{"name":"Editor","@id":"https:\/\/contrastes.com.co\/web\/#\/schema\/person\/62ef7a62dc4da6de450c71fc2e95ed02"},"headline":"Se Prende La Navidad, a Ritmo De Carnaval","datePublished":"2024-11-28T02:32:11+00:00","mainEntityOfPage":{"@id":"https:\/\/contrastes.com.co\/web\/2024\/11\/27\/se-prende-la-navidad-a-ritmo-de-carnaval\/"},"wordCount":216,"commentCount":0,"publisher":{"@id":"https:\/\/contrastes.com.co\/web\/#organization"},"image":{"@id":"https:\/\/contrastes.com.co\/web\/2024\/11\/27\/se-prende-la-navidad-a-ritmo-de-carnaval\/#primaryimage"},"thumbnailUrl":"https:\/\/contrastes.com.co\/web\/wp-content\/uploads\/2024\/11\/WhatsApp-Image-2024-11-27-at-9.15.35-AM.jpeg","articleSection":["Carnaval","ContrastesRadio","Convivencia y Cultura Ciudadana","Cultura","Folclor","Lester Padilla","Opini\u00f3n","Pa\u00eds","Televisi\u00f3n","Televisi\u00f3n-Web"],"inLanguage":"es","potentialAction":[{"@type":"CommentAction","name":"Comment","target":["https:\/\/contrastes.com.co\/web\/2024\/11\/27\/se-prende-la-navidad-a-ritmo-de-carnaval\/#respond"]}]},{"@type":"WebPage","@id":"https:\/\/contrastes.com.co\/web\/2024\/11\/27\/se-prende-la-navidad-a-ritmo-de-carnaval\/","url":"https:\/\/contrastes.com.co\/web\/2024\/11\/27\/se-prende-la-navidad-a-ritmo-de-carnaval\/","name":"Se Prende La Navidad, a Ritmo De Carnaval - Constrastes","isPartOf":{"@id":"https:\/\/contrastes.com.co\/web\/#website"},"primaryImageOfPage":{"@id":"https:\/\/contrastes.com.co\/web\/2024\/11\/27\/se-prende-la-navidad-a-ritmo-de-carnaval\/#primaryimage"},"image":{"@id":"https:\/\/contrastes.com.co\/web\/2024\/11\/27\/se-prende-la-navidad-a-ritmo-de-carnaval\/#primaryimage"},"thumbnailUrl":"https:\/\/contrastes.com.co\/web\/wp-content\/uploads\/2024\/11\/WhatsApp-Image-2024-11-27-at-9.15.35-AM.jpeg","datePublished":"2024-11-28T02:32:11+00:00","description":"En una noche de brillo y color, la reina del Carnaval de Barranquilla 2025, Tatiana Angulo Fern\u00e1ndez de Castro, hizo presencia en el encendido de \u00e1rbol de Navidad en la Ventana al Mundo, donde tuvo la oportunidad saludar y compartir con los asistentes e invitarlos a su fiesta bacana.","breadcrumb":{"@id":"https:\/\/contrastes.com.co\/web\/2024\/11\/27\/se-prende-la-navidad-a-ritmo-de-carnaval\/#breadcrumb"},"inLanguage":"es","potentialAction":[{"@type":"ReadAction","target":["https:\/\/contrastes.com.co\/web\/2024\/11\/27\/se-prende-la-navidad-a-ritmo-de-carnaval\/"]}]},{"@type":"ImageObject","inLanguage":"es","@id":"https:\/\/contrastes.com.co\/web\/2024\/11\/27\/se-prende-la-navidad-a-ritmo-de-carnaval\/#primaryimage","url":"https:\/\/contrastes.com.co\/web\/wp-content\/uploads\/2024\/11\/WhatsApp-Image-2024-11-27-at-9.15.35-AM.jpeg","contentUrl":"https:\/\/contrastes.com.co\/web\/wp-content\/uploads\/2024\/11\/WhatsApp-Image-2024-11-27-at-9.15.35-AM.jpeg","width":1600,"height":1066},{"@type":"BreadcrumbList","@id":"https:\/\/contrastes.com.co\/web\/2024\/11\/27\/se-prende-la-navidad-a-ritmo-de-carnaval\/#breadcrumb","itemListElement":[{"@type":"ListItem","position":1,"name":"Portada","item":"https:\/\/contrastes.com.co\/web\/"},{"@type":"ListItem","position":2,"name":"Se Prende La Navidad, a Ritmo De Carnaval"}]},{"@type":"WebSite","@id":"https:\/\/contrastes.com.co\/web\/#website","url":"https:\/\/contrastes.com.co\/web\/","name":"Contrastes","description":"Periodismo de Conciencia","publisher":{"@id":"https:\/\/contrastes.com.co\/web\/#organization"},"potentialAction":[{"@type":"SearchAction","target":{"@type":"EntryPoint","urlTemplate":"https:\/\/contrastes.com.co\/web\/?s={search_term_string}"},"query-input":{"@type":"PropertyValueSpecification","valueRequired":true,"valueName":"search_term_string"}}],"inLanguage":"es"},{"@type":"Organization","@id":"https:\/\/contrastes.com.co\/web\/#organization","name":"Contrastes","url":"https:\/\/contrastes.com.co\/web\/","logo":{"@type":"ImageObject","inLanguage":"es","@id":"https:\/\/contrastes.com.co\/web\/#\/schema\/logo\/image\/","url":"https:\/\/contrastes.com.co\/web\/wp-content\/uploads\/2025\/04\/15CONTRASTES3.png","contentUrl":"https:\/\/contrastes.com.co\/web\/wp-content\/uploads\/2025\/04\/15CONTRASTES3.png","width":1536,"height":231,"caption":"Contrastes"},"image":{"@id":"https:\/\/contrastes.com.co\/web\/#\/schema\/logo\/image\/"},"sameAs":["https:\/\/www.facebook.com\/guillo.pantoja.1"]},{"@type":"Person","@id":"https:\/\/contrastes.com.co\/web\/#\/schema\/person\/62ef7a62dc4da6de450c71fc2e95ed02","name":"Editor","image":{"@type":"ImageObject","inLanguage":"es","@id":"https:\/\/secure.gravatar.com\/avatar\/7bbb4f718d74bbf600dc556253bb04fd7ac8593751d6e2e3b85432d98aefae80?s=96&d=mm&r=g","url":"https:\/\/secure.gravatar.com\/avatar\/7bbb4f718d74bbf600dc556253bb04fd7ac8593751d6e2e3b85432d98aefae80?s=96&d=mm&r=g","contentUrl":"https:\/\/secure.gravatar.com\/avatar\/7bbb4f718d74bbf600dc556253bb04fd7ac8593751d6e2e3b85432d98aefae80?s=96&d=mm&r=g","caption":"Editor"},"sameAs":["https:\/\/contrastes.com.co\/web"],"url":"https:\/\/contrastes.com.co\/web\/author\/jdbobadilla\/"}]}},"blog_post_layout_featured_media_urls":{"thumbnail":["https:\/\/contrastes.com.co\/web\/wp-content\/uploads\/2024\/11\/WhatsApp-Image-2024-11-27-at-9.15.35-AM-150x150.jpeg",150,150,true],"full":["https:\/\/contrastes.com.co\/web\/wp-content\/uploads\/2024\/11\/WhatsApp-Image-2024-11-27-at-9.15.35-AM.jpeg",1600,1066,false]},"categories_names":{"1796":{"name":"Carnaval","link":"https:\/\/contrastes.com.co\/web\/category\/carnaval\/"},"1226":{"name":"ContrastesRadio","link":"https:\/\/contrastes.com.co\/web\/category\/contrastesradio\/"},"7411":{"name":"Convivencia y Cultura Ciudadana","link":"https:\/\/contrastes.com.co\/web\/category\/convivencia-y-cultura-ciudadana\/"},"104":{"name":"Cultura","link":"https:\/\/contrastes.com.co\/web\/category\/cultura\/"},"9238":{"name":"Folclor","link":"https:\/\/contrastes.com.co\/web\/category\/folclor\/"},"8562":{"name":"Lester Padilla","link":"https:\/\/contrastes.com.co\/web\/category\/lester-padilla\/"},"277":{"name":"Opini\u00f3n","link":"https:\/\/contrastes.com.co\/web\/category\/opinion\/"},"101":{"name":"Pa\u00eds","link":"https:\/\/contrastes.com.co\/web\/category\/pais\/"},"3348":{"name":"Televisi\u00f3n","link":"https:\/\/contrastes.com.co\/web\/category\/television\/"},"4940":{"name":"Televisi\u00f3n-Web","link":"https:\/\/contrastes.com.co\/web\/category\/television-web\/"}},"tags_names":[],"comments_number":"0","wpmagazine_modules_lite_featured_media_urls":{"thumbnail":["https:\/\/contrastes.com.co\/web\/wp-content\/uploads\/2024\/11\/WhatsApp-Image-2024-11-27-at-9.15.35-AM-150x150.jpeg",150,150,true],"cvmm-medium":["https:\/\/contrastes.com.co\/web\/wp-content\/uploads\/2024\/11\/WhatsApp-Image-2024-11-27-at-9.15.35-AM.jpeg",300,200,false],"cvmm-medium-plus":["https:\/\/contrastes.com.co\/web\/wp-content\/uploads\/2024\/11\/WhatsApp-Image-2024-11-27-at-9.15.35-AM.jpeg",305,203,false],"cvmm-portrait":["https:\/\/contrastes.com.co\/web\/wp-content\/uploads\/2024\/11\/WhatsApp-Image-2024-11-27-at-9.15.35-AM.jpeg",400,267,false],"cvmm-medium-square":["https:\/\/contrastes.com.co\/web\/wp-content\/uploads\/2024\/11\/WhatsApp-Image-2024-11-27-at-9.15.35-AM.jpeg",600,400,false],"cvmm-large":["https:\/\/contrastes.com.co\/web\/wp-content\/uploads\/2024\/11\/WhatsApp-Image-2024-11-27-at-9.15.35-AM.jpeg",1024,682,false],"cvmm-small":["https:\/\/contrastes.com.co\/web\/wp-content\/uploads\/2024\/11\/WhatsApp-Image-2024-11-27-at-9.15.35-AM.jpeg",130,87,false],"full":["https:\/\/contrastes.com.co\/web\/wp-content\/uploads\/2024\/11\/WhatsApp-Image-2024-11-27-at-9.15.35-AM.jpeg",1600,1066,false]},"_links":{"self":[{"href":"https:\/\/contrastes.com.co\/web\/wp-json\/wp\/v2\/posts\/15476","targetHints":{"allow":["GET"]}}],"collection":[{"href":"https:\/\/contrastes.com.co\/web\/wp-json\/wp\/v2\/posts"}],"about":[{"href":"https:\/\/contrastes.com.co\/web\/wp-json\/wp\/v2\/types\/post"}],"author":[{"embeddable":true,"href":"https:\/\/contrastes.com.co\/web\/wp-json\/wp\/v2\/users\/1"}],"replies":[{"embeddable":true,"href":"https:\/\/contrastes.com.co\/web\/wp-json\/wp\/v2\/comments?post=15476"}],"version-history":[{"count":0,"href":"https:\/\/contrastes.com.co\/web\/wp-json\/wp\/v2\/posts\/15476\/revisions"}],"wp:featuredmedia":[{"embeddable":true,"href":"https:\/\/contrastes.com.co\/web\/wp-json\/wp\/v2\/media\/15477"}],"wp:attachment":[{"href":"https:\/\/contrastes.com.co\/web\/wp-json\/wp\/v2\/media?parent=15476"}],"wp:term":[{"taxonomy":"category","embeddable":true,"href":"https:\/\/contrastes.com.co\/web\/wp-json\/wp\/v2\/categories?post=15476"},{"taxonomy":"post_tag","embeddable":true,"href":"https:\/\/contrastes.com.co\/web\/wp-json\/wp\/v2\/tags?post=15476"}],"curies":[{"name":"wp","href":"https:\/\/api.w.org\/{rel}","templated":true}]}}