{"id":15565,"date":"2024-12-13T12:04:42","date_gmt":"2024-12-13T17:04:42","guid":{"rendered":"https:\/\/contrastes.com.co\/digital\/?p=15557"},"modified":"2024-12-13T12:04:42","modified_gmt":"2024-12-13T17:04:42","slug":"pa-pasarla-bacano-la-cancion-del-carnaval-2025","status":"publish","type":"post","link":"https:\/\/contrastes.com.co\/web\/2024\/12\/13\/pa-pasarla-bacano-la-cancion-del-carnaval-2025\/","title":{"rendered":"\u00abPa pasarla bacano\u00bb  La canci\u00f3n del carnaval 2025"},"content":{"rendered":"<blockquote><p><strong><em>El \u2018Pr\u00edncipe del Carnaval\u2019, Checo Acosta; el cantante barranquillero Fausto Chatella, la artista malambera Mery Bella y el cantautor cartagenero Donny Caballero, son sus int\u00e9rpretes.<\/em><\/strong><\/p><\/blockquote>\n<p>Barranquilla, diciembre de 2024<\/p>\n<p>Lleg\u00f3 la hora de bailar con la Reina Bacana.\u00a0 Tatiana Angulo Fern\u00e1ndez de Castro, present\u00f3 oficialmente su canci\u00f3n titulada: Pa\u2019 Pasarla Bacano, un homenaje a la bacaner\u00eda, la tradici\u00f3n y el ambiente que se vive en Barranquilla cuando llega la temporada de Carnaval.<\/p>\n<p>En la casa del carnaval se dieron cita los artistas que grabaron este tema musical, para lanzar oficialmente ante los medios la tarde noche del jueves 12 de diciembre.<\/p>\n<div id='gallery-1' class='gallery galleryid-15565 gallery-columns-1 gallery-size-medium'><figure class='gallery-item'>\n\t\t\t<div class='gallery-icon landscape'>\n\t\t\t\t<a href='https:\/\/contrastes.com.co\/web\/img_20241212_181210_654\/'><img fetchpriority=\"high\" decoding=\"async\" width=\"300\" height=\"225\" src=\"https:\/\/contrastes.com.co\/web\/wp-content\/uploads\/2024\/12\/IMG_20241212_181210_654-scaled-1-300x225.jpg\" class=\"attachment-medium size-medium\" alt=\"\" srcset=\"https:\/\/contrastes.com.co\/web\/wp-content\/uploads\/2024\/12\/IMG_20241212_181210_654-scaled-1-300x225.jpg 300w, https:\/\/contrastes.com.co\/web\/wp-content\/uploads\/2024\/12\/IMG_20241212_181210_654-scaled-1-1024x768.jpg 1024w, https:\/\/contrastes.com.co\/web\/wp-content\/uploads\/2024\/12\/IMG_20241212_181210_654-scaled-1-768x576.jpg 768w, https:\/\/contrastes.com.co\/web\/wp-content\/uploads\/2024\/12\/IMG_20241212_181210_654-scaled-1-1536x1152.jpg 1536w, https:\/\/contrastes.com.co\/web\/wp-content\/uploads\/2024\/12\/IMG_20241212_181210_654-scaled-1-2048x1536.jpg 2048w\" sizes=\"(max-width: 300px) 100vw, 300px\" \/><\/a>\n\t\t\t<\/div><\/figure><figure class='gallery-item'>\n\t\t\t<div class='gallery-icon landscape'>\n\t\t\t\t<a href='https:\/\/contrastes.com.co\/web\/img_20241212_181844_063\/'><img decoding=\"async\" width=\"300\" height=\"225\" src=\"https:\/\/contrastes.com.co\/web\/wp-content\/uploads\/2024\/12\/IMG_20241212_181844_063-scaled-1-300x225.jpg\" class=\"attachment-medium size-medium\" alt=\"\" srcset=\"https:\/\/contrastes.com.co\/web\/wp-content\/uploads\/2024\/12\/IMG_20241212_181844_063-scaled-1-300x225.jpg 300w, https:\/\/contrastes.com.co\/web\/wp-content\/uploads\/2024\/12\/IMG_20241212_181844_063-scaled-1-1024x768.jpg 1024w, https:\/\/contrastes.com.co\/web\/wp-content\/uploads\/2024\/12\/IMG_20241212_181844_063-scaled-1-768x576.jpg 768w, https:\/\/contrastes.com.co\/web\/wp-content\/uploads\/2024\/12\/IMG_20241212_181844_063-scaled-1-1536x1152.jpg 1536w, https:\/\/contrastes.com.co\/web\/wp-content\/uploads\/2024\/12\/IMG_20241212_181844_063-scaled-1-2048x1536.jpg 2048w\" sizes=\"(max-width: 300px) 100vw, 300px\" \/><\/a>\n\t\t\t<\/div><\/figure>\n\t\t<\/div>\n\n<p>Pa pasarlo bacano, es producida por\u00a0 el m\u00fasico Barranquillero Javier Cuello. \u201cEsta canci\u00f3n est\u00e1 inspirada en todas las personas que viven y disfrutan el Carnaval. Es una combinaci\u00f3n de ritmos muy queridos por los barranquilleros y cuenta con artistas talentos\u00edsimos. Todos aportaron sus ra\u00edces, su musicalidad y su energ\u00eda a este tema que promete pegarse en el Carnaval\u201d, explic\u00f3 Javier.<\/p>\n","protected":false},"excerpt":{"rendered":"<p>El \u2018Pr\u00edncipe del Carnaval\u2019, Checo Acosta; el cantante barranquillero Fausto Chatella, la artista malambera Mery Bella y el cantautor cartagenero Donny Caballero, son sus int\u00e9rpretes. Barranquilla, diciembre de 2024 Lleg\u00f3 la hora de bailar con la Reina Bacana.\u00a0 Tatiana Angulo Fern\u00e1ndez de Castro, present\u00f3 oficialmente su canci\u00f3n titulada: Pa\u2019 Pasarla Bacano, un homenaje a la [&hellip;]<\/p>\n","protected":false},"author":1,"featured_media":15558,"comment_status":"open","ping_status":"open","sticky":false,"template":"","format":"standard","meta":{"footnotes":""},"categories":[6778,1796,8566,1226,7411,104,7272,2169,8562,88,2076,101,3348,4940],"tags":[],"class_list":["post-15565","post","type-post","status-publish","format-standard","has-post-thumbnail","hentry","category-arte","category-carnaval","category-colombia-hoy","category-contrastesradio","category-convivencia-y-cultura-ciudadana","category-cultura","category-cultura-ciudadana","category-eventos","category-lester-padilla","category-mundo","category-musica","category-pais","category-television","category-television-web"],"yoast_head":"<!-- This site is optimized with the Yoast SEO plugin v27.7 - https:\/\/yoast.com\/product\/yoast-seo-wordpress\/ -->\n<title>&quot;Pa pasarla bacano&quot; La canci\u00f3n del carnaval 2025 - Constrastes<\/title>\n<meta name=\"description\" content=\"Lleg\u00f3 la hora de bailar con la Reina Bacana.\u00a0 Tatiana Angulo Fern\u00e1ndez de Castro, present\u00f3 oficialmente su canci\u00f3n titulada: Pa\u2019 Pasarla Bacano, un homenaje a la bacaner\u00eda, la tradici\u00f3n y el ambiente que se vive en Barranquilla cuando llega la temporada de Carnaval.\" \/>\n<meta name=\"robots\" content=\"index, follow, max-snippet:-1, max-image-preview:large, max-video-preview:-1\" \/>\n<link rel=\"canonical\" href=\"https:\/\/contrastes.com.co\/web\/2024\/12\/13\/pa-pasarla-bacano-la-cancion-del-carnaval-2025\/\" \/>\n<meta property=\"og:locale\" content=\"es_ES\" \/>\n<meta property=\"og:type\" content=\"article\" \/>\n<meta property=\"og:title\" content=\"&quot;Pa pasarla bacano&quot; La canci\u00f3n del carnaval 2025 - Constrastes\" \/>\n<meta property=\"og:description\" content=\"Lleg\u00f3 la hora de bailar con la Reina Bacana.\u00a0 Tatiana Angulo Fern\u00e1ndez de Castro, present\u00f3 oficialmente su canci\u00f3n titulada: Pa\u2019 Pasarla Bacano, un homenaje a la bacaner\u00eda, la tradici\u00f3n y el ambiente que se vive en Barranquilla cuando llega la temporada de Carnaval.\" \/>\n<meta property=\"og:url\" content=\"https:\/\/contrastes.com.co\/web\/2024\/12\/13\/pa-pasarla-bacano-la-cancion-del-carnaval-2025\/\" \/>\n<meta property=\"og:site_name\" content=\"Constrastes\" \/>\n<meta property=\"article:publisher\" content=\"https:\/\/www.facebook.com\/guillo.pantoja.1\" \/>\n<meta property=\"article:published_time\" content=\"2024-12-13T17:04:42+00:00\" \/>\n<meta name=\"author\" content=\"Editor\" \/>\n<meta name=\"twitter:card\" content=\"summary_large_image\" \/>\n<meta name=\"twitter:label1\" content=\"Escrito por\" \/>\n\t<meta name=\"twitter:data1\" content=\"Editor\" \/>\n\t<meta name=\"twitter:label2\" content=\"Tiempo de lectura\" \/>\n\t<meta name=\"twitter:data2\" content=\"1 minuto\" \/>\n<script type=\"application\/ld+json\" class=\"yoast-schema-graph\">{\"@context\":\"https:\\\/\\\/schema.org\",\"@graph\":[{\"@type\":\"Article\",\"@id\":\"https:\\\/\\\/contrastes.com.co\\\/web\\\/2024\\\/12\\\/13\\\/pa-pasarla-bacano-la-cancion-del-carnaval-2025\\\/#article\",\"isPartOf\":{\"@id\":\"https:\\\/\\\/contrastes.com.co\\\/web\\\/2024\\\/12\\\/13\\\/pa-pasarla-bacano-la-cancion-del-carnaval-2025\\\/\"},\"author\":{\"name\":\"Editor\",\"@id\":\"https:\\\/\\\/contrastes.com.co\\\/web\\\/#\\\/schema\\\/person\\\/62ef7a62dc4da6de450c71fc2e95ed02\"},\"headline\":\"\u00abPa pasarla bacano\u00bb La canci\u00f3n del carnaval 2025\",\"datePublished\":\"2024-12-13T17:04:42+00:00\",\"mainEntityOfPage\":{\"@id\":\"https:\\\/\\\/contrastes.com.co\\\/web\\\/2024\\\/12\\\/13\\\/pa-pasarla-bacano-la-cancion-del-carnaval-2025\\\/\"},\"wordCount\":188,\"commentCount\":0,\"publisher\":{\"@id\":\"https:\\\/\\\/contrastes.com.co\\\/web\\\/#organization\"},\"image\":{\"@id\":\"https:\\\/\\\/contrastes.com.co\\\/web\\\/2024\\\/12\\\/13\\\/pa-pasarla-bacano-la-cancion-del-carnaval-2025\\\/#primaryimage\"},\"thumbnailUrl\":\"\",\"articleSection\":[\"Arte\",\"Carnaval\",\"Colombia Hoy\",\"ContrastesRadio\",\"Convivencia y Cultura Ciudadana\",\"Cultura\",\"Cultura Ciudadana\",\"Eventos\",\"Lester Padilla\",\"Mundo\",\"M\u00fasica\",\"Pa\u00eds\",\"Televisi\u00f3n\",\"Televisi\u00f3n-Web\"],\"inLanguage\":\"es\",\"potentialAction\":[{\"@type\":\"CommentAction\",\"name\":\"Comment\",\"target\":[\"https:\\\/\\\/contrastes.com.co\\\/web\\\/2024\\\/12\\\/13\\\/pa-pasarla-bacano-la-cancion-del-carnaval-2025\\\/#respond\"]}]},{\"@type\":\"WebPage\",\"@id\":\"https:\\\/\\\/contrastes.com.co\\\/web\\\/2024\\\/12\\\/13\\\/pa-pasarla-bacano-la-cancion-del-carnaval-2025\\\/\",\"url\":\"https:\\\/\\\/contrastes.com.co\\\/web\\\/2024\\\/12\\\/13\\\/pa-pasarla-bacano-la-cancion-del-carnaval-2025\\\/\",\"name\":\"\\\"Pa pasarla bacano\\\" La canci\u00f3n del carnaval 2025 - Constrastes\",\"isPartOf\":{\"@id\":\"https:\\\/\\\/contrastes.com.co\\\/web\\\/#website\"},\"primaryImageOfPage\":{\"@id\":\"https:\\\/\\\/contrastes.com.co\\\/web\\\/2024\\\/12\\\/13\\\/pa-pasarla-bacano-la-cancion-del-carnaval-2025\\\/#primaryimage\"},\"image\":{\"@id\":\"https:\\\/\\\/contrastes.com.co\\\/web\\\/2024\\\/12\\\/13\\\/pa-pasarla-bacano-la-cancion-del-carnaval-2025\\\/#primaryimage\"},\"thumbnailUrl\":\"\",\"datePublished\":\"2024-12-13T17:04:42+00:00\",\"description\":\"Lleg\u00f3 la hora de bailar con la Reina Bacana.\u00a0 Tatiana Angulo Fern\u00e1ndez de Castro, present\u00f3 oficialmente su canci\u00f3n titulada: Pa\u2019 Pasarla Bacano, un homenaje a la bacaner\u00eda, la tradici\u00f3n y el ambiente que se vive en Barranquilla cuando llega la temporada de Carnaval.\",\"breadcrumb\":{\"@id\":\"https:\\\/\\\/contrastes.com.co\\\/web\\\/2024\\\/12\\\/13\\\/pa-pasarla-bacano-la-cancion-del-carnaval-2025\\\/#breadcrumb\"},\"inLanguage\":\"es\",\"potentialAction\":[{\"@type\":\"ReadAction\",\"target\":[\"https:\\\/\\\/contrastes.com.co\\\/web\\\/2024\\\/12\\\/13\\\/pa-pasarla-bacano-la-cancion-del-carnaval-2025\\\/\"]}]},{\"@type\":\"ImageObject\",\"inLanguage\":\"es\",\"@id\":\"https:\\\/\\\/contrastes.com.co\\\/web\\\/2024\\\/12\\\/13\\\/pa-pasarla-bacano-la-cancion-del-carnaval-2025\\\/#primaryimage\",\"url\":\"\",\"contentUrl\":\"\"},{\"@type\":\"BreadcrumbList\",\"@id\":\"https:\\\/\\\/contrastes.com.co\\\/web\\\/2024\\\/12\\\/13\\\/pa-pasarla-bacano-la-cancion-del-carnaval-2025\\\/#breadcrumb\",\"itemListElement\":[{\"@type\":\"ListItem\",\"position\":1,\"name\":\"Portada\",\"item\":\"https:\\\/\\\/contrastes.com.co\\\/web\\\/\"},{\"@type\":\"ListItem\",\"position\":2,\"name\":\"\u00abPa pasarla bacano\u00bb La canci\u00f3n del carnaval 2025\"}]},{\"@type\":\"WebSite\",\"@id\":\"https:\\\/\\\/contrastes.com.co\\\/web\\\/#website\",\"url\":\"https:\\\/\\\/contrastes.com.co\\\/web\\\/\",\"name\":\"Contrastes\",\"description\":\"Periodismo de Conciencia\",\"publisher\":{\"@id\":\"https:\\\/\\\/contrastes.com.co\\\/web\\\/#organization\"},\"potentialAction\":[{\"@type\":\"SearchAction\",\"target\":{\"@type\":\"EntryPoint\",\"urlTemplate\":\"https:\\\/\\\/contrastes.com.co\\\/web\\\/?s={search_term_string}\"},\"query-input\":{\"@type\":\"PropertyValueSpecification\",\"valueRequired\":true,\"valueName\":\"search_term_string\"}}],\"inLanguage\":\"es\"},{\"@type\":\"Organization\",\"@id\":\"https:\\\/\\\/contrastes.com.co\\\/web\\\/#organization\",\"name\":\"Contrastes\",\"url\":\"https:\\\/\\\/contrastes.com.co\\\/web\\\/\",\"logo\":{\"@type\":\"ImageObject\",\"inLanguage\":\"es\",\"@id\":\"https:\\\/\\\/contrastes.com.co\\\/web\\\/#\\\/schema\\\/logo\\\/image\\\/\",\"url\":\"https:\\\/\\\/contrastes.com.co\\\/web\\\/wp-content\\\/uploads\\\/2025\\\/04\\\/15CONTRASTES3.png\",\"contentUrl\":\"https:\\\/\\\/contrastes.com.co\\\/web\\\/wp-content\\\/uploads\\\/2025\\\/04\\\/15CONTRASTES3.png\",\"width\":1536,\"height\":231,\"caption\":\"Contrastes\"},\"image\":{\"@id\":\"https:\\\/\\\/contrastes.com.co\\\/web\\\/#\\\/schema\\\/logo\\\/image\\\/\"},\"sameAs\":[\"https:\\\/\\\/www.facebook.com\\\/guillo.pantoja.1\"]},{\"@type\":\"Person\",\"@id\":\"https:\\\/\\\/contrastes.com.co\\\/web\\\/#\\\/schema\\\/person\\\/62ef7a62dc4da6de450c71fc2e95ed02\",\"name\":\"Editor\",\"image\":{\"@type\":\"ImageObject\",\"inLanguage\":\"es\",\"@id\":\"https:\\\/\\\/secure.gravatar.com\\\/avatar\\\/7bbb4f718d74bbf600dc556253bb04fd7ac8593751d6e2e3b85432d98aefae80?s=96&d=mm&r=g\",\"url\":\"https:\\\/\\\/secure.gravatar.com\\\/avatar\\\/7bbb4f718d74bbf600dc556253bb04fd7ac8593751d6e2e3b85432d98aefae80?s=96&d=mm&r=g\",\"contentUrl\":\"https:\\\/\\\/secure.gravatar.com\\\/avatar\\\/7bbb4f718d74bbf600dc556253bb04fd7ac8593751d6e2e3b85432d98aefae80?s=96&d=mm&r=g\",\"caption\":\"Editor\"},\"sameAs\":[\"https:\\\/\\\/contrastes.com.co\\\/web\"],\"url\":\"https:\\\/\\\/contrastes.com.co\\\/web\\\/author\\\/jdbobadilla\\\/\"}]}<\/script>\n<!-- \/ Yoast SEO plugin. -->","yoast_head_json":{"title":"\"Pa pasarla bacano\" La canci\u00f3n del carnaval 2025 - Constrastes","description":"Lleg\u00f3 la hora de bailar con la Reina Bacana.\u00a0 Tatiana Angulo Fern\u00e1ndez de Castro, present\u00f3 oficialmente su canci\u00f3n titulada: Pa\u2019 Pasarla Bacano, un homenaje a la bacaner\u00eda, la tradici\u00f3n y el ambiente que se vive en Barranquilla cuando llega la temporada de Carnaval.","robots":{"index":"index","follow":"follow","max-snippet":"max-snippet:-1","max-image-preview":"max-image-preview:large","max-video-preview":"max-video-preview:-1"},"canonical":"https:\/\/contrastes.com.co\/web\/2024\/12\/13\/pa-pasarla-bacano-la-cancion-del-carnaval-2025\/","og_locale":"es_ES","og_type":"article","og_title":"\"Pa pasarla bacano\" La canci\u00f3n del carnaval 2025 - Constrastes","og_description":"Lleg\u00f3 la hora de bailar con la Reina Bacana.\u00a0 Tatiana Angulo Fern\u00e1ndez de Castro, present\u00f3 oficialmente su canci\u00f3n titulada: Pa\u2019 Pasarla Bacano, un homenaje a la bacaner\u00eda, la tradici\u00f3n y el ambiente que se vive en Barranquilla cuando llega la temporada de Carnaval.","og_url":"https:\/\/contrastes.com.co\/web\/2024\/12\/13\/pa-pasarla-bacano-la-cancion-del-carnaval-2025\/","og_site_name":"Constrastes","article_publisher":"https:\/\/www.facebook.com\/guillo.pantoja.1","article_published_time":"2024-12-13T17:04:42+00:00","author":"Editor","twitter_card":"summary_large_image","twitter_misc":{"Escrito por":"Editor","Tiempo de lectura":"1 minuto"},"schema":{"@context":"https:\/\/schema.org","@graph":[{"@type":"Article","@id":"https:\/\/contrastes.com.co\/web\/2024\/12\/13\/pa-pasarla-bacano-la-cancion-del-carnaval-2025\/#article","isPartOf":{"@id":"https:\/\/contrastes.com.co\/web\/2024\/12\/13\/pa-pasarla-bacano-la-cancion-del-carnaval-2025\/"},"author":{"name":"Editor","@id":"https:\/\/contrastes.com.co\/web\/#\/schema\/person\/62ef7a62dc4da6de450c71fc2e95ed02"},"headline":"\u00abPa pasarla bacano\u00bb La canci\u00f3n del carnaval 2025","datePublished":"2024-12-13T17:04:42+00:00","mainEntityOfPage":{"@id":"https:\/\/contrastes.com.co\/web\/2024\/12\/13\/pa-pasarla-bacano-la-cancion-del-carnaval-2025\/"},"wordCount":188,"commentCount":0,"publisher":{"@id":"https:\/\/contrastes.com.co\/web\/#organization"},"image":{"@id":"https:\/\/contrastes.com.co\/web\/2024\/12\/13\/pa-pasarla-bacano-la-cancion-del-carnaval-2025\/#primaryimage"},"thumbnailUrl":"","articleSection":["Arte","Carnaval","Colombia Hoy","ContrastesRadio","Convivencia y Cultura Ciudadana","Cultura","Cultura Ciudadana","Eventos","Lester Padilla","Mundo","M\u00fasica","Pa\u00eds","Televisi\u00f3n","Televisi\u00f3n-Web"],"inLanguage":"es","potentialAction":[{"@type":"CommentAction","name":"Comment","target":["https:\/\/contrastes.com.co\/web\/2024\/12\/13\/pa-pasarla-bacano-la-cancion-del-carnaval-2025\/#respond"]}]},{"@type":"WebPage","@id":"https:\/\/contrastes.com.co\/web\/2024\/12\/13\/pa-pasarla-bacano-la-cancion-del-carnaval-2025\/","url":"https:\/\/contrastes.com.co\/web\/2024\/12\/13\/pa-pasarla-bacano-la-cancion-del-carnaval-2025\/","name":"\"Pa pasarla bacano\" La canci\u00f3n del carnaval 2025 - Constrastes","isPartOf":{"@id":"https:\/\/contrastes.com.co\/web\/#website"},"primaryImageOfPage":{"@id":"https:\/\/contrastes.com.co\/web\/2024\/12\/13\/pa-pasarla-bacano-la-cancion-del-carnaval-2025\/#primaryimage"},"image":{"@id":"https:\/\/contrastes.com.co\/web\/2024\/12\/13\/pa-pasarla-bacano-la-cancion-del-carnaval-2025\/#primaryimage"},"thumbnailUrl":"","datePublished":"2024-12-13T17:04:42+00:00","description":"Lleg\u00f3 la hora de bailar con la Reina Bacana.\u00a0 Tatiana Angulo Fern\u00e1ndez de Castro, present\u00f3 oficialmente su canci\u00f3n titulada: Pa\u2019 Pasarla Bacano, un homenaje a la bacaner\u00eda, la tradici\u00f3n y el ambiente que se vive en Barranquilla cuando llega la temporada de Carnaval.","breadcrumb":{"@id":"https:\/\/contrastes.com.co\/web\/2024\/12\/13\/pa-pasarla-bacano-la-cancion-del-carnaval-2025\/#breadcrumb"},"inLanguage":"es","potentialAction":[{"@type":"ReadAction","target":["https:\/\/contrastes.com.co\/web\/2024\/12\/13\/pa-pasarla-bacano-la-cancion-del-carnaval-2025\/"]}]},{"@type":"ImageObject","inLanguage":"es","@id":"https:\/\/contrastes.com.co\/web\/2024\/12\/13\/pa-pasarla-bacano-la-cancion-del-carnaval-2025\/#primaryimage","url":"","contentUrl":""},{"@type":"BreadcrumbList","@id":"https:\/\/contrastes.com.co\/web\/2024\/12\/13\/pa-pasarla-bacano-la-cancion-del-carnaval-2025\/#breadcrumb","itemListElement":[{"@type":"ListItem","position":1,"name":"Portada","item":"https:\/\/contrastes.com.co\/web\/"},{"@type":"ListItem","position":2,"name":"\u00abPa pasarla bacano\u00bb La canci\u00f3n del carnaval 2025"}]},{"@type":"WebSite","@id":"https:\/\/contrastes.com.co\/web\/#website","url":"https:\/\/contrastes.com.co\/web\/","name":"Contrastes","description":"Periodismo de Conciencia","publisher":{"@id":"https:\/\/contrastes.com.co\/web\/#organization"},"potentialAction":[{"@type":"SearchAction","target":{"@type":"EntryPoint","urlTemplate":"https:\/\/contrastes.com.co\/web\/?s={search_term_string}"},"query-input":{"@type":"PropertyValueSpecification","valueRequired":true,"valueName":"search_term_string"}}],"inLanguage":"es"},{"@type":"Organization","@id":"https:\/\/contrastes.com.co\/web\/#organization","name":"Contrastes","url":"https:\/\/contrastes.com.co\/web\/","logo":{"@type":"ImageObject","inLanguage":"es","@id":"https:\/\/contrastes.com.co\/web\/#\/schema\/logo\/image\/","url":"https:\/\/contrastes.com.co\/web\/wp-content\/uploads\/2025\/04\/15CONTRASTES3.png","contentUrl":"https:\/\/contrastes.com.co\/web\/wp-content\/uploads\/2025\/04\/15CONTRASTES3.png","width":1536,"height":231,"caption":"Contrastes"},"image":{"@id":"https:\/\/contrastes.com.co\/web\/#\/schema\/logo\/image\/"},"sameAs":["https:\/\/www.facebook.com\/guillo.pantoja.1"]},{"@type":"Person","@id":"https:\/\/contrastes.com.co\/web\/#\/schema\/person\/62ef7a62dc4da6de450c71fc2e95ed02","name":"Editor","image":{"@type":"ImageObject","inLanguage":"es","@id":"https:\/\/secure.gravatar.com\/avatar\/7bbb4f718d74bbf600dc556253bb04fd7ac8593751d6e2e3b85432d98aefae80?s=96&d=mm&r=g","url":"https:\/\/secure.gravatar.com\/avatar\/7bbb4f718d74bbf600dc556253bb04fd7ac8593751d6e2e3b85432d98aefae80?s=96&d=mm&r=g","contentUrl":"https:\/\/secure.gravatar.com\/avatar\/7bbb4f718d74bbf600dc556253bb04fd7ac8593751d6e2e3b85432d98aefae80?s=96&d=mm&r=g","caption":"Editor"},"sameAs":["https:\/\/contrastes.com.co\/web"],"url":"https:\/\/contrastes.com.co\/web\/author\/jdbobadilla\/"}]}},"blog_post_layout_featured_media_urls":{"thumbnail":"","full":""},"categories_names":{"6778":{"name":"Arte","link":"https:\/\/contrastes.com.co\/web\/category\/arte\/"},"1796":{"name":"Carnaval","link":"https:\/\/contrastes.com.co\/web\/category\/carnaval\/"},"8566":{"name":"Colombia Hoy","link":"https:\/\/contrastes.com.co\/web\/category\/colombia-hoy\/"},"1226":{"name":"ContrastesRadio","link":"https:\/\/contrastes.com.co\/web\/category\/contrastesradio\/"},"7411":{"name":"Convivencia y Cultura Ciudadana","link":"https:\/\/contrastes.com.co\/web\/category\/convivencia-y-cultura-ciudadana\/"},"104":{"name":"Cultura","link":"https:\/\/contrastes.com.co\/web\/category\/cultura\/"},"7272":{"name":"Cultura Ciudadana","link":"https:\/\/contrastes.com.co\/web\/category\/cultura-ciudadana\/"},"2169":{"name":"Eventos","link":"https:\/\/contrastes.com.co\/web\/category\/eventos\/"},"8562":{"name":"Lester Padilla","link":"https:\/\/contrastes.com.co\/web\/category\/lester-padilla\/"},"88":{"name":"Mundo","link":"https:\/\/contrastes.com.co\/web\/category\/mundo\/"},"2076":{"name":"M\u00fasica","link":"https:\/\/contrastes.com.co\/web\/category\/musica\/"},"101":{"name":"Pa\u00eds","link":"https:\/\/contrastes.com.co\/web\/category\/pais\/"},"3348":{"name":"Televisi\u00f3n","link":"https:\/\/contrastes.com.co\/web\/category\/television\/"},"4940":{"name":"Televisi\u00f3n-Web","link":"https:\/\/contrastes.com.co\/web\/category\/television-web\/"}},"tags_names":[],"comments_number":"0","wpmagazine_modules_lite_featured_media_urls":{"thumbnail":"","cvmm-medium":"","cvmm-medium-plus":"","cvmm-portrait":"","cvmm-medium-square":"","cvmm-large":"","cvmm-small":"","full":""},"_links":{"self":[{"href":"https:\/\/contrastes.com.co\/web\/wp-json\/wp\/v2\/posts\/15565","targetHints":{"allow":["GET"]}}],"collection":[{"href":"https:\/\/contrastes.com.co\/web\/wp-json\/wp\/v2\/posts"}],"about":[{"href":"https:\/\/contrastes.com.co\/web\/wp-json\/wp\/v2\/types\/post"}],"author":[{"embeddable":true,"href":"https:\/\/contrastes.com.co\/web\/wp-json\/wp\/v2\/users\/1"}],"replies":[{"embeddable":true,"href":"https:\/\/contrastes.com.co\/web\/wp-json\/wp\/v2\/comments?post=15565"}],"version-history":[{"count":0,"href":"https:\/\/contrastes.com.co\/web\/wp-json\/wp\/v2\/posts\/15565\/revisions"}],"wp:attachment":[{"href":"https:\/\/contrastes.com.co\/web\/wp-json\/wp\/v2\/media?parent=15565"}],"wp:term":[{"taxonomy":"category","embeddable":true,"href":"https:\/\/contrastes.com.co\/web\/wp-json\/wp\/v2\/categories?post=15565"},{"taxonomy":"post_tag","embeddable":true,"href":"https:\/\/contrastes.com.co\/web\/wp-json\/wp\/v2\/tags?post=15565"}],"curies":[{"name":"wp","href":"https:\/\/api.w.org\/{rel}","templated":true}]}}